{"id":87382,"date":"2026-01-30T11:03:44","date_gmt":"2026-01-30T10:03:44","guid":{"rendered":"https:\/\/vosgesinfo.fr\/saintdieinfo\/?p=87382"},"modified":"2026-01-30T10:58:34","modified_gmt":"2026-01-30T09:58:34","slug":"tunnel-maurice-lemaire-les-tarifs-evoluent-au-1er-fevrier","status":"publish","type":"post","link":"https:\/\/vosgesinfo.fr\/saintdieinfo\/2026\/01\/tunnel-maurice-lemaire-les-tarifs-evoluent-au-1er-fevrier\/","title":{"rendered":"Tunnel Maurice-Lemaire : les tarifs \u00e9voluent au 1er f\u00e9vrier"},"content":{"rendered":"<div id=\"attachment_36591\" style=\"width: 1034px\" class=\"wp-caption alignnone\"><a href=\"https:\/\/vosgesinfo.fr\/app\/uploads\/sites\/4\/2024\/08\/lusse-tunnel-maurice-lemaire.jpg\"><img decoding=\"async\" aria-describedby=\"caption-attachment-36591\" class=\"size-large wp-image-36591\" src=\"https:\/\/vosgesinfo.fr\/app\/uploads\/sites\/4\/2024\/08\/lusse-tunnel-maurice-lemaire-1024x682.jpg\" alt=\"\" width=\"1024\" height=\"682\" srcset=\"https:\/\/vosgesinfo.fr\/app\/uploads\/sites\/4\/2024\/08\/lusse-tunnel-maurice-lemaire-1024x682.jpg 1024w, https:\/\/vosgesinfo.fr\/app\/uploads\/sites\/4\/2024\/08\/lusse-tunnel-maurice-lemaire-300x200.jpg 300w, https:\/\/vosgesinfo.fr\/app\/uploads\/sites\/4\/2024\/08\/lusse-tunnel-maurice-lemaire-768x512.jpg 768w, https:\/\/vosgesinfo.fr\/app\/uploads\/sites\/4\/2024\/08\/lusse-tunnel-maurice-lemaire-1536x1023.jpg 1536w, https:\/\/vosgesinfo.fr\/app\/uploads\/sites\/4\/2024\/08\/lusse-tunnel-maurice-lemaire.jpg 2048w\" sizes=\"(max-width: 1024px) 100vw, 1024px\" \/><\/a><p id=\"caption-attachment-36591\" class=\"wp-caption-text\">(Photographie tunnel Maurice-Lemaire)<\/p><\/div>\n<h2>Le <strong>tunnel Maurice-Lemaire<\/strong>, qui relie <strong>Lusse<\/strong> dans les Vosges \u00e0 <strong>Sainte-Marie-aux-Mines<\/strong> en Alsace, ajuste ses <strong>tarifs<\/strong> au <strong>1er f\u00e9vrier<\/strong>, avec des \u00e9volutions limit\u00e9es selon les cat\u00e9gories de v\u00e9hicules.<\/h2>\n<p><!--more--><\/p>\n<h3><strong>Voitures et deux-roues : aucun changement<\/strong><\/h3>\n<p>Pour les <strong>voitures<\/strong>, le prix reste identique entre le 1er f\u00e9vrier 2025 et le 1er f\u00e9vrier 2026 : <strong>6,80 euros<\/strong>. M\u00eame stabilit\u00e9 pour les <strong>deux-roues<\/strong>, maintenus \u00e0 <strong>4,10 euros<\/strong>.<\/p>\n<h3><strong>Camping-cars : une baisse de 0,20 euro<\/strong><\/h3>\n<p>Le tarif des <strong>camping-cars<\/strong> recule l\u00e9g\u00e8rement : il passe de <strong>10,90 euros<\/strong> au 1er f\u00e9vrier 2025 \u00e0 <strong>10,70 euros<\/strong> au 1er f\u00e9vrier 2026, soit <strong>0,20 euro<\/strong> de moins.<\/p>\n<h3><strong>Poids lourds, autocars et gros gabarits : hausses limit\u00e9es<\/strong><\/h3>\n<p>Pour les <strong>poids lourds et les autocars<\/strong>, le passage augmente de 0,10 euro, de <strong>18,90 euros<\/strong> au 1er f\u00e9vrier 2025 \u00e0 <strong>19 euros<\/strong> au 1er f\u00e9vrier 2026. Les <strong>v\u00e9hicules \u00e0 trois essieux ou plus<\/strong> sont aussi concern\u00e9s par une hausse, de 0,20 euro, avec un tarif qui passe de <strong>31,70 euros<\/strong> \u00e0 <strong>31,90 euros<\/strong>.<\/p>\n<h3><strong>Un arr\u00eat\u00e9 dat\u00e9 du 28 janvier<\/strong><\/h3>\n<p>Les tarifs 2026 ont \u00e9t\u00e9 valid\u00e9s par <a href=\"https:\/\/www.legifrance.gouv.fr\/jorf\/id\/JORFTEXT000053417671\" target=\"_blank\" rel=\"noopener\">un <strong>arr\u00eat\u00e9<\/strong> en date de ce <strong>mercredi 28 janvier<\/strong>.<\/a><\/p>\n","protected":false},"excerpt":{"rendered":"<p>Le tunnel Maurice-Lemaire, qui relie Lusse dans les Vosges \u00e0 Sainte-Marie-aux-Mines en Alsace, ajuste ses tarifs au 1er f\u00e9vrier, avec [&hellip;]<\/p>\n","protected":false},"author":46,"featured_media":36591,"comment_status":"open","ping_status":"open","sticky":false,"template":"","format":"standard","meta":{"footnotes":""},"categories":[460,3903,18],"tags":[20059,9865,20060,20062,20061,20063,3395,20058,7166,6935,1842,20064,3396,1656,43],"class_list":["post-87382","post","type-post","status-publish","format-standard","has-post-thumbnail","hentry","category-a-la-une","category-deodatie","category-vosges","tag-1er-fevrier","tag-alsace","tag-arrete","tag-autocar","tag-camping-car","tag-deux-roues","tag-lusse","tag-peage","tag-poids-lourd","tag-sainte-marie-aux-mines","tag-tarifs","tag-trois-essieux","tag-tunnel-maurice-lemaire","tag-voiture","tag-vosges"],"acf":[],"yoast_head":"<!-- This site is optimized with the Yoast SEO plugin v22.5 - https:\/\/yoast.com\/wordpress\/plugins\/seo\/ -->\n<title>Tunnel Maurice-Lemaire : les tarifs \u00e9voluent au 1er f\u00e9vrier - Saint Die Info<\/title>\n<meta name=\"robots\" content=\"index, follow, max-snippet:-1, max-image-preview:large, max-video-preview:-1\" \/>\n<link rel=\"canonical\" href=\"https:\/\/vosgesinfo.fr\/saintdieinfo\/2026\/01\/tunnel-maurice-lemaire-les-tarifs-evoluent-au-1er-fevrier\/\" \/>\n<meta name=\"twitter:card\" content=\"summary_large_image\" \/>\n<meta name=\"twitter:title\" content=\"Tunnel Maurice-Lemaire : les tarifs \u00e9voluent au 1er f\u00e9vrier - Saint Die Info\" \/>\n<meta name=\"twitter:description\" content=\"Le tunnel Maurice-Lemaire, qui relie Lusse dans les Vosges \u00e0 Sainte-Marie-aux-Mines en Alsace, ajuste ses tarifs au 1er f\u00e9vrier, avec [&hellip;]\" \/>\n<meta name=\"twitter:image\" content=\"https:\/\/vosgesinfo.fr\/app\/uploads\/sites\/4\/2024\/08\/lusse-tunnel-maurice-lemaire.jpg\" \/>\n<meta name=\"twitter:creator\" content=\"@VosgesInfo88\" \/>\n<meta name=\"twitter:site\" content=\"@VosgesInfo88\" \/>\n<meta name=\"twitter:label1\" content=\"\u00c9crit par\" \/>\n\t<meta name=\"twitter:data1\" content=\"J.J.\" \/>\n\t<meta name=\"twitter:label2\" content=\"Dur\u00e9e de lecture estim\u00e9e\" \/>\n\t<meta name=\"twitter:data2\" content=\"1 minute\" \/>\n<script type=\"application\/ld+json\" class=\"yoast-schema-graph\">{\"@context\":\"https:\/\/schema.org\",\"@graph\":[{\"@type\":\"Article\",\"@id\":\"https:\/\/vosgesinfo.fr\/saintdieinfo\/2026\/01\/tunnel-maurice-lemaire-les-tarifs-evoluent-au-1er-fevrier\/#article\",\"isPartOf\":{\"@id\":\"https:\/\/vosgesinfo.fr\/saintdieinfo\/2026\/01\/tunnel-maurice-lemaire-les-tarifs-evoluent-au-1er-fevrier\/\"},\"author\":{\"name\":\"J.J.\",\"@id\":\"https:\/\/vosgesinfo.fr\/saintdieinfo\/#\/schema\/person\/fa73e9f726d67bb88f46d5b7943cb572\"},\"headline\":\"Tunnel Maurice-Lemaire : les tarifs \u00e9voluent au 1er f\u00e9vrier\",\"datePublished\":\"2026-01-30T10:03:44+00:00\",\"dateModified\":\"2026-01-30T09:58:34+00:00\",\"mainEntityOfPage\":{\"@id\":\"https:\/\/vosgesinfo.fr\/saintdieinfo\/2026\/01\/tunnel-maurice-lemaire-les-tarifs-evoluent-au-1er-fevrier\/\"},\"wordCount\":189,\"commentCount\":1,\"publisher\":{\"@id\":\"https:\/\/vosgesinfo.fr\/saintdieinfo\/#organization\"},\"image\":{\"@id\":\"https:\/\/vosgesinfo.fr\/saintdieinfo\/2026\/01\/tunnel-maurice-lemaire-les-tarifs-evoluent-au-1er-fevrier\/#primaryimage\"},\"thumbnailUrl\":\"https:\/\/vosgesinfo.fr\/app\/uploads\/sites\/4\/2024\/08\/lusse-tunnel-maurice-lemaire.jpg\",\"keywords\":[\"1er f\u00e9vrier\",\"Alsace\",\"arr\u00eat\u00e9\",\"autocar\",\"camping-car\",\"deux-roues\",\"Lusse\",\"p\u00e9age\",\"Poids lourd\",\"Sainte-Marie-aux-Mines\",\"tarifs\",\"trois essieux\",\"Tunnel Maurice-Lemaire\",\"voiture\",\"vosges\"],\"articleSection\":[\"A la Une\",\"D\u00e9odatie\",\"Vosges\"],\"inLanguage\":\"fr-FR\",\"potentialAction\":[{\"@type\":\"CommentAction\",\"name\":\"Comment\",\"target\":[\"https:\/\/vosgesinfo.fr\/saintdieinfo\/2026\/01\/tunnel-maurice-lemaire-les-tarifs-evoluent-au-1er-fevrier\/#respond\"]}]},{\"@type\":\"WebPage\",\"@id\":\"https:\/\/vosgesinfo.fr\/saintdieinfo\/2026\/01\/tunnel-maurice-lemaire-les-tarifs-evoluent-au-1er-fevrier\/\",\"url\":\"https:\/\/vosgesinfo.fr\/saintdieinfo\/2026\/01\/tunnel-maurice-lemaire-les-tarifs-evoluent-au-1er-fevrier\/\",\"name\":\"Tunnel Maurice-Lemaire : les tarifs \u00e9voluent au 1er f\u00e9vrier - Saint Die Info\",\"isPartOf\":{\"@id\":\"https:\/\/vosgesinfo.fr\/saintdieinfo\/#website\"},\"primaryImageOfPage\":{\"@id\":\"https:\/\/vosgesinfo.fr\/saintdieinfo\/2026\/01\/tunnel-maurice-lemaire-les-tarifs-evoluent-au-1er-fevrier\/#primaryimage\"},\"image\":{\"@id\":\"https:\/\/vosgesinfo.fr\/saintdieinfo\/2026\/01\/tunnel-maurice-lemaire-les-tarifs-evoluent-au-1er-fevrier\/#primaryimage\"},\"thumbnailUrl\":\"https:\/\/vosgesinfo.fr\/app\/uploads\/sites\/4\/2024\/08\/lusse-tunnel-maurice-lemaire.jpg\",\"datePublished\":\"2026-01-30T10:03:44+00:00\",\"dateModified\":\"2026-01-30T09:58:34+00:00\",\"breadcrumb\":{\"@id\":\"https:\/\/vosgesinfo.fr\/saintdieinfo\/2026\/01\/tunnel-maurice-lemaire-les-tarifs-evoluent-au-1er-fevrier\/#breadcrumb\"},\"inLanguage\":\"fr-FR\",\"potentialAction\":[{\"@type\":\"ReadAction\",\"target\":[\"https:\/\/vosgesinfo.fr\/saintdieinfo\/2026\/01\/tunnel-maurice-lemaire-les-tarifs-evoluent-au-1er-fevrier\/\"]}]},{\"@type\":\"ImageObject\",\"inLanguage\":\"fr-FR\",\"@id\":\"https:\/\/vosgesinfo.fr\/saintdieinfo\/2026\/01\/tunnel-maurice-lemaire-les-tarifs-evoluent-au-1er-fevrier\/#primaryimage\",\"url\":\"https:\/\/vosgesinfo.fr\/app\/uploads\/sites\/4\/2024\/08\/lusse-tunnel-maurice-lemaire.jpg\",\"contentUrl\":\"https:\/\/vosgesinfo.fr\/app\/uploads\/sites\/4\/2024\/08\/lusse-tunnel-maurice-lemaire.jpg\",\"width\":2048,\"height\":1364,\"caption\":\"(Photographie tunnel Maurice-Lemaire)\"},{\"@type\":\"BreadcrumbList\",\"@id\":\"https:\/\/vosgesinfo.fr\/saintdieinfo\/2026\/01\/tunnel-maurice-lemaire-les-tarifs-evoluent-au-1er-fevrier\/#breadcrumb\",\"itemListElement\":[{\"@type\":\"ListItem\",\"position\":1,\"name\":\"Home\",\"item\":\"https:\/\/vosgesinfo.fr\/saintdieinfo\/\"},{\"@type\":\"ListItem\",\"position\":2,\"name\":\"Tunnel Maurice-Lemaire : les tarifs \u00e9voluent au 1er f\u00e9vrier\"}]},{\"@type\":\"WebSite\",\"@id\":\"https:\/\/vosgesinfo.fr\/saintdieinfo\/#website\",\"url\":\"https:\/\/vosgesinfo.fr\/saintdieinfo\/\",\"name\":\"Saint Die Info\",\"description\":\"Toute l&#039;actualit\u00e9 de Saint-Di\u00e9-Des-Vosges\",\"publisher\":{\"@id\":\"https:\/\/vosgesinfo.fr\/saintdieinfo\/#organization\"},\"alternateName\":\"Toute l'actualit\u00e9 de Saint-Di\u00e9-Des-Vosges\",\"potentialAction\":[{\"@type\":\"SearchAction\",\"target\":{\"@type\":\"EntryPoint\",\"urlTemplate\":\"https:\/\/vosgesinfo.fr\/saintdieinfo\/?s={search_term_string}\"},\"query-input\":\"required name=search_term_string\"}],\"inLanguage\":\"fr-FR\"},{\"@type\":\"Organization\",\"@id\":\"https:\/\/vosgesinfo.fr\/saintdieinfo\/#organization\",\"name\":\"Saint Die Info\",\"url\":\"https:\/\/vosgesinfo.fr\/saintdieinfo\/\",\"logo\":{\"@type\":\"ImageObject\",\"inLanguage\":\"fr-FR\",\"@id\":\"https:\/\/vosgesinfo.fr\/saintdieinfo\/#\/schema\/logo\/image\/\",\"url\":\"https:\/\/vosgesinfo.fr\/app\/uploads\/sites\/4\/2024\/02\/logo-sdi.jpg\",\"contentUrl\":\"https:\/\/vosgesinfo.fr\/app\/uploads\/sites\/4\/2024\/02\/logo-sdi.jpg\",\"width\":600,\"height\":600,\"caption\":\"Saint Die Info\"},\"image\":{\"@id\":\"https:\/\/vosgesinfo.fr\/saintdieinfo\/#\/schema\/logo\/image\/\"},\"sameAs\":[\"https:\/\/www.facebook.com\/Saintdieinfofr\",\"https:\/\/x.com\/VosgesInfo88\",\"https:\/\/www.youtube.com\/@vosgesinfo\"]},{\"@type\":\"Person\",\"@id\":\"https:\/\/vosgesinfo.fr\/saintdieinfo\/#\/schema\/person\/fa73e9f726d67bb88f46d5b7943cb572\",\"name\":\"J.J.\",\"image\":{\"@type\":\"ImageObject\",\"inLanguage\":\"fr-FR\",\"@id\":\"https:\/\/vosgesinfo.fr\/saintdieinfo\/#\/schema\/person\/image\/\",\"url\":\"https:\/\/secure.gravatar.com\/avatar\/219e749e47ffbcca018a360ae4add7d4cdf1cdaaf8bc7676b27efade3fe65615?s=96&d=mm&r=g\",\"contentUrl\":\"https:\/\/secure.gravatar.com\/avatar\/219e749e47ffbcca018a360ae4add7d4cdf1cdaaf8bc7676b27efade3fe65615?s=96&d=mm&r=g\",\"caption\":\"J.J.\"},\"url\":\"https:\/\/vosgesinfo.fr\/saintdieinfo\/author\/j-j\/\"}]}<\/script>\n<!-- \/ Yoast SEO plugin. -->","yoast_head_json":{"title":"Tunnel Maurice-Lemaire : les tarifs \u00e9voluent au 1er f\u00e9vrier - Saint Die Info","robots":{"index":"index","follow":"follow","max-snippet":"max-snippet:-1","max-image-preview":"max-image-preview:large","max-video-preview":"max-video-preview:-1"},"canonical":"https:\/\/vosgesinfo.fr\/saintdieinfo\/2026\/01\/tunnel-maurice-lemaire-les-tarifs-evoluent-au-1er-fevrier\/","twitter_card":"summary_large_image","twitter_title":"Tunnel Maurice-Lemaire : les tarifs \u00e9voluent au 1er f\u00e9vrier - Saint Die Info","twitter_description":"Le tunnel Maurice-Lemaire, qui relie Lusse dans les Vosges \u00e0 Sainte-Marie-aux-Mines en Alsace, ajuste ses tarifs au 1er f\u00e9vrier, avec [&hellip;]","twitter_image":"https:\/\/vosgesinfo.fr\/app\/uploads\/sites\/4\/2024\/08\/lusse-tunnel-maurice-lemaire.jpg","twitter_creator":"@VosgesInfo88","twitter_site":"@VosgesInfo88","twitter_misc":{"\u00c9crit par":"J.J.","Dur\u00e9e de lecture estim\u00e9e":"1 minute"},"schema":{"@context":"https:\/\/schema.org","@graph":[{"@type":"Article","@id":"https:\/\/vosgesinfo.fr\/saintdieinfo\/2026\/01\/tunnel-maurice-lemaire-les-tarifs-evoluent-au-1er-fevrier\/#article","isPartOf":{"@id":"https:\/\/vosgesinfo.fr\/saintdieinfo\/2026\/01\/tunnel-maurice-lemaire-les-tarifs-evoluent-au-1er-fevrier\/"},"author":{"name":"J.J.","@id":"https:\/\/vosgesinfo.fr\/saintdieinfo\/#\/schema\/person\/fa73e9f726d67bb88f46d5b7943cb572"},"headline":"Tunnel Maurice-Lemaire : les tarifs \u00e9voluent au 1er f\u00e9vrier","datePublished":"2026-01-30T10:03:44+00:00","dateModified":"2026-01-30T09:58:34+00:00","mainEntityOfPage":{"@id":"https:\/\/vosgesinfo.fr\/saintdieinfo\/2026\/01\/tunnel-maurice-lemaire-les-tarifs-evoluent-au-1er-fevrier\/"},"wordCount":189,"commentCount":1,"publisher":{"@id":"https:\/\/vosgesinfo.fr\/saintdieinfo\/#organization"},"image":{"@id":"https:\/\/vosgesinfo.fr\/saintdieinfo\/2026\/01\/tunnel-maurice-lemaire-les-tarifs-evoluent-au-1er-fevrier\/#primaryimage"},"thumbnailUrl":"https:\/\/vosgesinfo.fr\/app\/uploads\/sites\/4\/2024\/08\/lusse-tunnel-maurice-lemaire.jpg","keywords":["1er f\u00e9vrier","Alsace","arr\u00eat\u00e9","autocar","camping-car","deux-roues","Lusse","p\u00e9age","Poids lourd","Sainte-Marie-aux-Mines","tarifs","trois essieux","Tunnel Maurice-Lemaire","voiture","vosges"],"articleSection":["A la Une","D\u00e9odatie","Vosges"],"inLanguage":"fr-FR","potentialAction":[{"@type":"CommentAction","name":"Comment","target":["https:\/\/vosgesinfo.fr\/saintdieinfo\/2026\/01\/tunnel-maurice-lemaire-les-tarifs-evoluent-au-1er-fevrier\/#respond"]}]},{"@type":"WebPage","@id":"https:\/\/vosgesinfo.fr\/saintdieinfo\/2026\/01\/tunnel-maurice-lemaire-les-tarifs-evoluent-au-1er-fevrier\/","url":"https:\/\/vosgesinfo.fr\/saintdieinfo\/2026\/01\/tunnel-maurice-lemaire-les-tarifs-evoluent-au-1er-fevrier\/","name":"Tunnel Maurice-Lemaire : les tarifs \u00e9voluent au 1er f\u00e9vrier - Saint Die Info","isPartOf":{"@id":"https:\/\/vosgesinfo.fr\/saintdieinfo\/#website"},"primaryImageOfPage":{"@id":"https:\/\/vosgesinfo.fr\/saintdieinfo\/2026\/01\/tunnel-maurice-lemaire-les-tarifs-evoluent-au-1er-fevrier\/#primaryimage"},"image":{"@id":"https:\/\/vosgesinfo.fr\/saintdieinfo\/2026\/01\/tunnel-maurice-lemaire-les-tarifs-evoluent-au-1er-fevrier\/#primaryimage"},"thumbnailUrl":"https:\/\/vosgesinfo.fr\/app\/uploads\/sites\/4\/2024\/08\/lusse-tunnel-maurice-lemaire.jpg","datePublished":"2026-01-30T10:03:44+00:00","dateModified":"2026-01-30T09:58:34+00:00","breadcrumb":{"@id":"https:\/\/vosgesinfo.fr\/saintdieinfo\/2026\/01\/tunnel-maurice-lemaire-les-tarifs-evoluent-au-1er-fevrier\/#breadcrumb"},"inLanguage":"fr-FR","potentialAction":[{"@type":"ReadAction","target":["https:\/\/vosgesinfo.fr\/saintdieinfo\/2026\/01\/tunnel-maurice-lemaire-les-tarifs-evoluent-au-1er-fevrier\/"]}]},{"@type":"ImageObject","inLanguage":"fr-FR","@id":"https:\/\/vosgesinfo.fr\/saintdieinfo\/2026\/01\/tunnel-maurice-lemaire-les-tarifs-evoluent-au-1er-fevrier\/#primaryimage","url":"https:\/\/vosgesinfo.fr\/app\/uploads\/sites\/4\/2024\/08\/lusse-tunnel-maurice-lemaire.jpg","contentUrl":"https:\/\/vosgesinfo.fr\/app\/uploads\/sites\/4\/2024\/08\/lusse-tunnel-maurice-lemaire.jpg","width":2048,"height":1364,"caption":"(Photographie tunnel Maurice-Lemaire)"},{"@type":"BreadcrumbList","@id":"https:\/\/vosgesinfo.fr\/saintdieinfo\/2026\/01\/tunnel-maurice-lemaire-les-tarifs-evoluent-au-1er-fevrier\/#breadcrumb","itemListElement":[{"@type":"ListItem","position":1,"name":"Home","item":"https:\/\/vosgesinfo.fr\/saintdieinfo\/"},{"@type":"ListItem","position":2,"name":"Tunnel Maurice-Lemaire : les tarifs \u00e9voluent au 1er f\u00e9vrier"}]},{"@type":"WebSite","@id":"https:\/\/vosgesinfo.fr\/saintdieinfo\/#website","url":"https:\/\/vosgesinfo.fr\/saintdieinfo\/","name":"Saint Die Info","description":"Toute l&#039;actualit\u00e9 de Saint-Di\u00e9-Des-Vosges","publisher":{"@id":"https:\/\/vosgesinfo.fr\/saintdieinfo\/#organization"},"alternateName":"Toute l'actualit\u00e9 de Saint-Di\u00e9-Des-Vosges","potentialAction":[{"@type":"SearchAction","target":{"@type":"EntryPoint","urlTemplate":"https:\/\/vosgesinfo.fr\/saintdieinfo\/?s={search_term_string}"},"query-input":"required name=search_term_string"}],"inLanguage":"fr-FR"},{"@type":"Organization","@id":"https:\/\/vosgesinfo.fr\/saintdieinfo\/#organization","name":"Saint Die Info","url":"https:\/\/vosgesinfo.fr\/saintdieinfo\/","logo":{"@type":"ImageObject","inLanguage":"fr-FR","@id":"https:\/\/vosgesinfo.fr\/saintdieinfo\/#\/schema\/logo\/image\/","url":"https:\/\/vosgesinfo.fr\/app\/uploads\/sites\/4\/2024\/02\/logo-sdi.jpg","contentUrl":"https:\/\/vosgesinfo.fr\/app\/uploads\/sites\/4\/2024\/02\/logo-sdi.jpg","width":600,"height":600,"caption":"Saint Die Info"},"image":{"@id":"https:\/\/vosgesinfo.fr\/saintdieinfo\/#\/schema\/logo\/image\/"},"sameAs":["https:\/\/www.facebook.com\/Saintdieinfofr","https:\/\/x.com\/VosgesInfo88","https:\/\/www.youtube.com\/@vosgesinfo"]},{"@type":"Person","@id":"https:\/\/vosgesinfo.fr\/saintdieinfo\/#\/schema\/person\/fa73e9f726d67bb88f46d5b7943cb572","name":"J.J.","image":{"@type":"ImageObject","inLanguage":"fr-FR","@id":"https:\/\/vosgesinfo.fr\/saintdieinfo\/#\/schema\/person\/image\/","url":"https:\/\/secure.gravatar.com\/avatar\/219e749e47ffbcca018a360ae4add7d4cdf1cdaaf8bc7676b27efade3fe65615?s=96&d=mm&r=g","contentUrl":"https:\/\/secure.gravatar.com\/avatar\/219e749e47ffbcca018a360ae4add7d4cdf1cdaaf8bc7676b27efade3fe65615?s=96&d=mm&r=g","caption":"J.J."},"url":"https:\/\/vosgesinfo.fr\/saintdieinfo\/author\/j-j\/"}]}},"_links":{"self":[{"href":"https:\/\/vosgesinfo.fr\/saintdieinfo\/wp-json\/wp\/v2\/posts\/87382","targetHints":{"allow":["GET"]}}],"collection":[{"href":"https:\/\/vosgesinfo.fr\/saintdieinfo\/wp-json\/wp\/v2\/posts"}],"about":[{"href":"https:\/\/vosgesinfo.fr\/saintdieinfo\/wp-json\/wp\/v2\/types\/post"}],"author":[{"embeddable":true,"href":"https:\/\/vosgesinfo.fr\/saintdieinfo\/wp-json\/wp\/v2\/users\/46"}],"replies":[{"embeddable":true,"href":"https:\/\/vosgesinfo.fr\/saintdieinfo\/wp-json\/wp\/v2\/comments?post=87382"}],"version-history":[{"count":1,"href":"https:\/\/vosgesinfo.fr\/saintdieinfo\/wp-json\/wp\/v2\/posts\/87382\/revisions"}],"predecessor-version":[{"id":87383,"href":"https:\/\/vosgesinfo.fr\/saintdieinfo\/wp-json\/wp\/v2\/posts\/87382\/revisions\/87383"}],"wp:featuredmedia":[{"embeddable":true,"href":"https:\/\/vosgesinfo.fr\/saintdieinfo\/wp-json\/wp\/v2\/media\/36591"}],"wp:attachment":[{"href":"https:\/\/vosgesinfo.fr\/saintdieinfo\/wp-json\/wp\/v2\/media?parent=87382"}],"wp:term":[{"taxonomy":"category","embeddable":true,"href":"https:\/\/vosgesinfo.fr\/saintdieinfo\/wp-json\/wp\/v2\/categories?post=87382"},{"taxonomy":"post_tag","embeddable":true,"href":"https:\/\/vosgesinfo.fr\/saintdieinfo\/wp-json\/wp\/v2\/tags?post=87382"}],"curies":[{"name":"wp","href":"https:\/\/api.w.org\/{rel}","templated":true}]}}