{"id":87384,"date":"2026-01-30T13:03:52","date_gmt":"2026-01-30T12:03:52","guid":{"rendered":"https:\/\/vosgesinfo.fr\/saintdieinfo\/?p=87384"},"modified":"2026-01-30T12:58:33","modified_gmt":"2026-01-30T11:58:33","slug":"tennis-de-table-lasrtt-defie-le-kts-tarnobrzeg-quadruple-champion-deurope","status":"publish","type":"post","link":"https:\/\/vosgesinfo.fr\/saintdieinfo\/2026\/01\/tennis-de-table-lasrtt-defie-le-kts-tarnobrzeg-quadruple-champion-deurope\/","title":{"rendered":"Tennis de table : l\u2019ASRTT d\u00e9fie le KTS Tarnobrzeg, quadruple champion d\u2019Europe"},"content":{"rendered":"<h2><strong>Vendredi 13 f\u00e9vrier<\/strong>, \u00e0 19h30, la <strong>salle Michel-Heissat<\/strong> d&rsquo;<strong>\u00c9tival-Clairefontaine<\/strong> accueillera le <strong>quart de finale aller<\/strong> de Ligue des champions f\u00e9minine de tennis de table entre l&rsquo;<strong>ASRTT<\/strong> et le <strong>KTS Tarnobrzeg<\/strong>. La rencontre s\u2019inscrit dans la <strong>Women\u2019s Champions League de l\u2019ETTU<\/strong> \u2013 European Table Tennis Union.<\/h2>\n<p><!--more--><\/p>\n<h3><strong>Un s\u00e9rieux client pour les Stivaliennes<\/strong><\/h3>\n<p>Le club polonais est un s\u00e9rieux client pour les <strong>Stivaliennes<\/strong>, puisque le KTS Tarnobrzeg a remport\u00e9 le <strong>titre 4 fois<\/strong> (<strong>2019, 2022, 2023, 2024<\/strong>) et a \u00e9t\u00e9 <strong>finaliste 2 fois<\/strong> (<strong>2016, 2017<\/strong>).<\/p>\n<h3><strong>R\u00e9servations via HelloAsso<\/strong><\/h3>\n<p>L\u2019entr\u00e9e est fix\u00e9e \u00e0 <strong>5 euros<\/strong>. Les places sont \u00e0 r\u00e9server sur <a href=\"https:\/\/www.helloasso.com\/associations\/association-stivalienne-et-raonnaise-de-tennis-de-table\/evenements\/ligue-des-champions-quart-de-finale-asrtt-etival-tarnobrzeg-pol\" target=\"_blank\" rel=\"noopener\"><strong>HelloAsso<\/strong>.<\/a><\/p>\n<p><a href=\"https:\/\/vosgesinfo.fr\/app\/uploads\/sites\/4\/2026\/01\/etival-clairefontaine-quart-finale-ldc-asrtt.jpg\"><img decoding=\"async\" class=\"alignnone size-large wp-image-87385\" src=\"https:\/\/vosgesinfo.fr\/app\/uploads\/sites\/4\/2026\/01\/etival-clairefontaine-quart-finale-ldc-asrtt-728x1024.jpg\" alt=\"\" width=\"728\" height=\"1024\" srcset=\"https:\/\/vosgesinfo.fr\/app\/uploads\/sites\/4\/2026\/01\/etival-clairefontaine-quart-finale-ldc-asrtt-728x1024.jpg 728w, https:\/\/vosgesinfo.fr\/app\/uploads\/sites\/4\/2026\/01\/etival-clairefontaine-quart-finale-ldc-asrtt-213x300.jpg 213w, https:\/\/vosgesinfo.fr\/app\/uploads\/sites\/4\/2026\/01\/etival-clairefontaine-quart-finale-ldc-asrtt.jpg 768w\" sizes=\"(max-width: 728px) 100vw, 728px\" \/><\/a><\/p>\n","protected":false},"excerpt":{"rendered":"<p>Vendredi 13 f\u00e9vrier, \u00e0 19h30, la salle Michel-Heissat d&rsquo;\u00c9tival-Clairefontaine accueillera le quart de finale aller de Ligue des champions f\u00e9minine [&hellip;]<\/p>\n","protected":false},"author":46,"featured_media":87385,"comment_status":"open","ping_status":"open","sticky":false,"template":"","format":"standard","meta":{"footnotes":""},"categories":[460,3903,14],"tags":[3385,3250,20067,6084,20065,18557,20068,3387,3930,43,20066],"class_list":["post-87384","post","type-post","status-publish","format-standard","has-post-thumbnail","hentry","category-a-la-une","category-deodatie","category-sport","tag-asrtt","tag-etival-clairefontaine","tag-ettu","tag-helloasso","tag-kts-tarnobrzeg","tag-ligue-des-champions","tag-quart-de-finale-aller","tag-salle-michel-heissat","tag-tennis-de-table-feminin","tag-vosges","tag-womens-champions-league"],"acf":[],"yoast_head":"<!-- This site is optimized with the Yoast SEO plugin v22.5 - https:\/\/yoast.com\/wordpress\/plugins\/seo\/ -->\n<title>Tennis de table : l\u2019ASRTT d\u00e9fie le KTS Tarnobrzeg, quadruple champion d\u2019Europe - Saint Die Info<\/title>\n<meta name=\"robots\" content=\"index, follow, max-snippet:-1, max-image-preview:large, max-video-preview:-1\" \/>\n<link rel=\"canonical\" href=\"https:\/\/vosgesinfo.fr\/saintdieinfo\/2026\/01\/tennis-de-table-lasrtt-defie-le-kts-tarnobrzeg-quadruple-champion-deurope\/\" \/>\n<meta name=\"twitter:card\" content=\"summary_large_image\" \/>\n<meta name=\"twitter:title\" content=\"Tennis de table : l\u2019ASRTT d\u00e9fie le KTS Tarnobrzeg, quadruple champion d\u2019Europe - Saint Die Info\" \/>\n<meta name=\"twitter:description\" content=\"Vendredi 13 f\u00e9vrier, \u00e0 19h30, la salle Michel-Heissat d&rsquo;\u00c9tival-Clairefontaine accueillera le quart de finale aller de Ligue des champions f\u00e9minine [&hellip;]\" \/>\n<meta name=\"twitter:image\" content=\"https:\/\/vosgesinfo.fr\/app\/uploads\/sites\/4\/2026\/01\/etival-clairefontaine-quart-finale-ldc-asrtt.jpg\" \/>\n<meta name=\"twitter:creator\" content=\"@VosgesInfo88\" \/>\n<meta name=\"twitter:site\" content=\"@VosgesInfo88\" \/>\n<meta name=\"twitter:label1\" content=\"\u00c9crit par\" \/>\n\t<meta name=\"twitter:data1\" content=\"J.J.\" \/>\n<script type=\"application\/ld+json\" class=\"yoast-schema-graph\">{\"@context\":\"https:\/\/schema.org\",\"@graph\":[{\"@type\":\"Article\",\"@id\":\"https:\/\/vosgesinfo.fr\/saintdieinfo\/2026\/01\/tennis-de-table-lasrtt-defie-le-kts-tarnobrzeg-quadruple-champion-deurope\/#article\",\"isPartOf\":{\"@id\":\"https:\/\/vosgesinfo.fr\/saintdieinfo\/2026\/01\/tennis-de-table-lasrtt-defie-le-kts-tarnobrzeg-quadruple-champion-deurope\/\"},\"author\":{\"name\":\"J.J.\",\"@id\":\"https:\/\/vosgesinfo.fr\/saintdieinfo\/#\/schema\/person\/fa73e9f726d67bb88f46d5b7943cb572\"},\"headline\":\"Tennis de table : l\u2019ASRTT d\u00e9fie le KTS Tarnobrzeg, quadruple champion d\u2019Europe\",\"datePublished\":\"2026-01-30T12:03:52+00:00\",\"dateModified\":\"2026-01-30T11:58:33+00:00\",\"mainEntityOfPage\":{\"@id\":\"https:\/\/vosgesinfo.fr\/saintdieinfo\/2026\/01\/tennis-de-table-lasrtt-defie-le-kts-tarnobrzeg-quadruple-champion-deurope\/\"},\"wordCount\":113,\"commentCount\":0,\"publisher\":{\"@id\":\"https:\/\/vosgesinfo.fr\/saintdieinfo\/#organization\"},\"image\":{\"@id\":\"https:\/\/vosgesinfo.fr\/saintdieinfo\/2026\/01\/tennis-de-table-lasrtt-defie-le-kts-tarnobrzeg-quadruple-champion-deurope\/#primaryimage\"},\"thumbnailUrl\":\"https:\/\/vosgesinfo.fr\/app\/uploads\/sites\/4\/2026\/01\/etival-clairefontaine-quart-finale-ldc-asrtt.jpg\",\"keywords\":[\"ASRTT\",\"etival-clairefontaine\",\"ETTU\",\"Helloasso\",\"KTS Tarnobrzeg\",\"Ligue des Champions\",\"quart de finale aller\",\"Salle Michel-Heissat\",\"Tennis de table f\u00e9minin\",\"vosges\",\"Women\u2019s Champions League\"],\"articleSection\":[\"A la Une\",\"D\u00e9odatie\",\"Sport\"],\"inLanguage\":\"fr-FR\",\"potentialAction\":[{\"@type\":\"CommentAction\",\"name\":\"Comment\",\"target\":[\"https:\/\/vosgesinfo.fr\/saintdieinfo\/2026\/01\/tennis-de-table-lasrtt-defie-le-kts-tarnobrzeg-quadruple-champion-deurope\/#respond\"]}]},{\"@type\":\"WebPage\",\"@id\":\"https:\/\/vosgesinfo.fr\/saintdieinfo\/2026\/01\/tennis-de-table-lasrtt-defie-le-kts-tarnobrzeg-quadruple-champion-deurope\/\",\"url\":\"https:\/\/vosgesinfo.fr\/saintdieinfo\/2026\/01\/tennis-de-table-lasrtt-defie-le-kts-tarnobrzeg-quadruple-champion-deurope\/\",\"name\":\"Tennis de table : l\u2019ASRTT d\u00e9fie le KTS Tarnobrzeg, quadruple champion d\u2019Europe - Saint Die Info\",\"isPartOf\":{\"@id\":\"https:\/\/vosgesinfo.fr\/saintdieinfo\/#website\"},\"primaryImageOfPage\":{\"@id\":\"https:\/\/vosgesinfo.fr\/saintdieinfo\/2026\/01\/tennis-de-table-lasrtt-defie-le-kts-tarnobrzeg-quadruple-champion-deurope\/#primaryimage\"},\"image\":{\"@id\":\"https:\/\/vosgesinfo.fr\/saintdieinfo\/2026\/01\/tennis-de-table-lasrtt-defie-le-kts-tarnobrzeg-quadruple-champion-deurope\/#primaryimage\"},\"thumbnailUrl\":\"https:\/\/vosgesinfo.fr\/app\/uploads\/sites\/4\/2026\/01\/etival-clairefontaine-quart-finale-ldc-asrtt.jpg\",\"datePublished\":\"2026-01-30T12:03:52+00:00\",\"dateModified\":\"2026-01-30T11:58:33+00:00\",\"breadcrumb\":{\"@id\":\"https:\/\/vosgesinfo.fr\/saintdieinfo\/2026\/01\/tennis-de-table-lasrtt-defie-le-kts-tarnobrzeg-quadruple-champion-deurope\/#breadcrumb\"},\"inLanguage\":\"fr-FR\",\"potentialAction\":[{\"@type\":\"ReadAction\",\"target\":[\"https:\/\/vosgesinfo.fr\/saintdieinfo\/2026\/01\/tennis-de-table-lasrtt-defie-le-kts-tarnobrzeg-quadruple-champion-deurope\/\"]}]},{\"@type\":\"ImageObject\",\"inLanguage\":\"fr-FR\",\"@id\":\"https:\/\/vosgesinfo.fr\/saintdieinfo\/2026\/01\/tennis-de-table-lasrtt-defie-le-kts-tarnobrzeg-quadruple-champion-deurope\/#primaryimage\",\"url\":\"https:\/\/vosgesinfo.fr\/app\/uploads\/sites\/4\/2026\/01\/etival-clairefontaine-quart-finale-ldc-asrtt.jpg\",\"contentUrl\":\"https:\/\/vosgesinfo.fr\/app\/uploads\/sites\/4\/2026\/01\/etival-clairefontaine-quart-finale-ldc-asrtt.jpg\",\"width\":768,\"height\":1080},{\"@type\":\"BreadcrumbList\",\"@id\":\"https:\/\/vosgesinfo.fr\/saintdieinfo\/2026\/01\/tennis-de-table-lasrtt-defie-le-kts-tarnobrzeg-quadruple-champion-deurope\/#breadcrumb\",\"itemListElement\":[{\"@type\":\"ListItem\",\"position\":1,\"name\":\"Home\",\"item\":\"https:\/\/vosgesinfo.fr\/saintdieinfo\/\"},{\"@type\":\"ListItem\",\"position\":2,\"name\":\"Tennis de table : l\u2019ASRTT d\u00e9fie le KTS Tarnobrzeg, quadruple champion d\u2019Europe\"}]},{\"@type\":\"WebSite\",\"@id\":\"https:\/\/vosgesinfo.fr\/saintdieinfo\/#website\",\"url\":\"https:\/\/vosgesinfo.fr\/saintdieinfo\/\",\"name\":\"Saint Die Info\",\"description\":\"Toute l&#039;actualit\u00e9 de Saint-Di\u00e9-Des-Vosges\",\"publisher\":{\"@id\":\"https:\/\/vosgesinfo.fr\/saintdieinfo\/#organization\"},\"alternateName\":\"Toute l'actualit\u00e9 de Saint-Di\u00e9-Des-Vosges\",\"potentialAction\":[{\"@type\":\"SearchAction\",\"target\":{\"@type\":\"EntryPoint\",\"urlTemplate\":\"https:\/\/vosgesinfo.fr\/saintdieinfo\/?s={search_term_string}\"},\"query-input\":\"required name=search_term_string\"}],\"inLanguage\":\"fr-FR\"},{\"@type\":\"Organization\",\"@id\":\"https:\/\/vosgesinfo.fr\/saintdieinfo\/#organization\",\"name\":\"Saint Die Info\",\"url\":\"https:\/\/vosgesinfo.fr\/saintdieinfo\/\",\"logo\":{\"@type\":\"ImageObject\",\"inLanguage\":\"fr-FR\",\"@id\":\"https:\/\/vosgesinfo.fr\/saintdieinfo\/#\/schema\/logo\/image\/\",\"url\":\"https:\/\/vosgesinfo.fr\/app\/uploads\/sites\/4\/2024\/02\/logo-sdi.jpg\",\"contentUrl\":\"https:\/\/vosgesinfo.fr\/app\/uploads\/sites\/4\/2024\/02\/logo-sdi.jpg\",\"width\":600,\"height\":600,\"caption\":\"Saint Die Info\"},\"image\":{\"@id\":\"https:\/\/vosgesinfo.fr\/saintdieinfo\/#\/schema\/logo\/image\/\"},\"sameAs\":[\"https:\/\/www.facebook.com\/Saintdieinfofr\",\"https:\/\/x.com\/VosgesInfo88\",\"https:\/\/www.youtube.com\/@vosgesinfo\"]},{\"@type\":\"Person\",\"@id\":\"https:\/\/vosgesinfo.fr\/saintdieinfo\/#\/schema\/person\/fa73e9f726d67bb88f46d5b7943cb572\",\"name\":\"J.J.\",\"image\":{\"@type\":\"ImageObject\",\"inLanguage\":\"fr-FR\",\"@id\":\"https:\/\/vosgesinfo.fr\/saintdieinfo\/#\/schema\/person\/image\/\",\"url\":\"https:\/\/secure.gravatar.com\/avatar\/219e749e47ffbcca018a360ae4add7d4cdf1cdaaf8bc7676b27efade3fe65615?s=96&d=mm&r=g\",\"contentUrl\":\"https:\/\/secure.gravatar.com\/avatar\/219e749e47ffbcca018a360ae4add7d4cdf1cdaaf8bc7676b27efade3fe65615?s=96&d=mm&r=g\",\"caption\":\"J.J.\"},\"url\":\"https:\/\/vosgesinfo.fr\/saintdieinfo\/author\/j-j\/\"}]}<\/script>\n<!-- \/ Yoast SEO plugin. -->","yoast_head_json":{"title":"Tennis de table : l\u2019ASRTT d\u00e9fie le KTS Tarnobrzeg, quadruple champion d\u2019Europe - Saint Die Info","robots":{"index":"index","follow":"follow","max-snippet":"max-snippet:-1","max-image-preview":"max-image-preview:large","max-video-preview":"max-video-preview:-1"},"canonical":"https:\/\/vosgesinfo.fr\/saintdieinfo\/2026\/01\/tennis-de-table-lasrtt-defie-le-kts-tarnobrzeg-quadruple-champion-deurope\/","twitter_card":"summary_large_image","twitter_title":"Tennis de table : l\u2019ASRTT d\u00e9fie le KTS Tarnobrzeg, quadruple champion d\u2019Europe - Saint Die Info","twitter_description":"Vendredi 13 f\u00e9vrier, \u00e0 19h30, la salle Michel-Heissat d&rsquo;\u00c9tival-Clairefontaine accueillera le quart de finale aller de Ligue des champions f\u00e9minine [&hellip;]","twitter_image":"https:\/\/vosgesinfo.fr\/app\/uploads\/sites\/4\/2026\/01\/etival-clairefontaine-quart-finale-ldc-asrtt.jpg","twitter_creator":"@VosgesInfo88","twitter_site":"@VosgesInfo88","twitter_misc":{"\u00c9crit par":"J.J."},"schema":{"@context":"https:\/\/schema.org","@graph":[{"@type":"Article","@id":"https:\/\/vosgesinfo.fr\/saintdieinfo\/2026\/01\/tennis-de-table-lasrtt-defie-le-kts-tarnobrzeg-quadruple-champion-deurope\/#article","isPartOf":{"@id":"https:\/\/vosgesinfo.fr\/saintdieinfo\/2026\/01\/tennis-de-table-lasrtt-defie-le-kts-tarnobrzeg-quadruple-champion-deurope\/"},"author":{"name":"J.J.","@id":"https:\/\/vosgesinfo.fr\/saintdieinfo\/#\/schema\/person\/fa73e9f726d67bb88f46d5b7943cb572"},"headline":"Tennis de table : l\u2019ASRTT d\u00e9fie le KTS Tarnobrzeg, quadruple champion d\u2019Europe","datePublished":"2026-01-30T12:03:52+00:00","dateModified":"2026-01-30T11:58:33+00:00","mainEntityOfPage":{"@id":"https:\/\/vosgesinfo.fr\/saintdieinfo\/2026\/01\/tennis-de-table-lasrtt-defie-le-kts-tarnobrzeg-quadruple-champion-deurope\/"},"wordCount":113,"commentCount":0,"publisher":{"@id":"https:\/\/vosgesinfo.fr\/saintdieinfo\/#organization"},"image":{"@id":"https:\/\/vosgesinfo.fr\/saintdieinfo\/2026\/01\/tennis-de-table-lasrtt-defie-le-kts-tarnobrzeg-quadruple-champion-deurope\/#primaryimage"},"thumbnailUrl":"https:\/\/vosgesinfo.fr\/app\/uploads\/sites\/4\/2026\/01\/etival-clairefontaine-quart-finale-ldc-asrtt.jpg","keywords":["ASRTT","etival-clairefontaine","ETTU","Helloasso","KTS Tarnobrzeg","Ligue des Champions","quart de finale aller","Salle Michel-Heissat","Tennis de table f\u00e9minin","vosges","Women\u2019s Champions League"],"articleSection":["A la Une","D\u00e9odatie","Sport"],"inLanguage":"fr-FR","potentialAction":[{"@type":"CommentAction","name":"Comment","target":["https:\/\/vosgesinfo.fr\/saintdieinfo\/2026\/01\/tennis-de-table-lasrtt-defie-le-kts-tarnobrzeg-quadruple-champion-deurope\/#respond"]}]},{"@type":"WebPage","@id":"https:\/\/vosgesinfo.fr\/saintdieinfo\/2026\/01\/tennis-de-table-lasrtt-defie-le-kts-tarnobrzeg-quadruple-champion-deurope\/","url":"https:\/\/vosgesinfo.fr\/saintdieinfo\/2026\/01\/tennis-de-table-lasrtt-defie-le-kts-tarnobrzeg-quadruple-champion-deurope\/","name":"Tennis de table : l\u2019ASRTT d\u00e9fie le KTS Tarnobrzeg, quadruple champion d\u2019Europe - Saint Die Info","isPartOf":{"@id":"https:\/\/vosgesinfo.fr\/saintdieinfo\/#website"},"primaryImageOfPage":{"@id":"https:\/\/vosgesinfo.fr\/saintdieinfo\/2026\/01\/tennis-de-table-lasrtt-defie-le-kts-tarnobrzeg-quadruple-champion-deurope\/#primaryimage"},"image":{"@id":"https:\/\/vosgesinfo.fr\/saintdieinfo\/2026\/01\/tennis-de-table-lasrtt-defie-le-kts-tarnobrzeg-quadruple-champion-deurope\/#primaryimage"},"thumbnailUrl":"https:\/\/vosgesinfo.fr\/app\/uploads\/sites\/4\/2026\/01\/etival-clairefontaine-quart-finale-ldc-asrtt.jpg","datePublished":"2026-01-30T12:03:52+00:00","dateModified":"2026-01-30T11:58:33+00:00","breadcrumb":{"@id":"https:\/\/vosgesinfo.fr\/saintdieinfo\/2026\/01\/tennis-de-table-lasrtt-defie-le-kts-tarnobrzeg-quadruple-champion-deurope\/#breadcrumb"},"inLanguage":"fr-FR","potentialAction":[{"@type":"ReadAction","target":["https:\/\/vosgesinfo.fr\/saintdieinfo\/2026\/01\/tennis-de-table-lasrtt-defie-le-kts-tarnobrzeg-quadruple-champion-deurope\/"]}]},{"@type":"ImageObject","inLanguage":"fr-FR","@id":"https:\/\/vosgesinfo.fr\/saintdieinfo\/2026\/01\/tennis-de-table-lasrtt-defie-le-kts-tarnobrzeg-quadruple-champion-deurope\/#primaryimage","url":"https:\/\/vosgesinfo.fr\/app\/uploads\/sites\/4\/2026\/01\/etival-clairefontaine-quart-finale-ldc-asrtt.jpg","contentUrl":"https:\/\/vosgesinfo.fr\/app\/uploads\/sites\/4\/2026\/01\/etival-clairefontaine-quart-finale-ldc-asrtt.jpg","width":768,"height":1080},{"@type":"BreadcrumbList","@id":"https:\/\/vosgesinfo.fr\/saintdieinfo\/2026\/01\/tennis-de-table-lasrtt-defie-le-kts-tarnobrzeg-quadruple-champion-deurope\/#breadcrumb","itemListElement":[{"@type":"ListItem","position":1,"name":"Home","item":"https:\/\/vosgesinfo.fr\/saintdieinfo\/"},{"@type":"ListItem","position":2,"name":"Tennis de table : l\u2019ASRTT d\u00e9fie le KTS Tarnobrzeg, quadruple champion d\u2019Europe"}]},{"@type":"WebSite","@id":"https:\/\/vosgesinfo.fr\/saintdieinfo\/#website","url":"https:\/\/vosgesinfo.fr\/saintdieinfo\/","name":"Saint Die Info","description":"Toute l&#039;actualit\u00e9 de Saint-Di\u00e9-Des-Vosges","publisher":{"@id":"https:\/\/vosgesinfo.fr\/saintdieinfo\/#organization"},"alternateName":"Toute l'actualit\u00e9 de Saint-Di\u00e9-Des-Vosges","potentialAction":[{"@type":"SearchAction","target":{"@type":"EntryPoint","urlTemplate":"https:\/\/vosgesinfo.fr\/saintdieinfo\/?s={search_term_string}"},"query-input":"required name=search_term_string"}],"inLanguage":"fr-FR"},{"@type":"Organization","@id":"https:\/\/vosgesinfo.fr\/saintdieinfo\/#organization","name":"Saint Die Info","url":"https:\/\/vosgesinfo.fr\/saintdieinfo\/","logo":{"@type":"ImageObject","inLanguage":"fr-FR","@id":"https:\/\/vosgesinfo.fr\/saintdieinfo\/#\/schema\/logo\/image\/","url":"https:\/\/vosgesinfo.fr\/app\/uploads\/sites\/4\/2024\/02\/logo-sdi.jpg","contentUrl":"https:\/\/vosgesinfo.fr\/app\/uploads\/sites\/4\/2024\/02\/logo-sdi.jpg","width":600,"height":600,"caption":"Saint Die Info"},"image":{"@id":"https:\/\/vosgesinfo.fr\/saintdieinfo\/#\/schema\/logo\/image\/"},"sameAs":["https:\/\/www.facebook.com\/Saintdieinfofr","https:\/\/x.com\/VosgesInfo88","https:\/\/www.youtube.com\/@vosgesinfo"]},{"@type":"Person","@id":"https:\/\/vosgesinfo.fr\/saintdieinfo\/#\/schema\/person\/fa73e9f726d67bb88f46d5b7943cb572","name":"J.J.","image":{"@type":"ImageObject","inLanguage":"fr-FR","@id":"https:\/\/vosgesinfo.fr\/saintdieinfo\/#\/schema\/person\/image\/","url":"https:\/\/secure.gravatar.com\/avatar\/219e749e47ffbcca018a360ae4add7d4cdf1cdaaf8bc7676b27efade3fe65615?s=96&d=mm&r=g","contentUrl":"https:\/\/secure.gravatar.com\/avatar\/219e749e47ffbcca018a360ae4add7d4cdf1cdaaf8bc7676b27efade3fe65615?s=96&d=mm&r=g","caption":"J.J."},"url":"https:\/\/vosgesinfo.fr\/saintdieinfo\/author\/j-j\/"}]}},"_links":{"self":[{"href":"https:\/\/vosgesinfo.fr\/saintdieinfo\/wp-json\/wp\/v2\/posts\/87384","targetHints":{"allow":["GET"]}}],"collection":[{"href":"https:\/\/vosgesinfo.fr\/saintdieinfo\/wp-json\/wp\/v2\/posts"}],"about":[{"href":"https:\/\/vosgesinfo.fr\/saintdieinfo\/wp-json\/wp\/v2\/types\/post"}],"author":[{"embeddable":true,"href":"https:\/\/vosgesinfo.fr\/saintdieinfo\/wp-json\/wp\/v2\/users\/46"}],"replies":[{"embeddable":true,"href":"https:\/\/vosgesinfo.fr\/saintdieinfo\/wp-json\/wp\/v2\/comments?post=87384"}],"version-history":[{"count":1,"href":"https:\/\/vosgesinfo.fr\/saintdieinfo\/wp-json\/wp\/v2\/posts\/87384\/revisions"}],"predecessor-version":[{"id":87386,"href":"https:\/\/vosgesinfo.fr\/saintdieinfo\/wp-json\/wp\/v2\/posts\/87384\/revisions\/87386"}],"wp:featuredmedia":[{"embeddable":true,"href":"https:\/\/vosgesinfo.fr\/saintdieinfo\/wp-json\/wp\/v2\/media\/87385"}],"wp:attachment":[{"href":"https:\/\/vosgesinfo.fr\/saintdieinfo\/wp-json\/wp\/v2\/media?parent=87384"}],"wp:term":[{"taxonomy":"category","embeddable":true,"href":"https:\/\/vosgesinfo.fr\/saintdieinfo\/wp-json\/wp\/v2\/categories?post=87384"},{"taxonomy":"post_tag","embeddable":true,"href":"https:\/\/vosgesinfo.fr\/saintdieinfo\/wp-json\/wp\/v2\/tags?post=87384"}],"curies":[{"name":"wp","href":"https:\/\/api.w.org\/{rel}","templated":true}]}}