{"id":87387,"date":"2026-01-30T13:13:45","date_gmt":"2026-01-30T12:13:45","guid":{"rendered":"https:\/\/vosgesinfo.fr\/saintdieinfo\/?p=87387"},"modified":"2026-01-30T13:07:46","modified_gmt":"2026-01-30T12:07:46","slug":"vols-de-cuivre-dans-les-vosges-un-trentenaire-place-en-detention-provisoire","status":"publish","type":"post","link":"https:\/\/vosgesinfo.fr\/saintdieinfo\/2026\/01\/vols-de-cuivre-dans-les-vosges-un-trentenaire-place-en-detention-provisoire\/","title":{"rendered":"Vols de cuivre dans les Vosges : un trentenaire plac\u00e9 en d\u00e9tention provisoire"},"content":{"rendered":"<div id=\"attachment_85147\" style=\"width: 1034px\" class=\"wp-caption alignnone\"><a href=\"https:\/\/vosgesinfo.fr\/app\/uploads\/sites\/4\/2025\/11\/cuivre.jpg\"><img decoding=\"async\" aria-describedby=\"caption-attachment-85147\" class=\"size-large wp-image-85147\" src=\"https:\/\/vosgesinfo.fr\/app\/uploads\/sites\/4\/2025\/11\/cuivre-1024x683.jpg\" alt=\"\" width=\"1024\" height=\"683\" srcset=\"https:\/\/vosgesinfo.fr\/app\/uploads\/sites\/4\/2025\/11\/cuivre-1024x683.jpg 1024w, https:\/\/vosgesinfo.fr\/app\/uploads\/sites\/4\/2025\/11\/cuivre-300x200.jpg 300w, https:\/\/vosgesinfo.fr\/app\/uploads\/sites\/4\/2025\/11\/cuivre-768x512.jpg 768w, https:\/\/vosgesinfo.fr\/app\/uploads\/sites\/4\/2025\/11\/cuivre.jpg 1536w\" sizes=\"(max-width: 1024px) 100vw, 1024px\" \/><\/a><p id=\"caption-attachment-85147\" class=\"wp-caption-text\">(Illustration. Image IA)<\/p><\/div>\n<h2>Apr\u00e8s avoir \u00e9t\u00e9 d\u00e9f\u00e9r\u00e9 en comparution imm\u00e9diate ce <strong>jeudi 29 janvier<\/strong>, un trentenaire a \u00e9t\u00e9 plac\u00e9 en <strong>d\u00e9tention provisoire<\/strong>. Il doit \u00eatre jug\u00e9 en <strong>mars prochain<\/strong> dans une affaire de <strong>vols et tentatives de vols de cuivre<\/strong> dans les <strong>Vosges<\/strong>, \u00e9galement de <strong>vol de v\u00e9hicule<\/strong>.<\/h2>\n<p><!--more--><\/p>\n<h3><strong>Des vols de cuivre \u00e0 \u00c9loyes et Dinoz\u00e9<\/strong><\/h3>\n<p>Selon les \u00e9l\u00e9ments de la proc\u00e9dure, l&rsquo;individu est mis en cause pour plusieurs vols et tentatives de vols de cuivre, pour un total de <strong>plus d\u20191,2 tonne<\/strong> de m\u00e9tal, avec respectivement <strong>280 kg \u00e0 \u00c9loyes et 940 kg \u00e0 Dinoz\u00e9<\/strong>.<\/p>\n<h3><strong>Une tentative de vol de c\u00e2bles avec violences \u00e0 Saint-Am\u00e9<\/strong><\/h3>\n<p>Le dossier retient aussi une tentative de vol de <strong>500 kg de c\u00e2bles<\/strong>, commise avec <strong>violences<\/strong>, \u00e0 <strong>Saint-Am\u00e9<\/strong>.<\/p>\n<h3><strong>Rep\u00e9rage par vid\u00e9oprotection et interpellation par le PSIG de Remiremont<\/strong><\/h3>\n<p>L\u2019homme a notamment \u00e9t\u00e9 rep\u00e9r\u00e9 gr\u00e2ce \u00e0 la <strong>vid\u00e9oprotection<\/strong>. Les gendarmes du <strong>PSIG de Remiremont<\/strong> l\u2019ont interpell\u00e9 au volant d\u2019une <strong>camionnette vol\u00e9e<\/strong> ce <strong>mardi 27 janvier<\/strong> \u00e0 <strong>\u00c9loyes<\/strong>, \u00e0 l\u2019issue d\u2019une <strong>tentative de fuite<\/strong>.<\/p>\n","protected":false},"excerpt":{"rendered":"<p>Apr\u00e8s avoir \u00e9t\u00e9 d\u00e9f\u00e9r\u00e9 en comparution imm\u00e9diate ce jeudi 29 janvier, un trentenaire a \u00e9t\u00e9 plac\u00e9 en d\u00e9tention provisoire. Il [&hellip;]<\/p>\n","protected":false},"author":46,"featured_media":85147,"comment_status":"open","ping_status":"open","sticky":false,"template":"","format":"standard","meta":{"footnotes":""},"categories":[460,25,18],"tags":[19031,20071,1496,4808,1393,20070,150,9330,19202,3614,20069],"class_list":["post-87387","post","type-post","status-publish","format-standard","has-post-thumbnail","hentry","category-a-la-une","category-justice","category-vosges","tag-comparution-immediate","tag-detention-provisoire","tag-dinoze","tag-eloyes","tag-gendarmerie-des-vosges","tag-psig","tag-remiremont","tag-saint-ame","tag-videoprotection","tag-vol-de-vehicule","tag-vols-de-cuivre"],"acf":[],"yoast_head":"<!-- This site is optimized with the Yoast SEO plugin v22.5 - https:\/\/yoast.com\/wordpress\/plugins\/seo\/ -->\n<title>Vols de cuivre dans les Vosges : un trentenaire plac\u00e9 en d\u00e9tention provisoire - Saint Die Info<\/title>\n<meta name=\"robots\" content=\"index, follow, max-snippet:-1, max-image-preview:large, max-video-preview:-1\" \/>\n<link rel=\"canonical\" href=\"https:\/\/vosgesinfo.fr\/saintdieinfo\/2026\/01\/vols-de-cuivre-dans-les-vosges-un-trentenaire-place-en-detention-provisoire\/\" \/>\n<meta name=\"twitter:card\" content=\"summary_large_image\" \/>\n<meta name=\"twitter:title\" content=\"Vols de cuivre dans les Vosges : un trentenaire plac\u00e9 en d\u00e9tention provisoire - Saint Die Info\" \/>\n<meta name=\"twitter:description\" content=\"Apr\u00e8s avoir \u00e9t\u00e9 d\u00e9f\u00e9r\u00e9 en comparution imm\u00e9diate ce jeudi 29 janvier, un trentenaire a \u00e9t\u00e9 plac\u00e9 en d\u00e9tention provisoire. Il [&hellip;]\" \/>\n<meta name=\"twitter:image\" content=\"https:\/\/vosgesinfo.fr\/app\/uploads\/sites\/4\/2025\/11\/cuivre.jpg\" \/>\n<meta name=\"twitter:creator\" content=\"@VosgesInfo88\" \/>\n<meta name=\"twitter:site\" content=\"@VosgesInfo88\" \/>\n<meta name=\"twitter:label1\" content=\"\u00c9crit par\" \/>\n\t<meta name=\"twitter:data1\" content=\"J.J.\" \/>\n\t<meta name=\"twitter:label2\" content=\"Dur\u00e9e de lecture estim\u00e9e\" \/>\n\t<meta name=\"twitter:data2\" content=\"2 minutes\" \/>\n<script type=\"application\/ld+json\" class=\"yoast-schema-graph\">{\"@context\":\"https:\/\/schema.org\",\"@graph\":[{\"@type\":\"Article\",\"@id\":\"https:\/\/vosgesinfo.fr\/saintdieinfo\/2026\/01\/vols-de-cuivre-dans-les-vosges-un-trentenaire-place-en-detention-provisoire\/#article\",\"isPartOf\":{\"@id\":\"https:\/\/vosgesinfo.fr\/saintdieinfo\/2026\/01\/vols-de-cuivre-dans-les-vosges-un-trentenaire-place-en-detention-provisoire\/\"},\"author\":{\"name\":\"J.J.\",\"@id\":\"https:\/\/vosgesinfo.fr\/saintdieinfo\/#\/schema\/person\/fa73e9f726d67bb88f46d5b7943cb572\"},\"headline\":\"Vols de cuivre dans les Vosges : un trentenaire plac\u00e9 en d\u00e9tention provisoire\",\"datePublished\":\"2026-01-30T12:13:45+00:00\",\"dateModified\":\"2026-01-30T12:07:46+00:00\",\"mainEntityOfPage\":{\"@id\":\"https:\/\/vosgesinfo.fr\/saintdieinfo\/2026\/01\/vols-de-cuivre-dans-les-vosges-un-trentenaire-place-en-detention-provisoire\/\"},\"wordCount\":198,\"commentCount\":0,\"publisher\":{\"@id\":\"https:\/\/vosgesinfo.fr\/saintdieinfo\/#organization\"},\"image\":{\"@id\":\"https:\/\/vosgesinfo.fr\/saintdieinfo\/2026\/01\/vols-de-cuivre-dans-les-vosges-un-trentenaire-place-en-detention-provisoire\/#primaryimage\"},\"thumbnailUrl\":\"https:\/\/vosgesinfo.fr\/app\/uploads\/sites\/4\/2025\/11\/cuivre.jpg\",\"keywords\":[\"comparution imm\u00e9diate\",\"d\u00e9tention provisoire\",\"Dinoz\u00e9\",\"Eloyes\",\"gendarmerie des Vosges\",\"PSIG\",\"Remiremont\",\"Saint-Am\u00e9\",\"vid\u00e9oprotection\",\"Vol de v\u00e9hicule\",\"vols de cuivre\"],\"articleSection\":[\"A la Une\",\"Justice\",\"Vosges\"],\"inLanguage\":\"fr-FR\",\"potentialAction\":[{\"@type\":\"CommentAction\",\"name\":\"Comment\",\"target\":[\"https:\/\/vosgesinfo.fr\/saintdieinfo\/2026\/01\/vols-de-cuivre-dans-les-vosges-un-trentenaire-place-en-detention-provisoire\/#respond\"]}]},{\"@type\":\"WebPage\",\"@id\":\"https:\/\/vosgesinfo.fr\/saintdieinfo\/2026\/01\/vols-de-cuivre-dans-les-vosges-un-trentenaire-place-en-detention-provisoire\/\",\"url\":\"https:\/\/vosgesinfo.fr\/saintdieinfo\/2026\/01\/vols-de-cuivre-dans-les-vosges-un-trentenaire-place-en-detention-provisoire\/\",\"name\":\"Vols de cuivre dans les Vosges : un trentenaire plac\u00e9 en d\u00e9tention provisoire - Saint Die Info\",\"isPartOf\":{\"@id\":\"https:\/\/vosgesinfo.fr\/saintdieinfo\/#website\"},\"primaryImageOfPage\":{\"@id\":\"https:\/\/vosgesinfo.fr\/saintdieinfo\/2026\/01\/vols-de-cuivre-dans-les-vosges-un-trentenaire-place-en-detention-provisoire\/#primaryimage\"},\"image\":{\"@id\":\"https:\/\/vosgesinfo.fr\/saintdieinfo\/2026\/01\/vols-de-cuivre-dans-les-vosges-un-trentenaire-place-en-detention-provisoire\/#primaryimage\"},\"thumbnailUrl\":\"https:\/\/vosgesinfo.fr\/app\/uploads\/sites\/4\/2025\/11\/cuivre.jpg\",\"datePublished\":\"2026-01-30T12:13:45+00:00\",\"dateModified\":\"2026-01-30T12:07:46+00:00\",\"breadcrumb\":{\"@id\":\"https:\/\/vosgesinfo.fr\/saintdieinfo\/2026\/01\/vols-de-cuivre-dans-les-vosges-un-trentenaire-place-en-detention-provisoire\/#breadcrumb\"},\"inLanguage\":\"fr-FR\",\"potentialAction\":[{\"@type\":\"ReadAction\",\"target\":[\"https:\/\/vosgesinfo.fr\/saintdieinfo\/2026\/01\/vols-de-cuivre-dans-les-vosges-un-trentenaire-place-en-detention-provisoire\/\"]}]},{\"@type\":\"ImageObject\",\"inLanguage\":\"fr-FR\",\"@id\":\"https:\/\/vosgesinfo.fr\/saintdieinfo\/2026\/01\/vols-de-cuivre-dans-les-vosges-un-trentenaire-place-en-detention-provisoire\/#primaryimage\",\"url\":\"https:\/\/vosgesinfo.fr\/app\/uploads\/sites\/4\/2025\/11\/cuivre.jpg\",\"contentUrl\":\"https:\/\/vosgesinfo.fr\/app\/uploads\/sites\/4\/2025\/11\/cuivre.jpg\",\"width\":1536,\"height\":1024,\"caption\":\"(Illustration. Image IA)\"},{\"@type\":\"BreadcrumbList\",\"@id\":\"https:\/\/vosgesinfo.fr\/saintdieinfo\/2026\/01\/vols-de-cuivre-dans-les-vosges-un-trentenaire-place-en-detention-provisoire\/#breadcrumb\",\"itemListElement\":[{\"@type\":\"ListItem\",\"position\":1,\"name\":\"Home\",\"item\":\"https:\/\/vosgesinfo.fr\/saintdieinfo\/\"},{\"@type\":\"ListItem\",\"position\":2,\"name\":\"Vols de cuivre dans les Vosges : un trentenaire plac\u00e9 en d\u00e9tention provisoire\"}]},{\"@type\":\"WebSite\",\"@id\":\"https:\/\/vosgesinfo.fr\/saintdieinfo\/#website\",\"url\":\"https:\/\/vosgesinfo.fr\/saintdieinfo\/\",\"name\":\"Saint Die Info\",\"description\":\"Toute l&#039;actualit\u00e9 de Saint-Di\u00e9-Des-Vosges\",\"publisher\":{\"@id\":\"https:\/\/vosgesinfo.fr\/saintdieinfo\/#organization\"},\"alternateName\":\"Toute l'actualit\u00e9 de Saint-Di\u00e9-Des-Vosges\",\"potentialAction\":[{\"@type\":\"SearchAction\",\"target\":{\"@type\":\"EntryPoint\",\"urlTemplate\":\"https:\/\/vosgesinfo.fr\/saintdieinfo\/?s={search_term_string}\"},\"query-input\":\"required name=search_term_string\"}],\"inLanguage\":\"fr-FR\"},{\"@type\":\"Organization\",\"@id\":\"https:\/\/vosgesinfo.fr\/saintdieinfo\/#organization\",\"name\":\"Saint Die Info\",\"url\":\"https:\/\/vosgesinfo.fr\/saintdieinfo\/\",\"logo\":{\"@type\":\"ImageObject\",\"inLanguage\":\"fr-FR\",\"@id\":\"https:\/\/vosgesinfo.fr\/saintdieinfo\/#\/schema\/logo\/image\/\",\"url\":\"https:\/\/vosgesinfo.fr\/app\/uploads\/sites\/4\/2024\/02\/logo-sdi.jpg\",\"contentUrl\":\"https:\/\/vosgesinfo.fr\/app\/uploads\/sites\/4\/2024\/02\/logo-sdi.jpg\",\"width\":600,\"height\":600,\"caption\":\"Saint Die Info\"},\"image\":{\"@id\":\"https:\/\/vosgesinfo.fr\/saintdieinfo\/#\/schema\/logo\/image\/\"},\"sameAs\":[\"https:\/\/www.facebook.com\/Saintdieinfofr\",\"https:\/\/x.com\/VosgesInfo88\",\"https:\/\/www.youtube.com\/@vosgesinfo\"]},{\"@type\":\"Person\",\"@id\":\"https:\/\/vosgesinfo.fr\/saintdieinfo\/#\/schema\/person\/fa73e9f726d67bb88f46d5b7943cb572\",\"name\":\"J.J.\",\"image\":{\"@type\":\"ImageObject\",\"inLanguage\":\"fr-FR\",\"@id\":\"https:\/\/vosgesinfo.fr\/saintdieinfo\/#\/schema\/person\/image\/\",\"url\":\"https:\/\/secure.gravatar.com\/avatar\/219e749e47ffbcca018a360ae4add7d4cdf1cdaaf8bc7676b27efade3fe65615?s=96&d=mm&r=g\",\"contentUrl\":\"https:\/\/secure.gravatar.com\/avatar\/219e749e47ffbcca018a360ae4add7d4cdf1cdaaf8bc7676b27efade3fe65615?s=96&d=mm&r=g\",\"caption\":\"J.J.\"},\"url\":\"https:\/\/vosgesinfo.fr\/saintdieinfo\/author\/j-j\/\"}]}<\/script>\n<!-- \/ Yoast SEO plugin. -->","yoast_head_json":{"title":"Vols de cuivre dans les Vosges : un trentenaire plac\u00e9 en d\u00e9tention provisoire - Saint Die Info","robots":{"index":"index","follow":"follow","max-snippet":"max-snippet:-1","max-image-preview":"max-image-preview:large","max-video-preview":"max-video-preview:-1"},"canonical":"https:\/\/vosgesinfo.fr\/saintdieinfo\/2026\/01\/vols-de-cuivre-dans-les-vosges-un-trentenaire-place-en-detention-provisoire\/","twitter_card":"summary_large_image","twitter_title":"Vols de cuivre dans les Vosges : un trentenaire plac\u00e9 en d\u00e9tention provisoire - Saint Die Info","twitter_description":"Apr\u00e8s avoir \u00e9t\u00e9 d\u00e9f\u00e9r\u00e9 en comparution imm\u00e9diate ce jeudi 29 janvier, un trentenaire a \u00e9t\u00e9 plac\u00e9 en d\u00e9tention provisoire. Il [&hellip;]","twitter_image":"https:\/\/vosgesinfo.fr\/app\/uploads\/sites\/4\/2025\/11\/cuivre.jpg","twitter_creator":"@VosgesInfo88","twitter_site":"@VosgesInfo88","twitter_misc":{"\u00c9crit par":"J.J.","Dur\u00e9e de lecture estim\u00e9e":"2 minutes"},"schema":{"@context":"https:\/\/schema.org","@graph":[{"@type":"Article","@id":"https:\/\/vosgesinfo.fr\/saintdieinfo\/2026\/01\/vols-de-cuivre-dans-les-vosges-un-trentenaire-place-en-detention-provisoire\/#article","isPartOf":{"@id":"https:\/\/vosgesinfo.fr\/saintdieinfo\/2026\/01\/vols-de-cuivre-dans-les-vosges-un-trentenaire-place-en-detention-provisoire\/"},"author":{"name":"J.J.","@id":"https:\/\/vosgesinfo.fr\/saintdieinfo\/#\/schema\/person\/fa73e9f726d67bb88f46d5b7943cb572"},"headline":"Vols de cuivre dans les Vosges : un trentenaire plac\u00e9 en d\u00e9tention provisoire","datePublished":"2026-01-30T12:13:45+00:00","dateModified":"2026-01-30T12:07:46+00:00","mainEntityOfPage":{"@id":"https:\/\/vosgesinfo.fr\/saintdieinfo\/2026\/01\/vols-de-cuivre-dans-les-vosges-un-trentenaire-place-en-detention-provisoire\/"},"wordCount":198,"commentCount":0,"publisher":{"@id":"https:\/\/vosgesinfo.fr\/saintdieinfo\/#organization"},"image":{"@id":"https:\/\/vosgesinfo.fr\/saintdieinfo\/2026\/01\/vols-de-cuivre-dans-les-vosges-un-trentenaire-place-en-detention-provisoire\/#primaryimage"},"thumbnailUrl":"https:\/\/vosgesinfo.fr\/app\/uploads\/sites\/4\/2025\/11\/cuivre.jpg","keywords":["comparution imm\u00e9diate","d\u00e9tention provisoire","Dinoz\u00e9","Eloyes","gendarmerie des Vosges","PSIG","Remiremont","Saint-Am\u00e9","vid\u00e9oprotection","Vol de v\u00e9hicule","vols de cuivre"],"articleSection":["A la Une","Justice","Vosges"],"inLanguage":"fr-FR","potentialAction":[{"@type":"CommentAction","name":"Comment","target":["https:\/\/vosgesinfo.fr\/saintdieinfo\/2026\/01\/vols-de-cuivre-dans-les-vosges-un-trentenaire-place-en-detention-provisoire\/#respond"]}]},{"@type":"WebPage","@id":"https:\/\/vosgesinfo.fr\/saintdieinfo\/2026\/01\/vols-de-cuivre-dans-les-vosges-un-trentenaire-place-en-detention-provisoire\/","url":"https:\/\/vosgesinfo.fr\/saintdieinfo\/2026\/01\/vols-de-cuivre-dans-les-vosges-un-trentenaire-place-en-detention-provisoire\/","name":"Vols de cuivre dans les Vosges : un trentenaire plac\u00e9 en d\u00e9tention provisoire - Saint Die Info","isPartOf":{"@id":"https:\/\/vosgesinfo.fr\/saintdieinfo\/#website"},"primaryImageOfPage":{"@id":"https:\/\/vosgesinfo.fr\/saintdieinfo\/2026\/01\/vols-de-cuivre-dans-les-vosges-un-trentenaire-place-en-detention-provisoire\/#primaryimage"},"image":{"@id":"https:\/\/vosgesinfo.fr\/saintdieinfo\/2026\/01\/vols-de-cuivre-dans-les-vosges-un-trentenaire-place-en-detention-provisoire\/#primaryimage"},"thumbnailUrl":"https:\/\/vosgesinfo.fr\/app\/uploads\/sites\/4\/2025\/11\/cuivre.jpg","datePublished":"2026-01-30T12:13:45+00:00","dateModified":"2026-01-30T12:07:46+00:00","breadcrumb":{"@id":"https:\/\/vosgesinfo.fr\/saintdieinfo\/2026\/01\/vols-de-cuivre-dans-les-vosges-un-trentenaire-place-en-detention-provisoire\/#breadcrumb"},"inLanguage":"fr-FR","potentialAction":[{"@type":"ReadAction","target":["https:\/\/vosgesinfo.fr\/saintdieinfo\/2026\/01\/vols-de-cuivre-dans-les-vosges-un-trentenaire-place-en-detention-provisoire\/"]}]},{"@type":"ImageObject","inLanguage":"fr-FR","@id":"https:\/\/vosgesinfo.fr\/saintdieinfo\/2026\/01\/vols-de-cuivre-dans-les-vosges-un-trentenaire-place-en-detention-provisoire\/#primaryimage","url":"https:\/\/vosgesinfo.fr\/app\/uploads\/sites\/4\/2025\/11\/cuivre.jpg","contentUrl":"https:\/\/vosgesinfo.fr\/app\/uploads\/sites\/4\/2025\/11\/cuivre.jpg","width":1536,"height":1024,"caption":"(Illustration. Image IA)"},{"@type":"BreadcrumbList","@id":"https:\/\/vosgesinfo.fr\/saintdieinfo\/2026\/01\/vols-de-cuivre-dans-les-vosges-un-trentenaire-place-en-detention-provisoire\/#breadcrumb","itemListElement":[{"@type":"ListItem","position":1,"name":"Home","item":"https:\/\/vosgesinfo.fr\/saintdieinfo\/"},{"@type":"ListItem","position":2,"name":"Vols de cuivre dans les Vosges : un trentenaire plac\u00e9 en d\u00e9tention provisoire"}]},{"@type":"WebSite","@id":"https:\/\/vosgesinfo.fr\/saintdieinfo\/#website","url":"https:\/\/vosgesinfo.fr\/saintdieinfo\/","name":"Saint Die Info","description":"Toute l&#039;actualit\u00e9 de Saint-Di\u00e9-Des-Vosges","publisher":{"@id":"https:\/\/vosgesinfo.fr\/saintdieinfo\/#organization"},"alternateName":"Toute l'actualit\u00e9 de Saint-Di\u00e9-Des-Vosges","potentialAction":[{"@type":"SearchAction","target":{"@type":"EntryPoint","urlTemplate":"https:\/\/vosgesinfo.fr\/saintdieinfo\/?s={search_term_string}"},"query-input":"required name=search_term_string"}],"inLanguage":"fr-FR"},{"@type":"Organization","@id":"https:\/\/vosgesinfo.fr\/saintdieinfo\/#organization","name":"Saint Die Info","url":"https:\/\/vosgesinfo.fr\/saintdieinfo\/","logo":{"@type":"ImageObject","inLanguage":"fr-FR","@id":"https:\/\/vosgesinfo.fr\/saintdieinfo\/#\/schema\/logo\/image\/","url":"https:\/\/vosgesinfo.fr\/app\/uploads\/sites\/4\/2024\/02\/logo-sdi.jpg","contentUrl":"https:\/\/vosgesinfo.fr\/app\/uploads\/sites\/4\/2024\/02\/logo-sdi.jpg","width":600,"height":600,"caption":"Saint Die Info"},"image":{"@id":"https:\/\/vosgesinfo.fr\/saintdieinfo\/#\/schema\/logo\/image\/"},"sameAs":["https:\/\/www.facebook.com\/Saintdieinfofr","https:\/\/x.com\/VosgesInfo88","https:\/\/www.youtube.com\/@vosgesinfo"]},{"@type":"Person","@id":"https:\/\/vosgesinfo.fr\/saintdieinfo\/#\/schema\/person\/fa73e9f726d67bb88f46d5b7943cb572","name":"J.J.","image":{"@type":"ImageObject","inLanguage":"fr-FR","@id":"https:\/\/vosgesinfo.fr\/saintdieinfo\/#\/schema\/person\/image\/","url":"https:\/\/secure.gravatar.com\/avatar\/219e749e47ffbcca018a360ae4add7d4cdf1cdaaf8bc7676b27efade3fe65615?s=96&d=mm&r=g","contentUrl":"https:\/\/secure.gravatar.com\/avatar\/219e749e47ffbcca018a360ae4add7d4cdf1cdaaf8bc7676b27efade3fe65615?s=96&d=mm&r=g","caption":"J.J."},"url":"https:\/\/vosgesinfo.fr\/saintdieinfo\/author\/j-j\/"}]}},"_links":{"self":[{"href":"https:\/\/vosgesinfo.fr\/saintdieinfo\/wp-json\/wp\/v2\/posts\/87387","targetHints":{"allow":["GET"]}}],"collection":[{"href":"https:\/\/vosgesinfo.fr\/saintdieinfo\/wp-json\/wp\/v2\/posts"}],"about":[{"href":"https:\/\/vosgesinfo.fr\/saintdieinfo\/wp-json\/wp\/v2\/types\/post"}],"author":[{"embeddable":true,"href":"https:\/\/vosgesinfo.fr\/saintdieinfo\/wp-json\/wp\/v2\/users\/46"}],"replies":[{"embeddable":true,"href":"https:\/\/vosgesinfo.fr\/saintdieinfo\/wp-json\/wp\/v2\/comments?post=87387"}],"version-history":[{"count":2,"href":"https:\/\/vosgesinfo.fr\/saintdieinfo\/wp-json\/wp\/v2\/posts\/87387\/revisions"}],"predecessor-version":[{"id":87391,"href":"https:\/\/vosgesinfo.fr\/saintdieinfo\/wp-json\/wp\/v2\/posts\/87387\/revisions\/87391"}],"wp:featuredmedia":[{"embeddable":true,"href":"https:\/\/vosgesinfo.fr\/saintdieinfo\/wp-json\/wp\/v2\/media\/85147"}],"wp:attachment":[{"href":"https:\/\/vosgesinfo.fr\/saintdieinfo\/wp-json\/wp\/v2\/media?parent=87387"}],"wp:term":[{"taxonomy":"category","embeddable":true,"href":"https:\/\/vosgesinfo.fr\/saintdieinfo\/wp-json\/wp\/v2\/categories?post=87387"},{"taxonomy":"post_tag","embeddable":true,"href":"https:\/\/vosgesinfo.fr\/saintdieinfo\/wp-json\/wp\/v2\/tags?post=87387"}],"curies":[{"name":"wp","href":"https:\/\/api.w.org\/{rel}","templated":true}]}}