{"id":87392,"date":"2026-01-30T15:53:30","date_gmt":"2026-01-30T14:53:30","guid":{"rendered":"https:\/\/vosgesinfo.fr\/saintdieinfo\/?p=87392"},"modified":"2026-01-30T15:45:41","modified_gmt":"2026-01-30T14:45:41","slug":"municipales-2026-geoffrey-mourey-est-officiellement-candidat-a-saint-die-des-vosges","status":"publish","type":"post","link":"https:\/\/vosgesinfo.fr\/saintdieinfo\/2026\/01\/municipales-2026-geoffrey-mourey-est-officiellement-candidat-a-saint-die-des-vosges\/","title":{"rendered":"Municipales 2026\u00a0: Geoffrey Mourey est officiellement candidat \u00e0 Saint-Di\u00e9-des-Vosges"},"content":{"rendered":"<div id=\"attachment_87395\" style=\"width: 989px\" class=\"wp-caption alignnone\"><a href=\"https:\/\/vosgesinfo.fr\/app\/uploads\/sites\/4\/2026\/01\/municipales-2026-candidature-geoffrey-mourey.jpg\"><img decoding=\"async\" aria-describedby=\"caption-attachment-87395\" class=\"size-full wp-image-87395\" src=\"https:\/\/vosgesinfo.fr\/app\/uploads\/sites\/4\/2026\/01\/municipales-2026-candidature-geoffrey-mourey.jpg\" alt=\"\" width=\"979\" height=\"753\" srcset=\"https:\/\/vosgesinfo.fr\/app\/uploads\/sites\/4\/2026\/01\/municipales-2026-candidature-geoffrey-mourey.jpg 979w, https:\/\/vosgesinfo.fr\/app\/uploads\/sites\/4\/2026\/01\/municipales-2026-candidature-geoffrey-mourey-300x231.jpg 300w, https:\/\/vosgesinfo.fr\/app\/uploads\/sites\/4\/2026\/01\/municipales-2026-candidature-geoffrey-mourey-768x591.jpg 768w\" sizes=\"(max-width: 979px) 100vw, 979px\" \/><\/a><p id=\"caption-attachment-87395\" class=\"wp-caption-text\">Geoffrey Mourey (\u00e0 gauche) aux c\u00f4t\u00e9s du d\u00e9put\u00e9 de la deuxi\u00e8me circonscription des Vosges, Ga\u00ebtan Dussaussaye, ce vendredi matin.<\/p><\/div>\n<h2>Il \u00e9tait candidat en 2020, il l&rsquo;est \u00e0 nouveau en 2026. <strong>Geoffrey Mourey<\/strong> a d\u00e9clar\u00e9 ce vendredi en fin de matin\u00e9e qu&rsquo;il serait candidat aux <strong>\u00e9lections municipales des 15 et 22 mars<\/strong> \u00e0 <strong>Saint-Di\u00e9-des-Vosges<\/strong>. Le conseiller municipal d&rsquo;opposition conduit \u00e0 nouveau la liste du <strong>Rassemblement National<\/strong>, \u00ab <strong>Rassemblement pour Saint-Di\u00e9-des-Vosges<\/strong> \u00bb.<\/h2>\n<p><!--more--><\/p>\n<h3><strong>Un bilan dans l\u2019opposition municipale jug\u00e9 \u00ab\u00a0solide\u00a0\u00bb<\/strong><\/h3>\n<p>\u00c2g\u00e9 de <strong>27 ans<\/strong>, Geoffrey Mourey est notamment le collaborateur parlementaire du d\u00e9put\u00e9 de la <strong>deuxi\u00e8me circonscription des Vosges<\/strong>, <strong>Ga\u00ebtan Dussaussaye<\/strong>, qui \u00e9tait pr\u00e9sent \u00e0 ses c\u00f4t\u00e9s ce matin. Le candidat revendique un engagement constant au service des habitants. \u00ab Pour ces \u00e9lections, il faut un \u00e9lu utile. Je suis un \u00e9lu utile \u00bb estime Geoffrey Mourey, qui juge son <strong>bilan dans l&rsquo;opposition municipale comme \u00ab solide<\/strong>, avec des questions \u00e9crites, motions et interventions en s\u00e9ance. \u00bb<\/p>\n<h3><strong>Devenir le prochain maire d\u00e9odatien<\/strong><\/h3>\n<p>\u00c0 ce propos, le candidat du Rassemblement National a mis en avant ce vendredi le soutien \u00e0 la motion en faveur du <strong>retour de la brigade anticriminalit\u00e9<\/strong> \u00e0 Saint-Di\u00e9-des-Vosges, \u00e9galement \u00e0 la mise en place d&rsquo;une <strong>mutuelle municipale<\/strong> via le <strong>Conseil des Sages<\/strong>, ainsi qu&rsquo;aux <strong>travaux de voirie<\/strong>. Geoffrey Mourey n&rsquo;aspire cependant plus \u00e0 \u00eatre un \u00e9lu d&rsquo;opposition, mais souhaite devenir le <strong>prochain maire d\u00e9odatien<\/strong>.<\/p>\n<h3><strong>Trois axes de campagne : s\u00e9curit\u00e9, voirie, proximit\u00e9<\/strong><\/h3>\n<p>Sa campagne s&rsquo;articulera autour de <strong data-start=\"1473\" data-end=\"1495\">trois axes majeurs<\/strong> : <strong data-start=\"1498\" data-end=\"1513\">la s\u00e9curit\u00e9<\/strong>, \u00ab face \u00e0 la persistance du trafic de drogue, des agressions et des incivilit\u00e9s \u00bb ; <strong data-start=\"1598\" data-end=\"1611\">la voirie<\/strong>, \u00ab avec la poursuite des grands chantiers et des investissements \u00bb ; <strong data-start=\"1681\" data-end=\"1697\">la proximit\u00e9<\/strong>, \u00ab je serai un maire \u00e0 l&rsquo;\u00e9coute de tous les habitants, de toutes celles et ceux qui font rayonner notre ville, et je travaillerai dans l&rsquo;int\u00e9r\u00eat g\u00e9n\u00e9ral. \u00bb<\/p>\n<h3><strong>Int\u00e9grer la Communaut\u00e9 d&rsquo;Agglom\u00e9ration<\/strong><\/h3>\n<p>\u00c0 travers la candidature de Geoffrey Mourey, le Rassemblement National y voit \u00e9galement une opportunit\u00e9 <strong>d&rsquo;int\u00e9grer la Communaut\u00e9 d&rsquo;Agglom\u00e9ration<\/strong>, \u00ab afin de peser davantage sur les d\u00e9cisions locales. \u00bb<\/p>\n<h3><strong>Premi\u00e8re r\u00e9union publique le 5 f\u00e9vrier<\/strong><\/h3>\n<p>La premi\u00e8re r\u00e9union publique de la liste se tiendra jeudi prochain, <strong>le 5 f\u00e9vrier \u00e0 19 h, \u00e0 la maison de quartier de Robache. <\/strong>La derni\u00e8re r\u00e9union est quant \u00e0 elle programm\u00e9e pour le <strong>5 mars<\/strong> \u00e0 la <strong>Tour de la Libert\u00e9<\/strong>. Entre ces 2 dates, d&rsquo;autres rendez-vous sont pr\u00e9vus et seront communiqu\u00e9s ult\u00e9rieurement.<\/p>\n","protected":false},"excerpt":{"rendered":"<p>Il \u00e9tait candidat en 2020, il l&rsquo;est \u00e0 nouveau en 2026. Geoffrey Mourey a d\u00e9clar\u00e9 ce vendredi en fin de [&hellip;]<\/p>\n","protected":false},"author":46,"featured_media":87395,"comment_status":"open","ping_status":"open","sticky":false,"template":"","format":"standard","meta":{"footnotes":""},"categories":[460,10,167],"tags":[20074,19857,19604,20073,5375,20075,4714,20072,11674,2881,2953,43],"class_list":["post-87392","post","type-post","status-publish","format-standard","has-post-thumbnail","hentry","category-a-la-une","category-politique","category-saint-die-des-vosges","tag-brigade-anticriminalite","tag-conseil-des-sages","tag-elections-municipales","tag-gaetan-dussaussaye","tag-geoffrey-mourey","tag-mutuelle-municipale","tag-rassemblement-national","tag-rassemblement-pour-saint-die-des-vosges","tag-robache","tag-saint-die-des-vosges","tag-tour-de-la-liberte","tag-vosges"],"acf":[],"yoast_head":"<!-- This site is optimized with the Yoast SEO plugin v22.5 - https:\/\/yoast.com\/wordpress\/plugins\/seo\/ -->\n<title>Municipales 2026\u00a0: Geoffrey Mourey est officiellement candidat \u00e0 Saint-Di\u00e9-des-Vosges - Saint Die Info<\/title>\n<meta name=\"robots\" content=\"index, follow, max-snippet:-1, max-image-preview:large, max-video-preview:-1\" \/>\n<link rel=\"canonical\" href=\"https:\/\/vosgesinfo.fr\/saintdieinfo\/2026\/01\/municipales-2026-geoffrey-mourey-est-officiellement-candidat-a-saint-die-des-vosges\/\" \/>\n<meta name=\"twitter:card\" content=\"summary_large_image\" \/>\n<meta name=\"twitter:title\" content=\"Municipales 2026\u00a0: Geoffrey Mourey est officiellement candidat \u00e0 Saint-Di\u00e9-des-Vosges - Saint Die Info\" \/>\n<meta name=\"twitter:description\" content=\"Il \u00e9tait candidat en 2020, il l&rsquo;est \u00e0 nouveau en 2026. Geoffrey Mourey a d\u00e9clar\u00e9 ce vendredi en fin de [&hellip;]\" \/>\n<meta name=\"twitter:image\" content=\"https:\/\/vosgesinfo.fr\/app\/uploads\/sites\/4\/2026\/01\/municipales-2026-candidature-geoffrey-mourey.jpg\" \/>\n<meta name=\"twitter:creator\" content=\"@VosgesInfo88\" \/>\n<meta name=\"twitter:site\" content=\"@VosgesInfo88\" \/>\n<meta name=\"twitter:label1\" content=\"\u00c9crit par\" \/>\n\t<meta name=\"twitter:data1\" content=\"J.J.\" \/>\n\t<meta name=\"twitter:label2\" content=\"Dur\u00e9e de lecture estim\u00e9e\" \/>\n\t<meta name=\"twitter:data2\" content=\"1 minute\" \/>\n<script type=\"application\/ld+json\" class=\"yoast-schema-graph\">{\"@context\":\"https:\/\/schema.org\",\"@graph\":[{\"@type\":\"Article\",\"@id\":\"https:\/\/vosgesinfo.fr\/saintdieinfo\/2026\/01\/municipales-2026-geoffrey-mourey-est-officiellement-candidat-a-saint-die-des-vosges\/#article\",\"isPartOf\":{\"@id\":\"https:\/\/vosgesinfo.fr\/saintdieinfo\/2026\/01\/municipales-2026-geoffrey-mourey-est-officiellement-candidat-a-saint-die-des-vosges\/\"},\"author\":{\"name\":\"J.J.\",\"@id\":\"https:\/\/vosgesinfo.fr\/saintdieinfo\/#\/schema\/person\/fa73e9f726d67bb88f46d5b7943cb572\"},\"headline\":\"Municipales 2026\u00a0: Geoffrey Mourey est officiellement candidat \u00e0 Saint-Di\u00e9-des-Vosges\",\"datePublished\":\"2026-01-30T14:53:30+00:00\",\"dateModified\":\"2026-01-30T14:45:41+00:00\",\"mainEntityOfPage\":{\"@id\":\"https:\/\/vosgesinfo.fr\/saintdieinfo\/2026\/01\/municipales-2026-geoffrey-mourey-est-officiellement-candidat-a-saint-die-des-vosges\/\"},\"wordCount\":425,\"commentCount\":8,\"publisher\":{\"@id\":\"https:\/\/vosgesinfo.fr\/saintdieinfo\/#organization\"},\"image\":{\"@id\":\"https:\/\/vosgesinfo.fr\/saintdieinfo\/2026\/01\/municipales-2026-geoffrey-mourey-est-officiellement-candidat-a-saint-die-des-vosges\/#primaryimage\"},\"thumbnailUrl\":\"https:\/\/vosgesinfo.fr\/app\/uploads\/sites\/4\/2026\/01\/municipales-2026-candidature-geoffrey-mourey.jpg\",\"keywords\":[\"brigade anticriminalit\u00e9\",\"Conseil des Sages\",\"\u00e9lections municipales\",\"Ga\u00ebtan Dussaussaye\",\"Geoffrey Mourey\",\"mutuelle municipale\",\"Rassemblement National\",\"Rassemblement pour Saint-Di\u00e9-des-Vosges\",\"Robache\",\"Saint-Di\u00e9-des-Vosges\",\"Tour de la Libert\u00e9\",\"vosges\"],\"articleSection\":[\"A la Une\",\"Politique\",\"Saint-Di\u00e9-des-Vosges\"],\"inLanguage\":\"fr-FR\",\"potentialAction\":[{\"@type\":\"CommentAction\",\"name\":\"Comment\",\"target\":[\"https:\/\/vosgesinfo.fr\/saintdieinfo\/2026\/01\/municipales-2026-geoffrey-mourey-est-officiellement-candidat-a-saint-die-des-vosges\/#respond\"]}]},{\"@type\":\"WebPage\",\"@id\":\"https:\/\/vosgesinfo.fr\/saintdieinfo\/2026\/01\/municipales-2026-geoffrey-mourey-est-officiellement-candidat-a-saint-die-des-vosges\/\",\"url\":\"https:\/\/vosgesinfo.fr\/saintdieinfo\/2026\/01\/municipales-2026-geoffrey-mourey-est-officiellement-candidat-a-saint-die-des-vosges\/\",\"name\":\"Municipales 2026\u00a0: Geoffrey Mourey est officiellement candidat \u00e0 Saint-Di\u00e9-des-Vosges - Saint Die Info\",\"isPartOf\":{\"@id\":\"https:\/\/vosgesinfo.fr\/saintdieinfo\/#website\"},\"primaryImageOfPage\":{\"@id\":\"https:\/\/vosgesinfo.fr\/saintdieinfo\/2026\/01\/municipales-2026-geoffrey-mourey-est-officiellement-candidat-a-saint-die-des-vosges\/#primaryimage\"},\"image\":{\"@id\":\"https:\/\/vosgesinfo.fr\/saintdieinfo\/2026\/01\/municipales-2026-geoffrey-mourey-est-officiellement-candidat-a-saint-die-des-vosges\/#primaryimage\"},\"thumbnailUrl\":\"https:\/\/vosgesinfo.fr\/app\/uploads\/sites\/4\/2026\/01\/municipales-2026-candidature-geoffrey-mourey.jpg\",\"datePublished\":\"2026-01-30T14:53:30+00:00\",\"dateModified\":\"2026-01-30T14:45:41+00:00\",\"breadcrumb\":{\"@id\":\"https:\/\/vosgesinfo.fr\/saintdieinfo\/2026\/01\/municipales-2026-geoffrey-mourey-est-officiellement-candidat-a-saint-die-des-vosges\/#breadcrumb\"},\"inLanguage\":\"fr-FR\",\"potentialAction\":[{\"@type\":\"ReadAction\",\"target\":[\"https:\/\/vosgesinfo.fr\/saintdieinfo\/2026\/01\/municipales-2026-geoffrey-mourey-est-officiellement-candidat-a-saint-die-des-vosges\/\"]}]},{\"@type\":\"ImageObject\",\"inLanguage\":\"fr-FR\",\"@id\":\"https:\/\/vosgesinfo.fr\/saintdieinfo\/2026\/01\/municipales-2026-geoffrey-mourey-est-officiellement-candidat-a-saint-die-des-vosges\/#primaryimage\",\"url\":\"https:\/\/vosgesinfo.fr\/app\/uploads\/sites\/4\/2026\/01\/municipales-2026-candidature-geoffrey-mourey.jpg\",\"contentUrl\":\"https:\/\/vosgesinfo.fr\/app\/uploads\/sites\/4\/2026\/01\/municipales-2026-candidature-geoffrey-mourey.jpg\",\"width\":979,\"height\":753,\"caption\":\"Geoffrey Mourey (\u00e0 gauche) aux c\u00f4t\u00e9s du d\u00e9put\u00e9 de la deuxi\u00e8me circonscription des Vosges, Ga\u00ebtan Dussaussaye, ce vendredi matin.\"},{\"@type\":\"BreadcrumbList\",\"@id\":\"https:\/\/vosgesinfo.fr\/saintdieinfo\/2026\/01\/municipales-2026-geoffrey-mourey-est-officiellement-candidat-a-saint-die-des-vosges\/#breadcrumb\",\"itemListElement\":[{\"@type\":\"ListItem\",\"position\":1,\"name\":\"Home\",\"item\":\"https:\/\/vosgesinfo.fr\/saintdieinfo\/\"},{\"@type\":\"ListItem\",\"position\":2,\"name\":\"Municipales 2026\u00a0: Geoffrey Mourey est officiellement candidat \u00e0 Saint-Di\u00e9-des-Vosges\"}]},{\"@type\":\"WebSite\",\"@id\":\"https:\/\/vosgesinfo.fr\/saintdieinfo\/#website\",\"url\":\"https:\/\/vosgesinfo.fr\/saintdieinfo\/\",\"name\":\"Saint Die Info\",\"description\":\"Toute l&#039;actualit\u00e9 de Saint-Di\u00e9-Des-Vosges\",\"publisher\":{\"@id\":\"https:\/\/vosgesinfo.fr\/saintdieinfo\/#organization\"},\"alternateName\":\"Toute l'actualit\u00e9 de Saint-Di\u00e9-Des-Vosges\",\"potentialAction\":[{\"@type\":\"SearchAction\",\"target\":{\"@type\":\"EntryPoint\",\"urlTemplate\":\"https:\/\/vosgesinfo.fr\/saintdieinfo\/?s={search_term_string}\"},\"query-input\":\"required name=search_term_string\"}],\"inLanguage\":\"fr-FR\"},{\"@type\":\"Organization\",\"@id\":\"https:\/\/vosgesinfo.fr\/saintdieinfo\/#organization\",\"name\":\"Saint Die Info\",\"url\":\"https:\/\/vosgesinfo.fr\/saintdieinfo\/\",\"logo\":{\"@type\":\"ImageObject\",\"inLanguage\":\"fr-FR\",\"@id\":\"https:\/\/vosgesinfo.fr\/saintdieinfo\/#\/schema\/logo\/image\/\",\"url\":\"https:\/\/vosgesinfo.fr\/app\/uploads\/sites\/4\/2024\/02\/logo-sdi.jpg\",\"contentUrl\":\"https:\/\/vosgesinfo.fr\/app\/uploads\/sites\/4\/2024\/02\/logo-sdi.jpg\",\"width\":600,\"height\":600,\"caption\":\"Saint Die Info\"},\"image\":{\"@id\":\"https:\/\/vosgesinfo.fr\/saintdieinfo\/#\/schema\/logo\/image\/\"},\"sameAs\":[\"https:\/\/www.facebook.com\/Saintdieinfofr\",\"https:\/\/x.com\/VosgesInfo88\",\"https:\/\/www.youtube.com\/@vosgesinfo\"]},{\"@type\":\"Person\",\"@id\":\"https:\/\/vosgesinfo.fr\/saintdieinfo\/#\/schema\/person\/fa73e9f726d67bb88f46d5b7943cb572\",\"name\":\"J.J.\",\"image\":{\"@type\":\"ImageObject\",\"inLanguage\":\"fr-FR\",\"@id\":\"https:\/\/vosgesinfo.fr\/saintdieinfo\/#\/schema\/person\/image\/\",\"url\":\"https:\/\/secure.gravatar.com\/avatar\/219e749e47ffbcca018a360ae4add7d4cdf1cdaaf8bc7676b27efade3fe65615?s=96&d=mm&r=g\",\"contentUrl\":\"https:\/\/secure.gravatar.com\/avatar\/219e749e47ffbcca018a360ae4add7d4cdf1cdaaf8bc7676b27efade3fe65615?s=96&d=mm&r=g\",\"caption\":\"J.J.\"},\"url\":\"https:\/\/vosgesinfo.fr\/saintdieinfo\/author\/j-j\/\"}]}<\/script>\n<!-- \/ Yoast SEO plugin. -->","yoast_head_json":{"title":"Municipales 2026\u00a0: Geoffrey Mourey est officiellement candidat \u00e0 Saint-Di\u00e9-des-Vosges - Saint Die Info","robots":{"index":"index","follow":"follow","max-snippet":"max-snippet:-1","max-image-preview":"max-image-preview:large","max-video-preview":"max-video-preview:-1"},"canonical":"https:\/\/vosgesinfo.fr\/saintdieinfo\/2026\/01\/municipales-2026-geoffrey-mourey-est-officiellement-candidat-a-saint-die-des-vosges\/","twitter_card":"summary_large_image","twitter_title":"Municipales 2026\u00a0: Geoffrey Mourey est officiellement candidat \u00e0 Saint-Di\u00e9-des-Vosges - Saint Die Info","twitter_description":"Il \u00e9tait candidat en 2020, il l&rsquo;est \u00e0 nouveau en 2026. Geoffrey Mourey a d\u00e9clar\u00e9 ce vendredi en fin de [&hellip;]","twitter_image":"https:\/\/vosgesinfo.fr\/app\/uploads\/sites\/4\/2026\/01\/municipales-2026-candidature-geoffrey-mourey.jpg","twitter_creator":"@VosgesInfo88","twitter_site":"@VosgesInfo88","twitter_misc":{"\u00c9crit par":"J.J.","Dur\u00e9e de lecture estim\u00e9e":"1 minute"},"schema":{"@context":"https:\/\/schema.org","@graph":[{"@type":"Article","@id":"https:\/\/vosgesinfo.fr\/saintdieinfo\/2026\/01\/municipales-2026-geoffrey-mourey-est-officiellement-candidat-a-saint-die-des-vosges\/#article","isPartOf":{"@id":"https:\/\/vosgesinfo.fr\/saintdieinfo\/2026\/01\/municipales-2026-geoffrey-mourey-est-officiellement-candidat-a-saint-die-des-vosges\/"},"author":{"name":"J.J.","@id":"https:\/\/vosgesinfo.fr\/saintdieinfo\/#\/schema\/person\/fa73e9f726d67bb88f46d5b7943cb572"},"headline":"Municipales 2026\u00a0: Geoffrey Mourey est officiellement candidat \u00e0 Saint-Di\u00e9-des-Vosges","datePublished":"2026-01-30T14:53:30+00:00","dateModified":"2026-01-30T14:45:41+00:00","mainEntityOfPage":{"@id":"https:\/\/vosgesinfo.fr\/saintdieinfo\/2026\/01\/municipales-2026-geoffrey-mourey-est-officiellement-candidat-a-saint-die-des-vosges\/"},"wordCount":425,"commentCount":8,"publisher":{"@id":"https:\/\/vosgesinfo.fr\/saintdieinfo\/#organization"},"image":{"@id":"https:\/\/vosgesinfo.fr\/saintdieinfo\/2026\/01\/municipales-2026-geoffrey-mourey-est-officiellement-candidat-a-saint-die-des-vosges\/#primaryimage"},"thumbnailUrl":"https:\/\/vosgesinfo.fr\/app\/uploads\/sites\/4\/2026\/01\/municipales-2026-candidature-geoffrey-mourey.jpg","keywords":["brigade anticriminalit\u00e9","Conseil des Sages","\u00e9lections municipales","Ga\u00ebtan Dussaussaye","Geoffrey Mourey","mutuelle municipale","Rassemblement National","Rassemblement pour Saint-Di\u00e9-des-Vosges","Robache","Saint-Di\u00e9-des-Vosges","Tour de la Libert\u00e9","vosges"],"articleSection":["A la Une","Politique","Saint-Di\u00e9-des-Vosges"],"inLanguage":"fr-FR","potentialAction":[{"@type":"CommentAction","name":"Comment","target":["https:\/\/vosgesinfo.fr\/saintdieinfo\/2026\/01\/municipales-2026-geoffrey-mourey-est-officiellement-candidat-a-saint-die-des-vosges\/#respond"]}]},{"@type":"WebPage","@id":"https:\/\/vosgesinfo.fr\/saintdieinfo\/2026\/01\/municipales-2026-geoffrey-mourey-est-officiellement-candidat-a-saint-die-des-vosges\/","url":"https:\/\/vosgesinfo.fr\/saintdieinfo\/2026\/01\/municipales-2026-geoffrey-mourey-est-officiellement-candidat-a-saint-die-des-vosges\/","name":"Municipales 2026\u00a0: Geoffrey Mourey est officiellement candidat \u00e0 Saint-Di\u00e9-des-Vosges - Saint Die Info","isPartOf":{"@id":"https:\/\/vosgesinfo.fr\/saintdieinfo\/#website"},"primaryImageOfPage":{"@id":"https:\/\/vosgesinfo.fr\/saintdieinfo\/2026\/01\/municipales-2026-geoffrey-mourey-est-officiellement-candidat-a-saint-die-des-vosges\/#primaryimage"},"image":{"@id":"https:\/\/vosgesinfo.fr\/saintdieinfo\/2026\/01\/municipales-2026-geoffrey-mourey-est-officiellement-candidat-a-saint-die-des-vosges\/#primaryimage"},"thumbnailUrl":"https:\/\/vosgesinfo.fr\/app\/uploads\/sites\/4\/2026\/01\/municipales-2026-candidature-geoffrey-mourey.jpg","datePublished":"2026-01-30T14:53:30+00:00","dateModified":"2026-01-30T14:45:41+00:00","breadcrumb":{"@id":"https:\/\/vosgesinfo.fr\/saintdieinfo\/2026\/01\/municipales-2026-geoffrey-mourey-est-officiellement-candidat-a-saint-die-des-vosges\/#breadcrumb"},"inLanguage":"fr-FR","potentialAction":[{"@type":"ReadAction","target":["https:\/\/vosgesinfo.fr\/saintdieinfo\/2026\/01\/municipales-2026-geoffrey-mourey-est-officiellement-candidat-a-saint-die-des-vosges\/"]}]},{"@type":"ImageObject","inLanguage":"fr-FR","@id":"https:\/\/vosgesinfo.fr\/saintdieinfo\/2026\/01\/municipales-2026-geoffrey-mourey-est-officiellement-candidat-a-saint-die-des-vosges\/#primaryimage","url":"https:\/\/vosgesinfo.fr\/app\/uploads\/sites\/4\/2026\/01\/municipales-2026-candidature-geoffrey-mourey.jpg","contentUrl":"https:\/\/vosgesinfo.fr\/app\/uploads\/sites\/4\/2026\/01\/municipales-2026-candidature-geoffrey-mourey.jpg","width":979,"height":753,"caption":"Geoffrey Mourey (\u00e0 gauche) aux c\u00f4t\u00e9s du d\u00e9put\u00e9 de la deuxi\u00e8me circonscription des Vosges, Ga\u00ebtan Dussaussaye, ce vendredi matin."},{"@type":"BreadcrumbList","@id":"https:\/\/vosgesinfo.fr\/saintdieinfo\/2026\/01\/municipales-2026-geoffrey-mourey-est-officiellement-candidat-a-saint-die-des-vosges\/#breadcrumb","itemListElement":[{"@type":"ListItem","position":1,"name":"Home","item":"https:\/\/vosgesinfo.fr\/saintdieinfo\/"},{"@type":"ListItem","position":2,"name":"Municipales 2026\u00a0: Geoffrey Mourey est officiellement candidat \u00e0 Saint-Di\u00e9-des-Vosges"}]},{"@type":"WebSite","@id":"https:\/\/vosgesinfo.fr\/saintdieinfo\/#website","url":"https:\/\/vosgesinfo.fr\/saintdieinfo\/","name":"Saint Die Info","description":"Toute l&#039;actualit\u00e9 de Saint-Di\u00e9-Des-Vosges","publisher":{"@id":"https:\/\/vosgesinfo.fr\/saintdieinfo\/#organization"},"alternateName":"Toute l'actualit\u00e9 de Saint-Di\u00e9-Des-Vosges","potentialAction":[{"@type":"SearchAction","target":{"@type":"EntryPoint","urlTemplate":"https:\/\/vosgesinfo.fr\/saintdieinfo\/?s={search_term_string}"},"query-input":"required name=search_term_string"}],"inLanguage":"fr-FR"},{"@type":"Organization","@id":"https:\/\/vosgesinfo.fr\/saintdieinfo\/#organization","name":"Saint Die Info","url":"https:\/\/vosgesinfo.fr\/saintdieinfo\/","logo":{"@type":"ImageObject","inLanguage":"fr-FR","@id":"https:\/\/vosgesinfo.fr\/saintdieinfo\/#\/schema\/logo\/image\/","url":"https:\/\/vosgesinfo.fr\/app\/uploads\/sites\/4\/2024\/02\/logo-sdi.jpg","contentUrl":"https:\/\/vosgesinfo.fr\/app\/uploads\/sites\/4\/2024\/02\/logo-sdi.jpg","width":600,"height":600,"caption":"Saint Die Info"},"image":{"@id":"https:\/\/vosgesinfo.fr\/saintdieinfo\/#\/schema\/logo\/image\/"},"sameAs":["https:\/\/www.facebook.com\/Saintdieinfofr","https:\/\/x.com\/VosgesInfo88","https:\/\/www.youtube.com\/@vosgesinfo"]},{"@type":"Person","@id":"https:\/\/vosgesinfo.fr\/saintdieinfo\/#\/schema\/person\/fa73e9f726d67bb88f46d5b7943cb572","name":"J.J.","image":{"@type":"ImageObject","inLanguage":"fr-FR","@id":"https:\/\/vosgesinfo.fr\/saintdieinfo\/#\/schema\/person\/image\/","url":"https:\/\/secure.gravatar.com\/avatar\/219e749e47ffbcca018a360ae4add7d4cdf1cdaaf8bc7676b27efade3fe65615?s=96&d=mm&r=g","contentUrl":"https:\/\/secure.gravatar.com\/avatar\/219e749e47ffbcca018a360ae4add7d4cdf1cdaaf8bc7676b27efade3fe65615?s=96&d=mm&r=g","caption":"J.J."},"url":"https:\/\/vosgesinfo.fr\/saintdieinfo\/author\/j-j\/"}]}},"_links":{"self":[{"href":"https:\/\/vosgesinfo.fr\/saintdieinfo\/wp-json\/wp\/v2\/posts\/87392","targetHints":{"allow":["GET"]}}],"collection":[{"href":"https:\/\/vosgesinfo.fr\/saintdieinfo\/wp-json\/wp\/v2\/posts"}],"about":[{"href":"https:\/\/vosgesinfo.fr\/saintdieinfo\/wp-json\/wp\/v2\/types\/post"}],"author":[{"embeddable":true,"href":"https:\/\/vosgesinfo.fr\/saintdieinfo\/wp-json\/wp\/v2\/users\/46"}],"replies":[{"embeddable":true,"href":"https:\/\/vosgesinfo.fr\/saintdieinfo\/wp-json\/wp\/v2\/comments?post=87392"}],"version-history":[{"count":2,"href":"https:\/\/vosgesinfo.fr\/saintdieinfo\/wp-json\/wp\/v2\/posts\/87392\/revisions"}],"predecessor-version":[{"id":87398,"href":"https:\/\/vosgesinfo.fr\/saintdieinfo\/wp-json\/wp\/v2\/posts\/87392\/revisions\/87398"}],"wp:featuredmedia":[{"embeddable":true,"href":"https:\/\/vosgesinfo.fr\/saintdieinfo\/wp-json\/wp\/v2\/media\/87395"}],"wp:attachment":[{"href":"https:\/\/vosgesinfo.fr\/saintdieinfo\/wp-json\/wp\/v2\/media?parent=87392"}],"wp:term":[{"taxonomy":"category","embeddable":true,"href":"https:\/\/vosgesinfo.fr\/saintdieinfo\/wp-json\/wp\/v2\/categories?post=87392"},{"taxonomy":"post_tag","embeddable":true,"href":"https:\/\/vosgesinfo.fr\/saintdieinfo\/wp-json\/wp\/v2\/tags?post=87392"}],"curies":[{"name":"wp","href":"https:\/\/api.w.org\/{rel}","templated":true}]}}