{"id":87399,"date":"2026-01-30T16:33:10","date_gmt":"2026-01-30T15:33:10","guid":{"rendered":"https:\/\/vosgesinfo.fr\/saintdieinfo\/?p=87399"},"modified":"2026-01-30T16:29:18","modified_gmt":"2026-01-30T15:29:18","slug":"une-nouvelle-presidente-pour-le-club-soroptimist-de-saint-die-des-vosges","status":"publish","type":"post","link":"https:\/\/vosgesinfo.fr\/saintdieinfo\/2026\/01\/une-nouvelle-presidente-pour-le-club-soroptimist-de-saint-die-des-vosges\/","title":{"rendered":"Une nouvelle pr\u00e9sidente pour le Club Soroptimist de Saint-Di\u00e9-des-Vosges"},"content":{"rendered":"<div id=\"attachment_87388\" style=\"width: 586px\" class=\"wp-caption alignnone\"><a href=\"https:\/\/vosgesinfo.fr\/app\/uploads\/sites\/4\/2026\/01\/club-soroptimist-passation-catherine-frison-roch.jpg\"><img decoding=\"async\" aria-describedby=\"caption-attachment-87388\" class=\"size-large wp-image-87388\" src=\"https:\/\/vosgesinfo.fr\/app\/uploads\/sites\/4\/2026\/01\/club-soroptimist-passation-catherine-frison-roch-576x1024.jpg\" alt=\"\" width=\"576\" height=\"1024\" srcset=\"https:\/\/vosgesinfo.fr\/app\/uploads\/sites\/4\/2026\/01\/club-soroptimist-passation-catherine-frison-roch-576x1024.jpg 576w, https:\/\/vosgesinfo.fr\/app\/uploads\/sites\/4\/2026\/01\/club-soroptimist-passation-catherine-frison-roch-169x300.jpg 169w, https:\/\/vosgesinfo.fr\/app\/uploads\/sites\/4\/2026\/01\/club-soroptimist-passation-catherine-frison-roch.jpg 608w\" sizes=\"(max-width: 576px) 100vw, 576px\" \/><\/a><p id=\"caption-attachment-87388\" class=\"wp-caption-text\">Catherine Frison-Roche (\u00e0 gauche) est la nouvelle pr\u00e9sidente du Club Soroptimist de Saint-Di\u00e9-des-Vosges. Elle succ\u00e8de \u00e0 Rosine Gaudel (\u00e0 droite). (Photographie Club Soroptimist de Saint-Di\u00e9-des-Vosges)<\/p><\/div>\n<h2><strong>Catherine Frison-Roche<\/strong> est la nouvelle pr\u00e9sidente du <strong>Club Soroptimist de Saint-Di\u00e9-des-Vosges<\/strong>. Et ce depuis le <strong>1er janvier dernier<\/strong>. Lors de la c\u00e9r\u00e9monie de passation, elle a succ\u00e9d\u00e9 \u00e0 <strong>Rosine Gaudel<\/strong>.<\/h2>\n<p><!--more--><\/p>\n<h3><strong>Soroptimist depuis septembre 2023<\/strong><\/h3>\n<p>Mari\u00e9e et m\u00e8re de trois grands enfants, Catherine Frison-Roche est <strong>infirmi\u00e8re<\/strong> et travaille au <strong>bloc op\u00e9ratoire<\/strong> du <strong>Centre Hospitalier de Saint-Di\u00e9-des-Vosges<\/strong> depuis une trentaine d\u2019ann\u00e9es. Elle a rejoint le Club Soroptimist en <strong>septembre 2023<\/strong>, par l\u2019interm\u00e9diaire d\u2019une amie. \u00ab Ce fut <strong>une \u00e9vidence<\/strong> pour moi d\u2019int\u00e9grer ce club qui a <strong>55 ans d\u2019existence<\/strong> et dont les membres sont attachantes. Leurs grands \u00e2ges pour certaines, leurs assiduit\u00e9s et leurs sororit\u00e9s sont des exemples \u00e0 suivre. \u00bb<\/p>\n<h3><strong>Un nouveau d\u00e9fi<\/strong><\/h3>\n<p>Dans son parcours, Catherine Frison-Roche dit s\u2019\u00eatre recentr\u00e9e au fil des ann\u00e9es, avec un nouveau challenge \u00e0 atteindre chaque ann\u00e9e. En 2023, elle a particip\u00e9 au <strong>rallye des gazelles<\/strong>, avant un <strong>trek<\/strong> en 2024. En 2025, elle a pass\u00e9 le <strong>permis moto<\/strong>. Aujourd\u2019hui, elle aborde la pr\u00e9sidence du club dans le m\u00eame esprit. \u00ab Cette pr\u00e9sidence, je la prends comme un <strong>nouveau d\u00e9fi<\/strong> et je prends ce r\u00f4le tr\u00e8s au s\u00e9rieux. J\u2019esp\u00e8re que je serai \u00e0 la hauteur de la pr\u00e9c\u00e9dente pr\u00e9sidente Rosine Gaudel. \u00bb<\/p>\n<h3><strong>Insuffler une nouvelle dynamique<\/strong><\/h3>\n<p>Pour son mandat, la nouvelle pr\u00e9sidente souhaite s\u2019appuyer sur l\u2019arriv\u00e9e de <strong>sept nouvelles adh\u00e9rentes<\/strong> afin d\u2019insuffler une nouvelle dynamique. Elle vise aussi \u00e0 renforcer la <strong>visibilit\u00e9 du club<\/strong> \u00e0 Saint-Di\u00e9-des-Vosges, \u00e0 participer davantage aux <strong>manifestations locales<\/strong> et \u00e0 d\u00e9velopper des <strong>actions concr\u00e8tes<\/strong>, \u00ab toujours dans le respect des valeurs fondamentales du Soroptimist : <strong>engagement<\/strong>, <strong>solidarit\u00e9<\/strong> et <strong>promotion des droits des femmes<\/strong> \u00bb.<\/p>\n","protected":false},"excerpt":{"rendered":"<p>Catherine Frison-Roche est la nouvelle pr\u00e9sidente du Club Soroptimist de Saint-Di\u00e9-des-Vosges. Et ce depuis le 1er janvier dernier. Lors de [&hellip;]<\/p>\n","protected":false},"author":46,"featured_media":87389,"comment_status":"open","ping_status":"open","sticky":false,"template":"","format":"standard","meta":{"footnotes":""},"categories":[460,167,17],"tags":[20076,3056,20077,11477,1442,20080,20079,20078,3652,2881,43],"class_list":["post-87399","post","type-post","status-publish","format-standard","has-post-thumbnail","hentry","category-a-la-une","category-saint-die-des-vosges","category-vie-associative","tag-catherine-frison-roche","tag-centre-hospitalier-de-saint-die-des-vosges","tag-ceremonie-de-passation","tag-club-soroptimist","tag-droits-des-femmes","tag-manifestations-locales","tag-nouvelles-adherentes","tag-presidente","tag-rosine-gaudel","tag-saint-die-des-vosges","tag-vosges"],"acf":[],"yoast_head":"<!-- This site is optimized with the Yoast SEO plugin v22.5 - https:\/\/yoast.com\/wordpress\/plugins\/seo\/ -->\n<title>Une nouvelle pr\u00e9sidente pour le Club Soroptimist de Saint-Di\u00e9-des-Vosges - Saint Die Info<\/title>\n<meta name=\"robots\" content=\"index, follow, max-snippet:-1, max-image-preview:large, max-video-preview:-1\" \/>\n<link rel=\"canonical\" href=\"https:\/\/vosgesinfo.fr\/saintdieinfo\/2026\/01\/une-nouvelle-presidente-pour-le-club-soroptimist-de-saint-die-des-vosges\/\" \/>\n<meta name=\"twitter:card\" content=\"summary_large_image\" \/>\n<meta name=\"twitter:title\" content=\"Une nouvelle pr\u00e9sidente pour le Club Soroptimist de Saint-Di\u00e9-des-Vosges - Saint Die Info\" \/>\n<meta name=\"twitter:description\" content=\"Catherine Frison-Roche est la nouvelle pr\u00e9sidente du Club Soroptimist de Saint-Di\u00e9-des-Vosges. Et ce depuis le 1er janvier dernier. Lors de [&hellip;]\" \/>\n<meta name=\"twitter:image\" content=\"https:\/\/vosgesinfo.fr\/app\/uploads\/sites\/4\/2026\/01\/club-soroptimist-passation-catherine-frison-roch-1.jpg\" \/>\n<meta name=\"twitter:creator\" content=\"@VosgesInfo88\" \/>\n<meta name=\"twitter:site\" content=\"@VosgesInfo88\" \/>\n<meta name=\"twitter:label1\" content=\"\u00c9crit par\" \/>\n\t<meta name=\"twitter:data1\" content=\"J.J.\" \/>\n\t<meta name=\"twitter:label2\" content=\"Dur\u00e9e de lecture estim\u00e9e\" \/>\n\t<meta name=\"twitter:data2\" content=\"2 minutes\" \/>\n<script type=\"application\/ld+json\" class=\"yoast-schema-graph\">{\"@context\":\"https:\/\/schema.org\",\"@graph\":[{\"@type\":\"Article\",\"@id\":\"https:\/\/vosgesinfo.fr\/saintdieinfo\/2026\/01\/une-nouvelle-presidente-pour-le-club-soroptimist-de-saint-die-des-vosges\/#article\",\"isPartOf\":{\"@id\":\"https:\/\/vosgesinfo.fr\/saintdieinfo\/2026\/01\/une-nouvelle-presidente-pour-le-club-soroptimist-de-saint-die-des-vosges\/\"},\"author\":{\"name\":\"J.J.\",\"@id\":\"https:\/\/vosgesinfo.fr\/saintdieinfo\/#\/schema\/person\/fa73e9f726d67bb88f46d5b7943cb572\"},\"headline\":\"Une nouvelle pr\u00e9sidente pour le Club Soroptimist de Saint-Di\u00e9-des-Vosges\",\"datePublished\":\"2026-01-30T15:33:10+00:00\",\"dateModified\":\"2026-01-30T15:29:18+00:00\",\"mainEntityOfPage\":{\"@id\":\"https:\/\/vosgesinfo.fr\/saintdieinfo\/2026\/01\/une-nouvelle-presidente-pour-le-club-soroptimist-de-saint-die-des-vosges\/\"},\"wordCount\":333,\"commentCount\":0,\"publisher\":{\"@id\":\"https:\/\/vosgesinfo.fr\/saintdieinfo\/#organization\"},\"image\":{\"@id\":\"https:\/\/vosgesinfo.fr\/saintdieinfo\/2026\/01\/une-nouvelle-presidente-pour-le-club-soroptimist-de-saint-die-des-vosges\/#primaryimage\"},\"thumbnailUrl\":\"https:\/\/vosgesinfo.fr\/app\/uploads\/sites\/4\/2026\/01\/club-soroptimist-passation-catherine-frison-roch-1.jpg\",\"keywords\":[\"Catherine Frison-Roche\",\"Centre Hospitalier de Saint-Di\u00e9-des-Vosges\",\"c\u00e9r\u00e9monie de passation\",\"Club SOROPTIMIST\",\"droits des femmes\",\"manifestations locales\",\"nouvelles adh\u00e9rentes\",\"pr\u00e9sidente\",\"Rosine Gaudel\",\"Saint-Di\u00e9-des-Vosges\",\"vosges\"],\"articleSection\":[\"A la Une\",\"Saint-Di\u00e9-des-Vosges\",\"Vie Associative\"],\"inLanguage\":\"fr-FR\",\"potentialAction\":[{\"@type\":\"CommentAction\",\"name\":\"Comment\",\"target\":[\"https:\/\/vosgesinfo.fr\/saintdieinfo\/2026\/01\/une-nouvelle-presidente-pour-le-club-soroptimist-de-saint-die-des-vosges\/#respond\"]}]},{\"@type\":\"WebPage\",\"@id\":\"https:\/\/vosgesinfo.fr\/saintdieinfo\/2026\/01\/une-nouvelle-presidente-pour-le-club-soroptimist-de-saint-die-des-vosges\/\",\"url\":\"https:\/\/vosgesinfo.fr\/saintdieinfo\/2026\/01\/une-nouvelle-presidente-pour-le-club-soroptimist-de-saint-die-des-vosges\/\",\"name\":\"Une nouvelle pr\u00e9sidente pour le Club Soroptimist de Saint-Di\u00e9-des-Vosges - Saint Die Info\",\"isPartOf\":{\"@id\":\"https:\/\/vosgesinfo.fr\/saintdieinfo\/#website\"},\"primaryImageOfPage\":{\"@id\":\"https:\/\/vosgesinfo.fr\/saintdieinfo\/2026\/01\/une-nouvelle-presidente-pour-le-club-soroptimist-de-saint-die-des-vosges\/#primaryimage\"},\"image\":{\"@id\":\"https:\/\/vosgesinfo.fr\/saintdieinfo\/2026\/01\/une-nouvelle-presidente-pour-le-club-soroptimist-de-saint-die-des-vosges\/#primaryimage\"},\"thumbnailUrl\":\"https:\/\/vosgesinfo.fr\/app\/uploads\/sites\/4\/2026\/01\/club-soroptimist-passation-catherine-frison-roch-1.jpg\",\"datePublished\":\"2026-01-30T15:33:10+00:00\",\"dateModified\":\"2026-01-30T15:29:18+00:00\",\"breadcrumb\":{\"@id\":\"https:\/\/vosgesinfo.fr\/saintdieinfo\/2026\/01\/une-nouvelle-presidente-pour-le-club-soroptimist-de-saint-die-des-vosges\/#breadcrumb\"},\"inLanguage\":\"fr-FR\",\"potentialAction\":[{\"@type\":\"ReadAction\",\"target\":[\"https:\/\/vosgesinfo.fr\/saintdieinfo\/2026\/01\/une-nouvelle-presidente-pour-le-club-soroptimist-de-saint-die-des-vosges\/\"]}]},{\"@type\":\"ImageObject\",\"inLanguage\":\"fr-FR\",\"@id\":\"https:\/\/vosgesinfo.fr\/saintdieinfo\/2026\/01\/une-nouvelle-presidente-pour-le-club-soroptimist-de-saint-die-des-vosges\/#primaryimage\",\"url\":\"https:\/\/vosgesinfo.fr\/app\/uploads\/sites\/4\/2026\/01\/club-soroptimist-passation-catherine-frison-roch-1.jpg\",\"contentUrl\":\"https:\/\/vosgesinfo.fr\/app\/uploads\/sites\/4\/2026\/01\/club-soroptimist-passation-catherine-frison-roch-1.jpg\",\"width\":1075,\"height\":799},{\"@type\":\"BreadcrumbList\",\"@id\":\"https:\/\/vosgesinfo.fr\/saintdieinfo\/2026\/01\/une-nouvelle-presidente-pour-le-club-soroptimist-de-saint-die-des-vosges\/#breadcrumb\",\"itemListElement\":[{\"@type\":\"ListItem\",\"position\":1,\"name\":\"Home\",\"item\":\"https:\/\/vosgesinfo.fr\/saintdieinfo\/\"},{\"@type\":\"ListItem\",\"position\":2,\"name\":\"Une nouvelle pr\u00e9sidente pour le Club Soroptimist de Saint-Di\u00e9-des-Vosges\"}]},{\"@type\":\"WebSite\",\"@id\":\"https:\/\/vosgesinfo.fr\/saintdieinfo\/#website\",\"url\":\"https:\/\/vosgesinfo.fr\/saintdieinfo\/\",\"name\":\"Saint Die Info\",\"description\":\"Toute l&#039;actualit\u00e9 de Saint-Di\u00e9-Des-Vosges\",\"publisher\":{\"@id\":\"https:\/\/vosgesinfo.fr\/saintdieinfo\/#organization\"},\"alternateName\":\"Toute l'actualit\u00e9 de Saint-Di\u00e9-Des-Vosges\",\"potentialAction\":[{\"@type\":\"SearchAction\",\"target\":{\"@type\":\"EntryPoint\",\"urlTemplate\":\"https:\/\/vosgesinfo.fr\/saintdieinfo\/?s={search_term_string}\"},\"query-input\":\"required name=search_term_string\"}],\"inLanguage\":\"fr-FR\"},{\"@type\":\"Organization\",\"@id\":\"https:\/\/vosgesinfo.fr\/saintdieinfo\/#organization\",\"name\":\"Saint Die Info\",\"url\":\"https:\/\/vosgesinfo.fr\/saintdieinfo\/\",\"logo\":{\"@type\":\"ImageObject\",\"inLanguage\":\"fr-FR\",\"@id\":\"https:\/\/vosgesinfo.fr\/saintdieinfo\/#\/schema\/logo\/image\/\",\"url\":\"https:\/\/vosgesinfo.fr\/app\/uploads\/sites\/4\/2024\/02\/logo-sdi.jpg\",\"contentUrl\":\"https:\/\/vosgesinfo.fr\/app\/uploads\/sites\/4\/2024\/02\/logo-sdi.jpg\",\"width\":600,\"height\":600,\"caption\":\"Saint Die Info\"},\"image\":{\"@id\":\"https:\/\/vosgesinfo.fr\/saintdieinfo\/#\/schema\/logo\/image\/\"},\"sameAs\":[\"https:\/\/www.facebook.com\/Saintdieinfofr\",\"https:\/\/x.com\/VosgesInfo88\",\"https:\/\/www.youtube.com\/@vosgesinfo\"]},{\"@type\":\"Person\",\"@id\":\"https:\/\/vosgesinfo.fr\/saintdieinfo\/#\/schema\/person\/fa73e9f726d67bb88f46d5b7943cb572\",\"name\":\"J.J.\",\"image\":{\"@type\":\"ImageObject\",\"inLanguage\":\"fr-FR\",\"@id\":\"https:\/\/vosgesinfo.fr\/saintdieinfo\/#\/schema\/person\/image\/\",\"url\":\"https:\/\/secure.gravatar.com\/avatar\/219e749e47ffbcca018a360ae4add7d4cdf1cdaaf8bc7676b27efade3fe65615?s=96&d=mm&r=g\",\"contentUrl\":\"https:\/\/secure.gravatar.com\/avatar\/219e749e47ffbcca018a360ae4add7d4cdf1cdaaf8bc7676b27efade3fe65615?s=96&d=mm&r=g\",\"caption\":\"J.J.\"},\"url\":\"https:\/\/vosgesinfo.fr\/saintdieinfo\/author\/j-j\/\"}]}<\/script>\n<!-- \/ Yoast SEO plugin. -->","yoast_head_json":{"title":"Une nouvelle pr\u00e9sidente pour le Club Soroptimist de Saint-Di\u00e9-des-Vosges - Saint Die Info","robots":{"index":"index","follow":"follow","max-snippet":"max-snippet:-1","max-image-preview":"max-image-preview:large","max-video-preview":"max-video-preview:-1"},"canonical":"https:\/\/vosgesinfo.fr\/saintdieinfo\/2026\/01\/une-nouvelle-presidente-pour-le-club-soroptimist-de-saint-die-des-vosges\/","twitter_card":"summary_large_image","twitter_title":"Une nouvelle pr\u00e9sidente pour le Club Soroptimist de Saint-Di\u00e9-des-Vosges - Saint Die Info","twitter_description":"Catherine Frison-Roche est la nouvelle pr\u00e9sidente du Club Soroptimist de Saint-Di\u00e9-des-Vosges. Et ce depuis le 1er janvier dernier. Lors de [&hellip;]","twitter_image":"https:\/\/vosgesinfo.fr\/app\/uploads\/sites\/4\/2026\/01\/club-soroptimist-passation-catherine-frison-roch-1.jpg","twitter_creator":"@VosgesInfo88","twitter_site":"@VosgesInfo88","twitter_misc":{"\u00c9crit par":"J.J.","Dur\u00e9e de lecture estim\u00e9e":"2 minutes"},"schema":{"@context":"https:\/\/schema.org","@graph":[{"@type":"Article","@id":"https:\/\/vosgesinfo.fr\/saintdieinfo\/2026\/01\/une-nouvelle-presidente-pour-le-club-soroptimist-de-saint-die-des-vosges\/#article","isPartOf":{"@id":"https:\/\/vosgesinfo.fr\/saintdieinfo\/2026\/01\/une-nouvelle-presidente-pour-le-club-soroptimist-de-saint-die-des-vosges\/"},"author":{"name":"J.J.","@id":"https:\/\/vosgesinfo.fr\/saintdieinfo\/#\/schema\/person\/fa73e9f726d67bb88f46d5b7943cb572"},"headline":"Une nouvelle pr\u00e9sidente pour le Club Soroptimist de Saint-Di\u00e9-des-Vosges","datePublished":"2026-01-30T15:33:10+00:00","dateModified":"2026-01-30T15:29:18+00:00","mainEntityOfPage":{"@id":"https:\/\/vosgesinfo.fr\/saintdieinfo\/2026\/01\/une-nouvelle-presidente-pour-le-club-soroptimist-de-saint-die-des-vosges\/"},"wordCount":333,"commentCount":0,"publisher":{"@id":"https:\/\/vosgesinfo.fr\/saintdieinfo\/#organization"},"image":{"@id":"https:\/\/vosgesinfo.fr\/saintdieinfo\/2026\/01\/une-nouvelle-presidente-pour-le-club-soroptimist-de-saint-die-des-vosges\/#primaryimage"},"thumbnailUrl":"https:\/\/vosgesinfo.fr\/app\/uploads\/sites\/4\/2026\/01\/club-soroptimist-passation-catherine-frison-roch-1.jpg","keywords":["Catherine Frison-Roche","Centre Hospitalier de Saint-Di\u00e9-des-Vosges","c\u00e9r\u00e9monie de passation","Club SOROPTIMIST","droits des femmes","manifestations locales","nouvelles adh\u00e9rentes","pr\u00e9sidente","Rosine Gaudel","Saint-Di\u00e9-des-Vosges","vosges"],"articleSection":["A la Une","Saint-Di\u00e9-des-Vosges","Vie Associative"],"inLanguage":"fr-FR","potentialAction":[{"@type":"CommentAction","name":"Comment","target":["https:\/\/vosgesinfo.fr\/saintdieinfo\/2026\/01\/une-nouvelle-presidente-pour-le-club-soroptimist-de-saint-die-des-vosges\/#respond"]}]},{"@type":"WebPage","@id":"https:\/\/vosgesinfo.fr\/saintdieinfo\/2026\/01\/une-nouvelle-presidente-pour-le-club-soroptimist-de-saint-die-des-vosges\/","url":"https:\/\/vosgesinfo.fr\/saintdieinfo\/2026\/01\/une-nouvelle-presidente-pour-le-club-soroptimist-de-saint-die-des-vosges\/","name":"Une nouvelle pr\u00e9sidente pour le Club Soroptimist de Saint-Di\u00e9-des-Vosges - Saint Die Info","isPartOf":{"@id":"https:\/\/vosgesinfo.fr\/saintdieinfo\/#website"},"primaryImageOfPage":{"@id":"https:\/\/vosgesinfo.fr\/saintdieinfo\/2026\/01\/une-nouvelle-presidente-pour-le-club-soroptimist-de-saint-die-des-vosges\/#primaryimage"},"image":{"@id":"https:\/\/vosgesinfo.fr\/saintdieinfo\/2026\/01\/une-nouvelle-presidente-pour-le-club-soroptimist-de-saint-die-des-vosges\/#primaryimage"},"thumbnailUrl":"https:\/\/vosgesinfo.fr\/app\/uploads\/sites\/4\/2026\/01\/club-soroptimist-passation-catherine-frison-roch-1.jpg","datePublished":"2026-01-30T15:33:10+00:00","dateModified":"2026-01-30T15:29:18+00:00","breadcrumb":{"@id":"https:\/\/vosgesinfo.fr\/saintdieinfo\/2026\/01\/une-nouvelle-presidente-pour-le-club-soroptimist-de-saint-die-des-vosges\/#breadcrumb"},"inLanguage":"fr-FR","potentialAction":[{"@type":"ReadAction","target":["https:\/\/vosgesinfo.fr\/saintdieinfo\/2026\/01\/une-nouvelle-presidente-pour-le-club-soroptimist-de-saint-die-des-vosges\/"]}]},{"@type":"ImageObject","inLanguage":"fr-FR","@id":"https:\/\/vosgesinfo.fr\/saintdieinfo\/2026\/01\/une-nouvelle-presidente-pour-le-club-soroptimist-de-saint-die-des-vosges\/#primaryimage","url":"https:\/\/vosgesinfo.fr\/app\/uploads\/sites\/4\/2026\/01\/club-soroptimist-passation-catherine-frison-roch-1.jpg","contentUrl":"https:\/\/vosgesinfo.fr\/app\/uploads\/sites\/4\/2026\/01\/club-soroptimist-passation-catherine-frison-roch-1.jpg","width":1075,"height":799},{"@type":"BreadcrumbList","@id":"https:\/\/vosgesinfo.fr\/saintdieinfo\/2026\/01\/une-nouvelle-presidente-pour-le-club-soroptimist-de-saint-die-des-vosges\/#breadcrumb","itemListElement":[{"@type":"ListItem","position":1,"name":"Home","item":"https:\/\/vosgesinfo.fr\/saintdieinfo\/"},{"@type":"ListItem","position":2,"name":"Une nouvelle pr\u00e9sidente pour le Club Soroptimist de Saint-Di\u00e9-des-Vosges"}]},{"@type":"WebSite","@id":"https:\/\/vosgesinfo.fr\/saintdieinfo\/#website","url":"https:\/\/vosgesinfo.fr\/saintdieinfo\/","name":"Saint Die Info","description":"Toute l&#039;actualit\u00e9 de Saint-Di\u00e9-Des-Vosges","publisher":{"@id":"https:\/\/vosgesinfo.fr\/saintdieinfo\/#organization"},"alternateName":"Toute l'actualit\u00e9 de Saint-Di\u00e9-Des-Vosges","potentialAction":[{"@type":"SearchAction","target":{"@type":"EntryPoint","urlTemplate":"https:\/\/vosgesinfo.fr\/saintdieinfo\/?s={search_term_string}"},"query-input":"required name=search_term_string"}],"inLanguage":"fr-FR"},{"@type":"Organization","@id":"https:\/\/vosgesinfo.fr\/saintdieinfo\/#organization","name":"Saint Die Info","url":"https:\/\/vosgesinfo.fr\/saintdieinfo\/","logo":{"@type":"ImageObject","inLanguage":"fr-FR","@id":"https:\/\/vosgesinfo.fr\/saintdieinfo\/#\/schema\/logo\/image\/","url":"https:\/\/vosgesinfo.fr\/app\/uploads\/sites\/4\/2024\/02\/logo-sdi.jpg","contentUrl":"https:\/\/vosgesinfo.fr\/app\/uploads\/sites\/4\/2024\/02\/logo-sdi.jpg","width":600,"height":600,"caption":"Saint Die Info"},"image":{"@id":"https:\/\/vosgesinfo.fr\/saintdieinfo\/#\/schema\/logo\/image\/"},"sameAs":["https:\/\/www.facebook.com\/Saintdieinfofr","https:\/\/x.com\/VosgesInfo88","https:\/\/www.youtube.com\/@vosgesinfo"]},{"@type":"Person","@id":"https:\/\/vosgesinfo.fr\/saintdieinfo\/#\/schema\/person\/fa73e9f726d67bb88f46d5b7943cb572","name":"J.J.","image":{"@type":"ImageObject","inLanguage":"fr-FR","@id":"https:\/\/vosgesinfo.fr\/saintdieinfo\/#\/schema\/person\/image\/","url":"https:\/\/secure.gravatar.com\/avatar\/219e749e47ffbcca018a360ae4add7d4cdf1cdaaf8bc7676b27efade3fe65615?s=96&d=mm&r=g","contentUrl":"https:\/\/secure.gravatar.com\/avatar\/219e749e47ffbcca018a360ae4add7d4cdf1cdaaf8bc7676b27efade3fe65615?s=96&d=mm&r=g","caption":"J.J."},"url":"https:\/\/vosgesinfo.fr\/saintdieinfo\/author\/j-j\/"}]}},"_links":{"self":[{"href":"https:\/\/vosgesinfo.fr\/saintdieinfo\/wp-json\/wp\/v2\/posts\/87399","targetHints":{"allow":["GET"]}}],"collection":[{"href":"https:\/\/vosgesinfo.fr\/saintdieinfo\/wp-json\/wp\/v2\/posts"}],"about":[{"href":"https:\/\/vosgesinfo.fr\/saintdieinfo\/wp-json\/wp\/v2\/types\/post"}],"author":[{"embeddable":true,"href":"https:\/\/vosgesinfo.fr\/saintdieinfo\/wp-json\/wp\/v2\/users\/46"}],"replies":[{"embeddable":true,"href":"https:\/\/vosgesinfo.fr\/saintdieinfo\/wp-json\/wp\/v2\/comments?post=87399"}],"version-history":[{"count":1,"href":"https:\/\/vosgesinfo.fr\/saintdieinfo\/wp-json\/wp\/v2\/posts\/87399\/revisions"}],"predecessor-version":[{"id":87400,"href":"https:\/\/vosgesinfo.fr\/saintdieinfo\/wp-json\/wp\/v2\/posts\/87399\/revisions\/87400"}],"wp:featuredmedia":[{"embeddable":true,"href":"https:\/\/vosgesinfo.fr\/saintdieinfo\/wp-json\/wp\/v2\/media\/87389"}],"wp:attachment":[{"href":"https:\/\/vosgesinfo.fr\/saintdieinfo\/wp-json\/wp\/v2\/media?parent=87399"}],"wp:term":[{"taxonomy":"category","embeddable":true,"href":"https:\/\/vosgesinfo.fr\/saintdieinfo\/wp-json\/wp\/v2\/categories?post=87399"},{"taxonomy":"post_tag","embeddable":true,"href":"https:\/\/vosgesinfo.fr\/saintdieinfo\/wp-json\/wp\/v2\/tags?post=87399"}],"curies":[{"name":"wp","href":"https:\/\/api.w.org\/{rel}","templated":true}]}}