{"id":87406,"date":"2026-01-31T05:53:02","date_gmt":"2026-01-31T04:53:02","guid":{"rendered":"https:\/\/vosgesinfo.fr\/saintdieinfo\/?p=87406"},"modified":"2026-01-31T05:53:02","modified_gmt":"2026-01-31T04:53:02","slug":"expo-bd-avec-arthur-de-pins-dun-parc-dattraction-rempli-de-monstres-a-un-groupe-de-chevaliers-pas-si-atypiques","status":"publish","type":"post","link":"https:\/\/vosgesinfo.fr\/saintdieinfo\/2026\/01\/expo-bd-avec-arthur-de-pins-dun-parc-dattraction-rempli-de-monstres-a-un-groupe-de-chevaliers-pas-si-atypiques\/","title":{"rendered":"Expo BD avec Arthur de Pins : d&rsquo;un parc d&rsquo;attraction rempli de monstres \u00e0 un groupe de chevaliers pas si atypiques"},"content":{"rendered":"<p><a href=\"https:\/\/vosgesinfo.fr\/app\/uploads\/sites\/6\/2026\/01\/arthur-de-pins-expo-bd-festival-de-gerardmer-6.jpg\"><img decoding=\"async\" class=\"aligncenter size-large wp-image-87526\" src=\"https:\/\/vosgesinfo.fr\/app\/uploads\/sites\/6\/2026\/01\/arthur-de-pins-expo-bd-festival-de-gerardmer-6-1024x768.jpg\" alt=\"\" width=\"1024\" height=\"768\" \/><\/a><\/p>\n\n\t\t<style type=\"text\/css\">\n\t\t\t#gallery-1 {\n\t\t\t\tmargin: auto;\n\t\t\t}\n\t\t\t#gallery-1 .gallery-item {\n\t\t\t\tfloat: left;\n\t\t\t\tmargin-top: 10px;\n\t\t\t\ttext-align: center;\n\t\t\t\twidth: 33%;\n\t\t\t}\n\t\t\t#gallery-1 img {\n\t\t\t\tborder: 2px solid #cfcfcf;\n\t\t\t}\n\t\t\t#gallery-1 .gallery-caption {\n\t\t\t\tmargin-left: 0;\n\t\t\t}\n\t\t\t\/* see gallery_shortcode() in wp-includes\/media.php *\/\n\t\t<\/style>\n\t\t<div id='gallery-1' class='gallery galleryid-87406 gallery-columns-3 gallery-size-thumbnail'><dl class='gallery-item'>\n\t\t\t<dt class='gallery-icon landscape'>\n\t\t\t\t<a href='https:\/\/vosgesinfo.fr\/app\/uploads\/sites\/4\/2026\/01\/arthur-de-pins-expo-bd-festival-de-gerardmer-4.jpg'><img decoding=\"async\" width=\"150\" height=\"150\" src=\"https:\/\/vosgesinfo.fr\/app\/uploads\/sites\/4\/2026\/01\/arthur-de-pins-expo-bd-festival-de-gerardmer-4-150x150.jpg\" class=\"attachment-thumbnail size-thumbnail\" alt=\"\" \/><\/a>\n\t\t\t<\/dt><\/dl><dl class='gallery-item'>\n\t\t\t<dt class='gallery-icon landscape'>\n\t\t\t\t<a href='https:\/\/vosgesinfo.fr\/app\/uploads\/sites\/4\/2026\/01\/arthur-de-pins-expo-bd-festival-de-gerardmer-3.jpg'><img decoding=\"async\" width=\"150\" height=\"150\" src=\"https:\/\/vosgesinfo.fr\/app\/uploads\/sites\/4\/2026\/01\/arthur-de-pins-expo-bd-festival-de-gerardmer-3-150x150.jpg\" class=\"attachment-thumbnail size-thumbnail\" alt=\"\" \/><\/a>\n\t\t\t<\/dt><\/dl><dl class='gallery-item'>\n\t\t\t<dt class='gallery-icon landscape'>\n\t\t\t\t<a href='https:\/\/vosgesinfo.fr\/app\/uploads\/sites\/4\/2026\/01\/arthur-de-pins-expo-bd-festival-de-gerardmer-2.jpg'><img decoding=\"async\" width=\"150\" height=\"150\" src=\"https:\/\/vosgesinfo.fr\/app\/uploads\/sites\/4\/2026\/01\/arthur-de-pins-expo-bd-festival-de-gerardmer-2-150x150.jpg\" class=\"attachment-thumbnail size-thumbnail\" alt=\"\" \/><\/a>\n\t\t\t<\/dt><\/dl><br style=\"clear: both\" \/><dl class='gallery-item'>\n\t\t\t<dt class='gallery-icon landscape'>\n\t\t\t\t<a href='https:\/\/vosgesinfo.fr\/app\/uploads\/sites\/4\/2026\/01\/arthur-de-pins-expo-bd-festival-de-gerardmer-1.jpg'><img decoding=\"async\" width=\"150\" height=\"150\" src=\"https:\/\/vosgesinfo.fr\/app\/uploads\/sites\/4\/2026\/01\/arthur-de-pins-expo-bd-festival-de-gerardmer-1-150x150.jpg\" class=\"attachment-thumbnail size-thumbnail\" alt=\"\" \/><\/a>\n\t\t\t<\/dt><\/dl>\n\t\t\t<br style='clear: both' \/>\n\t\t<\/div>\n\n<p>&nbsp;<\/p>\n<p><strong>L&rsquo;exposition bande dessin\u00e9e propos\u00e9e par le Festival du Film Fantastique est toujours particuli\u00e8rement savoureuse, pour les aficionados comme pour les profanes d&rsquo;ailleurs. Cette ann\u00e9e, honneur aux \u00e9ditions Dupuis et surtout \u00e0 Arthur de Pins qui a s\u00e9lectionn\u00e9 rien que pour vos mirettes quelques planches et grands formats issus de ses deux \u0153uvres <em>Zombill\u00e9nium<\/em> et <em>Knight Club<\/em>.\u00a0<\/strong><\/p>\n<div id=\"attachment_87525\" style=\"width: 235px\" class=\"wp-caption alignright\"><a href=\"https:\/\/vosgesinfo.fr\/app\/uploads\/sites\/6\/2026\/01\/arthur-de-pins-expo-bd-festival-de-gerardmer-5.jpg\"><img decoding=\"async\" aria-describedby=\"caption-attachment-87525\" class=\"size-medium wp-image-87525\" src=\"https:\/\/vosgesinfo.fr\/app\/uploads\/sites\/6\/2026\/01\/arthur-de-pins-expo-bd-festival-de-gerardmer-5-225x300.jpg\" alt=\"\" width=\"225\" height=\"300\" \/><\/a><p id=\"caption-attachment-87525\" class=\"wp-caption-text\">L&rsquo;occasion r\u00eav\u00e9e de se faire d\u00e9dicacer sa BD par l\u2019auteur !<\/p><\/div>\n<p>L&rsquo;auteur \u00e9tait naturellement pr\u00e9sent ce vendredi soir \u00e0 la galerie de la MCL afin de pr\u00e9senter cette exposition et ces deux BD \u00e9minemment fantastiques mais aux univers bien distincts. <em>Zombill\u00e9nium<\/em>, qui est arriv\u00e9e \u00e0 son terme et compte 6 tomes, a vu le jour en 2009 pour devenir progressivement un classique. Un film d&rsquo;animation, pr\u00e9quelle de la BD, est m\u00eame sorti en 2017, recevant un excellent accueil de la part des jeunes et moins jeunes amateurs de BD et de cin\u00e9. La m\u00eame ann\u00e9e, ce dernier avait d&rsquo;ailleurs gagn\u00e9 rien de moins que le prix du public au festival du film jeune public <em>Graines des Toiles,<\/em> organis\u00e9 chaque ann\u00e9e par la MCL de G\u00e9rardmer ! Bref, si vous ne connaissez pas encore, tout est \u00e0 disposition, foncez !<\/p>\n<p>Concernant <em>Knight Club<\/em>, Arthur de Pins s&rsquo;adresse \u00e0 un public un petit peu plus \u00e2g\u00e9 (ado). Il s&rsquo;est notamment inspir\u00e9 des <em>7 Samoura\u00efs<\/em> pour cr\u00e9er, autour de son personnage principal qu&rsquo;est la forgeronne S\u00e9raphine, un groupe de guerriers issus de diff\u00e9rents horizons et de diff\u00e9rentes cultures. Plus graphique, plus sanglant, Knight Club utilise \u00e9galement une gamme de couleurs tr\u00e8s diff\u00e9rentes de Zombill\u00e9nium, avec des tons plus chauds adapt\u00e9s au lieu de l&rsquo;aventure : le proche Orient o\u00f9 S\u00e9raphine forge les armes des guerriers qu&rsquo;elle r\u00e9unit pour prot\u00e9ger son village natal des crois\u00e9s francs. \u00ab\u00a0C&rsquo;est un peu la <em>Panoramix<\/em> du village, c&rsquo;est elle qui leur donne leur puissance, leurs armes\u00a0\u00bb pr\u00e9cise Arthur de Pins. Un premier tome vous attend d\u00e9j\u00e0 en librairie, le second devrait sortir en 2027 !<\/p>\n<p>Pour en savoir plus :\u00a0<a href=\"https:\/\/festival-gerardmer.com\/2026\/exposition-bande-dessinee\/\" target=\"_blank\" rel=\"noopener\">c&rsquo;est ici !<\/a><\/p>\n","protected":false},"excerpt":{"rendered":"<p>&nbsp; L&rsquo;exposition bande dessin\u00e9e propos\u00e9e par le Festival du Film Fantastique est toujours particuli\u00e8rement savoureuse, pour les aficionados comme pour [&hellip;]<\/p>\n","protected":false},"author":42,"featured_media":87407,"comment_status":"open","ping_status":"open","sticky":false,"template":"","format":"standard","meta":{"footnotes":""},"categories":[460,7847,5392,5391,5389,4099,4100],"tags":[20081,9815],"class_list":["post-87406","post","type-post","status-publish","format-standard","has-post-thumbnail","hentry","category-a-la-une","category-art-culture","category-epinal","category-gerardmer","category-la-plaine-des-vosges","category-remiremont","category-saint-die","tag-arthur-de-pins","tag-festival-international-du-film-fantastique-de-gerardmer"],"acf":[],"yoast_head":"<!-- This site is optimized with the Yoast SEO plugin v22.5 - https:\/\/yoast.com\/wordpress\/plugins\/seo\/ -->\n<title>Expo BD avec Arthur de Pins : d&#039;un parc d&#039;attraction rempli de monstres \u00e0 un groupe de chevaliers pas si atypiques - Saint Die Info<\/title>\n<meta name=\"robots\" content=\"index, follow, max-snippet:-1, max-image-preview:large, max-video-preview:-1\" \/>\n<link rel=\"canonical\" href=\"https:\/\/vosgesinfo.fr\/saintdieinfo\/2026\/01\/expo-bd-avec-arthur-de-pins-dun-parc-dattraction-rempli-de-monstres-a-un-groupe-de-chevaliers-pas-si-atypiques\/\" \/>\n<meta name=\"twitter:card\" content=\"summary_large_image\" \/>\n<meta name=\"twitter:title\" content=\"Expo BD avec Arthur de Pins : d&#039;un parc d&#039;attraction rempli de monstres \u00e0 un groupe de chevaliers pas si atypiques - Saint Die Info\" \/>\n<meta name=\"twitter:description\" content=\"&nbsp; L&rsquo;exposition bande dessin\u00e9e propos\u00e9e par le Festival du Film Fantastique est toujours particuli\u00e8rement savoureuse, pour les aficionados comme pour [&hellip;]\" \/>\n<meta name=\"twitter:image\" content=\"https:\/\/vosgesinfo.fr\/app\/uploads\/sites\/4\/2026\/01\/arthur-de-pins-expo-bd-festival-de-gerardmer-6.jpg\" \/>\n<meta name=\"twitter:creator\" content=\"@VosgesInfo88\" \/>\n<meta name=\"twitter:site\" content=\"@VosgesInfo88\" \/>\n<meta name=\"twitter:label1\" content=\"\u00c9crit par\" \/>\n\t<meta name=\"twitter:data1\" content=\"QG\" \/>\n\t<meta name=\"twitter:label2\" content=\"Dur\u00e9e de lecture estim\u00e9e\" \/>\n\t<meta name=\"twitter:data2\" content=\"2 minutes\" \/>\n<script type=\"application\/ld+json\" class=\"yoast-schema-graph\">{\"@context\":\"https:\/\/schema.org\",\"@graph\":[{\"@type\":\"Article\",\"@id\":\"https:\/\/vosgesinfo.fr\/saintdieinfo\/2026\/01\/expo-bd-avec-arthur-de-pins-dun-parc-dattraction-rempli-de-monstres-a-un-groupe-de-chevaliers-pas-si-atypiques\/#article\",\"isPartOf\":{\"@id\":\"https:\/\/vosgesinfo.fr\/saintdieinfo\/2026\/01\/expo-bd-avec-arthur-de-pins-dun-parc-dattraction-rempli-de-monstres-a-un-groupe-de-chevaliers-pas-si-atypiques\/\"},\"author\":{\"name\":\"QG\",\"@id\":\"https:\/\/vosgesinfo.fr\/saintdieinfo\/#\/schema\/person\/db5605779a843dad16b5368f3e7613a5\"},\"headline\":\"Expo BD avec Arthur de Pins : d&rsquo;un parc d&rsquo;attraction rempli de monstres \u00e0 un groupe de chevaliers pas si atypiques\",\"datePublished\":\"2026-01-31T04:53:02+00:00\",\"dateModified\":\"2026-01-31T04:53:02+00:00\",\"mainEntityOfPage\":{\"@id\":\"https:\/\/vosgesinfo.fr\/saintdieinfo\/2026\/01\/expo-bd-avec-arthur-de-pins-dun-parc-dattraction-rempli-de-monstres-a-un-groupe-de-chevaliers-pas-si-atypiques\/\"},\"wordCount\":396,\"commentCount\":0,\"publisher\":{\"@id\":\"https:\/\/vosgesinfo.fr\/saintdieinfo\/#organization\"},\"image\":{\"@id\":\"https:\/\/vosgesinfo.fr\/saintdieinfo\/2026\/01\/expo-bd-avec-arthur-de-pins-dun-parc-dattraction-rempli-de-monstres-a-un-groupe-de-chevaliers-pas-si-atypiques\/#primaryimage\"},\"thumbnailUrl\":\"https:\/\/vosgesinfo.fr\/app\/uploads\/sites\/4\/2026\/01\/arthur-de-pins-expo-bd-festival-de-gerardmer-6.jpg\",\"keywords\":[\"Arthur de Pins\",\"Festival International du Film Fantastique de G\u00e9rardmer\"],\"articleSection\":[\"A la Une\",\"Culture\",\"Epinal\",\"Gerardmer\",\"La plaine des vosges\",\"Remiremont\",\"Saint-di\u00e9\"],\"inLanguage\":\"fr-FR\",\"potentialAction\":[{\"@type\":\"CommentAction\",\"name\":\"Comment\",\"target\":[\"https:\/\/vosgesinfo.fr\/saintdieinfo\/2026\/01\/expo-bd-avec-arthur-de-pins-dun-parc-dattraction-rempli-de-monstres-a-un-groupe-de-chevaliers-pas-si-atypiques\/#respond\"]}]},{\"@type\":\"WebPage\",\"@id\":\"https:\/\/vosgesinfo.fr\/saintdieinfo\/2026\/01\/expo-bd-avec-arthur-de-pins-dun-parc-dattraction-rempli-de-monstres-a-un-groupe-de-chevaliers-pas-si-atypiques\/\",\"url\":\"https:\/\/vosgesinfo.fr\/saintdieinfo\/2026\/01\/expo-bd-avec-arthur-de-pins-dun-parc-dattraction-rempli-de-monstres-a-un-groupe-de-chevaliers-pas-si-atypiques\/\",\"name\":\"Expo BD avec Arthur de Pins : d'un parc d'attraction rempli de monstres \u00e0 un groupe de chevaliers pas si atypiques - Saint Die Info\",\"isPartOf\":{\"@id\":\"https:\/\/vosgesinfo.fr\/saintdieinfo\/#website\"},\"primaryImageOfPage\":{\"@id\":\"https:\/\/vosgesinfo.fr\/saintdieinfo\/2026\/01\/expo-bd-avec-arthur-de-pins-dun-parc-dattraction-rempli-de-monstres-a-un-groupe-de-chevaliers-pas-si-atypiques\/#primaryimage\"},\"image\":{\"@id\":\"https:\/\/vosgesinfo.fr\/saintdieinfo\/2026\/01\/expo-bd-avec-arthur-de-pins-dun-parc-dattraction-rempli-de-monstres-a-un-groupe-de-chevaliers-pas-si-atypiques\/#primaryimage\"},\"thumbnailUrl\":\"https:\/\/vosgesinfo.fr\/app\/uploads\/sites\/4\/2026\/01\/arthur-de-pins-expo-bd-festival-de-gerardmer-6.jpg\",\"datePublished\":\"2026-01-31T04:53:02+00:00\",\"dateModified\":\"2026-01-31T04:53:02+00:00\",\"breadcrumb\":{\"@id\":\"https:\/\/vosgesinfo.fr\/saintdieinfo\/2026\/01\/expo-bd-avec-arthur-de-pins-dun-parc-dattraction-rempli-de-monstres-a-un-groupe-de-chevaliers-pas-si-atypiques\/#breadcrumb\"},\"inLanguage\":\"fr-FR\",\"potentialAction\":[{\"@type\":\"ReadAction\",\"target\":[\"https:\/\/vosgesinfo.fr\/saintdieinfo\/2026\/01\/expo-bd-avec-arthur-de-pins-dun-parc-dattraction-rempli-de-monstres-a-un-groupe-de-chevaliers-pas-si-atypiques\/\"]}]},{\"@type\":\"ImageObject\",\"inLanguage\":\"fr-FR\",\"@id\":\"https:\/\/vosgesinfo.fr\/saintdieinfo\/2026\/01\/expo-bd-avec-arthur-de-pins-dun-parc-dattraction-rempli-de-monstres-a-un-groupe-de-chevaliers-pas-si-atypiques\/#primaryimage\",\"url\":\"https:\/\/vosgesinfo.fr\/app\/uploads\/sites\/4\/2026\/01\/arthur-de-pins-expo-bd-festival-de-gerardmer-6.jpg\",\"contentUrl\":\"https:\/\/vosgesinfo.fr\/app\/uploads\/sites\/4\/2026\/01\/arthur-de-pins-expo-bd-festival-de-gerardmer-6.jpg\",\"width\":1440,\"height\":1080},{\"@type\":\"BreadcrumbList\",\"@id\":\"https:\/\/vosgesinfo.fr\/saintdieinfo\/2026\/01\/expo-bd-avec-arthur-de-pins-dun-parc-dattraction-rempli-de-monstres-a-un-groupe-de-chevaliers-pas-si-atypiques\/#breadcrumb\",\"itemListElement\":[{\"@type\":\"ListItem\",\"position\":1,\"name\":\"Home\",\"item\":\"https:\/\/vosgesinfo.fr\/saintdieinfo\/\"},{\"@type\":\"ListItem\",\"position\":2,\"name\":\"Expo BD avec Arthur de Pins : d&rsquo;un parc d&rsquo;attraction rempli de monstres \u00e0 un groupe de chevaliers pas si atypiques\"}]},{\"@type\":\"WebSite\",\"@id\":\"https:\/\/vosgesinfo.fr\/saintdieinfo\/#website\",\"url\":\"https:\/\/vosgesinfo.fr\/saintdieinfo\/\",\"name\":\"Saint Die Info\",\"description\":\"Toute l&#039;actualit\u00e9 de Saint-Di\u00e9-Des-Vosges\",\"publisher\":{\"@id\":\"https:\/\/vosgesinfo.fr\/saintdieinfo\/#organization\"},\"alternateName\":\"Toute l'actualit\u00e9 de Saint-Di\u00e9-Des-Vosges\",\"potentialAction\":[{\"@type\":\"SearchAction\",\"target\":{\"@type\":\"EntryPoint\",\"urlTemplate\":\"https:\/\/vosgesinfo.fr\/saintdieinfo\/?s={search_term_string}\"},\"query-input\":\"required name=search_term_string\"}],\"inLanguage\":\"fr-FR\"},{\"@type\":\"Organization\",\"@id\":\"https:\/\/vosgesinfo.fr\/saintdieinfo\/#organization\",\"name\":\"Saint Die Info\",\"url\":\"https:\/\/vosgesinfo.fr\/saintdieinfo\/\",\"logo\":{\"@type\":\"ImageObject\",\"inLanguage\":\"fr-FR\",\"@id\":\"https:\/\/vosgesinfo.fr\/saintdieinfo\/#\/schema\/logo\/image\/\",\"url\":\"https:\/\/vosgesinfo.fr\/app\/uploads\/sites\/4\/2024\/02\/logo-sdi.jpg\",\"contentUrl\":\"https:\/\/vosgesinfo.fr\/app\/uploads\/sites\/4\/2024\/02\/logo-sdi.jpg\",\"width\":600,\"height\":600,\"caption\":\"Saint Die Info\"},\"image\":{\"@id\":\"https:\/\/vosgesinfo.fr\/saintdieinfo\/#\/schema\/logo\/image\/\"},\"sameAs\":[\"https:\/\/www.facebook.com\/Saintdieinfofr\",\"https:\/\/x.com\/VosgesInfo88\",\"https:\/\/www.youtube.com\/@vosgesinfo\"]},{\"@type\":\"Person\",\"@id\":\"https:\/\/vosgesinfo.fr\/saintdieinfo\/#\/schema\/person\/db5605779a843dad16b5368f3e7613a5\",\"name\":\"QG\",\"image\":{\"@type\":\"ImageObject\",\"inLanguage\":\"fr-FR\",\"@id\":\"https:\/\/vosgesinfo.fr\/saintdieinfo\/#\/schema\/person\/image\/\",\"url\":\"https:\/\/secure.gravatar.com\/avatar\/ea80c42c204b534408512832fde52504ecabb9706bcb6151cf6175e5b64e6793?s=96&d=mm&r=g\",\"contentUrl\":\"https:\/\/secure.gravatar.com\/avatar\/ea80c42c204b534408512832fde52504ecabb9706bcb6151cf6175e5b64e6793?s=96&d=mm&r=g\",\"caption\":\"QG\"},\"url\":\"https:\/\/vosgesinfo.fr\/saintdieinfo\/author\/quentin88\/\"}]}<\/script>\n<!-- \/ Yoast SEO plugin. -->","yoast_head_json":{"title":"Expo BD avec Arthur de Pins : d'un parc d'attraction rempli de monstres \u00e0 un groupe de chevaliers pas si atypiques - Saint Die Info","robots":{"index":"index","follow":"follow","max-snippet":"max-snippet:-1","max-image-preview":"max-image-preview:large","max-video-preview":"max-video-preview:-1"},"canonical":"https:\/\/vosgesinfo.fr\/saintdieinfo\/2026\/01\/expo-bd-avec-arthur-de-pins-dun-parc-dattraction-rempli-de-monstres-a-un-groupe-de-chevaliers-pas-si-atypiques\/","twitter_card":"summary_large_image","twitter_title":"Expo BD avec Arthur de Pins : d'un parc d'attraction rempli de monstres \u00e0 un groupe de chevaliers pas si atypiques - Saint Die Info","twitter_description":"&nbsp; L&rsquo;exposition bande dessin\u00e9e propos\u00e9e par le Festival du Film Fantastique est toujours particuli\u00e8rement savoureuse, pour les aficionados comme pour [&hellip;]","twitter_image":"https:\/\/vosgesinfo.fr\/app\/uploads\/sites\/4\/2026\/01\/arthur-de-pins-expo-bd-festival-de-gerardmer-6.jpg","twitter_creator":"@VosgesInfo88","twitter_site":"@VosgesInfo88","twitter_misc":{"\u00c9crit par":"QG","Dur\u00e9e de lecture estim\u00e9e":"2 minutes"},"schema":{"@context":"https:\/\/schema.org","@graph":[{"@type":"Article","@id":"https:\/\/vosgesinfo.fr\/saintdieinfo\/2026\/01\/expo-bd-avec-arthur-de-pins-dun-parc-dattraction-rempli-de-monstres-a-un-groupe-de-chevaliers-pas-si-atypiques\/#article","isPartOf":{"@id":"https:\/\/vosgesinfo.fr\/saintdieinfo\/2026\/01\/expo-bd-avec-arthur-de-pins-dun-parc-dattraction-rempli-de-monstres-a-un-groupe-de-chevaliers-pas-si-atypiques\/"},"author":{"name":"QG","@id":"https:\/\/vosgesinfo.fr\/saintdieinfo\/#\/schema\/person\/db5605779a843dad16b5368f3e7613a5"},"headline":"Expo BD avec Arthur de Pins : d&rsquo;un parc d&rsquo;attraction rempli de monstres \u00e0 un groupe de chevaliers pas si atypiques","datePublished":"2026-01-31T04:53:02+00:00","dateModified":"2026-01-31T04:53:02+00:00","mainEntityOfPage":{"@id":"https:\/\/vosgesinfo.fr\/saintdieinfo\/2026\/01\/expo-bd-avec-arthur-de-pins-dun-parc-dattraction-rempli-de-monstres-a-un-groupe-de-chevaliers-pas-si-atypiques\/"},"wordCount":396,"commentCount":0,"publisher":{"@id":"https:\/\/vosgesinfo.fr\/saintdieinfo\/#organization"},"image":{"@id":"https:\/\/vosgesinfo.fr\/saintdieinfo\/2026\/01\/expo-bd-avec-arthur-de-pins-dun-parc-dattraction-rempli-de-monstres-a-un-groupe-de-chevaliers-pas-si-atypiques\/#primaryimage"},"thumbnailUrl":"https:\/\/vosgesinfo.fr\/app\/uploads\/sites\/4\/2026\/01\/arthur-de-pins-expo-bd-festival-de-gerardmer-6.jpg","keywords":["Arthur de Pins","Festival International du Film Fantastique de G\u00e9rardmer"],"articleSection":["A la Une","Culture","Epinal","Gerardmer","La plaine des vosges","Remiremont","Saint-di\u00e9"],"inLanguage":"fr-FR","potentialAction":[{"@type":"CommentAction","name":"Comment","target":["https:\/\/vosgesinfo.fr\/saintdieinfo\/2026\/01\/expo-bd-avec-arthur-de-pins-dun-parc-dattraction-rempli-de-monstres-a-un-groupe-de-chevaliers-pas-si-atypiques\/#respond"]}]},{"@type":"WebPage","@id":"https:\/\/vosgesinfo.fr\/saintdieinfo\/2026\/01\/expo-bd-avec-arthur-de-pins-dun-parc-dattraction-rempli-de-monstres-a-un-groupe-de-chevaliers-pas-si-atypiques\/","url":"https:\/\/vosgesinfo.fr\/saintdieinfo\/2026\/01\/expo-bd-avec-arthur-de-pins-dun-parc-dattraction-rempli-de-monstres-a-un-groupe-de-chevaliers-pas-si-atypiques\/","name":"Expo BD avec Arthur de Pins : d'un parc d'attraction rempli de monstres \u00e0 un groupe de chevaliers pas si atypiques - Saint Die Info","isPartOf":{"@id":"https:\/\/vosgesinfo.fr\/saintdieinfo\/#website"},"primaryImageOfPage":{"@id":"https:\/\/vosgesinfo.fr\/saintdieinfo\/2026\/01\/expo-bd-avec-arthur-de-pins-dun-parc-dattraction-rempli-de-monstres-a-un-groupe-de-chevaliers-pas-si-atypiques\/#primaryimage"},"image":{"@id":"https:\/\/vosgesinfo.fr\/saintdieinfo\/2026\/01\/expo-bd-avec-arthur-de-pins-dun-parc-dattraction-rempli-de-monstres-a-un-groupe-de-chevaliers-pas-si-atypiques\/#primaryimage"},"thumbnailUrl":"https:\/\/vosgesinfo.fr\/app\/uploads\/sites\/4\/2026\/01\/arthur-de-pins-expo-bd-festival-de-gerardmer-6.jpg","datePublished":"2026-01-31T04:53:02+00:00","dateModified":"2026-01-31T04:53:02+00:00","breadcrumb":{"@id":"https:\/\/vosgesinfo.fr\/saintdieinfo\/2026\/01\/expo-bd-avec-arthur-de-pins-dun-parc-dattraction-rempli-de-monstres-a-un-groupe-de-chevaliers-pas-si-atypiques\/#breadcrumb"},"inLanguage":"fr-FR","potentialAction":[{"@type":"ReadAction","target":["https:\/\/vosgesinfo.fr\/saintdieinfo\/2026\/01\/expo-bd-avec-arthur-de-pins-dun-parc-dattraction-rempli-de-monstres-a-un-groupe-de-chevaliers-pas-si-atypiques\/"]}]},{"@type":"ImageObject","inLanguage":"fr-FR","@id":"https:\/\/vosgesinfo.fr\/saintdieinfo\/2026\/01\/expo-bd-avec-arthur-de-pins-dun-parc-dattraction-rempli-de-monstres-a-un-groupe-de-chevaliers-pas-si-atypiques\/#primaryimage","url":"https:\/\/vosgesinfo.fr\/app\/uploads\/sites\/4\/2026\/01\/arthur-de-pins-expo-bd-festival-de-gerardmer-6.jpg","contentUrl":"https:\/\/vosgesinfo.fr\/app\/uploads\/sites\/4\/2026\/01\/arthur-de-pins-expo-bd-festival-de-gerardmer-6.jpg","width":1440,"height":1080},{"@type":"BreadcrumbList","@id":"https:\/\/vosgesinfo.fr\/saintdieinfo\/2026\/01\/expo-bd-avec-arthur-de-pins-dun-parc-dattraction-rempli-de-monstres-a-un-groupe-de-chevaliers-pas-si-atypiques\/#breadcrumb","itemListElement":[{"@type":"ListItem","position":1,"name":"Home","item":"https:\/\/vosgesinfo.fr\/saintdieinfo\/"},{"@type":"ListItem","position":2,"name":"Expo BD avec Arthur de Pins : d&rsquo;un parc d&rsquo;attraction rempli de monstres \u00e0 un groupe de chevaliers pas si atypiques"}]},{"@type":"WebSite","@id":"https:\/\/vosgesinfo.fr\/saintdieinfo\/#website","url":"https:\/\/vosgesinfo.fr\/saintdieinfo\/","name":"Saint Die Info","description":"Toute l&#039;actualit\u00e9 de Saint-Di\u00e9-Des-Vosges","publisher":{"@id":"https:\/\/vosgesinfo.fr\/saintdieinfo\/#organization"},"alternateName":"Toute l'actualit\u00e9 de Saint-Di\u00e9-Des-Vosges","potentialAction":[{"@type":"SearchAction","target":{"@type":"EntryPoint","urlTemplate":"https:\/\/vosgesinfo.fr\/saintdieinfo\/?s={search_term_string}"},"query-input":"required name=search_term_string"}],"inLanguage":"fr-FR"},{"@type":"Organization","@id":"https:\/\/vosgesinfo.fr\/saintdieinfo\/#organization","name":"Saint Die Info","url":"https:\/\/vosgesinfo.fr\/saintdieinfo\/","logo":{"@type":"ImageObject","inLanguage":"fr-FR","@id":"https:\/\/vosgesinfo.fr\/saintdieinfo\/#\/schema\/logo\/image\/","url":"https:\/\/vosgesinfo.fr\/app\/uploads\/sites\/4\/2024\/02\/logo-sdi.jpg","contentUrl":"https:\/\/vosgesinfo.fr\/app\/uploads\/sites\/4\/2024\/02\/logo-sdi.jpg","width":600,"height":600,"caption":"Saint Die Info"},"image":{"@id":"https:\/\/vosgesinfo.fr\/saintdieinfo\/#\/schema\/logo\/image\/"},"sameAs":["https:\/\/www.facebook.com\/Saintdieinfofr","https:\/\/x.com\/VosgesInfo88","https:\/\/www.youtube.com\/@vosgesinfo"]},{"@type":"Person","@id":"https:\/\/vosgesinfo.fr\/saintdieinfo\/#\/schema\/person\/db5605779a843dad16b5368f3e7613a5","name":"QG","image":{"@type":"ImageObject","inLanguage":"fr-FR","@id":"https:\/\/vosgesinfo.fr\/saintdieinfo\/#\/schema\/person\/image\/","url":"https:\/\/secure.gravatar.com\/avatar\/ea80c42c204b534408512832fde52504ecabb9706bcb6151cf6175e5b64e6793?s=96&d=mm&r=g","contentUrl":"https:\/\/secure.gravatar.com\/avatar\/ea80c42c204b534408512832fde52504ecabb9706bcb6151cf6175e5b64e6793?s=96&d=mm&r=g","caption":"QG"},"url":"https:\/\/vosgesinfo.fr\/saintdieinfo\/author\/quentin88\/"}]}},"_links":{"self":[{"href":"https:\/\/vosgesinfo.fr\/saintdieinfo\/wp-json\/wp\/v2\/posts\/87406","targetHints":{"allow":["GET"]}}],"collection":[{"href":"https:\/\/vosgesinfo.fr\/saintdieinfo\/wp-json\/wp\/v2\/posts"}],"about":[{"href":"https:\/\/vosgesinfo.fr\/saintdieinfo\/wp-json\/wp\/v2\/types\/post"}],"author":[{"embeddable":true,"href":"https:\/\/vosgesinfo.fr\/saintdieinfo\/wp-json\/wp\/v2\/users\/42"}],"replies":[{"embeddable":true,"href":"https:\/\/vosgesinfo.fr\/saintdieinfo\/wp-json\/wp\/v2\/comments?post=87406"}],"version-history":[{"count":1,"href":"https:\/\/vosgesinfo.fr\/saintdieinfo\/wp-json\/wp\/v2\/posts\/87406\/revisions"}],"predecessor-version":[{"id":87408,"href":"https:\/\/vosgesinfo.fr\/saintdieinfo\/wp-json\/wp\/v2\/posts\/87406\/revisions\/87408"}],"wp:featuredmedia":[{"embeddable":true,"href":"https:\/\/vosgesinfo.fr\/saintdieinfo\/wp-json\/wp\/v2\/media\/87407"}],"wp:attachment":[{"href":"https:\/\/vosgesinfo.fr\/saintdieinfo\/wp-json\/wp\/v2\/media?parent=87406"}],"wp:term":[{"taxonomy":"category","embeddable":true,"href":"https:\/\/vosgesinfo.fr\/saintdieinfo\/wp-json\/wp\/v2\/categories?post=87406"},{"taxonomy":"post_tag","embeddable":true,"href":"https:\/\/vosgesinfo.fr\/saintdieinfo\/wp-json\/wp\/v2\/tags?post=87406"}],"curies":[{"name":"wp","href":"https:\/\/api.w.org\/{rel}","templated":true}]}}