{"id":87409,"date":"2026-01-31T10:43:46","date_gmt":"2026-01-31T09:43:46","guid":{"rendered":"https:\/\/vosgesinfo.fr\/saintdieinfo\/2026\/01\/refus-dobtemperer-a-saint-etienne-les-remiremont-de-lourdes-peines-prononcees\/"},"modified":"2026-01-31T10:43:46","modified_gmt":"2026-01-31T09:43:46","slug":"refus-dobtemperer-a-saint-etienne-les-remiremont-de-lourdes-peines-prononcees","status":"publish","type":"post","link":"https:\/\/vosgesinfo.fr\/saintdieinfo\/2026\/01\/refus-dobtemperer-a-saint-etienne-les-remiremont-de-lourdes-peines-prononcees\/","title":{"rendered":"Refus d\u2019obtemp\u00e9rer \u00e0 Saint-\u00c9tienne-l\u00e8s-Remiremont : de lourdes peines prononc\u00e9es"},"content":{"rendered":"<div id=\"attachment_138863\" style=\"width: 1034px\" class=\"wp-caption aligncenter\"><a href=\"https:\/\/vosgesinfo.fr\/app\/uploads\/sites\/3\/2026\/01\/refus-obtemperer-vosges.webp\"><img decoding=\"async\" aria-describedby=\"caption-attachment-138863\" class=\"size-large wp-image-138863\" src=\"https:\/\/vosgesinfo.fr\/app\/uploads\/sites\/3\/2026\/01\/refus-obtemperer-vosges-1024x512.webp\" alt=\"\" width=\"1024\" height=\"512\" \/><\/a><p id=\"caption-attachment-138863\" class=\"wp-caption-text\">photo police<\/p><\/div>\n<h2 data-start=\"237\" data-end=\"562\"><strong>Le tribunal judiciaire d\u2019\u00c9pinal a rendu son verdict ce vendredi \u00e0 l\u2019issue d\u2019une journ\u00e9e de comparutions imm\u00e9diates. Les magistrats se sont prononc\u00e9s sur le sort des individus impliqu\u00e9s dans une affaire de vol aggrav\u00e9 et de refus d\u2019obtemp\u00e9rer, survenue dans la nuit du 11 au 12 janvier dernier dans les Vosges.<\/strong><\/h2>\n<p data-start=\"564\" data-end=\"1128\">Cette nuit-l\u00e0, trois hommes circulant \u00e0 bord d\u2019un v\u00e9hicule vol\u00e9 tentaient de prendre la fuite apr\u00e8s avoir commis un cambriolage, notamment dans un bureau de tabac \u00e0 Igney. Rep\u00e9r\u00e9s par les forces de l\u2019ordre, ils ont \u00e9t\u00e9 intercept\u00e9s \u00e0 Saint-\u00c9tienne-l\u00e8s-Remiremont, o\u00f9 la situation a brutalement d\u00e9g\u00e9n\u00e9r\u00e9. Coinc\u00e9s par un \u00e9quipage du commissariat de Remiremont, les fuyards ont d\u00e9lib\u00e9r\u00e9ment lanc\u00e9 leur voiture \u00e0 vive allure contre un v\u00e9hicule de police, causant des blessures \u00e0 deux fonctionnaires et mettant hors service un v\u00e9hicule de patrouille.<\/p>\n<p data-start=\"1130\" data-end=\"1323\">Les faits, largement relay\u00e9s par les m\u00e9dias, avaient suscit\u00e9 une vive \u00e9motion. Deux des trois suspects avaient \u00e9t\u00e9 interpell\u00e9s peu apr\u00e8s les \u00e9v\u00e9nements et pr\u00e9sent\u00e9s devant la justice.<\/p>\n<p data-start=\"1325\" data-end=\"1769\">Le tribunal a inflig\u00e9 la peine la plus s\u00e9v\u00e8re au conducteur, reconnu comme l\u2019auteur principal de la collision volontaire : il a \u00e9t\u00e9 condamn\u00e9 \u00e0 quatre ann\u00e9es de prison ferme. Son passager, \u00e2g\u00e9 de 21 ans, a \u00e9cop\u00e9 de 36 mois d\u2019emprisonnement, dont 24 mois assortis d\u2019un sursis probatoire. La partie ferme de la peine, soit 12 mois, devrait \u00eatre am\u00e9nag\u00e9e sous la forme d\u2019un bracelet \u00e9lectronique avec assignation \u00e0 domicile.<\/p>\n<p data-start=\"1771\" data-end=\"1935\">Quant aux policiers bless\u00e9s lors de l\u2019intervention, ils sont toujours en arr\u00eat de travail, mais leur retour au service est attendu dans les prochaines semaines.<\/p>\n<p data-start=\"1937\" data-end=\"2137\"><iframe loading=\"lazy\" style=\"border: none; overflow: hidden;\" src=\"https:\/\/www.facebook.com\/plugins\/post.php?href=https%3A%2F%2Fwww.facebook.com%2FPoliceNat88%2Fposts%2Fpfbid025XGQBghWuzfuwaQGu944RBWFEpKKd97BLMdmvoBHZ5kAxhcoqaPWNw1jtTxaVwJYl&amp;show_text=true&amp;width=500\" width=\"500\" height=\"807\" frameborder=\"0\" scrolling=\"no\" allowfullscreen=\"allowfullscreen\"><\/iframe><\/p>\n","protected":false},"excerpt":{"rendered":"<p>Le tribunal judiciaire d\u2019\u00c9pinal a rendu son verdict ce vendredi \u00e0 l\u2019issue d\u2019une journ\u00e9e de comparutions imm\u00e9diates. Les magistrats se [&hellip;]<\/p>\n","protected":false},"author":52,"featured_media":87410,"comment_status":"open","ping_status":"open","sticky":false,"template":"","format":"standard","meta":{"footnotes":""},"categories":[460,5392,2924,17257,5391,25,5389,4099,4100],"tags":[],"class_list":["post-87409","post","type-post","status-publish","format-standard","has-post-thumbnail","hentry","category-a-la-une","category-epinal","category-fait-divers","category-faits-divers","category-gerardmer","category-justice","category-la-plaine-des-vosges","category-remiremont","category-saint-die"],"acf":[],"yoast_head":"<!-- This site is optimized with the Yoast SEO plugin v22.5 - https:\/\/yoast.com\/wordpress\/plugins\/seo\/ -->\n<title>Refus d\u2019obtemp\u00e9rer \u00e0 Saint-\u00c9tienne-l\u00e8s-Remiremont : de lourdes peines prononc\u00e9es - Saint Die Info<\/title>\n<meta name=\"robots\" content=\"index, follow, max-snippet:-1, max-image-preview:large, max-video-preview:-1\" \/>\n<link rel=\"canonical\" href=\"https:\/\/vosgesinfo.fr\/saintdieinfo\/2026\/01\/refus-dobtemperer-a-saint-etienne-les-remiremont-de-lourdes-peines-prononcees\/\" \/>\n<meta name=\"twitter:card\" content=\"summary_large_image\" \/>\n<meta name=\"twitter:title\" content=\"Refus d\u2019obtemp\u00e9rer \u00e0 Saint-\u00c9tienne-l\u00e8s-Remiremont : de lourdes peines prononc\u00e9es - Saint Die Info\" \/>\n<meta name=\"twitter:description\" content=\"Le tribunal judiciaire d\u2019\u00c9pinal a rendu son verdict ce vendredi \u00e0 l\u2019issue d\u2019une journ\u00e9e de comparutions imm\u00e9diates. Les magistrats se [&hellip;]\" \/>\n<meta name=\"twitter:image\" content=\"https:\/\/vosgesinfo.fr\/app\/uploads\/sites\/4\/2026\/01\/refus-obtemperer-vosges-2.webp\" \/>\n<meta name=\"twitter:creator\" content=\"@VosgesInfo88\" \/>\n<meta name=\"twitter:site\" content=\"@VosgesInfo88\" \/>\n<meta name=\"twitter:label1\" content=\"\u00c9crit par\" \/>\n\t<meta name=\"twitter:data1\" content=\"C.K.\" \/>\n\t<meta name=\"twitter:label2\" content=\"Dur\u00e9e de lecture estim\u00e9e\" \/>\n\t<meta name=\"twitter:data2\" content=\"1 minute\" \/>\n<script type=\"application\/ld+json\" class=\"yoast-schema-graph\">{\"@context\":\"https:\/\/schema.org\",\"@graph\":[{\"@type\":\"Article\",\"@id\":\"https:\/\/vosgesinfo.fr\/saintdieinfo\/2026\/01\/refus-dobtemperer-a-saint-etienne-les-remiremont-de-lourdes-peines-prononcees\/#article\",\"isPartOf\":{\"@id\":\"https:\/\/vosgesinfo.fr\/saintdieinfo\/2026\/01\/refus-dobtemperer-a-saint-etienne-les-remiremont-de-lourdes-peines-prononcees\/\"},\"author\":{\"name\":\"C.K.\",\"@id\":\"https:\/\/vosgesinfo.fr\/saintdieinfo\/#\/schema\/person\/6f9a650eeea99d969b6c4ab78fccbe81\"},\"headline\":\"Refus d\u2019obtemp\u00e9rer \u00e0 Saint-\u00c9tienne-l\u00e8s-Remiremont : de lourdes peines prononc\u00e9es\",\"datePublished\":\"2026-01-31T09:43:46+00:00\",\"dateModified\":\"2026-01-31T09:43:46+00:00\",\"mainEntityOfPage\":{\"@id\":\"https:\/\/vosgesinfo.fr\/saintdieinfo\/2026\/01\/refus-dobtemperer-a-saint-etienne-les-remiremont-de-lourdes-peines-prononcees\/\"},\"wordCount\":310,\"commentCount\":0,\"publisher\":{\"@id\":\"https:\/\/vosgesinfo.fr\/saintdieinfo\/#organization\"},\"image\":{\"@id\":\"https:\/\/vosgesinfo.fr\/saintdieinfo\/2026\/01\/refus-dobtemperer-a-saint-etienne-les-remiremont-de-lourdes-peines-prononcees\/#primaryimage\"},\"thumbnailUrl\":\"https:\/\/vosgesinfo.fr\/app\/uploads\/sites\/4\/2026\/01\/refus-obtemperer-vosges-2.webp\",\"articleSection\":[\"A la Une\",\"Epinal\",\"Fait Divers\",\"Faits-divers\",\"Gerardmer\",\"Justice\",\"La plaine des vosges\",\"Remiremont\",\"Saint-di\u00e9\"],\"inLanguage\":\"fr-FR\",\"potentialAction\":[{\"@type\":\"CommentAction\",\"name\":\"Comment\",\"target\":[\"https:\/\/vosgesinfo.fr\/saintdieinfo\/2026\/01\/refus-dobtemperer-a-saint-etienne-les-remiremont-de-lourdes-peines-prononcees\/#respond\"]}]},{\"@type\":\"WebPage\",\"@id\":\"https:\/\/vosgesinfo.fr\/saintdieinfo\/2026\/01\/refus-dobtemperer-a-saint-etienne-les-remiremont-de-lourdes-peines-prononcees\/\",\"url\":\"https:\/\/vosgesinfo.fr\/saintdieinfo\/2026\/01\/refus-dobtemperer-a-saint-etienne-les-remiremont-de-lourdes-peines-prononcees\/\",\"name\":\"Refus d\u2019obtemp\u00e9rer \u00e0 Saint-\u00c9tienne-l\u00e8s-Remiremont : de lourdes peines prononc\u00e9es - Saint Die Info\",\"isPartOf\":{\"@id\":\"https:\/\/vosgesinfo.fr\/saintdieinfo\/#website\"},\"primaryImageOfPage\":{\"@id\":\"https:\/\/vosgesinfo.fr\/saintdieinfo\/2026\/01\/refus-dobtemperer-a-saint-etienne-les-remiremont-de-lourdes-peines-prononcees\/#primaryimage\"},\"image\":{\"@id\":\"https:\/\/vosgesinfo.fr\/saintdieinfo\/2026\/01\/refus-dobtemperer-a-saint-etienne-les-remiremont-de-lourdes-peines-prononcees\/#primaryimage\"},\"thumbnailUrl\":\"https:\/\/vosgesinfo.fr\/app\/uploads\/sites\/4\/2026\/01\/refus-obtemperer-vosges-2.webp\",\"datePublished\":\"2026-01-31T09:43:46+00:00\",\"dateModified\":\"2026-01-31T09:43:46+00:00\",\"breadcrumb\":{\"@id\":\"https:\/\/vosgesinfo.fr\/saintdieinfo\/2026\/01\/refus-dobtemperer-a-saint-etienne-les-remiremont-de-lourdes-peines-prononcees\/#breadcrumb\"},\"inLanguage\":\"fr-FR\",\"potentialAction\":[{\"@type\":\"ReadAction\",\"target\":[\"https:\/\/vosgesinfo.fr\/saintdieinfo\/2026\/01\/refus-dobtemperer-a-saint-etienne-les-remiremont-de-lourdes-peines-prononcees\/\"]}]},{\"@type\":\"ImageObject\",\"inLanguage\":\"fr-FR\",\"@id\":\"https:\/\/vosgesinfo.fr\/saintdieinfo\/2026\/01\/refus-dobtemperer-a-saint-etienne-les-remiremont-de-lourdes-peines-prononcees\/#primaryimage\",\"url\":\"https:\/\/vosgesinfo.fr\/app\/uploads\/sites\/4\/2026\/01\/refus-obtemperer-vosges-2.webp\",\"contentUrl\":\"https:\/\/vosgesinfo.fr\/app\/uploads\/sites\/4\/2026\/01\/refus-obtemperer-vosges-2.webp\",\"width\":1100,\"height\":550},{\"@type\":\"BreadcrumbList\",\"@id\":\"https:\/\/vosgesinfo.fr\/saintdieinfo\/2026\/01\/refus-dobtemperer-a-saint-etienne-les-remiremont-de-lourdes-peines-prononcees\/#breadcrumb\",\"itemListElement\":[{\"@type\":\"ListItem\",\"position\":1,\"name\":\"Home\",\"item\":\"https:\/\/vosgesinfo.fr\/saintdieinfo\/\"},{\"@type\":\"ListItem\",\"position\":2,\"name\":\"Refus d\u2019obtemp\u00e9rer \u00e0 Saint-\u00c9tienne-l\u00e8s-Remiremont : de lourdes peines prononc\u00e9es\"}]},{\"@type\":\"WebSite\",\"@id\":\"https:\/\/vosgesinfo.fr\/saintdieinfo\/#website\",\"url\":\"https:\/\/vosgesinfo.fr\/saintdieinfo\/\",\"name\":\"Saint Die Info\",\"description\":\"Toute l&#039;actualit\u00e9 de Saint-Di\u00e9-Des-Vosges\",\"publisher\":{\"@id\":\"https:\/\/vosgesinfo.fr\/saintdieinfo\/#organization\"},\"alternateName\":\"Toute l'actualit\u00e9 de Saint-Di\u00e9-Des-Vosges\",\"potentialAction\":[{\"@type\":\"SearchAction\",\"target\":{\"@type\":\"EntryPoint\",\"urlTemplate\":\"https:\/\/vosgesinfo.fr\/saintdieinfo\/?s={search_term_string}\"},\"query-input\":\"required name=search_term_string\"}],\"inLanguage\":\"fr-FR\"},{\"@type\":\"Organization\",\"@id\":\"https:\/\/vosgesinfo.fr\/saintdieinfo\/#organization\",\"name\":\"Saint Die Info\",\"url\":\"https:\/\/vosgesinfo.fr\/saintdieinfo\/\",\"logo\":{\"@type\":\"ImageObject\",\"inLanguage\":\"fr-FR\",\"@id\":\"https:\/\/vosgesinfo.fr\/saintdieinfo\/#\/schema\/logo\/image\/\",\"url\":\"https:\/\/vosgesinfo.fr\/app\/uploads\/sites\/4\/2024\/02\/logo-sdi.jpg\",\"contentUrl\":\"https:\/\/vosgesinfo.fr\/app\/uploads\/sites\/4\/2024\/02\/logo-sdi.jpg\",\"width\":600,\"height\":600,\"caption\":\"Saint Die Info\"},\"image\":{\"@id\":\"https:\/\/vosgesinfo.fr\/saintdieinfo\/#\/schema\/logo\/image\/\"},\"sameAs\":[\"https:\/\/www.facebook.com\/Saintdieinfofr\",\"https:\/\/x.com\/VosgesInfo88\",\"https:\/\/www.youtube.com\/@vosgesinfo\"]},{\"@type\":\"Person\",\"@id\":\"https:\/\/vosgesinfo.fr\/saintdieinfo\/#\/schema\/person\/6f9a650eeea99d969b6c4ab78fccbe81\",\"name\":\"C.K.\",\"image\":{\"@type\":\"ImageObject\",\"inLanguage\":\"fr-FR\",\"@id\":\"https:\/\/vosgesinfo.fr\/saintdieinfo\/#\/schema\/person\/image\/\",\"url\":\"https:\/\/secure.gravatar.com\/avatar\/48e3fc7f8421ba8942be6b74a2b7f014ca39bc00dece156b7a8e098ae7dc87bf?s=96&d=mm&r=g\",\"contentUrl\":\"https:\/\/secure.gravatar.com\/avatar\/48e3fc7f8421ba8942be6b74a2b7f014ca39bc00dece156b7a8e098ae7dc87bf?s=96&d=mm&r=g\",\"caption\":\"C.K.\"},\"url\":\"https:\/\/vosgesinfo.fr\/saintdieinfo\/author\/celia-k-n\/\"}]}<\/script>\n<!-- \/ Yoast SEO plugin. -->","yoast_head_json":{"title":"Refus d\u2019obtemp\u00e9rer \u00e0 Saint-\u00c9tienne-l\u00e8s-Remiremont : de lourdes peines prononc\u00e9es - Saint Die Info","robots":{"index":"index","follow":"follow","max-snippet":"max-snippet:-1","max-image-preview":"max-image-preview:large","max-video-preview":"max-video-preview:-1"},"canonical":"https:\/\/vosgesinfo.fr\/saintdieinfo\/2026\/01\/refus-dobtemperer-a-saint-etienne-les-remiremont-de-lourdes-peines-prononcees\/","twitter_card":"summary_large_image","twitter_title":"Refus d\u2019obtemp\u00e9rer \u00e0 Saint-\u00c9tienne-l\u00e8s-Remiremont : de lourdes peines prononc\u00e9es - Saint Die Info","twitter_description":"Le tribunal judiciaire d\u2019\u00c9pinal a rendu son verdict ce vendredi \u00e0 l\u2019issue d\u2019une journ\u00e9e de comparutions imm\u00e9diates. Les magistrats se [&hellip;]","twitter_image":"https:\/\/vosgesinfo.fr\/app\/uploads\/sites\/4\/2026\/01\/refus-obtemperer-vosges-2.webp","twitter_creator":"@VosgesInfo88","twitter_site":"@VosgesInfo88","twitter_misc":{"\u00c9crit par":"C.K.","Dur\u00e9e de lecture estim\u00e9e":"1 minute"},"schema":{"@context":"https:\/\/schema.org","@graph":[{"@type":"Article","@id":"https:\/\/vosgesinfo.fr\/saintdieinfo\/2026\/01\/refus-dobtemperer-a-saint-etienne-les-remiremont-de-lourdes-peines-prononcees\/#article","isPartOf":{"@id":"https:\/\/vosgesinfo.fr\/saintdieinfo\/2026\/01\/refus-dobtemperer-a-saint-etienne-les-remiremont-de-lourdes-peines-prononcees\/"},"author":{"name":"C.K.","@id":"https:\/\/vosgesinfo.fr\/saintdieinfo\/#\/schema\/person\/6f9a650eeea99d969b6c4ab78fccbe81"},"headline":"Refus d\u2019obtemp\u00e9rer \u00e0 Saint-\u00c9tienne-l\u00e8s-Remiremont : de lourdes peines prononc\u00e9es","datePublished":"2026-01-31T09:43:46+00:00","dateModified":"2026-01-31T09:43:46+00:00","mainEntityOfPage":{"@id":"https:\/\/vosgesinfo.fr\/saintdieinfo\/2026\/01\/refus-dobtemperer-a-saint-etienne-les-remiremont-de-lourdes-peines-prononcees\/"},"wordCount":310,"commentCount":0,"publisher":{"@id":"https:\/\/vosgesinfo.fr\/saintdieinfo\/#organization"},"image":{"@id":"https:\/\/vosgesinfo.fr\/saintdieinfo\/2026\/01\/refus-dobtemperer-a-saint-etienne-les-remiremont-de-lourdes-peines-prononcees\/#primaryimage"},"thumbnailUrl":"https:\/\/vosgesinfo.fr\/app\/uploads\/sites\/4\/2026\/01\/refus-obtemperer-vosges-2.webp","articleSection":["A la Une","Epinal","Fait Divers","Faits-divers","Gerardmer","Justice","La plaine des vosges","Remiremont","Saint-di\u00e9"],"inLanguage":"fr-FR","potentialAction":[{"@type":"CommentAction","name":"Comment","target":["https:\/\/vosgesinfo.fr\/saintdieinfo\/2026\/01\/refus-dobtemperer-a-saint-etienne-les-remiremont-de-lourdes-peines-prononcees\/#respond"]}]},{"@type":"WebPage","@id":"https:\/\/vosgesinfo.fr\/saintdieinfo\/2026\/01\/refus-dobtemperer-a-saint-etienne-les-remiremont-de-lourdes-peines-prononcees\/","url":"https:\/\/vosgesinfo.fr\/saintdieinfo\/2026\/01\/refus-dobtemperer-a-saint-etienne-les-remiremont-de-lourdes-peines-prononcees\/","name":"Refus d\u2019obtemp\u00e9rer \u00e0 Saint-\u00c9tienne-l\u00e8s-Remiremont : de lourdes peines prononc\u00e9es - Saint Die Info","isPartOf":{"@id":"https:\/\/vosgesinfo.fr\/saintdieinfo\/#website"},"primaryImageOfPage":{"@id":"https:\/\/vosgesinfo.fr\/saintdieinfo\/2026\/01\/refus-dobtemperer-a-saint-etienne-les-remiremont-de-lourdes-peines-prononcees\/#primaryimage"},"image":{"@id":"https:\/\/vosgesinfo.fr\/saintdieinfo\/2026\/01\/refus-dobtemperer-a-saint-etienne-les-remiremont-de-lourdes-peines-prononcees\/#primaryimage"},"thumbnailUrl":"https:\/\/vosgesinfo.fr\/app\/uploads\/sites\/4\/2026\/01\/refus-obtemperer-vosges-2.webp","datePublished":"2026-01-31T09:43:46+00:00","dateModified":"2026-01-31T09:43:46+00:00","breadcrumb":{"@id":"https:\/\/vosgesinfo.fr\/saintdieinfo\/2026\/01\/refus-dobtemperer-a-saint-etienne-les-remiremont-de-lourdes-peines-prononcees\/#breadcrumb"},"inLanguage":"fr-FR","potentialAction":[{"@type":"ReadAction","target":["https:\/\/vosgesinfo.fr\/saintdieinfo\/2026\/01\/refus-dobtemperer-a-saint-etienne-les-remiremont-de-lourdes-peines-prononcees\/"]}]},{"@type":"ImageObject","inLanguage":"fr-FR","@id":"https:\/\/vosgesinfo.fr\/saintdieinfo\/2026\/01\/refus-dobtemperer-a-saint-etienne-les-remiremont-de-lourdes-peines-prononcees\/#primaryimage","url":"https:\/\/vosgesinfo.fr\/app\/uploads\/sites\/4\/2026\/01\/refus-obtemperer-vosges-2.webp","contentUrl":"https:\/\/vosgesinfo.fr\/app\/uploads\/sites\/4\/2026\/01\/refus-obtemperer-vosges-2.webp","width":1100,"height":550},{"@type":"BreadcrumbList","@id":"https:\/\/vosgesinfo.fr\/saintdieinfo\/2026\/01\/refus-dobtemperer-a-saint-etienne-les-remiremont-de-lourdes-peines-prononcees\/#breadcrumb","itemListElement":[{"@type":"ListItem","position":1,"name":"Home","item":"https:\/\/vosgesinfo.fr\/saintdieinfo\/"},{"@type":"ListItem","position":2,"name":"Refus d\u2019obtemp\u00e9rer \u00e0 Saint-\u00c9tienne-l\u00e8s-Remiremont : de lourdes peines prononc\u00e9es"}]},{"@type":"WebSite","@id":"https:\/\/vosgesinfo.fr\/saintdieinfo\/#website","url":"https:\/\/vosgesinfo.fr\/saintdieinfo\/","name":"Saint Die Info","description":"Toute l&#039;actualit\u00e9 de Saint-Di\u00e9-Des-Vosges","publisher":{"@id":"https:\/\/vosgesinfo.fr\/saintdieinfo\/#organization"},"alternateName":"Toute l'actualit\u00e9 de Saint-Di\u00e9-Des-Vosges","potentialAction":[{"@type":"SearchAction","target":{"@type":"EntryPoint","urlTemplate":"https:\/\/vosgesinfo.fr\/saintdieinfo\/?s={search_term_string}"},"query-input":"required name=search_term_string"}],"inLanguage":"fr-FR"},{"@type":"Organization","@id":"https:\/\/vosgesinfo.fr\/saintdieinfo\/#organization","name":"Saint Die Info","url":"https:\/\/vosgesinfo.fr\/saintdieinfo\/","logo":{"@type":"ImageObject","inLanguage":"fr-FR","@id":"https:\/\/vosgesinfo.fr\/saintdieinfo\/#\/schema\/logo\/image\/","url":"https:\/\/vosgesinfo.fr\/app\/uploads\/sites\/4\/2024\/02\/logo-sdi.jpg","contentUrl":"https:\/\/vosgesinfo.fr\/app\/uploads\/sites\/4\/2024\/02\/logo-sdi.jpg","width":600,"height":600,"caption":"Saint Die Info"},"image":{"@id":"https:\/\/vosgesinfo.fr\/saintdieinfo\/#\/schema\/logo\/image\/"},"sameAs":["https:\/\/www.facebook.com\/Saintdieinfofr","https:\/\/x.com\/VosgesInfo88","https:\/\/www.youtube.com\/@vosgesinfo"]},{"@type":"Person","@id":"https:\/\/vosgesinfo.fr\/saintdieinfo\/#\/schema\/person\/6f9a650eeea99d969b6c4ab78fccbe81","name":"C.K.","image":{"@type":"ImageObject","inLanguage":"fr-FR","@id":"https:\/\/vosgesinfo.fr\/saintdieinfo\/#\/schema\/person\/image\/","url":"https:\/\/secure.gravatar.com\/avatar\/48e3fc7f8421ba8942be6b74a2b7f014ca39bc00dece156b7a8e098ae7dc87bf?s=96&d=mm&r=g","contentUrl":"https:\/\/secure.gravatar.com\/avatar\/48e3fc7f8421ba8942be6b74a2b7f014ca39bc00dece156b7a8e098ae7dc87bf?s=96&d=mm&r=g","caption":"C.K."},"url":"https:\/\/vosgesinfo.fr\/saintdieinfo\/author\/celia-k-n\/"}]}},"_links":{"self":[{"href":"https:\/\/vosgesinfo.fr\/saintdieinfo\/wp-json\/wp\/v2\/posts\/87409","targetHints":{"allow":["GET"]}}],"collection":[{"href":"https:\/\/vosgesinfo.fr\/saintdieinfo\/wp-json\/wp\/v2\/posts"}],"about":[{"href":"https:\/\/vosgesinfo.fr\/saintdieinfo\/wp-json\/wp\/v2\/types\/post"}],"author":[{"embeddable":true,"href":"https:\/\/vosgesinfo.fr\/saintdieinfo\/wp-json\/wp\/v2\/users\/52"}],"replies":[{"embeddable":true,"href":"https:\/\/vosgesinfo.fr\/saintdieinfo\/wp-json\/wp\/v2\/comments?post=87409"}],"version-history":[{"count":0,"href":"https:\/\/vosgesinfo.fr\/saintdieinfo\/wp-json\/wp\/v2\/posts\/87409\/revisions"}],"wp:featuredmedia":[{"embeddable":true,"href":"https:\/\/vosgesinfo.fr\/saintdieinfo\/wp-json\/wp\/v2\/media\/87410"}],"wp:attachment":[{"href":"https:\/\/vosgesinfo.fr\/saintdieinfo\/wp-json\/wp\/v2\/media?parent=87409"}],"wp:term":[{"taxonomy":"category","embeddable":true,"href":"https:\/\/vosgesinfo.fr\/saintdieinfo\/wp-json\/wp\/v2\/categories?post=87409"},{"taxonomy":"post_tag","embeddable":true,"href":"https:\/\/vosgesinfo.fr\/saintdieinfo\/wp-json\/wp\/v2\/tags?post=87409"}],"curies":[{"name":"wp","href":"https:\/\/api.w.org\/{rel}","templated":true}]}}