{"id":88763,"date":"2026-03-08T10:23:24","date_gmt":"2026-03-08T09:23:24","guid":{"rendered":"https:\/\/vosgesinfo.fr\/saintdieinfo\/?p=88763"},"modified":"2026-03-08T10:14:02","modified_gmt":"2026-03-08T09:14:02","slug":"volley-ball-le-cannet-sans-pitie-face-aux-louves","status":"publish","type":"post","link":"https:\/\/vosgesinfo.fr\/saintdieinfo\/2026\/03\/volley-ball-le-cannet-sans-pitie-face-aux-louves\/","title":{"rendered":"Volley-ball\u00a0: Le Cannet sans piti\u00e9 face aux Louves"},"content":{"rendered":"<h2>Les <strong>Louves<\/strong> recevaient ce samedi au <strong>Palais omnisports Joseph-Claudel<\/strong> l\u2019actuel quatri\u00e8me du championnat : <strong>Vol\u00e9ro Le Cannet<\/strong>.<\/h2>\n<p><!--more--><\/p>\n<h3><strong>Une hi\u00e9rarchie respect\u00e9e<\/strong><\/h3>\n<p>La hi\u00e9rarchie sportive n\u2019a pas \u00e9t\u00e9 renvers\u00e9e hier soir, puisque la <strong>formation cannettane<\/strong> s\u2019est montr\u00e9e sans piti\u00e9 face aux <strong>D\u00e9odatiennes<\/strong>. Les Louves s\u2019inclinent lourdement, par <strong>0 set \u00e0 3<\/strong>. <strong>Score final<\/strong> : <strong>14-25 ; 10-25 ; 14-25<\/strong>.<\/p>\n<h3><strong>Un d\u00e9placement important \u00e0 venir<\/strong><\/h3>\n<p>Cap d\u00e9sormais sur l\u2019<strong>avant-derni\u00e8re rencontre<\/strong> de la saison r\u00e9guli\u00e8re de <strong>Saforelle Power 6<\/strong>, avec un d\u00e9placement des plus importants dans la <strong>course au maintien<\/strong> samedi prochain, contre <strong>Chamali\u00e8res<\/strong>. Coup d\u2019envoi \u00e0 18 h.<\/p>\n<div id=\"attachment_88764\" style=\"width: 823px\" class=\"wp-caption alignnone\"><a href=\"https:\/\/vosgesinfo.fr\/app\/uploads\/sites\/4\/2026\/03\/volley-ball-defaite-les-louves-vs-le-cannet.jpg\"><img decoding=\"async\" aria-describedby=\"caption-attachment-88764\" class=\"size-large wp-image-88764\" src=\"https:\/\/vosgesinfo.fr\/app\/uploads\/sites\/4\/2026\/03\/volley-ball-defaite-les-louves-vs-le-cannet-813x1024.jpg\" alt=\"\" width=\"813\" height=\"1024\" srcset=\"https:\/\/vosgesinfo.fr\/app\/uploads\/sites\/4\/2026\/03\/volley-ball-defaite-les-louves-vs-le-cannet-813x1024.jpg 813w, https:\/\/vosgesinfo.fr\/app\/uploads\/sites\/4\/2026\/03\/volley-ball-defaite-les-louves-vs-le-cannet-238x300.jpg 238w, https:\/\/vosgesinfo.fr\/app\/uploads\/sites\/4\/2026\/03\/volley-ball-defaite-les-louves-vs-le-cannet-768x968.jpg 768w, https:\/\/vosgesinfo.fr\/app\/uploads\/sites\/4\/2026\/03\/volley-ball-defaite-les-louves-vs-le-cannet.jpg 857w\" sizes=\"(max-width: 813px) 100vw, 813px\" \/><\/a><p id=\"caption-attachment-88764\" class=\"wp-caption-text\">(Image Saint-Di\u00e9-des-Vosges Volley-Ball)<\/p><\/div>\n","protected":false},"excerpt":{"rendered":"<p>Les Louves recevaient ce samedi au Palais omnisports Joseph-Claudel l\u2019actuel quatri\u00e8me du championnat : Vol\u00e9ro Le Cannet.<\/p>\n","protected":false},"author":46,"featured_media":88764,"comment_status":"open","ping_status":"open","sticky":false,"template":"","format":"standard","meta":{"footnotes":""},"categories":[460,167,14],"tags":[18987,10403,5224,3126,18005,2881,4236],"class_list":["post-88763","post","type-post","status-publish","format-standard","has-post-thumbnail","hentry","category-a-la-une","category-saint-die-des-vosges","category-sport","tag-chamalieres","tag-le-cannet","tag-louves","tag-palais-omnisports-joseph-claudel","tag-saforelle-power-6","tag-saint-die-des-vosges","tag-volley-ball"],"acf":[],"yoast_head":"<!-- This site is optimized with the Yoast SEO plugin v22.5 - https:\/\/yoast.com\/wordpress\/plugins\/seo\/ -->\n<title>Volley-ball\u00a0: Le Cannet sans piti\u00e9 face aux Louves - Saint Die Info<\/title>\n<meta name=\"robots\" content=\"index, follow, max-snippet:-1, max-image-preview:large, max-video-preview:-1\" \/>\n<link rel=\"canonical\" href=\"https:\/\/vosgesinfo.fr\/saintdieinfo\/2026\/03\/volley-ball-le-cannet-sans-pitie-face-aux-louves\/\" \/>\n<meta name=\"twitter:card\" content=\"summary_large_image\" \/>\n<meta name=\"twitter:title\" content=\"Volley-ball\u00a0: Le Cannet sans piti\u00e9 face aux Louves - Saint Die Info\" \/>\n<meta name=\"twitter:description\" content=\"Les Louves recevaient ce samedi au Palais omnisports Joseph-Claudel l\u2019actuel quatri\u00e8me du championnat : Vol\u00e9ro Le Cannet.\" \/>\n<meta name=\"twitter:image\" content=\"https:\/\/vosgesinfo.fr\/app\/uploads\/sites\/4\/2026\/03\/volley-ball-defaite-les-louves-vs-le-cannet.jpg\" \/>\n<meta name=\"twitter:creator\" content=\"@VosgesInfo88\" \/>\n<meta name=\"twitter:site\" content=\"@VosgesInfo88\" \/>\n<meta name=\"twitter:label1\" content=\"\u00c9crit par\" \/>\n\t<meta name=\"twitter:data1\" content=\"J.J.\" \/>\n\t<meta name=\"twitter:label2\" content=\"Dur\u00e9e de lecture estim\u00e9e\" \/>\n\t<meta name=\"twitter:data2\" content=\"1 minute\" \/>\n<script type=\"application\/ld+json\" class=\"yoast-schema-graph\">{\"@context\":\"https:\/\/schema.org\",\"@graph\":[{\"@type\":\"Article\",\"@id\":\"https:\/\/vosgesinfo.fr\/saintdieinfo\/2026\/03\/volley-ball-le-cannet-sans-pitie-face-aux-louves\/#article\",\"isPartOf\":{\"@id\":\"https:\/\/vosgesinfo.fr\/saintdieinfo\/2026\/03\/volley-ball-le-cannet-sans-pitie-face-aux-louves\/\"},\"author\":{\"name\":\"J.J.\",\"@id\":\"https:\/\/vosgesinfo.fr\/saintdieinfo\/#\/schema\/person\/fa73e9f726d67bb88f46d5b7943cb572\"},\"headline\":\"Volley-ball\u00a0: Le Cannet sans piti\u00e9 face aux Louves\",\"datePublished\":\"2026-03-08T09:23:24+00:00\",\"dateModified\":\"2026-03-08T09:14:02+00:00\",\"mainEntityOfPage\":{\"@id\":\"https:\/\/vosgesinfo.fr\/saintdieinfo\/2026\/03\/volley-ball-le-cannet-sans-pitie-face-aux-louves\/\"},\"wordCount\":124,\"commentCount\":0,\"publisher\":{\"@id\":\"https:\/\/vosgesinfo.fr\/saintdieinfo\/#organization\"},\"image\":{\"@id\":\"https:\/\/vosgesinfo.fr\/saintdieinfo\/2026\/03\/volley-ball-le-cannet-sans-pitie-face-aux-louves\/#primaryimage\"},\"thumbnailUrl\":\"https:\/\/vosgesinfo.fr\/app\/uploads\/sites\/4\/2026\/03\/volley-ball-defaite-les-louves-vs-le-cannet.jpg\",\"keywords\":[\"Chamali\u00e8res\",\"Le Cannet\",\"Louves\",\"Palais Omnisports Joseph-Claudel\",\"Saforelle Power 6\",\"Saint-Di\u00e9-des-Vosges\",\"Volley-ball\"],\"articleSection\":[\"A la Une\",\"Saint-Di\u00e9-des-Vosges\",\"Sport\"],\"inLanguage\":\"fr-FR\",\"potentialAction\":[{\"@type\":\"CommentAction\",\"name\":\"Comment\",\"target\":[\"https:\/\/vosgesinfo.fr\/saintdieinfo\/2026\/03\/volley-ball-le-cannet-sans-pitie-face-aux-louves\/#respond\"]}]},{\"@type\":\"WebPage\",\"@id\":\"https:\/\/vosgesinfo.fr\/saintdieinfo\/2026\/03\/volley-ball-le-cannet-sans-pitie-face-aux-louves\/\",\"url\":\"https:\/\/vosgesinfo.fr\/saintdieinfo\/2026\/03\/volley-ball-le-cannet-sans-pitie-face-aux-louves\/\",\"name\":\"Volley-ball\u00a0: Le Cannet sans piti\u00e9 face aux Louves - Saint Die Info\",\"isPartOf\":{\"@id\":\"https:\/\/vosgesinfo.fr\/saintdieinfo\/#website\"},\"primaryImageOfPage\":{\"@id\":\"https:\/\/vosgesinfo.fr\/saintdieinfo\/2026\/03\/volley-ball-le-cannet-sans-pitie-face-aux-louves\/#primaryimage\"},\"image\":{\"@id\":\"https:\/\/vosgesinfo.fr\/saintdieinfo\/2026\/03\/volley-ball-le-cannet-sans-pitie-face-aux-louves\/#primaryimage\"},\"thumbnailUrl\":\"https:\/\/vosgesinfo.fr\/app\/uploads\/sites\/4\/2026\/03\/volley-ball-defaite-les-louves-vs-le-cannet.jpg\",\"datePublished\":\"2026-03-08T09:23:24+00:00\",\"dateModified\":\"2026-03-08T09:14:02+00:00\",\"breadcrumb\":{\"@id\":\"https:\/\/vosgesinfo.fr\/saintdieinfo\/2026\/03\/volley-ball-le-cannet-sans-pitie-face-aux-louves\/#breadcrumb\"},\"inLanguage\":\"fr-FR\",\"potentialAction\":[{\"@type\":\"ReadAction\",\"target\":[\"https:\/\/vosgesinfo.fr\/saintdieinfo\/2026\/03\/volley-ball-le-cannet-sans-pitie-face-aux-louves\/\"]}]},{\"@type\":\"ImageObject\",\"inLanguage\":\"fr-FR\",\"@id\":\"https:\/\/vosgesinfo.fr\/saintdieinfo\/2026\/03\/volley-ball-le-cannet-sans-pitie-face-aux-louves\/#primaryimage\",\"url\":\"https:\/\/vosgesinfo.fr\/app\/uploads\/sites\/4\/2026\/03\/volley-ball-defaite-les-louves-vs-le-cannet.jpg\",\"contentUrl\":\"https:\/\/vosgesinfo.fr\/app\/uploads\/sites\/4\/2026\/03\/volley-ball-defaite-les-louves-vs-le-cannet.jpg\",\"width\":857,\"height\":1080,\"caption\":\"(Image Saint-Di\u00e9-des-Vosges Volley-Ball)\"},{\"@type\":\"BreadcrumbList\",\"@id\":\"https:\/\/vosgesinfo.fr\/saintdieinfo\/2026\/03\/volley-ball-le-cannet-sans-pitie-face-aux-louves\/#breadcrumb\",\"itemListElement\":[{\"@type\":\"ListItem\",\"position\":1,\"name\":\"Home\",\"item\":\"https:\/\/vosgesinfo.fr\/saintdieinfo\/\"},{\"@type\":\"ListItem\",\"position\":2,\"name\":\"Volley-ball\u00a0: Le Cannet sans piti\u00e9 face aux Louves\"}]},{\"@type\":\"WebSite\",\"@id\":\"https:\/\/vosgesinfo.fr\/saintdieinfo\/#website\",\"url\":\"https:\/\/vosgesinfo.fr\/saintdieinfo\/\",\"name\":\"Saint Die Info\",\"description\":\"Toute l&#039;actualit\u00e9 de Saint-Di\u00e9-Des-Vosges\",\"publisher\":{\"@id\":\"https:\/\/vosgesinfo.fr\/saintdieinfo\/#organization\"},\"alternateName\":\"Toute l'actualit\u00e9 de Saint-Di\u00e9-Des-Vosges\",\"potentialAction\":[{\"@type\":\"SearchAction\",\"target\":{\"@type\":\"EntryPoint\",\"urlTemplate\":\"https:\/\/vosgesinfo.fr\/saintdieinfo\/?s={search_term_string}\"},\"query-input\":\"required name=search_term_string\"}],\"inLanguage\":\"fr-FR\"},{\"@type\":\"Organization\",\"@id\":\"https:\/\/vosgesinfo.fr\/saintdieinfo\/#organization\",\"name\":\"Saint Die Info\",\"url\":\"https:\/\/vosgesinfo.fr\/saintdieinfo\/\",\"logo\":{\"@type\":\"ImageObject\",\"inLanguage\":\"fr-FR\",\"@id\":\"https:\/\/vosgesinfo.fr\/saintdieinfo\/#\/schema\/logo\/image\/\",\"url\":\"https:\/\/vosgesinfo.fr\/app\/uploads\/sites\/4\/2024\/02\/logo-sdi.jpg\",\"contentUrl\":\"https:\/\/vosgesinfo.fr\/app\/uploads\/sites\/4\/2024\/02\/logo-sdi.jpg\",\"width\":600,\"height\":600,\"caption\":\"Saint Die Info\"},\"image\":{\"@id\":\"https:\/\/vosgesinfo.fr\/saintdieinfo\/#\/schema\/logo\/image\/\"},\"sameAs\":[\"https:\/\/www.facebook.com\/Saintdieinfofr\",\"https:\/\/x.com\/VosgesInfo88\",\"https:\/\/www.youtube.com\/@vosgesinfo\"]},{\"@type\":\"Person\",\"@id\":\"https:\/\/vosgesinfo.fr\/saintdieinfo\/#\/schema\/person\/fa73e9f726d67bb88f46d5b7943cb572\",\"name\":\"J.J.\",\"image\":{\"@type\":\"ImageObject\",\"inLanguage\":\"fr-FR\",\"@id\":\"https:\/\/vosgesinfo.fr\/saintdieinfo\/#\/schema\/person\/image\/\",\"url\":\"https:\/\/secure.gravatar.com\/avatar\/219e749e47ffbcca018a360ae4add7d4cdf1cdaaf8bc7676b27efade3fe65615?s=96&d=mm&r=g\",\"contentUrl\":\"https:\/\/secure.gravatar.com\/avatar\/219e749e47ffbcca018a360ae4add7d4cdf1cdaaf8bc7676b27efade3fe65615?s=96&d=mm&r=g\",\"caption\":\"J.J.\"},\"url\":\"https:\/\/vosgesinfo.fr\/saintdieinfo\/author\/j-j\/\"}]}<\/script>\n<!-- \/ Yoast SEO plugin. -->","yoast_head_json":{"title":"Volley-ball\u00a0: Le Cannet sans piti\u00e9 face aux Louves - Saint Die Info","robots":{"index":"index","follow":"follow","max-snippet":"max-snippet:-1","max-image-preview":"max-image-preview:large","max-video-preview":"max-video-preview:-1"},"canonical":"https:\/\/vosgesinfo.fr\/saintdieinfo\/2026\/03\/volley-ball-le-cannet-sans-pitie-face-aux-louves\/","twitter_card":"summary_large_image","twitter_title":"Volley-ball\u00a0: Le Cannet sans piti\u00e9 face aux Louves - Saint Die Info","twitter_description":"Les Louves recevaient ce samedi au Palais omnisports Joseph-Claudel l\u2019actuel quatri\u00e8me du championnat : Vol\u00e9ro Le Cannet.","twitter_image":"https:\/\/vosgesinfo.fr\/app\/uploads\/sites\/4\/2026\/03\/volley-ball-defaite-les-louves-vs-le-cannet.jpg","twitter_creator":"@VosgesInfo88","twitter_site":"@VosgesInfo88","twitter_misc":{"\u00c9crit par":"J.J.","Dur\u00e9e de lecture estim\u00e9e":"1 minute"},"schema":{"@context":"https:\/\/schema.org","@graph":[{"@type":"Article","@id":"https:\/\/vosgesinfo.fr\/saintdieinfo\/2026\/03\/volley-ball-le-cannet-sans-pitie-face-aux-louves\/#article","isPartOf":{"@id":"https:\/\/vosgesinfo.fr\/saintdieinfo\/2026\/03\/volley-ball-le-cannet-sans-pitie-face-aux-louves\/"},"author":{"name":"J.J.","@id":"https:\/\/vosgesinfo.fr\/saintdieinfo\/#\/schema\/person\/fa73e9f726d67bb88f46d5b7943cb572"},"headline":"Volley-ball\u00a0: Le Cannet sans piti\u00e9 face aux Louves","datePublished":"2026-03-08T09:23:24+00:00","dateModified":"2026-03-08T09:14:02+00:00","mainEntityOfPage":{"@id":"https:\/\/vosgesinfo.fr\/saintdieinfo\/2026\/03\/volley-ball-le-cannet-sans-pitie-face-aux-louves\/"},"wordCount":124,"commentCount":0,"publisher":{"@id":"https:\/\/vosgesinfo.fr\/saintdieinfo\/#organization"},"image":{"@id":"https:\/\/vosgesinfo.fr\/saintdieinfo\/2026\/03\/volley-ball-le-cannet-sans-pitie-face-aux-louves\/#primaryimage"},"thumbnailUrl":"https:\/\/vosgesinfo.fr\/app\/uploads\/sites\/4\/2026\/03\/volley-ball-defaite-les-louves-vs-le-cannet.jpg","keywords":["Chamali\u00e8res","Le Cannet","Louves","Palais Omnisports Joseph-Claudel","Saforelle Power 6","Saint-Di\u00e9-des-Vosges","Volley-ball"],"articleSection":["A la Une","Saint-Di\u00e9-des-Vosges","Sport"],"inLanguage":"fr-FR","potentialAction":[{"@type":"CommentAction","name":"Comment","target":["https:\/\/vosgesinfo.fr\/saintdieinfo\/2026\/03\/volley-ball-le-cannet-sans-pitie-face-aux-louves\/#respond"]}]},{"@type":"WebPage","@id":"https:\/\/vosgesinfo.fr\/saintdieinfo\/2026\/03\/volley-ball-le-cannet-sans-pitie-face-aux-louves\/","url":"https:\/\/vosgesinfo.fr\/saintdieinfo\/2026\/03\/volley-ball-le-cannet-sans-pitie-face-aux-louves\/","name":"Volley-ball\u00a0: Le Cannet sans piti\u00e9 face aux Louves - Saint Die Info","isPartOf":{"@id":"https:\/\/vosgesinfo.fr\/saintdieinfo\/#website"},"primaryImageOfPage":{"@id":"https:\/\/vosgesinfo.fr\/saintdieinfo\/2026\/03\/volley-ball-le-cannet-sans-pitie-face-aux-louves\/#primaryimage"},"image":{"@id":"https:\/\/vosgesinfo.fr\/saintdieinfo\/2026\/03\/volley-ball-le-cannet-sans-pitie-face-aux-louves\/#primaryimage"},"thumbnailUrl":"https:\/\/vosgesinfo.fr\/app\/uploads\/sites\/4\/2026\/03\/volley-ball-defaite-les-louves-vs-le-cannet.jpg","datePublished":"2026-03-08T09:23:24+00:00","dateModified":"2026-03-08T09:14:02+00:00","breadcrumb":{"@id":"https:\/\/vosgesinfo.fr\/saintdieinfo\/2026\/03\/volley-ball-le-cannet-sans-pitie-face-aux-louves\/#breadcrumb"},"inLanguage":"fr-FR","potentialAction":[{"@type":"ReadAction","target":["https:\/\/vosgesinfo.fr\/saintdieinfo\/2026\/03\/volley-ball-le-cannet-sans-pitie-face-aux-louves\/"]}]},{"@type":"ImageObject","inLanguage":"fr-FR","@id":"https:\/\/vosgesinfo.fr\/saintdieinfo\/2026\/03\/volley-ball-le-cannet-sans-pitie-face-aux-louves\/#primaryimage","url":"https:\/\/vosgesinfo.fr\/app\/uploads\/sites\/4\/2026\/03\/volley-ball-defaite-les-louves-vs-le-cannet.jpg","contentUrl":"https:\/\/vosgesinfo.fr\/app\/uploads\/sites\/4\/2026\/03\/volley-ball-defaite-les-louves-vs-le-cannet.jpg","width":857,"height":1080,"caption":"(Image Saint-Di\u00e9-des-Vosges Volley-Ball)"},{"@type":"BreadcrumbList","@id":"https:\/\/vosgesinfo.fr\/saintdieinfo\/2026\/03\/volley-ball-le-cannet-sans-pitie-face-aux-louves\/#breadcrumb","itemListElement":[{"@type":"ListItem","position":1,"name":"Home","item":"https:\/\/vosgesinfo.fr\/saintdieinfo\/"},{"@type":"ListItem","position":2,"name":"Volley-ball\u00a0: Le Cannet sans piti\u00e9 face aux Louves"}]},{"@type":"WebSite","@id":"https:\/\/vosgesinfo.fr\/saintdieinfo\/#website","url":"https:\/\/vosgesinfo.fr\/saintdieinfo\/","name":"Saint Die Info","description":"Toute l&#039;actualit\u00e9 de Saint-Di\u00e9-Des-Vosges","publisher":{"@id":"https:\/\/vosgesinfo.fr\/saintdieinfo\/#organization"},"alternateName":"Toute l'actualit\u00e9 de Saint-Di\u00e9-Des-Vosges","potentialAction":[{"@type":"SearchAction","target":{"@type":"EntryPoint","urlTemplate":"https:\/\/vosgesinfo.fr\/saintdieinfo\/?s={search_term_string}"},"query-input":"required name=search_term_string"}],"inLanguage":"fr-FR"},{"@type":"Organization","@id":"https:\/\/vosgesinfo.fr\/saintdieinfo\/#organization","name":"Saint Die Info","url":"https:\/\/vosgesinfo.fr\/saintdieinfo\/","logo":{"@type":"ImageObject","inLanguage":"fr-FR","@id":"https:\/\/vosgesinfo.fr\/saintdieinfo\/#\/schema\/logo\/image\/","url":"https:\/\/vosgesinfo.fr\/app\/uploads\/sites\/4\/2024\/02\/logo-sdi.jpg","contentUrl":"https:\/\/vosgesinfo.fr\/app\/uploads\/sites\/4\/2024\/02\/logo-sdi.jpg","width":600,"height":600,"caption":"Saint Die Info"},"image":{"@id":"https:\/\/vosgesinfo.fr\/saintdieinfo\/#\/schema\/logo\/image\/"},"sameAs":["https:\/\/www.facebook.com\/Saintdieinfofr","https:\/\/x.com\/VosgesInfo88","https:\/\/www.youtube.com\/@vosgesinfo"]},{"@type":"Person","@id":"https:\/\/vosgesinfo.fr\/saintdieinfo\/#\/schema\/person\/fa73e9f726d67bb88f46d5b7943cb572","name":"J.J.","image":{"@type":"ImageObject","inLanguage":"fr-FR","@id":"https:\/\/vosgesinfo.fr\/saintdieinfo\/#\/schema\/person\/image\/","url":"https:\/\/secure.gravatar.com\/avatar\/219e749e47ffbcca018a360ae4add7d4cdf1cdaaf8bc7676b27efade3fe65615?s=96&d=mm&r=g","contentUrl":"https:\/\/secure.gravatar.com\/avatar\/219e749e47ffbcca018a360ae4add7d4cdf1cdaaf8bc7676b27efade3fe65615?s=96&d=mm&r=g","caption":"J.J."},"url":"https:\/\/vosgesinfo.fr\/saintdieinfo\/author\/j-j\/"}]}},"_links":{"self":[{"href":"https:\/\/vosgesinfo.fr\/saintdieinfo\/wp-json\/wp\/v2\/posts\/88763","targetHints":{"allow":["GET"]}}],"collection":[{"href":"https:\/\/vosgesinfo.fr\/saintdieinfo\/wp-json\/wp\/v2\/posts"}],"about":[{"href":"https:\/\/vosgesinfo.fr\/saintdieinfo\/wp-json\/wp\/v2\/types\/post"}],"author":[{"embeddable":true,"href":"https:\/\/vosgesinfo.fr\/saintdieinfo\/wp-json\/wp\/v2\/users\/46"}],"replies":[{"embeddable":true,"href":"https:\/\/vosgesinfo.fr\/saintdieinfo\/wp-json\/wp\/v2\/comments?post=88763"}],"version-history":[{"count":2,"href":"https:\/\/vosgesinfo.fr\/saintdieinfo\/wp-json\/wp\/v2\/posts\/88763\/revisions"}],"predecessor-version":[{"id":88766,"href":"https:\/\/vosgesinfo.fr\/saintdieinfo\/wp-json\/wp\/v2\/posts\/88763\/revisions\/88766"}],"wp:featuredmedia":[{"embeddable":true,"href":"https:\/\/vosgesinfo.fr\/saintdieinfo\/wp-json\/wp\/v2\/media\/88764"}],"wp:attachment":[{"href":"https:\/\/vosgesinfo.fr\/saintdieinfo\/wp-json\/wp\/v2\/media?parent=88763"}],"wp:term":[{"taxonomy":"category","embeddable":true,"href":"https:\/\/vosgesinfo.fr\/saintdieinfo\/wp-json\/wp\/v2\/categories?post=88763"},{"taxonomy":"post_tag","embeddable":true,"href":"https:\/\/vosgesinfo.fr\/saintdieinfo\/wp-json\/wp\/v2\/tags?post=88763"}],"curies":[{"name":"wp","href":"https:\/\/api.w.org\/{rel}","templated":true}]}}