{"id":88815,"date":"2026-03-09T13:33:36","date_gmt":"2026-03-09T12:33:36","guid":{"rendered":"https:\/\/vosgesinfo.fr\/saintdieinfo\/?p=88815"},"modified":"2026-03-09T13:16:56","modified_gmt":"2026-03-09T12:16:56","slug":"amphibure-a-la-decouverte-de-la-faune-et-du-passe-celtique-du-massif-de-la-bure","status":"publish","type":"post","link":"https:\/\/vosgesinfo.fr\/saintdieinfo\/2026\/03\/amphibure-a-la-decouverte-de-la-faune-et-du-passe-celtique-du-massif-de-la-bure\/","title":{"rendered":"Amphi\u2019Bure : \u00e0 la d\u00e9couverte de la faune et du pass\u00e9 celtique du massif de La Bure"},"content":{"rendered":"<p><a href=\"https:\/\/vosgesinfo.fr\/app\/uploads\/sites\/4\/2026\/03\/sortie-amphibure-2.jpg\"><img decoding=\"async\" class=\"alignnone size-full wp-image-88818\" src=\"https:\/\/vosgesinfo.fr\/app\/uploads\/sites\/4\/2026\/03\/sortie-amphibure-2.jpg\" alt=\"\" width=\"949\" height=\"816\" srcset=\"https:\/\/vosgesinfo.fr\/app\/uploads\/sites\/4\/2026\/03\/sortie-amphibure-2.jpg 949w, https:\/\/vosgesinfo.fr\/app\/uploads\/sites\/4\/2026\/03\/sortie-amphibure-2-300x258.jpg 300w, https:\/\/vosgesinfo.fr\/app\/uploads\/sites\/4\/2026\/03\/sortie-amphibure-2-768x660.jpg 768w\" sizes=\"(max-width: 949px) 100vw, 949px\" \/><\/a><\/p>\n<h2>Une balade d\u00e9couverte anim\u00e9e autour de la faune du <strong>Camp celtique de La Bure<\/strong> sera propos\u00e9e <strong>samedi 4 avril<\/strong> \u00e0 14 h, au <strong>col de la Cr\u00e9n\u00e9e<\/strong>. Baptis\u00e9e <strong>Amphi\u2019Bure<\/strong>, cette sortie nature est gratuite et ouverte \u00e0 tous, sur inscription.<\/h2>\n<p><!--more--><\/p>\n<h3><strong>Trois associations r\u00e9unies<\/strong><\/h3>\n<p>Cette sortie sera coorganis\u00e9e par <strong>la Soci\u00e9t\u00e9 Philomatique Vosgienne, l\u2019association BERIAN et ETC Terra<\/strong>. <strong>Trois ateliers<\/strong> permettront d\u2019aborder <strong>l\u2019histoire g\u00e9n\u00e9rale du site gaulois<\/strong>, le bestiaire imaginaire et r\u00e9el de l\u2019\u00e9poque gauloise, ainsi que <strong>les amphibiens pr\u00e9sents sur le site<\/strong>.<\/p>\n<h3><strong>De l\u2019\u00e9poque gauloise \u00e0 aujourd\u2019hui<\/strong><\/h3>\n<p>La sortie proposera une d\u00e9couverte de la faune du <strong>Camp celtique de La Bure<\/strong>, de <strong>l\u2019\u00e9poque celtique \u00e0 aujourd\u2019hui<\/strong>. Le public pourra aussi s\u2019int\u00e9resser aux <strong>cr\u00e9atures mythologiques de l\u2019univers gaulois<\/strong> et aux <strong>amphibiens<\/strong> qui peuplent actuellement le site.<\/p>\n<h3><strong>Inscriptions et contact<\/strong><\/h3>\n<p>Pour s\u2019inscrire, il suffit d\u2019envoyer un <strong>courriel<\/strong> \u00e0 <strong><a href=\"mailto:berian.association@hotmail.com\" target=\"_blank\" rel=\"noopener\">berian.association@hotmail.com<\/a><\/strong> ou de contacter <strong>l\u2019association BERIAN<\/strong> par t\u00e9l\u00e9phone, au <strong>07-67-87-00-43<\/strong>.<\/p>\n","protected":false},"excerpt":{"rendered":"<p>Une balade d\u00e9couverte anim\u00e9e autour de la faune du Camp celtique de La Bure sera propos\u00e9e samedi 4 avril \u00e0 [&hellip;]<\/p>\n","protected":false},"author":46,"featured_media":88818,"comment_status":"open","ping_status":"open","sticky":false,"template":"","format":"standard","meta":{"footnotes":""},"categories":[3900,7847,7,167,17],"tags":[10859,19808,3010,6388,10860,3029,20692,3215,20691],"class_list":["post-88815","post","type-post","status-publish","format-standard","has-post-thumbnail","hentry","category-breves","category-art-culture","category-environnement","category-saint-die-des-vosges","category-vie-associative","tag-amphibure","tag-amphibiens","tag-berian","tag-camp-celtique-de-la-bure","tag-col-de-la-crenee","tag-etc-terra","tag-site-gaulois","tag-societe-philomatique-vosgienne","tag-sortie-nature"],"acf":[],"yoast_head":"<!-- This site is optimized with the Yoast SEO plugin v22.5 - https:\/\/yoast.com\/wordpress\/plugins\/seo\/ -->\n<title>Amphi\u2019Bure : \u00e0 la d\u00e9couverte de la faune et du pass\u00e9 celtique du massif de La Bure - Saint Die Info<\/title>\n<meta name=\"robots\" content=\"index, follow, max-snippet:-1, max-image-preview:large, max-video-preview:-1\" \/>\n<link rel=\"canonical\" href=\"https:\/\/vosgesinfo.fr\/saintdieinfo\/2026\/03\/amphibure-a-la-decouverte-de-la-faune-et-du-passe-celtique-du-massif-de-la-bure\/\" \/>\n<meta name=\"twitter:card\" content=\"summary_large_image\" \/>\n<meta name=\"twitter:title\" content=\"Amphi\u2019Bure : \u00e0 la d\u00e9couverte de la faune et du pass\u00e9 celtique du massif de La Bure - Saint Die Info\" \/>\n<meta name=\"twitter:description\" content=\"Une balade d\u00e9couverte anim\u00e9e autour de la faune du Camp celtique de La Bure sera propos\u00e9e samedi 4 avril \u00e0 [&hellip;]\" \/>\n<meta name=\"twitter:image\" content=\"https:\/\/vosgesinfo.fr\/app\/uploads\/sites\/4\/2026\/03\/sortie-amphibure-2.jpg\" \/>\n<meta name=\"twitter:creator\" content=\"@VosgesInfo88\" \/>\n<meta name=\"twitter:site\" content=\"@VosgesInfo88\" \/>\n<meta name=\"twitter:label1\" content=\"\u00c9crit par\" \/>\n\t<meta name=\"twitter:data1\" content=\"J.J.\" \/>\n\t<meta name=\"twitter:label2\" content=\"Dur\u00e9e de lecture estim\u00e9e\" \/>\n\t<meta name=\"twitter:data2\" content=\"2 minutes\" \/>\n<script type=\"application\/ld+json\" class=\"yoast-schema-graph\">{\"@context\":\"https:\/\/schema.org\",\"@graph\":[{\"@type\":\"Article\",\"@id\":\"https:\/\/vosgesinfo.fr\/saintdieinfo\/2026\/03\/amphibure-a-la-decouverte-de-la-faune-et-du-passe-celtique-du-massif-de-la-bure\/#article\",\"isPartOf\":{\"@id\":\"https:\/\/vosgesinfo.fr\/saintdieinfo\/2026\/03\/amphibure-a-la-decouverte-de-la-faune-et-du-passe-celtique-du-massif-de-la-bure\/\"},\"author\":{\"name\":\"J.J.\",\"@id\":\"https:\/\/vosgesinfo.fr\/saintdieinfo\/#\/schema\/person\/fa73e9f726d67bb88f46d5b7943cb572\"},\"headline\":\"Amphi\u2019Bure : \u00e0 la d\u00e9couverte de la faune et du pass\u00e9 celtique du massif de La Bure\",\"datePublished\":\"2026-03-09T12:33:36+00:00\",\"dateModified\":\"2026-03-09T12:16:56+00:00\",\"mainEntityOfPage\":{\"@id\":\"https:\/\/vosgesinfo.fr\/saintdieinfo\/2026\/03\/amphibure-a-la-decouverte-de-la-faune-et-du-passe-celtique-du-massif-de-la-bure\/\"},\"wordCount\":194,\"commentCount\":0,\"publisher\":{\"@id\":\"https:\/\/vosgesinfo.fr\/saintdieinfo\/#organization\"},\"image\":{\"@id\":\"https:\/\/vosgesinfo.fr\/saintdieinfo\/2026\/03\/amphibure-a-la-decouverte-de-la-faune-et-du-passe-celtique-du-massif-de-la-bure\/#primaryimage\"},\"thumbnailUrl\":\"https:\/\/vosgesinfo.fr\/app\/uploads\/sites\/4\/2026\/03\/sortie-amphibure-2.jpg\",\"keywords\":[\"Amphi'Bure\",\"amphibiens\",\"BERIAN\",\"Camp celtique de La Bure\",\"Col de la Cr\u00e9n\u00e9e\",\"ETC... Terra\",\"site gaulois\",\"Soci\u00e9t\u00e9 Philomatique Vosgienne\",\"sortie nature\"],\"articleSection\":[\"Br\u00e8ves\",\"Culture\",\"Environnement\",\"Saint-Di\u00e9-des-Vosges\",\"Vie Associative\"],\"inLanguage\":\"fr-FR\",\"potentialAction\":[{\"@type\":\"CommentAction\",\"name\":\"Comment\",\"target\":[\"https:\/\/vosgesinfo.fr\/saintdieinfo\/2026\/03\/amphibure-a-la-decouverte-de-la-faune-et-du-passe-celtique-du-massif-de-la-bure\/#respond\"]}]},{\"@type\":\"WebPage\",\"@id\":\"https:\/\/vosgesinfo.fr\/saintdieinfo\/2026\/03\/amphibure-a-la-decouverte-de-la-faune-et-du-passe-celtique-du-massif-de-la-bure\/\",\"url\":\"https:\/\/vosgesinfo.fr\/saintdieinfo\/2026\/03\/amphibure-a-la-decouverte-de-la-faune-et-du-passe-celtique-du-massif-de-la-bure\/\",\"name\":\"Amphi\u2019Bure : \u00e0 la d\u00e9couverte de la faune et du pass\u00e9 celtique du massif de La Bure - Saint Die Info\",\"isPartOf\":{\"@id\":\"https:\/\/vosgesinfo.fr\/saintdieinfo\/#website\"},\"primaryImageOfPage\":{\"@id\":\"https:\/\/vosgesinfo.fr\/saintdieinfo\/2026\/03\/amphibure-a-la-decouverte-de-la-faune-et-du-passe-celtique-du-massif-de-la-bure\/#primaryimage\"},\"image\":{\"@id\":\"https:\/\/vosgesinfo.fr\/saintdieinfo\/2026\/03\/amphibure-a-la-decouverte-de-la-faune-et-du-passe-celtique-du-massif-de-la-bure\/#primaryimage\"},\"thumbnailUrl\":\"https:\/\/vosgesinfo.fr\/app\/uploads\/sites\/4\/2026\/03\/sortie-amphibure-2.jpg\",\"datePublished\":\"2026-03-09T12:33:36+00:00\",\"dateModified\":\"2026-03-09T12:16:56+00:00\",\"breadcrumb\":{\"@id\":\"https:\/\/vosgesinfo.fr\/saintdieinfo\/2026\/03\/amphibure-a-la-decouverte-de-la-faune-et-du-passe-celtique-du-massif-de-la-bure\/#breadcrumb\"},\"inLanguage\":\"fr-FR\",\"potentialAction\":[{\"@type\":\"ReadAction\",\"target\":[\"https:\/\/vosgesinfo.fr\/saintdieinfo\/2026\/03\/amphibure-a-la-decouverte-de-la-faune-et-du-passe-celtique-du-massif-de-la-bure\/\"]}]},{\"@type\":\"ImageObject\",\"inLanguage\":\"fr-FR\",\"@id\":\"https:\/\/vosgesinfo.fr\/saintdieinfo\/2026\/03\/amphibure-a-la-decouverte-de-la-faune-et-du-passe-celtique-du-massif-de-la-bure\/#primaryimage\",\"url\":\"https:\/\/vosgesinfo.fr\/app\/uploads\/sites\/4\/2026\/03\/sortie-amphibure-2.jpg\",\"contentUrl\":\"https:\/\/vosgesinfo.fr\/app\/uploads\/sites\/4\/2026\/03\/sortie-amphibure-2.jpg\",\"width\":949,\"height\":816},{\"@type\":\"BreadcrumbList\",\"@id\":\"https:\/\/vosgesinfo.fr\/saintdieinfo\/2026\/03\/amphibure-a-la-decouverte-de-la-faune-et-du-passe-celtique-du-massif-de-la-bure\/#breadcrumb\",\"itemListElement\":[{\"@type\":\"ListItem\",\"position\":1,\"name\":\"Home\",\"item\":\"https:\/\/vosgesinfo.fr\/saintdieinfo\/\"},{\"@type\":\"ListItem\",\"position\":2,\"name\":\"Amphi\u2019Bure : \u00e0 la d\u00e9couverte de la faune et du pass\u00e9 celtique du massif de La Bure\"}]},{\"@type\":\"WebSite\",\"@id\":\"https:\/\/vosgesinfo.fr\/saintdieinfo\/#website\",\"url\":\"https:\/\/vosgesinfo.fr\/saintdieinfo\/\",\"name\":\"Saint Die Info\",\"description\":\"Toute l&#039;actualit\u00e9 de Saint-Di\u00e9-Des-Vosges\",\"publisher\":{\"@id\":\"https:\/\/vosgesinfo.fr\/saintdieinfo\/#organization\"},\"alternateName\":\"Toute l'actualit\u00e9 de Saint-Di\u00e9-Des-Vosges\",\"potentialAction\":[{\"@type\":\"SearchAction\",\"target\":{\"@type\":\"EntryPoint\",\"urlTemplate\":\"https:\/\/vosgesinfo.fr\/saintdieinfo\/?s={search_term_string}\"},\"query-input\":\"required name=search_term_string\"}],\"inLanguage\":\"fr-FR\"},{\"@type\":\"Organization\",\"@id\":\"https:\/\/vosgesinfo.fr\/saintdieinfo\/#organization\",\"name\":\"Saint Die Info\",\"url\":\"https:\/\/vosgesinfo.fr\/saintdieinfo\/\",\"logo\":{\"@type\":\"ImageObject\",\"inLanguage\":\"fr-FR\",\"@id\":\"https:\/\/vosgesinfo.fr\/saintdieinfo\/#\/schema\/logo\/image\/\",\"url\":\"https:\/\/vosgesinfo.fr\/app\/uploads\/sites\/4\/2024\/02\/logo-sdi.jpg\",\"contentUrl\":\"https:\/\/vosgesinfo.fr\/app\/uploads\/sites\/4\/2024\/02\/logo-sdi.jpg\",\"width\":600,\"height\":600,\"caption\":\"Saint Die Info\"},\"image\":{\"@id\":\"https:\/\/vosgesinfo.fr\/saintdieinfo\/#\/schema\/logo\/image\/\"},\"sameAs\":[\"https:\/\/www.facebook.com\/Saintdieinfofr\",\"https:\/\/x.com\/VosgesInfo88\",\"https:\/\/www.youtube.com\/@vosgesinfo\"]},{\"@type\":\"Person\",\"@id\":\"https:\/\/vosgesinfo.fr\/saintdieinfo\/#\/schema\/person\/fa73e9f726d67bb88f46d5b7943cb572\",\"name\":\"J.J.\",\"image\":{\"@type\":\"ImageObject\",\"inLanguage\":\"fr-FR\",\"@id\":\"https:\/\/vosgesinfo.fr\/saintdieinfo\/#\/schema\/person\/image\/\",\"url\":\"https:\/\/secure.gravatar.com\/avatar\/219e749e47ffbcca018a360ae4add7d4cdf1cdaaf8bc7676b27efade3fe65615?s=96&d=mm&r=g\",\"contentUrl\":\"https:\/\/secure.gravatar.com\/avatar\/219e749e47ffbcca018a360ae4add7d4cdf1cdaaf8bc7676b27efade3fe65615?s=96&d=mm&r=g\",\"caption\":\"J.J.\"},\"url\":\"https:\/\/vosgesinfo.fr\/saintdieinfo\/author\/j-j\/\"}]}<\/script>\n<!-- \/ Yoast SEO plugin. -->","yoast_head_json":{"title":"Amphi\u2019Bure : \u00e0 la d\u00e9couverte de la faune et du pass\u00e9 celtique du massif de La Bure - Saint Die Info","robots":{"index":"index","follow":"follow","max-snippet":"max-snippet:-1","max-image-preview":"max-image-preview:large","max-video-preview":"max-video-preview:-1"},"canonical":"https:\/\/vosgesinfo.fr\/saintdieinfo\/2026\/03\/amphibure-a-la-decouverte-de-la-faune-et-du-passe-celtique-du-massif-de-la-bure\/","twitter_card":"summary_large_image","twitter_title":"Amphi\u2019Bure : \u00e0 la d\u00e9couverte de la faune et du pass\u00e9 celtique du massif de La Bure - Saint Die Info","twitter_description":"Une balade d\u00e9couverte anim\u00e9e autour de la faune du Camp celtique de La Bure sera propos\u00e9e samedi 4 avril \u00e0 [&hellip;]","twitter_image":"https:\/\/vosgesinfo.fr\/app\/uploads\/sites\/4\/2026\/03\/sortie-amphibure-2.jpg","twitter_creator":"@VosgesInfo88","twitter_site":"@VosgesInfo88","twitter_misc":{"\u00c9crit par":"J.J.","Dur\u00e9e de lecture estim\u00e9e":"2 minutes"},"schema":{"@context":"https:\/\/schema.org","@graph":[{"@type":"Article","@id":"https:\/\/vosgesinfo.fr\/saintdieinfo\/2026\/03\/amphibure-a-la-decouverte-de-la-faune-et-du-passe-celtique-du-massif-de-la-bure\/#article","isPartOf":{"@id":"https:\/\/vosgesinfo.fr\/saintdieinfo\/2026\/03\/amphibure-a-la-decouverte-de-la-faune-et-du-passe-celtique-du-massif-de-la-bure\/"},"author":{"name":"J.J.","@id":"https:\/\/vosgesinfo.fr\/saintdieinfo\/#\/schema\/person\/fa73e9f726d67bb88f46d5b7943cb572"},"headline":"Amphi\u2019Bure : \u00e0 la d\u00e9couverte de la faune et du pass\u00e9 celtique du massif de La Bure","datePublished":"2026-03-09T12:33:36+00:00","dateModified":"2026-03-09T12:16:56+00:00","mainEntityOfPage":{"@id":"https:\/\/vosgesinfo.fr\/saintdieinfo\/2026\/03\/amphibure-a-la-decouverte-de-la-faune-et-du-passe-celtique-du-massif-de-la-bure\/"},"wordCount":194,"commentCount":0,"publisher":{"@id":"https:\/\/vosgesinfo.fr\/saintdieinfo\/#organization"},"image":{"@id":"https:\/\/vosgesinfo.fr\/saintdieinfo\/2026\/03\/amphibure-a-la-decouverte-de-la-faune-et-du-passe-celtique-du-massif-de-la-bure\/#primaryimage"},"thumbnailUrl":"https:\/\/vosgesinfo.fr\/app\/uploads\/sites\/4\/2026\/03\/sortie-amphibure-2.jpg","keywords":["Amphi'Bure","amphibiens","BERIAN","Camp celtique de La Bure","Col de la Cr\u00e9n\u00e9e","ETC... Terra","site gaulois","Soci\u00e9t\u00e9 Philomatique Vosgienne","sortie nature"],"articleSection":["Br\u00e8ves","Culture","Environnement","Saint-Di\u00e9-des-Vosges","Vie Associative"],"inLanguage":"fr-FR","potentialAction":[{"@type":"CommentAction","name":"Comment","target":["https:\/\/vosgesinfo.fr\/saintdieinfo\/2026\/03\/amphibure-a-la-decouverte-de-la-faune-et-du-passe-celtique-du-massif-de-la-bure\/#respond"]}]},{"@type":"WebPage","@id":"https:\/\/vosgesinfo.fr\/saintdieinfo\/2026\/03\/amphibure-a-la-decouverte-de-la-faune-et-du-passe-celtique-du-massif-de-la-bure\/","url":"https:\/\/vosgesinfo.fr\/saintdieinfo\/2026\/03\/amphibure-a-la-decouverte-de-la-faune-et-du-passe-celtique-du-massif-de-la-bure\/","name":"Amphi\u2019Bure : \u00e0 la d\u00e9couverte de la faune et du pass\u00e9 celtique du massif de La Bure - Saint Die Info","isPartOf":{"@id":"https:\/\/vosgesinfo.fr\/saintdieinfo\/#website"},"primaryImageOfPage":{"@id":"https:\/\/vosgesinfo.fr\/saintdieinfo\/2026\/03\/amphibure-a-la-decouverte-de-la-faune-et-du-passe-celtique-du-massif-de-la-bure\/#primaryimage"},"image":{"@id":"https:\/\/vosgesinfo.fr\/saintdieinfo\/2026\/03\/amphibure-a-la-decouverte-de-la-faune-et-du-passe-celtique-du-massif-de-la-bure\/#primaryimage"},"thumbnailUrl":"https:\/\/vosgesinfo.fr\/app\/uploads\/sites\/4\/2026\/03\/sortie-amphibure-2.jpg","datePublished":"2026-03-09T12:33:36+00:00","dateModified":"2026-03-09T12:16:56+00:00","breadcrumb":{"@id":"https:\/\/vosgesinfo.fr\/saintdieinfo\/2026\/03\/amphibure-a-la-decouverte-de-la-faune-et-du-passe-celtique-du-massif-de-la-bure\/#breadcrumb"},"inLanguage":"fr-FR","potentialAction":[{"@type":"ReadAction","target":["https:\/\/vosgesinfo.fr\/saintdieinfo\/2026\/03\/amphibure-a-la-decouverte-de-la-faune-et-du-passe-celtique-du-massif-de-la-bure\/"]}]},{"@type":"ImageObject","inLanguage":"fr-FR","@id":"https:\/\/vosgesinfo.fr\/saintdieinfo\/2026\/03\/amphibure-a-la-decouverte-de-la-faune-et-du-passe-celtique-du-massif-de-la-bure\/#primaryimage","url":"https:\/\/vosgesinfo.fr\/app\/uploads\/sites\/4\/2026\/03\/sortie-amphibure-2.jpg","contentUrl":"https:\/\/vosgesinfo.fr\/app\/uploads\/sites\/4\/2026\/03\/sortie-amphibure-2.jpg","width":949,"height":816},{"@type":"BreadcrumbList","@id":"https:\/\/vosgesinfo.fr\/saintdieinfo\/2026\/03\/amphibure-a-la-decouverte-de-la-faune-et-du-passe-celtique-du-massif-de-la-bure\/#breadcrumb","itemListElement":[{"@type":"ListItem","position":1,"name":"Home","item":"https:\/\/vosgesinfo.fr\/saintdieinfo\/"},{"@type":"ListItem","position":2,"name":"Amphi\u2019Bure : \u00e0 la d\u00e9couverte de la faune et du pass\u00e9 celtique du massif de La Bure"}]},{"@type":"WebSite","@id":"https:\/\/vosgesinfo.fr\/saintdieinfo\/#website","url":"https:\/\/vosgesinfo.fr\/saintdieinfo\/","name":"Saint Die Info","description":"Toute l&#039;actualit\u00e9 de Saint-Di\u00e9-Des-Vosges","publisher":{"@id":"https:\/\/vosgesinfo.fr\/saintdieinfo\/#organization"},"alternateName":"Toute l'actualit\u00e9 de Saint-Di\u00e9-Des-Vosges","potentialAction":[{"@type":"SearchAction","target":{"@type":"EntryPoint","urlTemplate":"https:\/\/vosgesinfo.fr\/saintdieinfo\/?s={search_term_string}"},"query-input":"required name=search_term_string"}],"inLanguage":"fr-FR"},{"@type":"Organization","@id":"https:\/\/vosgesinfo.fr\/saintdieinfo\/#organization","name":"Saint Die Info","url":"https:\/\/vosgesinfo.fr\/saintdieinfo\/","logo":{"@type":"ImageObject","inLanguage":"fr-FR","@id":"https:\/\/vosgesinfo.fr\/saintdieinfo\/#\/schema\/logo\/image\/","url":"https:\/\/vosgesinfo.fr\/app\/uploads\/sites\/4\/2024\/02\/logo-sdi.jpg","contentUrl":"https:\/\/vosgesinfo.fr\/app\/uploads\/sites\/4\/2024\/02\/logo-sdi.jpg","width":600,"height":600,"caption":"Saint Die Info"},"image":{"@id":"https:\/\/vosgesinfo.fr\/saintdieinfo\/#\/schema\/logo\/image\/"},"sameAs":["https:\/\/www.facebook.com\/Saintdieinfofr","https:\/\/x.com\/VosgesInfo88","https:\/\/www.youtube.com\/@vosgesinfo"]},{"@type":"Person","@id":"https:\/\/vosgesinfo.fr\/saintdieinfo\/#\/schema\/person\/fa73e9f726d67bb88f46d5b7943cb572","name":"J.J.","image":{"@type":"ImageObject","inLanguage":"fr-FR","@id":"https:\/\/vosgesinfo.fr\/saintdieinfo\/#\/schema\/person\/image\/","url":"https:\/\/secure.gravatar.com\/avatar\/219e749e47ffbcca018a360ae4add7d4cdf1cdaaf8bc7676b27efade3fe65615?s=96&d=mm&r=g","contentUrl":"https:\/\/secure.gravatar.com\/avatar\/219e749e47ffbcca018a360ae4add7d4cdf1cdaaf8bc7676b27efade3fe65615?s=96&d=mm&r=g","caption":"J.J."},"url":"https:\/\/vosgesinfo.fr\/saintdieinfo\/author\/j-j\/"}]}},"_links":{"self":[{"href":"https:\/\/vosgesinfo.fr\/saintdieinfo\/wp-json\/wp\/v2\/posts\/88815","targetHints":{"allow":["GET"]}}],"collection":[{"href":"https:\/\/vosgesinfo.fr\/saintdieinfo\/wp-json\/wp\/v2\/posts"}],"about":[{"href":"https:\/\/vosgesinfo.fr\/saintdieinfo\/wp-json\/wp\/v2\/types\/post"}],"author":[{"embeddable":true,"href":"https:\/\/vosgesinfo.fr\/saintdieinfo\/wp-json\/wp\/v2\/users\/46"}],"replies":[{"embeddable":true,"href":"https:\/\/vosgesinfo.fr\/saintdieinfo\/wp-json\/wp\/v2\/comments?post=88815"}],"version-history":[{"count":1,"href":"https:\/\/vosgesinfo.fr\/saintdieinfo\/wp-json\/wp\/v2\/posts\/88815\/revisions"}],"predecessor-version":[{"id":88819,"href":"https:\/\/vosgesinfo.fr\/saintdieinfo\/wp-json\/wp\/v2\/posts\/88815\/revisions\/88819"}],"wp:featuredmedia":[{"embeddable":true,"href":"https:\/\/vosgesinfo.fr\/saintdieinfo\/wp-json\/wp\/v2\/media\/88818"}],"wp:attachment":[{"href":"https:\/\/vosgesinfo.fr\/saintdieinfo\/wp-json\/wp\/v2\/media?parent=88815"}],"wp:term":[{"taxonomy":"category","embeddable":true,"href":"https:\/\/vosgesinfo.fr\/saintdieinfo\/wp-json\/wp\/v2\/categories?post=88815"},{"taxonomy":"post_tag","embeddable":true,"href":"https:\/\/vosgesinfo.fr\/saintdieinfo\/wp-json\/wp\/v2\/tags?post=88815"}],"curies":[{"name":"wp","href":"https:\/\/api.w.org\/{rel}","templated":true}]}}