{"id":88854,"date":"2026-03-10T16:33:33","date_gmt":"2026-03-10T15:33:33","guid":{"rendered":"https:\/\/vosgesinfo.fr\/saintdieinfo\/?p=88854"},"modified":"2026-03-10T16:26:33","modified_gmt":"2026-03-10T15:26:33","slug":"le-fig-et-le-ccas-de-saint-die-des-vosges-partagent-leur-quart-dheure-de-lecture","status":"publish","type":"post","link":"https:\/\/vosgesinfo.fr\/saintdieinfo\/2026\/03\/le-fig-et-le-ccas-de-saint-die-des-vosges-partagent-leur-quart-dheure-de-lecture\/","title":{"rendered":"Le FIG et le CCAS de Saint-Di\u00e9-des-Vosges partagent leur Quart d&rsquo;heure de lecture"},"content":{"rendered":"<p><a href=\"https:\/\/vosgesinfo.fr\/app\/uploads\/sites\/4\/2026\/03\/quart-dheure-lecture-figccas-4.jpg\"><img decoding=\"async\" class=\"alignnone size-large wp-image-88858\" src=\"https:\/\/vosgesinfo.fr\/app\/uploads\/sites\/4\/2026\/03\/quart-dheure-lecture-figccas-4-1024x771.jpg\" alt=\"\" width=\"1024\" height=\"771\" srcset=\"https:\/\/vosgesinfo.fr\/app\/uploads\/sites\/4\/2026\/03\/quart-dheure-lecture-figccas-4-1024x771.jpg 1024w, https:\/\/vosgesinfo.fr\/app\/uploads\/sites\/4\/2026\/03\/quart-dheure-lecture-figccas-4-300x226.jpg 300w, https:\/\/vosgesinfo.fr\/app\/uploads\/sites\/4\/2026\/03\/quart-dheure-lecture-figccas-4-768x578.jpg 768w, https:\/\/vosgesinfo.fr\/app\/uploads\/sites\/4\/2026\/03\/quart-dheure-lecture-figccas-4.jpg 1434w\" sizes=\"(max-width: 1024px) 100vw, 1024px\" \/><\/a><\/p>\n<h2>Ce <strong>deuxi\u00e8me mardi de mars<\/strong> est, comme chaque ann\u00e9e, synonyme de <strong>Quart d\u2019heure de lecture national<\/strong>. Cette initiative port\u00e9e par le <strong>Centre national du livre<\/strong> invite chacun, que ce soit dans les \u00e9coles, entreprises, biblioth\u00e8ques, associations ou \u00e0 titre individuel, \u00e0 interrompre son activit\u00e9 du moment afin de faire une pause lecture de <strong>quinze minutes<\/strong>. Ceci afin de promouvoir la <strong>lecture<\/strong> dans la vie quotidienne.<\/h2>\n<p><!--more--><\/p>\n<h3><strong>Une premi\u00e8re association entre le FIG et le CCAS<\/strong><\/h3>\n<p>Si le <strong>Quart d\u2019heure de lecture<\/strong> trouve un \u00e9cho \u00e0 <strong>Saint-Di\u00e9-des-Vosges<\/strong> depuis maintenant plusieurs ann\u00e9es, c\u2019est en revanche la <strong>premi\u00e8re fois<\/strong> que le <strong>Festival international de g\u00e9ographie<\/strong> et le <strong>CCAS<\/strong>, qui partagent les m\u00eames locaux de la rue d\u2019Am\u00e9rique, s\u2019associent autour de cette op\u00e9ration.<\/p>\n<h3><strong>Des ouvrages partag\u00e9s autour d\u2019une m\u00eame table<\/strong><\/h3>\n<p>En d\u00e9but d\u2019apr\u00e8s-midi, c\u2019est du c\u00f4t\u00e9 de <strong>l\u2019\u00e9picerie sociale<\/strong> que les personnels du <strong>FIG<\/strong>, du <strong>CCAS<\/strong> et les <strong>b\u00e9n\u00e9ficiaires<\/strong> se sont retrouv\u00e9s autour d\u2019une <strong>grande table garnie de livres et autres magazines<\/strong>. Chaque participant(e) \u00e9tait invit\u00e9(e) \u00e0 pr\u00e9senter son <strong>livre coup de c\u0153ur<\/strong> aux autres personnes. Et ce durant une petite minute.<\/p>\n<p>\u00ab L\u2019homme qui \u00e9coutait battre le c\u0153ur des chats \u00bb de Mathias Malzieu, \u00ab The Crow \u00bb de James O\u2019Barr, \u00ab M\u00e9moire d\u2019un \u00e2ne \u00bb de la comtesse de S\u00e9gur, \u00ab Aur\u00e9lie et le vent \u00bb de H\u00e9l\u00e8ne Ray, \u00ab Tu as promis que tu vivrais pour moi \u00bb de Car\u00e8ne Ponte, \u00ab La loi du d\u00f4me \u00bb de Sarah Crossan&#8230; sont quelques-uns des ouvrages pr\u00e9sent\u00e9s lors de ce <strong>moment de partage<\/strong>. En parall\u00e8le, des livres s&rsquo;\u00e9taient \u00e9galement invit\u00e9s dans les <strong>rayonnages de l\u2019\u00e9picerie sociale<\/strong>, en guise de <strong>bo\u00eete \u00e0 livres \u00e9ph\u00e9m\u00e8re<\/strong> destin\u00e9e aux b\u00e9n\u00e9ficiaires.<\/p>\n\n\t\t<style type=\"text\/css\">\n\t\t\t#gallery-1 {\n\t\t\t\tmargin: auto;\n\t\t\t}\n\t\t\t#gallery-1 .gallery-item {\n\t\t\t\tfloat: left;\n\t\t\t\tmargin-top: 10px;\n\t\t\t\ttext-align: center;\n\t\t\t\twidth: 33%;\n\t\t\t}\n\t\t\t#gallery-1 img {\n\t\t\t\tborder: 2px solid #cfcfcf;\n\t\t\t}\n\t\t\t#gallery-1 .gallery-caption {\n\t\t\t\tmargin-left: 0;\n\t\t\t}\n\t\t\t\/* see gallery_shortcode() in wp-includes\/media.php *\/\n\t\t<\/style>\n\t\t<div id='gallery-1' class='gallery galleryid-88854 gallery-columns-3 gallery-size-thumbnail'><dl class='gallery-item'>\n\t\t\t<dt class='gallery-icon landscape'>\n\t\t\t\t<a href='https:\/\/vosgesinfo.fr\/app\/uploads\/sites\/4\/2026\/03\/quart-dheure-lecture-figccas-1.jpg'><img decoding=\"async\" width=\"150\" height=\"150\" src=\"https:\/\/vosgesinfo.fr\/app\/uploads\/sites\/4\/2026\/03\/quart-dheure-lecture-figccas-1-150x150.jpg\" class=\"attachment-thumbnail size-thumbnail\" alt=\"\" \/><\/a>\n\t\t\t<\/dt><\/dl><dl class='gallery-item'>\n\t\t\t<dt class='gallery-icon landscape'>\n\t\t\t\t<a href='https:\/\/vosgesinfo.fr\/app\/uploads\/sites\/4\/2026\/03\/quart-dheure-lecture-figccas-3.jpg'><img decoding=\"async\" width=\"150\" height=\"150\" src=\"https:\/\/vosgesinfo.fr\/app\/uploads\/sites\/4\/2026\/03\/quart-dheure-lecture-figccas-3-150x150.jpg\" class=\"attachment-thumbnail size-thumbnail\" alt=\"\" \/><\/a>\n\t\t\t<\/dt><\/dl><dl class='gallery-item'>\n\t\t\t<dt class='gallery-icon landscape'>\n\t\t\t\t<a href='https:\/\/vosgesinfo.fr\/app\/uploads\/sites\/4\/2026\/03\/quart-dheure-lecture-figccas-6.jpg'><img decoding=\"async\" width=\"150\" height=\"150\" src=\"https:\/\/vosgesinfo.fr\/app\/uploads\/sites\/4\/2026\/03\/quart-dheure-lecture-figccas-6-150x150.jpg\" class=\"attachment-thumbnail size-thumbnail\" alt=\"\" \/><\/a>\n\t\t\t<\/dt><\/dl><br style=\"clear: both\" \/><dl class='gallery-item'>\n\t\t\t<dt class='gallery-icon landscape'>\n\t\t\t\t<a href='https:\/\/vosgesinfo.fr\/app\/uploads\/sites\/4\/2026\/03\/quart-dheure-lecture-figccas-7.jpg'><img decoding=\"async\" width=\"150\" height=\"150\" src=\"https:\/\/vosgesinfo.fr\/app\/uploads\/sites\/4\/2026\/03\/quart-dheure-lecture-figccas-7-150x150.jpg\" class=\"attachment-thumbnail size-thumbnail\" alt=\"\" \/><\/a>\n\t\t\t<\/dt><\/dl><dl class='gallery-item'>\n\t\t\t<dt class='gallery-icon landscape'>\n\t\t\t\t<a href='https:\/\/vosgesinfo.fr\/app\/uploads\/sites\/4\/2026\/03\/quart-dheure-lecture-figccas-8.jpg'><img decoding=\"async\" width=\"150\" height=\"150\" src=\"https:\/\/vosgesinfo.fr\/app\/uploads\/sites\/4\/2026\/03\/quart-dheure-lecture-figccas-8-150x150.jpg\" class=\"attachment-thumbnail size-thumbnail\" alt=\"\" \/><\/a>\n\t\t\t<\/dt><\/dl><dl class='gallery-item'>\n\t\t\t<dt class='gallery-icon landscape'>\n\t\t\t\t<a href='https:\/\/vosgesinfo.fr\/app\/uploads\/sites\/4\/2026\/03\/quart-dheure-lecture-figccas-2.jpg'><img decoding=\"async\" width=\"150\" height=\"150\" src=\"https:\/\/vosgesinfo.fr\/app\/uploads\/sites\/4\/2026\/03\/quart-dheure-lecture-figccas-2-150x150.jpg\" class=\"attachment-thumbnail size-thumbnail\" alt=\"\" \/><\/a>\n\t\t\t<\/dt><\/dl><br style=\"clear: both\" \/><dl class='gallery-item'>\n\t\t\t<dt class='gallery-icon landscape'>\n\t\t\t\t<a href='https:\/\/vosgesinfo.fr\/app\/uploads\/sites\/4\/2026\/03\/quart-dheure-lecture-figccas-5.jpg'><img decoding=\"async\" width=\"150\" height=\"150\" src=\"https:\/\/vosgesinfo.fr\/app\/uploads\/sites\/4\/2026\/03\/quart-dheure-lecture-figccas-5-150x150.jpg\" class=\"attachment-thumbnail size-thumbnail\" alt=\"\" \/><\/a>\n\t\t\t<\/dt><\/dl><dl class='gallery-item'>\n\t\t\t<dt class='gallery-icon portrait'>\n\t\t\t\t<a href='https:\/\/vosgesinfo.fr\/app\/uploads\/sites\/4\/2026\/03\/quart-dheure-lecture-figccas-9.jpg'><img decoding=\"async\" width=\"150\" height=\"150\" src=\"https:\/\/vosgesinfo.fr\/app\/uploads\/sites\/4\/2026\/03\/quart-dheure-lecture-figccas-9-150x150.jpg\" class=\"attachment-thumbnail size-thumbnail\" alt=\"\" \/><\/a>\n\t\t\t<\/dt><\/dl><dl class='gallery-item'>\n\t\t\t<dt class='gallery-icon portrait'>\n\t\t\t\t<a href='https:\/\/vosgesinfo.fr\/app\/uploads\/sites\/4\/2026\/03\/quart-dheure-lecture-figccas-10.jpg'><img decoding=\"async\" width=\"150\" height=\"150\" src=\"https:\/\/vosgesinfo.fr\/app\/uploads\/sites\/4\/2026\/03\/quart-dheure-lecture-figccas-10-150x150.jpg\" class=\"attachment-thumbnail size-thumbnail\" alt=\"\" \/><\/a>\n\t\t\t<\/dt><\/dl><br style=\"clear: both\" \/>\n\t\t<\/div>\n\n","protected":false},"excerpt":{"rendered":"<p>Ce deuxi\u00e8me mardi de mars est, comme chaque ann\u00e9e, synonyme de Quart d\u2019heure de lecture national. Cette initiative port\u00e9e par [&hellip;]<\/p>\n","protected":false},"author":46,"featured_media":88858,"comment_status":"open","ping_status":"open","sticky":false,"template":"","format":"standard","meta":{"footnotes":""},"categories":[460,8090,167],"tags":[19027,6527,16023,7373,3082,578,1339,13914,2881],"class_list":["post-88854","post","type-post","status-publish","format-standard","has-post-thumbnail","hentry","category-a-la-une","category-litterature","category-saint-die-des-vosges","tag-ccas","tag-centre-national-du-livre","tag-epicerie-sociale","tag-festival-international-de-geographie","tag-fig","tag-lecture","tag-livres","tag-quart-dheure-de-lecture-national","tag-saint-die-des-vosges"],"acf":[],"yoast_head":"<!-- This site is optimized with the Yoast SEO plugin v22.5 - https:\/\/yoast.com\/wordpress\/plugins\/seo\/ -->\n<title>Le FIG et le CCAS de Saint-Di\u00e9-des-Vosges partagent leur Quart d&#039;heure de lecture - Saint Die Info<\/title>\n<meta name=\"robots\" content=\"index, follow, max-snippet:-1, max-image-preview:large, max-video-preview:-1\" \/>\n<link rel=\"canonical\" href=\"https:\/\/vosgesinfo.fr\/saintdieinfo\/2026\/03\/le-fig-et-le-ccas-de-saint-die-des-vosges-partagent-leur-quart-dheure-de-lecture\/\" \/>\n<meta name=\"twitter:card\" content=\"summary_large_image\" \/>\n<meta name=\"twitter:title\" content=\"Le FIG et le CCAS de Saint-Di\u00e9-des-Vosges partagent leur Quart d&#039;heure de lecture - Saint Die Info\" \/>\n<meta name=\"twitter:description\" content=\"Ce deuxi\u00e8me mardi de mars est, comme chaque ann\u00e9e, synonyme de Quart d\u2019heure de lecture national. Cette initiative port\u00e9e par [&hellip;]\" \/>\n<meta name=\"twitter:image\" content=\"https:\/\/vosgesinfo.fr\/app\/uploads\/sites\/4\/2026\/03\/quart-dheure-lecture-figccas-4.jpg\" \/>\n<meta name=\"twitter:creator\" content=\"@VosgesInfo88\" \/>\n<meta name=\"twitter:site\" content=\"@VosgesInfo88\" \/>\n<meta name=\"twitter:label1\" content=\"\u00c9crit par\" \/>\n\t<meta name=\"twitter:data1\" content=\"J.J.\" \/>\n\t<meta name=\"twitter:label2\" content=\"Dur\u00e9e de lecture estim\u00e9e\" \/>\n\t<meta name=\"twitter:data2\" content=\"2 minutes\" \/>\n<script type=\"application\/ld+json\" class=\"yoast-schema-graph\">{\"@context\":\"https:\/\/schema.org\",\"@graph\":[{\"@type\":\"Article\",\"@id\":\"https:\/\/vosgesinfo.fr\/saintdieinfo\/2026\/03\/le-fig-et-le-ccas-de-saint-die-des-vosges-partagent-leur-quart-dheure-de-lecture\/#article\",\"isPartOf\":{\"@id\":\"https:\/\/vosgesinfo.fr\/saintdieinfo\/2026\/03\/le-fig-et-le-ccas-de-saint-die-des-vosges-partagent-leur-quart-dheure-de-lecture\/\"},\"author\":{\"name\":\"J.J.\",\"@id\":\"https:\/\/vosgesinfo.fr\/saintdieinfo\/#\/schema\/person\/fa73e9f726d67bb88f46d5b7943cb572\"},\"headline\":\"Le FIG et le CCAS de Saint-Di\u00e9-des-Vosges partagent leur Quart d&rsquo;heure de lecture\",\"datePublished\":\"2026-03-10T15:33:33+00:00\",\"dateModified\":\"2026-03-10T15:26:33+00:00\",\"mainEntityOfPage\":{\"@id\":\"https:\/\/vosgesinfo.fr\/saintdieinfo\/2026\/03\/le-fig-et-le-ccas-de-saint-die-des-vosges-partagent-leur-quart-dheure-de-lecture\/\"},\"wordCount\":331,\"commentCount\":0,\"publisher\":{\"@id\":\"https:\/\/vosgesinfo.fr\/saintdieinfo\/#organization\"},\"image\":{\"@id\":\"https:\/\/vosgesinfo.fr\/saintdieinfo\/2026\/03\/le-fig-et-le-ccas-de-saint-die-des-vosges-partagent-leur-quart-dheure-de-lecture\/#primaryimage\"},\"thumbnailUrl\":\"https:\/\/vosgesinfo.fr\/app\/uploads\/sites\/4\/2026\/03\/quart-dheure-lecture-figccas-4.jpg\",\"keywords\":[\"CCAS\",\"Centre National du Livre\",\"Epicerie sociale\",\"Festival International de G\u00e9ographie\",\"FIG\",\"lecture\",\"livres\",\"Quart d'heure de lecture national\",\"Saint-Di\u00e9-des-Vosges\"],\"articleSection\":[\"A la Une\",\"Litt\u00e9rature\",\"Saint-Di\u00e9-des-Vosges\"],\"inLanguage\":\"fr-FR\",\"potentialAction\":[{\"@type\":\"CommentAction\",\"name\":\"Comment\",\"target\":[\"https:\/\/vosgesinfo.fr\/saintdieinfo\/2026\/03\/le-fig-et-le-ccas-de-saint-die-des-vosges-partagent-leur-quart-dheure-de-lecture\/#respond\"]}]},{\"@type\":\"WebPage\",\"@id\":\"https:\/\/vosgesinfo.fr\/saintdieinfo\/2026\/03\/le-fig-et-le-ccas-de-saint-die-des-vosges-partagent-leur-quart-dheure-de-lecture\/\",\"url\":\"https:\/\/vosgesinfo.fr\/saintdieinfo\/2026\/03\/le-fig-et-le-ccas-de-saint-die-des-vosges-partagent-leur-quart-dheure-de-lecture\/\",\"name\":\"Le FIG et le CCAS de Saint-Di\u00e9-des-Vosges partagent leur Quart d'heure de lecture - Saint Die Info\",\"isPartOf\":{\"@id\":\"https:\/\/vosgesinfo.fr\/saintdieinfo\/#website\"},\"primaryImageOfPage\":{\"@id\":\"https:\/\/vosgesinfo.fr\/saintdieinfo\/2026\/03\/le-fig-et-le-ccas-de-saint-die-des-vosges-partagent-leur-quart-dheure-de-lecture\/#primaryimage\"},\"image\":{\"@id\":\"https:\/\/vosgesinfo.fr\/saintdieinfo\/2026\/03\/le-fig-et-le-ccas-de-saint-die-des-vosges-partagent-leur-quart-dheure-de-lecture\/#primaryimage\"},\"thumbnailUrl\":\"https:\/\/vosgesinfo.fr\/app\/uploads\/sites\/4\/2026\/03\/quart-dheure-lecture-figccas-4.jpg\",\"datePublished\":\"2026-03-10T15:33:33+00:00\",\"dateModified\":\"2026-03-10T15:26:33+00:00\",\"breadcrumb\":{\"@id\":\"https:\/\/vosgesinfo.fr\/saintdieinfo\/2026\/03\/le-fig-et-le-ccas-de-saint-die-des-vosges-partagent-leur-quart-dheure-de-lecture\/#breadcrumb\"},\"inLanguage\":\"fr-FR\",\"potentialAction\":[{\"@type\":\"ReadAction\",\"target\":[\"https:\/\/vosgesinfo.fr\/saintdieinfo\/2026\/03\/le-fig-et-le-ccas-de-saint-die-des-vosges-partagent-leur-quart-dheure-de-lecture\/\"]}]},{\"@type\":\"ImageObject\",\"inLanguage\":\"fr-FR\",\"@id\":\"https:\/\/vosgesinfo.fr\/saintdieinfo\/2026\/03\/le-fig-et-le-ccas-de-saint-die-des-vosges-partagent-leur-quart-dheure-de-lecture\/#primaryimage\",\"url\":\"https:\/\/vosgesinfo.fr\/app\/uploads\/sites\/4\/2026\/03\/quart-dheure-lecture-figccas-4.jpg\",\"contentUrl\":\"https:\/\/vosgesinfo.fr\/app\/uploads\/sites\/4\/2026\/03\/quart-dheure-lecture-figccas-4.jpg\",\"width\":1434,\"height\":1080},{\"@type\":\"BreadcrumbList\",\"@id\":\"https:\/\/vosgesinfo.fr\/saintdieinfo\/2026\/03\/le-fig-et-le-ccas-de-saint-die-des-vosges-partagent-leur-quart-dheure-de-lecture\/#breadcrumb\",\"itemListElement\":[{\"@type\":\"ListItem\",\"position\":1,\"name\":\"Home\",\"item\":\"https:\/\/vosgesinfo.fr\/saintdieinfo\/\"},{\"@type\":\"ListItem\",\"position\":2,\"name\":\"Le FIG et le CCAS de Saint-Di\u00e9-des-Vosges partagent leur Quart d&rsquo;heure de lecture\"}]},{\"@type\":\"WebSite\",\"@id\":\"https:\/\/vosgesinfo.fr\/saintdieinfo\/#website\",\"url\":\"https:\/\/vosgesinfo.fr\/saintdieinfo\/\",\"name\":\"Saint Die Info\",\"description\":\"Toute l&#039;actualit\u00e9 de Saint-Di\u00e9-Des-Vosges\",\"publisher\":{\"@id\":\"https:\/\/vosgesinfo.fr\/saintdieinfo\/#organization\"},\"alternateName\":\"Toute l'actualit\u00e9 de Saint-Di\u00e9-Des-Vosges\",\"potentialAction\":[{\"@type\":\"SearchAction\",\"target\":{\"@type\":\"EntryPoint\",\"urlTemplate\":\"https:\/\/vosgesinfo.fr\/saintdieinfo\/?s={search_term_string}\"},\"query-input\":\"required name=search_term_string\"}],\"inLanguage\":\"fr-FR\"},{\"@type\":\"Organization\",\"@id\":\"https:\/\/vosgesinfo.fr\/saintdieinfo\/#organization\",\"name\":\"Saint Die Info\",\"url\":\"https:\/\/vosgesinfo.fr\/saintdieinfo\/\",\"logo\":{\"@type\":\"ImageObject\",\"inLanguage\":\"fr-FR\",\"@id\":\"https:\/\/vosgesinfo.fr\/saintdieinfo\/#\/schema\/logo\/image\/\",\"url\":\"https:\/\/vosgesinfo.fr\/app\/uploads\/sites\/4\/2024\/02\/logo-sdi.jpg\",\"contentUrl\":\"https:\/\/vosgesinfo.fr\/app\/uploads\/sites\/4\/2024\/02\/logo-sdi.jpg\",\"width\":600,\"height\":600,\"caption\":\"Saint Die Info\"},\"image\":{\"@id\":\"https:\/\/vosgesinfo.fr\/saintdieinfo\/#\/schema\/logo\/image\/\"},\"sameAs\":[\"https:\/\/www.facebook.com\/Saintdieinfofr\",\"https:\/\/x.com\/VosgesInfo88\",\"https:\/\/www.youtube.com\/@vosgesinfo\"]},{\"@type\":\"Person\",\"@id\":\"https:\/\/vosgesinfo.fr\/saintdieinfo\/#\/schema\/person\/fa73e9f726d67bb88f46d5b7943cb572\",\"name\":\"J.J.\",\"image\":{\"@type\":\"ImageObject\",\"inLanguage\":\"fr-FR\",\"@id\":\"https:\/\/vosgesinfo.fr\/saintdieinfo\/#\/schema\/person\/image\/\",\"url\":\"https:\/\/secure.gravatar.com\/avatar\/219e749e47ffbcca018a360ae4add7d4cdf1cdaaf8bc7676b27efade3fe65615?s=96&d=mm&r=g\",\"contentUrl\":\"https:\/\/secure.gravatar.com\/avatar\/219e749e47ffbcca018a360ae4add7d4cdf1cdaaf8bc7676b27efade3fe65615?s=96&d=mm&r=g\",\"caption\":\"J.J.\"},\"url\":\"https:\/\/vosgesinfo.fr\/saintdieinfo\/author\/j-j\/\"}]}<\/script>\n<!-- \/ Yoast SEO plugin. -->","yoast_head_json":{"title":"Le FIG et le CCAS de Saint-Di\u00e9-des-Vosges partagent leur Quart d'heure de lecture - Saint Die Info","robots":{"index":"index","follow":"follow","max-snippet":"max-snippet:-1","max-image-preview":"max-image-preview:large","max-video-preview":"max-video-preview:-1"},"canonical":"https:\/\/vosgesinfo.fr\/saintdieinfo\/2026\/03\/le-fig-et-le-ccas-de-saint-die-des-vosges-partagent-leur-quart-dheure-de-lecture\/","twitter_card":"summary_large_image","twitter_title":"Le FIG et le CCAS de Saint-Di\u00e9-des-Vosges partagent leur Quart d'heure de lecture - Saint Die Info","twitter_description":"Ce deuxi\u00e8me mardi de mars est, comme chaque ann\u00e9e, synonyme de Quart d\u2019heure de lecture national. Cette initiative port\u00e9e par [&hellip;]","twitter_image":"https:\/\/vosgesinfo.fr\/app\/uploads\/sites\/4\/2026\/03\/quart-dheure-lecture-figccas-4.jpg","twitter_creator":"@VosgesInfo88","twitter_site":"@VosgesInfo88","twitter_misc":{"\u00c9crit par":"J.J.","Dur\u00e9e de lecture estim\u00e9e":"2 minutes"},"schema":{"@context":"https:\/\/schema.org","@graph":[{"@type":"Article","@id":"https:\/\/vosgesinfo.fr\/saintdieinfo\/2026\/03\/le-fig-et-le-ccas-de-saint-die-des-vosges-partagent-leur-quart-dheure-de-lecture\/#article","isPartOf":{"@id":"https:\/\/vosgesinfo.fr\/saintdieinfo\/2026\/03\/le-fig-et-le-ccas-de-saint-die-des-vosges-partagent-leur-quart-dheure-de-lecture\/"},"author":{"name":"J.J.","@id":"https:\/\/vosgesinfo.fr\/saintdieinfo\/#\/schema\/person\/fa73e9f726d67bb88f46d5b7943cb572"},"headline":"Le FIG et le CCAS de Saint-Di\u00e9-des-Vosges partagent leur Quart d&rsquo;heure de lecture","datePublished":"2026-03-10T15:33:33+00:00","dateModified":"2026-03-10T15:26:33+00:00","mainEntityOfPage":{"@id":"https:\/\/vosgesinfo.fr\/saintdieinfo\/2026\/03\/le-fig-et-le-ccas-de-saint-die-des-vosges-partagent-leur-quart-dheure-de-lecture\/"},"wordCount":331,"commentCount":0,"publisher":{"@id":"https:\/\/vosgesinfo.fr\/saintdieinfo\/#organization"},"image":{"@id":"https:\/\/vosgesinfo.fr\/saintdieinfo\/2026\/03\/le-fig-et-le-ccas-de-saint-die-des-vosges-partagent-leur-quart-dheure-de-lecture\/#primaryimage"},"thumbnailUrl":"https:\/\/vosgesinfo.fr\/app\/uploads\/sites\/4\/2026\/03\/quart-dheure-lecture-figccas-4.jpg","keywords":["CCAS","Centre National du Livre","Epicerie sociale","Festival International de G\u00e9ographie","FIG","lecture","livres","Quart d'heure de lecture national","Saint-Di\u00e9-des-Vosges"],"articleSection":["A la Une","Litt\u00e9rature","Saint-Di\u00e9-des-Vosges"],"inLanguage":"fr-FR","potentialAction":[{"@type":"CommentAction","name":"Comment","target":["https:\/\/vosgesinfo.fr\/saintdieinfo\/2026\/03\/le-fig-et-le-ccas-de-saint-die-des-vosges-partagent-leur-quart-dheure-de-lecture\/#respond"]}]},{"@type":"WebPage","@id":"https:\/\/vosgesinfo.fr\/saintdieinfo\/2026\/03\/le-fig-et-le-ccas-de-saint-die-des-vosges-partagent-leur-quart-dheure-de-lecture\/","url":"https:\/\/vosgesinfo.fr\/saintdieinfo\/2026\/03\/le-fig-et-le-ccas-de-saint-die-des-vosges-partagent-leur-quart-dheure-de-lecture\/","name":"Le FIG et le CCAS de Saint-Di\u00e9-des-Vosges partagent leur Quart d'heure de lecture - Saint Die Info","isPartOf":{"@id":"https:\/\/vosgesinfo.fr\/saintdieinfo\/#website"},"primaryImageOfPage":{"@id":"https:\/\/vosgesinfo.fr\/saintdieinfo\/2026\/03\/le-fig-et-le-ccas-de-saint-die-des-vosges-partagent-leur-quart-dheure-de-lecture\/#primaryimage"},"image":{"@id":"https:\/\/vosgesinfo.fr\/saintdieinfo\/2026\/03\/le-fig-et-le-ccas-de-saint-die-des-vosges-partagent-leur-quart-dheure-de-lecture\/#primaryimage"},"thumbnailUrl":"https:\/\/vosgesinfo.fr\/app\/uploads\/sites\/4\/2026\/03\/quart-dheure-lecture-figccas-4.jpg","datePublished":"2026-03-10T15:33:33+00:00","dateModified":"2026-03-10T15:26:33+00:00","breadcrumb":{"@id":"https:\/\/vosgesinfo.fr\/saintdieinfo\/2026\/03\/le-fig-et-le-ccas-de-saint-die-des-vosges-partagent-leur-quart-dheure-de-lecture\/#breadcrumb"},"inLanguage":"fr-FR","potentialAction":[{"@type":"ReadAction","target":["https:\/\/vosgesinfo.fr\/saintdieinfo\/2026\/03\/le-fig-et-le-ccas-de-saint-die-des-vosges-partagent-leur-quart-dheure-de-lecture\/"]}]},{"@type":"ImageObject","inLanguage":"fr-FR","@id":"https:\/\/vosgesinfo.fr\/saintdieinfo\/2026\/03\/le-fig-et-le-ccas-de-saint-die-des-vosges-partagent-leur-quart-dheure-de-lecture\/#primaryimage","url":"https:\/\/vosgesinfo.fr\/app\/uploads\/sites\/4\/2026\/03\/quart-dheure-lecture-figccas-4.jpg","contentUrl":"https:\/\/vosgesinfo.fr\/app\/uploads\/sites\/4\/2026\/03\/quart-dheure-lecture-figccas-4.jpg","width":1434,"height":1080},{"@type":"BreadcrumbList","@id":"https:\/\/vosgesinfo.fr\/saintdieinfo\/2026\/03\/le-fig-et-le-ccas-de-saint-die-des-vosges-partagent-leur-quart-dheure-de-lecture\/#breadcrumb","itemListElement":[{"@type":"ListItem","position":1,"name":"Home","item":"https:\/\/vosgesinfo.fr\/saintdieinfo\/"},{"@type":"ListItem","position":2,"name":"Le FIG et le CCAS de Saint-Di\u00e9-des-Vosges partagent leur Quart d&rsquo;heure de lecture"}]},{"@type":"WebSite","@id":"https:\/\/vosgesinfo.fr\/saintdieinfo\/#website","url":"https:\/\/vosgesinfo.fr\/saintdieinfo\/","name":"Saint Die Info","description":"Toute l&#039;actualit\u00e9 de Saint-Di\u00e9-Des-Vosges","publisher":{"@id":"https:\/\/vosgesinfo.fr\/saintdieinfo\/#organization"},"alternateName":"Toute l'actualit\u00e9 de Saint-Di\u00e9-Des-Vosges","potentialAction":[{"@type":"SearchAction","target":{"@type":"EntryPoint","urlTemplate":"https:\/\/vosgesinfo.fr\/saintdieinfo\/?s={search_term_string}"},"query-input":"required name=search_term_string"}],"inLanguage":"fr-FR"},{"@type":"Organization","@id":"https:\/\/vosgesinfo.fr\/saintdieinfo\/#organization","name":"Saint Die Info","url":"https:\/\/vosgesinfo.fr\/saintdieinfo\/","logo":{"@type":"ImageObject","inLanguage":"fr-FR","@id":"https:\/\/vosgesinfo.fr\/saintdieinfo\/#\/schema\/logo\/image\/","url":"https:\/\/vosgesinfo.fr\/app\/uploads\/sites\/4\/2024\/02\/logo-sdi.jpg","contentUrl":"https:\/\/vosgesinfo.fr\/app\/uploads\/sites\/4\/2024\/02\/logo-sdi.jpg","width":600,"height":600,"caption":"Saint Die Info"},"image":{"@id":"https:\/\/vosgesinfo.fr\/saintdieinfo\/#\/schema\/logo\/image\/"},"sameAs":["https:\/\/www.facebook.com\/Saintdieinfofr","https:\/\/x.com\/VosgesInfo88","https:\/\/www.youtube.com\/@vosgesinfo"]},{"@type":"Person","@id":"https:\/\/vosgesinfo.fr\/saintdieinfo\/#\/schema\/person\/fa73e9f726d67bb88f46d5b7943cb572","name":"J.J.","image":{"@type":"ImageObject","inLanguage":"fr-FR","@id":"https:\/\/vosgesinfo.fr\/saintdieinfo\/#\/schema\/person\/image\/","url":"https:\/\/secure.gravatar.com\/avatar\/219e749e47ffbcca018a360ae4add7d4cdf1cdaaf8bc7676b27efade3fe65615?s=96&d=mm&r=g","contentUrl":"https:\/\/secure.gravatar.com\/avatar\/219e749e47ffbcca018a360ae4add7d4cdf1cdaaf8bc7676b27efade3fe65615?s=96&d=mm&r=g","caption":"J.J."},"url":"https:\/\/vosgesinfo.fr\/saintdieinfo\/author\/j-j\/"}]}},"_links":{"self":[{"href":"https:\/\/vosgesinfo.fr\/saintdieinfo\/wp-json\/wp\/v2\/posts\/88854","targetHints":{"allow":["GET"]}}],"collection":[{"href":"https:\/\/vosgesinfo.fr\/saintdieinfo\/wp-json\/wp\/v2\/posts"}],"about":[{"href":"https:\/\/vosgesinfo.fr\/saintdieinfo\/wp-json\/wp\/v2\/types\/post"}],"author":[{"embeddable":true,"href":"https:\/\/vosgesinfo.fr\/saintdieinfo\/wp-json\/wp\/v2\/users\/46"}],"replies":[{"embeddable":true,"href":"https:\/\/vosgesinfo.fr\/saintdieinfo\/wp-json\/wp\/v2\/comments?post=88854"}],"version-history":[{"count":2,"href":"https:\/\/vosgesinfo.fr\/saintdieinfo\/wp-json\/wp\/v2\/posts\/88854\/revisions"}],"predecessor-version":[{"id":88866,"href":"https:\/\/vosgesinfo.fr\/saintdieinfo\/wp-json\/wp\/v2\/posts\/88854\/revisions\/88866"}],"wp:featuredmedia":[{"embeddable":true,"href":"https:\/\/vosgesinfo.fr\/saintdieinfo\/wp-json\/wp\/v2\/media\/88858"}],"wp:attachment":[{"href":"https:\/\/vosgesinfo.fr\/saintdieinfo\/wp-json\/wp\/v2\/media?parent=88854"}],"wp:term":[{"taxonomy":"category","embeddable":true,"href":"https:\/\/vosgesinfo.fr\/saintdieinfo\/wp-json\/wp\/v2\/categories?post=88854"},{"taxonomy":"post_tag","embeddable":true,"href":"https:\/\/vosgesinfo.fr\/saintdieinfo\/wp-json\/wp\/v2\/tags?post=88854"}],"curies":[{"name":"wp","href":"https:\/\/api.w.org\/{rel}","templated":true}]}}