{"id":88873,"date":"2026-03-11T11:33:54","date_gmt":"2026-03-11T10:33:54","guid":{"rendered":"https:\/\/vosgesinfo.fr\/saintdieinfo\/?p=88873"},"modified":"2026-03-11T11:20:30","modified_gmt":"2026-03-11T10:20:30","slug":"cote-jardin-propose-une-plongee-dans-lhistoire-des-suffragettes","status":"publish","type":"post","link":"https:\/\/vosgesinfo.fr\/saintdieinfo\/2026\/03\/cote-jardin-propose-une-plongee-dans-lhistoire-des-suffragettes\/","title":{"rendered":"C\u00f4t\u00e9 Jardin propose une plong\u00e9e dans l\u2019histoire des suffragettes"},"content":{"rendered":"<div id=\"attachment_88874\" style=\"width: 902px\" class=\"wp-caption alignnone\"><a href=\"https:\/\/vosgesinfo.fr\/app\/uploads\/sites\/4\/2026\/03\/cote-jardin-spectacle-suffragettes.jpg\"><img decoding=\"async\" aria-describedby=\"caption-attachment-88874\" class=\"size-full wp-image-88874\" src=\"https:\/\/vosgesinfo.fr\/app\/uploads\/sites\/4\/2026\/03\/cote-jardin-spectacle-suffragettes.jpg\" alt=\"\" width=\"892\" height=\"372\" srcset=\"https:\/\/vosgesinfo.fr\/app\/uploads\/sites\/4\/2026\/03\/cote-jardin-spectacle-suffragettes.jpg 892w, https:\/\/vosgesinfo.fr\/app\/uploads\/sites\/4\/2026\/03\/cote-jardin-spectacle-suffragettes-300x125.jpg 300w, https:\/\/vosgesinfo.fr\/app\/uploads\/sites\/4\/2026\/03\/cote-jardin-spectacle-suffragettes-768x320.jpg 768w\" sizes=\"(max-width: 892px) 100vw, 892px\" \/><\/a><p id=\"caption-attachment-88874\" class=\"wp-caption-text\">(Photographie Compagnie Le Road Movie Cabaret)<\/p><\/div>\n<h2><strong>Mardi 24 mars<\/strong>, <strong>C\u00f4t\u00e9 Jardin<\/strong> proposera au <strong>Mus\u00e9e Pierre-No\u00ebl<\/strong>, \u00e0 20 h, le th\u00e9\u00e2tre musical <strong>Suffragettes<\/strong>, interpr\u00e9t\u00e9 par la <strong>Compagnie Le Road Movie Cabaret<\/strong>. Le spectacle, accessible au public \u00e0 partir de 13 ans, durera 1 h 20.<\/h2>\n<p><!--more--><\/p>\n<h3><strong>Un combat pour le droit de vote des femmes<\/strong><\/h3>\n<p>Le texte, sign\u00e9 <strong>Manon Chivet et Romuald Borys<\/strong>, est mis en sc\u00e8ne par Romuald Borys, avec <strong>Jimmy Daumas<\/strong> sur sc\u00e8ne. La pi\u00e8ce replonge le public en <strong>Angleterre<\/strong>, du milieu du 19e si\u00e8cle \u00e0 <strong>Londres en 1913<\/strong>, alors que des groupes de femmes se mobilisent pour <strong>l\u2019\u00e9galit\u00e9 politique<\/strong> et leur \u00e9mancipation.<\/p>\n<p>Autour de <strong>Sylvia, Emily et Norah<\/strong>, le spectacle suit le combat des <strong>suffragettes<\/strong> pour le <strong>droit de vote des femmes<\/strong>. \u00c0 mesure que le mouvement se durcit, <strong>la police et le pouvoir politique<\/strong> renforcent la r\u00e9pression. Le m\u00e9pris et l\u2019indiff\u00e9rence laissent alors place \u00e0 la <strong>violence<\/strong>. L\u2019engagement de ces militantes les conduit \u00e0 mesurer le prix de leur id\u00e9al.<\/p>\n<p>La <strong>cr\u00e9ation lumi\u00e8re<\/strong> est confi\u00e9e \u00e0 <strong>Anne Gayan<\/strong>. La <strong>cr\u00e9ation sonore<\/strong> est sign\u00e9e C\u00e9dric Moulie et le <strong>studio l\u2019Atelier<\/strong>. Les chansons et arrangements portent la signature de C\u00e9dric Moulie et <strong>Jimmy Daumas<\/strong>.<\/p>\n<h3><strong>R\u00e9servations et tarifs<\/strong><\/h3>\n<p>Le spectacle commencera \u00e0 20 h pr\u00e9cises. La <strong>billetterie<\/strong> fermera \u00e0 <strong>19 h 30<\/strong>. Le <strong>plein tarif<\/strong> est fix\u00e9 \u00e0 <strong>14 euros<\/strong>, le <strong>tarif adh\u00e9rents<\/strong> \u00e0 12 euros et le tarif solidaire \u00e0 7 euros pour les enfants, les \u00e9tudiants et les b\u00e9n\u00e9ficiaires du RSA.<\/p>\n<p>Les r\u00e9servations peuvent se faire aupr\u00e8s des <strong>offices de tourisme<\/strong> de la <strong>Communaut\u00e9 d\u2019Agglom\u00e9ration de Saint-Di\u00e9-des-Vosges<\/strong> ainsi que par internet sur <a href=\"https:\/\/www.helloasso.com\/associations\/cote-jardin\" target=\"_blank\" rel=\"noopener\"><strong>HelloAsso<\/strong> <strong>C\u00f4t\u00e9 Jardin<\/strong>.<\/a><\/p>\n","protected":false},"excerpt":{"rendered":"<p>Mardi 24 mars, C\u00f4t\u00e9 Jardin proposera au Mus\u00e9e Pierre-No\u00ebl, \u00e0 20 h, le th\u00e9\u00e2tre musical Suffragettes, interpr\u00e9t\u00e9 par la Compagnie [&hellip;]<\/p>\n","protected":false},"author":46,"featured_media":88874,"comment_status":"open","ping_status":"open","sticky":false,"template":"","format":"standard","meta":{"footnotes":""},"categories":[3900,7847,167,17],"tags":[20720,7462,20722,3333,2881,1906,20719,20721],"class_list":["post-88873","post","type-post","status-publish","format-standard","has-post-thumbnail","hentry","category-breves","category-art-culture","category-saint-die-des-vosges","category-vie-associative","tag-compagnie-le-road-movie-cabaret","tag-cote-jardin","tag-droit-de-vote-des-femmes","tag-musee-pierre-noel","tag-saint-die-des-vosges","tag-spectacle","tag-suffragettes","tag-theatre-musical"],"acf":[],"yoast_head":"<!-- This site is optimized with the Yoast SEO plugin v22.5 - https:\/\/yoast.com\/wordpress\/plugins\/seo\/ -->\n<title>C\u00f4t\u00e9 Jardin propose une plong\u00e9e dans l\u2019histoire des suffragettes - Saint Die Info<\/title>\n<meta name=\"robots\" content=\"index, follow, max-snippet:-1, max-image-preview:large, max-video-preview:-1\" \/>\n<link rel=\"canonical\" href=\"https:\/\/vosgesinfo.fr\/saintdieinfo\/2026\/03\/cote-jardin-propose-une-plongee-dans-lhistoire-des-suffragettes\/\" \/>\n<meta name=\"twitter:card\" content=\"summary_large_image\" \/>\n<meta name=\"twitter:title\" content=\"C\u00f4t\u00e9 Jardin propose une plong\u00e9e dans l\u2019histoire des suffragettes - Saint Die Info\" \/>\n<meta name=\"twitter:description\" content=\"Mardi 24 mars, C\u00f4t\u00e9 Jardin proposera au Mus\u00e9e Pierre-No\u00ebl, \u00e0 20 h, le th\u00e9\u00e2tre musical Suffragettes, interpr\u00e9t\u00e9 par la Compagnie [&hellip;]\" \/>\n<meta name=\"twitter:image\" content=\"https:\/\/vosgesinfo.fr\/app\/uploads\/sites\/4\/2026\/03\/cote-jardin-spectacle-suffragettes.jpg\" \/>\n<meta name=\"twitter:creator\" content=\"@VosgesInfo88\" \/>\n<meta name=\"twitter:site\" content=\"@VosgesInfo88\" \/>\n<meta name=\"twitter:label1\" content=\"\u00c9crit par\" \/>\n\t<meta name=\"twitter:data1\" content=\"J.J.\" \/>\n\t<meta name=\"twitter:label2\" content=\"Dur\u00e9e de lecture estim\u00e9e\" \/>\n\t<meta name=\"twitter:data2\" content=\"1 minute\" \/>\n<script type=\"application\/ld+json\" class=\"yoast-schema-graph\">{\"@context\":\"https:\/\/schema.org\",\"@graph\":[{\"@type\":\"Article\",\"@id\":\"https:\/\/vosgesinfo.fr\/saintdieinfo\/2026\/03\/cote-jardin-propose-une-plongee-dans-lhistoire-des-suffragettes\/#article\",\"isPartOf\":{\"@id\":\"https:\/\/vosgesinfo.fr\/saintdieinfo\/2026\/03\/cote-jardin-propose-une-plongee-dans-lhistoire-des-suffragettes\/\"},\"author\":{\"name\":\"J.J.\",\"@id\":\"https:\/\/vosgesinfo.fr\/saintdieinfo\/#\/schema\/person\/fa73e9f726d67bb88f46d5b7943cb572\"},\"headline\":\"C\u00f4t\u00e9 Jardin propose une plong\u00e9e dans l\u2019histoire des suffragettes\",\"datePublished\":\"2026-03-11T10:33:54+00:00\",\"dateModified\":\"2026-03-11T10:20:30+00:00\",\"mainEntityOfPage\":{\"@id\":\"https:\/\/vosgesinfo.fr\/saintdieinfo\/2026\/03\/cote-jardin-propose-une-plongee-dans-lhistoire-des-suffragettes\/\"},\"wordCount\":296,\"commentCount\":0,\"publisher\":{\"@id\":\"https:\/\/vosgesinfo.fr\/saintdieinfo\/#organization\"},\"image\":{\"@id\":\"https:\/\/vosgesinfo.fr\/saintdieinfo\/2026\/03\/cote-jardin-propose-une-plongee-dans-lhistoire-des-suffragettes\/#primaryimage\"},\"thumbnailUrl\":\"https:\/\/vosgesinfo.fr\/app\/uploads\/sites\/4\/2026\/03\/cote-jardin-spectacle-suffragettes.jpg\",\"keywords\":[\"Compagnie Le Road Movie Cabaret\",\"C\u00f4t\u00e9 Jardin\",\"droit de vote des femmes\",\"Mus\u00e9e Pierre-No\u00ebl\",\"Saint-Di\u00e9-des-Vosges\",\"spectacle\",\"Suffragettes\",\"th\u00e9\u00e2tre musical\"],\"articleSection\":[\"Br\u00e8ves\",\"Culture\",\"Saint-Di\u00e9-des-Vosges\",\"Vie Associative\"],\"inLanguage\":\"fr-FR\",\"potentialAction\":[{\"@type\":\"CommentAction\",\"name\":\"Comment\",\"target\":[\"https:\/\/vosgesinfo.fr\/saintdieinfo\/2026\/03\/cote-jardin-propose-une-plongee-dans-lhistoire-des-suffragettes\/#respond\"]}]},{\"@type\":\"WebPage\",\"@id\":\"https:\/\/vosgesinfo.fr\/saintdieinfo\/2026\/03\/cote-jardin-propose-une-plongee-dans-lhistoire-des-suffragettes\/\",\"url\":\"https:\/\/vosgesinfo.fr\/saintdieinfo\/2026\/03\/cote-jardin-propose-une-plongee-dans-lhistoire-des-suffragettes\/\",\"name\":\"C\u00f4t\u00e9 Jardin propose une plong\u00e9e dans l\u2019histoire des suffragettes - Saint Die Info\",\"isPartOf\":{\"@id\":\"https:\/\/vosgesinfo.fr\/saintdieinfo\/#website\"},\"primaryImageOfPage\":{\"@id\":\"https:\/\/vosgesinfo.fr\/saintdieinfo\/2026\/03\/cote-jardin-propose-une-plongee-dans-lhistoire-des-suffragettes\/#primaryimage\"},\"image\":{\"@id\":\"https:\/\/vosgesinfo.fr\/saintdieinfo\/2026\/03\/cote-jardin-propose-une-plongee-dans-lhistoire-des-suffragettes\/#primaryimage\"},\"thumbnailUrl\":\"https:\/\/vosgesinfo.fr\/app\/uploads\/sites\/4\/2026\/03\/cote-jardin-spectacle-suffragettes.jpg\",\"datePublished\":\"2026-03-11T10:33:54+00:00\",\"dateModified\":\"2026-03-11T10:20:30+00:00\",\"breadcrumb\":{\"@id\":\"https:\/\/vosgesinfo.fr\/saintdieinfo\/2026\/03\/cote-jardin-propose-une-plongee-dans-lhistoire-des-suffragettes\/#breadcrumb\"},\"inLanguage\":\"fr-FR\",\"potentialAction\":[{\"@type\":\"ReadAction\",\"target\":[\"https:\/\/vosgesinfo.fr\/saintdieinfo\/2026\/03\/cote-jardin-propose-une-plongee-dans-lhistoire-des-suffragettes\/\"]}]},{\"@type\":\"ImageObject\",\"inLanguage\":\"fr-FR\",\"@id\":\"https:\/\/vosgesinfo.fr\/saintdieinfo\/2026\/03\/cote-jardin-propose-une-plongee-dans-lhistoire-des-suffragettes\/#primaryimage\",\"url\":\"https:\/\/vosgesinfo.fr\/app\/uploads\/sites\/4\/2026\/03\/cote-jardin-spectacle-suffragettes.jpg\",\"contentUrl\":\"https:\/\/vosgesinfo.fr\/app\/uploads\/sites\/4\/2026\/03\/cote-jardin-spectacle-suffragettes.jpg\",\"width\":892,\"height\":372,\"caption\":\"(Photographie Compagnie Le Road Movie Cabaret)\"},{\"@type\":\"BreadcrumbList\",\"@id\":\"https:\/\/vosgesinfo.fr\/saintdieinfo\/2026\/03\/cote-jardin-propose-une-plongee-dans-lhistoire-des-suffragettes\/#breadcrumb\",\"itemListElement\":[{\"@type\":\"ListItem\",\"position\":1,\"name\":\"Home\",\"item\":\"https:\/\/vosgesinfo.fr\/saintdieinfo\/\"},{\"@type\":\"ListItem\",\"position\":2,\"name\":\"C\u00f4t\u00e9 Jardin propose une plong\u00e9e dans l\u2019histoire des suffragettes\"}]},{\"@type\":\"WebSite\",\"@id\":\"https:\/\/vosgesinfo.fr\/saintdieinfo\/#website\",\"url\":\"https:\/\/vosgesinfo.fr\/saintdieinfo\/\",\"name\":\"Saint Die Info\",\"description\":\"Toute l&#039;actualit\u00e9 de Saint-Di\u00e9-Des-Vosges\",\"publisher\":{\"@id\":\"https:\/\/vosgesinfo.fr\/saintdieinfo\/#organization\"},\"alternateName\":\"Toute l'actualit\u00e9 de Saint-Di\u00e9-Des-Vosges\",\"potentialAction\":[{\"@type\":\"SearchAction\",\"target\":{\"@type\":\"EntryPoint\",\"urlTemplate\":\"https:\/\/vosgesinfo.fr\/saintdieinfo\/?s={search_term_string}\"},\"query-input\":\"required name=search_term_string\"}],\"inLanguage\":\"fr-FR\"},{\"@type\":\"Organization\",\"@id\":\"https:\/\/vosgesinfo.fr\/saintdieinfo\/#organization\",\"name\":\"Saint Die Info\",\"url\":\"https:\/\/vosgesinfo.fr\/saintdieinfo\/\",\"logo\":{\"@type\":\"ImageObject\",\"inLanguage\":\"fr-FR\",\"@id\":\"https:\/\/vosgesinfo.fr\/saintdieinfo\/#\/schema\/logo\/image\/\",\"url\":\"https:\/\/vosgesinfo.fr\/app\/uploads\/sites\/4\/2024\/02\/logo-sdi.jpg\",\"contentUrl\":\"https:\/\/vosgesinfo.fr\/app\/uploads\/sites\/4\/2024\/02\/logo-sdi.jpg\",\"width\":600,\"height\":600,\"caption\":\"Saint Die Info\"},\"image\":{\"@id\":\"https:\/\/vosgesinfo.fr\/saintdieinfo\/#\/schema\/logo\/image\/\"},\"sameAs\":[\"https:\/\/www.facebook.com\/Saintdieinfofr\",\"https:\/\/x.com\/VosgesInfo88\",\"https:\/\/www.youtube.com\/@vosgesinfo\"]},{\"@type\":\"Person\",\"@id\":\"https:\/\/vosgesinfo.fr\/saintdieinfo\/#\/schema\/person\/fa73e9f726d67bb88f46d5b7943cb572\",\"name\":\"J.J.\",\"image\":{\"@type\":\"ImageObject\",\"inLanguage\":\"fr-FR\",\"@id\":\"https:\/\/vosgesinfo.fr\/saintdieinfo\/#\/schema\/person\/image\/\",\"url\":\"https:\/\/secure.gravatar.com\/avatar\/219e749e47ffbcca018a360ae4add7d4cdf1cdaaf8bc7676b27efade3fe65615?s=96&d=mm&r=g\",\"contentUrl\":\"https:\/\/secure.gravatar.com\/avatar\/219e749e47ffbcca018a360ae4add7d4cdf1cdaaf8bc7676b27efade3fe65615?s=96&d=mm&r=g\",\"caption\":\"J.J.\"},\"url\":\"https:\/\/vosgesinfo.fr\/saintdieinfo\/author\/j-j\/\"}]}<\/script>\n<!-- \/ Yoast SEO plugin. -->","yoast_head_json":{"title":"C\u00f4t\u00e9 Jardin propose une plong\u00e9e dans l\u2019histoire des suffragettes - Saint Die Info","robots":{"index":"index","follow":"follow","max-snippet":"max-snippet:-1","max-image-preview":"max-image-preview:large","max-video-preview":"max-video-preview:-1"},"canonical":"https:\/\/vosgesinfo.fr\/saintdieinfo\/2026\/03\/cote-jardin-propose-une-plongee-dans-lhistoire-des-suffragettes\/","twitter_card":"summary_large_image","twitter_title":"C\u00f4t\u00e9 Jardin propose une plong\u00e9e dans l\u2019histoire des suffragettes - Saint Die Info","twitter_description":"Mardi 24 mars, C\u00f4t\u00e9 Jardin proposera au Mus\u00e9e Pierre-No\u00ebl, \u00e0 20 h, le th\u00e9\u00e2tre musical Suffragettes, interpr\u00e9t\u00e9 par la Compagnie [&hellip;]","twitter_image":"https:\/\/vosgesinfo.fr\/app\/uploads\/sites\/4\/2026\/03\/cote-jardin-spectacle-suffragettes.jpg","twitter_creator":"@VosgesInfo88","twitter_site":"@VosgesInfo88","twitter_misc":{"\u00c9crit par":"J.J.","Dur\u00e9e de lecture estim\u00e9e":"1 minute"},"schema":{"@context":"https:\/\/schema.org","@graph":[{"@type":"Article","@id":"https:\/\/vosgesinfo.fr\/saintdieinfo\/2026\/03\/cote-jardin-propose-une-plongee-dans-lhistoire-des-suffragettes\/#article","isPartOf":{"@id":"https:\/\/vosgesinfo.fr\/saintdieinfo\/2026\/03\/cote-jardin-propose-une-plongee-dans-lhistoire-des-suffragettes\/"},"author":{"name":"J.J.","@id":"https:\/\/vosgesinfo.fr\/saintdieinfo\/#\/schema\/person\/fa73e9f726d67bb88f46d5b7943cb572"},"headline":"C\u00f4t\u00e9 Jardin propose une plong\u00e9e dans l\u2019histoire des suffragettes","datePublished":"2026-03-11T10:33:54+00:00","dateModified":"2026-03-11T10:20:30+00:00","mainEntityOfPage":{"@id":"https:\/\/vosgesinfo.fr\/saintdieinfo\/2026\/03\/cote-jardin-propose-une-plongee-dans-lhistoire-des-suffragettes\/"},"wordCount":296,"commentCount":0,"publisher":{"@id":"https:\/\/vosgesinfo.fr\/saintdieinfo\/#organization"},"image":{"@id":"https:\/\/vosgesinfo.fr\/saintdieinfo\/2026\/03\/cote-jardin-propose-une-plongee-dans-lhistoire-des-suffragettes\/#primaryimage"},"thumbnailUrl":"https:\/\/vosgesinfo.fr\/app\/uploads\/sites\/4\/2026\/03\/cote-jardin-spectacle-suffragettes.jpg","keywords":["Compagnie Le Road Movie Cabaret","C\u00f4t\u00e9 Jardin","droit de vote des femmes","Mus\u00e9e Pierre-No\u00ebl","Saint-Di\u00e9-des-Vosges","spectacle","Suffragettes","th\u00e9\u00e2tre musical"],"articleSection":["Br\u00e8ves","Culture","Saint-Di\u00e9-des-Vosges","Vie Associative"],"inLanguage":"fr-FR","potentialAction":[{"@type":"CommentAction","name":"Comment","target":["https:\/\/vosgesinfo.fr\/saintdieinfo\/2026\/03\/cote-jardin-propose-une-plongee-dans-lhistoire-des-suffragettes\/#respond"]}]},{"@type":"WebPage","@id":"https:\/\/vosgesinfo.fr\/saintdieinfo\/2026\/03\/cote-jardin-propose-une-plongee-dans-lhistoire-des-suffragettes\/","url":"https:\/\/vosgesinfo.fr\/saintdieinfo\/2026\/03\/cote-jardin-propose-une-plongee-dans-lhistoire-des-suffragettes\/","name":"C\u00f4t\u00e9 Jardin propose une plong\u00e9e dans l\u2019histoire des suffragettes - Saint Die Info","isPartOf":{"@id":"https:\/\/vosgesinfo.fr\/saintdieinfo\/#website"},"primaryImageOfPage":{"@id":"https:\/\/vosgesinfo.fr\/saintdieinfo\/2026\/03\/cote-jardin-propose-une-plongee-dans-lhistoire-des-suffragettes\/#primaryimage"},"image":{"@id":"https:\/\/vosgesinfo.fr\/saintdieinfo\/2026\/03\/cote-jardin-propose-une-plongee-dans-lhistoire-des-suffragettes\/#primaryimage"},"thumbnailUrl":"https:\/\/vosgesinfo.fr\/app\/uploads\/sites\/4\/2026\/03\/cote-jardin-spectacle-suffragettes.jpg","datePublished":"2026-03-11T10:33:54+00:00","dateModified":"2026-03-11T10:20:30+00:00","breadcrumb":{"@id":"https:\/\/vosgesinfo.fr\/saintdieinfo\/2026\/03\/cote-jardin-propose-une-plongee-dans-lhistoire-des-suffragettes\/#breadcrumb"},"inLanguage":"fr-FR","potentialAction":[{"@type":"ReadAction","target":["https:\/\/vosgesinfo.fr\/saintdieinfo\/2026\/03\/cote-jardin-propose-une-plongee-dans-lhistoire-des-suffragettes\/"]}]},{"@type":"ImageObject","inLanguage":"fr-FR","@id":"https:\/\/vosgesinfo.fr\/saintdieinfo\/2026\/03\/cote-jardin-propose-une-plongee-dans-lhistoire-des-suffragettes\/#primaryimage","url":"https:\/\/vosgesinfo.fr\/app\/uploads\/sites\/4\/2026\/03\/cote-jardin-spectacle-suffragettes.jpg","contentUrl":"https:\/\/vosgesinfo.fr\/app\/uploads\/sites\/4\/2026\/03\/cote-jardin-spectacle-suffragettes.jpg","width":892,"height":372,"caption":"(Photographie Compagnie Le Road Movie Cabaret)"},{"@type":"BreadcrumbList","@id":"https:\/\/vosgesinfo.fr\/saintdieinfo\/2026\/03\/cote-jardin-propose-une-plongee-dans-lhistoire-des-suffragettes\/#breadcrumb","itemListElement":[{"@type":"ListItem","position":1,"name":"Home","item":"https:\/\/vosgesinfo.fr\/saintdieinfo\/"},{"@type":"ListItem","position":2,"name":"C\u00f4t\u00e9 Jardin propose une plong\u00e9e dans l\u2019histoire des suffragettes"}]},{"@type":"WebSite","@id":"https:\/\/vosgesinfo.fr\/saintdieinfo\/#website","url":"https:\/\/vosgesinfo.fr\/saintdieinfo\/","name":"Saint Die Info","description":"Toute l&#039;actualit\u00e9 de Saint-Di\u00e9-Des-Vosges","publisher":{"@id":"https:\/\/vosgesinfo.fr\/saintdieinfo\/#organization"},"alternateName":"Toute l'actualit\u00e9 de Saint-Di\u00e9-Des-Vosges","potentialAction":[{"@type":"SearchAction","target":{"@type":"EntryPoint","urlTemplate":"https:\/\/vosgesinfo.fr\/saintdieinfo\/?s={search_term_string}"},"query-input":"required name=search_term_string"}],"inLanguage":"fr-FR"},{"@type":"Organization","@id":"https:\/\/vosgesinfo.fr\/saintdieinfo\/#organization","name":"Saint Die Info","url":"https:\/\/vosgesinfo.fr\/saintdieinfo\/","logo":{"@type":"ImageObject","inLanguage":"fr-FR","@id":"https:\/\/vosgesinfo.fr\/saintdieinfo\/#\/schema\/logo\/image\/","url":"https:\/\/vosgesinfo.fr\/app\/uploads\/sites\/4\/2024\/02\/logo-sdi.jpg","contentUrl":"https:\/\/vosgesinfo.fr\/app\/uploads\/sites\/4\/2024\/02\/logo-sdi.jpg","width":600,"height":600,"caption":"Saint Die Info"},"image":{"@id":"https:\/\/vosgesinfo.fr\/saintdieinfo\/#\/schema\/logo\/image\/"},"sameAs":["https:\/\/www.facebook.com\/Saintdieinfofr","https:\/\/x.com\/VosgesInfo88","https:\/\/www.youtube.com\/@vosgesinfo"]},{"@type":"Person","@id":"https:\/\/vosgesinfo.fr\/saintdieinfo\/#\/schema\/person\/fa73e9f726d67bb88f46d5b7943cb572","name":"J.J.","image":{"@type":"ImageObject","inLanguage":"fr-FR","@id":"https:\/\/vosgesinfo.fr\/saintdieinfo\/#\/schema\/person\/image\/","url":"https:\/\/secure.gravatar.com\/avatar\/219e749e47ffbcca018a360ae4add7d4cdf1cdaaf8bc7676b27efade3fe65615?s=96&d=mm&r=g","contentUrl":"https:\/\/secure.gravatar.com\/avatar\/219e749e47ffbcca018a360ae4add7d4cdf1cdaaf8bc7676b27efade3fe65615?s=96&d=mm&r=g","caption":"J.J."},"url":"https:\/\/vosgesinfo.fr\/saintdieinfo\/author\/j-j\/"}]}},"_links":{"self":[{"href":"https:\/\/vosgesinfo.fr\/saintdieinfo\/wp-json\/wp\/v2\/posts\/88873","targetHints":{"allow":["GET"]}}],"collection":[{"href":"https:\/\/vosgesinfo.fr\/saintdieinfo\/wp-json\/wp\/v2\/posts"}],"about":[{"href":"https:\/\/vosgesinfo.fr\/saintdieinfo\/wp-json\/wp\/v2\/types\/post"}],"author":[{"embeddable":true,"href":"https:\/\/vosgesinfo.fr\/saintdieinfo\/wp-json\/wp\/v2\/users\/46"}],"replies":[{"embeddable":true,"href":"https:\/\/vosgesinfo.fr\/saintdieinfo\/wp-json\/wp\/v2\/comments?post=88873"}],"version-history":[{"count":1,"href":"https:\/\/vosgesinfo.fr\/saintdieinfo\/wp-json\/wp\/v2\/posts\/88873\/revisions"}],"predecessor-version":[{"id":88876,"href":"https:\/\/vosgesinfo.fr\/saintdieinfo\/wp-json\/wp\/v2\/posts\/88873\/revisions\/88876"}],"wp:featuredmedia":[{"embeddable":true,"href":"https:\/\/vosgesinfo.fr\/saintdieinfo\/wp-json\/wp\/v2\/media\/88874"}],"wp:attachment":[{"href":"https:\/\/vosgesinfo.fr\/saintdieinfo\/wp-json\/wp\/v2\/media?parent=88873"}],"wp:term":[{"taxonomy":"category","embeddable":true,"href":"https:\/\/vosgesinfo.fr\/saintdieinfo\/wp-json\/wp\/v2\/categories?post=88873"},{"taxonomy":"post_tag","embeddable":true,"href":"https:\/\/vosgesinfo.fr\/saintdieinfo\/wp-json\/wp\/v2\/tags?post=88873"}],"curies":[{"name":"wp","href":"https:\/\/api.w.org\/{rel}","templated":true}]}}