{"id":88893,"date":"2026-03-12T11:13:21","date_gmt":"2026-03-12T10:13:21","guid":{"rendered":"https:\/\/vosgesinfo.fr\/saintdieinfo\/?p=88893"},"modified":"2026-03-12T11:01:17","modified_gmt":"2026-03-12T10:01:17","slug":"thierry-martin-est-linvite-dhonneur-de-la-deuxieme-quinzaine-de-la-bd-en-deodatie","status":"publish","type":"post","link":"https:\/\/vosgesinfo.fr\/saintdieinfo\/2026\/03\/thierry-martin-est-linvite-dhonneur-de-la-deuxieme-quinzaine-de-la-bd-en-deodatie\/","title":{"rendered":"Thierry Martin est l&rsquo;invit\u00e9 d&rsquo;honneur de la deuxi\u00e8me Quinzaine de la BD en D\u00e9odatie"},"content":{"rendered":"<h2>Du <strong>14 au 28 mars<\/strong>, la <strong>Quinzaine de la BD<\/strong> fera son retour dans le <strong>r\u00e9seau Escales<\/strong> pour une <strong>deuxi\u00e8me \u00e9dition<\/strong>. Apr\u00e8s un premier rendez-vous l\u2019ann\u00e9e derni\u00e8re, la manifestation remettra le <strong>9e Art<\/strong> au centre d&rsquo;une programmation r\u00e9partie dans <strong>plusieurs m\u00e9diath\u00e8ques de la D\u00e9odatie<\/strong>, entre expositions, rencontres et temps festifs. Cette nouvelle \u00e9dition mettra notamment en lumi\u00e8re le travail de <strong>Thierry Martin<\/strong>, invit\u00e9 d\u2019honneur de la Quinzaine.<\/h2>\n<p><!--more--><\/p>\n<h3><strong>Thierry Martin est l&rsquo;invit\u00e9 d&rsquo;honneur<\/strong><\/h3>\n<p>L\u2019auteur de bande dessin\u00e9e <strong>Thierry Martin<\/strong> succ\u00e9dera \u00e0 <strong>Laurent Cagniat<\/strong> comme invit\u00e9 d\u2019honneur de cette <strong>deuxi\u00e8me \u00e9dition<\/strong>. Le Nanc\u00e9ien est connu pour son sens du r\u00e9cit, son dessin expressif et des \u0153uvres qui vont du <strong>Roman de Renart \u00e0 ses r\u00e9interpr\u00e9tations de Mickey et Batman, sans oublier Le Dernier Souffle et Balayeur des lilas<\/strong>. Le public pourra ainsi d\u00e9couvrir ou red\u00e9couvrir son univers \u00e0 travers plusieurs rendez-vous pr\u00e9vus pendant la Quinzaine.<\/p>\n<h3><strong>Des temps forts pour rythmer la Quinzaine<\/strong><\/h3>\n<p>Cette deuxi\u00e8me \u00e9dition sera rythm\u00e9e \u00e0 plusieurs temps forts, entre <strong>La Boussole, Raon-l\u2019\u00c9tape et \u00c9tival-Clairefontaine<\/strong>. Parmi eux, des expositions, dont <strong>Case apr\u00e8s case<\/strong>, l\u2019art de raconter en bande dessin\u00e9e autour du travail de <strong>Thierry Martin<\/strong>, mais aussi des <strong>rencontres<\/strong> et des s\u00e9ances de d\u00e9dicaces avec l\u2019auteur. Un <strong>concert dessin\u00e9<\/strong> figure \u00e9galement parmi les rendez-vous marquants de cette \u00e9dition.<\/p>\n<h3><strong>Un cin\u00e9-ap\u00e9ro-concert en guise de conclusion<\/strong><\/h3>\n<p>Pour refermer cette Quinzaine de la BD, le <strong>r\u00e9seau Escales<\/strong> proposera aussi un <strong>cin\u00e9-ap\u00e9ro-concert<\/strong> en pr\u00e9sence de <strong>l&rsquo;invit\u00e9 d&rsquo;honneur<\/strong>. La manifestation entend ainsi faire vivre l\u2019univers de la bande dessin\u00e9e pendant <strong>deux semaines<\/strong> \u00e0 travers <strong>plusieurs rendez-vous ouverts au public<\/strong>.<\/p>\n<h3><strong>Consulter le programme complet<\/strong><\/h3>\n<p>Le <strong>programme complet et d\u00e9taill\u00e9<\/strong> est consultable <a href=\"https:\/\/escales.saint-die-des-vosges.fr\/images\/Agenda_Culturel\/2026\/web-Quinzaine.pdf\" target=\"_blank\" rel=\"noopener\">en cliquant ici.<\/a><\/p>\n<p><a href=\"https:\/\/vosgesinfo.fr\/app\/uploads\/sites\/4\/2026\/03\/deuxieme-quinzaine-bd-reseau-escales-2.jpg\"><img decoding=\"async\" class=\"alignnone size-large wp-image-88903\" src=\"https:\/\/vosgesinfo.fr\/app\/uploads\/sites\/4\/2026\/03\/deuxieme-quinzaine-bd-reseau-escales-2-819x1024.jpg\" alt=\"\" width=\"819\" height=\"1024\" srcset=\"https:\/\/vosgesinfo.fr\/app\/uploads\/sites\/4\/2026\/03\/deuxieme-quinzaine-bd-reseau-escales-2-819x1024.jpg 819w, https:\/\/vosgesinfo.fr\/app\/uploads\/sites\/4\/2026\/03\/deuxieme-quinzaine-bd-reseau-escales-2-240x300.jpg 240w, https:\/\/vosgesinfo.fr\/app\/uploads\/sites\/4\/2026\/03\/deuxieme-quinzaine-bd-reseau-escales-2-768x960.jpg 768w, https:\/\/vosgesinfo.fr\/app\/uploads\/sites\/4\/2026\/03\/deuxieme-quinzaine-bd-reseau-escales-2.jpg 864w\" sizes=\"(max-width: 819px) 100vw, 819px\" \/><\/a><a href=\"https:\/\/vosgesinfo.fr\/app\/uploads\/sites\/4\/2026\/03\/deuxieme-quinzaine-bd-reseau-escales-1.jpg\"><img decoding=\"async\" class=\"alignnone size-large wp-image-88902\" src=\"https:\/\/vosgesinfo.fr\/app\/uploads\/sites\/4\/2026\/03\/deuxieme-quinzaine-bd-reseau-escales-1-819x1024.jpg\" alt=\"\" width=\"819\" height=\"1024\" srcset=\"https:\/\/vosgesinfo.fr\/app\/uploads\/sites\/4\/2026\/03\/deuxieme-quinzaine-bd-reseau-escales-1-819x1024.jpg 819w, https:\/\/vosgesinfo.fr\/app\/uploads\/sites\/4\/2026\/03\/deuxieme-quinzaine-bd-reseau-escales-1-240x300.jpg 240w, https:\/\/vosgesinfo.fr\/app\/uploads\/sites\/4\/2026\/03\/deuxieme-quinzaine-bd-reseau-escales-1-768x960.jpg 768w, https:\/\/vosgesinfo.fr\/app\/uploads\/sites\/4\/2026\/03\/deuxieme-quinzaine-bd-reseau-escales-1.jpg 864w\" sizes=\"(max-width: 819px) 100vw, 819px\" \/><\/a><\/p>\n","protected":false},"excerpt":{"rendered":"<p>Du 14 au 28 mars, la Quinzaine de la BD fera son retour dans le r\u00e9seau Escales pour une deuxi\u00e8me [&hellip;]<\/p>\n","protected":false},"author":46,"featured_media":88904,"comment_status":"open","ping_status":"open","sticky":false,"template":"","format":"standard","meta":{"footnotes":""},"categories":[460,3903,8090],"tags":[10209,3335,11360,3250,3027,5068,20331,16480,2654,20729],"class_list":["post-88893","post","type-post","status-publish","format-standard","has-post-thumbnail","hentry","category-a-la-une","category-deodatie","category-litterature","tag-bande-dessinee","tag-deodatie","tag-escales","tag-etival-clairefontaine","tag-la-boussole","tag-laurent-cagniat","tag-mediatheques","tag-quinzaine-de-la-bd","tag-raon-letape","tag-thierry-martin"],"acf":[],"yoast_head":"<!-- This site is optimized with the Yoast SEO plugin v22.5 - https:\/\/yoast.com\/wordpress\/plugins\/seo\/ -->\n<title>Thierry Martin est l&#039;invit\u00e9 d&#039;honneur de la deuxi\u00e8me Quinzaine de la BD en D\u00e9odatie - Saint Die Info<\/title>\n<meta name=\"robots\" content=\"index, follow, max-snippet:-1, max-image-preview:large, max-video-preview:-1\" \/>\n<link rel=\"canonical\" href=\"https:\/\/vosgesinfo.fr\/saintdieinfo\/2026\/03\/thierry-martin-est-linvite-dhonneur-de-la-deuxieme-quinzaine-de-la-bd-en-deodatie\/\" \/>\n<meta name=\"twitter:card\" content=\"summary_large_image\" \/>\n<meta name=\"twitter:title\" content=\"Thierry Martin est l&#039;invit\u00e9 d&#039;honneur de la deuxi\u00e8me Quinzaine de la BD en D\u00e9odatie - Saint Die Info\" \/>\n<meta name=\"twitter:description\" content=\"Du 14 au 28 mars, la Quinzaine de la BD fera son retour dans le r\u00e9seau Escales pour une deuxi\u00e8me [&hellip;]\" \/>\n<meta name=\"twitter:image\" content=\"https:\/\/vosgesinfo.fr\/app\/uploads\/sites\/4\/2026\/03\/deuxieme-quinzaine-bd-reseau-escales-2-1.jpg\" \/>\n<meta name=\"twitter:creator\" content=\"@VosgesInfo88\" \/>\n<meta name=\"twitter:site\" content=\"@VosgesInfo88\" \/>\n<meta name=\"twitter:label1\" content=\"\u00c9crit par\" \/>\n\t<meta name=\"twitter:data1\" content=\"J.J.\" \/>\n\t<meta name=\"twitter:label2\" content=\"Dur\u00e9e de lecture estim\u00e9e\" \/>\n\t<meta name=\"twitter:data2\" content=\"2 minutes\" \/>\n<script type=\"application\/ld+json\" class=\"yoast-schema-graph\">{\"@context\":\"https:\/\/schema.org\",\"@graph\":[{\"@type\":\"Article\",\"@id\":\"https:\/\/vosgesinfo.fr\/saintdieinfo\/2026\/03\/thierry-martin-est-linvite-dhonneur-de-la-deuxieme-quinzaine-de-la-bd-en-deodatie\/#article\",\"isPartOf\":{\"@id\":\"https:\/\/vosgesinfo.fr\/saintdieinfo\/2026\/03\/thierry-martin-est-linvite-dhonneur-de-la-deuxieme-quinzaine-de-la-bd-en-deodatie\/\"},\"author\":{\"name\":\"J.J.\",\"@id\":\"https:\/\/vosgesinfo.fr\/saintdieinfo\/#\/schema\/person\/fa73e9f726d67bb88f46d5b7943cb572\"},\"headline\":\"Thierry Martin est l&rsquo;invit\u00e9 d&rsquo;honneur de la deuxi\u00e8me Quinzaine de la BD en D\u00e9odatie\",\"datePublished\":\"2026-03-12T10:13:21+00:00\",\"dateModified\":\"2026-03-12T10:01:17+00:00\",\"mainEntityOfPage\":{\"@id\":\"https:\/\/vosgesinfo.fr\/saintdieinfo\/2026\/03\/thierry-martin-est-linvite-dhonneur-de-la-deuxieme-quinzaine-de-la-bd-en-deodatie\/\"},\"wordCount\":326,\"commentCount\":0,\"publisher\":{\"@id\":\"https:\/\/vosgesinfo.fr\/saintdieinfo\/#organization\"},\"image\":{\"@id\":\"https:\/\/vosgesinfo.fr\/saintdieinfo\/2026\/03\/thierry-martin-est-linvite-dhonneur-de-la-deuxieme-quinzaine-de-la-bd-en-deodatie\/#primaryimage\"},\"thumbnailUrl\":\"https:\/\/vosgesinfo.fr\/app\/uploads\/sites\/4\/2026\/03\/deuxieme-quinzaine-bd-reseau-escales-2-1.jpg\",\"keywords\":[\"Bande-dessin\u00e9e\",\"D\u00e9odatie\",\"Escales\",\"etival-clairefontaine\",\"La Boussole\",\"Laurent Cagniat\",\"m\u00e9diath\u00e8ques\",\"Quinzaine de la BD\",\"Raon-l\u2019Etape\",\"Thierry Martin\"],\"articleSection\":[\"A la Une\",\"D\u00e9odatie\",\"Litt\u00e9rature\"],\"inLanguage\":\"fr-FR\",\"potentialAction\":[{\"@type\":\"CommentAction\",\"name\":\"Comment\",\"target\":[\"https:\/\/vosgesinfo.fr\/saintdieinfo\/2026\/03\/thierry-martin-est-linvite-dhonneur-de-la-deuxieme-quinzaine-de-la-bd-en-deodatie\/#respond\"]}]},{\"@type\":\"WebPage\",\"@id\":\"https:\/\/vosgesinfo.fr\/saintdieinfo\/2026\/03\/thierry-martin-est-linvite-dhonneur-de-la-deuxieme-quinzaine-de-la-bd-en-deodatie\/\",\"url\":\"https:\/\/vosgesinfo.fr\/saintdieinfo\/2026\/03\/thierry-martin-est-linvite-dhonneur-de-la-deuxieme-quinzaine-de-la-bd-en-deodatie\/\",\"name\":\"Thierry Martin est l'invit\u00e9 d'honneur de la deuxi\u00e8me Quinzaine de la BD en D\u00e9odatie - Saint Die Info\",\"isPartOf\":{\"@id\":\"https:\/\/vosgesinfo.fr\/saintdieinfo\/#website\"},\"primaryImageOfPage\":{\"@id\":\"https:\/\/vosgesinfo.fr\/saintdieinfo\/2026\/03\/thierry-martin-est-linvite-dhonneur-de-la-deuxieme-quinzaine-de-la-bd-en-deodatie\/#primaryimage\"},\"image\":{\"@id\":\"https:\/\/vosgesinfo.fr\/saintdieinfo\/2026\/03\/thierry-martin-est-linvite-dhonneur-de-la-deuxieme-quinzaine-de-la-bd-en-deodatie\/#primaryimage\"},\"thumbnailUrl\":\"https:\/\/vosgesinfo.fr\/app\/uploads\/sites\/4\/2026\/03\/deuxieme-quinzaine-bd-reseau-escales-2-1.jpg\",\"datePublished\":\"2026-03-12T10:13:21+00:00\",\"dateModified\":\"2026-03-12T10:01:17+00:00\",\"breadcrumb\":{\"@id\":\"https:\/\/vosgesinfo.fr\/saintdieinfo\/2026\/03\/thierry-martin-est-linvite-dhonneur-de-la-deuxieme-quinzaine-de-la-bd-en-deodatie\/#breadcrumb\"},\"inLanguage\":\"fr-FR\",\"potentialAction\":[{\"@type\":\"ReadAction\",\"target\":[\"https:\/\/vosgesinfo.fr\/saintdieinfo\/2026\/03\/thierry-martin-est-linvite-dhonneur-de-la-deuxieme-quinzaine-de-la-bd-en-deodatie\/\"]}]},{\"@type\":\"ImageObject\",\"inLanguage\":\"fr-FR\",\"@id\":\"https:\/\/vosgesinfo.fr\/saintdieinfo\/2026\/03\/thierry-martin-est-linvite-dhonneur-de-la-deuxieme-quinzaine-de-la-bd-en-deodatie\/#primaryimage\",\"url\":\"https:\/\/vosgesinfo.fr\/app\/uploads\/sites\/4\/2026\/03\/deuxieme-quinzaine-bd-reseau-escales-2-1.jpg\",\"contentUrl\":\"https:\/\/vosgesinfo.fr\/app\/uploads\/sites\/4\/2026\/03\/deuxieme-quinzaine-bd-reseau-escales-2-1.jpg\",\"width\":1490,\"height\":1080},{\"@type\":\"BreadcrumbList\",\"@id\":\"https:\/\/vosgesinfo.fr\/saintdieinfo\/2026\/03\/thierry-martin-est-linvite-dhonneur-de-la-deuxieme-quinzaine-de-la-bd-en-deodatie\/#breadcrumb\",\"itemListElement\":[{\"@type\":\"ListItem\",\"position\":1,\"name\":\"Home\",\"item\":\"https:\/\/vosgesinfo.fr\/saintdieinfo\/\"},{\"@type\":\"ListItem\",\"position\":2,\"name\":\"Thierry Martin est l&rsquo;invit\u00e9 d&rsquo;honneur de la deuxi\u00e8me Quinzaine de la BD en D\u00e9odatie\"}]},{\"@type\":\"WebSite\",\"@id\":\"https:\/\/vosgesinfo.fr\/saintdieinfo\/#website\",\"url\":\"https:\/\/vosgesinfo.fr\/saintdieinfo\/\",\"name\":\"Saint Die Info\",\"description\":\"Toute l&#039;actualit\u00e9 de Saint-Di\u00e9-Des-Vosges\",\"publisher\":{\"@id\":\"https:\/\/vosgesinfo.fr\/saintdieinfo\/#organization\"},\"alternateName\":\"Toute l'actualit\u00e9 de Saint-Di\u00e9-Des-Vosges\",\"potentialAction\":[{\"@type\":\"SearchAction\",\"target\":{\"@type\":\"EntryPoint\",\"urlTemplate\":\"https:\/\/vosgesinfo.fr\/saintdieinfo\/?s={search_term_string}\"},\"query-input\":\"required name=search_term_string\"}],\"inLanguage\":\"fr-FR\"},{\"@type\":\"Organization\",\"@id\":\"https:\/\/vosgesinfo.fr\/saintdieinfo\/#organization\",\"name\":\"Saint Die Info\",\"url\":\"https:\/\/vosgesinfo.fr\/saintdieinfo\/\",\"logo\":{\"@type\":\"ImageObject\",\"inLanguage\":\"fr-FR\",\"@id\":\"https:\/\/vosgesinfo.fr\/saintdieinfo\/#\/schema\/logo\/image\/\",\"url\":\"https:\/\/vosgesinfo.fr\/app\/uploads\/sites\/4\/2024\/02\/logo-sdi.jpg\",\"contentUrl\":\"https:\/\/vosgesinfo.fr\/app\/uploads\/sites\/4\/2024\/02\/logo-sdi.jpg\",\"width\":600,\"height\":600,\"caption\":\"Saint Die Info\"},\"image\":{\"@id\":\"https:\/\/vosgesinfo.fr\/saintdieinfo\/#\/schema\/logo\/image\/\"},\"sameAs\":[\"https:\/\/www.facebook.com\/Saintdieinfofr\",\"https:\/\/x.com\/VosgesInfo88\",\"https:\/\/www.youtube.com\/@vosgesinfo\"]},{\"@type\":\"Person\",\"@id\":\"https:\/\/vosgesinfo.fr\/saintdieinfo\/#\/schema\/person\/fa73e9f726d67bb88f46d5b7943cb572\",\"name\":\"J.J.\",\"image\":{\"@type\":\"ImageObject\",\"inLanguage\":\"fr-FR\",\"@id\":\"https:\/\/vosgesinfo.fr\/saintdieinfo\/#\/schema\/person\/image\/\",\"url\":\"https:\/\/secure.gravatar.com\/avatar\/219e749e47ffbcca018a360ae4add7d4cdf1cdaaf8bc7676b27efade3fe65615?s=96&d=mm&r=g\",\"contentUrl\":\"https:\/\/secure.gravatar.com\/avatar\/219e749e47ffbcca018a360ae4add7d4cdf1cdaaf8bc7676b27efade3fe65615?s=96&d=mm&r=g\",\"caption\":\"J.J.\"},\"url\":\"https:\/\/vosgesinfo.fr\/saintdieinfo\/author\/j-j\/\"}]}<\/script>\n<!-- \/ Yoast SEO plugin. -->","yoast_head_json":{"title":"Thierry Martin est l'invit\u00e9 d'honneur de la deuxi\u00e8me Quinzaine de la BD en D\u00e9odatie - Saint Die Info","robots":{"index":"index","follow":"follow","max-snippet":"max-snippet:-1","max-image-preview":"max-image-preview:large","max-video-preview":"max-video-preview:-1"},"canonical":"https:\/\/vosgesinfo.fr\/saintdieinfo\/2026\/03\/thierry-martin-est-linvite-dhonneur-de-la-deuxieme-quinzaine-de-la-bd-en-deodatie\/","twitter_card":"summary_large_image","twitter_title":"Thierry Martin est l'invit\u00e9 d'honneur de la deuxi\u00e8me Quinzaine de la BD en D\u00e9odatie - Saint Die Info","twitter_description":"Du 14 au 28 mars, la Quinzaine de la BD fera son retour dans le r\u00e9seau Escales pour une deuxi\u00e8me [&hellip;]","twitter_image":"https:\/\/vosgesinfo.fr\/app\/uploads\/sites\/4\/2026\/03\/deuxieme-quinzaine-bd-reseau-escales-2-1.jpg","twitter_creator":"@VosgesInfo88","twitter_site":"@VosgesInfo88","twitter_misc":{"\u00c9crit par":"J.J.","Dur\u00e9e de lecture estim\u00e9e":"2 minutes"},"schema":{"@context":"https:\/\/schema.org","@graph":[{"@type":"Article","@id":"https:\/\/vosgesinfo.fr\/saintdieinfo\/2026\/03\/thierry-martin-est-linvite-dhonneur-de-la-deuxieme-quinzaine-de-la-bd-en-deodatie\/#article","isPartOf":{"@id":"https:\/\/vosgesinfo.fr\/saintdieinfo\/2026\/03\/thierry-martin-est-linvite-dhonneur-de-la-deuxieme-quinzaine-de-la-bd-en-deodatie\/"},"author":{"name":"J.J.","@id":"https:\/\/vosgesinfo.fr\/saintdieinfo\/#\/schema\/person\/fa73e9f726d67bb88f46d5b7943cb572"},"headline":"Thierry Martin est l&rsquo;invit\u00e9 d&rsquo;honneur de la deuxi\u00e8me Quinzaine de la BD en D\u00e9odatie","datePublished":"2026-03-12T10:13:21+00:00","dateModified":"2026-03-12T10:01:17+00:00","mainEntityOfPage":{"@id":"https:\/\/vosgesinfo.fr\/saintdieinfo\/2026\/03\/thierry-martin-est-linvite-dhonneur-de-la-deuxieme-quinzaine-de-la-bd-en-deodatie\/"},"wordCount":326,"commentCount":0,"publisher":{"@id":"https:\/\/vosgesinfo.fr\/saintdieinfo\/#organization"},"image":{"@id":"https:\/\/vosgesinfo.fr\/saintdieinfo\/2026\/03\/thierry-martin-est-linvite-dhonneur-de-la-deuxieme-quinzaine-de-la-bd-en-deodatie\/#primaryimage"},"thumbnailUrl":"https:\/\/vosgesinfo.fr\/app\/uploads\/sites\/4\/2026\/03\/deuxieme-quinzaine-bd-reseau-escales-2-1.jpg","keywords":["Bande-dessin\u00e9e","D\u00e9odatie","Escales","etival-clairefontaine","La Boussole","Laurent Cagniat","m\u00e9diath\u00e8ques","Quinzaine de la BD","Raon-l\u2019Etape","Thierry Martin"],"articleSection":["A la Une","D\u00e9odatie","Litt\u00e9rature"],"inLanguage":"fr-FR","potentialAction":[{"@type":"CommentAction","name":"Comment","target":["https:\/\/vosgesinfo.fr\/saintdieinfo\/2026\/03\/thierry-martin-est-linvite-dhonneur-de-la-deuxieme-quinzaine-de-la-bd-en-deodatie\/#respond"]}]},{"@type":"WebPage","@id":"https:\/\/vosgesinfo.fr\/saintdieinfo\/2026\/03\/thierry-martin-est-linvite-dhonneur-de-la-deuxieme-quinzaine-de-la-bd-en-deodatie\/","url":"https:\/\/vosgesinfo.fr\/saintdieinfo\/2026\/03\/thierry-martin-est-linvite-dhonneur-de-la-deuxieme-quinzaine-de-la-bd-en-deodatie\/","name":"Thierry Martin est l'invit\u00e9 d'honneur de la deuxi\u00e8me Quinzaine de la BD en D\u00e9odatie - Saint Die Info","isPartOf":{"@id":"https:\/\/vosgesinfo.fr\/saintdieinfo\/#website"},"primaryImageOfPage":{"@id":"https:\/\/vosgesinfo.fr\/saintdieinfo\/2026\/03\/thierry-martin-est-linvite-dhonneur-de-la-deuxieme-quinzaine-de-la-bd-en-deodatie\/#primaryimage"},"image":{"@id":"https:\/\/vosgesinfo.fr\/saintdieinfo\/2026\/03\/thierry-martin-est-linvite-dhonneur-de-la-deuxieme-quinzaine-de-la-bd-en-deodatie\/#primaryimage"},"thumbnailUrl":"https:\/\/vosgesinfo.fr\/app\/uploads\/sites\/4\/2026\/03\/deuxieme-quinzaine-bd-reseau-escales-2-1.jpg","datePublished":"2026-03-12T10:13:21+00:00","dateModified":"2026-03-12T10:01:17+00:00","breadcrumb":{"@id":"https:\/\/vosgesinfo.fr\/saintdieinfo\/2026\/03\/thierry-martin-est-linvite-dhonneur-de-la-deuxieme-quinzaine-de-la-bd-en-deodatie\/#breadcrumb"},"inLanguage":"fr-FR","potentialAction":[{"@type":"ReadAction","target":["https:\/\/vosgesinfo.fr\/saintdieinfo\/2026\/03\/thierry-martin-est-linvite-dhonneur-de-la-deuxieme-quinzaine-de-la-bd-en-deodatie\/"]}]},{"@type":"ImageObject","inLanguage":"fr-FR","@id":"https:\/\/vosgesinfo.fr\/saintdieinfo\/2026\/03\/thierry-martin-est-linvite-dhonneur-de-la-deuxieme-quinzaine-de-la-bd-en-deodatie\/#primaryimage","url":"https:\/\/vosgesinfo.fr\/app\/uploads\/sites\/4\/2026\/03\/deuxieme-quinzaine-bd-reseau-escales-2-1.jpg","contentUrl":"https:\/\/vosgesinfo.fr\/app\/uploads\/sites\/4\/2026\/03\/deuxieme-quinzaine-bd-reseau-escales-2-1.jpg","width":1490,"height":1080},{"@type":"BreadcrumbList","@id":"https:\/\/vosgesinfo.fr\/saintdieinfo\/2026\/03\/thierry-martin-est-linvite-dhonneur-de-la-deuxieme-quinzaine-de-la-bd-en-deodatie\/#breadcrumb","itemListElement":[{"@type":"ListItem","position":1,"name":"Home","item":"https:\/\/vosgesinfo.fr\/saintdieinfo\/"},{"@type":"ListItem","position":2,"name":"Thierry Martin est l&rsquo;invit\u00e9 d&rsquo;honneur de la deuxi\u00e8me Quinzaine de la BD en D\u00e9odatie"}]},{"@type":"WebSite","@id":"https:\/\/vosgesinfo.fr\/saintdieinfo\/#website","url":"https:\/\/vosgesinfo.fr\/saintdieinfo\/","name":"Saint Die Info","description":"Toute l&#039;actualit\u00e9 de Saint-Di\u00e9-Des-Vosges","publisher":{"@id":"https:\/\/vosgesinfo.fr\/saintdieinfo\/#organization"},"alternateName":"Toute l'actualit\u00e9 de Saint-Di\u00e9-Des-Vosges","potentialAction":[{"@type":"SearchAction","target":{"@type":"EntryPoint","urlTemplate":"https:\/\/vosgesinfo.fr\/saintdieinfo\/?s={search_term_string}"},"query-input":"required name=search_term_string"}],"inLanguage":"fr-FR"},{"@type":"Organization","@id":"https:\/\/vosgesinfo.fr\/saintdieinfo\/#organization","name":"Saint Die Info","url":"https:\/\/vosgesinfo.fr\/saintdieinfo\/","logo":{"@type":"ImageObject","inLanguage":"fr-FR","@id":"https:\/\/vosgesinfo.fr\/saintdieinfo\/#\/schema\/logo\/image\/","url":"https:\/\/vosgesinfo.fr\/app\/uploads\/sites\/4\/2024\/02\/logo-sdi.jpg","contentUrl":"https:\/\/vosgesinfo.fr\/app\/uploads\/sites\/4\/2024\/02\/logo-sdi.jpg","width":600,"height":600,"caption":"Saint Die Info"},"image":{"@id":"https:\/\/vosgesinfo.fr\/saintdieinfo\/#\/schema\/logo\/image\/"},"sameAs":["https:\/\/www.facebook.com\/Saintdieinfofr","https:\/\/x.com\/VosgesInfo88","https:\/\/www.youtube.com\/@vosgesinfo"]},{"@type":"Person","@id":"https:\/\/vosgesinfo.fr\/saintdieinfo\/#\/schema\/person\/fa73e9f726d67bb88f46d5b7943cb572","name":"J.J.","image":{"@type":"ImageObject","inLanguage":"fr-FR","@id":"https:\/\/vosgesinfo.fr\/saintdieinfo\/#\/schema\/person\/image\/","url":"https:\/\/secure.gravatar.com\/avatar\/219e749e47ffbcca018a360ae4add7d4cdf1cdaaf8bc7676b27efade3fe65615?s=96&d=mm&r=g","contentUrl":"https:\/\/secure.gravatar.com\/avatar\/219e749e47ffbcca018a360ae4add7d4cdf1cdaaf8bc7676b27efade3fe65615?s=96&d=mm&r=g","caption":"J.J."},"url":"https:\/\/vosgesinfo.fr\/saintdieinfo\/author\/j-j\/"}]}},"_links":{"self":[{"href":"https:\/\/vosgesinfo.fr\/saintdieinfo\/wp-json\/wp\/v2\/posts\/88893","targetHints":{"allow":["GET"]}}],"collection":[{"href":"https:\/\/vosgesinfo.fr\/saintdieinfo\/wp-json\/wp\/v2\/posts"}],"about":[{"href":"https:\/\/vosgesinfo.fr\/saintdieinfo\/wp-json\/wp\/v2\/types\/post"}],"author":[{"embeddable":true,"href":"https:\/\/vosgesinfo.fr\/saintdieinfo\/wp-json\/wp\/v2\/users\/46"}],"replies":[{"embeddable":true,"href":"https:\/\/vosgesinfo.fr\/saintdieinfo\/wp-json\/wp\/v2\/comments?post=88893"}],"version-history":[{"count":1,"href":"https:\/\/vosgesinfo.fr\/saintdieinfo\/wp-json\/wp\/v2\/posts\/88893\/revisions"}],"predecessor-version":[{"id":88905,"href":"https:\/\/vosgesinfo.fr\/saintdieinfo\/wp-json\/wp\/v2\/posts\/88893\/revisions\/88905"}],"wp:featuredmedia":[{"embeddable":true,"href":"https:\/\/vosgesinfo.fr\/saintdieinfo\/wp-json\/wp\/v2\/media\/88904"}],"wp:attachment":[{"href":"https:\/\/vosgesinfo.fr\/saintdieinfo\/wp-json\/wp\/v2\/media?parent=88893"}],"wp:term":[{"taxonomy":"category","embeddable":true,"href":"https:\/\/vosgesinfo.fr\/saintdieinfo\/wp-json\/wp\/v2\/categories?post=88893"},{"taxonomy":"post_tag","embeddable":true,"href":"https:\/\/vosgesinfo.fr\/saintdieinfo\/wp-json\/wp\/v2\/tags?post=88893"}],"curies":[{"name":"wp","href":"https:\/\/api.w.org\/{rel}","templated":true}]}}