{"id":88909,"date":"2026-03-12T16:53:55","date_gmt":"2026-03-12T15:53:55","guid":{"rendered":"https:\/\/vosgesinfo.fr\/saintdieinfo\/?p=88909"},"modified":"2026-03-12T16:19:22","modified_gmt":"2026-03-12T15:19:22","slug":"mois-de-legalite-a-saint-die-des-vosges-une-projection-pour-sensibiliser-les-jeunes","status":"publish","type":"post","link":"https:\/\/vosgesinfo.fr\/saintdieinfo\/2026\/03\/mois-de-legalite-a-saint-die-des-vosges-une-projection-pour-sensibiliser-les-jeunes\/","title":{"rendered":"Mois de l\u2019\u00c9galit\u00e9 \u00e0 Saint-Di\u00e9-des-Vosges : une projection pour sensibiliser les jeunes"},"content":{"rendered":"<p><a href=\"https:\/\/vosgesinfo.fr\/app\/uploads\/sites\/4\/2026\/03\/projection-la-maison-des-femmes-scolaires-1.jpg\"><img decoding=\"async\" class=\"alignnone size-full wp-image-88910\" src=\"https:\/\/vosgesinfo.fr\/app\/uploads\/sites\/4\/2026\/03\/projection-la-maison-des-femmes-scolaires-1.jpg\" alt=\"\" width=\"1015\" height=\"696\" srcset=\"https:\/\/vosgesinfo.fr\/app\/uploads\/sites\/4\/2026\/03\/projection-la-maison-des-femmes-scolaires-1.jpg 1015w, https:\/\/vosgesinfo.fr\/app\/uploads\/sites\/4\/2026\/03\/projection-la-maison-des-femmes-scolaires-1-300x206.jpg 300w, https:\/\/vosgesinfo.fr\/app\/uploads\/sites\/4\/2026\/03\/projection-la-maison-des-femmes-scolaires-1-768x527.jpg 768w\" sizes=\"(max-width: 1015px) 100vw, 1015px\" \/><\/a><\/p>\n<h2><a href=\"https:\/\/vosgesinfo.fr\/saintdieinfo\/2026\/02\/un-mois-de-mars-deodatien-consacre-a-legalite-femmes-hommes\/\" target=\"_blank\" rel=\"noopener\">Le <strong>Mois de l\u2019\u00c9galit\u00e9<\/strong><\/a> se poursuit \u00e0 Saint-Di\u00e9-des-Vosges avec une action tourn\u00e9e vers les jeunes <strong>ce jeudi apr\u00e8s-midi<\/strong>. C\u2019est \u00e0 cette occasion qu\u2019<strong>une quarantaine d\u2019\u00e9l\u00e8ves<\/strong> de la MFR de Saint-Di\u00e9-des-Vosges et de l\u2019\u00c9cole de la 2e Chance \u00e9taient r\u00e9unis \u00e0 <strong>Nova Cin\u00e9<\/strong> pour assister \u00e0 la projection du film <strong>\u00ab La Maison des femmes \u00bb<\/strong>.<\/h2>\n<p><!--more--><\/p>\n<h3><strong>Une histoire centr\u00e9e sur les violences faites aux femmes<\/strong><\/h3>\n<p>Dans la salle, les \u00e9changes se sont peu \u00e0 peu tus avant le d\u00e9but de la s\u00e9ance. Pendant <strong>pr\u00e8s de deux heures<\/strong>, les lyc\u00e9ens ont d\u00e9couvert une histoire centr\u00e9e sur les <strong>violences faites aux femmes<\/strong>, mais aussi sur l\u2019<strong>\u00e9coute<\/strong>, la <strong>solidarit\u00e9<\/strong> et la <strong>reconstruction<\/strong>.<\/p>\n<p>Le film suit le quotidien d\u2019un <strong>centre<\/strong> qui accueille des <strong>femmes victimes de violences<\/strong> et les accompagne dans leur <strong>reconstruction<\/strong>. Pour les <strong>\u00e9l\u00e8ves pr\u00e9sents<\/strong>, le sujet \u00e9tait parfois dur, mais aussi <strong>tr\u00e8s marquant<\/strong>.<\/p>\n<p><strong>Dans la matin\u00e9e<\/strong>, <strong>56 agents<\/strong> de la <strong>Ville<\/strong>, du <strong>CCAS<\/strong> et de la <strong>Communaut\u00e9 d\u2019Agglom\u00e9ration<\/strong> ont eux aussi assist\u00e9 \u00e0 une projection du m\u00eame film dans le cadre du plan \u00e9galit\u00e9 femmes-hommes de ces collectivit\u00e9s.<\/p>\n<h3><strong>D\u2019autres rendez-vous tout au long du mois de mars<\/strong><\/h3>\n<p>Port\u00e9 par la <strong>Ville<\/strong>, via le <strong>CCAS<\/strong>, le <strong>Mois de l\u2019\u00c9galit\u00e9<\/strong> propose plusieurs <strong>rendez-vous de sensibilisation<\/strong> autour de l\u2019<strong>\u00e9galit\u00e9 entre les femmes et les hommes<\/strong>. Rencontres, expositions, spectacles et d\u00e9bats rythment ainsi le mois de mars, en lien avec la <strong>Journ\u00e9e internationale des droits des femmes<\/strong> du 8 mars.<\/p>\n<h3><strong>Le programme complet \u00e0 retrouver en ligne<\/strong><\/h3>\n<p>Le programme complet du <strong>Mois de l\u2019\u00c9galit\u00e9<\/strong> est \u00e0 retrouver sur <a href=\"https:\/\/www.saint-die-des-vosges.fr\/wp-content\/uploads\/2026\/02\/PROGRAMME-2026-EGALITE-v2.pdf\" target=\"_blank\" rel=\"noopener\">le site de la <strong>Ville de Saint-Di\u00e9-des-Vosges<\/strong>.<\/a><\/p>\n<p><a href=\"https:\/\/vosgesinfo.fr\/app\/uploads\/sites\/4\/2026\/03\/projection-la-maison-des-femmes-scolaires-2.jpg\"><img decoding=\"async\" class=\"alignnone size-large wp-image-88911\" src=\"https:\/\/vosgesinfo.fr\/app\/uploads\/sites\/4\/2026\/03\/projection-la-maison-des-femmes-scolaires-2-1024x768.jpg\" alt=\"\" width=\"1024\" height=\"768\" srcset=\"https:\/\/vosgesinfo.fr\/app\/uploads\/sites\/4\/2026\/03\/projection-la-maison-des-femmes-scolaires-2-1024x768.jpg 1024w, https:\/\/vosgesinfo.fr\/app\/uploads\/sites\/4\/2026\/03\/projection-la-maison-des-femmes-scolaires-2-300x225.jpg 300w, https:\/\/vosgesinfo.fr\/app\/uploads\/sites\/4\/2026\/03\/projection-la-maison-des-femmes-scolaires-2-768x576.jpg 768w, https:\/\/vosgesinfo.fr\/app\/uploads\/sites\/4\/2026\/03\/projection-la-maison-des-femmes-scolaires-2.jpg 1080w\" sizes=\"(max-width: 1024px) 100vw, 1024px\" \/><\/a><\/p>\n","protected":false},"excerpt":{"rendered":"<p>Le Mois de l\u2019\u00c9galit\u00e9 se poursuit \u00e0 Saint-Di\u00e9-des-Vosges avec une action tourn\u00e9e vers les jeunes ce jeudi apr\u00e8s-midi. C\u2019est \u00e0 [&hellip;]<\/p>\n","protected":false},"author":46,"featured_media":88910,"comment_status":"open","ping_status":"open","sticky":false,"template":"","format":"standard","meta":{"footnotes":""},"categories":[460,6,167,13],"tags":[19027,20739,15973,990,20740,7895,20255,3111,2881],"class_list":["post-88909","post","type-post","status-publish","format-standard","has-post-thumbnail","hentry","category-a-la-une","category-education","category-saint-die-des-vosges","category-societe","tag-ccas","tag-ecole-de-la-2e-chance","tag-egalite-femmes-hommes","tag-journee-internationale-des-droits-des-femmes","tag-la-maison-des-femmes","tag-mfr-de-saint-die-des-vosges","tag-mois-de-legalite","tag-nova-cine","tag-saint-die-des-vosges"],"acf":[],"yoast_head":"<!-- This site is optimized with the Yoast SEO plugin v22.5 - https:\/\/yoast.com\/wordpress\/plugins\/seo\/ -->\n<title>Mois de l\u2019\u00c9galit\u00e9 \u00e0 Saint-Di\u00e9-des-Vosges : une projection pour sensibiliser les jeunes - Saint Die Info<\/title>\n<meta name=\"robots\" content=\"index, follow, max-snippet:-1, max-image-preview:large, max-video-preview:-1\" \/>\n<link rel=\"canonical\" href=\"https:\/\/vosgesinfo.fr\/saintdieinfo\/2026\/03\/mois-de-legalite-a-saint-die-des-vosges-une-projection-pour-sensibiliser-les-jeunes\/\" \/>\n<meta name=\"twitter:card\" content=\"summary_large_image\" \/>\n<meta name=\"twitter:title\" content=\"Mois de l\u2019\u00c9galit\u00e9 \u00e0 Saint-Di\u00e9-des-Vosges : une projection pour sensibiliser les jeunes - Saint Die Info\" \/>\n<meta name=\"twitter:description\" content=\"Le Mois de l\u2019\u00c9galit\u00e9 se poursuit \u00e0 Saint-Di\u00e9-des-Vosges avec une action tourn\u00e9e vers les jeunes ce jeudi apr\u00e8s-midi. C\u2019est \u00e0 [&hellip;]\" \/>\n<meta name=\"twitter:image\" content=\"https:\/\/vosgesinfo.fr\/app\/uploads\/sites\/4\/2026\/03\/projection-la-maison-des-femmes-scolaires-1.jpg\" \/>\n<meta name=\"twitter:creator\" content=\"@VosgesInfo88\" \/>\n<meta name=\"twitter:site\" content=\"@VosgesInfo88\" \/>\n<meta name=\"twitter:label1\" content=\"\u00c9crit par\" \/>\n\t<meta name=\"twitter:data1\" content=\"J.J.\" \/>\n\t<meta name=\"twitter:label2\" content=\"Dur\u00e9e de lecture estim\u00e9e\" \/>\n\t<meta name=\"twitter:data2\" content=\"1 minute\" \/>\n<script type=\"application\/ld+json\" class=\"yoast-schema-graph\">{\"@context\":\"https:\/\/schema.org\",\"@graph\":[{\"@type\":\"Article\",\"@id\":\"https:\/\/vosgesinfo.fr\/saintdieinfo\/2026\/03\/mois-de-legalite-a-saint-die-des-vosges-une-projection-pour-sensibiliser-les-jeunes\/#article\",\"isPartOf\":{\"@id\":\"https:\/\/vosgesinfo.fr\/saintdieinfo\/2026\/03\/mois-de-legalite-a-saint-die-des-vosges-une-projection-pour-sensibiliser-les-jeunes\/\"},\"author\":{\"name\":\"J.J.\",\"@id\":\"https:\/\/vosgesinfo.fr\/saintdieinfo\/#\/schema\/person\/fa73e9f726d67bb88f46d5b7943cb572\"},\"headline\":\"Mois de l\u2019\u00c9galit\u00e9 \u00e0 Saint-Di\u00e9-des-Vosges : une projection pour sensibiliser les jeunes\",\"datePublished\":\"2026-03-12T15:53:55+00:00\",\"dateModified\":\"2026-03-12T15:19:22+00:00\",\"mainEntityOfPage\":{\"@id\":\"https:\/\/vosgesinfo.fr\/saintdieinfo\/2026\/03\/mois-de-legalite-a-saint-die-des-vosges-une-projection-pour-sensibiliser-les-jeunes\/\"},\"wordCount\":294,\"commentCount\":0,\"publisher\":{\"@id\":\"https:\/\/vosgesinfo.fr\/saintdieinfo\/#organization\"},\"image\":{\"@id\":\"https:\/\/vosgesinfo.fr\/saintdieinfo\/2026\/03\/mois-de-legalite-a-saint-die-des-vosges-une-projection-pour-sensibiliser-les-jeunes\/#primaryimage\"},\"thumbnailUrl\":\"https:\/\/vosgesinfo.fr\/app\/uploads\/sites\/4\/2026\/03\/projection-la-maison-des-femmes-scolaires-1.jpg\",\"keywords\":[\"CCAS\",\"\u00c9cole de la 2e Chance\",\"Egalit\u00e9 femmes-hommes\",\"journ\u00e9e internationale des droits des femmes\",\"La Maison des femmes\",\"MFR de Saint-Di\u00e9-des-Vosges\",\"Mois de l\u2019\u00e9galit\u00e9\",\"Nova Cin\u00e9\",\"Saint-Di\u00e9-des-Vosges\"],\"articleSection\":[\"A la Une\",\"\u00c9ducation\",\"Saint-Di\u00e9-des-Vosges\",\"Soci\u00e9t\u00e9\"],\"inLanguage\":\"fr-FR\",\"potentialAction\":[{\"@type\":\"CommentAction\",\"name\":\"Comment\",\"target\":[\"https:\/\/vosgesinfo.fr\/saintdieinfo\/2026\/03\/mois-de-legalite-a-saint-die-des-vosges-une-projection-pour-sensibiliser-les-jeunes\/#respond\"]}]},{\"@type\":\"WebPage\",\"@id\":\"https:\/\/vosgesinfo.fr\/saintdieinfo\/2026\/03\/mois-de-legalite-a-saint-die-des-vosges-une-projection-pour-sensibiliser-les-jeunes\/\",\"url\":\"https:\/\/vosgesinfo.fr\/saintdieinfo\/2026\/03\/mois-de-legalite-a-saint-die-des-vosges-une-projection-pour-sensibiliser-les-jeunes\/\",\"name\":\"Mois de l\u2019\u00c9galit\u00e9 \u00e0 Saint-Di\u00e9-des-Vosges : une projection pour sensibiliser les jeunes - Saint Die Info\",\"isPartOf\":{\"@id\":\"https:\/\/vosgesinfo.fr\/saintdieinfo\/#website\"},\"primaryImageOfPage\":{\"@id\":\"https:\/\/vosgesinfo.fr\/saintdieinfo\/2026\/03\/mois-de-legalite-a-saint-die-des-vosges-une-projection-pour-sensibiliser-les-jeunes\/#primaryimage\"},\"image\":{\"@id\":\"https:\/\/vosgesinfo.fr\/saintdieinfo\/2026\/03\/mois-de-legalite-a-saint-die-des-vosges-une-projection-pour-sensibiliser-les-jeunes\/#primaryimage\"},\"thumbnailUrl\":\"https:\/\/vosgesinfo.fr\/app\/uploads\/sites\/4\/2026\/03\/projection-la-maison-des-femmes-scolaires-1.jpg\",\"datePublished\":\"2026-03-12T15:53:55+00:00\",\"dateModified\":\"2026-03-12T15:19:22+00:00\",\"breadcrumb\":{\"@id\":\"https:\/\/vosgesinfo.fr\/saintdieinfo\/2026\/03\/mois-de-legalite-a-saint-die-des-vosges-une-projection-pour-sensibiliser-les-jeunes\/#breadcrumb\"},\"inLanguage\":\"fr-FR\",\"potentialAction\":[{\"@type\":\"ReadAction\",\"target\":[\"https:\/\/vosgesinfo.fr\/saintdieinfo\/2026\/03\/mois-de-legalite-a-saint-die-des-vosges-une-projection-pour-sensibiliser-les-jeunes\/\"]}]},{\"@type\":\"ImageObject\",\"inLanguage\":\"fr-FR\",\"@id\":\"https:\/\/vosgesinfo.fr\/saintdieinfo\/2026\/03\/mois-de-legalite-a-saint-die-des-vosges-une-projection-pour-sensibiliser-les-jeunes\/#primaryimage\",\"url\":\"https:\/\/vosgesinfo.fr\/app\/uploads\/sites\/4\/2026\/03\/projection-la-maison-des-femmes-scolaires-1.jpg\",\"contentUrl\":\"https:\/\/vosgesinfo.fr\/app\/uploads\/sites\/4\/2026\/03\/projection-la-maison-des-femmes-scolaires-1.jpg\",\"width\":1015,\"height\":696},{\"@type\":\"BreadcrumbList\",\"@id\":\"https:\/\/vosgesinfo.fr\/saintdieinfo\/2026\/03\/mois-de-legalite-a-saint-die-des-vosges-une-projection-pour-sensibiliser-les-jeunes\/#breadcrumb\",\"itemListElement\":[{\"@type\":\"ListItem\",\"position\":1,\"name\":\"Home\",\"item\":\"https:\/\/vosgesinfo.fr\/saintdieinfo\/\"},{\"@type\":\"ListItem\",\"position\":2,\"name\":\"Mois de l\u2019\u00c9galit\u00e9 \u00e0 Saint-Di\u00e9-des-Vosges : une projection pour sensibiliser les jeunes\"}]},{\"@type\":\"WebSite\",\"@id\":\"https:\/\/vosgesinfo.fr\/saintdieinfo\/#website\",\"url\":\"https:\/\/vosgesinfo.fr\/saintdieinfo\/\",\"name\":\"Saint Die Info\",\"description\":\"Toute l&#039;actualit\u00e9 de Saint-Di\u00e9-Des-Vosges\",\"publisher\":{\"@id\":\"https:\/\/vosgesinfo.fr\/saintdieinfo\/#organization\"},\"alternateName\":\"Toute l'actualit\u00e9 de Saint-Di\u00e9-Des-Vosges\",\"potentialAction\":[{\"@type\":\"SearchAction\",\"target\":{\"@type\":\"EntryPoint\",\"urlTemplate\":\"https:\/\/vosgesinfo.fr\/saintdieinfo\/?s={search_term_string}\"},\"query-input\":\"required name=search_term_string\"}],\"inLanguage\":\"fr-FR\"},{\"@type\":\"Organization\",\"@id\":\"https:\/\/vosgesinfo.fr\/saintdieinfo\/#organization\",\"name\":\"Saint Die Info\",\"url\":\"https:\/\/vosgesinfo.fr\/saintdieinfo\/\",\"logo\":{\"@type\":\"ImageObject\",\"inLanguage\":\"fr-FR\",\"@id\":\"https:\/\/vosgesinfo.fr\/saintdieinfo\/#\/schema\/logo\/image\/\",\"url\":\"https:\/\/vosgesinfo.fr\/app\/uploads\/sites\/4\/2024\/02\/logo-sdi.jpg\",\"contentUrl\":\"https:\/\/vosgesinfo.fr\/app\/uploads\/sites\/4\/2024\/02\/logo-sdi.jpg\",\"width\":600,\"height\":600,\"caption\":\"Saint Die Info\"},\"image\":{\"@id\":\"https:\/\/vosgesinfo.fr\/saintdieinfo\/#\/schema\/logo\/image\/\"},\"sameAs\":[\"https:\/\/www.facebook.com\/Saintdieinfofr\",\"https:\/\/x.com\/VosgesInfo88\",\"https:\/\/www.youtube.com\/@vosgesinfo\"]},{\"@type\":\"Person\",\"@id\":\"https:\/\/vosgesinfo.fr\/saintdieinfo\/#\/schema\/person\/fa73e9f726d67bb88f46d5b7943cb572\",\"name\":\"J.J.\",\"image\":{\"@type\":\"ImageObject\",\"inLanguage\":\"fr-FR\",\"@id\":\"https:\/\/vosgesinfo.fr\/saintdieinfo\/#\/schema\/person\/image\/\",\"url\":\"https:\/\/secure.gravatar.com\/avatar\/219e749e47ffbcca018a360ae4add7d4cdf1cdaaf8bc7676b27efade3fe65615?s=96&d=mm&r=g\",\"contentUrl\":\"https:\/\/secure.gravatar.com\/avatar\/219e749e47ffbcca018a360ae4add7d4cdf1cdaaf8bc7676b27efade3fe65615?s=96&d=mm&r=g\",\"caption\":\"J.J.\"},\"url\":\"https:\/\/vosgesinfo.fr\/saintdieinfo\/author\/j-j\/\"}]}<\/script>\n<!-- \/ Yoast SEO plugin. -->","yoast_head_json":{"title":"Mois de l\u2019\u00c9galit\u00e9 \u00e0 Saint-Di\u00e9-des-Vosges : une projection pour sensibiliser les jeunes - Saint Die Info","robots":{"index":"index","follow":"follow","max-snippet":"max-snippet:-1","max-image-preview":"max-image-preview:large","max-video-preview":"max-video-preview:-1"},"canonical":"https:\/\/vosgesinfo.fr\/saintdieinfo\/2026\/03\/mois-de-legalite-a-saint-die-des-vosges-une-projection-pour-sensibiliser-les-jeunes\/","twitter_card":"summary_large_image","twitter_title":"Mois de l\u2019\u00c9galit\u00e9 \u00e0 Saint-Di\u00e9-des-Vosges : une projection pour sensibiliser les jeunes - Saint Die Info","twitter_description":"Le Mois de l\u2019\u00c9galit\u00e9 se poursuit \u00e0 Saint-Di\u00e9-des-Vosges avec une action tourn\u00e9e vers les jeunes ce jeudi apr\u00e8s-midi. C\u2019est \u00e0 [&hellip;]","twitter_image":"https:\/\/vosgesinfo.fr\/app\/uploads\/sites\/4\/2026\/03\/projection-la-maison-des-femmes-scolaires-1.jpg","twitter_creator":"@VosgesInfo88","twitter_site":"@VosgesInfo88","twitter_misc":{"\u00c9crit par":"J.J.","Dur\u00e9e de lecture estim\u00e9e":"1 minute"},"schema":{"@context":"https:\/\/schema.org","@graph":[{"@type":"Article","@id":"https:\/\/vosgesinfo.fr\/saintdieinfo\/2026\/03\/mois-de-legalite-a-saint-die-des-vosges-une-projection-pour-sensibiliser-les-jeunes\/#article","isPartOf":{"@id":"https:\/\/vosgesinfo.fr\/saintdieinfo\/2026\/03\/mois-de-legalite-a-saint-die-des-vosges-une-projection-pour-sensibiliser-les-jeunes\/"},"author":{"name":"J.J.","@id":"https:\/\/vosgesinfo.fr\/saintdieinfo\/#\/schema\/person\/fa73e9f726d67bb88f46d5b7943cb572"},"headline":"Mois de l\u2019\u00c9galit\u00e9 \u00e0 Saint-Di\u00e9-des-Vosges : une projection pour sensibiliser les jeunes","datePublished":"2026-03-12T15:53:55+00:00","dateModified":"2026-03-12T15:19:22+00:00","mainEntityOfPage":{"@id":"https:\/\/vosgesinfo.fr\/saintdieinfo\/2026\/03\/mois-de-legalite-a-saint-die-des-vosges-une-projection-pour-sensibiliser-les-jeunes\/"},"wordCount":294,"commentCount":0,"publisher":{"@id":"https:\/\/vosgesinfo.fr\/saintdieinfo\/#organization"},"image":{"@id":"https:\/\/vosgesinfo.fr\/saintdieinfo\/2026\/03\/mois-de-legalite-a-saint-die-des-vosges-une-projection-pour-sensibiliser-les-jeunes\/#primaryimage"},"thumbnailUrl":"https:\/\/vosgesinfo.fr\/app\/uploads\/sites\/4\/2026\/03\/projection-la-maison-des-femmes-scolaires-1.jpg","keywords":["CCAS","\u00c9cole de la 2e Chance","Egalit\u00e9 femmes-hommes","journ\u00e9e internationale des droits des femmes","La Maison des femmes","MFR de Saint-Di\u00e9-des-Vosges","Mois de l\u2019\u00e9galit\u00e9","Nova Cin\u00e9","Saint-Di\u00e9-des-Vosges"],"articleSection":["A la Une","\u00c9ducation","Saint-Di\u00e9-des-Vosges","Soci\u00e9t\u00e9"],"inLanguage":"fr-FR","potentialAction":[{"@type":"CommentAction","name":"Comment","target":["https:\/\/vosgesinfo.fr\/saintdieinfo\/2026\/03\/mois-de-legalite-a-saint-die-des-vosges-une-projection-pour-sensibiliser-les-jeunes\/#respond"]}]},{"@type":"WebPage","@id":"https:\/\/vosgesinfo.fr\/saintdieinfo\/2026\/03\/mois-de-legalite-a-saint-die-des-vosges-une-projection-pour-sensibiliser-les-jeunes\/","url":"https:\/\/vosgesinfo.fr\/saintdieinfo\/2026\/03\/mois-de-legalite-a-saint-die-des-vosges-une-projection-pour-sensibiliser-les-jeunes\/","name":"Mois de l\u2019\u00c9galit\u00e9 \u00e0 Saint-Di\u00e9-des-Vosges : une projection pour sensibiliser les jeunes - Saint Die Info","isPartOf":{"@id":"https:\/\/vosgesinfo.fr\/saintdieinfo\/#website"},"primaryImageOfPage":{"@id":"https:\/\/vosgesinfo.fr\/saintdieinfo\/2026\/03\/mois-de-legalite-a-saint-die-des-vosges-une-projection-pour-sensibiliser-les-jeunes\/#primaryimage"},"image":{"@id":"https:\/\/vosgesinfo.fr\/saintdieinfo\/2026\/03\/mois-de-legalite-a-saint-die-des-vosges-une-projection-pour-sensibiliser-les-jeunes\/#primaryimage"},"thumbnailUrl":"https:\/\/vosgesinfo.fr\/app\/uploads\/sites\/4\/2026\/03\/projection-la-maison-des-femmes-scolaires-1.jpg","datePublished":"2026-03-12T15:53:55+00:00","dateModified":"2026-03-12T15:19:22+00:00","breadcrumb":{"@id":"https:\/\/vosgesinfo.fr\/saintdieinfo\/2026\/03\/mois-de-legalite-a-saint-die-des-vosges-une-projection-pour-sensibiliser-les-jeunes\/#breadcrumb"},"inLanguage":"fr-FR","potentialAction":[{"@type":"ReadAction","target":["https:\/\/vosgesinfo.fr\/saintdieinfo\/2026\/03\/mois-de-legalite-a-saint-die-des-vosges-une-projection-pour-sensibiliser-les-jeunes\/"]}]},{"@type":"ImageObject","inLanguage":"fr-FR","@id":"https:\/\/vosgesinfo.fr\/saintdieinfo\/2026\/03\/mois-de-legalite-a-saint-die-des-vosges-une-projection-pour-sensibiliser-les-jeunes\/#primaryimage","url":"https:\/\/vosgesinfo.fr\/app\/uploads\/sites\/4\/2026\/03\/projection-la-maison-des-femmes-scolaires-1.jpg","contentUrl":"https:\/\/vosgesinfo.fr\/app\/uploads\/sites\/4\/2026\/03\/projection-la-maison-des-femmes-scolaires-1.jpg","width":1015,"height":696},{"@type":"BreadcrumbList","@id":"https:\/\/vosgesinfo.fr\/saintdieinfo\/2026\/03\/mois-de-legalite-a-saint-die-des-vosges-une-projection-pour-sensibiliser-les-jeunes\/#breadcrumb","itemListElement":[{"@type":"ListItem","position":1,"name":"Home","item":"https:\/\/vosgesinfo.fr\/saintdieinfo\/"},{"@type":"ListItem","position":2,"name":"Mois de l\u2019\u00c9galit\u00e9 \u00e0 Saint-Di\u00e9-des-Vosges : une projection pour sensibiliser les jeunes"}]},{"@type":"WebSite","@id":"https:\/\/vosgesinfo.fr\/saintdieinfo\/#website","url":"https:\/\/vosgesinfo.fr\/saintdieinfo\/","name":"Saint Die Info","description":"Toute l&#039;actualit\u00e9 de Saint-Di\u00e9-Des-Vosges","publisher":{"@id":"https:\/\/vosgesinfo.fr\/saintdieinfo\/#organization"},"alternateName":"Toute l'actualit\u00e9 de Saint-Di\u00e9-Des-Vosges","potentialAction":[{"@type":"SearchAction","target":{"@type":"EntryPoint","urlTemplate":"https:\/\/vosgesinfo.fr\/saintdieinfo\/?s={search_term_string}"},"query-input":"required name=search_term_string"}],"inLanguage":"fr-FR"},{"@type":"Organization","@id":"https:\/\/vosgesinfo.fr\/saintdieinfo\/#organization","name":"Saint Die Info","url":"https:\/\/vosgesinfo.fr\/saintdieinfo\/","logo":{"@type":"ImageObject","inLanguage":"fr-FR","@id":"https:\/\/vosgesinfo.fr\/saintdieinfo\/#\/schema\/logo\/image\/","url":"https:\/\/vosgesinfo.fr\/app\/uploads\/sites\/4\/2024\/02\/logo-sdi.jpg","contentUrl":"https:\/\/vosgesinfo.fr\/app\/uploads\/sites\/4\/2024\/02\/logo-sdi.jpg","width":600,"height":600,"caption":"Saint Die Info"},"image":{"@id":"https:\/\/vosgesinfo.fr\/saintdieinfo\/#\/schema\/logo\/image\/"},"sameAs":["https:\/\/www.facebook.com\/Saintdieinfofr","https:\/\/x.com\/VosgesInfo88","https:\/\/www.youtube.com\/@vosgesinfo"]},{"@type":"Person","@id":"https:\/\/vosgesinfo.fr\/saintdieinfo\/#\/schema\/person\/fa73e9f726d67bb88f46d5b7943cb572","name":"J.J.","image":{"@type":"ImageObject","inLanguage":"fr-FR","@id":"https:\/\/vosgesinfo.fr\/saintdieinfo\/#\/schema\/person\/image\/","url":"https:\/\/secure.gravatar.com\/avatar\/219e749e47ffbcca018a360ae4add7d4cdf1cdaaf8bc7676b27efade3fe65615?s=96&d=mm&r=g","contentUrl":"https:\/\/secure.gravatar.com\/avatar\/219e749e47ffbcca018a360ae4add7d4cdf1cdaaf8bc7676b27efade3fe65615?s=96&d=mm&r=g","caption":"J.J."},"url":"https:\/\/vosgesinfo.fr\/saintdieinfo\/author\/j-j\/"}]}},"_links":{"self":[{"href":"https:\/\/vosgesinfo.fr\/saintdieinfo\/wp-json\/wp\/v2\/posts\/88909","targetHints":{"allow":["GET"]}}],"collection":[{"href":"https:\/\/vosgesinfo.fr\/saintdieinfo\/wp-json\/wp\/v2\/posts"}],"about":[{"href":"https:\/\/vosgesinfo.fr\/saintdieinfo\/wp-json\/wp\/v2\/types\/post"}],"author":[{"embeddable":true,"href":"https:\/\/vosgesinfo.fr\/saintdieinfo\/wp-json\/wp\/v2\/users\/46"}],"replies":[{"embeddable":true,"href":"https:\/\/vosgesinfo.fr\/saintdieinfo\/wp-json\/wp\/v2\/comments?post=88909"}],"version-history":[{"count":2,"href":"https:\/\/vosgesinfo.fr\/saintdieinfo\/wp-json\/wp\/v2\/posts\/88909\/revisions"}],"predecessor-version":[{"id":88917,"href":"https:\/\/vosgesinfo.fr\/saintdieinfo\/wp-json\/wp\/v2\/posts\/88909\/revisions\/88917"}],"wp:featuredmedia":[{"embeddable":true,"href":"https:\/\/vosgesinfo.fr\/saintdieinfo\/wp-json\/wp\/v2\/media\/88910"}],"wp:attachment":[{"href":"https:\/\/vosgesinfo.fr\/saintdieinfo\/wp-json\/wp\/v2\/media?parent=88909"}],"wp:term":[{"taxonomy":"category","embeddable":true,"href":"https:\/\/vosgesinfo.fr\/saintdieinfo\/wp-json\/wp\/v2\/categories?post=88909"},{"taxonomy":"post_tag","embeddable":true,"href":"https:\/\/vosgesinfo.fr\/saintdieinfo\/wp-json\/wp\/v2\/tags?post=88909"}],"curies":[{"name":"wp","href":"https:\/\/api.w.org\/{rel}","templated":true}]}}