{"id":88912,"date":"2026-03-12T16:23:39","date_gmt":"2026-03-12T15:23:39","guid":{"rendered":"https:\/\/vosgesinfo.fr\/saintdieinfo\/?p=88912"},"modified":"2026-03-12T16:11:02","modified_gmt":"2026-03-12T15:11:02","slug":"etival-clairefontaine-une-soiree-autour-de-lepinette-vosgienne","status":"publish","type":"post","link":"https:\/\/vosgesinfo.fr\/saintdieinfo\/2026\/03\/etival-clairefontaine-une-soiree-autour-de-lepinette-vosgienne\/","title":{"rendered":"\u00c9tival-Clairefontaine \u2013 Une soir\u00e9e autour de l\u2019\u00e9pinette vosgienne"},"content":{"rendered":"<h2>Le <strong>Conservatoire Olivier-Douchain<\/strong> proposera une soir\u00e9e consacr\u00e9e \u00e0 l\u2019<strong>\u00e9pinette vosgienne<\/strong> <strong>jeudi 19 mars<\/strong>, \u00e0 18 h 30, \u00e0 la <strong>salle Bernasconi<\/strong>, \u00e0 <strong>\u00c9tival-Clairefontaine<\/strong>. Cette d\u00e9couverte sera men\u00e9e avec <strong>Christophe Toussaint<\/strong>. L\u2019entr\u00e9e sera libre.<\/h2>\n<p><!--more--><\/p>\n<p><a href=\"https:\/\/vosgesinfo.fr\/app\/uploads\/sites\/4\/2026\/03\/etival-clairefontaine-conservatoire-olivier-douchain-epinette-1.jpg\"><img decoding=\"async\" class=\"alignnone size-large wp-image-88914\" src=\"https:\/\/vosgesinfo.fr\/app\/uploads\/sites\/4\/2026\/03\/etival-clairefontaine-conservatoire-olivier-douchain-epinette-1-724x1024.jpg\" alt=\"\" width=\"724\" height=\"1024\" srcset=\"https:\/\/vosgesinfo.fr\/app\/uploads\/sites\/4\/2026\/03\/etival-clairefontaine-conservatoire-olivier-douchain-epinette-1-724x1024.jpg 724w, https:\/\/vosgesinfo.fr\/app\/uploads\/sites\/4\/2026\/03\/etival-clairefontaine-conservatoire-olivier-douchain-epinette-1-212x300.jpg 212w, https:\/\/vosgesinfo.fr\/app\/uploads\/sites\/4\/2026\/03\/etival-clairefontaine-conservatoire-olivier-douchain-epinette-1.jpg 764w\" sizes=\"(max-width: 724px) 100vw, 724px\" \/><\/a><\/p>\n","protected":false},"excerpt":{"rendered":"<p>Le Conservatoire Olivier-Douchain proposera une soir\u00e9e consacr\u00e9e \u00e0 l\u2019\u00e9pinette vosgienne jeudi 19 mars, \u00e0 18 h 30, \u00e0 la salle [&hellip;]<\/p>\n","protected":false},"author":46,"featured_media":88913,"comment_status":"open","ping_status":"open","sticky":false,"template":"","format":"standard","meta":{"footnotes":""},"categories":[3900,8003,3903],"tags":[20736,4584,20735,3250,20737,20738],"class_list":["post-88912","post","type-post","status-publish","format-standard","has-post-thumbnail","hentry","category-breves","category-concert-culture","category-deodatie","tag-christophe-toussaint","tag-conservatoire-olivier-douchain","tag-epinette-vosgienne","tag-etival-clairefontaine","tag-salle-bernasconi","tag-soiree-musicale-vosges"],"acf":[],"yoast_head":"<!-- This site is optimized with the Yoast SEO plugin v22.5 - https:\/\/yoast.com\/wordpress\/plugins\/seo\/ -->\n<title>\u00c9tival-Clairefontaine \u2013 Une soir\u00e9e autour de l\u2019\u00e9pinette vosgienne - Saint Die Info<\/title>\n<meta name=\"robots\" content=\"index, follow, max-snippet:-1, max-image-preview:large, max-video-preview:-1\" \/>\n<link rel=\"canonical\" href=\"https:\/\/vosgesinfo.fr\/saintdieinfo\/2026\/03\/etival-clairefontaine-une-soiree-autour-de-lepinette-vosgienne\/\" \/>\n<meta name=\"twitter:card\" content=\"summary_large_image\" \/>\n<meta name=\"twitter:title\" content=\"\u00c9tival-Clairefontaine \u2013 Une soir\u00e9e autour de l\u2019\u00e9pinette vosgienne - Saint Die Info\" \/>\n<meta name=\"twitter:description\" content=\"Le Conservatoire Olivier-Douchain proposera une soir\u00e9e consacr\u00e9e \u00e0 l\u2019\u00e9pinette vosgienne jeudi 19 mars, \u00e0 18 h 30, \u00e0 la salle [&hellip;]\" \/>\n<meta name=\"twitter:image\" content=\"https:\/\/vosgesinfo.fr\/app\/uploads\/sites\/4\/2026\/03\/etival-clairefontaine-conservatoire-olivier-douchain-epinette.jpg\" \/>\n<meta name=\"twitter:creator\" content=\"@VosgesInfo88\" \/>\n<meta name=\"twitter:site\" content=\"@VosgesInfo88\" \/>\n<meta name=\"twitter:label1\" content=\"\u00c9crit par\" \/>\n\t<meta name=\"twitter:data1\" content=\"J.J.\" \/>\n<script type=\"application\/ld+json\" class=\"yoast-schema-graph\">{\"@context\":\"https:\/\/schema.org\",\"@graph\":[{\"@type\":\"Article\",\"@id\":\"https:\/\/vosgesinfo.fr\/saintdieinfo\/2026\/03\/etival-clairefontaine-une-soiree-autour-de-lepinette-vosgienne\/#article\",\"isPartOf\":{\"@id\":\"https:\/\/vosgesinfo.fr\/saintdieinfo\/2026\/03\/etival-clairefontaine-une-soiree-autour-de-lepinette-vosgienne\/\"},\"author\":{\"name\":\"J.J.\",\"@id\":\"https:\/\/vosgesinfo.fr\/saintdieinfo\/#\/schema\/person\/fa73e9f726d67bb88f46d5b7943cb572\"},\"headline\":\"\u00c9tival-Clairefontaine \u2013 Une soir\u00e9e autour de l\u2019\u00e9pinette vosgienne\",\"datePublished\":\"2026-03-12T15:23:39+00:00\",\"dateModified\":\"2026-03-12T15:11:02+00:00\",\"mainEntityOfPage\":{\"@id\":\"https:\/\/vosgesinfo.fr\/saintdieinfo\/2026\/03\/etival-clairefontaine-une-soiree-autour-de-lepinette-vosgienne\/\"},\"wordCount\":42,\"commentCount\":0,\"publisher\":{\"@id\":\"https:\/\/vosgesinfo.fr\/saintdieinfo\/#organization\"},\"image\":{\"@id\":\"https:\/\/vosgesinfo.fr\/saintdieinfo\/2026\/03\/etival-clairefontaine-une-soiree-autour-de-lepinette-vosgienne\/#primaryimage\"},\"thumbnailUrl\":\"https:\/\/vosgesinfo.fr\/app\/uploads\/sites\/4\/2026\/03\/etival-clairefontaine-conservatoire-olivier-douchain-epinette.jpg\",\"keywords\":[\"Christophe Toussaint\",\"Conservatoire Olivier-Douchain\",\"\u00e9pinette vosgienne\",\"etival-clairefontaine\",\"salle Bernasconi\",\"soir\u00e9e musicale Vosges\"],\"articleSection\":[\"Br\u00e8ves\",\"Concert\",\"D\u00e9odatie\"],\"inLanguage\":\"fr-FR\",\"potentialAction\":[{\"@type\":\"CommentAction\",\"name\":\"Comment\",\"target\":[\"https:\/\/vosgesinfo.fr\/saintdieinfo\/2026\/03\/etival-clairefontaine-une-soiree-autour-de-lepinette-vosgienne\/#respond\"]}]},{\"@type\":\"WebPage\",\"@id\":\"https:\/\/vosgesinfo.fr\/saintdieinfo\/2026\/03\/etival-clairefontaine-une-soiree-autour-de-lepinette-vosgienne\/\",\"url\":\"https:\/\/vosgesinfo.fr\/saintdieinfo\/2026\/03\/etival-clairefontaine-une-soiree-autour-de-lepinette-vosgienne\/\",\"name\":\"\u00c9tival-Clairefontaine \u2013 Une soir\u00e9e autour de l\u2019\u00e9pinette vosgienne - Saint Die Info\",\"isPartOf\":{\"@id\":\"https:\/\/vosgesinfo.fr\/saintdieinfo\/#website\"},\"primaryImageOfPage\":{\"@id\":\"https:\/\/vosgesinfo.fr\/saintdieinfo\/2026\/03\/etival-clairefontaine-une-soiree-autour-de-lepinette-vosgienne\/#primaryimage\"},\"image\":{\"@id\":\"https:\/\/vosgesinfo.fr\/saintdieinfo\/2026\/03\/etival-clairefontaine-une-soiree-autour-de-lepinette-vosgienne\/#primaryimage\"},\"thumbnailUrl\":\"https:\/\/vosgesinfo.fr\/app\/uploads\/sites\/4\/2026\/03\/etival-clairefontaine-conservatoire-olivier-douchain-epinette.jpg\",\"datePublished\":\"2026-03-12T15:23:39+00:00\",\"dateModified\":\"2026-03-12T15:11:02+00:00\",\"breadcrumb\":{\"@id\":\"https:\/\/vosgesinfo.fr\/saintdieinfo\/2026\/03\/etival-clairefontaine-une-soiree-autour-de-lepinette-vosgienne\/#breadcrumb\"},\"inLanguage\":\"fr-FR\",\"potentialAction\":[{\"@type\":\"ReadAction\",\"target\":[\"https:\/\/vosgesinfo.fr\/saintdieinfo\/2026\/03\/etival-clairefontaine-une-soiree-autour-de-lepinette-vosgienne\/\"]}]},{\"@type\":\"ImageObject\",\"inLanguage\":\"fr-FR\",\"@id\":\"https:\/\/vosgesinfo.fr\/saintdieinfo\/2026\/03\/etival-clairefontaine-une-soiree-autour-de-lepinette-vosgienne\/#primaryimage\",\"url\":\"https:\/\/vosgesinfo.fr\/app\/uploads\/sites\/4\/2026\/03\/etival-clairefontaine-conservatoire-olivier-douchain-epinette.jpg\",\"contentUrl\":\"https:\/\/vosgesinfo.fr\/app\/uploads\/sites\/4\/2026\/03\/etival-clairefontaine-conservatoire-olivier-douchain-epinette.jpg\",\"width\":1234,\"height\":1024},{\"@type\":\"BreadcrumbList\",\"@id\":\"https:\/\/vosgesinfo.fr\/saintdieinfo\/2026\/03\/etival-clairefontaine-une-soiree-autour-de-lepinette-vosgienne\/#breadcrumb\",\"itemListElement\":[{\"@type\":\"ListItem\",\"position\":1,\"name\":\"Home\",\"item\":\"https:\/\/vosgesinfo.fr\/saintdieinfo\/\"},{\"@type\":\"ListItem\",\"position\":2,\"name\":\"\u00c9tival-Clairefontaine \u2013 Une soir\u00e9e autour de l\u2019\u00e9pinette vosgienne\"}]},{\"@type\":\"WebSite\",\"@id\":\"https:\/\/vosgesinfo.fr\/saintdieinfo\/#website\",\"url\":\"https:\/\/vosgesinfo.fr\/saintdieinfo\/\",\"name\":\"Saint Die Info\",\"description\":\"Toute l&#039;actualit\u00e9 de Saint-Di\u00e9-Des-Vosges\",\"publisher\":{\"@id\":\"https:\/\/vosgesinfo.fr\/saintdieinfo\/#organization\"},\"alternateName\":\"Toute l'actualit\u00e9 de Saint-Di\u00e9-Des-Vosges\",\"potentialAction\":[{\"@type\":\"SearchAction\",\"target\":{\"@type\":\"EntryPoint\",\"urlTemplate\":\"https:\/\/vosgesinfo.fr\/saintdieinfo\/?s={search_term_string}\"},\"query-input\":\"required name=search_term_string\"}],\"inLanguage\":\"fr-FR\"},{\"@type\":\"Organization\",\"@id\":\"https:\/\/vosgesinfo.fr\/saintdieinfo\/#organization\",\"name\":\"Saint Die Info\",\"url\":\"https:\/\/vosgesinfo.fr\/saintdieinfo\/\",\"logo\":{\"@type\":\"ImageObject\",\"inLanguage\":\"fr-FR\",\"@id\":\"https:\/\/vosgesinfo.fr\/saintdieinfo\/#\/schema\/logo\/image\/\",\"url\":\"https:\/\/vosgesinfo.fr\/app\/uploads\/sites\/4\/2024\/02\/logo-sdi.jpg\",\"contentUrl\":\"https:\/\/vosgesinfo.fr\/app\/uploads\/sites\/4\/2024\/02\/logo-sdi.jpg\",\"width\":600,\"height\":600,\"caption\":\"Saint Die Info\"},\"image\":{\"@id\":\"https:\/\/vosgesinfo.fr\/saintdieinfo\/#\/schema\/logo\/image\/\"},\"sameAs\":[\"https:\/\/www.facebook.com\/Saintdieinfofr\",\"https:\/\/x.com\/VosgesInfo88\",\"https:\/\/www.youtube.com\/@vosgesinfo\"]},{\"@type\":\"Person\",\"@id\":\"https:\/\/vosgesinfo.fr\/saintdieinfo\/#\/schema\/person\/fa73e9f726d67bb88f46d5b7943cb572\",\"name\":\"J.J.\",\"image\":{\"@type\":\"ImageObject\",\"inLanguage\":\"fr-FR\",\"@id\":\"https:\/\/vosgesinfo.fr\/saintdieinfo\/#\/schema\/person\/image\/\",\"url\":\"https:\/\/secure.gravatar.com\/avatar\/219e749e47ffbcca018a360ae4add7d4cdf1cdaaf8bc7676b27efade3fe65615?s=96&d=mm&r=g\",\"contentUrl\":\"https:\/\/secure.gravatar.com\/avatar\/219e749e47ffbcca018a360ae4add7d4cdf1cdaaf8bc7676b27efade3fe65615?s=96&d=mm&r=g\",\"caption\":\"J.J.\"},\"url\":\"https:\/\/vosgesinfo.fr\/saintdieinfo\/author\/j-j\/\"}]}<\/script>\n<!-- \/ Yoast SEO plugin. -->","yoast_head_json":{"title":"\u00c9tival-Clairefontaine \u2013 Une soir\u00e9e autour de l\u2019\u00e9pinette vosgienne - Saint Die Info","robots":{"index":"index","follow":"follow","max-snippet":"max-snippet:-1","max-image-preview":"max-image-preview:large","max-video-preview":"max-video-preview:-1"},"canonical":"https:\/\/vosgesinfo.fr\/saintdieinfo\/2026\/03\/etival-clairefontaine-une-soiree-autour-de-lepinette-vosgienne\/","twitter_card":"summary_large_image","twitter_title":"\u00c9tival-Clairefontaine \u2013 Une soir\u00e9e autour de l\u2019\u00e9pinette vosgienne - Saint Die Info","twitter_description":"Le Conservatoire Olivier-Douchain proposera une soir\u00e9e consacr\u00e9e \u00e0 l\u2019\u00e9pinette vosgienne jeudi 19 mars, \u00e0 18 h 30, \u00e0 la salle [&hellip;]","twitter_image":"https:\/\/vosgesinfo.fr\/app\/uploads\/sites\/4\/2026\/03\/etival-clairefontaine-conservatoire-olivier-douchain-epinette.jpg","twitter_creator":"@VosgesInfo88","twitter_site":"@VosgesInfo88","twitter_misc":{"\u00c9crit par":"J.J."},"schema":{"@context":"https:\/\/schema.org","@graph":[{"@type":"Article","@id":"https:\/\/vosgesinfo.fr\/saintdieinfo\/2026\/03\/etival-clairefontaine-une-soiree-autour-de-lepinette-vosgienne\/#article","isPartOf":{"@id":"https:\/\/vosgesinfo.fr\/saintdieinfo\/2026\/03\/etival-clairefontaine-une-soiree-autour-de-lepinette-vosgienne\/"},"author":{"name":"J.J.","@id":"https:\/\/vosgesinfo.fr\/saintdieinfo\/#\/schema\/person\/fa73e9f726d67bb88f46d5b7943cb572"},"headline":"\u00c9tival-Clairefontaine \u2013 Une soir\u00e9e autour de l\u2019\u00e9pinette vosgienne","datePublished":"2026-03-12T15:23:39+00:00","dateModified":"2026-03-12T15:11:02+00:00","mainEntityOfPage":{"@id":"https:\/\/vosgesinfo.fr\/saintdieinfo\/2026\/03\/etival-clairefontaine-une-soiree-autour-de-lepinette-vosgienne\/"},"wordCount":42,"commentCount":0,"publisher":{"@id":"https:\/\/vosgesinfo.fr\/saintdieinfo\/#organization"},"image":{"@id":"https:\/\/vosgesinfo.fr\/saintdieinfo\/2026\/03\/etival-clairefontaine-une-soiree-autour-de-lepinette-vosgienne\/#primaryimage"},"thumbnailUrl":"https:\/\/vosgesinfo.fr\/app\/uploads\/sites\/4\/2026\/03\/etival-clairefontaine-conservatoire-olivier-douchain-epinette.jpg","keywords":["Christophe Toussaint","Conservatoire Olivier-Douchain","\u00e9pinette vosgienne","etival-clairefontaine","salle Bernasconi","soir\u00e9e musicale Vosges"],"articleSection":["Br\u00e8ves","Concert","D\u00e9odatie"],"inLanguage":"fr-FR","potentialAction":[{"@type":"CommentAction","name":"Comment","target":["https:\/\/vosgesinfo.fr\/saintdieinfo\/2026\/03\/etival-clairefontaine-une-soiree-autour-de-lepinette-vosgienne\/#respond"]}]},{"@type":"WebPage","@id":"https:\/\/vosgesinfo.fr\/saintdieinfo\/2026\/03\/etival-clairefontaine-une-soiree-autour-de-lepinette-vosgienne\/","url":"https:\/\/vosgesinfo.fr\/saintdieinfo\/2026\/03\/etival-clairefontaine-une-soiree-autour-de-lepinette-vosgienne\/","name":"\u00c9tival-Clairefontaine \u2013 Une soir\u00e9e autour de l\u2019\u00e9pinette vosgienne - Saint Die Info","isPartOf":{"@id":"https:\/\/vosgesinfo.fr\/saintdieinfo\/#website"},"primaryImageOfPage":{"@id":"https:\/\/vosgesinfo.fr\/saintdieinfo\/2026\/03\/etival-clairefontaine-une-soiree-autour-de-lepinette-vosgienne\/#primaryimage"},"image":{"@id":"https:\/\/vosgesinfo.fr\/saintdieinfo\/2026\/03\/etival-clairefontaine-une-soiree-autour-de-lepinette-vosgienne\/#primaryimage"},"thumbnailUrl":"https:\/\/vosgesinfo.fr\/app\/uploads\/sites\/4\/2026\/03\/etival-clairefontaine-conservatoire-olivier-douchain-epinette.jpg","datePublished":"2026-03-12T15:23:39+00:00","dateModified":"2026-03-12T15:11:02+00:00","breadcrumb":{"@id":"https:\/\/vosgesinfo.fr\/saintdieinfo\/2026\/03\/etival-clairefontaine-une-soiree-autour-de-lepinette-vosgienne\/#breadcrumb"},"inLanguage":"fr-FR","potentialAction":[{"@type":"ReadAction","target":["https:\/\/vosgesinfo.fr\/saintdieinfo\/2026\/03\/etival-clairefontaine-une-soiree-autour-de-lepinette-vosgienne\/"]}]},{"@type":"ImageObject","inLanguage":"fr-FR","@id":"https:\/\/vosgesinfo.fr\/saintdieinfo\/2026\/03\/etival-clairefontaine-une-soiree-autour-de-lepinette-vosgienne\/#primaryimage","url":"https:\/\/vosgesinfo.fr\/app\/uploads\/sites\/4\/2026\/03\/etival-clairefontaine-conservatoire-olivier-douchain-epinette.jpg","contentUrl":"https:\/\/vosgesinfo.fr\/app\/uploads\/sites\/4\/2026\/03\/etival-clairefontaine-conservatoire-olivier-douchain-epinette.jpg","width":1234,"height":1024},{"@type":"BreadcrumbList","@id":"https:\/\/vosgesinfo.fr\/saintdieinfo\/2026\/03\/etival-clairefontaine-une-soiree-autour-de-lepinette-vosgienne\/#breadcrumb","itemListElement":[{"@type":"ListItem","position":1,"name":"Home","item":"https:\/\/vosgesinfo.fr\/saintdieinfo\/"},{"@type":"ListItem","position":2,"name":"\u00c9tival-Clairefontaine \u2013 Une soir\u00e9e autour de l\u2019\u00e9pinette vosgienne"}]},{"@type":"WebSite","@id":"https:\/\/vosgesinfo.fr\/saintdieinfo\/#website","url":"https:\/\/vosgesinfo.fr\/saintdieinfo\/","name":"Saint Die Info","description":"Toute l&#039;actualit\u00e9 de Saint-Di\u00e9-Des-Vosges","publisher":{"@id":"https:\/\/vosgesinfo.fr\/saintdieinfo\/#organization"},"alternateName":"Toute l'actualit\u00e9 de Saint-Di\u00e9-Des-Vosges","potentialAction":[{"@type":"SearchAction","target":{"@type":"EntryPoint","urlTemplate":"https:\/\/vosgesinfo.fr\/saintdieinfo\/?s={search_term_string}"},"query-input":"required name=search_term_string"}],"inLanguage":"fr-FR"},{"@type":"Organization","@id":"https:\/\/vosgesinfo.fr\/saintdieinfo\/#organization","name":"Saint Die Info","url":"https:\/\/vosgesinfo.fr\/saintdieinfo\/","logo":{"@type":"ImageObject","inLanguage":"fr-FR","@id":"https:\/\/vosgesinfo.fr\/saintdieinfo\/#\/schema\/logo\/image\/","url":"https:\/\/vosgesinfo.fr\/app\/uploads\/sites\/4\/2024\/02\/logo-sdi.jpg","contentUrl":"https:\/\/vosgesinfo.fr\/app\/uploads\/sites\/4\/2024\/02\/logo-sdi.jpg","width":600,"height":600,"caption":"Saint Die Info"},"image":{"@id":"https:\/\/vosgesinfo.fr\/saintdieinfo\/#\/schema\/logo\/image\/"},"sameAs":["https:\/\/www.facebook.com\/Saintdieinfofr","https:\/\/x.com\/VosgesInfo88","https:\/\/www.youtube.com\/@vosgesinfo"]},{"@type":"Person","@id":"https:\/\/vosgesinfo.fr\/saintdieinfo\/#\/schema\/person\/fa73e9f726d67bb88f46d5b7943cb572","name":"J.J.","image":{"@type":"ImageObject","inLanguage":"fr-FR","@id":"https:\/\/vosgesinfo.fr\/saintdieinfo\/#\/schema\/person\/image\/","url":"https:\/\/secure.gravatar.com\/avatar\/219e749e47ffbcca018a360ae4add7d4cdf1cdaaf8bc7676b27efade3fe65615?s=96&d=mm&r=g","contentUrl":"https:\/\/secure.gravatar.com\/avatar\/219e749e47ffbcca018a360ae4add7d4cdf1cdaaf8bc7676b27efade3fe65615?s=96&d=mm&r=g","caption":"J.J."},"url":"https:\/\/vosgesinfo.fr\/saintdieinfo\/author\/j-j\/"}]}},"_links":{"self":[{"href":"https:\/\/vosgesinfo.fr\/saintdieinfo\/wp-json\/wp\/v2\/posts\/88912","targetHints":{"allow":["GET"]}}],"collection":[{"href":"https:\/\/vosgesinfo.fr\/saintdieinfo\/wp-json\/wp\/v2\/posts"}],"about":[{"href":"https:\/\/vosgesinfo.fr\/saintdieinfo\/wp-json\/wp\/v2\/types\/post"}],"author":[{"embeddable":true,"href":"https:\/\/vosgesinfo.fr\/saintdieinfo\/wp-json\/wp\/v2\/users\/46"}],"replies":[{"embeddable":true,"href":"https:\/\/vosgesinfo.fr\/saintdieinfo\/wp-json\/wp\/v2\/comments?post=88912"}],"version-history":[{"count":1,"href":"https:\/\/vosgesinfo.fr\/saintdieinfo\/wp-json\/wp\/v2\/posts\/88912\/revisions"}],"predecessor-version":[{"id":88915,"href":"https:\/\/vosgesinfo.fr\/saintdieinfo\/wp-json\/wp\/v2\/posts\/88912\/revisions\/88915"}],"wp:featuredmedia":[{"embeddable":true,"href":"https:\/\/vosgesinfo.fr\/saintdieinfo\/wp-json\/wp\/v2\/media\/88913"}],"wp:attachment":[{"href":"https:\/\/vosgesinfo.fr\/saintdieinfo\/wp-json\/wp\/v2\/media?parent=88912"}],"wp:term":[{"taxonomy":"category","embeddable":true,"href":"https:\/\/vosgesinfo.fr\/saintdieinfo\/wp-json\/wp\/v2\/categories?post=88912"},{"taxonomy":"post_tag","embeddable":true,"href":"https:\/\/vosgesinfo.fr\/saintdieinfo\/wp-json\/wp\/v2\/tags?post=88912"}],"curies":[{"name":"wp","href":"https:\/\/api.w.org\/{rel}","templated":true}]}}