{"id":88918,"date":"2026-03-12T17:23:46","date_gmt":"2026-03-12T16:23:46","guid":{"rendered":"https:\/\/vosgesinfo.fr\/saintdieinfo\/?p=88918"},"modified":"2026-04-22T13:47:21","modified_gmt":"2026-04-22T11:47:21","slug":"portes-ouvertes-dans-les-garages-jmj","status":"publish","type":"post","link":"https:\/\/vosgesinfo.fr\/saintdieinfo\/2026\/03\/portes-ouvertes-dans-les-garages-jmj\/","title":{"rendered":"Portes Ouvertes dans les garages JMJ"},"content":{"rendered":"<p><a href=\"https:\/\/vosgesinfo.fr\/app\/uploads\/sites\/4\/2026\/03\/308.jpg\"><img decoding=\"async\" class=\"alignnone size-full wp-image-88919\" src=\"https:\/\/vosgesinfo.fr\/app\/uploads\/sites\/4\/2026\/03\/308.jpg\" alt=\"\" width=\"730\" height=\"466\" srcset=\"https:\/\/vosgesinfo.fr\/app\/uploads\/sites\/4\/2026\/03\/308.jpg 730w, https:\/\/vosgesinfo.fr\/app\/uploads\/sites\/4\/2026\/03\/308-300x192.jpg 300w\" sizes=\"(max-width: 730px) 100vw, 730px\" \/><\/a><\/p>\n<p style=\"text-align: center;\"><strong>\u00c9chappez aux st\u00e9r\u00e9otypes et savourez chaque moment au volant d\u2019un v\u00e9hicule \u00e9lectrique ou hybride de la marque PEUGEOT. Laissez vous tenter\u00a0 par les nouvelles technologies, pour profiter d\u2019un temps qualitatif.<\/strong><\/p>\n<p style=\"text-align: center;\"><strong>Portes ouvertes les\u00a0 14 &amp; 15 mars 2026 dans les garages JMJ<\/strong><\/p>\n<p style=\"text-align: center;\"><strong>G\u00e9rardmer et Sainte-Marguerite<\/strong><\/p>\n<p><iframe loading=\"lazy\" title=\"Pub nouvelle Peugeot 308 hybride unique\" width=\"500\" height=\"281\" src=\"https:\/\/www.youtube.com\/embed\/hur61HbQJRc?feature=oembed\" frameborder=\"0\" allow=\"accelerometer; autoplay; clipboard-write; encrypted-media; gyroscope; picture-in-picture; web-share\" referrerpolicy=\"strict-origin-when-cross-origin\" allowfullscreen><\/iframe><\/p>\n<h2 style=\"text-align: center;\"><strong>Dans les concessions\u00a0 JMJ Automobiles de<\/strong><\/h2>\n<p style=\"text-align: center;\"><strong>G\u00e9rardmer et Sainte-Marguerite<\/strong><\/p>\n<p style=\"text-align: center;\"><strong><span class=\"_xdb\">JMJ, 88400 G\u00e9rardmer<br \/>\n<\/span><\/strong><\/p>\n<div class=\"mod\" data-md=\"1002\" data-hveid=\"143\" data-ved=\"0ahUKEwik4aPOzrLUAhUHfFAKHRvqCBEQkCkIjwEoAjAP\">\n<div class=\"_eFb\">\n<div class=\"_mr kno-fb-ctx\" style=\"text-align: center;\" data-dtype=\"d3adr\" data-ved=\"0ahUKEwik4aPOzrLUAhUHfFAKHRvqCBEQghwIkAEoADAP\"><strong><span class=\"_Xbe\">117 Boulevard d\u2019Alsace<\/span><\/strong><\/div>\n<div class=\"_mr kno-fb-ctx\" style=\"text-align: center;\" data-dtype=\"d3adr\" data-ved=\"0ahUKEwik4aPOzrLUAhUHfFAKHRvqCBEQghwIkAEoADAP\"><strong>T\u00e9l : <span class=\"_Xbe _ZWk kno-fv\">03 29 63 14 50<\/span><\/strong><\/div>\n<div data-dtype=\"d3adr\" data-ved=\"0ahUKEwik4aPOzrLUAhUHfFAKHRvqCBEQghwIkAEoADAP\">\n<p><a href=\"https:\/\/vosgesinfo.fr\/app\/uploads\/sites\/4\/2025\/06\/jeker-gerardmer.jpg\"><img decoding=\"async\" class=\"alignnone size-full wp-image-78789\" src=\"https:\/\/vosgesinfo.fr\/app\/uploads\/sites\/4\/2025\/06\/jeker-gerardmer.jpg\" alt=\"\" width=\"800\" height=\"308\" srcset=\"https:\/\/vosgesinfo.fr\/app\/uploads\/sites\/4\/2025\/06\/jeker-gerardmer.jpg 800w, https:\/\/vosgesinfo.fr\/app\/uploads\/sites\/4\/2025\/06\/jeker-gerardmer-300x116.jpg 300w, https:\/\/vosgesinfo.fr\/app\/uploads\/sites\/4\/2025\/06\/jeker-gerardmer-768x296.jpg 768w\" sizes=\"(max-width: 800px) 100vw, 800px\" \/><\/a><\/p>\n<div class=\"_mr kno-fb-ctx\" style=\"text-align: center;\" data-dtype=\"d3adr\" data-ved=\"0ahUKEwik4aPOzrLUAhUHfFAKHRvqCBEQghwIkAEoADAP\"><strong>JMJ, 88100 Saint-Marguerite<\/strong><\/div>\n<div class=\"_mr kno-fb-ctx\" data-dtype=\"d3adr\" data-ved=\"0ahUKEwik4aPOzrLUAhUHfFAKHRvqCBEQghwIkAEoADAP\">\n<div class=\"_eFb\">\n<div class=\"_mr kno-fb-ctx\" style=\"text-align: center;\" data-dtype=\"d3adr\" data-ved=\"0ahUKEwivjs680bLUAhXDJ1AKHbLKC-AQghwIkQEoADAP\"><strong><span class=\"_xdb\">\u00a0<\/span><span class=\"_Xbe\">134 Rue des Grands Pr\u00e9s<br \/>\n<\/span><\/strong><\/div>\n<div class=\"_mr kno-fb-ctx\" style=\"text-align: center;\" data-dtype=\"d3adr\" data-ved=\"0ahUKEwivjs680bLUAhXDJ1AKHbLKC-AQghwIkQEoADAP\"><strong>T\u00e9l : <span class=\"_Xbe _ZWk kno-fv\"><span data-dtype=\"d3ph\">03 29 42 10 00<\/span><\/span><\/strong><\/div>\n<\/div>\n<\/div>\n<p><a href=\"https:\/\/vosgesinfo.fr\/app\/uploads\/sites\/4\/2025\/06\/jeker-saintdie.jpg\"><img decoding=\"async\" class=\"alignnone size-full wp-image-78790\" src=\"https:\/\/vosgesinfo.fr\/app\/uploads\/sites\/4\/2025\/06\/jeker-saintdie.jpg\" alt=\"\" width=\"630\" height=\"291\" srcset=\"https:\/\/vosgesinfo.fr\/app\/uploads\/sites\/4\/2025\/06\/jeker-saintdie.jpg 630w, https:\/\/vosgesinfo.fr\/app\/uploads\/sites\/4\/2025\/06\/jeker-saintdie-300x139.jpg 300w\" sizes=\"(max-width: 630px) 100vw, 630px\" \/><\/a><\/p>\n<\/div>\n<\/div>\n<\/div>\n","protected":false},"excerpt":{"rendered":"<p>\u00c9chappez aux st\u00e9r\u00e9otypes et savourez chaque moment au volant d\u2019un v\u00e9hicule \u00e9lectrique ou hybride de la marque PEUGEOT. Laissez vous [&hellip;]<\/p>\n","protected":false},"author":46,"featured_media":88919,"comment_status":"open","ping_status":"open","sticky":false,"template":"","format":"standard","meta":{"footnotes":""},"categories":[460,3903],"tags":[20742,79,20741,2917,306,3092],"class_list":["post-88918","post","type-post","status-publish","format-standard","has-post-thumbnail","hentry","category-a-la-une","category-deodatie","tag-garages-jmj","tag-gerardmer","tag-jmj","tag-peugeot","tag-portes-ouvertes","tag-sainte-marguerite"],"acf":[],"yoast_head":"<!-- This site is optimized with the Yoast SEO plugin v22.5 - https:\/\/yoast.com\/wordpress\/plugins\/seo\/ -->\n<title>Portes Ouvertes dans les garages JMJ - Saint Die Info<\/title>\n<meta name=\"robots\" content=\"index, follow, max-snippet:-1, max-image-preview:large, max-video-preview:-1\" \/>\n<link rel=\"canonical\" href=\"https:\/\/vosgesinfo.fr\/saintdieinfo\/2026\/03\/portes-ouvertes-dans-les-garages-jmj\/\" \/>\n<meta name=\"twitter:card\" content=\"summary_large_image\" \/>\n<meta name=\"twitter:title\" content=\"Portes Ouvertes dans les garages JMJ - Saint Die Info\" \/>\n<meta name=\"twitter:description\" content=\"\u00c9chappez aux st\u00e9r\u00e9otypes et savourez chaque moment au volant d\u2019un v\u00e9hicule \u00e9lectrique ou hybride de la marque PEUGEOT. Laissez vous [&hellip;]\" \/>\n<meta name=\"twitter:image\" content=\"https:\/\/vosgesinfo.fr\/app\/uploads\/sites\/4\/2026\/03\/308.jpg\" \/>\n<meta name=\"twitter:creator\" content=\"@VosgesInfo88\" \/>\n<meta name=\"twitter:site\" content=\"@VosgesInfo88\" \/>\n<meta name=\"twitter:label1\" content=\"\u00c9crit par\" \/>\n\t<meta name=\"twitter:data1\" content=\"J.J.\" \/>\n\t<meta name=\"twitter:label2\" content=\"Dur\u00e9e de lecture estim\u00e9e\" \/>\n\t<meta name=\"twitter:data2\" content=\"2 minutes\" \/>\n<script type=\"application\/ld+json\" class=\"yoast-schema-graph\">{\"@context\":\"https:\/\/schema.org\",\"@graph\":[{\"@type\":\"Article\",\"@id\":\"https:\/\/vosgesinfo.fr\/saintdieinfo\/2026\/03\/portes-ouvertes-dans-les-garages-jmj\/#article\",\"isPartOf\":{\"@id\":\"https:\/\/vosgesinfo.fr\/saintdieinfo\/2026\/03\/portes-ouvertes-dans-les-garages-jmj\/\"},\"author\":{\"name\":\"J.J.\",\"@id\":\"https:\/\/vosgesinfo.fr\/saintdieinfo\/#\/schema\/person\/fa73e9f726d67bb88f46d5b7943cb572\"},\"headline\":\"Portes Ouvertes dans les garages JMJ\",\"datePublished\":\"2026-03-12T16:23:46+00:00\",\"dateModified\":\"2026-04-22T11:47:21+00:00\",\"mainEntityOfPage\":{\"@id\":\"https:\/\/vosgesinfo.fr\/saintdieinfo\/2026\/03\/portes-ouvertes-dans-les-garages-jmj\/\"},\"wordCount\":90,\"commentCount\":0,\"publisher\":{\"@id\":\"https:\/\/vosgesinfo.fr\/saintdieinfo\/#organization\"},\"image\":{\"@id\":\"https:\/\/vosgesinfo.fr\/saintdieinfo\/2026\/03\/portes-ouvertes-dans-les-garages-jmj\/#primaryimage\"},\"thumbnailUrl\":\"https:\/\/vosgesinfo.fr\/app\/uploads\/sites\/4\/2026\/03\/308.jpg\",\"keywords\":[\"Garages JMJ\",\"G\u00e9rardmer\",\"JMJ\",\"Peugeot\",\"portes ouvertes\",\"Sainte-Marguerite\"],\"articleSection\":[\"A la Une\",\"D\u00e9odatie\"],\"inLanguage\":\"fr-FR\",\"potentialAction\":[{\"@type\":\"CommentAction\",\"name\":\"Comment\",\"target\":[\"https:\/\/vosgesinfo.fr\/saintdieinfo\/2026\/03\/portes-ouvertes-dans-les-garages-jmj\/#respond\"]}]},{\"@type\":\"WebPage\",\"@id\":\"https:\/\/vosgesinfo.fr\/saintdieinfo\/2026\/03\/portes-ouvertes-dans-les-garages-jmj\/\",\"url\":\"https:\/\/vosgesinfo.fr\/saintdieinfo\/2026\/03\/portes-ouvertes-dans-les-garages-jmj\/\",\"name\":\"Portes Ouvertes dans les garages JMJ - Saint Die Info\",\"isPartOf\":{\"@id\":\"https:\/\/vosgesinfo.fr\/saintdieinfo\/#website\"},\"primaryImageOfPage\":{\"@id\":\"https:\/\/vosgesinfo.fr\/saintdieinfo\/2026\/03\/portes-ouvertes-dans-les-garages-jmj\/#primaryimage\"},\"image\":{\"@id\":\"https:\/\/vosgesinfo.fr\/saintdieinfo\/2026\/03\/portes-ouvertes-dans-les-garages-jmj\/#primaryimage\"},\"thumbnailUrl\":\"https:\/\/vosgesinfo.fr\/app\/uploads\/sites\/4\/2026\/03\/308.jpg\",\"datePublished\":\"2026-03-12T16:23:46+00:00\",\"dateModified\":\"2026-04-22T11:47:21+00:00\",\"breadcrumb\":{\"@id\":\"https:\/\/vosgesinfo.fr\/saintdieinfo\/2026\/03\/portes-ouvertes-dans-les-garages-jmj\/#breadcrumb\"},\"inLanguage\":\"fr-FR\",\"potentialAction\":[{\"@type\":\"ReadAction\",\"target\":[\"https:\/\/vosgesinfo.fr\/saintdieinfo\/2026\/03\/portes-ouvertes-dans-les-garages-jmj\/\"]}]},{\"@type\":\"ImageObject\",\"inLanguage\":\"fr-FR\",\"@id\":\"https:\/\/vosgesinfo.fr\/saintdieinfo\/2026\/03\/portes-ouvertes-dans-les-garages-jmj\/#primaryimage\",\"url\":\"https:\/\/vosgesinfo.fr\/app\/uploads\/sites\/4\/2026\/03\/308.jpg\",\"contentUrl\":\"https:\/\/vosgesinfo.fr\/app\/uploads\/sites\/4\/2026\/03\/308.jpg\",\"width\":730,\"height\":466},{\"@type\":\"BreadcrumbList\",\"@id\":\"https:\/\/vosgesinfo.fr\/saintdieinfo\/2026\/03\/portes-ouvertes-dans-les-garages-jmj\/#breadcrumb\",\"itemListElement\":[{\"@type\":\"ListItem\",\"position\":1,\"name\":\"Home\",\"item\":\"https:\/\/vosgesinfo.fr\/saintdieinfo\/\"},{\"@type\":\"ListItem\",\"position\":2,\"name\":\"Portes Ouvertes dans les garages JMJ\"}]},{\"@type\":\"WebSite\",\"@id\":\"https:\/\/vosgesinfo.fr\/saintdieinfo\/#website\",\"url\":\"https:\/\/vosgesinfo.fr\/saintdieinfo\/\",\"name\":\"Saint Die Info\",\"description\":\"Toute l&#039;actualit\u00e9 de Saint-Di\u00e9-Des-Vosges\",\"publisher\":{\"@id\":\"https:\/\/vosgesinfo.fr\/saintdieinfo\/#organization\"},\"alternateName\":\"Toute l'actualit\u00e9 de Saint-Di\u00e9-Des-Vosges\",\"potentialAction\":[{\"@type\":\"SearchAction\",\"target\":{\"@type\":\"EntryPoint\",\"urlTemplate\":\"https:\/\/vosgesinfo.fr\/saintdieinfo\/?s={search_term_string}\"},\"query-input\":\"required name=search_term_string\"}],\"inLanguage\":\"fr-FR\"},{\"@type\":\"Organization\",\"@id\":\"https:\/\/vosgesinfo.fr\/saintdieinfo\/#organization\",\"name\":\"Saint Die Info\",\"url\":\"https:\/\/vosgesinfo.fr\/saintdieinfo\/\",\"logo\":{\"@type\":\"ImageObject\",\"inLanguage\":\"fr-FR\",\"@id\":\"https:\/\/vosgesinfo.fr\/saintdieinfo\/#\/schema\/logo\/image\/\",\"url\":\"https:\/\/vosgesinfo.fr\/app\/uploads\/sites\/4\/2024\/02\/logo-sdi.jpg\",\"contentUrl\":\"https:\/\/vosgesinfo.fr\/app\/uploads\/sites\/4\/2024\/02\/logo-sdi.jpg\",\"width\":600,\"height\":600,\"caption\":\"Saint Die Info\"},\"image\":{\"@id\":\"https:\/\/vosgesinfo.fr\/saintdieinfo\/#\/schema\/logo\/image\/\"},\"sameAs\":[\"https:\/\/www.facebook.com\/Saintdieinfofr\",\"https:\/\/x.com\/VosgesInfo88\",\"https:\/\/www.youtube.com\/@vosgesinfo\"]},{\"@type\":\"Person\",\"@id\":\"https:\/\/vosgesinfo.fr\/saintdieinfo\/#\/schema\/person\/fa73e9f726d67bb88f46d5b7943cb572\",\"name\":\"J.J.\",\"image\":{\"@type\":\"ImageObject\",\"inLanguage\":\"fr-FR\",\"@id\":\"https:\/\/vosgesinfo.fr\/saintdieinfo\/#\/schema\/person\/image\/\",\"url\":\"https:\/\/secure.gravatar.com\/avatar\/219e749e47ffbcca018a360ae4add7d4cdf1cdaaf8bc7676b27efade3fe65615?s=96&d=mm&r=g\",\"contentUrl\":\"https:\/\/secure.gravatar.com\/avatar\/219e749e47ffbcca018a360ae4add7d4cdf1cdaaf8bc7676b27efade3fe65615?s=96&d=mm&r=g\",\"caption\":\"J.J.\"},\"url\":\"https:\/\/vosgesinfo.fr\/saintdieinfo\/author\/j-j\/\"}]}<\/script>\n<!-- \/ Yoast SEO plugin. -->","yoast_head_json":{"title":"Portes Ouvertes dans les garages JMJ - Saint Die Info","robots":{"index":"index","follow":"follow","max-snippet":"max-snippet:-1","max-image-preview":"max-image-preview:large","max-video-preview":"max-video-preview:-1"},"canonical":"https:\/\/vosgesinfo.fr\/saintdieinfo\/2026\/03\/portes-ouvertes-dans-les-garages-jmj\/","twitter_card":"summary_large_image","twitter_title":"Portes Ouvertes dans les garages JMJ - Saint Die Info","twitter_description":"\u00c9chappez aux st\u00e9r\u00e9otypes et savourez chaque moment au volant d\u2019un v\u00e9hicule \u00e9lectrique ou hybride de la marque PEUGEOT. Laissez vous [&hellip;]","twitter_image":"https:\/\/vosgesinfo.fr\/app\/uploads\/sites\/4\/2026\/03\/308.jpg","twitter_creator":"@VosgesInfo88","twitter_site":"@VosgesInfo88","twitter_misc":{"\u00c9crit par":"J.J.","Dur\u00e9e de lecture estim\u00e9e":"2 minutes"},"schema":{"@context":"https:\/\/schema.org","@graph":[{"@type":"Article","@id":"https:\/\/vosgesinfo.fr\/saintdieinfo\/2026\/03\/portes-ouvertes-dans-les-garages-jmj\/#article","isPartOf":{"@id":"https:\/\/vosgesinfo.fr\/saintdieinfo\/2026\/03\/portes-ouvertes-dans-les-garages-jmj\/"},"author":{"name":"J.J.","@id":"https:\/\/vosgesinfo.fr\/saintdieinfo\/#\/schema\/person\/fa73e9f726d67bb88f46d5b7943cb572"},"headline":"Portes Ouvertes dans les garages JMJ","datePublished":"2026-03-12T16:23:46+00:00","dateModified":"2026-04-22T11:47:21+00:00","mainEntityOfPage":{"@id":"https:\/\/vosgesinfo.fr\/saintdieinfo\/2026\/03\/portes-ouvertes-dans-les-garages-jmj\/"},"wordCount":90,"commentCount":0,"publisher":{"@id":"https:\/\/vosgesinfo.fr\/saintdieinfo\/#organization"},"image":{"@id":"https:\/\/vosgesinfo.fr\/saintdieinfo\/2026\/03\/portes-ouvertes-dans-les-garages-jmj\/#primaryimage"},"thumbnailUrl":"https:\/\/vosgesinfo.fr\/app\/uploads\/sites\/4\/2026\/03\/308.jpg","keywords":["Garages JMJ","G\u00e9rardmer","JMJ","Peugeot","portes ouvertes","Sainte-Marguerite"],"articleSection":["A la Une","D\u00e9odatie"],"inLanguage":"fr-FR","potentialAction":[{"@type":"CommentAction","name":"Comment","target":["https:\/\/vosgesinfo.fr\/saintdieinfo\/2026\/03\/portes-ouvertes-dans-les-garages-jmj\/#respond"]}]},{"@type":"WebPage","@id":"https:\/\/vosgesinfo.fr\/saintdieinfo\/2026\/03\/portes-ouvertes-dans-les-garages-jmj\/","url":"https:\/\/vosgesinfo.fr\/saintdieinfo\/2026\/03\/portes-ouvertes-dans-les-garages-jmj\/","name":"Portes Ouvertes dans les garages JMJ - Saint Die Info","isPartOf":{"@id":"https:\/\/vosgesinfo.fr\/saintdieinfo\/#website"},"primaryImageOfPage":{"@id":"https:\/\/vosgesinfo.fr\/saintdieinfo\/2026\/03\/portes-ouvertes-dans-les-garages-jmj\/#primaryimage"},"image":{"@id":"https:\/\/vosgesinfo.fr\/saintdieinfo\/2026\/03\/portes-ouvertes-dans-les-garages-jmj\/#primaryimage"},"thumbnailUrl":"https:\/\/vosgesinfo.fr\/app\/uploads\/sites\/4\/2026\/03\/308.jpg","datePublished":"2026-03-12T16:23:46+00:00","dateModified":"2026-04-22T11:47:21+00:00","breadcrumb":{"@id":"https:\/\/vosgesinfo.fr\/saintdieinfo\/2026\/03\/portes-ouvertes-dans-les-garages-jmj\/#breadcrumb"},"inLanguage":"fr-FR","potentialAction":[{"@type":"ReadAction","target":["https:\/\/vosgesinfo.fr\/saintdieinfo\/2026\/03\/portes-ouvertes-dans-les-garages-jmj\/"]}]},{"@type":"ImageObject","inLanguage":"fr-FR","@id":"https:\/\/vosgesinfo.fr\/saintdieinfo\/2026\/03\/portes-ouvertes-dans-les-garages-jmj\/#primaryimage","url":"https:\/\/vosgesinfo.fr\/app\/uploads\/sites\/4\/2026\/03\/308.jpg","contentUrl":"https:\/\/vosgesinfo.fr\/app\/uploads\/sites\/4\/2026\/03\/308.jpg","width":730,"height":466},{"@type":"BreadcrumbList","@id":"https:\/\/vosgesinfo.fr\/saintdieinfo\/2026\/03\/portes-ouvertes-dans-les-garages-jmj\/#breadcrumb","itemListElement":[{"@type":"ListItem","position":1,"name":"Home","item":"https:\/\/vosgesinfo.fr\/saintdieinfo\/"},{"@type":"ListItem","position":2,"name":"Portes Ouvertes dans les garages JMJ"}]},{"@type":"WebSite","@id":"https:\/\/vosgesinfo.fr\/saintdieinfo\/#website","url":"https:\/\/vosgesinfo.fr\/saintdieinfo\/","name":"Saint Die Info","description":"Toute l&#039;actualit\u00e9 de Saint-Di\u00e9-Des-Vosges","publisher":{"@id":"https:\/\/vosgesinfo.fr\/saintdieinfo\/#organization"},"alternateName":"Toute l'actualit\u00e9 de Saint-Di\u00e9-Des-Vosges","potentialAction":[{"@type":"SearchAction","target":{"@type":"EntryPoint","urlTemplate":"https:\/\/vosgesinfo.fr\/saintdieinfo\/?s={search_term_string}"},"query-input":"required name=search_term_string"}],"inLanguage":"fr-FR"},{"@type":"Organization","@id":"https:\/\/vosgesinfo.fr\/saintdieinfo\/#organization","name":"Saint Die Info","url":"https:\/\/vosgesinfo.fr\/saintdieinfo\/","logo":{"@type":"ImageObject","inLanguage":"fr-FR","@id":"https:\/\/vosgesinfo.fr\/saintdieinfo\/#\/schema\/logo\/image\/","url":"https:\/\/vosgesinfo.fr\/app\/uploads\/sites\/4\/2024\/02\/logo-sdi.jpg","contentUrl":"https:\/\/vosgesinfo.fr\/app\/uploads\/sites\/4\/2024\/02\/logo-sdi.jpg","width":600,"height":600,"caption":"Saint Die Info"},"image":{"@id":"https:\/\/vosgesinfo.fr\/saintdieinfo\/#\/schema\/logo\/image\/"},"sameAs":["https:\/\/www.facebook.com\/Saintdieinfofr","https:\/\/x.com\/VosgesInfo88","https:\/\/www.youtube.com\/@vosgesinfo"]},{"@type":"Person","@id":"https:\/\/vosgesinfo.fr\/saintdieinfo\/#\/schema\/person\/fa73e9f726d67bb88f46d5b7943cb572","name":"J.J.","image":{"@type":"ImageObject","inLanguage":"fr-FR","@id":"https:\/\/vosgesinfo.fr\/saintdieinfo\/#\/schema\/person\/image\/","url":"https:\/\/secure.gravatar.com\/avatar\/219e749e47ffbcca018a360ae4add7d4cdf1cdaaf8bc7676b27efade3fe65615?s=96&d=mm&r=g","contentUrl":"https:\/\/secure.gravatar.com\/avatar\/219e749e47ffbcca018a360ae4add7d4cdf1cdaaf8bc7676b27efade3fe65615?s=96&d=mm&r=g","caption":"J.J."},"url":"https:\/\/vosgesinfo.fr\/saintdieinfo\/author\/j-j\/"}]}},"_links":{"self":[{"href":"https:\/\/vosgesinfo.fr\/saintdieinfo\/wp-json\/wp\/v2\/posts\/88918","targetHints":{"allow":["GET"]}}],"collection":[{"href":"https:\/\/vosgesinfo.fr\/saintdieinfo\/wp-json\/wp\/v2\/posts"}],"about":[{"href":"https:\/\/vosgesinfo.fr\/saintdieinfo\/wp-json\/wp\/v2\/types\/post"}],"author":[{"embeddable":true,"href":"https:\/\/vosgesinfo.fr\/saintdieinfo\/wp-json\/wp\/v2\/users\/46"}],"replies":[{"embeddable":true,"href":"https:\/\/vosgesinfo.fr\/saintdieinfo\/wp-json\/wp\/v2\/comments?post=88918"}],"version-history":[{"count":4,"href":"https:\/\/vosgesinfo.fr\/saintdieinfo\/wp-json\/wp\/v2\/posts\/88918\/revisions"}],"predecessor-version":[{"id":88923,"href":"https:\/\/vosgesinfo.fr\/saintdieinfo\/wp-json\/wp\/v2\/posts\/88918\/revisions\/88923"}],"wp:featuredmedia":[{"embeddable":true,"href":"https:\/\/vosgesinfo.fr\/saintdieinfo\/wp-json\/wp\/v2\/media\/88919"}],"wp:attachment":[{"href":"https:\/\/vosgesinfo.fr\/saintdieinfo\/wp-json\/wp\/v2\/media?parent=88918"}],"wp:term":[{"taxonomy":"category","embeddable":true,"href":"https:\/\/vosgesinfo.fr\/saintdieinfo\/wp-json\/wp\/v2\/categories?post=88918"},{"taxonomy":"post_tag","embeddable":true,"href":"https:\/\/vosgesinfo.fr\/saintdieinfo\/wp-json\/wp\/v2\/tags?post=88918"}],"curies":[{"name":"wp","href":"https:\/\/api.w.org\/{rel}","templated":true}]}}