{"id":88924,"date":"2026-03-13T07:33:38","date_gmt":"2026-03-13T06:33:38","guid":{"rendered":"https:\/\/vosgesinfo.fr\/saintdieinfo\/?p=88924"},"modified":"2026-03-12T17:28:53","modified_gmt":"2026-03-12T16:28:53","slug":"deorecycle-recherche-des-groupes-de-musique-pour-ses-marches-nocturnes","status":"publish","type":"post","link":"https:\/\/vosgesinfo.fr\/saintdieinfo\/2026\/03\/deorecycle-recherche-des-groupes-de-musique-pour-ses-marches-nocturnes\/","title":{"rendered":"D\u00e9o&rsquo;Recycle recherche des groupes de musique pour ses march\u00e9s nocturnes"},"content":{"rendered":"<div id=\"attachment_78711\" style=\"width: 1034px\" class=\"wp-caption alignnone\"><a href=\"https:\/\/vosgesinfo.fr\/app\/uploads\/sites\/4\/2025\/06\/premier-marche-nocturne-deorecycle-3.jpg\"><img decoding=\"async\" aria-describedby=\"caption-attachment-78711\" class=\"size-large wp-image-78711\" src=\"https:\/\/vosgesinfo.fr\/app\/uploads\/sites\/4\/2025\/06\/premier-marche-nocturne-deorecycle-3-1024x771.jpg\" alt=\"\" width=\"1024\" height=\"771\" srcset=\"https:\/\/vosgesinfo.fr\/app\/uploads\/sites\/4\/2025\/06\/premier-marche-nocturne-deorecycle-3-1024x771.jpg 1024w, https:\/\/vosgesinfo.fr\/app\/uploads\/sites\/4\/2025\/06\/premier-marche-nocturne-deorecycle-3-300x226.jpg 300w, https:\/\/vosgesinfo.fr\/app\/uploads\/sites\/4\/2025\/06\/premier-marche-nocturne-deorecycle-3-768x578.jpg 768w, https:\/\/vosgesinfo.fr\/app\/uploads\/sites\/4\/2025\/06\/premier-marche-nocturne-deorecycle-3-1536x1157.jpg 1536w, https:\/\/vosgesinfo.fr\/app\/uploads\/sites\/4\/2025\/06\/premier-marche-nocturne-deorecycle-3.jpg 1600w\" sizes=\"(max-width: 1024px) 100vw, 1024px\" \/><\/a><p id=\"caption-attachment-78711\" class=\"wp-caption-text\">(Archive)<\/p><\/div>\n<h2>Apr\u00e8s le succ\u00e8s de l&rsquo;an dernier, <strong>des groupes de musique et des artistes sont recherch\u00e9s<\/strong> pour accompagner <a href=\"https:\/\/vosgesinfo.fr\/saintdieinfo\/2025\/06\/deorecycle-relance-les-marches-nocturnes-a-saint-die-des-vosges\/\" target=\"_blank\" rel=\"noopener\">les <strong>march\u00e9s nocturnes<\/strong><\/a>, qui seront \u00e0 nouveau organis\u00e9s cet \u00e9t\u00e9 \u00e0 <strong>Saint-Di\u00e9-des-Vosges<\/strong> par l\u2019association <strong>D\u00e9o&rsquo;Recycle<\/strong>.<\/h2>\n<p><!--more--><\/p>\n<h3><strong>Des styles vari\u00e9s recherch\u00e9s<\/strong><\/h3>\n<p>L\u2019association reste ouverte \u00e0 des propositions musicales vari\u00e9es, en <strong>vari\u00e9t\u00e9 fran\u00e7aise et internationale<\/strong>, <strong>pop-rock<\/strong>, <strong>musiques latino et du monde<\/strong>, <strong>jazz<\/strong> ou <strong>esprit guinguette<\/strong>. Les candidatures peuvent concerner un duo, un trio ou un groupe.<\/p>\n<h3><strong>Comment candidater<\/strong><\/h3>\n<p>Les artistes int\u00e9ress\u00e9s sont invit\u00e9s \u00e0 envoyer un <strong>message priv\u00e9<\/strong> sur la <a href=\"https:\/\/www.facebook.com\/p\/Deorecycle-100064522188364\/\" target=\"_blank\" rel=\"noopener\"><strong>page Facebook de D\u00e9o&rsquo;Recycle<\/strong><\/a> avec une courte pr\u00e9sentation, leur style musical ainsi qu\u2019une vid\u00e9o ou un lien de d\u00e9monstration. Les candidatures retenues viendront animer les trois march\u00e9s nocturnes pr\u00e9vus les <strong>18 juin, 13 ao\u00fbt et 27 ao\u00fbt<\/strong>, avec des horaires variables selon les soir\u00e9es, entre 18 h et 22 h.<\/p>\n","protected":false},"excerpt":{"rendered":"<p>Apr\u00e8s le succ\u00e8s de l&rsquo;an dernier, des groupes de musique et des artistes sont recherch\u00e9s pour accompagner les march\u00e9s nocturnes, [&hellip;]<\/p>\n","protected":false},"author":46,"featured_media":78711,"comment_status":"open","ping_status":"open","sticky":false,"template":"","format":"standard","meta":{"footnotes":""},"categories":[460,20,167,17],"tags":[18868,1349,8140,35,20744,20743,2881,43],"class_list":["post-88924","post","type-post","status-publish","format-standard","has-post-thumbnail","hentry","category-a-la-une","category-loisirs","category-saint-die-des-vosges","category-vie-associative","tag-animation-musicale","tag-artistes","tag-deorecycle","tag-facebook","tag-groupes-de-musique","tag-marches-nocturnes","tag-saint-die-des-vosges","tag-vosges"],"acf":[],"yoast_head":"<!-- This site is optimized with the Yoast SEO plugin v22.5 - https:\/\/yoast.com\/wordpress\/plugins\/seo\/ -->\n<title>D\u00e9o&#039;Recycle recherche des groupes de musique pour ses march\u00e9s nocturnes - Saint Die Info<\/title>\n<meta name=\"robots\" content=\"index, follow, max-snippet:-1, max-image-preview:large, max-video-preview:-1\" \/>\n<link rel=\"canonical\" href=\"https:\/\/vosgesinfo.fr\/saintdieinfo\/2026\/03\/deorecycle-recherche-des-groupes-de-musique-pour-ses-marches-nocturnes\/\" \/>\n<meta name=\"twitter:card\" content=\"summary_large_image\" \/>\n<meta name=\"twitter:title\" content=\"D\u00e9o&#039;Recycle recherche des groupes de musique pour ses march\u00e9s nocturnes - Saint Die Info\" \/>\n<meta name=\"twitter:description\" content=\"Apr\u00e8s le succ\u00e8s de l&rsquo;an dernier, des groupes de musique et des artistes sont recherch\u00e9s pour accompagner les march\u00e9s nocturnes, [&hellip;]\" \/>\n<meta name=\"twitter:image\" content=\"https:\/\/vosgesinfo.fr\/app\/uploads\/sites\/4\/2025\/06\/premier-marche-nocturne-deorecycle-3.jpg\" \/>\n<meta name=\"twitter:creator\" content=\"@VosgesInfo88\" \/>\n<meta name=\"twitter:site\" content=\"@VosgesInfo88\" \/>\n<meta name=\"twitter:label1\" content=\"\u00c9crit par\" \/>\n\t<meta name=\"twitter:data1\" content=\"J.J.\" \/>\n\t<meta name=\"twitter:label2\" content=\"Dur\u00e9e de lecture estim\u00e9e\" \/>\n\t<meta name=\"twitter:data2\" content=\"1 minute\" \/>\n<script type=\"application\/ld+json\" class=\"yoast-schema-graph\">{\"@context\":\"https:\/\/schema.org\",\"@graph\":[{\"@type\":\"Article\",\"@id\":\"https:\/\/vosgesinfo.fr\/saintdieinfo\/2026\/03\/deorecycle-recherche-des-groupes-de-musique-pour-ses-marches-nocturnes\/#article\",\"isPartOf\":{\"@id\":\"https:\/\/vosgesinfo.fr\/saintdieinfo\/2026\/03\/deorecycle-recherche-des-groupes-de-musique-pour-ses-marches-nocturnes\/\"},\"author\":{\"name\":\"J.J.\",\"@id\":\"https:\/\/vosgesinfo.fr\/saintdieinfo\/#\/schema\/person\/fa73e9f726d67bb88f46d5b7943cb572\"},\"headline\":\"D\u00e9o&rsquo;Recycle recherche des groupes de musique pour ses march\u00e9s nocturnes\",\"datePublished\":\"2026-03-13T06:33:38+00:00\",\"dateModified\":\"2026-03-12T16:28:53+00:00\",\"mainEntityOfPage\":{\"@id\":\"https:\/\/vosgesinfo.fr\/saintdieinfo\/2026\/03\/deorecycle-recherche-des-groupes-de-musique-pour-ses-marches-nocturnes\/\"},\"wordCount\":176,\"commentCount\":1,\"publisher\":{\"@id\":\"https:\/\/vosgesinfo.fr\/saintdieinfo\/#organization\"},\"image\":{\"@id\":\"https:\/\/vosgesinfo.fr\/saintdieinfo\/2026\/03\/deorecycle-recherche-des-groupes-de-musique-pour-ses-marches-nocturnes\/#primaryimage\"},\"thumbnailUrl\":\"https:\/\/vosgesinfo.fr\/app\/uploads\/sites\/4\/2025\/06\/premier-marche-nocturne-deorecycle-3.jpg\",\"keywords\":[\"animation musicale\",\"artistes\",\"Deo'Recycle\",\"Facebook\",\"groupes de musique\",\"march\u00e9s nocturnes\",\"Saint-Di\u00e9-des-Vosges\",\"vosges\"],\"articleSection\":[\"A la Une\",\"Loisirs\",\"Saint-Di\u00e9-des-Vosges\",\"Vie Associative\"],\"inLanguage\":\"fr-FR\",\"potentialAction\":[{\"@type\":\"CommentAction\",\"name\":\"Comment\",\"target\":[\"https:\/\/vosgesinfo.fr\/saintdieinfo\/2026\/03\/deorecycle-recherche-des-groupes-de-musique-pour-ses-marches-nocturnes\/#respond\"]}]},{\"@type\":\"WebPage\",\"@id\":\"https:\/\/vosgesinfo.fr\/saintdieinfo\/2026\/03\/deorecycle-recherche-des-groupes-de-musique-pour-ses-marches-nocturnes\/\",\"url\":\"https:\/\/vosgesinfo.fr\/saintdieinfo\/2026\/03\/deorecycle-recherche-des-groupes-de-musique-pour-ses-marches-nocturnes\/\",\"name\":\"D\u00e9o'Recycle recherche des groupes de musique pour ses march\u00e9s nocturnes - Saint Die Info\",\"isPartOf\":{\"@id\":\"https:\/\/vosgesinfo.fr\/saintdieinfo\/#website\"},\"primaryImageOfPage\":{\"@id\":\"https:\/\/vosgesinfo.fr\/saintdieinfo\/2026\/03\/deorecycle-recherche-des-groupes-de-musique-pour-ses-marches-nocturnes\/#primaryimage\"},\"image\":{\"@id\":\"https:\/\/vosgesinfo.fr\/saintdieinfo\/2026\/03\/deorecycle-recherche-des-groupes-de-musique-pour-ses-marches-nocturnes\/#primaryimage\"},\"thumbnailUrl\":\"https:\/\/vosgesinfo.fr\/app\/uploads\/sites\/4\/2025\/06\/premier-marche-nocturne-deorecycle-3.jpg\",\"datePublished\":\"2026-03-13T06:33:38+00:00\",\"dateModified\":\"2026-03-12T16:28:53+00:00\",\"breadcrumb\":{\"@id\":\"https:\/\/vosgesinfo.fr\/saintdieinfo\/2026\/03\/deorecycle-recherche-des-groupes-de-musique-pour-ses-marches-nocturnes\/#breadcrumb\"},\"inLanguage\":\"fr-FR\",\"potentialAction\":[{\"@type\":\"ReadAction\",\"target\":[\"https:\/\/vosgesinfo.fr\/saintdieinfo\/2026\/03\/deorecycle-recherche-des-groupes-de-musique-pour-ses-marches-nocturnes\/\"]}]},{\"@type\":\"ImageObject\",\"inLanguage\":\"fr-FR\",\"@id\":\"https:\/\/vosgesinfo.fr\/saintdieinfo\/2026\/03\/deorecycle-recherche-des-groupes-de-musique-pour-ses-marches-nocturnes\/#primaryimage\",\"url\":\"https:\/\/vosgesinfo.fr\/app\/uploads\/sites\/4\/2025\/06\/premier-marche-nocturne-deorecycle-3.jpg\",\"contentUrl\":\"https:\/\/vosgesinfo.fr\/app\/uploads\/sites\/4\/2025\/06\/premier-marche-nocturne-deorecycle-3.jpg\",\"width\":1600,\"height\":1205,\"caption\":\"(Archive)\"},{\"@type\":\"BreadcrumbList\",\"@id\":\"https:\/\/vosgesinfo.fr\/saintdieinfo\/2026\/03\/deorecycle-recherche-des-groupes-de-musique-pour-ses-marches-nocturnes\/#breadcrumb\",\"itemListElement\":[{\"@type\":\"ListItem\",\"position\":1,\"name\":\"Home\",\"item\":\"https:\/\/vosgesinfo.fr\/saintdieinfo\/\"},{\"@type\":\"ListItem\",\"position\":2,\"name\":\"D\u00e9o&rsquo;Recycle recherche des groupes de musique pour ses march\u00e9s nocturnes\"}]},{\"@type\":\"WebSite\",\"@id\":\"https:\/\/vosgesinfo.fr\/saintdieinfo\/#website\",\"url\":\"https:\/\/vosgesinfo.fr\/saintdieinfo\/\",\"name\":\"Saint Die Info\",\"description\":\"Toute l&#039;actualit\u00e9 de Saint-Di\u00e9-Des-Vosges\",\"publisher\":{\"@id\":\"https:\/\/vosgesinfo.fr\/saintdieinfo\/#organization\"},\"alternateName\":\"Toute l'actualit\u00e9 de Saint-Di\u00e9-Des-Vosges\",\"potentialAction\":[{\"@type\":\"SearchAction\",\"target\":{\"@type\":\"EntryPoint\",\"urlTemplate\":\"https:\/\/vosgesinfo.fr\/saintdieinfo\/?s={search_term_string}\"},\"query-input\":\"required name=search_term_string\"}],\"inLanguage\":\"fr-FR\"},{\"@type\":\"Organization\",\"@id\":\"https:\/\/vosgesinfo.fr\/saintdieinfo\/#organization\",\"name\":\"Saint Die Info\",\"url\":\"https:\/\/vosgesinfo.fr\/saintdieinfo\/\",\"logo\":{\"@type\":\"ImageObject\",\"inLanguage\":\"fr-FR\",\"@id\":\"https:\/\/vosgesinfo.fr\/saintdieinfo\/#\/schema\/logo\/image\/\",\"url\":\"https:\/\/vosgesinfo.fr\/app\/uploads\/sites\/4\/2024\/02\/logo-sdi.jpg\",\"contentUrl\":\"https:\/\/vosgesinfo.fr\/app\/uploads\/sites\/4\/2024\/02\/logo-sdi.jpg\",\"width\":600,\"height\":600,\"caption\":\"Saint Die Info\"},\"image\":{\"@id\":\"https:\/\/vosgesinfo.fr\/saintdieinfo\/#\/schema\/logo\/image\/\"},\"sameAs\":[\"https:\/\/www.facebook.com\/Saintdieinfofr\",\"https:\/\/x.com\/VosgesInfo88\",\"https:\/\/www.youtube.com\/@vosgesinfo\"]},{\"@type\":\"Person\",\"@id\":\"https:\/\/vosgesinfo.fr\/saintdieinfo\/#\/schema\/person\/fa73e9f726d67bb88f46d5b7943cb572\",\"name\":\"J.J.\",\"image\":{\"@type\":\"ImageObject\",\"inLanguage\":\"fr-FR\",\"@id\":\"https:\/\/vosgesinfo.fr\/saintdieinfo\/#\/schema\/person\/image\/\",\"url\":\"https:\/\/secure.gravatar.com\/avatar\/219e749e47ffbcca018a360ae4add7d4cdf1cdaaf8bc7676b27efade3fe65615?s=96&d=mm&r=g\",\"contentUrl\":\"https:\/\/secure.gravatar.com\/avatar\/219e749e47ffbcca018a360ae4add7d4cdf1cdaaf8bc7676b27efade3fe65615?s=96&d=mm&r=g\",\"caption\":\"J.J.\"},\"url\":\"https:\/\/vosgesinfo.fr\/saintdieinfo\/author\/j-j\/\"}]}<\/script>\n<!-- \/ Yoast SEO plugin. -->","yoast_head_json":{"title":"D\u00e9o'Recycle recherche des groupes de musique pour ses march\u00e9s nocturnes - Saint Die Info","robots":{"index":"index","follow":"follow","max-snippet":"max-snippet:-1","max-image-preview":"max-image-preview:large","max-video-preview":"max-video-preview:-1"},"canonical":"https:\/\/vosgesinfo.fr\/saintdieinfo\/2026\/03\/deorecycle-recherche-des-groupes-de-musique-pour-ses-marches-nocturnes\/","twitter_card":"summary_large_image","twitter_title":"D\u00e9o'Recycle recherche des groupes de musique pour ses march\u00e9s nocturnes - Saint Die Info","twitter_description":"Apr\u00e8s le succ\u00e8s de l&rsquo;an dernier, des groupes de musique et des artistes sont recherch\u00e9s pour accompagner les march\u00e9s nocturnes, [&hellip;]","twitter_image":"https:\/\/vosgesinfo.fr\/app\/uploads\/sites\/4\/2025\/06\/premier-marche-nocturne-deorecycle-3.jpg","twitter_creator":"@VosgesInfo88","twitter_site":"@VosgesInfo88","twitter_misc":{"\u00c9crit par":"J.J.","Dur\u00e9e de lecture estim\u00e9e":"1 minute"},"schema":{"@context":"https:\/\/schema.org","@graph":[{"@type":"Article","@id":"https:\/\/vosgesinfo.fr\/saintdieinfo\/2026\/03\/deorecycle-recherche-des-groupes-de-musique-pour-ses-marches-nocturnes\/#article","isPartOf":{"@id":"https:\/\/vosgesinfo.fr\/saintdieinfo\/2026\/03\/deorecycle-recherche-des-groupes-de-musique-pour-ses-marches-nocturnes\/"},"author":{"name":"J.J.","@id":"https:\/\/vosgesinfo.fr\/saintdieinfo\/#\/schema\/person\/fa73e9f726d67bb88f46d5b7943cb572"},"headline":"D\u00e9o&rsquo;Recycle recherche des groupes de musique pour ses march\u00e9s nocturnes","datePublished":"2026-03-13T06:33:38+00:00","dateModified":"2026-03-12T16:28:53+00:00","mainEntityOfPage":{"@id":"https:\/\/vosgesinfo.fr\/saintdieinfo\/2026\/03\/deorecycle-recherche-des-groupes-de-musique-pour-ses-marches-nocturnes\/"},"wordCount":176,"commentCount":1,"publisher":{"@id":"https:\/\/vosgesinfo.fr\/saintdieinfo\/#organization"},"image":{"@id":"https:\/\/vosgesinfo.fr\/saintdieinfo\/2026\/03\/deorecycle-recherche-des-groupes-de-musique-pour-ses-marches-nocturnes\/#primaryimage"},"thumbnailUrl":"https:\/\/vosgesinfo.fr\/app\/uploads\/sites\/4\/2025\/06\/premier-marche-nocturne-deorecycle-3.jpg","keywords":["animation musicale","artistes","Deo'Recycle","Facebook","groupes de musique","march\u00e9s nocturnes","Saint-Di\u00e9-des-Vosges","vosges"],"articleSection":["A la Une","Loisirs","Saint-Di\u00e9-des-Vosges","Vie Associative"],"inLanguage":"fr-FR","potentialAction":[{"@type":"CommentAction","name":"Comment","target":["https:\/\/vosgesinfo.fr\/saintdieinfo\/2026\/03\/deorecycle-recherche-des-groupes-de-musique-pour-ses-marches-nocturnes\/#respond"]}]},{"@type":"WebPage","@id":"https:\/\/vosgesinfo.fr\/saintdieinfo\/2026\/03\/deorecycle-recherche-des-groupes-de-musique-pour-ses-marches-nocturnes\/","url":"https:\/\/vosgesinfo.fr\/saintdieinfo\/2026\/03\/deorecycle-recherche-des-groupes-de-musique-pour-ses-marches-nocturnes\/","name":"D\u00e9o'Recycle recherche des groupes de musique pour ses march\u00e9s nocturnes - Saint Die Info","isPartOf":{"@id":"https:\/\/vosgesinfo.fr\/saintdieinfo\/#website"},"primaryImageOfPage":{"@id":"https:\/\/vosgesinfo.fr\/saintdieinfo\/2026\/03\/deorecycle-recherche-des-groupes-de-musique-pour-ses-marches-nocturnes\/#primaryimage"},"image":{"@id":"https:\/\/vosgesinfo.fr\/saintdieinfo\/2026\/03\/deorecycle-recherche-des-groupes-de-musique-pour-ses-marches-nocturnes\/#primaryimage"},"thumbnailUrl":"https:\/\/vosgesinfo.fr\/app\/uploads\/sites\/4\/2025\/06\/premier-marche-nocturne-deorecycle-3.jpg","datePublished":"2026-03-13T06:33:38+00:00","dateModified":"2026-03-12T16:28:53+00:00","breadcrumb":{"@id":"https:\/\/vosgesinfo.fr\/saintdieinfo\/2026\/03\/deorecycle-recherche-des-groupes-de-musique-pour-ses-marches-nocturnes\/#breadcrumb"},"inLanguage":"fr-FR","potentialAction":[{"@type":"ReadAction","target":["https:\/\/vosgesinfo.fr\/saintdieinfo\/2026\/03\/deorecycle-recherche-des-groupes-de-musique-pour-ses-marches-nocturnes\/"]}]},{"@type":"ImageObject","inLanguage":"fr-FR","@id":"https:\/\/vosgesinfo.fr\/saintdieinfo\/2026\/03\/deorecycle-recherche-des-groupes-de-musique-pour-ses-marches-nocturnes\/#primaryimage","url":"https:\/\/vosgesinfo.fr\/app\/uploads\/sites\/4\/2025\/06\/premier-marche-nocturne-deorecycle-3.jpg","contentUrl":"https:\/\/vosgesinfo.fr\/app\/uploads\/sites\/4\/2025\/06\/premier-marche-nocturne-deorecycle-3.jpg","width":1600,"height":1205,"caption":"(Archive)"},{"@type":"BreadcrumbList","@id":"https:\/\/vosgesinfo.fr\/saintdieinfo\/2026\/03\/deorecycle-recherche-des-groupes-de-musique-pour-ses-marches-nocturnes\/#breadcrumb","itemListElement":[{"@type":"ListItem","position":1,"name":"Home","item":"https:\/\/vosgesinfo.fr\/saintdieinfo\/"},{"@type":"ListItem","position":2,"name":"D\u00e9o&rsquo;Recycle recherche des groupes de musique pour ses march\u00e9s nocturnes"}]},{"@type":"WebSite","@id":"https:\/\/vosgesinfo.fr\/saintdieinfo\/#website","url":"https:\/\/vosgesinfo.fr\/saintdieinfo\/","name":"Saint Die Info","description":"Toute l&#039;actualit\u00e9 de Saint-Di\u00e9-Des-Vosges","publisher":{"@id":"https:\/\/vosgesinfo.fr\/saintdieinfo\/#organization"},"alternateName":"Toute l'actualit\u00e9 de Saint-Di\u00e9-Des-Vosges","potentialAction":[{"@type":"SearchAction","target":{"@type":"EntryPoint","urlTemplate":"https:\/\/vosgesinfo.fr\/saintdieinfo\/?s={search_term_string}"},"query-input":"required name=search_term_string"}],"inLanguage":"fr-FR"},{"@type":"Organization","@id":"https:\/\/vosgesinfo.fr\/saintdieinfo\/#organization","name":"Saint Die Info","url":"https:\/\/vosgesinfo.fr\/saintdieinfo\/","logo":{"@type":"ImageObject","inLanguage":"fr-FR","@id":"https:\/\/vosgesinfo.fr\/saintdieinfo\/#\/schema\/logo\/image\/","url":"https:\/\/vosgesinfo.fr\/app\/uploads\/sites\/4\/2024\/02\/logo-sdi.jpg","contentUrl":"https:\/\/vosgesinfo.fr\/app\/uploads\/sites\/4\/2024\/02\/logo-sdi.jpg","width":600,"height":600,"caption":"Saint Die Info"},"image":{"@id":"https:\/\/vosgesinfo.fr\/saintdieinfo\/#\/schema\/logo\/image\/"},"sameAs":["https:\/\/www.facebook.com\/Saintdieinfofr","https:\/\/x.com\/VosgesInfo88","https:\/\/www.youtube.com\/@vosgesinfo"]},{"@type":"Person","@id":"https:\/\/vosgesinfo.fr\/saintdieinfo\/#\/schema\/person\/fa73e9f726d67bb88f46d5b7943cb572","name":"J.J.","image":{"@type":"ImageObject","inLanguage":"fr-FR","@id":"https:\/\/vosgesinfo.fr\/saintdieinfo\/#\/schema\/person\/image\/","url":"https:\/\/secure.gravatar.com\/avatar\/219e749e47ffbcca018a360ae4add7d4cdf1cdaaf8bc7676b27efade3fe65615?s=96&d=mm&r=g","contentUrl":"https:\/\/secure.gravatar.com\/avatar\/219e749e47ffbcca018a360ae4add7d4cdf1cdaaf8bc7676b27efade3fe65615?s=96&d=mm&r=g","caption":"J.J."},"url":"https:\/\/vosgesinfo.fr\/saintdieinfo\/author\/j-j\/"}]}},"_links":{"self":[{"href":"https:\/\/vosgesinfo.fr\/saintdieinfo\/wp-json\/wp\/v2\/posts\/88924","targetHints":{"allow":["GET"]}}],"collection":[{"href":"https:\/\/vosgesinfo.fr\/saintdieinfo\/wp-json\/wp\/v2\/posts"}],"about":[{"href":"https:\/\/vosgesinfo.fr\/saintdieinfo\/wp-json\/wp\/v2\/types\/post"}],"author":[{"embeddable":true,"href":"https:\/\/vosgesinfo.fr\/saintdieinfo\/wp-json\/wp\/v2\/users\/46"}],"replies":[{"embeddable":true,"href":"https:\/\/vosgesinfo.fr\/saintdieinfo\/wp-json\/wp\/v2\/comments?post=88924"}],"version-history":[{"count":1,"href":"https:\/\/vosgesinfo.fr\/saintdieinfo\/wp-json\/wp\/v2\/posts\/88924\/revisions"}],"predecessor-version":[{"id":88925,"href":"https:\/\/vosgesinfo.fr\/saintdieinfo\/wp-json\/wp\/v2\/posts\/88924\/revisions\/88925"}],"wp:featuredmedia":[{"embeddable":true,"href":"https:\/\/vosgesinfo.fr\/saintdieinfo\/wp-json\/wp\/v2\/media\/78711"}],"wp:attachment":[{"href":"https:\/\/vosgesinfo.fr\/saintdieinfo\/wp-json\/wp\/v2\/media?parent=88924"}],"wp:term":[{"taxonomy":"category","embeddable":true,"href":"https:\/\/vosgesinfo.fr\/saintdieinfo\/wp-json\/wp\/v2\/categories?post=88924"},{"taxonomy":"post_tag","embeddable":true,"href":"https:\/\/vosgesinfo.fr\/saintdieinfo\/wp-json\/wp\/v2\/tags?post=88924"}],"curies":[{"name":"wp","href":"https:\/\/api.w.org\/{rel}","templated":true}]}}