{"id":88954,"date":"2026-03-13T13:53:28","date_gmt":"2026-03-13T12:53:28","guid":{"rendered":"https:\/\/vosgesinfo.fr\/saintdieinfo\/?p=88954"},"modified":"2026-03-13T13:46:09","modified_gmt":"2026-03-13T12:46:09","slug":"municipales-2026-a-saint-die-des-vosges-les-bulletins-de-vote-distribues-dans-les-boites-aux-lettres-de-la-liste-saint-die-demain-verte-dynamique-et-solidaire-so","status":"publish","type":"post","link":"https:\/\/vosgesinfo.fr\/saintdieinfo\/2026\/03\/municipales-2026-a-saint-die-des-vosges-les-bulletins-de-vote-distribues-dans-les-boites-aux-lettres-de-la-liste-saint-die-demain-verte-dynamique-et-solidaire-so\/","title":{"rendered":"Municipales 2026 \u00e0 Saint-Di\u00e9-des-Vosges\u00a0: les bulletins de vote distribu\u00e9s dans les bo\u00eetes aux lettres de la liste \u00ab\u00a0Saint-Di\u00e9 demain\u00a0: verte, dynamique et solidaire\u00a0\u00bb sont invalides"},"content":{"rendered":"<div id=\"attachment_88540\" style=\"width: 1034px\" class=\"wp-caption alignnone\"><a href=\"https:\/\/vosgesinfo.fr\/app\/uploads\/sites\/4\/2026\/03\/election-municipales.jpg\"><img decoding=\"async\" aria-describedby=\"caption-attachment-88540\" class=\"size-full wp-image-88540\" src=\"https:\/\/vosgesinfo.fr\/app\/uploads\/sites\/4\/2026\/03\/election-municipales.jpg\" alt=\"\" width=\"1024\" height=\"1024\" srcset=\"https:\/\/vosgesinfo.fr\/app\/uploads\/sites\/4\/2026\/03\/election-municipales.jpg 1024w, https:\/\/vosgesinfo.fr\/app\/uploads\/sites\/4\/2026\/03\/election-municipales-300x300.jpg 300w, https:\/\/vosgesinfo.fr\/app\/uploads\/sites\/4\/2026\/03\/election-municipales-150x150.jpg 150w, https:\/\/vosgesinfo.fr\/app\/uploads\/sites\/4\/2026\/03\/election-municipales-768x768.jpg 768w\" sizes=\"(max-width: 1024px) 100vw, 1024px\" \/><\/a><p id=\"caption-attachment-88540\" class=\"wp-caption-text\">(Illustration)<\/p><\/div>\n<h2>Alors que le <strong data-start=\"13\" data-end=\"55\">premier tour des \u00e9lections municipales<\/strong> \u00e0 <strong data-start=\"58\" data-end=\"82\">Saint-Di\u00e9-des-Vosges<\/strong> est imminent, il faut noter que les <strong data-start=\"101\" data-end=\"141\">bulletins de vote re\u00e7us par courrier<\/strong> de la liste \u00ab <strong data-start=\"156\" data-end=\"208\">Saint-Di\u00e9 demain : dynamique, verte et solidaire<\/strong> \u00bb, men\u00e9e par <strong data-start=\"222\" data-end=\"241\">Michel Valentin<\/strong>, ne sont pas valides. Pour voter pour cette liste dimanche, il faudra donc imp\u00e9rativement utiliser les bulletins <strong>mis \u00e0 disposition dans les bureaux de vote.<\/strong><\/h2>\n<p><!--more--><\/p>\n<h3><strong>Une erreur sur le bulletin de vote<\/strong><\/h3>\n<p>\u00ab Malgr\u00e9 la validation de l&rsquo;ensemble de nos documents de campagne par la <strong>pr\u00e9fecture<\/strong> il y a <strong>quelques semaines d\u00e9j\u00e0<\/strong>, cette derni\u00e8re a \u00ab\u00a0soudainement\u00a0\u00bb d\u00e9couvert <strong>une erreur<\/strong>&#8230; Le <strong>bulletin de vote<\/strong> \u00e0 utiliser pour notre liste sera donc uniquement celui mis \u00e0 disposition dans les <strong>bureaux de vote<\/strong>. Celui re\u00e7u par courrier n&rsquo;est pas valide. Bravo aux experts de la politique qui ont mis en avant cette erreur.. \u00bb a comment\u00e9 la liste sur sa page Facebook, ce vendredi en milieu de journ\u00e9e.<\/p>\n","protected":false},"excerpt":{"rendered":"<p>Alors que le premier tour des \u00e9lections municipales \u00e0 Saint-Di\u00e9-des-Vosges est imminent, il faut noter que les bulletins de vote [&hellip;]<\/p>\n","protected":false},"author":46,"featured_media":88540,"comment_status":"open","ping_status":"open","sticky":false,"template":"","format":"standard","meta":{"footnotes":""},"categories":[460,10,167],"tags":[20756,20037,19604,19503,19829,2881],"class_list":["post-88954","post","type-post","status-publish","format-standard","has-post-thumbnail","hentry","category-a-la-une","category-politique","category-saint-die-des-vosges","tag-bulletin-de-vote","tag-bureaux-de-vote","tag-elections-municipales","tag-michel-valentin","tag-saint-die-demain","tag-saint-die-des-vosges"],"acf":[],"yoast_head":"<!-- This site is optimized with the Yoast SEO plugin v22.5 - https:\/\/yoast.com\/wordpress\/plugins\/seo\/ -->\n<title>Municipales 2026 \u00e0 Saint-Di\u00e9-des-Vosges\u00a0: les bulletins de vote distribu\u00e9s dans les bo\u00eetes aux lettres de la liste \u00ab\u00a0Saint-Di\u00e9 demain\u00a0: verte, dynamique et solidaire\u00a0\u00bb sont invalides - Saint Die Info<\/title>\n<meta name=\"robots\" content=\"index, follow, max-snippet:-1, max-image-preview:large, max-video-preview:-1\" \/>\n<link rel=\"canonical\" href=\"https:\/\/vosgesinfo.fr\/saintdieinfo\/2026\/03\/municipales-2026-a-saint-die-des-vosges-les-bulletins-de-vote-distribues-dans-les-boites-aux-lettres-de-la-liste-saint-die-demain-verte-dynamique-et-solidaire-so\/\" \/>\n<meta name=\"twitter:card\" content=\"summary_large_image\" \/>\n<meta name=\"twitter:title\" content=\"Municipales 2026 \u00e0 Saint-Di\u00e9-des-Vosges\u00a0: les bulletins de vote distribu\u00e9s dans les bo\u00eetes aux lettres de la liste \u00ab\u00a0Saint-Di\u00e9 demain\u00a0: verte, dynamique et solidaire\u00a0\u00bb sont invalides - Saint Die Info\" \/>\n<meta name=\"twitter:description\" content=\"Alors que le premier tour des \u00e9lections municipales \u00e0 Saint-Di\u00e9-des-Vosges est imminent, il faut noter que les bulletins de vote [&hellip;]\" \/>\n<meta name=\"twitter:image\" content=\"https:\/\/vosgesinfo.fr\/app\/uploads\/sites\/4\/2026\/03\/election-municipales.jpg\" \/>\n<meta name=\"twitter:creator\" content=\"@VosgesInfo88\" \/>\n<meta name=\"twitter:site\" content=\"@VosgesInfo88\" \/>\n<meta name=\"twitter:label1\" content=\"\u00c9crit par\" \/>\n\t<meta name=\"twitter:data1\" content=\"J.J.\" \/>\n\t<meta name=\"twitter:label2\" content=\"Dur\u00e9e de lecture estim\u00e9e\" \/>\n\t<meta name=\"twitter:data2\" content=\"2 minutes\" \/>\n<script type=\"application\/ld+json\" class=\"yoast-schema-graph\">{\"@context\":\"https:\/\/schema.org\",\"@graph\":[{\"@type\":\"Article\",\"@id\":\"https:\/\/vosgesinfo.fr\/saintdieinfo\/2026\/03\/municipales-2026-a-saint-die-des-vosges-les-bulletins-de-vote-distribues-dans-les-boites-aux-lettres-de-la-liste-saint-die-demain-verte-dynamique-et-solidaire-so\/#article\",\"isPartOf\":{\"@id\":\"https:\/\/vosgesinfo.fr\/saintdieinfo\/2026\/03\/municipales-2026-a-saint-die-des-vosges-les-bulletins-de-vote-distribues-dans-les-boites-aux-lettres-de-la-liste-saint-die-demain-verte-dynamique-et-solidaire-so\/\"},\"author\":{\"name\":\"J.J.\",\"@id\":\"https:\/\/vosgesinfo.fr\/saintdieinfo\/#\/schema\/person\/fa73e9f726d67bb88f46d5b7943cb572\"},\"headline\":\"Municipales 2026 \u00e0 Saint-Di\u00e9-des-Vosges\u00a0: les bulletins de vote distribu\u00e9s dans les bo\u00eetes aux lettres de la liste \u00ab\u00a0Saint-Di\u00e9 demain\u00a0: verte, dynamique et solidaire\u00a0\u00bb sont invalides\",\"datePublished\":\"2026-03-13T12:53:28+00:00\",\"dateModified\":\"2026-03-13T12:46:09+00:00\",\"mainEntityOfPage\":{\"@id\":\"https:\/\/vosgesinfo.fr\/saintdieinfo\/2026\/03\/municipales-2026-a-saint-die-des-vosges-les-bulletins-de-vote-distribues-dans-les-boites-aux-lettres-de-la-liste-saint-die-demain-verte-dynamique-et-solidaire-so\/\"},\"wordCount\":191,\"commentCount\":0,\"publisher\":{\"@id\":\"https:\/\/vosgesinfo.fr\/saintdieinfo\/#organization\"},\"image\":{\"@id\":\"https:\/\/vosgesinfo.fr\/saintdieinfo\/2026\/03\/municipales-2026-a-saint-die-des-vosges-les-bulletins-de-vote-distribues-dans-les-boites-aux-lettres-de-la-liste-saint-die-demain-verte-dynamique-et-solidaire-so\/#primaryimage\"},\"thumbnailUrl\":\"https:\/\/vosgesinfo.fr\/app\/uploads\/sites\/4\/2026\/03\/election-municipales.jpg\",\"keywords\":[\"bulletin de vote\",\"bureaux de vote\",\"\u00e9lections municipales\",\"Michel Valentin\",\"Saint-Di\u00e9 Demain\",\"Saint-Di\u00e9-des-Vosges\"],\"articleSection\":[\"A la Une\",\"Politique\",\"Saint-Di\u00e9-des-Vosges\"],\"inLanguage\":\"fr-FR\",\"potentialAction\":[{\"@type\":\"CommentAction\",\"name\":\"Comment\",\"target\":[\"https:\/\/vosgesinfo.fr\/saintdieinfo\/2026\/03\/municipales-2026-a-saint-die-des-vosges-les-bulletins-de-vote-distribues-dans-les-boites-aux-lettres-de-la-liste-saint-die-demain-verte-dynamique-et-solidaire-so\/#respond\"]}]},{\"@type\":\"WebPage\",\"@id\":\"https:\/\/vosgesinfo.fr\/saintdieinfo\/2026\/03\/municipales-2026-a-saint-die-des-vosges-les-bulletins-de-vote-distribues-dans-les-boites-aux-lettres-de-la-liste-saint-die-demain-verte-dynamique-et-solidaire-so\/\",\"url\":\"https:\/\/vosgesinfo.fr\/saintdieinfo\/2026\/03\/municipales-2026-a-saint-die-des-vosges-les-bulletins-de-vote-distribues-dans-les-boites-aux-lettres-de-la-liste-saint-die-demain-verte-dynamique-et-solidaire-so\/\",\"name\":\"Municipales 2026 \u00e0 Saint-Di\u00e9-des-Vosges\u00a0: les bulletins de vote distribu\u00e9s dans les bo\u00eetes aux lettres de la liste \u00ab\u00a0Saint-Di\u00e9 demain\u00a0: verte, dynamique et solidaire\u00a0\u00bb sont invalides - Saint Die Info\",\"isPartOf\":{\"@id\":\"https:\/\/vosgesinfo.fr\/saintdieinfo\/#website\"},\"primaryImageOfPage\":{\"@id\":\"https:\/\/vosgesinfo.fr\/saintdieinfo\/2026\/03\/municipales-2026-a-saint-die-des-vosges-les-bulletins-de-vote-distribues-dans-les-boites-aux-lettres-de-la-liste-saint-die-demain-verte-dynamique-et-solidaire-so\/#primaryimage\"},\"image\":{\"@id\":\"https:\/\/vosgesinfo.fr\/saintdieinfo\/2026\/03\/municipales-2026-a-saint-die-des-vosges-les-bulletins-de-vote-distribues-dans-les-boites-aux-lettres-de-la-liste-saint-die-demain-verte-dynamique-et-solidaire-so\/#primaryimage\"},\"thumbnailUrl\":\"https:\/\/vosgesinfo.fr\/app\/uploads\/sites\/4\/2026\/03\/election-municipales.jpg\",\"datePublished\":\"2026-03-13T12:53:28+00:00\",\"dateModified\":\"2026-03-13T12:46:09+00:00\",\"breadcrumb\":{\"@id\":\"https:\/\/vosgesinfo.fr\/saintdieinfo\/2026\/03\/municipales-2026-a-saint-die-des-vosges-les-bulletins-de-vote-distribues-dans-les-boites-aux-lettres-de-la-liste-saint-die-demain-verte-dynamique-et-solidaire-so\/#breadcrumb\"},\"inLanguage\":\"fr-FR\",\"potentialAction\":[{\"@type\":\"ReadAction\",\"target\":[\"https:\/\/vosgesinfo.fr\/saintdieinfo\/2026\/03\/municipales-2026-a-saint-die-des-vosges-les-bulletins-de-vote-distribues-dans-les-boites-aux-lettres-de-la-liste-saint-die-demain-verte-dynamique-et-solidaire-so\/\"]}]},{\"@type\":\"ImageObject\",\"inLanguage\":\"fr-FR\",\"@id\":\"https:\/\/vosgesinfo.fr\/saintdieinfo\/2026\/03\/municipales-2026-a-saint-die-des-vosges-les-bulletins-de-vote-distribues-dans-les-boites-aux-lettres-de-la-liste-saint-die-demain-verte-dynamique-et-solidaire-so\/#primaryimage\",\"url\":\"https:\/\/vosgesinfo.fr\/app\/uploads\/sites\/4\/2026\/03\/election-municipales.jpg\",\"contentUrl\":\"https:\/\/vosgesinfo.fr\/app\/uploads\/sites\/4\/2026\/03\/election-municipales.jpg\",\"width\":1024,\"height\":1024,\"caption\":\"(Illustration)\"},{\"@type\":\"BreadcrumbList\",\"@id\":\"https:\/\/vosgesinfo.fr\/saintdieinfo\/2026\/03\/municipales-2026-a-saint-die-des-vosges-les-bulletins-de-vote-distribues-dans-les-boites-aux-lettres-de-la-liste-saint-die-demain-verte-dynamique-et-solidaire-so\/#breadcrumb\",\"itemListElement\":[{\"@type\":\"ListItem\",\"position\":1,\"name\":\"Home\",\"item\":\"https:\/\/vosgesinfo.fr\/saintdieinfo\/\"},{\"@type\":\"ListItem\",\"position\":2,\"name\":\"Municipales 2026 \u00e0 Saint-Di\u00e9-des-Vosges\u00a0: les bulletins de vote distribu\u00e9s dans les bo\u00eetes aux lettres de la liste \u00ab\u00a0Saint-Di\u00e9 demain\u00a0: verte, dynamique et solidaire\u00a0\u00bb sont invalides\"}]},{\"@type\":\"WebSite\",\"@id\":\"https:\/\/vosgesinfo.fr\/saintdieinfo\/#website\",\"url\":\"https:\/\/vosgesinfo.fr\/saintdieinfo\/\",\"name\":\"Saint Die Info\",\"description\":\"Toute l&#039;actualit\u00e9 de Saint-Di\u00e9-Des-Vosges\",\"publisher\":{\"@id\":\"https:\/\/vosgesinfo.fr\/saintdieinfo\/#organization\"},\"alternateName\":\"Toute l'actualit\u00e9 de Saint-Di\u00e9-Des-Vosges\",\"potentialAction\":[{\"@type\":\"SearchAction\",\"target\":{\"@type\":\"EntryPoint\",\"urlTemplate\":\"https:\/\/vosgesinfo.fr\/saintdieinfo\/?s={search_term_string}\"},\"query-input\":\"required name=search_term_string\"}],\"inLanguage\":\"fr-FR\"},{\"@type\":\"Organization\",\"@id\":\"https:\/\/vosgesinfo.fr\/saintdieinfo\/#organization\",\"name\":\"Saint Die Info\",\"url\":\"https:\/\/vosgesinfo.fr\/saintdieinfo\/\",\"logo\":{\"@type\":\"ImageObject\",\"inLanguage\":\"fr-FR\",\"@id\":\"https:\/\/vosgesinfo.fr\/saintdieinfo\/#\/schema\/logo\/image\/\",\"url\":\"https:\/\/vosgesinfo.fr\/app\/uploads\/sites\/4\/2024\/02\/logo-sdi.jpg\",\"contentUrl\":\"https:\/\/vosgesinfo.fr\/app\/uploads\/sites\/4\/2024\/02\/logo-sdi.jpg\",\"width\":600,\"height\":600,\"caption\":\"Saint Die Info\"},\"image\":{\"@id\":\"https:\/\/vosgesinfo.fr\/saintdieinfo\/#\/schema\/logo\/image\/\"},\"sameAs\":[\"https:\/\/www.facebook.com\/Saintdieinfofr\",\"https:\/\/x.com\/VosgesInfo88\",\"https:\/\/www.youtube.com\/@vosgesinfo\"]},{\"@type\":\"Person\",\"@id\":\"https:\/\/vosgesinfo.fr\/saintdieinfo\/#\/schema\/person\/fa73e9f726d67bb88f46d5b7943cb572\",\"name\":\"J.J.\",\"image\":{\"@type\":\"ImageObject\",\"inLanguage\":\"fr-FR\",\"@id\":\"https:\/\/vosgesinfo.fr\/saintdieinfo\/#\/schema\/person\/image\/\",\"url\":\"https:\/\/secure.gravatar.com\/avatar\/219e749e47ffbcca018a360ae4add7d4cdf1cdaaf8bc7676b27efade3fe65615?s=96&d=mm&r=g\",\"contentUrl\":\"https:\/\/secure.gravatar.com\/avatar\/219e749e47ffbcca018a360ae4add7d4cdf1cdaaf8bc7676b27efade3fe65615?s=96&d=mm&r=g\",\"caption\":\"J.J.\"},\"url\":\"https:\/\/vosgesinfo.fr\/saintdieinfo\/author\/j-j\/\"}]}<\/script>\n<!-- \/ Yoast SEO plugin. -->","yoast_head_json":{"title":"Municipales 2026 \u00e0 Saint-Di\u00e9-des-Vosges\u00a0: les bulletins de vote distribu\u00e9s dans les bo\u00eetes aux lettres de la liste \u00ab\u00a0Saint-Di\u00e9 demain\u00a0: verte, dynamique et solidaire\u00a0\u00bb sont invalides - Saint Die Info","robots":{"index":"index","follow":"follow","max-snippet":"max-snippet:-1","max-image-preview":"max-image-preview:large","max-video-preview":"max-video-preview:-1"},"canonical":"https:\/\/vosgesinfo.fr\/saintdieinfo\/2026\/03\/municipales-2026-a-saint-die-des-vosges-les-bulletins-de-vote-distribues-dans-les-boites-aux-lettres-de-la-liste-saint-die-demain-verte-dynamique-et-solidaire-so\/","twitter_card":"summary_large_image","twitter_title":"Municipales 2026 \u00e0 Saint-Di\u00e9-des-Vosges\u00a0: les bulletins de vote distribu\u00e9s dans les bo\u00eetes aux lettres de la liste \u00ab\u00a0Saint-Di\u00e9 demain\u00a0: verte, dynamique et solidaire\u00a0\u00bb sont invalides - Saint Die Info","twitter_description":"Alors que le premier tour des \u00e9lections municipales \u00e0 Saint-Di\u00e9-des-Vosges est imminent, il faut noter que les bulletins de vote [&hellip;]","twitter_image":"https:\/\/vosgesinfo.fr\/app\/uploads\/sites\/4\/2026\/03\/election-municipales.jpg","twitter_creator":"@VosgesInfo88","twitter_site":"@VosgesInfo88","twitter_misc":{"\u00c9crit par":"J.J.","Dur\u00e9e de lecture estim\u00e9e":"2 minutes"},"schema":{"@context":"https:\/\/schema.org","@graph":[{"@type":"Article","@id":"https:\/\/vosgesinfo.fr\/saintdieinfo\/2026\/03\/municipales-2026-a-saint-die-des-vosges-les-bulletins-de-vote-distribues-dans-les-boites-aux-lettres-de-la-liste-saint-die-demain-verte-dynamique-et-solidaire-so\/#article","isPartOf":{"@id":"https:\/\/vosgesinfo.fr\/saintdieinfo\/2026\/03\/municipales-2026-a-saint-die-des-vosges-les-bulletins-de-vote-distribues-dans-les-boites-aux-lettres-de-la-liste-saint-die-demain-verte-dynamique-et-solidaire-so\/"},"author":{"name":"J.J.","@id":"https:\/\/vosgesinfo.fr\/saintdieinfo\/#\/schema\/person\/fa73e9f726d67bb88f46d5b7943cb572"},"headline":"Municipales 2026 \u00e0 Saint-Di\u00e9-des-Vosges\u00a0: les bulletins de vote distribu\u00e9s dans les bo\u00eetes aux lettres de la liste \u00ab\u00a0Saint-Di\u00e9 demain\u00a0: verte, dynamique et solidaire\u00a0\u00bb sont invalides","datePublished":"2026-03-13T12:53:28+00:00","dateModified":"2026-03-13T12:46:09+00:00","mainEntityOfPage":{"@id":"https:\/\/vosgesinfo.fr\/saintdieinfo\/2026\/03\/municipales-2026-a-saint-die-des-vosges-les-bulletins-de-vote-distribues-dans-les-boites-aux-lettres-de-la-liste-saint-die-demain-verte-dynamique-et-solidaire-so\/"},"wordCount":191,"commentCount":0,"publisher":{"@id":"https:\/\/vosgesinfo.fr\/saintdieinfo\/#organization"},"image":{"@id":"https:\/\/vosgesinfo.fr\/saintdieinfo\/2026\/03\/municipales-2026-a-saint-die-des-vosges-les-bulletins-de-vote-distribues-dans-les-boites-aux-lettres-de-la-liste-saint-die-demain-verte-dynamique-et-solidaire-so\/#primaryimage"},"thumbnailUrl":"https:\/\/vosgesinfo.fr\/app\/uploads\/sites\/4\/2026\/03\/election-municipales.jpg","keywords":["bulletin de vote","bureaux de vote","\u00e9lections municipales","Michel Valentin","Saint-Di\u00e9 Demain","Saint-Di\u00e9-des-Vosges"],"articleSection":["A la Une","Politique","Saint-Di\u00e9-des-Vosges"],"inLanguage":"fr-FR","potentialAction":[{"@type":"CommentAction","name":"Comment","target":["https:\/\/vosgesinfo.fr\/saintdieinfo\/2026\/03\/municipales-2026-a-saint-die-des-vosges-les-bulletins-de-vote-distribues-dans-les-boites-aux-lettres-de-la-liste-saint-die-demain-verte-dynamique-et-solidaire-so\/#respond"]}]},{"@type":"WebPage","@id":"https:\/\/vosgesinfo.fr\/saintdieinfo\/2026\/03\/municipales-2026-a-saint-die-des-vosges-les-bulletins-de-vote-distribues-dans-les-boites-aux-lettres-de-la-liste-saint-die-demain-verte-dynamique-et-solidaire-so\/","url":"https:\/\/vosgesinfo.fr\/saintdieinfo\/2026\/03\/municipales-2026-a-saint-die-des-vosges-les-bulletins-de-vote-distribues-dans-les-boites-aux-lettres-de-la-liste-saint-die-demain-verte-dynamique-et-solidaire-so\/","name":"Municipales 2026 \u00e0 Saint-Di\u00e9-des-Vosges\u00a0: les bulletins de vote distribu\u00e9s dans les bo\u00eetes aux lettres de la liste \u00ab\u00a0Saint-Di\u00e9 demain\u00a0: verte, dynamique et solidaire\u00a0\u00bb sont invalides - Saint Die Info","isPartOf":{"@id":"https:\/\/vosgesinfo.fr\/saintdieinfo\/#website"},"primaryImageOfPage":{"@id":"https:\/\/vosgesinfo.fr\/saintdieinfo\/2026\/03\/municipales-2026-a-saint-die-des-vosges-les-bulletins-de-vote-distribues-dans-les-boites-aux-lettres-de-la-liste-saint-die-demain-verte-dynamique-et-solidaire-so\/#primaryimage"},"image":{"@id":"https:\/\/vosgesinfo.fr\/saintdieinfo\/2026\/03\/municipales-2026-a-saint-die-des-vosges-les-bulletins-de-vote-distribues-dans-les-boites-aux-lettres-de-la-liste-saint-die-demain-verte-dynamique-et-solidaire-so\/#primaryimage"},"thumbnailUrl":"https:\/\/vosgesinfo.fr\/app\/uploads\/sites\/4\/2026\/03\/election-municipales.jpg","datePublished":"2026-03-13T12:53:28+00:00","dateModified":"2026-03-13T12:46:09+00:00","breadcrumb":{"@id":"https:\/\/vosgesinfo.fr\/saintdieinfo\/2026\/03\/municipales-2026-a-saint-die-des-vosges-les-bulletins-de-vote-distribues-dans-les-boites-aux-lettres-de-la-liste-saint-die-demain-verte-dynamique-et-solidaire-so\/#breadcrumb"},"inLanguage":"fr-FR","potentialAction":[{"@type":"ReadAction","target":["https:\/\/vosgesinfo.fr\/saintdieinfo\/2026\/03\/municipales-2026-a-saint-die-des-vosges-les-bulletins-de-vote-distribues-dans-les-boites-aux-lettres-de-la-liste-saint-die-demain-verte-dynamique-et-solidaire-so\/"]}]},{"@type":"ImageObject","inLanguage":"fr-FR","@id":"https:\/\/vosgesinfo.fr\/saintdieinfo\/2026\/03\/municipales-2026-a-saint-die-des-vosges-les-bulletins-de-vote-distribues-dans-les-boites-aux-lettres-de-la-liste-saint-die-demain-verte-dynamique-et-solidaire-so\/#primaryimage","url":"https:\/\/vosgesinfo.fr\/app\/uploads\/sites\/4\/2026\/03\/election-municipales.jpg","contentUrl":"https:\/\/vosgesinfo.fr\/app\/uploads\/sites\/4\/2026\/03\/election-municipales.jpg","width":1024,"height":1024,"caption":"(Illustration)"},{"@type":"BreadcrumbList","@id":"https:\/\/vosgesinfo.fr\/saintdieinfo\/2026\/03\/municipales-2026-a-saint-die-des-vosges-les-bulletins-de-vote-distribues-dans-les-boites-aux-lettres-de-la-liste-saint-die-demain-verte-dynamique-et-solidaire-so\/#breadcrumb","itemListElement":[{"@type":"ListItem","position":1,"name":"Home","item":"https:\/\/vosgesinfo.fr\/saintdieinfo\/"},{"@type":"ListItem","position":2,"name":"Municipales 2026 \u00e0 Saint-Di\u00e9-des-Vosges\u00a0: les bulletins de vote distribu\u00e9s dans les bo\u00eetes aux lettres de la liste \u00ab\u00a0Saint-Di\u00e9 demain\u00a0: verte, dynamique et solidaire\u00a0\u00bb sont invalides"}]},{"@type":"WebSite","@id":"https:\/\/vosgesinfo.fr\/saintdieinfo\/#website","url":"https:\/\/vosgesinfo.fr\/saintdieinfo\/","name":"Saint Die Info","description":"Toute l&#039;actualit\u00e9 de Saint-Di\u00e9-Des-Vosges","publisher":{"@id":"https:\/\/vosgesinfo.fr\/saintdieinfo\/#organization"},"alternateName":"Toute l'actualit\u00e9 de Saint-Di\u00e9-Des-Vosges","potentialAction":[{"@type":"SearchAction","target":{"@type":"EntryPoint","urlTemplate":"https:\/\/vosgesinfo.fr\/saintdieinfo\/?s={search_term_string}"},"query-input":"required name=search_term_string"}],"inLanguage":"fr-FR"},{"@type":"Organization","@id":"https:\/\/vosgesinfo.fr\/saintdieinfo\/#organization","name":"Saint Die Info","url":"https:\/\/vosgesinfo.fr\/saintdieinfo\/","logo":{"@type":"ImageObject","inLanguage":"fr-FR","@id":"https:\/\/vosgesinfo.fr\/saintdieinfo\/#\/schema\/logo\/image\/","url":"https:\/\/vosgesinfo.fr\/app\/uploads\/sites\/4\/2024\/02\/logo-sdi.jpg","contentUrl":"https:\/\/vosgesinfo.fr\/app\/uploads\/sites\/4\/2024\/02\/logo-sdi.jpg","width":600,"height":600,"caption":"Saint Die Info"},"image":{"@id":"https:\/\/vosgesinfo.fr\/saintdieinfo\/#\/schema\/logo\/image\/"},"sameAs":["https:\/\/www.facebook.com\/Saintdieinfofr","https:\/\/x.com\/VosgesInfo88","https:\/\/www.youtube.com\/@vosgesinfo"]},{"@type":"Person","@id":"https:\/\/vosgesinfo.fr\/saintdieinfo\/#\/schema\/person\/fa73e9f726d67bb88f46d5b7943cb572","name":"J.J.","image":{"@type":"ImageObject","inLanguage":"fr-FR","@id":"https:\/\/vosgesinfo.fr\/saintdieinfo\/#\/schema\/person\/image\/","url":"https:\/\/secure.gravatar.com\/avatar\/219e749e47ffbcca018a360ae4add7d4cdf1cdaaf8bc7676b27efade3fe65615?s=96&d=mm&r=g","contentUrl":"https:\/\/secure.gravatar.com\/avatar\/219e749e47ffbcca018a360ae4add7d4cdf1cdaaf8bc7676b27efade3fe65615?s=96&d=mm&r=g","caption":"J.J."},"url":"https:\/\/vosgesinfo.fr\/saintdieinfo\/author\/j-j\/"}]}},"_links":{"self":[{"href":"https:\/\/vosgesinfo.fr\/saintdieinfo\/wp-json\/wp\/v2\/posts\/88954","targetHints":{"allow":["GET"]}}],"collection":[{"href":"https:\/\/vosgesinfo.fr\/saintdieinfo\/wp-json\/wp\/v2\/posts"}],"about":[{"href":"https:\/\/vosgesinfo.fr\/saintdieinfo\/wp-json\/wp\/v2\/types\/post"}],"author":[{"embeddable":true,"href":"https:\/\/vosgesinfo.fr\/saintdieinfo\/wp-json\/wp\/v2\/users\/46"}],"replies":[{"embeddable":true,"href":"https:\/\/vosgesinfo.fr\/saintdieinfo\/wp-json\/wp\/v2\/comments?post=88954"}],"version-history":[{"count":2,"href":"https:\/\/vosgesinfo.fr\/saintdieinfo\/wp-json\/wp\/v2\/posts\/88954\/revisions"}],"predecessor-version":[{"id":88956,"href":"https:\/\/vosgesinfo.fr\/saintdieinfo\/wp-json\/wp\/v2\/posts\/88954\/revisions\/88956"}],"wp:featuredmedia":[{"embeddable":true,"href":"https:\/\/vosgesinfo.fr\/saintdieinfo\/wp-json\/wp\/v2\/media\/88540"}],"wp:attachment":[{"href":"https:\/\/vosgesinfo.fr\/saintdieinfo\/wp-json\/wp\/v2\/media?parent=88954"}],"wp:term":[{"taxonomy":"category","embeddable":true,"href":"https:\/\/vosgesinfo.fr\/saintdieinfo\/wp-json\/wp\/v2\/categories?post=88954"},{"taxonomy":"post_tag","embeddable":true,"href":"https:\/\/vosgesinfo.fr\/saintdieinfo\/wp-json\/wp\/v2\/tags?post=88954"}],"curies":[{"name":"wp","href":"https:\/\/api.w.org\/{rel}","templated":true}]}}