{"id":88971,"date":"2026-03-14T10:43:03","date_gmt":"2026-03-14T09:43:03","guid":{"rendered":"https:\/\/vosgesinfo.fr\/saintdieinfo\/?p=88971"},"modified":"2026-03-14T10:31:49","modified_gmt":"2026-03-14T09:31:49","slug":"malgre-la-pluie-les-pecheurs-au-rendez-vous-de-louverture-de-la-truite-a-saint-die-des-vosges","status":"publish","type":"post","link":"https:\/\/vosgesinfo.fr\/saintdieinfo\/2026\/03\/malgre-la-pluie-les-pecheurs-au-rendez-vous-de-louverture-de-la-truite-a-saint-die-des-vosges\/","title":{"rendered":"Malgr\u00e9 la pluie, les p\u00eacheurs au rendez-vous de l&rsquo;ouverture de la truite \u00e0 Saint-Di\u00e9-des-Vosges"},"content":{"rendered":"<div id=\"attachment_88974\" style=\"width: 1034px\" class=\"wp-caption alignnone\"><a href=\"https:\/\/vosgesinfo.fr\/app\/uploads\/sites\/4\/2026\/03\/ouverture-peche-truite-sddv-2.jpg\"><img decoding=\"async\" aria-describedby=\"caption-attachment-88974\" class=\"size-large wp-image-88974\" src=\"https:\/\/vosgesinfo.fr\/app\/uploads\/sites\/4\/2026\/03\/ouverture-peche-truite-sddv-2-1024x683.jpg\" alt=\"\" width=\"1024\" height=\"683\" srcset=\"https:\/\/vosgesinfo.fr\/app\/uploads\/sites\/4\/2026\/03\/ouverture-peche-truite-sddv-2-1024x683.jpg 1024w, https:\/\/vosgesinfo.fr\/app\/uploads\/sites\/4\/2026\/03\/ouverture-peche-truite-sddv-2-300x200.jpg 300w, https:\/\/vosgesinfo.fr\/app\/uploads\/sites\/4\/2026\/03\/ouverture-peche-truite-sddv-2-768x512.jpg 768w, https:\/\/vosgesinfo.fr\/app\/uploads\/sites\/4\/2026\/03\/ouverture-peche-truite-sddv-2.jpg 1200w\" sizes=\"(max-width: 1024px) 100vw, 1024px\" \/><\/a><p id=\"caption-attachment-88974\" class=\"wp-caption-text\">(Photographies Marc Fourniquet)<\/p><\/div>\n<h2>Loin du tumulte politique des \u00e9lections municipales, de nombreux p\u00eacheurs ont arpent\u00e9 les <strong>rives de la Meurthe<\/strong> d\u00e8s le <strong>lever du soleil<\/strong> ce samedi matin, jour de l\u2019<strong>ouverture de la p\u00eache<\/strong> en <strong>eaux de premi\u00e8re cat\u00e9gorie<\/strong>. Et donc, par extension, de la <strong>p\u00eache \u00e0 la truite<\/strong>.<\/h2>\n<p><!--more--><\/p>\n<h3 class=\"western\"><strong>Trois approches pour p\u00eacher la truite en rivi\u00e8re<\/strong><\/h3>\n<p>La <strong>p\u00eache \u00e0 la truite en rivi\u00e8re<\/strong> est une pratique appr\u00e9ci\u00e9e, accessible aussi bien aux <strong>p\u00eacheurs exp\u00e9riment\u00e9s<\/strong> qu\u2019aux <strong>d\u00e9butants<\/strong>. Elle se d\u00e9cline surtout selon <strong>trois approches<\/strong>.<\/p>\n<p>La premi\u00e8re est la p\u00eache aux <strong>app\u00e2ts naturels<\/strong>, souvent au toc, avec un ver, une teigne ou un porte-bois, qui permet de suivre le courant au plus pr\u00e8s des postes o\u00f9 le poisson se tient. La deuxi\u00e8me repose sur les <strong>leurres<\/strong>, comme la cuiller ou les petits poissons nageurs, utilis\u00e9s pour prospecter rapidement les veines d\u2019eau, les bordures, les radiers ou les zones plus profondes. La troisi\u00e8me est la <strong>p\u00eache \u00e0 la mouche<\/strong>, s\u00e8che ou nymphe, plus technique, qui demande une <strong>bonne lecture de la rivi\u00e8re<\/strong> et une pr\u00e9sentation soign\u00e9e.<\/p>\n<p>Dans tous les cas, les p\u00eacheurs adaptent leur mat\u00e9riel, leur approche et leur animation \u00e0 la <strong>hauteur d\u2019eau<\/strong>, \u00e0 la <strong>vitesse du courant<\/strong> et au <strong>comportement des truites<\/strong>.<\/p>\n<h3 class=\"western\"><strong>900 kg de truites d\u00e9vers\u00e9s dans les eaux d\u00e9odatiennes et michelloises<\/strong><\/h3>\n<p>En amont de l\u2019ouverture, qui a toujours lieu le <strong>deuxi\u00e8me samedi de mars<\/strong>, l\u2019<strong>Association Agr\u00e9\u00e9e pour la P\u00eache et la Protection du Milieu Aquatique \u2013 AAPPMA \u2013<\/strong> de <strong>Saint-Di\u00e9-des-Vosges et Saint-Michel-sur-Meurthe<\/strong> a alevin\u00e9, le week-end dernier, dans les eaux de la Meurthe, mais \u00e9galement du Taintrou\u00e9, de Robache et de Coinches, ainsi que dans les ruisseaux michellois, un total de <strong>900 kg de truites<\/strong>. Avec respectivement <strong>550 kg de truites arc-en-ciel<\/strong> contre <strong>350 kg de truites fario<\/strong>.<\/p>\n\n\t\t<style type=\"text\/css\">\n\t\t\t#gallery-1 {\n\t\t\t\tmargin: auto;\n\t\t\t}\n\t\t\t#gallery-1 .gallery-item {\n\t\t\t\tfloat: left;\n\t\t\t\tmargin-top: 10px;\n\t\t\t\ttext-align: center;\n\t\t\t\twidth: 50%;\n\t\t\t}\n\t\t\t#gallery-1 img {\n\t\t\t\tborder: 2px solid #cfcfcf;\n\t\t\t}\n\t\t\t#gallery-1 .gallery-caption {\n\t\t\t\tmargin-left: 0;\n\t\t\t}\n\t\t\t\/* see gallery_shortcode() in wp-includes\/media.php *\/\n\t\t<\/style>\n\t\t<div id='gallery-1' class='gallery galleryid-88971 gallery-columns-2 gallery-size-thumbnail'><dl class='gallery-item'>\n\t\t\t<dt class='gallery-icon landscape'>\n\t\t\t\t<a href='https:\/\/vosgesinfo.fr\/app\/uploads\/sites\/4\/2026\/03\/ouverture-peche-truite-sddv-1.jpg'><img decoding=\"async\" width=\"150\" height=\"150\" src=\"https:\/\/vosgesinfo.fr\/app\/uploads\/sites\/4\/2026\/03\/ouverture-peche-truite-sddv-1-150x150.jpg\" class=\"attachment-thumbnail size-thumbnail\" alt=\"\" \/><\/a>\n\t\t\t<\/dt><\/dl><dl class='gallery-item'>\n\t\t\t<dt class='gallery-icon landscape'>\n\t\t\t\t<a href='https:\/\/vosgesinfo.fr\/app\/uploads\/sites\/4\/2026\/03\/ouverture-peche-truite-sddv-3.jpg'><img decoding=\"async\" width=\"150\" height=\"150\" src=\"https:\/\/vosgesinfo.fr\/app\/uploads\/sites\/4\/2026\/03\/ouverture-peche-truite-sddv-3-150x150.jpg\" class=\"attachment-thumbnail size-thumbnail\" alt=\"\" \/><\/a>\n\t\t\t<\/dt><\/dl><br style=\"clear: both\" \/><dl class='gallery-item'>\n\t\t\t<dt class='gallery-icon landscape'>\n\t\t\t\t<a href='https:\/\/vosgesinfo.fr\/app\/uploads\/sites\/4\/2026\/03\/ouverture-peche-truite-sddv-4.jpg'><img decoding=\"async\" width=\"150\" height=\"150\" src=\"https:\/\/vosgesinfo.fr\/app\/uploads\/sites\/4\/2026\/03\/ouverture-peche-truite-sddv-4-150x150.jpg\" class=\"attachment-thumbnail size-thumbnail\" alt=\"\" \/><\/a>\n\t\t\t<\/dt><\/dl><dl class='gallery-item'>\n\t\t\t<dt class='gallery-icon landscape'>\n\t\t\t\t<a href='https:\/\/vosgesinfo.fr\/app\/uploads\/sites\/4\/2026\/03\/ouverture-peche-truite-sddv-5.jpg'><img decoding=\"async\" width=\"150\" height=\"150\" src=\"https:\/\/vosgesinfo.fr\/app\/uploads\/sites\/4\/2026\/03\/ouverture-peche-truite-sddv-5-150x150.jpg\" class=\"attachment-thumbnail size-thumbnail\" alt=\"\" \/><\/a>\n\t\t\t<\/dt><\/dl><br style=\"clear: both\" \/>\n\t\t<\/div>\n\n","protected":false},"excerpt":{"rendered":"<p>Loin du tumulte politique des \u00e9lections municipales, de nombreux p\u00eacheurs ont arpent\u00e9 les rives de la Meurthe d\u00e8s le lever [&hellip;]<\/p>\n","protected":false},"author":46,"featured_media":88974,"comment_status":"open","ping_status":"open","sticky":false,"template":"","format":"standard","meta":{"footnotes":""},"categories":[460,20,167],"tags":[20352,7839,20759,4088,2881,3863,20761,20760],"class_list":["post-88971","post","type-post","status-publish","format-standard","has-post-thumbnail","hentry","category-a-la-une","category-loisirs","category-saint-die-des-vosges","tag-aappma","tag-meurthe","tag-ouverture-peche","tag-peche-a-la-truite","tag-saint-die-des-vosges","tag-saint-michel-sur-meurthe","tag-truites-arc-en-ciel","tag-truites-fario"],"acf":[],"yoast_head":"<!-- This site is optimized with the Yoast SEO plugin v22.5 - https:\/\/yoast.com\/wordpress\/plugins\/seo\/ -->\n<title>Malgr\u00e9 la pluie, les p\u00eacheurs au rendez-vous de l&#039;ouverture de la truite \u00e0 Saint-Di\u00e9-des-Vosges - Saint Die Info<\/title>\n<meta name=\"robots\" content=\"index, follow, max-snippet:-1, max-image-preview:large, max-video-preview:-1\" \/>\n<link rel=\"canonical\" href=\"https:\/\/vosgesinfo.fr\/saintdieinfo\/2026\/03\/malgre-la-pluie-les-pecheurs-au-rendez-vous-de-louverture-de-la-truite-a-saint-die-des-vosges\/\" \/>\n<meta name=\"twitter:card\" content=\"summary_large_image\" \/>\n<meta name=\"twitter:title\" content=\"Malgr\u00e9 la pluie, les p\u00eacheurs au rendez-vous de l&#039;ouverture de la truite \u00e0 Saint-Di\u00e9-des-Vosges - Saint Die Info\" \/>\n<meta name=\"twitter:description\" content=\"Loin du tumulte politique des \u00e9lections municipales, de nombreux p\u00eacheurs ont arpent\u00e9 les rives de la Meurthe d\u00e8s le lever [&hellip;]\" \/>\n<meta name=\"twitter:image\" content=\"https:\/\/vosgesinfo.fr\/app\/uploads\/sites\/4\/2026\/03\/ouverture-peche-truite-sddv-2.jpg\" \/>\n<meta name=\"twitter:creator\" content=\"@VosgesInfo88\" \/>\n<meta name=\"twitter:site\" content=\"@VosgesInfo88\" \/>\n<meta name=\"twitter:label1\" content=\"\u00c9crit par\" \/>\n\t<meta name=\"twitter:data1\" content=\"J.J.\" \/>\n\t<meta name=\"twitter:label2\" content=\"Dur\u00e9e de lecture estim\u00e9e\" \/>\n\t<meta name=\"twitter:data2\" content=\"2 minutes\" \/>\n<script type=\"application\/ld+json\" class=\"yoast-schema-graph\">{\"@context\":\"https:\/\/schema.org\",\"@graph\":[{\"@type\":\"Article\",\"@id\":\"https:\/\/vosgesinfo.fr\/saintdieinfo\/2026\/03\/malgre-la-pluie-les-pecheurs-au-rendez-vous-de-louverture-de-la-truite-a-saint-die-des-vosges\/#article\",\"isPartOf\":{\"@id\":\"https:\/\/vosgesinfo.fr\/saintdieinfo\/2026\/03\/malgre-la-pluie-les-pecheurs-au-rendez-vous-de-louverture-de-la-truite-a-saint-die-des-vosges\/\"},\"author\":{\"name\":\"J.J.\",\"@id\":\"https:\/\/vosgesinfo.fr\/saintdieinfo\/#\/schema\/person\/fa73e9f726d67bb88f46d5b7943cb572\"},\"headline\":\"Malgr\u00e9 la pluie, les p\u00eacheurs au rendez-vous de l&rsquo;ouverture de la truite \u00e0 Saint-Di\u00e9-des-Vosges\",\"datePublished\":\"2026-03-14T09:43:03+00:00\",\"dateModified\":\"2026-03-14T09:31:49+00:00\",\"mainEntityOfPage\":{\"@id\":\"https:\/\/vosgesinfo.fr\/saintdieinfo\/2026\/03\/malgre-la-pluie-les-pecheurs-au-rendez-vous-de-louverture-de-la-truite-a-saint-die-des-vosges\/\"},\"wordCount\":350,\"commentCount\":0,\"publisher\":{\"@id\":\"https:\/\/vosgesinfo.fr\/saintdieinfo\/#organization\"},\"image\":{\"@id\":\"https:\/\/vosgesinfo.fr\/saintdieinfo\/2026\/03\/malgre-la-pluie-les-pecheurs-au-rendez-vous-de-louverture-de-la-truite-a-saint-die-des-vosges\/#primaryimage\"},\"thumbnailUrl\":\"https:\/\/vosgesinfo.fr\/app\/uploads\/sites\/4\/2026\/03\/ouverture-peche-truite-sddv-2.jpg\",\"keywords\":[\"AAPPMA\",\"Meurthe\",\"ouverture p\u00eache\",\"P\u00eache \u00e0 la truite\",\"Saint-Di\u00e9-des-Vosges\",\"Saint-Michel-sur-Meurthe\",\"truites arc-en-ciel\",\"truites fario\"],\"articleSection\":[\"A la Une\",\"Loisirs\",\"Saint-Di\u00e9-des-Vosges\"],\"inLanguage\":\"fr-FR\",\"potentialAction\":[{\"@type\":\"CommentAction\",\"name\":\"Comment\",\"target\":[\"https:\/\/vosgesinfo.fr\/saintdieinfo\/2026\/03\/malgre-la-pluie-les-pecheurs-au-rendez-vous-de-louverture-de-la-truite-a-saint-die-des-vosges\/#respond\"]}]},{\"@type\":\"WebPage\",\"@id\":\"https:\/\/vosgesinfo.fr\/saintdieinfo\/2026\/03\/malgre-la-pluie-les-pecheurs-au-rendez-vous-de-louverture-de-la-truite-a-saint-die-des-vosges\/\",\"url\":\"https:\/\/vosgesinfo.fr\/saintdieinfo\/2026\/03\/malgre-la-pluie-les-pecheurs-au-rendez-vous-de-louverture-de-la-truite-a-saint-die-des-vosges\/\",\"name\":\"Malgr\u00e9 la pluie, les p\u00eacheurs au rendez-vous de l'ouverture de la truite \u00e0 Saint-Di\u00e9-des-Vosges - Saint Die Info\",\"isPartOf\":{\"@id\":\"https:\/\/vosgesinfo.fr\/saintdieinfo\/#website\"},\"primaryImageOfPage\":{\"@id\":\"https:\/\/vosgesinfo.fr\/saintdieinfo\/2026\/03\/malgre-la-pluie-les-pecheurs-au-rendez-vous-de-louverture-de-la-truite-a-saint-die-des-vosges\/#primaryimage\"},\"image\":{\"@id\":\"https:\/\/vosgesinfo.fr\/saintdieinfo\/2026\/03\/malgre-la-pluie-les-pecheurs-au-rendez-vous-de-louverture-de-la-truite-a-saint-die-des-vosges\/#primaryimage\"},\"thumbnailUrl\":\"https:\/\/vosgesinfo.fr\/app\/uploads\/sites\/4\/2026\/03\/ouverture-peche-truite-sddv-2.jpg\",\"datePublished\":\"2026-03-14T09:43:03+00:00\",\"dateModified\":\"2026-03-14T09:31:49+00:00\",\"breadcrumb\":{\"@id\":\"https:\/\/vosgesinfo.fr\/saintdieinfo\/2026\/03\/malgre-la-pluie-les-pecheurs-au-rendez-vous-de-louverture-de-la-truite-a-saint-die-des-vosges\/#breadcrumb\"},\"inLanguage\":\"fr-FR\",\"potentialAction\":[{\"@type\":\"ReadAction\",\"target\":[\"https:\/\/vosgesinfo.fr\/saintdieinfo\/2026\/03\/malgre-la-pluie-les-pecheurs-au-rendez-vous-de-louverture-de-la-truite-a-saint-die-des-vosges\/\"]}]},{\"@type\":\"ImageObject\",\"inLanguage\":\"fr-FR\",\"@id\":\"https:\/\/vosgesinfo.fr\/saintdieinfo\/2026\/03\/malgre-la-pluie-les-pecheurs-au-rendez-vous-de-louverture-de-la-truite-a-saint-die-des-vosges\/#primaryimage\",\"url\":\"https:\/\/vosgesinfo.fr\/app\/uploads\/sites\/4\/2026\/03\/ouverture-peche-truite-sddv-2.jpg\",\"contentUrl\":\"https:\/\/vosgesinfo.fr\/app\/uploads\/sites\/4\/2026\/03\/ouverture-peche-truite-sddv-2.jpg\",\"width\":1200,\"height\":800,\"caption\":\"(Photographies Marc Fourniquet)\"},{\"@type\":\"BreadcrumbList\",\"@id\":\"https:\/\/vosgesinfo.fr\/saintdieinfo\/2026\/03\/malgre-la-pluie-les-pecheurs-au-rendez-vous-de-louverture-de-la-truite-a-saint-die-des-vosges\/#breadcrumb\",\"itemListElement\":[{\"@type\":\"ListItem\",\"position\":1,\"name\":\"Home\",\"item\":\"https:\/\/vosgesinfo.fr\/saintdieinfo\/\"},{\"@type\":\"ListItem\",\"position\":2,\"name\":\"Malgr\u00e9 la pluie, les p\u00eacheurs au rendez-vous de l&rsquo;ouverture de la truite \u00e0 Saint-Di\u00e9-des-Vosges\"}]},{\"@type\":\"WebSite\",\"@id\":\"https:\/\/vosgesinfo.fr\/saintdieinfo\/#website\",\"url\":\"https:\/\/vosgesinfo.fr\/saintdieinfo\/\",\"name\":\"Saint Die Info\",\"description\":\"Toute l&#039;actualit\u00e9 de Saint-Di\u00e9-Des-Vosges\",\"publisher\":{\"@id\":\"https:\/\/vosgesinfo.fr\/saintdieinfo\/#organization\"},\"alternateName\":\"Toute l'actualit\u00e9 de Saint-Di\u00e9-Des-Vosges\",\"potentialAction\":[{\"@type\":\"SearchAction\",\"target\":{\"@type\":\"EntryPoint\",\"urlTemplate\":\"https:\/\/vosgesinfo.fr\/saintdieinfo\/?s={search_term_string}\"},\"query-input\":\"required name=search_term_string\"}],\"inLanguage\":\"fr-FR\"},{\"@type\":\"Organization\",\"@id\":\"https:\/\/vosgesinfo.fr\/saintdieinfo\/#organization\",\"name\":\"Saint Die Info\",\"url\":\"https:\/\/vosgesinfo.fr\/saintdieinfo\/\",\"logo\":{\"@type\":\"ImageObject\",\"inLanguage\":\"fr-FR\",\"@id\":\"https:\/\/vosgesinfo.fr\/saintdieinfo\/#\/schema\/logo\/image\/\",\"url\":\"https:\/\/vosgesinfo.fr\/app\/uploads\/sites\/4\/2024\/02\/logo-sdi.jpg\",\"contentUrl\":\"https:\/\/vosgesinfo.fr\/app\/uploads\/sites\/4\/2024\/02\/logo-sdi.jpg\",\"width\":600,\"height\":600,\"caption\":\"Saint Die Info\"},\"image\":{\"@id\":\"https:\/\/vosgesinfo.fr\/saintdieinfo\/#\/schema\/logo\/image\/\"},\"sameAs\":[\"https:\/\/www.facebook.com\/Saintdieinfofr\",\"https:\/\/x.com\/VosgesInfo88\",\"https:\/\/www.youtube.com\/@vosgesinfo\"]},{\"@type\":\"Person\",\"@id\":\"https:\/\/vosgesinfo.fr\/saintdieinfo\/#\/schema\/person\/fa73e9f726d67bb88f46d5b7943cb572\",\"name\":\"J.J.\",\"image\":{\"@type\":\"ImageObject\",\"inLanguage\":\"fr-FR\",\"@id\":\"https:\/\/vosgesinfo.fr\/saintdieinfo\/#\/schema\/person\/image\/\",\"url\":\"https:\/\/secure.gravatar.com\/avatar\/219e749e47ffbcca018a360ae4add7d4cdf1cdaaf8bc7676b27efade3fe65615?s=96&d=mm&r=g\",\"contentUrl\":\"https:\/\/secure.gravatar.com\/avatar\/219e749e47ffbcca018a360ae4add7d4cdf1cdaaf8bc7676b27efade3fe65615?s=96&d=mm&r=g\",\"caption\":\"J.J.\"},\"url\":\"https:\/\/vosgesinfo.fr\/saintdieinfo\/author\/j-j\/\"}]}<\/script>\n<!-- \/ Yoast SEO plugin. -->","yoast_head_json":{"title":"Malgr\u00e9 la pluie, les p\u00eacheurs au rendez-vous de l'ouverture de la truite \u00e0 Saint-Di\u00e9-des-Vosges - Saint Die Info","robots":{"index":"index","follow":"follow","max-snippet":"max-snippet:-1","max-image-preview":"max-image-preview:large","max-video-preview":"max-video-preview:-1"},"canonical":"https:\/\/vosgesinfo.fr\/saintdieinfo\/2026\/03\/malgre-la-pluie-les-pecheurs-au-rendez-vous-de-louverture-de-la-truite-a-saint-die-des-vosges\/","twitter_card":"summary_large_image","twitter_title":"Malgr\u00e9 la pluie, les p\u00eacheurs au rendez-vous de l'ouverture de la truite \u00e0 Saint-Di\u00e9-des-Vosges - Saint Die Info","twitter_description":"Loin du tumulte politique des \u00e9lections municipales, de nombreux p\u00eacheurs ont arpent\u00e9 les rives de la Meurthe d\u00e8s le lever [&hellip;]","twitter_image":"https:\/\/vosgesinfo.fr\/app\/uploads\/sites\/4\/2026\/03\/ouverture-peche-truite-sddv-2.jpg","twitter_creator":"@VosgesInfo88","twitter_site":"@VosgesInfo88","twitter_misc":{"\u00c9crit par":"J.J.","Dur\u00e9e de lecture estim\u00e9e":"2 minutes"},"schema":{"@context":"https:\/\/schema.org","@graph":[{"@type":"Article","@id":"https:\/\/vosgesinfo.fr\/saintdieinfo\/2026\/03\/malgre-la-pluie-les-pecheurs-au-rendez-vous-de-louverture-de-la-truite-a-saint-die-des-vosges\/#article","isPartOf":{"@id":"https:\/\/vosgesinfo.fr\/saintdieinfo\/2026\/03\/malgre-la-pluie-les-pecheurs-au-rendez-vous-de-louverture-de-la-truite-a-saint-die-des-vosges\/"},"author":{"name":"J.J.","@id":"https:\/\/vosgesinfo.fr\/saintdieinfo\/#\/schema\/person\/fa73e9f726d67bb88f46d5b7943cb572"},"headline":"Malgr\u00e9 la pluie, les p\u00eacheurs au rendez-vous de l&rsquo;ouverture de la truite \u00e0 Saint-Di\u00e9-des-Vosges","datePublished":"2026-03-14T09:43:03+00:00","dateModified":"2026-03-14T09:31:49+00:00","mainEntityOfPage":{"@id":"https:\/\/vosgesinfo.fr\/saintdieinfo\/2026\/03\/malgre-la-pluie-les-pecheurs-au-rendez-vous-de-louverture-de-la-truite-a-saint-die-des-vosges\/"},"wordCount":350,"commentCount":0,"publisher":{"@id":"https:\/\/vosgesinfo.fr\/saintdieinfo\/#organization"},"image":{"@id":"https:\/\/vosgesinfo.fr\/saintdieinfo\/2026\/03\/malgre-la-pluie-les-pecheurs-au-rendez-vous-de-louverture-de-la-truite-a-saint-die-des-vosges\/#primaryimage"},"thumbnailUrl":"https:\/\/vosgesinfo.fr\/app\/uploads\/sites\/4\/2026\/03\/ouverture-peche-truite-sddv-2.jpg","keywords":["AAPPMA","Meurthe","ouverture p\u00eache","P\u00eache \u00e0 la truite","Saint-Di\u00e9-des-Vosges","Saint-Michel-sur-Meurthe","truites arc-en-ciel","truites fario"],"articleSection":["A la Une","Loisirs","Saint-Di\u00e9-des-Vosges"],"inLanguage":"fr-FR","potentialAction":[{"@type":"CommentAction","name":"Comment","target":["https:\/\/vosgesinfo.fr\/saintdieinfo\/2026\/03\/malgre-la-pluie-les-pecheurs-au-rendez-vous-de-louverture-de-la-truite-a-saint-die-des-vosges\/#respond"]}]},{"@type":"WebPage","@id":"https:\/\/vosgesinfo.fr\/saintdieinfo\/2026\/03\/malgre-la-pluie-les-pecheurs-au-rendez-vous-de-louverture-de-la-truite-a-saint-die-des-vosges\/","url":"https:\/\/vosgesinfo.fr\/saintdieinfo\/2026\/03\/malgre-la-pluie-les-pecheurs-au-rendez-vous-de-louverture-de-la-truite-a-saint-die-des-vosges\/","name":"Malgr\u00e9 la pluie, les p\u00eacheurs au rendez-vous de l'ouverture de la truite \u00e0 Saint-Di\u00e9-des-Vosges - Saint Die Info","isPartOf":{"@id":"https:\/\/vosgesinfo.fr\/saintdieinfo\/#website"},"primaryImageOfPage":{"@id":"https:\/\/vosgesinfo.fr\/saintdieinfo\/2026\/03\/malgre-la-pluie-les-pecheurs-au-rendez-vous-de-louverture-de-la-truite-a-saint-die-des-vosges\/#primaryimage"},"image":{"@id":"https:\/\/vosgesinfo.fr\/saintdieinfo\/2026\/03\/malgre-la-pluie-les-pecheurs-au-rendez-vous-de-louverture-de-la-truite-a-saint-die-des-vosges\/#primaryimage"},"thumbnailUrl":"https:\/\/vosgesinfo.fr\/app\/uploads\/sites\/4\/2026\/03\/ouverture-peche-truite-sddv-2.jpg","datePublished":"2026-03-14T09:43:03+00:00","dateModified":"2026-03-14T09:31:49+00:00","breadcrumb":{"@id":"https:\/\/vosgesinfo.fr\/saintdieinfo\/2026\/03\/malgre-la-pluie-les-pecheurs-au-rendez-vous-de-louverture-de-la-truite-a-saint-die-des-vosges\/#breadcrumb"},"inLanguage":"fr-FR","potentialAction":[{"@type":"ReadAction","target":["https:\/\/vosgesinfo.fr\/saintdieinfo\/2026\/03\/malgre-la-pluie-les-pecheurs-au-rendez-vous-de-louverture-de-la-truite-a-saint-die-des-vosges\/"]}]},{"@type":"ImageObject","inLanguage":"fr-FR","@id":"https:\/\/vosgesinfo.fr\/saintdieinfo\/2026\/03\/malgre-la-pluie-les-pecheurs-au-rendez-vous-de-louverture-de-la-truite-a-saint-die-des-vosges\/#primaryimage","url":"https:\/\/vosgesinfo.fr\/app\/uploads\/sites\/4\/2026\/03\/ouverture-peche-truite-sddv-2.jpg","contentUrl":"https:\/\/vosgesinfo.fr\/app\/uploads\/sites\/4\/2026\/03\/ouverture-peche-truite-sddv-2.jpg","width":1200,"height":800,"caption":"(Photographies Marc Fourniquet)"},{"@type":"BreadcrumbList","@id":"https:\/\/vosgesinfo.fr\/saintdieinfo\/2026\/03\/malgre-la-pluie-les-pecheurs-au-rendez-vous-de-louverture-de-la-truite-a-saint-die-des-vosges\/#breadcrumb","itemListElement":[{"@type":"ListItem","position":1,"name":"Home","item":"https:\/\/vosgesinfo.fr\/saintdieinfo\/"},{"@type":"ListItem","position":2,"name":"Malgr\u00e9 la pluie, les p\u00eacheurs au rendez-vous de l&rsquo;ouverture de la truite \u00e0 Saint-Di\u00e9-des-Vosges"}]},{"@type":"WebSite","@id":"https:\/\/vosgesinfo.fr\/saintdieinfo\/#website","url":"https:\/\/vosgesinfo.fr\/saintdieinfo\/","name":"Saint Die Info","description":"Toute l&#039;actualit\u00e9 de Saint-Di\u00e9-Des-Vosges","publisher":{"@id":"https:\/\/vosgesinfo.fr\/saintdieinfo\/#organization"},"alternateName":"Toute l'actualit\u00e9 de Saint-Di\u00e9-Des-Vosges","potentialAction":[{"@type":"SearchAction","target":{"@type":"EntryPoint","urlTemplate":"https:\/\/vosgesinfo.fr\/saintdieinfo\/?s={search_term_string}"},"query-input":"required name=search_term_string"}],"inLanguage":"fr-FR"},{"@type":"Organization","@id":"https:\/\/vosgesinfo.fr\/saintdieinfo\/#organization","name":"Saint Die Info","url":"https:\/\/vosgesinfo.fr\/saintdieinfo\/","logo":{"@type":"ImageObject","inLanguage":"fr-FR","@id":"https:\/\/vosgesinfo.fr\/saintdieinfo\/#\/schema\/logo\/image\/","url":"https:\/\/vosgesinfo.fr\/app\/uploads\/sites\/4\/2024\/02\/logo-sdi.jpg","contentUrl":"https:\/\/vosgesinfo.fr\/app\/uploads\/sites\/4\/2024\/02\/logo-sdi.jpg","width":600,"height":600,"caption":"Saint Die Info"},"image":{"@id":"https:\/\/vosgesinfo.fr\/saintdieinfo\/#\/schema\/logo\/image\/"},"sameAs":["https:\/\/www.facebook.com\/Saintdieinfofr","https:\/\/x.com\/VosgesInfo88","https:\/\/www.youtube.com\/@vosgesinfo"]},{"@type":"Person","@id":"https:\/\/vosgesinfo.fr\/saintdieinfo\/#\/schema\/person\/fa73e9f726d67bb88f46d5b7943cb572","name":"J.J.","image":{"@type":"ImageObject","inLanguage":"fr-FR","@id":"https:\/\/vosgesinfo.fr\/saintdieinfo\/#\/schema\/person\/image\/","url":"https:\/\/secure.gravatar.com\/avatar\/219e749e47ffbcca018a360ae4add7d4cdf1cdaaf8bc7676b27efade3fe65615?s=96&d=mm&r=g","contentUrl":"https:\/\/secure.gravatar.com\/avatar\/219e749e47ffbcca018a360ae4add7d4cdf1cdaaf8bc7676b27efade3fe65615?s=96&d=mm&r=g","caption":"J.J."},"url":"https:\/\/vosgesinfo.fr\/saintdieinfo\/author\/j-j\/"}]}},"_links":{"self":[{"href":"https:\/\/vosgesinfo.fr\/saintdieinfo\/wp-json\/wp\/v2\/posts\/88971","targetHints":{"allow":["GET"]}}],"collection":[{"href":"https:\/\/vosgesinfo.fr\/saintdieinfo\/wp-json\/wp\/v2\/posts"}],"about":[{"href":"https:\/\/vosgesinfo.fr\/saintdieinfo\/wp-json\/wp\/v2\/types\/post"}],"author":[{"embeddable":true,"href":"https:\/\/vosgesinfo.fr\/saintdieinfo\/wp-json\/wp\/v2\/users\/46"}],"replies":[{"embeddable":true,"href":"https:\/\/vosgesinfo.fr\/saintdieinfo\/wp-json\/wp\/v2\/comments?post=88971"}],"version-history":[{"count":3,"href":"https:\/\/vosgesinfo.fr\/saintdieinfo\/wp-json\/wp\/v2\/posts\/88971\/revisions"}],"predecessor-version":[{"id":88979,"href":"https:\/\/vosgesinfo.fr\/saintdieinfo\/wp-json\/wp\/v2\/posts\/88971\/revisions\/88979"}],"wp:featuredmedia":[{"embeddable":true,"href":"https:\/\/vosgesinfo.fr\/saintdieinfo\/wp-json\/wp\/v2\/media\/88974"}],"wp:attachment":[{"href":"https:\/\/vosgesinfo.fr\/saintdieinfo\/wp-json\/wp\/v2\/media?parent=88971"}],"wp:term":[{"taxonomy":"category","embeddable":true,"href":"https:\/\/vosgesinfo.fr\/saintdieinfo\/wp-json\/wp\/v2\/categories?post=88971"},{"taxonomy":"post_tag","embeddable":true,"href":"https:\/\/vosgesinfo.fr\/saintdieinfo\/wp-json\/wp\/v2\/tags?post=88971"}],"curies":[{"name":"wp","href":"https:\/\/api.w.org\/{rel}","templated":true}]}}