{"id":88980,"date":"2026-03-14T10:53:59","date_gmt":"2026-03-14T09:53:59","guid":{"rendered":"https:\/\/vosgesinfo.fr\/saintdieinfo\/?p=88980"},"modified":"2026-03-14T10:38:49","modified_gmt":"2026-03-14T09:38:49","slug":"la-voivre-en-deuil-apres-le-deces-de-son-maire-bernard-ropp","status":"publish","type":"post","link":"https:\/\/vosgesinfo.fr\/saintdieinfo\/2026\/03\/la-voivre-en-deuil-apres-le-deces-de-son-maire-bernard-ropp\/","title":{"rendered":"La Voivre en deuil apr\u00e8s le d\u00e9c\u00e8s de son maire Bernard Ropp"},"content":{"rendered":"<div id=\"attachment_88981\" style=\"width: 1034px\" class=\"wp-caption alignnone\"><a href=\"https:\/\/vosgesinfo.fr\/app\/uploads\/sites\/4\/2026\/03\/la-voivre-deces-bernard-ropp.jpg\"><img decoding=\"async\" aria-describedby=\"caption-attachment-88981\" class=\"size-large wp-image-88981\" src=\"https:\/\/vosgesinfo.fr\/app\/uploads\/sites\/4\/2026\/03\/la-voivre-deces-bernard-ropp-1024x733.jpg\" alt=\"\" width=\"1024\" height=\"733\" srcset=\"https:\/\/vosgesinfo.fr\/app\/uploads\/sites\/4\/2026\/03\/la-voivre-deces-bernard-ropp-1024x733.jpg 1024w, https:\/\/vosgesinfo.fr\/app\/uploads\/sites\/4\/2026\/03\/la-voivre-deces-bernard-ropp-300x215.jpg 300w, https:\/\/vosgesinfo.fr\/app\/uploads\/sites\/4\/2026\/03\/la-voivre-deces-bernard-ropp-768x549.jpg 768w, https:\/\/vosgesinfo.fr\/app\/uploads\/sites\/4\/2026\/03\/la-voivre-deces-bernard-ropp.jpg 1107w\" sizes=\"(max-width: 1024px) 100vw, 1024px\" \/><\/a><p id=\"caption-attachment-88981\" class=\"wp-caption-text\">(Photographie Mairie de La Voivre)<\/p><\/div>\n<h2><strong>La Voivre<\/strong> a perdu son maire, <strong>Bernard Ropp<\/strong>, d\u00e9c\u00e9d\u00e9 ce <strong>jeudi 12 mars<\/strong> \u00e0 l\u2019\u00e2ge de <strong>70 ans<\/strong>. \u00c0 la t\u00eate de la commune <strong>depuis 2014<\/strong>, il occupait une place centrale dans la vie municipale apr\u00e8s un long parcours au service de l\u2019int\u00e9r\u00eat g\u00e9n\u00e9ral.<\/h2>\n<p><!--more--><\/p>\n<h3><strong>Un parcours au service de la commune<\/strong><\/h3>\n<p>Originaire de <strong>Vieux-Moulin<\/strong>, <strong>Bernard Ropp<\/strong> s\u2019\u00e9tait install\u00e9 \u00e0 <strong>La Voivre<\/strong> en 1985. Convaincu que l\u2019action municipale pouvait am\u00e9liorer concr\u00e8tement le quotidien, il s\u2019\u00e9tait investi tr\u00e8s t\u00f4t dans la vie locale. \u00c9lu conseiller municipal en <strong>1995<\/strong>, il \u00e9tait devenu deuxi\u00e8me adjoint en 2008, puis premier adjoint en 2012, avant d\u2019acc\u00e9der \u00e0 la fonction de maire le <strong>13 septembre 2014<\/strong>.<\/p>\n<h3><strong>Un \u00e9lu de terrain<\/strong><\/h3>\n<p>Au fil de ses mandats, <strong>Bernard Ropp<\/strong> s\u2019\u00e9tait impos\u00e9 comme un <strong>\u00e9lu de terrain<\/strong>, attentif aux <strong>habitants<\/strong> et attach\u00e9 au bien-\u00eatre de chacun. L\u2019humain restait au centre de ses choix. Son parcours a aussi \u00e9t\u00e9 marqu\u00e9 par une volont\u00e9 de porter des <strong>projets<\/strong> pour la commune tout en pr\u00e9servant l\u2019esprit du village, sa solidarit\u00e9 et son attachement au <strong>cadre de vie<\/strong>.<\/p>\n<h3><strong>Un long engagement chez les sapeurs-pompiers<\/strong><\/h3>\n<p>Son sens du service d\u00e9passait le cadre de la mairie. <strong>Bernard Ropp<\/strong> a \u00e9galement longtemps \u00e9t\u00e9 engag\u00e9 au sein de la caserne des <strong>sapeurs-pompiers<\/strong> de la commune. Son <strong>courage<\/strong>, son <strong>esprit d\u2019\u00e9quipe<\/strong> et son <strong>d\u00e9vouement<\/strong> y ont aussi laiss\u00e9 leur trace, dans les interventions comme dans la vie de caserne.<\/p>\n<h3><strong>Un homme de conviction, discret et constant<\/strong><\/h3>\n<p>\u00c0 <strong>La Voivre<\/strong>, <strong>Bernard Ropp<\/strong> laisse le souvenir d\u2019un homme de conviction, discret et constant, attach\u00e9 au <strong>dialogue<\/strong> et au <strong>rassemblement<\/strong>. La commune retient aussi un maire soucieux de pr\u00e9parer l\u2019avenir sans renier les traditions locales. \u00ab Le conseil municipal, les agents communaux et l\u2019ensemble des habitants s\u2019associent \u00e0 la douleur de sa famille et de ses proches, et leur adressent leurs <strong>plus sinc\u00e8res condol\u00e9ances<\/strong>. \u00bb Son engagement et sa bienveillance resteront durablement dans la m\u00e9moire communale.<\/p>\n","protected":false},"excerpt":{"rendered":"<p>La Voivre a perdu son maire, Bernard Ropp, d\u00e9c\u00e9d\u00e9 ce jeudi 12 mars \u00e0 l\u2019\u00e2ge de 70 ans. \u00c0 la [&hellip;]<\/p>\n","protected":false},"author":46,"featured_media":88981,"comment_status":"open","ping_status":"open","sticky":false,"template":"","format":"standard","meta":{"footnotes":""},"categories":[460,2949,3903],"tags":[18592,7916,420,6045,20762,1233,9581,43],"class_list":["post-88980","post","type-post","status-publish","format-standard","has-post-thumbnail","hentry","category-a-la-une","category-avis-de-deces-carnet","category-deodatie","tag-bernard-ropp","tag-conseil-municipal","tag-deces","tag-la-voivre","tag-maire-de-la-voivre","tag-sapeurs-pompiers","tag-vieux-moulin","tag-vosges"],"acf":[],"yoast_head":"<!-- This site is optimized with the Yoast SEO plugin v22.5 - https:\/\/yoast.com\/wordpress\/plugins\/seo\/ -->\n<title>La Voivre en deuil apr\u00e8s le d\u00e9c\u00e8s de son maire Bernard Ropp - Saint Die Info<\/title>\n<meta name=\"robots\" content=\"index, follow, max-snippet:-1, max-image-preview:large, max-video-preview:-1\" \/>\n<link rel=\"canonical\" href=\"https:\/\/vosgesinfo.fr\/saintdieinfo\/2026\/03\/la-voivre-en-deuil-apres-le-deces-de-son-maire-bernard-ropp\/\" \/>\n<meta name=\"twitter:card\" content=\"summary_large_image\" \/>\n<meta name=\"twitter:title\" content=\"La Voivre en deuil apr\u00e8s le d\u00e9c\u00e8s de son maire Bernard Ropp - Saint Die Info\" \/>\n<meta name=\"twitter:description\" content=\"La Voivre a perdu son maire, Bernard Ropp, d\u00e9c\u00e9d\u00e9 ce jeudi 12 mars \u00e0 l\u2019\u00e2ge de 70 ans. \u00c0 la [&hellip;]\" \/>\n<meta name=\"twitter:image\" content=\"https:\/\/vosgesinfo.fr\/app\/uploads\/sites\/4\/2026\/03\/la-voivre-deces-bernard-ropp.jpg\" \/>\n<meta name=\"twitter:creator\" content=\"@VosgesInfo88\" \/>\n<meta name=\"twitter:site\" content=\"@VosgesInfo88\" \/>\n<meta name=\"twitter:label1\" content=\"\u00c9crit par\" \/>\n\t<meta name=\"twitter:data1\" content=\"J.J.\" \/>\n\t<meta name=\"twitter:label2\" content=\"Dur\u00e9e de lecture estim\u00e9e\" \/>\n\t<meta name=\"twitter:data2\" content=\"3 minutes\" \/>\n<script type=\"application\/ld+json\" class=\"yoast-schema-graph\">{\"@context\":\"https:\/\/schema.org\",\"@graph\":[{\"@type\":\"Article\",\"@id\":\"https:\/\/vosgesinfo.fr\/saintdieinfo\/2026\/03\/la-voivre-en-deuil-apres-le-deces-de-son-maire-bernard-ropp\/#article\",\"isPartOf\":{\"@id\":\"https:\/\/vosgesinfo.fr\/saintdieinfo\/2026\/03\/la-voivre-en-deuil-apres-le-deces-de-son-maire-bernard-ropp\/\"},\"author\":{\"name\":\"J.J.\",\"@id\":\"https:\/\/vosgesinfo.fr\/saintdieinfo\/#\/schema\/person\/fa73e9f726d67bb88f46d5b7943cb572\"},\"headline\":\"La Voivre en deuil apr\u00e8s le d\u00e9c\u00e8s de son maire Bernard Ropp\",\"datePublished\":\"2026-03-14T09:53:59+00:00\",\"dateModified\":\"2026-03-14T09:38:49+00:00\",\"mainEntityOfPage\":{\"@id\":\"https:\/\/vosgesinfo.fr\/saintdieinfo\/2026\/03\/la-voivre-en-deuil-apres-le-deces-de-son-maire-bernard-ropp\/\"},\"wordCount\":360,\"commentCount\":1,\"publisher\":{\"@id\":\"https:\/\/vosgesinfo.fr\/saintdieinfo\/#organization\"},\"image\":{\"@id\":\"https:\/\/vosgesinfo.fr\/saintdieinfo\/2026\/03\/la-voivre-en-deuil-apres-le-deces-de-son-maire-bernard-ropp\/#primaryimage\"},\"thumbnailUrl\":\"https:\/\/vosgesinfo.fr\/app\/uploads\/sites\/4\/2026\/03\/la-voivre-deces-bernard-ropp.jpg\",\"keywords\":[\"Bernard Ropp\",\"Conseil Municipal\",\"D\u00e9c\u00e8s\",\"La Voivre\",\"maire de La Voivre\",\"sapeurs pompiers\",\"Vieux-Moulin\",\"vosges\"],\"articleSection\":[\"A la Une\",\"Avis de d\u00e9c\u00e8s\",\"D\u00e9odatie\"],\"inLanguage\":\"fr-FR\",\"potentialAction\":[{\"@type\":\"CommentAction\",\"name\":\"Comment\",\"target\":[\"https:\/\/vosgesinfo.fr\/saintdieinfo\/2026\/03\/la-voivre-en-deuil-apres-le-deces-de-son-maire-bernard-ropp\/#respond\"]}]},{\"@type\":\"WebPage\",\"@id\":\"https:\/\/vosgesinfo.fr\/saintdieinfo\/2026\/03\/la-voivre-en-deuil-apres-le-deces-de-son-maire-bernard-ropp\/\",\"url\":\"https:\/\/vosgesinfo.fr\/saintdieinfo\/2026\/03\/la-voivre-en-deuil-apres-le-deces-de-son-maire-bernard-ropp\/\",\"name\":\"La Voivre en deuil apr\u00e8s le d\u00e9c\u00e8s de son maire Bernard Ropp - Saint Die Info\",\"isPartOf\":{\"@id\":\"https:\/\/vosgesinfo.fr\/saintdieinfo\/#website\"},\"primaryImageOfPage\":{\"@id\":\"https:\/\/vosgesinfo.fr\/saintdieinfo\/2026\/03\/la-voivre-en-deuil-apres-le-deces-de-son-maire-bernard-ropp\/#primaryimage\"},\"image\":{\"@id\":\"https:\/\/vosgesinfo.fr\/saintdieinfo\/2026\/03\/la-voivre-en-deuil-apres-le-deces-de-son-maire-bernard-ropp\/#primaryimage\"},\"thumbnailUrl\":\"https:\/\/vosgesinfo.fr\/app\/uploads\/sites\/4\/2026\/03\/la-voivre-deces-bernard-ropp.jpg\",\"datePublished\":\"2026-03-14T09:53:59+00:00\",\"dateModified\":\"2026-03-14T09:38:49+00:00\",\"breadcrumb\":{\"@id\":\"https:\/\/vosgesinfo.fr\/saintdieinfo\/2026\/03\/la-voivre-en-deuil-apres-le-deces-de-son-maire-bernard-ropp\/#breadcrumb\"},\"inLanguage\":\"fr-FR\",\"potentialAction\":[{\"@type\":\"ReadAction\",\"target\":[\"https:\/\/vosgesinfo.fr\/saintdieinfo\/2026\/03\/la-voivre-en-deuil-apres-le-deces-de-son-maire-bernard-ropp\/\"]}]},{\"@type\":\"ImageObject\",\"inLanguage\":\"fr-FR\",\"@id\":\"https:\/\/vosgesinfo.fr\/saintdieinfo\/2026\/03\/la-voivre-en-deuil-apres-le-deces-de-son-maire-bernard-ropp\/#primaryimage\",\"url\":\"https:\/\/vosgesinfo.fr\/app\/uploads\/sites\/4\/2026\/03\/la-voivre-deces-bernard-ropp.jpg\",\"contentUrl\":\"https:\/\/vosgesinfo.fr\/app\/uploads\/sites\/4\/2026\/03\/la-voivre-deces-bernard-ropp.jpg\",\"width\":1107,\"height\":792,\"caption\":\"(Photographie Mairie de La Voivre)\"},{\"@type\":\"BreadcrumbList\",\"@id\":\"https:\/\/vosgesinfo.fr\/saintdieinfo\/2026\/03\/la-voivre-en-deuil-apres-le-deces-de-son-maire-bernard-ropp\/#breadcrumb\",\"itemListElement\":[{\"@type\":\"ListItem\",\"position\":1,\"name\":\"Home\",\"item\":\"https:\/\/vosgesinfo.fr\/saintdieinfo\/\"},{\"@type\":\"ListItem\",\"position\":2,\"name\":\"La Voivre en deuil apr\u00e8s le d\u00e9c\u00e8s de son maire Bernard Ropp\"}]},{\"@type\":\"WebSite\",\"@id\":\"https:\/\/vosgesinfo.fr\/saintdieinfo\/#website\",\"url\":\"https:\/\/vosgesinfo.fr\/saintdieinfo\/\",\"name\":\"Saint Die Info\",\"description\":\"Toute l&#039;actualit\u00e9 de Saint-Di\u00e9-Des-Vosges\",\"publisher\":{\"@id\":\"https:\/\/vosgesinfo.fr\/saintdieinfo\/#organization\"},\"alternateName\":\"Toute l'actualit\u00e9 de Saint-Di\u00e9-Des-Vosges\",\"potentialAction\":[{\"@type\":\"SearchAction\",\"target\":{\"@type\":\"EntryPoint\",\"urlTemplate\":\"https:\/\/vosgesinfo.fr\/saintdieinfo\/?s={search_term_string}\"},\"query-input\":\"required name=search_term_string\"}],\"inLanguage\":\"fr-FR\"},{\"@type\":\"Organization\",\"@id\":\"https:\/\/vosgesinfo.fr\/saintdieinfo\/#organization\",\"name\":\"Saint Die Info\",\"url\":\"https:\/\/vosgesinfo.fr\/saintdieinfo\/\",\"logo\":{\"@type\":\"ImageObject\",\"inLanguage\":\"fr-FR\",\"@id\":\"https:\/\/vosgesinfo.fr\/saintdieinfo\/#\/schema\/logo\/image\/\",\"url\":\"https:\/\/vosgesinfo.fr\/app\/uploads\/sites\/4\/2024\/02\/logo-sdi.jpg\",\"contentUrl\":\"https:\/\/vosgesinfo.fr\/app\/uploads\/sites\/4\/2024\/02\/logo-sdi.jpg\",\"width\":600,\"height\":600,\"caption\":\"Saint Die Info\"},\"image\":{\"@id\":\"https:\/\/vosgesinfo.fr\/saintdieinfo\/#\/schema\/logo\/image\/\"},\"sameAs\":[\"https:\/\/www.facebook.com\/Saintdieinfofr\",\"https:\/\/x.com\/VosgesInfo88\",\"https:\/\/www.youtube.com\/@vosgesinfo\"]},{\"@type\":\"Person\",\"@id\":\"https:\/\/vosgesinfo.fr\/saintdieinfo\/#\/schema\/person\/fa73e9f726d67bb88f46d5b7943cb572\",\"name\":\"J.J.\",\"image\":{\"@type\":\"ImageObject\",\"inLanguage\":\"fr-FR\",\"@id\":\"https:\/\/vosgesinfo.fr\/saintdieinfo\/#\/schema\/person\/image\/\",\"url\":\"https:\/\/secure.gravatar.com\/avatar\/219e749e47ffbcca018a360ae4add7d4cdf1cdaaf8bc7676b27efade3fe65615?s=96&d=mm&r=g\",\"contentUrl\":\"https:\/\/secure.gravatar.com\/avatar\/219e749e47ffbcca018a360ae4add7d4cdf1cdaaf8bc7676b27efade3fe65615?s=96&d=mm&r=g\",\"caption\":\"J.J.\"},\"url\":\"https:\/\/vosgesinfo.fr\/saintdieinfo\/author\/j-j\/\"}]}<\/script>\n<!-- \/ Yoast SEO plugin. -->","yoast_head_json":{"title":"La Voivre en deuil apr\u00e8s le d\u00e9c\u00e8s de son maire Bernard Ropp - Saint Die Info","robots":{"index":"index","follow":"follow","max-snippet":"max-snippet:-1","max-image-preview":"max-image-preview:large","max-video-preview":"max-video-preview:-1"},"canonical":"https:\/\/vosgesinfo.fr\/saintdieinfo\/2026\/03\/la-voivre-en-deuil-apres-le-deces-de-son-maire-bernard-ropp\/","twitter_card":"summary_large_image","twitter_title":"La Voivre en deuil apr\u00e8s le d\u00e9c\u00e8s de son maire Bernard Ropp - Saint Die Info","twitter_description":"La Voivre a perdu son maire, Bernard Ropp, d\u00e9c\u00e9d\u00e9 ce jeudi 12 mars \u00e0 l\u2019\u00e2ge de 70 ans. \u00c0 la [&hellip;]","twitter_image":"https:\/\/vosgesinfo.fr\/app\/uploads\/sites\/4\/2026\/03\/la-voivre-deces-bernard-ropp.jpg","twitter_creator":"@VosgesInfo88","twitter_site":"@VosgesInfo88","twitter_misc":{"\u00c9crit par":"J.J.","Dur\u00e9e de lecture estim\u00e9e":"3 minutes"},"schema":{"@context":"https:\/\/schema.org","@graph":[{"@type":"Article","@id":"https:\/\/vosgesinfo.fr\/saintdieinfo\/2026\/03\/la-voivre-en-deuil-apres-le-deces-de-son-maire-bernard-ropp\/#article","isPartOf":{"@id":"https:\/\/vosgesinfo.fr\/saintdieinfo\/2026\/03\/la-voivre-en-deuil-apres-le-deces-de-son-maire-bernard-ropp\/"},"author":{"name":"J.J.","@id":"https:\/\/vosgesinfo.fr\/saintdieinfo\/#\/schema\/person\/fa73e9f726d67bb88f46d5b7943cb572"},"headline":"La Voivre en deuil apr\u00e8s le d\u00e9c\u00e8s de son maire Bernard Ropp","datePublished":"2026-03-14T09:53:59+00:00","dateModified":"2026-03-14T09:38:49+00:00","mainEntityOfPage":{"@id":"https:\/\/vosgesinfo.fr\/saintdieinfo\/2026\/03\/la-voivre-en-deuil-apres-le-deces-de-son-maire-bernard-ropp\/"},"wordCount":360,"commentCount":1,"publisher":{"@id":"https:\/\/vosgesinfo.fr\/saintdieinfo\/#organization"},"image":{"@id":"https:\/\/vosgesinfo.fr\/saintdieinfo\/2026\/03\/la-voivre-en-deuil-apres-le-deces-de-son-maire-bernard-ropp\/#primaryimage"},"thumbnailUrl":"https:\/\/vosgesinfo.fr\/app\/uploads\/sites\/4\/2026\/03\/la-voivre-deces-bernard-ropp.jpg","keywords":["Bernard Ropp","Conseil Municipal","D\u00e9c\u00e8s","La Voivre","maire de La Voivre","sapeurs pompiers","Vieux-Moulin","vosges"],"articleSection":["A la Une","Avis de d\u00e9c\u00e8s","D\u00e9odatie"],"inLanguage":"fr-FR","potentialAction":[{"@type":"CommentAction","name":"Comment","target":["https:\/\/vosgesinfo.fr\/saintdieinfo\/2026\/03\/la-voivre-en-deuil-apres-le-deces-de-son-maire-bernard-ropp\/#respond"]}]},{"@type":"WebPage","@id":"https:\/\/vosgesinfo.fr\/saintdieinfo\/2026\/03\/la-voivre-en-deuil-apres-le-deces-de-son-maire-bernard-ropp\/","url":"https:\/\/vosgesinfo.fr\/saintdieinfo\/2026\/03\/la-voivre-en-deuil-apres-le-deces-de-son-maire-bernard-ropp\/","name":"La Voivre en deuil apr\u00e8s le d\u00e9c\u00e8s de son maire Bernard Ropp - Saint Die Info","isPartOf":{"@id":"https:\/\/vosgesinfo.fr\/saintdieinfo\/#website"},"primaryImageOfPage":{"@id":"https:\/\/vosgesinfo.fr\/saintdieinfo\/2026\/03\/la-voivre-en-deuil-apres-le-deces-de-son-maire-bernard-ropp\/#primaryimage"},"image":{"@id":"https:\/\/vosgesinfo.fr\/saintdieinfo\/2026\/03\/la-voivre-en-deuil-apres-le-deces-de-son-maire-bernard-ropp\/#primaryimage"},"thumbnailUrl":"https:\/\/vosgesinfo.fr\/app\/uploads\/sites\/4\/2026\/03\/la-voivre-deces-bernard-ropp.jpg","datePublished":"2026-03-14T09:53:59+00:00","dateModified":"2026-03-14T09:38:49+00:00","breadcrumb":{"@id":"https:\/\/vosgesinfo.fr\/saintdieinfo\/2026\/03\/la-voivre-en-deuil-apres-le-deces-de-son-maire-bernard-ropp\/#breadcrumb"},"inLanguage":"fr-FR","potentialAction":[{"@type":"ReadAction","target":["https:\/\/vosgesinfo.fr\/saintdieinfo\/2026\/03\/la-voivre-en-deuil-apres-le-deces-de-son-maire-bernard-ropp\/"]}]},{"@type":"ImageObject","inLanguage":"fr-FR","@id":"https:\/\/vosgesinfo.fr\/saintdieinfo\/2026\/03\/la-voivre-en-deuil-apres-le-deces-de-son-maire-bernard-ropp\/#primaryimage","url":"https:\/\/vosgesinfo.fr\/app\/uploads\/sites\/4\/2026\/03\/la-voivre-deces-bernard-ropp.jpg","contentUrl":"https:\/\/vosgesinfo.fr\/app\/uploads\/sites\/4\/2026\/03\/la-voivre-deces-bernard-ropp.jpg","width":1107,"height":792,"caption":"(Photographie Mairie de La Voivre)"},{"@type":"BreadcrumbList","@id":"https:\/\/vosgesinfo.fr\/saintdieinfo\/2026\/03\/la-voivre-en-deuil-apres-le-deces-de-son-maire-bernard-ropp\/#breadcrumb","itemListElement":[{"@type":"ListItem","position":1,"name":"Home","item":"https:\/\/vosgesinfo.fr\/saintdieinfo\/"},{"@type":"ListItem","position":2,"name":"La Voivre en deuil apr\u00e8s le d\u00e9c\u00e8s de son maire Bernard Ropp"}]},{"@type":"WebSite","@id":"https:\/\/vosgesinfo.fr\/saintdieinfo\/#website","url":"https:\/\/vosgesinfo.fr\/saintdieinfo\/","name":"Saint Die Info","description":"Toute l&#039;actualit\u00e9 de Saint-Di\u00e9-Des-Vosges","publisher":{"@id":"https:\/\/vosgesinfo.fr\/saintdieinfo\/#organization"},"alternateName":"Toute l'actualit\u00e9 de Saint-Di\u00e9-Des-Vosges","potentialAction":[{"@type":"SearchAction","target":{"@type":"EntryPoint","urlTemplate":"https:\/\/vosgesinfo.fr\/saintdieinfo\/?s={search_term_string}"},"query-input":"required name=search_term_string"}],"inLanguage":"fr-FR"},{"@type":"Organization","@id":"https:\/\/vosgesinfo.fr\/saintdieinfo\/#organization","name":"Saint Die Info","url":"https:\/\/vosgesinfo.fr\/saintdieinfo\/","logo":{"@type":"ImageObject","inLanguage":"fr-FR","@id":"https:\/\/vosgesinfo.fr\/saintdieinfo\/#\/schema\/logo\/image\/","url":"https:\/\/vosgesinfo.fr\/app\/uploads\/sites\/4\/2024\/02\/logo-sdi.jpg","contentUrl":"https:\/\/vosgesinfo.fr\/app\/uploads\/sites\/4\/2024\/02\/logo-sdi.jpg","width":600,"height":600,"caption":"Saint Die Info"},"image":{"@id":"https:\/\/vosgesinfo.fr\/saintdieinfo\/#\/schema\/logo\/image\/"},"sameAs":["https:\/\/www.facebook.com\/Saintdieinfofr","https:\/\/x.com\/VosgesInfo88","https:\/\/www.youtube.com\/@vosgesinfo"]},{"@type":"Person","@id":"https:\/\/vosgesinfo.fr\/saintdieinfo\/#\/schema\/person\/fa73e9f726d67bb88f46d5b7943cb572","name":"J.J.","image":{"@type":"ImageObject","inLanguage":"fr-FR","@id":"https:\/\/vosgesinfo.fr\/saintdieinfo\/#\/schema\/person\/image\/","url":"https:\/\/secure.gravatar.com\/avatar\/219e749e47ffbcca018a360ae4add7d4cdf1cdaaf8bc7676b27efade3fe65615?s=96&d=mm&r=g","contentUrl":"https:\/\/secure.gravatar.com\/avatar\/219e749e47ffbcca018a360ae4add7d4cdf1cdaaf8bc7676b27efade3fe65615?s=96&d=mm&r=g","caption":"J.J."},"url":"https:\/\/vosgesinfo.fr\/saintdieinfo\/author\/j-j\/"}]}},"_links":{"self":[{"href":"https:\/\/vosgesinfo.fr\/saintdieinfo\/wp-json\/wp\/v2\/posts\/88980","targetHints":{"allow":["GET"]}}],"collection":[{"href":"https:\/\/vosgesinfo.fr\/saintdieinfo\/wp-json\/wp\/v2\/posts"}],"about":[{"href":"https:\/\/vosgesinfo.fr\/saintdieinfo\/wp-json\/wp\/v2\/types\/post"}],"author":[{"embeddable":true,"href":"https:\/\/vosgesinfo.fr\/saintdieinfo\/wp-json\/wp\/v2\/users\/46"}],"replies":[{"embeddable":true,"href":"https:\/\/vosgesinfo.fr\/saintdieinfo\/wp-json\/wp\/v2\/comments?post=88980"}],"version-history":[{"count":1,"href":"https:\/\/vosgesinfo.fr\/saintdieinfo\/wp-json\/wp\/v2\/posts\/88980\/revisions"}],"predecessor-version":[{"id":88982,"href":"https:\/\/vosgesinfo.fr\/saintdieinfo\/wp-json\/wp\/v2\/posts\/88980\/revisions\/88982"}],"wp:featuredmedia":[{"embeddable":true,"href":"https:\/\/vosgesinfo.fr\/saintdieinfo\/wp-json\/wp\/v2\/media\/88981"}],"wp:attachment":[{"href":"https:\/\/vosgesinfo.fr\/saintdieinfo\/wp-json\/wp\/v2\/media?parent=88980"}],"wp:term":[{"taxonomy":"category","embeddable":true,"href":"https:\/\/vosgesinfo.fr\/saintdieinfo\/wp-json\/wp\/v2\/categories?post=88980"},{"taxonomy":"post_tag","embeddable":true,"href":"https:\/\/vosgesinfo.fr\/saintdieinfo\/wp-json\/wp\/v2\/tags?post=88980"}],"curies":[{"name":"wp","href":"https:\/\/api.w.org\/{rel}","templated":true}]}}