{"id":88993,"date":"2026-03-15T20:53:26","date_gmt":"2026-03-15T19:53:26","guid":{"rendered":"https:\/\/vosgesinfo.fr\/saintdieinfo\/?p=88993"},"modified":"2026-03-15T22:44:02","modified_gmt":"2026-03-15T21:44:02","slug":"municipales-2026-le-maire-sortant-bruno-toussaint-en-tete-au-premier-tour-a-saint-die-des-vosges","status":"publish","type":"post","link":"https:\/\/vosgesinfo.fr\/saintdieinfo\/2026\/03\/municipales-2026-le-maire-sortant-bruno-toussaint-en-tete-au-premier-tour-a-saint-die-des-vosges\/","title":{"rendered":"Municipales 2026\u00a0: le maire sortant Bruno Toussaint en t\u00eate au premier tour \u00e0 Saint-Di\u00e9-des-Vosges"},"content":{"rendered":"<div id=\"attachment_88995\" style=\"width: 1034px\" class=\"wp-caption alignnone\"><a href=\"https:\/\/vosgesinfo.fr\/app\/uploads\/sites\/4\/2026\/03\/bruno-toussaint.jpg\"><img decoding=\"async\" aria-describedby=\"caption-attachment-88995\" class=\"size-large wp-image-88995\" src=\"https:\/\/vosgesinfo.fr\/app\/uploads\/sites\/4\/2026\/03\/bruno-toussaint-1024x729.jpg\" alt=\"\" width=\"1024\" height=\"729\" srcset=\"https:\/\/vosgesinfo.fr\/app\/uploads\/sites\/4\/2026\/03\/bruno-toussaint-1024x729.jpg 1024w, https:\/\/vosgesinfo.fr\/app\/uploads\/sites\/4\/2026\/03\/bruno-toussaint-300x214.jpg 300w, https:\/\/vosgesinfo.fr\/app\/uploads\/sites\/4\/2026\/03\/bruno-toussaint-768x547.jpg 768w, https:\/\/vosgesinfo.fr\/app\/uploads\/sites\/4\/2026\/03\/bruno-toussaint.jpg 1516w\" sizes=\"(max-width: 1024px) 100vw, 1024px\" \/><\/a><p id=\"caption-attachment-88995\" class=\"wp-caption-text\">(Photographie \u00ab\u00a0Saint-Di\u00e9-des-Vosges Une ville qui bouge avec Bruno Toussaint\u00a0\u00bb)<\/p><\/div>\n<h2>Le <strong>premier tour des \u00e9lections municipales 2026<\/strong> s&rsquo;est tenu ce dimanche <strong>15 mars<\/strong>. \u00c0 <strong>Saint-Di\u00e9-des-Vosges<\/strong>, <strong>4 candidats<\/strong> \u00e9taient en lice pour briguer le <strong>mandat de maire<\/strong> pour les 6 prochaines ann\u00e9es. Avec, respectivement et par ordre alphab\u00e9tique, <strong>Geoffrey Mourey<\/strong> pour le Rassemblement National, le maire sortant <strong>Bruno Toussaint<\/strong>, <strong>Michel Valentin<\/strong> et <strong>Jan Verdonk<\/strong>.<\/h2>\n<p><!--more--><\/p>\n<h3><strong>Premiers r\u00e9sultats d\u00e8s 19 h 15<\/strong><\/h3>\n<p>Les <strong>14 bureaux de vote d\u00e9odatiens<\/strong> ont ferm\u00e9 \u00e0 18 h tapantes, pour une annonce des premiers r\u00e9sultats <strong>sur les coups de 19 h 15.<\/strong><\/p>\n<h3><strong>Le maire sortant Bruno Toussaint en t\u00eate<\/strong><\/h3>\n<p>Le d\u00e9pouillement d\u00e9sormais termin\u00e9 et l&rsquo;<strong>int\u00e9gralit\u00e9 des r\u00e9sultats<\/strong> d\u00e9sormais connue, c&rsquo;est le <strong>maire sortant Bruno Toussaint<\/strong> et sa liste \u00ab <strong>Saint-Di\u00e9-des-Vosges, une ville qui bouge avec Bruno Toussaint<\/strong> \u00bb qui arrivent en t\u00eate de ce premier tour, en r\u00e9coltant <strong>3 402 voix<\/strong>, soit <strong>45,55 %<\/strong> des votes exprim\u00e9s.<\/p>\n<p><strong>Jan Verdonk<\/strong> et sa liste \u00ab <strong>Saint-Di\u00e9 en grand avec Jan Verdonk<\/strong> \u00bb arrivent en <strong>deuxi\u00e8me position<\/strong>, avec <strong>2 461 voix<\/strong> \u00e9quivalentes \u00e0 <strong>32,95 %<\/strong> des votes exprim\u00e9s.<\/p>\n<p><strong>Geoffrey Mourey (RN)<\/strong> et sa liste \u00ab <strong>Rassemblement pour Saint-Di\u00e9<\/strong> \u00bb sont troisi\u00e8mes, avec <strong>925 voix<\/strong>, soit <strong>12,38 %<\/strong> des votes exprim\u00e9s.<\/p>\n<p><strong>Michel Valentin<\/strong> et sa liste \u00ab <strong>Saint-Di\u00e9 demain : verte, dynamique et solidaire<\/strong> \u00bb, men\u00e9e en bin\u00f4me avec <strong>Odile Cassard<\/strong>, ferment la marche avec <strong>681 voix<\/strong> \u00e9quivalentes \u00e0 <strong>9,12 %<\/strong> des votes exprim\u00e9s.<\/p>\n<h3><strong>Une participation d\u00e9odatienne de 56,62 %<\/strong><\/h3>\n<p>Avec <strong>7 650 voix exprim\u00e9es<\/strong> au total, le <strong>taux de participation<\/strong> s&rsquo;\u00e9l\u00e8ve \u00e0 <strong>56,62 %<\/strong> \u00e0 <strong>Saint-Di\u00e9-des-Vosges<\/strong>.<\/p>\n<h3><strong>Rendez-vous le 22 mars pour le second tour<\/strong><\/h3>\n<p>Rendez-vous le dimanche <strong>22 mars<\/strong> prochain, pour le <strong>deuxi\u00e8me scrutin<\/strong> et la conclusion des \u00e9lections municipales 2026 \u00e0 Saint-Di\u00e9-des-Vosges, qui verront s&rsquo;affronter, par ordre de r\u00e9sultats ce soir, <strong>Bruno Toussaint, Jan Verdonk<\/strong> et <strong>Geoffrey Mourey<\/strong>.<\/p>\n<h3><strong>Les r\u00e9sultats complets sur le site de la Ville<\/strong><\/h3>\n<p>En attendant, <strong>l&rsquo;int\u00e9gralit\u00e9 et le d\u00e9tail des r\u00e9sultats du premier tour<\/strong> sont consultables sur le site de la Ville, <a href=\"https:\/\/apps.saint-die-des-vosges.fr\/elections\/elections\/33\" target=\"_blank\" rel=\"noopener\">en cliquant ici.<\/a><\/p>\n\n\t\t<style type=\"text\/css\">\n\t\t\t#gallery-1 {\n\t\t\t\tmargin: auto;\n\t\t\t}\n\t\t\t#gallery-1 .gallery-item {\n\t\t\t\tfloat: left;\n\t\t\t\tmargin-top: 10px;\n\t\t\t\ttext-align: center;\n\t\t\t\twidth: 50%;\n\t\t\t}\n\t\t\t#gallery-1 img {\n\t\t\t\tborder: 2px solid #cfcfcf;\n\t\t\t}\n\t\t\t#gallery-1 .gallery-caption {\n\t\t\t\tmargin-left: 0;\n\t\t\t}\n\t\t\t\/* see gallery_shortcode() in wp-includes\/media.php *\/\n\t\t<\/style>\n\t\t<div id='gallery-1' class='gallery galleryid-88993 gallery-columns-2 gallery-size-thumbnail'><dl class='gallery-item'>\n\t\t\t<dt class='gallery-icon landscape'>\n\t\t\t\t<a href='https:\/\/vosgesinfo.fr\/app\/uploads\/sites\/4\/2026\/03\/municipales-2026-resultats-premier-tour-sddv-1.jpg'><img decoding=\"async\" width=\"150\" height=\"150\" src=\"https:\/\/vosgesinfo.fr\/app\/uploads\/sites\/4\/2026\/03\/municipales-2026-resultats-premier-tour-sddv-1-150x150.jpg\" class=\"attachment-thumbnail size-thumbnail\" alt=\"\" aria-describedby=\"gallery-1-89031\" \/><\/a>\n\t\t\t<\/dt>\n\t\t\t\t<dd class='wp-caption-text gallery-caption' id='gallery-1-89031'>\n\t\t\t\t(Photographie Marc Fourniquet)\n\t\t\t\t<\/dd><\/dl><dl class='gallery-item'>\n\t\t\t<dt class='gallery-icon landscape'>\n\t\t\t\t<a href='https:\/\/vosgesinfo.fr\/app\/uploads\/sites\/4\/2026\/03\/municipales-2026-resultats-premier-tour-sddv-3.jpg'><img decoding=\"async\" width=\"150\" height=\"150\" src=\"https:\/\/vosgesinfo.fr\/app\/uploads\/sites\/4\/2026\/03\/municipales-2026-resultats-premier-tour-sddv-3-150x150.jpg\" class=\"attachment-thumbnail size-thumbnail\" alt=\"\" aria-describedby=\"gallery-1-89033\" \/><\/a>\n\t\t\t<\/dt>\n\t\t\t\t<dd class='wp-caption-text gallery-caption' id='gallery-1-89033'>\n\t\t\t\t(Photographie Marc Fourniquet)\n\t\t\t\t<\/dd><\/dl><br style=\"clear: both\" \/><dl class='gallery-item'>\n\t\t\t<dt class='gallery-icon landscape'>\n\t\t\t\t<a href='https:\/\/vosgesinfo.fr\/app\/uploads\/sites\/4\/2026\/03\/municipales-2026-resultats-premier-tour-sddv-4.jpg'><img decoding=\"async\" width=\"150\" height=\"150\" src=\"https:\/\/vosgesinfo.fr\/app\/uploads\/sites\/4\/2026\/03\/municipales-2026-resultats-premier-tour-sddv-4-150x150.jpg\" class=\"attachment-thumbnail size-thumbnail\" alt=\"\" aria-describedby=\"gallery-1-89034\" \/><\/a>\n\t\t\t<\/dt>\n\t\t\t\t<dd class='wp-caption-text gallery-caption' id='gallery-1-89034'>\n\t\t\t\t(Photographie Marc Fourniquet)\n\t\t\t\t<\/dd><\/dl><dl class='gallery-item'>\n\t\t\t<dt class='gallery-icon landscape'>\n\t\t\t\t<a href='https:\/\/vosgesinfo.fr\/app\/uploads\/sites\/4\/2026\/03\/municipales-2026-resultats-premier-tour-sddv-2.jpg'><img decoding=\"async\" width=\"150\" height=\"150\" src=\"https:\/\/vosgesinfo.fr\/app\/uploads\/sites\/4\/2026\/03\/municipales-2026-resultats-premier-tour-sddv-2-150x150.jpg\" class=\"attachment-thumbnail size-thumbnail\" alt=\"\" aria-describedby=\"gallery-1-89032\" \/><\/a>\n\t\t\t<\/dt>\n\t\t\t\t<dd class='wp-caption-text gallery-caption' id='gallery-1-89032'>\n\t\t\t\t(Photographie Marc Fourniquet)\n\t\t\t\t<\/dd><\/dl><br style=\"clear: both\" \/>\n\t\t<\/div>\n\n","protected":false},"excerpt":{"rendered":"<p>Le premier tour des \u00e9lections municipales 2026 s&rsquo;est tenu ce dimanche 15 mars. \u00c0 Saint-Di\u00e9-des-Vosges, 4 candidats \u00e9taient en lice [&hellip;]<\/p>\n","protected":false},"author":46,"featured_media":88995,"comment_status":"open","ping_status":"open","sticky":false,"template":"","format":"standard","meta":{"footnotes":""},"categories":[460,10,167],"tags":[3415,19604,5375,19244,19503,2473,20534,50,2881],"class_list":["post-88993","post","type-post","status-publish","format-standard","has-post-thumbnail","hentry","category-a-la-une","category-politique","category-saint-die-des-vosges","tag-bruno-toussaint","tag-elections-municipales","tag-geoffrey-mourey","tag-jan-verdonk","tag-michel-valentin","tag-participation","tag-premier-tour","tag-resultats","tag-saint-die-des-vosges"],"acf":[],"yoast_head":"<!-- This site is optimized with the Yoast SEO plugin v22.5 - https:\/\/yoast.com\/wordpress\/plugins\/seo\/ -->\n<title>Municipales 2026\u00a0: le maire sortant Bruno Toussaint en t\u00eate au premier tour \u00e0 Saint-Di\u00e9-des-Vosges - Saint Die Info<\/title>\n<meta name=\"robots\" content=\"index, follow, max-snippet:-1, max-image-preview:large, max-video-preview:-1\" \/>\n<link rel=\"canonical\" href=\"https:\/\/vosgesinfo.fr\/saintdieinfo\/2026\/03\/municipales-2026-le-maire-sortant-bruno-toussaint-en-tete-au-premier-tour-a-saint-die-des-vosges\/\" \/>\n<meta name=\"twitter:card\" content=\"summary_large_image\" \/>\n<meta name=\"twitter:title\" content=\"Municipales 2026\u00a0: le maire sortant Bruno Toussaint en t\u00eate au premier tour \u00e0 Saint-Di\u00e9-des-Vosges - Saint Die Info\" \/>\n<meta name=\"twitter:description\" content=\"Le premier tour des \u00e9lections municipales 2026 s&rsquo;est tenu ce dimanche 15 mars. \u00c0 Saint-Di\u00e9-des-Vosges, 4 candidats \u00e9taient en lice [&hellip;]\" \/>\n<meta name=\"twitter:image\" content=\"https:\/\/vosgesinfo.fr\/app\/uploads\/sites\/4\/2026\/03\/bruno-toussaint.jpg\" \/>\n<meta name=\"twitter:creator\" content=\"@VosgesInfo88\" \/>\n<meta name=\"twitter:site\" content=\"@VosgesInfo88\" \/>\n<meta name=\"twitter:label1\" content=\"\u00c9crit par\" \/>\n\t<meta name=\"twitter:data1\" content=\"J.J.\" \/>\n\t<meta name=\"twitter:label2\" content=\"Dur\u00e9e de lecture estim\u00e9e\" \/>\n\t<meta name=\"twitter:data2\" content=\"3 minutes\" \/>\n<script type=\"application\/ld+json\" class=\"yoast-schema-graph\">{\"@context\":\"https:\/\/schema.org\",\"@graph\":[{\"@type\":\"Article\",\"@id\":\"https:\/\/vosgesinfo.fr\/saintdieinfo\/2026\/03\/municipales-2026-le-maire-sortant-bruno-toussaint-en-tete-au-premier-tour-a-saint-die-des-vosges\/#article\",\"isPartOf\":{\"@id\":\"https:\/\/vosgesinfo.fr\/saintdieinfo\/2026\/03\/municipales-2026-le-maire-sortant-bruno-toussaint-en-tete-au-premier-tour-a-saint-die-des-vosges\/\"},\"author\":{\"name\":\"J.J.\",\"@id\":\"https:\/\/vosgesinfo.fr\/saintdieinfo\/#\/schema\/person\/fa73e9f726d67bb88f46d5b7943cb572\"},\"headline\":\"Municipales 2026\u00a0: le maire sortant Bruno Toussaint en t\u00eate au premier tour \u00e0 Saint-Di\u00e9-des-Vosges\",\"datePublished\":\"2026-03-15T19:53:26+00:00\",\"dateModified\":\"2026-03-15T21:44:02+00:00\",\"mainEntityOfPage\":{\"@id\":\"https:\/\/vosgesinfo.fr\/saintdieinfo\/2026\/03\/municipales-2026-le-maire-sortant-bruno-toussaint-en-tete-au-premier-tour-a-saint-die-des-vosges\/\"},\"wordCount\":347,\"commentCount\":1,\"publisher\":{\"@id\":\"https:\/\/vosgesinfo.fr\/saintdieinfo\/#organization\"},\"image\":{\"@id\":\"https:\/\/vosgesinfo.fr\/saintdieinfo\/2026\/03\/municipales-2026-le-maire-sortant-bruno-toussaint-en-tete-au-premier-tour-a-saint-die-des-vosges\/#primaryimage\"},\"thumbnailUrl\":\"https:\/\/vosgesinfo.fr\/app\/uploads\/sites\/4\/2026\/03\/bruno-toussaint.jpg\",\"keywords\":[\"Bruno Toussaint\",\"\u00e9lections municipales\",\"Geoffrey Mourey\",\"Jan Verdonk\",\"Michel Valentin\",\"participation\",\"premier tour\",\"r\u00e9sultats\",\"Saint-Di\u00e9-des-Vosges\"],\"articleSection\":[\"A la Une\",\"Politique\",\"Saint-Di\u00e9-des-Vosges\"],\"inLanguage\":\"fr-FR\",\"potentialAction\":[{\"@type\":\"CommentAction\",\"name\":\"Comment\",\"target\":[\"https:\/\/vosgesinfo.fr\/saintdieinfo\/2026\/03\/municipales-2026-le-maire-sortant-bruno-toussaint-en-tete-au-premier-tour-a-saint-die-des-vosges\/#respond\"]}]},{\"@type\":\"WebPage\",\"@id\":\"https:\/\/vosgesinfo.fr\/saintdieinfo\/2026\/03\/municipales-2026-le-maire-sortant-bruno-toussaint-en-tete-au-premier-tour-a-saint-die-des-vosges\/\",\"url\":\"https:\/\/vosgesinfo.fr\/saintdieinfo\/2026\/03\/municipales-2026-le-maire-sortant-bruno-toussaint-en-tete-au-premier-tour-a-saint-die-des-vosges\/\",\"name\":\"Municipales 2026\u00a0: le maire sortant Bruno Toussaint en t\u00eate au premier tour \u00e0 Saint-Di\u00e9-des-Vosges - Saint Die Info\",\"isPartOf\":{\"@id\":\"https:\/\/vosgesinfo.fr\/saintdieinfo\/#website\"},\"primaryImageOfPage\":{\"@id\":\"https:\/\/vosgesinfo.fr\/saintdieinfo\/2026\/03\/municipales-2026-le-maire-sortant-bruno-toussaint-en-tete-au-premier-tour-a-saint-die-des-vosges\/#primaryimage\"},\"image\":{\"@id\":\"https:\/\/vosgesinfo.fr\/saintdieinfo\/2026\/03\/municipales-2026-le-maire-sortant-bruno-toussaint-en-tete-au-premier-tour-a-saint-die-des-vosges\/#primaryimage\"},\"thumbnailUrl\":\"https:\/\/vosgesinfo.fr\/app\/uploads\/sites\/4\/2026\/03\/bruno-toussaint.jpg\",\"datePublished\":\"2026-03-15T19:53:26+00:00\",\"dateModified\":\"2026-03-15T21:44:02+00:00\",\"breadcrumb\":{\"@id\":\"https:\/\/vosgesinfo.fr\/saintdieinfo\/2026\/03\/municipales-2026-le-maire-sortant-bruno-toussaint-en-tete-au-premier-tour-a-saint-die-des-vosges\/#breadcrumb\"},\"inLanguage\":\"fr-FR\",\"potentialAction\":[{\"@type\":\"ReadAction\",\"target\":[\"https:\/\/vosgesinfo.fr\/saintdieinfo\/2026\/03\/municipales-2026-le-maire-sortant-bruno-toussaint-en-tete-au-premier-tour-a-saint-die-des-vosges\/\"]}]},{\"@type\":\"ImageObject\",\"inLanguage\":\"fr-FR\",\"@id\":\"https:\/\/vosgesinfo.fr\/saintdieinfo\/2026\/03\/municipales-2026-le-maire-sortant-bruno-toussaint-en-tete-au-premier-tour-a-saint-die-des-vosges\/#primaryimage\",\"url\":\"https:\/\/vosgesinfo.fr\/app\/uploads\/sites\/4\/2026\/03\/bruno-toussaint.jpg\",\"contentUrl\":\"https:\/\/vosgesinfo.fr\/app\/uploads\/sites\/4\/2026\/03\/bruno-toussaint.jpg\",\"width\":1516,\"height\":1080,\"caption\":\"(Photographie \\\"Saint-Di\u00e9-des-Vosges Une ville qui bouge avec Bruno Toussaint\\\")\"},{\"@type\":\"BreadcrumbList\",\"@id\":\"https:\/\/vosgesinfo.fr\/saintdieinfo\/2026\/03\/municipales-2026-le-maire-sortant-bruno-toussaint-en-tete-au-premier-tour-a-saint-die-des-vosges\/#breadcrumb\",\"itemListElement\":[{\"@type\":\"ListItem\",\"position\":1,\"name\":\"Home\",\"item\":\"https:\/\/vosgesinfo.fr\/saintdieinfo\/\"},{\"@type\":\"ListItem\",\"position\":2,\"name\":\"Municipales 2026\u00a0: le maire sortant Bruno Toussaint en t\u00eate au premier tour \u00e0 Saint-Di\u00e9-des-Vosges\"}]},{\"@type\":\"WebSite\",\"@id\":\"https:\/\/vosgesinfo.fr\/saintdieinfo\/#website\",\"url\":\"https:\/\/vosgesinfo.fr\/saintdieinfo\/\",\"name\":\"Saint Die Info\",\"description\":\"Toute l&#039;actualit\u00e9 de Saint-Di\u00e9-Des-Vosges\",\"publisher\":{\"@id\":\"https:\/\/vosgesinfo.fr\/saintdieinfo\/#organization\"},\"alternateName\":\"Toute l'actualit\u00e9 de Saint-Di\u00e9-Des-Vosges\",\"potentialAction\":[{\"@type\":\"SearchAction\",\"target\":{\"@type\":\"EntryPoint\",\"urlTemplate\":\"https:\/\/vosgesinfo.fr\/saintdieinfo\/?s={search_term_string}\"},\"query-input\":\"required name=search_term_string\"}],\"inLanguage\":\"fr-FR\"},{\"@type\":\"Organization\",\"@id\":\"https:\/\/vosgesinfo.fr\/saintdieinfo\/#organization\",\"name\":\"Saint Die Info\",\"url\":\"https:\/\/vosgesinfo.fr\/saintdieinfo\/\",\"logo\":{\"@type\":\"ImageObject\",\"inLanguage\":\"fr-FR\",\"@id\":\"https:\/\/vosgesinfo.fr\/saintdieinfo\/#\/schema\/logo\/image\/\",\"url\":\"https:\/\/vosgesinfo.fr\/app\/uploads\/sites\/4\/2024\/02\/logo-sdi.jpg\",\"contentUrl\":\"https:\/\/vosgesinfo.fr\/app\/uploads\/sites\/4\/2024\/02\/logo-sdi.jpg\",\"width\":600,\"height\":600,\"caption\":\"Saint Die Info\"},\"image\":{\"@id\":\"https:\/\/vosgesinfo.fr\/saintdieinfo\/#\/schema\/logo\/image\/\"},\"sameAs\":[\"https:\/\/www.facebook.com\/Saintdieinfofr\",\"https:\/\/x.com\/VosgesInfo88\",\"https:\/\/www.youtube.com\/@vosgesinfo\"]},{\"@type\":\"Person\",\"@id\":\"https:\/\/vosgesinfo.fr\/saintdieinfo\/#\/schema\/person\/fa73e9f726d67bb88f46d5b7943cb572\",\"name\":\"J.J.\",\"image\":{\"@type\":\"ImageObject\",\"inLanguage\":\"fr-FR\",\"@id\":\"https:\/\/vosgesinfo.fr\/saintdieinfo\/#\/schema\/person\/image\/\",\"url\":\"https:\/\/secure.gravatar.com\/avatar\/219e749e47ffbcca018a360ae4add7d4cdf1cdaaf8bc7676b27efade3fe65615?s=96&d=mm&r=g\",\"contentUrl\":\"https:\/\/secure.gravatar.com\/avatar\/219e749e47ffbcca018a360ae4add7d4cdf1cdaaf8bc7676b27efade3fe65615?s=96&d=mm&r=g\",\"caption\":\"J.J.\"},\"url\":\"https:\/\/vosgesinfo.fr\/saintdieinfo\/author\/j-j\/\"}]}<\/script>\n<!-- \/ Yoast SEO plugin. -->","yoast_head_json":{"title":"Municipales 2026\u00a0: le maire sortant Bruno Toussaint en t\u00eate au premier tour \u00e0 Saint-Di\u00e9-des-Vosges - Saint Die Info","robots":{"index":"index","follow":"follow","max-snippet":"max-snippet:-1","max-image-preview":"max-image-preview:large","max-video-preview":"max-video-preview:-1"},"canonical":"https:\/\/vosgesinfo.fr\/saintdieinfo\/2026\/03\/municipales-2026-le-maire-sortant-bruno-toussaint-en-tete-au-premier-tour-a-saint-die-des-vosges\/","twitter_card":"summary_large_image","twitter_title":"Municipales 2026\u00a0: le maire sortant Bruno Toussaint en t\u00eate au premier tour \u00e0 Saint-Di\u00e9-des-Vosges - Saint Die Info","twitter_description":"Le premier tour des \u00e9lections municipales 2026 s&rsquo;est tenu ce dimanche 15 mars. \u00c0 Saint-Di\u00e9-des-Vosges, 4 candidats \u00e9taient en lice [&hellip;]","twitter_image":"https:\/\/vosgesinfo.fr\/app\/uploads\/sites\/4\/2026\/03\/bruno-toussaint.jpg","twitter_creator":"@VosgesInfo88","twitter_site":"@VosgesInfo88","twitter_misc":{"\u00c9crit par":"J.J.","Dur\u00e9e de lecture estim\u00e9e":"3 minutes"},"schema":{"@context":"https:\/\/schema.org","@graph":[{"@type":"Article","@id":"https:\/\/vosgesinfo.fr\/saintdieinfo\/2026\/03\/municipales-2026-le-maire-sortant-bruno-toussaint-en-tete-au-premier-tour-a-saint-die-des-vosges\/#article","isPartOf":{"@id":"https:\/\/vosgesinfo.fr\/saintdieinfo\/2026\/03\/municipales-2026-le-maire-sortant-bruno-toussaint-en-tete-au-premier-tour-a-saint-die-des-vosges\/"},"author":{"name":"J.J.","@id":"https:\/\/vosgesinfo.fr\/saintdieinfo\/#\/schema\/person\/fa73e9f726d67bb88f46d5b7943cb572"},"headline":"Municipales 2026\u00a0: le maire sortant Bruno Toussaint en t\u00eate au premier tour \u00e0 Saint-Di\u00e9-des-Vosges","datePublished":"2026-03-15T19:53:26+00:00","dateModified":"2026-03-15T21:44:02+00:00","mainEntityOfPage":{"@id":"https:\/\/vosgesinfo.fr\/saintdieinfo\/2026\/03\/municipales-2026-le-maire-sortant-bruno-toussaint-en-tete-au-premier-tour-a-saint-die-des-vosges\/"},"wordCount":347,"commentCount":1,"publisher":{"@id":"https:\/\/vosgesinfo.fr\/saintdieinfo\/#organization"},"image":{"@id":"https:\/\/vosgesinfo.fr\/saintdieinfo\/2026\/03\/municipales-2026-le-maire-sortant-bruno-toussaint-en-tete-au-premier-tour-a-saint-die-des-vosges\/#primaryimage"},"thumbnailUrl":"https:\/\/vosgesinfo.fr\/app\/uploads\/sites\/4\/2026\/03\/bruno-toussaint.jpg","keywords":["Bruno Toussaint","\u00e9lections municipales","Geoffrey Mourey","Jan Verdonk","Michel Valentin","participation","premier tour","r\u00e9sultats","Saint-Di\u00e9-des-Vosges"],"articleSection":["A la Une","Politique","Saint-Di\u00e9-des-Vosges"],"inLanguage":"fr-FR","potentialAction":[{"@type":"CommentAction","name":"Comment","target":["https:\/\/vosgesinfo.fr\/saintdieinfo\/2026\/03\/municipales-2026-le-maire-sortant-bruno-toussaint-en-tete-au-premier-tour-a-saint-die-des-vosges\/#respond"]}]},{"@type":"WebPage","@id":"https:\/\/vosgesinfo.fr\/saintdieinfo\/2026\/03\/municipales-2026-le-maire-sortant-bruno-toussaint-en-tete-au-premier-tour-a-saint-die-des-vosges\/","url":"https:\/\/vosgesinfo.fr\/saintdieinfo\/2026\/03\/municipales-2026-le-maire-sortant-bruno-toussaint-en-tete-au-premier-tour-a-saint-die-des-vosges\/","name":"Municipales 2026\u00a0: le maire sortant Bruno Toussaint en t\u00eate au premier tour \u00e0 Saint-Di\u00e9-des-Vosges - Saint Die Info","isPartOf":{"@id":"https:\/\/vosgesinfo.fr\/saintdieinfo\/#website"},"primaryImageOfPage":{"@id":"https:\/\/vosgesinfo.fr\/saintdieinfo\/2026\/03\/municipales-2026-le-maire-sortant-bruno-toussaint-en-tete-au-premier-tour-a-saint-die-des-vosges\/#primaryimage"},"image":{"@id":"https:\/\/vosgesinfo.fr\/saintdieinfo\/2026\/03\/municipales-2026-le-maire-sortant-bruno-toussaint-en-tete-au-premier-tour-a-saint-die-des-vosges\/#primaryimage"},"thumbnailUrl":"https:\/\/vosgesinfo.fr\/app\/uploads\/sites\/4\/2026\/03\/bruno-toussaint.jpg","datePublished":"2026-03-15T19:53:26+00:00","dateModified":"2026-03-15T21:44:02+00:00","breadcrumb":{"@id":"https:\/\/vosgesinfo.fr\/saintdieinfo\/2026\/03\/municipales-2026-le-maire-sortant-bruno-toussaint-en-tete-au-premier-tour-a-saint-die-des-vosges\/#breadcrumb"},"inLanguage":"fr-FR","potentialAction":[{"@type":"ReadAction","target":["https:\/\/vosgesinfo.fr\/saintdieinfo\/2026\/03\/municipales-2026-le-maire-sortant-bruno-toussaint-en-tete-au-premier-tour-a-saint-die-des-vosges\/"]}]},{"@type":"ImageObject","inLanguage":"fr-FR","@id":"https:\/\/vosgesinfo.fr\/saintdieinfo\/2026\/03\/municipales-2026-le-maire-sortant-bruno-toussaint-en-tete-au-premier-tour-a-saint-die-des-vosges\/#primaryimage","url":"https:\/\/vosgesinfo.fr\/app\/uploads\/sites\/4\/2026\/03\/bruno-toussaint.jpg","contentUrl":"https:\/\/vosgesinfo.fr\/app\/uploads\/sites\/4\/2026\/03\/bruno-toussaint.jpg","width":1516,"height":1080,"caption":"(Photographie \"Saint-Di\u00e9-des-Vosges Une ville qui bouge avec Bruno Toussaint\")"},{"@type":"BreadcrumbList","@id":"https:\/\/vosgesinfo.fr\/saintdieinfo\/2026\/03\/municipales-2026-le-maire-sortant-bruno-toussaint-en-tete-au-premier-tour-a-saint-die-des-vosges\/#breadcrumb","itemListElement":[{"@type":"ListItem","position":1,"name":"Home","item":"https:\/\/vosgesinfo.fr\/saintdieinfo\/"},{"@type":"ListItem","position":2,"name":"Municipales 2026\u00a0: le maire sortant Bruno Toussaint en t\u00eate au premier tour \u00e0 Saint-Di\u00e9-des-Vosges"}]},{"@type":"WebSite","@id":"https:\/\/vosgesinfo.fr\/saintdieinfo\/#website","url":"https:\/\/vosgesinfo.fr\/saintdieinfo\/","name":"Saint Die Info","description":"Toute l&#039;actualit\u00e9 de Saint-Di\u00e9-Des-Vosges","publisher":{"@id":"https:\/\/vosgesinfo.fr\/saintdieinfo\/#organization"},"alternateName":"Toute l'actualit\u00e9 de Saint-Di\u00e9-Des-Vosges","potentialAction":[{"@type":"SearchAction","target":{"@type":"EntryPoint","urlTemplate":"https:\/\/vosgesinfo.fr\/saintdieinfo\/?s={search_term_string}"},"query-input":"required name=search_term_string"}],"inLanguage":"fr-FR"},{"@type":"Organization","@id":"https:\/\/vosgesinfo.fr\/saintdieinfo\/#organization","name":"Saint Die Info","url":"https:\/\/vosgesinfo.fr\/saintdieinfo\/","logo":{"@type":"ImageObject","inLanguage":"fr-FR","@id":"https:\/\/vosgesinfo.fr\/saintdieinfo\/#\/schema\/logo\/image\/","url":"https:\/\/vosgesinfo.fr\/app\/uploads\/sites\/4\/2024\/02\/logo-sdi.jpg","contentUrl":"https:\/\/vosgesinfo.fr\/app\/uploads\/sites\/4\/2024\/02\/logo-sdi.jpg","width":600,"height":600,"caption":"Saint Die Info"},"image":{"@id":"https:\/\/vosgesinfo.fr\/saintdieinfo\/#\/schema\/logo\/image\/"},"sameAs":["https:\/\/www.facebook.com\/Saintdieinfofr","https:\/\/x.com\/VosgesInfo88","https:\/\/www.youtube.com\/@vosgesinfo"]},{"@type":"Person","@id":"https:\/\/vosgesinfo.fr\/saintdieinfo\/#\/schema\/person\/fa73e9f726d67bb88f46d5b7943cb572","name":"J.J.","image":{"@type":"ImageObject","inLanguage":"fr-FR","@id":"https:\/\/vosgesinfo.fr\/saintdieinfo\/#\/schema\/person\/image\/","url":"https:\/\/secure.gravatar.com\/avatar\/219e749e47ffbcca018a360ae4add7d4cdf1cdaaf8bc7676b27efade3fe65615?s=96&d=mm&r=g","contentUrl":"https:\/\/secure.gravatar.com\/avatar\/219e749e47ffbcca018a360ae4add7d4cdf1cdaaf8bc7676b27efade3fe65615?s=96&d=mm&r=g","caption":"J.J."},"url":"https:\/\/vosgesinfo.fr\/saintdieinfo\/author\/j-j\/"}]}},"_links":{"self":[{"href":"https:\/\/vosgesinfo.fr\/saintdieinfo\/wp-json\/wp\/v2\/posts\/88993","targetHints":{"allow":["GET"]}}],"collection":[{"href":"https:\/\/vosgesinfo.fr\/saintdieinfo\/wp-json\/wp\/v2\/posts"}],"about":[{"href":"https:\/\/vosgesinfo.fr\/saintdieinfo\/wp-json\/wp\/v2\/types\/post"}],"author":[{"embeddable":true,"href":"https:\/\/vosgesinfo.fr\/saintdieinfo\/wp-json\/wp\/v2\/users\/46"}],"replies":[{"embeddable":true,"href":"https:\/\/vosgesinfo.fr\/saintdieinfo\/wp-json\/wp\/v2\/comments?post=88993"}],"version-history":[{"count":10,"href":"https:\/\/vosgesinfo.fr\/saintdieinfo\/wp-json\/wp\/v2\/posts\/88993\/revisions"}],"predecessor-version":[{"id":89035,"href":"https:\/\/vosgesinfo.fr\/saintdieinfo\/wp-json\/wp\/v2\/posts\/88993\/revisions\/89035"}],"wp:featuredmedia":[{"embeddable":true,"href":"https:\/\/vosgesinfo.fr\/saintdieinfo\/wp-json\/wp\/v2\/media\/88995"}],"wp:attachment":[{"href":"https:\/\/vosgesinfo.fr\/saintdieinfo\/wp-json\/wp\/v2\/media?parent=88993"}],"wp:term":[{"taxonomy":"category","embeddable":true,"href":"https:\/\/vosgesinfo.fr\/saintdieinfo\/wp-json\/wp\/v2\/categories?post=88993"},{"taxonomy":"post_tag","embeddable":true,"href":"https:\/\/vosgesinfo.fr\/saintdieinfo\/wp-json\/wp\/v2\/tags?post=88993"}],"curies":[{"name":"wp","href":"https:\/\/api.w.org\/{rel}","templated":true}]}}