{"id":89020,"date":"2026-03-15T22:13:09","date_gmt":"2026-03-15T21:13:09","guid":{"rendered":"https:\/\/vosgesinfo.fr\/saintdieinfo\/?p=89020"},"modified":"2026-03-15T22:08:40","modified_gmt":"2026-03-15T21:08:40","slug":"municipales-2026-caroline-lerognon-reelue-a-fraize","status":"publish","type":"post","link":"https:\/\/vosgesinfo.fr\/saintdieinfo\/2026\/03\/municipales-2026-caroline-lerognon-reelue-a-fraize\/","title":{"rendered":"Municipales 2026\u00a0: Caroline Lerognon r\u00e9\u00e9lue \u00e0 Fraize"},"content":{"rendered":"<div id=\"attachment_89021\" style=\"width: 1034px\" class=\"wp-caption alignnone\"><a href=\"https:\/\/vosgesinfo.fr\/app\/uploads\/sites\/4\/2026\/03\/fraize-caroline-lerognon.jpg\"><img decoding=\"async\" aria-describedby=\"caption-attachment-89021\" class=\"size-large wp-image-89021\" src=\"https:\/\/vosgesinfo.fr\/app\/uploads\/sites\/4\/2026\/03\/fraize-caroline-lerognon-1024x769.jpg\" alt=\"\" width=\"1024\" height=\"769\" srcset=\"https:\/\/vosgesinfo.fr\/app\/uploads\/sites\/4\/2026\/03\/fraize-caroline-lerognon-1024x769.jpg 1024w, https:\/\/vosgesinfo.fr\/app\/uploads\/sites\/4\/2026\/03\/fraize-caroline-lerognon-300x225.jpg 300w, https:\/\/vosgesinfo.fr\/app\/uploads\/sites\/4\/2026\/03\/fraize-caroline-lerognon-768x576.jpg 768w, https:\/\/vosgesinfo.fr\/app\/uploads\/sites\/4\/2026\/03\/fraize-caroline-lerognon.jpg 1439w\" sizes=\"(max-width: 1024px) 100vw, 1024px\" \/><\/a><p id=\"caption-attachment-89021\" class=\"wp-caption-text\">(Photographie \u00ab\u00a0Fraize ensemble, continuons \u00e0 grandir !\u00a0\u00bb)<\/p><\/div>\n<h2>La maire sortante de Fraize, <strong>Caroline Lerognon<\/strong>, n\u2019avait aucune liste en face d\u2019elle pour ces \u00e9lections municipales 2026. Sa liste <strong>\u00ab Fraize, ensemble continuons \u00e0 grandir ! \u00bb<\/strong> a donc \u00e9t\u00e9 \u00e9lue, r\u00e9coltant <strong>1 132 voix<\/strong> pour un taux de participation de <strong>55,24 %<\/strong>. Caroline Lerognon brigue ainsi un <strong>second mandat<\/strong> de maire \u00e0 Fraize.<\/h2>\n<p>&nbsp;<\/p>\n","protected":false},"excerpt":{"rendered":"<p>La maire sortante de Fraize, Caroline Lerognon, n\u2019avait aucune liste en face d\u2019elle pour ces \u00e9lections municipales 2026. Sa liste [&hellip;]<\/p>\n","protected":false},"author":46,"featured_media":89021,"comment_status":"open","ping_status":"open","sticky":false,"template":"","format":"standard","meta":{"footnotes":""},"categories":[460,3903,10],"tags":[13566,18131,2927,20780,20779,20778,10891],"class_list":["post-89020","post","type-post","status-publish","format-standard","has-post-thumbnail","hentry","category-a-la-une","category-deodatie","category-politique","tag-caroline-lerognon","tag-elections-municipales-2026","tag-fraize","tag-liste-fraize-ensemble-continuons-a-grandir","tag-maire-de-fraize","tag-municipales-fraize","tag-participation-electorale"],"acf":[],"yoast_head":"<!-- This site is optimized with the Yoast SEO plugin v22.5 - https:\/\/yoast.com\/wordpress\/plugins\/seo\/ -->\n<title>Municipales 2026\u00a0: Caroline Lerognon r\u00e9\u00e9lue \u00e0 Fraize - Saint Die Info<\/title>\n<meta name=\"robots\" content=\"index, follow, max-snippet:-1, max-image-preview:large, max-video-preview:-1\" \/>\n<link rel=\"canonical\" href=\"https:\/\/vosgesinfo.fr\/saintdieinfo\/2026\/03\/municipales-2026-caroline-lerognon-reelue-a-fraize\/\" \/>\n<meta name=\"twitter:card\" content=\"summary_large_image\" \/>\n<meta name=\"twitter:title\" content=\"Municipales 2026\u00a0: Caroline Lerognon r\u00e9\u00e9lue \u00e0 Fraize - Saint Die Info\" \/>\n<meta name=\"twitter:description\" content=\"La maire sortante de Fraize, Caroline Lerognon, n\u2019avait aucune liste en face d\u2019elle pour ces \u00e9lections municipales 2026. Sa liste [&hellip;]\" \/>\n<meta name=\"twitter:image\" content=\"https:\/\/vosgesinfo.fr\/app\/uploads\/sites\/4\/2026\/03\/fraize-caroline-lerognon.jpg\" \/>\n<meta name=\"twitter:creator\" content=\"@VosgesInfo88\" \/>\n<meta name=\"twitter:site\" content=\"@VosgesInfo88\" \/>\n<meta name=\"twitter:label1\" content=\"\u00c9crit par\" \/>\n\t<meta name=\"twitter:data1\" content=\"J.J.\" \/>\n\t<meta name=\"twitter:label2\" content=\"Dur\u00e9e de lecture estim\u00e9e\" \/>\n\t<meta name=\"twitter:data2\" content=\"1 minute\" \/>\n<script type=\"application\/ld+json\" class=\"yoast-schema-graph\">{\"@context\":\"https:\/\/schema.org\",\"@graph\":[{\"@type\":\"Article\",\"@id\":\"https:\/\/vosgesinfo.fr\/saintdieinfo\/2026\/03\/municipales-2026-caroline-lerognon-reelue-a-fraize\/#article\",\"isPartOf\":{\"@id\":\"https:\/\/vosgesinfo.fr\/saintdieinfo\/2026\/03\/municipales-2026-caroline-lerognon-reelue-a-fraize\/\"},\"author\":{\"name\":\"J.J.\",\"@id\":\"https:\/\/vosgesinfo.fr\/saintdieinfo\/#\/schema\/person\/fa73e9f726d67bb88f46d5b7943cb572\"},\"headline\":\"Municipales 2026\u00a0: Caroline Lerognon r\u00e9\u00e9lue \u00e0 Fraize\",\"datePublished\":\"2026-03-15T21:13:09+00:00\",\"dateModified\":\"2026-03-15T21:08:40+00:00\",\"mainEntityOfPage\":{\"@id\":\"https:\/\/vosgesinfo.fr\/saintdieinfo\/2026\/03\/municipales-2026-caroline-lerognon-reelue-a-fraize\/\"},\"wordCount\":67,\"commentCount\":0,\"publisher\":{\"@id\":\"https:\/\/vosgesinfo.fr\/saintdieinfo\/#organization\"},\"image\":{\"@id\":\"https:\/\/vosgesinfo.fr\/saintdieinfo\/2026\/03\/municipales-2026-caroline-lerognon-reelue-a-fraize\/#primaryimage\"},\"thumbnailUrl\":\"https:\/\/vosgesinfo.fr\/app\/uploads\/sites\/4\/2026\/03\/fraize-caroline-lerognon.jpg\",\"keywords\":[\"Caroline Lerognon\",\"Elections municipales 2026\",\"Fraize\",\"liste Fraize ensemble continuons \u00e0 grandir\",\"maire de Fraize\",\"municipales Fraize\",\"Participation \u00e9lectorale\"],\"articleSection\":[\"A la Une\",\"D\u00e9odatie\",\"Politique\"],\"inLanguage\":\"fr-FR\",\"potentialAction\":[{\"@type\":\"CommentAction\",\"name\":\"Comment\",\"target\":[\"https:\/\/vosgesinfo.fr\/saintdieinfo\/2026\/03\/municipales-2026-caroline-lerognon-reelue-a-fraize\/#respond\"]}]},{\"@type\":\"WebPage\",\"@id\":\"https:\/\/vosgesinfo.fr\/saintdieinfo\/2026\/03\/municipales-2026-caroline-lerognon-reelue-a-fraize\/\",\"url\":\"https:\/\/vosgesinfo.fr\/saintdieinfo\/2026\/03\/municipales-2026-caroline-lerognon-reelue-a-fraize\/\",\"name\":\"Municipales 2026\u00a0: Caroline Lerognon r\u00e9\u00e9lue \u00e0 Fraize - Saint Die Info\",\"isPartOf\":{\"@id\":\"https:\/\/vosgesinfo.fr\/saintdieinfo\/#website\"},\"primaryImageOfPage\":{\"@id\":\"https:\/\/vosgesinfo.fr\/saintdieinfo\/2026\/03\/municipales-2026-caroline-lerognon-reelue-a-fraize\/#primaryimage\"},\"image\":{\"@id\":\"https:\/\/vosgesinfo.fr\/saintdieinfo\/2026\/03\/municipales-2026-caroline-lerognon-reelue-a-fraize\/#primaryimage\"},\"thumbnailUrl\":\"https:\/\/vosgesinfo.fr\/app\/uploads\/sites\/4\/2026\/03\/fraize-caroline-lerognon.jpg\",\"datePublished\":\"2026-03-15T21:13:09+00:00\",\"dateModified\":\"2026-03-15T21:08:40+00:00\",\"breadcrumb\":{\"@id\":\"https:\/\/vosgesinfo.fr\/saintdieinfo\/2026\/03\/municipales-2026-caroline-lerognon-reelue-a-fraize\/#breadcrumb\"},\"inLanguage\":\"fr-FR\",\"potentialAction\":[{\"@type\":\"ReadAction\",\"target\":[\"https:\/\/vosgesinfo.fr\/saintdieinfo\/2026\/03\/municipales-2026-caroline-lerognon-reelue-a-fraize\/\"]}]},{\"@type\":\"ImageObject\",\"inLanguage\":\"fr-FR\",\"@id\":\"https:\/\/vosgesinfo.fr\/saintdieinfo\/2026\/03\/municipales-2026-caroline-lerognon-reelue-a-fraize\/#primaryimage\",\"url\":\"https:\/\/vosgesinfo.fr\/app\/uploads\/sites\/4\/2026\/03\/fraize-caroline-lerognon.jpg\",\"contentUrl\":\"https:\/\/vosgesinfo.fr\/app\/uploads\/sites\/4\/2026\/03\/fraize-caroline-lerognon.jpg\",\"width\":1439,\"height\":1080,\"caption\":\"(Photographie \\\"Fraize ensemble, continuons \u00e0 grandir !\\\")\"},{\"@type\":\"BreadcrumbList\",\"@id\":\"https:\/\/vosgesinfo.fr\/saintdieinfo\/2026\/03\/municipales-2026-caroline-lerognon-reelue-a-fraize\/#breadcrumb\",\"itemListElement\":[{\"@type\":\"ListItem\",\"position\":1,\"name\":\"Home\",\"item\":\"https:\/\/vosgesinfo.fr\/saintdieinfo\/\"},{\"@type\":\"ListItem\",\"position\":2,\"name\":\"Municipales 2026\u00a0: Caroline Lerognon r\u00e9\u00e9lue \u00e0 Fraize\"}]},{\"@type\":\"WebSite\",\"@id\":\"https:\/\/vosgesinfo.fr\/saintdieinfo\/#website\",\"url\":\"https:\/\/vosgesinfo.fr\/saintdieinfo\/\",\"name\":\"Saint Die Info\",\"description\":\"Toute l&#039;actualit\u00e9 de Saint-Di\u00e9-Des-Vosges\",\"publisher\":{\"@id\":\"https:\/\/vosgesinfo.fr\/saintdieinfo\/#organization\"},\"alternateName\":\"Toute l'actualit\u00e9 de Saint-Di\u00e9-Des-Vosges\",\"potentialAction\":[{\"@type\":\"SearchAction\",\"target\":{\"@type\":\"EntryPoint\",\"urlTemplate\":\"https:\/\/vosgesinfo.fr\/saintdieinfo\/?s={search_term_string}\"},\"query-input\":\"required name=search_term_string\"}],\"inLanguage\":\"fr-FR\"},{\"@type\":\"Organization\",\"@id\":\"https:\/\/vosgesinfo.fr\/saintdieinfo\/#organization\",\"name\":\"Saint Die Info\",\"url\":\"https:\/\/vosgesinfo.fr\/saintdieinfo\/\",\"logo\":{\"@type\":\"ImageObject\",\"inLanguage\":\"fr-FR\",\"@id\":\"https:\/\/vosgesinfo.fr\/saintdieinfo\/#\/schema\/logo\/image\/\",\"url\":\"https:\/\/vosgesinfo.fr\/app\/uploads\/sites\/4\/2024\/02\/logo-sdi.jpg\",\"contentUrl\":\"https:\/\/vosgesinfo.fr\/app\/uploads\/sites\/4\/2024\/02\/logo-sdi.jpg\",\"width\":600,\"height\":600,\"caption\":\"Saint Die Info\"},\"image\":{\"@id\":\"https:\/\/vosgesinfo.fr\/saintdieinfo\/#\/schema\/logo\/image\/\"},\"sameAs\":[\"https:\/\/www.facebook.com\/Saintdieinfofr\",\"https:\/\/x.com\/VosgesInfo88\",\"https:\/\/www.youtube.com\/@vosgesinfo\"]},{\"@type\":\"Person\",\"@id\":\"https:\/\/vosgesinfo.fr\/saintdieinfo\/#\/schema\/person\/fa73e9f726d67bb88f46d5b7943cb572\",\"name\":\"J.J.\",\"image\":{\"@type\":\"ImageObject\",\"inLanguage\":\"fr-FR\",\"@id\":\"https:\/\/vosgesinfo.fr\/saintdieinfo\/#\/schema\/person\/image\/\",\"url\":\"https:\/\/secure.gravatar.com\/avatar\/219e749e47ffbcca018a360ae4add7d4cdf1cdaaf8bc7676b27efade3fe65615?s=96&d=mm&r=g\",\"contentUrl\":\"https:\/\/secure.gravatar.com\/avatar\/219e749e47ffbcca018a360ae4add7d4cdf1cdaaf8bc7676b27efade3fe65615?s=96&d=mm&r=g\",\"caption\":\"J.J.\"},\"url\":\"https:\/\/vosgesinfo.fr\/saintdieinfo\/author\/j-j\/\"}]}<\/script>\n<!-- \/ Yoast SEO plugin. -->","yoast_head_json":{"title":"Municipales 2026\u00a0: Caroline Lerognon r\u00e9\u00e9lue \u00e0 Fraize - Saint Die Info","robots":{"index":"index","follow":"follow","max-snippet":"max-snippet:-1","max-image-preview":"max-image-preview:large","max-video-preview":"max-video-preview:-1"},"canonical":"https:\/\/vosgesinfo.fr\/saintdieinfo\/2026\/03\/municipales-2026-caroline-lerognon-reelue-a-fraize\/","twitter_card":"summary_large_image","twitter_title":"Municipales 2026\u00a0: Caroline Lerognon r\u00e9\u00e9lue \u00e0 Fraize - Saint Die Info","twitter_description":"La maire sortante de Fraize, Caroline Lerognon, n\u2019avait aucune liste en face d\u2019elle pour ces \u00e9lections municipales 2026. Sa liste [&hellip;]","twitter_image":"https:\/\/vosgesinfo.fr\/app\/uploads\/sites\/4\/2026\/03\/fraize-caroline-lerognon.jpg","twitter_creator":"@VosgesInfo88","twitter_site":"@VosgesInfo88","twitter_misc":{"\u00c9crit par":"J.J.","Dur\u00e9e de lecture estim\u00e9e":"1 minute"},"schema":{"@context":"https:\/\/schema.org","@graph":[{"@type":"Article","@id":"https:\/\/vosgesinfo.fr\/saintdieinfo\/2026\/03\/municipales-2026-caroline-lerognon-reelue-a-fraize\/#article","isPartOf":{"@id":"https:\/\/vosgesinfo.fr\/saintdieinfo\/2026\/03\/municipales-2026-caroline-lerognon-reelue-a-fraize\/"},"author":{"name":"J.J.","@id":"https:\/\/vosgesinfo.fr\/saintdieinfo\/#\/schema\/person\/fa73e9f726d67bb88f46d5b7943cb572"},"headline":"Municipales 2026\u00a0: Caroline Lerognon r\u00e9\u00e9lue \u00e0 Fraize","datePublished":"2026-03-15T21:13:09+00:00","dateModified":"2026-03-15T21:08:40+00:00","mainEntityOfPage":{"@id":"https:\/\/vosgesinfo.fr\/saintdieinfo\/2026\/03\/municipales-2026-caroline-lerognon-reelue-a-fraize\/"},"wordCount":67,"commentCount":0,"publisher":{"@id":"https:\/\/vosgesinfo.fr\/saintdieinfo\/#organization"},"image":{"@id":"https:\/\/vosgesinfo.fr\/saintdieinfo\/2026\/03\/municipales-2026-caroline-lerognon-reelue-a-fraize\/#primaryimage"},"thumbnailUrl":"https:\/\/vosgesinfo.fr\/app\/uploads\/sites\/4\/2026\/03\/fraize-caroline-lerognon.jpg","keywords":["Caroline Lerognon","Elections municipales 2026","Fraize","liste Fraize ensemble continuons \u00e0 grandir","maire de Fraize","municipales Fraize","Participation \u00e9lectorale"],"articleSection":["A la Une","D\u00e9odatie","Politique"],"inLanguage":"fr-FR","potentialAction":[{"@type":"CommentAction","name":"Comment","target":["https:\/\/vosgesinfo.fr\/saintdieinfo\/2026\/03\/municipales-2026-caroline-lerognon-reelue-a-fraize\/#respond"]}]},{"@type":"WebPage","@id":"https:\/\/vosgesinfo.fr\/saintdieinfo\/2026\/03\/municipales-2026-caroline-lerognon-reelue-a-fraize\/","url":"https:\/\/vosgesinfo.fr\/saintdieinfo\/2026\/03\/municipales-2026-caroline-lerognon-reelue-a-fraize\/","name":"Municipales 2026\u00a0: Caroline Lerognon r\u00e9\u00e9lue \u00e0 Fraize - Saint Die Info","isPartOf":{"@id":"https:\/\/vosgesinfo.fr\/saintdieinfo\/#website"},"primaryImageOfPage":{"@id":"https:\/\/vosgesinfo.fr\/saintdieinfo\/2026\/03\/municipales-2026-caroline-lerognon-reelue-a-fraize\/#primaryimage"},"image":{"@id":"https:\/\/vosgesinfo.fr\/saintdieinfo\/2026\/03\/municipales-2026-caroline-lerognon-reelue-a-fraize\/#primaryimage"},"thumbnailUrl":"https:\/\/vosgesinfo.fr\/app\/uploads\/sites\/4\/2026\/03\/fraize-caroline-lerognon.jpg","datePublished":"2026-03-15T21:13:09+00:00","dateModified":"2026-03-15T21:08:40+00:00","breadcrumb":{"@id":"https:\/\/vosgesinfo.fr\/saintdieinfo\/2026\/03\/municipales-2026-caroline-lerognon-reelue-a-fraize\/#breadcrumb"},"inLanguage":"fr-FR","potentialAction":[{"@type":"ReadAction","target":["https:\/\/vosgesinfo.fr\/saintdieinfo\/2026\/03\/municipales-2026-caroline-lerognon-reelue-a-fraize\/"]}]},{"@type":"ImageObject","inLanguage":"fr-FR","@id":"https:\/\/vosgesinfo.fr\/saintdieinfo\/2026\/03\/municipales-2026-caroline-lerognon-reelue-a-fraize\/#primaryimage","url":"https:\/\/vosgesinfo.fr\/app\/uploads\/sites\/4\/2026\/03\/fraize-caroline-lerognon.jpg","contentUrl":"https:\/\/vosgesinfo.fr\/app\/uploads\/sites\/4\/2026\/03\/fraize-caroline-lerognon.jpg","width":1439,"height":1080,"caption":"(Photographie \"Fraize ensemble, continuons \u00e0 grandir !\")"},{"@type":"BreadcrumbList","@id":"https:\/\/vosgesinfo.fr\/saintdieinfo\/2026\/03\/municipales-2026-caroline-lerognon-reelue-a-fraize\/#breadcrumb","itemListElement":[{"@type":"ListItem","position":1,"name":"Home","item":"https:\/\/vosgesinfo.fr\/saintdieinfo\/"},{"@type":"ListItem","position":2,"name":"Municipales 2026\u00a0: Caroline Lerognon r\u00e9\u00e9lue \u00e0 Fraize"}]},{"@type":"WebSite","@id":"https:\/\/vosgesinfo.fr\/saintdieinfo\/#website","url":"https:\/\/vosgesinfo.fr\/saintdieinfo\/","name":"Saint Die Info","description":"Toute l&#039;actualit\u00e9 de Saint-Di\u00e9-Des-Vosges","publisher":{"@id":"https:\/\/vosgesinfo.fr\/saintdieinfo\/#organization"},"alternateName":"Toute l'actualit\u00e9 de Saint-Di\u00e9-Des-Vosges","potentialAction":[{"@type":"SearchAction","target":{"@type":"EntryPoint","urlTemplate":"https:\/\/vosgesinfo.fr\/saintdieinfo\/?s={search_term_string}"},"query-input":"required name=search_term_string"}],"inLanguage":"fr-FR"},{"@type":"Organization","@id":"https:\/\/vosgesinfo.fr\/saintdieinfo\/#organization","name":"Saint Die Info","url":"https:\/\/vosgesinfo.fr\/saintdieinfo\/","logo":{"@type":"ImageObject","inLanguage":"fr-FR","@id":"https:\/\/vosgesinfo.fr\/saintdieinfo\/#\/schema\/logo\/image\/","url":"https:\/\/vosgesinfo.fr\/app\/uploads\/sites\/4\/2024\/02\/logo-sdi.jpg","contentUrl":"https:\/\/vosgesinfo.fr\/app\/uploads\/sites\/4\/2024\/02\/logo-sdi.jpg","width":600,"height":600,"caption":"Saint Die Info"},"image":{"@id":"https:\/\/vosgesinfo.fr\/saintdieinfo\/#\/schema\/logo\/image\/"},"sameAs":["https:\/\/www.facebook.com\/Saintdieinfofr","https:\/\/x.com\/VosgesInfo88","https:\/\/www.youtube.com\/@vosgesinfo"]},{"@type":"Person","@id":"https:\/\/vosgesinfo.fr\/saintdieinfo\/#\/schema\/person\/fa73e9f726d67bb88f46d5b7943cb572","name":"J.J.","image":{"@type":"ImageObject","inLanguage":"fr-FR","@id":"https:\/\/vosgesinfo.fr\/saintdieinfo\/#\/schema\/person\/image\/","url":"https:\/\/secure.gravatar.com\/avatar\/219e749e47ffbcca018a360ae4add7d4cdf1cdaaf8bc7676b27efade3fe65615?s=96&d=mm&r=g","contentUrl":"https:\/\/secure.gravatar.com\/avatar\/219e749e47ffbcca018a360ae4add7d4cdf1cdaaf8bc7676b27efade3fe65615?s=96&d=mm&r=g","caption":"J.J."},"url":"https:\/\/vosgesinfo.fr\/saintdieinfo\/author\/j-j\/"}]}},"_links":{"self":[{"href":"https:\/\/vosgesinfo.fr\/saintdieinfo\/wp-json\/wp\/v2\/posts\/89020","targetHints":{"allow":["GET"]}}],"collection":[{"href":"https:\/\/vosgesinfo.fr\/saintdieinfo\/wp-json\/wp\/v2\/posts"}],"about":[{"href":"https:\/\/vosgesinfo.fr\/saintdieinfo\/wp-json\/wp\/v2\/types\/post"}],"author":[{"embeddable":true,"href":"https:\/\/vosgesinfo.fr\/saintdieinfo\/wp-json\/wp\/v2\/users\/46"}],"replies":[{"embeddable":true,"href":"https:\/\/vosgesinfo.fr\/saintdieinfo\/wp-json\/wp\/v2\/comments?post=89020"}],"version-history":[{"count":2,"href":"https:\/\/vosgesinfo.fr\/saintdieinfo\/wp-json\/wp\/v2\/posts\/89020\/revisions"}],"predecessor-version":[{"id":89023,"href":"https:\/\/vosgesinfo.fr\/saintdieinfo\/wp-json\/wp\/v2\/posts\/89020\/revisions\/89023"}],"wp:featuredmedia":[{"embeddable":true,"href":"https:\/\/vosgesinfo.fr\/saintdieinfo\/wp-json\/wp\/v2\/media\/89021"}],"wp:attachment":[{"href":"https:\/\/vosgesinfo.fr\/saintdieinfo\/wp-json\/wp\/v2\/media?parent=89020"}],"wp:term":[{"taxonomy":"category","embeddable":true,"href":"https:\/\/vosgesinfo.fr\/saintdieinfo\/wp-json\/wp\/v2\/categories?post=89020"},{"taxonomy":"post_tag","embeddable":true,"href":"https:\/\/vosgesinfo.fr\/saintdieinfo\/wp-json\/wp\/v2\/tags?post=89020"}],"curies":[{"name":"wp","href":"https:\/\/api.w.org\/{rel}","templated":true}]}}