{"id":89026,"date":"2026-03-15T22:23:31","date_gmt":"2026-03-15T21:23:31","guid":{"rendered":"https:\/\/vosgesinfo.fr\/saintdieinfo\/?p=89026"},"modified":"2026-03-15T22:11:57","modified_gmt":"2026-03-15T21:11:57","slug":"municipales-2026-jean-luc-beverina-va-entamer-un-quatrieme-mandat-a-senones","status":"publish","type":"post","link":"https:\/\/vosgesinfo.fr\/saintdieinfo\/2026\/03\/municipales-2026-jean-luc-beverina-va-entamer-un-quatrieme-mandat-a-senones\/","title":{"rendered":"Municipales 2026\u00a0: Jean-Luc Beverina va entamer un quatri\u00e8me mandat \u00e0 Senones"},"content":{"rendered":"<div id=\"attachment_89015\" style=\"width: 1034px\" class=\"wp-caption alignnone\"><a href=\"https:\/\/vosgesinfo.fr\/app\/uploads\/sites\/4\/2026\/03\/senones-jean-luc-beverina.jpg\"><img decoding=\"async\" aria-describedby=\"caption-attachment-89015\" class=\"size-large wp-image-89015\" src=\"https:\/\/vosgesinfo.fr\/app\/uploads\/sites\/4\/2026\/03\/senones-jean-luc-beverina-1024x710.jpg\" alt=\"\" width=\"1024\" height=\"710\" srcset=\"https:\/\/vosgesinfo.fr\/app\/uploads\/sites\/4\/2026\/03\/senones-jean-luc-beverina-1024x710.jpg 1024w, https:\/\/vosgesinfo.fr\/app\/uploads\/sites\/4\/2026\/03\/senones-jean-luc-beverina-300x208.jpg 300w, https:\/\/vosgesinfo.fr\/app\/uploads\/sites\/4\/2026\/03\/senones-jean-luc-beverina-768x533.jpg 768w, https:\/\/vosgesinfo.fr\/app\/uploads\/sites\/4\/2026\/03\/senones-jean-luc-beverina.jpg 1342w\" sizes=\"(max-width: 1024px) 100vw, 1024px\" \/><\/a><p id=\"caption-attachment-89015\" class=\"wp-caption-text\">(Photographie \u00ab\u00a0Senones, une passion commune\u00a0\u00bb)<\/p><\/div>\n<h2>Une seule liste \u00e9tait en lice aux <strong>\u00e9lections municipales 2026<\/strong> \u00e0 <strong>Senones<\/strong> : celle du maire sortant <strong>Jean-Luc Beverina<\/strong>, qui a \u00e9t\u00e9 \u00e9lu ce dimanche avec <strong>568 voix<\/strong>, pour un taux de participation de <strong>44,29 %<\/strong>.<\/h2>\n<p><!--more--><\/p>\n<h3><strong>Un quatri\u00e8me mandat<\/strong><\/h3>\n<p>Jean-Luc Beverina va ainsi entamer son <strong>quatri\u00e8me mandat<\/strong>, puisqu&rsquo;il a \u00e9t\u00e9 \u00e9lu une premi\u00e8re fois \u00e0 cette fonction en <strong>2008<\/strong>, puis r\u00e9\u00e9lu en <strong>2014<\/strong>, <strong>2020<\/strong> et en <strong>2026<\/strong>.<\/p>\n","protected":false},"excerpt":{"rendered":"<p>Une seule liste \u00e9tait en lice aux \u00e9lections municipales 2026 \u00e0 Senones : celle du maire sortant Jean-Luc Beverina, qui [&hellip;]<\/p>\n","protected":false},"author":46,"featured_media":89015,"comment_status":"open","ping_status":"open","sticky":false,"template":"","format":"standard","meta":{"footnotes":""},"categories":[460,3903,10],"tags":[18131,18553,20773,2473,20777,2998,43],"class_list":["post-89026","post","type-post","status-publish","format-standard","has-post-thumbnail","hentry","category-a-la-une","category-deodatie","category-politique","tag-elections-municipales-2026","tag-jean-luc-beverina","tag-maire-sortant","tag-participation","tag-quatrieme-mandat","tag-senones","tag-vosges"],"acf":[],"yoast_head":"<!-- This site is optimized with the Yoast SEO plugin v22.5 - https:\/\/yoast.com\/wordpress\/plugins\/seo\/ -->\n<title>Municipales 2026\u00a0: Jean-Luc Beverina va entamer un quatri\u00e8me mandat \u00e0 Senones - Saint Die Info<\/title>\n<meta name=\"robots\" content=\"index, follow, max-snippet:-1, max-image-preview:large, max-video-preview:-1\" \/>\n<link rel=\"canonical\" href=\"https:\/\/vosgesinfo.fr\/saintdieinfo\/2026\/03\/municipales-2026-jean-luc-beverina-va-entamer-un-quatrieme-mandat-a-senones\/\" \/>\n<meta name=\"twitter:card\" content=\"summary_large_image\" \/>\n<meta name=\"twitter:title\" content=\"Municipales 2026\u00a0: Jean-Luc Beverina va entamer un quatri\u00e8me mandat \u00e0 Senones - Saint Die Info\" \/>\n<meta name=\"twitter:description\" content=\"Une seule liste \u00e9tait en lice aux \u00e9lections municipales 2026 \u00e0 Senones : celle du maire sortant Jean-Luc Beverina, qui [&hellip;]\" \/>\n<meta name=\"twitter:image\" content=\"https:\/\/vosgesinfo.fr\/app\/uploads\/sites\/4\/2026\/03\/senones-jean-luc-beverina.jpg\" \/>\n<meta name=\"twitter:creator\" content=\"@VosgesInfo88\" \/>\n<meta name=\"twitter:site\" content=\"@VosgesInfo88\" \/>\n<meta name=\"twitter:label1\" content=\"\u00c9crit par\" \/>\n\t<meta name=\"twitter:data1\" content=\"J.J.\" \/>\n<script type=\"application\/ld+json\" class=\"yoast-schema-graph\">{\"@context\":\"https:\/\/schema.org\",\"@graph\":[{\"@type\":\"Article\",\"@id\":\"https:\/\/vosgesinfo.fr\/saintdieinfo\/2026\/03\/municipales-2026-jean-luc-beverina-va-entamer-un-quatrieme-mandat-a-senones\/#article\",\"isPartOf\":{\"@id\":\"https:\/\/vosgesinfo.fr\/saintdieinfo\/2026\/03\/municipales-2026-jean-luc-beverina-va-entamer-un-quatrieme-mandat-a-senones\/\"},\"author\":{\"name\":\"J.J.\",\"@id\":\"https:\/\/vosgesinfo.fr\/saintdieinfo\/#\/schema\/person\/fa73e9f726d67bb88f46d5b7943cb572\"},\"headline\":\"Municipales 2026\u00a0: Jean-Luc Beverina va entamer un quatri\u00e8me mandat \u00e0 Senones\",\"datePublished\":\"2026-03-15T21:23:31+00:00\",\"dateModified\":\"2026-03-15T21:11:57+00:00\",\"mainEntityOfPage\":{\"@id\":\"https:\/\/vosgesinfo.fr\/saintdieinfo\/2026\/03\/municipales-2026-jean-luc-beverina-va-entamer-un-quatrieme-mandat-a-senones\/\"},\"wordCount\":83,\"commentCount\":0,\"publisher\":{\"@id\":\"https:\/\/vosgesinfo.fr\/saintdieinfo\/#organization\"},\"image\":{\"@id\":\"https:\/\/vosgesinfo.fr\/saintdieinfo\/2026\/03\/municipales-2026-jean-luc-beverina-va-entamer-un-quatrieme-mandat-a-senones\/#primaryimage\"},\"thumbnailUrl\":\"https:\/\/vosgesinfo.fr\/app\/uploads\/sites\/4\/2026\/03\/senones-jean-luc-beverina.jpg\",\"keywords\":[\"Elections municipales 2026\",\"Jean-Luc B\u00e9v\u00e9rina\",\"maire sortant\",\"participation\",\"quatri\u00e8me mandat\",\"Senones\",\"vosges\"],\"articleSection\":[\"A la Une\",\"D\u00e9odatie\",\"Politique\"],\"inLanguage\":\"fr-FR\",\"potentialAction\":[{\"@type\":\"CommentAction\",\"name\":\"Comment\",\"target\":[\"https:\/\/vosgesinfo.fr\/saintdieinfo\/2026\/03\/municipales-2026-jean-luc-beverina-va-entamer-un-quatrieme-mandat-a-senones\/#respond\"]}]},{\"@type\":\"WebPage\",\"@id\":\"https:\/\/vosgesinfo.fr\/saintdieinfo\/2026\/03\/municipales-2026-jean-luc-beverina-va-entamer-un-quatrieme-mandat-a-senones\/\",\"url\":\"https:\/\/vosgesinfo.fr\/saintdieinfo\/2026\/03\/municipales-2026-jean-luc-beverina-va-entamer-un-quatrieme-mandat-a-senones\/\",\"name\":\"Municipales 2026\u00a0: Jean-Luc Beverina va entamer un quatri\u00e8me mandat \u00e0 Senones - Saint Die Info\",\"isPartOf\":{\"@id\":\"https:\/\/vosgesinfo.fr\/saintdieinfo\/#website\"},\"primaryImageOfPage\":{\"@id\":\"https:\/\/vosgesinfo.fr\/saintdieinfo\/2026\/03\/municipales-2026-jean-luc-beverina-va-entamer-un-quatrieme-mandat-a-senones\/#primaryimage\"},\"image\":{\"@id\":\"https:\/\/vosgesinfo.fr\/saintdieinfo\/2026\/03\/municipales-2026-jean-luc-beverina-va-entamer-un-quatrieme-mandat-a-senones\/#primaryimage\"},\"thumbnailUrl\":\"https:\/\/vosgesinfo.fr\/app\/uploads\/sites\/4\/2026\/03\/senones-jean-luc-beverina.jpg\",\"datePublished\":\"2026-03-15T21:23:31+00:00\",\"dateModified\":\"2026-03-15T21:11:57+00:00\",\"breadcrumb\":{\"@id\":\"https:\/\/vosgesinfo.fr\/saintdieinfo\/2026\/03\/municipales-2026-jean-luc-beverina-va-entamer-un-quatrieme-mandat-a-senones\/#breadcrumb\"},\"inLanguage\":\"fr-FR\",\"potentialAction\":[{\"@type\":\"ReadAction\",\"target\":[\"https:\/\/vosgesinfo.fr\/saintdieinfo\/2026\/03\/municipales-2026-jean-luc-beverina-va-entamer-un-quatrieme-mandat-a-senones\/\"]}]},{\"@type\":\"ImageObject\",\"inLanguage\":\"fr-FR\",\"@id\":\"https:\/\/vosgesinfo.fr\/saintdieinfo\/2026\/03\/municipales-2026-jean-luc-beverina-va-entamer-un-quatrieme-mandat-a-senones\/#primaryimage\",\"url\":\"https:\/\/vosgesinfo.fr\/app\/uploads\/sites\/4\/2026\/03\/senones-jean-luc-beverina.jpg\",\"contentUrl\":\"https:\/\/vosgesinfo.fr\/app\/uploads\/sites\/4\/2026\/03\/senones-jean-luc-beverina.jpg\",\"width\":1342,\"height\":931,\"caption\":\"(Photographie \\\"Senones, une passion commune\\\")\"},{\"@type\":\"BreadcrumbList\",\"@id\":\"https:\/\/vosgesinfo.fr\/saintdieinfo\/2026\/03\/municipales-2026-jean-luc-beverina-va-entamer-un-quatrieme-mandat-a-senones\/#breadcrumb\",\"itemListElement\":[{\"@type\":\"ListItem\",\"position\":1,\"name\":\"Home\",\"item\":\"https:\/\/vosgesinfo.fr\/saintdieinfo\/\"},{\"@type\":\"ListItem\",\"position\":2,\"name\":\"Municipales 2026\u00a0: Jean-Luc Beverina va entamer un quatri\u00e8me mandat \u00e0 Senones\"}]},{\"@type\":\"WebSite\",\"@id\":\"https:\/\/vosgesinfo.fr\/saintdieinfo\/#website\",\"url\":\"https:\/\/vosgesinfo.fr\/saintdieinfo\/\",\"name\":\"Saint Die Info\",\"description\":\"Toute l&#039;actualit\u00e9 de Saint-Di\u00e9-Des-Vosges\",\"publisher\":{\"@id\":\"https:\/\/vosgesinfo.fr\/saintdieinfo\/#organization\"},\"alternateName\":\"Toute l'actualit\u00e9 de Saint-Di\u00e9-Des-Vosges\",\"potentialAction\":[{\"@type\":\"SearchAction\",\"target\":{\"@type\":\"EntryPoint\",\"urlTemplate\":\"https:\/\/vosgesinfo.fr\/saintdieinfo\/?s={search_term_string}\"},\"query-input\":\"required name=search_term_string\"}],\"inLanguage\":\"fr-FR\"},{\"@type\":\"Organization\",\"@id\":\"https:\/\/vosgesinfo.fr\/saintdieinfo\/#organization\",\"name\":\"Saint Die Info\",\"url\":\"https:\/\/vosgesinfo.fr\/saintdieinfo\/\",\"logo\":{\"@type\":\"ImageObject\",\"inLanguage\":\"fr-FR\",\"@id\":\"https:\/\/vosgesinfo.fr\/saintdieinfo\/#\/schema\/logo\/image\/\",\"url\":\"https:\/\/vosgesinfo.fr\/app\/uploads\/sites\/4\/2024\/02\/logo-sdi.jpg\",\"contentUrl\":\"https:\/\/vosgesinfo.fr\/app\/uploads\/sites\/4\/2024\/02\/logo-sdi.jpg\",\"width\":600,\"height\":600,\"caption\":\"Saint Die Info\"},\"image\":{\"@id\":\"https:\/\/vosgesinfo.fr\/saintdieinfo\/#\/schema\/logo\/image\/\"},\"sameAs\":[\"https:\/\/www.facebook.com\/Saintdieinfofr\",\"https:\/\/x.com\/VosgesInfo88\",\"https:\/\/www.youtube.com\/@vosgesinfo\"]},{\"@type\":\"Person\",\"@id\":\"https:\/\/vosgesinfo.fr\/saintdieinfo\/#\/schema\/person\/fa73e9f726d67bb88f46d5b7943cb572\",\"name\":\"J.J.\",\"image\":{\"@type\":\"ImageObject\",\"inLanguage\":\"fr-FR\",\"@id\":\"https:\/\/vosgesinfo.fr\/saintdieinfo\/#\/schema\/person\/image\/\",\"url\":\"https:\/\/secure.gravatar.com\/avatar\/219e749e47ffbcca018a360ae4add7d4cdf1cdaaf8bc7676b27efade3fe65615?s=96&d=mm&r=g\",\"contentUrl\":\"https:\/\/secure.gravatar.com\/avatar\/219e749e47ffbcca018a360ae4add7d4cdf1cdaaf8bc7676b27efade3fe65615?s=96&d=mm&r=g\",\"caption\":\"J.J.\"},\"url\":\"https:\/\/vosgesinfo.fr\/saintdieinfo\/author\/j-j\/\"}]}<\/script>\n<!-- \/ Yoast SEO plugin. -->","yoast_head_json":{"title":"Municipales 2026\u00a0: Jean-Luc Beverina va entamer un quatri\u00e8me mandat \u00e0 Senones - Saint Die Info","robots":{"index":"index","follow":"follow","max-snippet":"max-snippet:-1","max-image-preview":"max-image-preview:large","max-video-preview":"max-video-preview:-1"},"canonical":"https:\/\/vosgesinfo.fr\/saintdieinfo\/2026\/03\/municipales-2026-jean-luc-beverina-va-entamer-un-quatrieme-mandat-a-senones\/","twitter_card":"summary_large_image","twitter_title":"Municipales 2026\u00a0: Jean-Luc Beverina va entamer un quatri\u00e8me mandat \u00e0 Senones - Saint Die Info","twitter_description":"Une seule liste \u00e9tait en lice aux \u00e9lections municipales 2026 \u00e0 Senones : celle du maire sortant Jean-Luc Beverina, qui [&hellip;]","twitter_image":"https:\/\/vosgesinfo.fr\/app\/uploads\/sites\/4\/2026\/03\/senones-jean-luc-beverina.jpg","twitter_creator":"@VosgesInfo88","twitter_site":"@VosgesInfo88","twitter_misc":{"\u00c9crit par":"J.J."},"schema":{"@context":"https:\/\/schema.org","@graph":[{"@type":"Article","@id":"https:\/\/vosgesinfo.fr\/saintdieinfo\/2026\/03\/municipales-2026-jean-luc-beverina-va-entamer-un-quatrieme-mandat-a-senones\/#article","isPartOf":{"@id":"https:\/\/vosgesinfo.fr\/saintdieinfo\/2026\/03\/municipales-2026-jean-luc-beverina-va-entamer-un-quatrieme-mandat-a-senones\/"},"author":{"name":"J.J.","@id":"https:\/\/vosgesinfo.fr\/saintdieinfo\/#\/schema\/person\/fa73e9f726d67bb88f46d5b7943cb572"},"headline":"Municipales 2026\u00a0: Jean-Luc Beverina va entamer un quatri\u00e8me mandat \u00e0 Senones","datePublished":"2026-03-15T21:23:31+00:00","dateModified":"2026-03-15T21:11:57+00:00","mainEntityOfPage":{"@id":"https:\/\/vosgesinfo.fr\/saintdieinfo\/2026\/03\/municipales-2026-jean-luc-beverina-va-entamer-un-quatrieme-mandat-a-senones\/"},"wordCount":83,"commentCount":0,"publisher":{"@id":"https:\/\/vosgesinfo.fr\/saintdieinfo\/#organization"},"image":{"@id":"https:\/\/vosgesinfo.fr\/saintdieinfo\/2026\/03\/municipales-2026-jean-luc-beverina-va-entamer-un-quatrieme-mandat-a-senones\/#primaryimage"},"thumbnailUrl":"https:\/\/vosgesinfo.fr\/app\/uploads\/sites\/4\/2026\/03\/senones-jean-luc-beverina.jpg","keywords":["Elections municipales 2026","Jean-Luc B\u00e9v\u00e9rina","maire sortant","participation","quatri\u00e8me mandat","Senones","vosges"],"articleSection":["A la Une","D\u00e9odatie","Politique"],"inLanguage":"fr-FR","potentialAction":[{"@type":"CommentAction","name":"Comment","target":["https:\/\/vosgesinfo.fr\/saintdieinfo\/2026\/03\/municipales-2026-jean-luc-beverina-va-entamer-un-quatrieme-mandat-a-senones\/#respond"]}]},{"@type":"WebPage","@id":"https:\/\/vosgesinfo.fr\/saintdieinfo\/2026\/03\/municipales-2026-jean-luc-beverina-va-entamer-un-quatrieme-mandat-a-senones\/","url":"https:\/\/vosgesinfo.fr\/saintdieinfo\/2026\/03\/municipales-2026-jean-luc-beverina-va-entamer-un-quatrieme-mandat-a-senones\/","name":"Municipales 2026\u00a0: Jean-Luc Beverina va entamer un quatri\u00e8me mandat \u00e0 Senones - Saint Die Info","isPartOf":{"@id":"https:\/\/vosgesinfo.fr\/saintdieinfo\/#website"},"primaryImageOfPage":{"@id":"https:\/\/vosgesinfo.fr\/saintdieinfo\/2026\/03\/municipales-2026-jean-luc-beverina-va-entamer-un-quatrieme-mandat-a-senones\/#primaryimage"},"image":{"@id":"https:\/\/vosgesinfo.fr\/saintdieinfo\/2026\/03\/municipales-2026-jean-luc-beverina-va-entamer-un-quatrieme-mandat-a-senones\/#primaryimage"},"thumbnailUrl":"https:\/\/vosgesinfo.fr\/app\/uploads\/sites\/4\/2026\/03\/senones-jean-luc-beverina.jpg","datePublished":"2026-03-15T21:23:31+00:00","dateModified":"2026-03-15T21:11:57+00:00","breadcrumb":{"@id":"https:\/\/vosgesinfo.fr\/saintdieinfo\/2026\/03\/municipales-2026-jean-luc-beverina-va-entamer-un-quatrieme-mandat-a-senones\/#breadcrumb"},"inLanguage":"fr-FR","potentialAction":[{"@type":"ReadAction","target":["https:\/\/vosgesinfo.fr\/saintdieinfo\/2026\/03\/municipales-2026-jean-luc-beverina-va-entamer-un-quatrieme-mandat-a-senones\/"]}]},{"@type":"ImageObject","inLanguage":"fr-FR","@id":"https:\/\/vosgesinfo.fr\/saintdieinfo\/2026\/03\/municipales-2026-jean-luc-beverina-va-entamer-un-quatrieme-mandat-a-senones\/#primaryimage","url":"https:\/\/vosgesinfo.fr\/app\/uploads\/sites\/4\/2026\/03\/senones-jean-luc-beverina.jpg","contentUrl":"https:\/\/vosgesinfo.fr\/app\/uploads\/sites\/4\/2026\/03\/senones-jean-luc-beverina.jpg","width":1342,"height":931,"caption":"(Photographie \"Senones, une passion commune\")"},{"@type":"BreadcrumbList","@id":"https:\/\/vosgesinfo.fr\/saintdieinfo\/2026\/03\/municipales-2026-jean-luc-beverina-va-entamer-un-quatrieme-mandat-a-senones\/#breadcrumb","itemListElement":[{"@type":"ListItem","position":1,"name":"Home","item":"https:\/\/vosgesinfo.fr\/saintdieinfo\/"},{"@type":"ListItem","position":2,"name":"Municipales 2026\u00a0: Jean-Luc Beverina va entamer un quatri\u00e8me mandat \u00e0 Senones"}]},{"@type":"WebSite","@id":"https:\/\/vosgesinfo.fr\/saintdieinfo\/#website","url":"https:\/\/vosgesinfo.fr\/saintdieinfo\/","name":"Saint Die Info","description":"Toute l&#039;actualit\u00e9 de Saint-Di\u00e9-Des-Vosges","publisher":{"@id":"https:\/\/vosgesinfo.fr\/saintdieinfo\/#organization"},"alternateName":"Toute l'actualit\u00e9 de Saint-Di\u00e9-Des-Vosges","potentialAction":[{"@type":"SearchAction","target":{"@type":"EntryPoint","urlTemplate":"https:\/\/vosgesinfo.fr\/saintdieinfo\/?s={search_term_string}"},"query-input":"required name=search_term_string"}],"inLanguage":"fr-FR"},{"@type":"Organization","@id":"https:\/\/vosgesinfo.fr\/saintdieinfo\/#organization","name":"Saint Die Info","url":"https:\/\/vosgesinfo.fr\/saintdieinfo\/","logo":{"@type":"ImageObject","inLanguage":"fr-FR","@id":"https:\/\/vosgesinfo.fr\/saintdieinfo\/#\/schema\/logo\/image\/","url":"https:\/\/vosgesinfo.fr\/app\/uploads\/sites\/4\/2024\/02\/logo-sdi.jpg","contentUrl":"https:\/\/vosgesinfo.fr\/app\/uploads\/sites\/4\/2024\/02\/logo-sdi.jpg","width":600,"height":600,"caption":"Saint Die Info"},"image":{"@id":"https:\/\/vosgesinfo.fr\/saintdieinfo\/#\/schema\/logo\/image\/"},"sameAs":["https:\/\/www.facebook.com\/Saintdieinfofr","https:\/\/x.com\/VosgesInfo88","https:\/\/www.youtube.com\/@vosgesinfo"]},{"@type":"Person","@id":"https:\/\/vosgesinfo.fr\/saintdieinfo\/#\/schema\/person\/fa73e9f726d67bb88f46d5b7943cb572","name":"J.J.","image":{"@type":"ImageObject","inLanguage":"fr-FR","@id":"https:\/\/vosgesinfo.fr\/saintdieinfo\/#\/schema\/person\/image\/","url":"https:\/\/secure.gravatar.com\/avatar\/219e749e47ffbcca018a360ae4add7d4cdf1cdaaf8bc7676b27efade3fe65615?s=96&d=mm&r=g","contentUrl":"https:\/\/secure.gravatar.com\/avatar\/219e749e47ffbcca018a360ae4add7d4cdf1cdaaf8bc7676b27efade3fe65615?s=96&d=mm&r=g","caption":"J.J."},"url":"https:\/\/vosgesinfo.fr\/saintdieinfo\/author\/j-j\/"}]}},"_links":{"self":[{"href":"https:\/\/vosgesinfo.fr\/saintdieinfo\/wp-json\/wp\/v2\/posts\/89026","targetHints":{"allow":["GET"]}}],"collection":[{"href":"https:\/\/vosgesinfo.fr\/saintdieinfo\/wp-json\/wp\/v2\/posts"}],"about":[{"href":"https:\/\/vosgesinfo.fr\/saintdieinfo\/wp-json\/wp\/v2\/types\/post"}],"author":[{"embeddable":true,"href":"https:\/\/vosgesinfo.fr\/saintdieinfo\/wp-json\/wp\/v2\/users\/46"}],"replies":[{"embeddable":true,"href":"https:\/\/vosgesinfo.fr\/saintdieinfo\/wp-json\/wp\/v2\/comments?post=89026"}],"version-history":[{"count":1,"href":"https:\/\/vosgesinfo.fr\/saintdieinfo\/wp-json\/wp\/v2\/posts\/89026\/revisions"}],"predecessor-version":[{"id":89028,"href":"https:\/\/vosgesinfo.fr\/saintdieinfo\/wp-json\/wp\/v2\/posts\/89026\/revisions\/89028"}],"wp:featuredmedia":[{"embeddable":true,"href":"https:\/\/vosgesinfo.fr\/saintdieinfo\/wp-json\/wp\/v2\/media\/89015"}],"wp:attachment":[{"href":"https:\/\/vosgesinfo.fr\/saintdieinfo\/wp-json\/wp\/v2\/media?parent=89026"}],"wp:term":[{"taxonomy":"category","embeddable":true,"href":"https:\/\/vosgesinfo.fr\/saintdieinfo\/wp-json\/wp\/v2\/categories?post=89026"},{"taxonomy":"post_tag","embeddable":true,"href":"https:\/\/vosgesinfo.fr\/saintdieinfo\/wp-json\/wp\/v2\/tags?post=89026"}],"curies":[{"name":"wp","href":"https:\/\/api.w.org\/{rel}","templated":true}]}}