{"id":89041,"date":"2026-03-16T09:53:19","date_gmt":"2026-03-16T08:53:19","guid":{"rendered":"https:\/\/vosgesinfo.fr\/saintdieinfo\/?p=89041"},"modified":"2026-03-16T09:47:58","modified_gmt":"2026-03-16T08:47:58","slug":"un-chien-malinois-frappe-a-coups-de-pelles-secouru-par-au-nom-des-animaux-a-saint-die-des-vosges","status":"publish","type":"post","link":"https:\/\/vosgesinfo.fr\/saintdieinfo\/2026\/03\/un-chien-malinois-frappe-a-coups-de-pelles-secouru-par-au-nom-des-animaux-a-saint-die-des-vosges\/","title":{"rendered":"Un chien malinois frapp\u00e9 \u00e0 coups de pelles secouru par Au Nom Des Animaux \u00e0 Saint-Di\u00e9-des-Vosges"},"content":{"rendered":"<div id=\"attachment_89042\" style=\"width: 1034px\" class=\"wp-caption alignnone\"><a href=\"https:\/\/vosgesinfo.fr\/app\/uploads\/sites\/4\/2026\/03\/anda-maltraitance-malinois-coups-de-pelle.jpg\"><img decoding=\"async\" aria-describedby=\"caption-attachment-89042\" class=\"size-large wp-image-89042\" src=\"https:\/\/vosgesinfo.fr\/app\/uploads\/sites\/4\/2026\/03\/anda-maltraitance-malinois-coups-de-pelle-1024x863.jpg\" alt=\"\" width=\"1024\" height=\"863\" srcset=\"https:\/\/vosgesinfo.fr\/app\/uploads\/sites\/4\/2026\/03\/anda-maltraitance-malinois-coups-de-pelle-1024x863.jpg 1024w, https:\/\/vosgesinfo.fr\/app\/uploads\/sites\/4\/2026\/03\/anda-maltraitance-malinois-coups-de-pelle-300x253.jpg 300w, https:\/\/vosgesinfo.fr\/app\/uploads\/sites\/4\/2026\/03\/anda-maltraitance-malinois-coups-de-pelle-768x647.jpg 768w, https:\/\/vosgesinfo.fr\/app\/uploads\/sites\/4\/2026\/03\/anda-maltraitance-malinois-coups-de-pelle.jpg 1282w\" sizes=\"(max-width: 1024px) 100vw, 1024px\" \/><\/a><p id=\"caption-attachment-89042\" class=\"wp-caption-text\">(Photographie Au Nom Des Animaux)<\/p><\/div>\n<h2>Samedi soir, l\u2019association <strong>Au Nom Des Animaux \u2013 ANDA \u2013<\/strong> est intervenue \u00e0 <strong>Saint-Di\u00e9-des-Vosges<\/strong> pour prendre en charge <strong>Rex<\/strong>, un <strong>malinois de 7 ans<\/strong> victime de violences particuli\u00e8rement graves. Selon l\u2019association, son propri\u00e9taire le frappait \u00e0 <strong>coups de pelle<\/strong>. \u00ab Un acte cruel, inacceptable et totalement r\u00e9pr\u00e9hensible par la loi. \u00bb<\/h2>\n<p><!--more--><\/p>\n<h3><strong>Le chien mis en s\u00e9curit\u00e9<\/strong><\/h3>\n<p>Le chien a \u00e9t\u00e9 mis en s\u00e9curit\u00e9 avec l\u2019appui de la <strong>police nationale de Saint-Di\u00e9-des-Vosges<\/strong>. Il a ensuite \u00e9t\u00e9 confi\u00e9 \u00e0 un <strong>refuge<\/strong> dans l\u2019attente d\u2019une solution adapt\u00e9e. L\u2019objectif est d\u00e9sormais de lui trouver un <strong>foyer<\/strong> capable de lui offrir un cadre stable, de l\u2019attention et de la s\u00e9curit\u00e9.<\/p>\n<h3><strong>Une plainte d\u00e9pos\u00e9e ce lundi<\/strong><\/h3>\n<p>L\u2019association doit d\u00e9poser <strong>plainte<\/strong> <strong>ce lundi matin<\/strong> afin que la justice se saisisse du dossier et que l\u2019auteur des faits r\u00e9ponde de ses actes devant le <strong>tribunal<\/strong>. Pour rappel, la maltraitance animale constitue un d\u00e9lit pr\u00e9vu par le <strong>Code p\u00e9nal<\/strong> et peut entra\u00eener des peines d\u2019emprisonnement ainsi que de <strong>lourdes amendes<\/strong>.<\/p>\n<p>ANDA appelle aussi les habitants \u00e0 <strong>signaler<\/strong> toute situation de <strong>violence envers un animal<\/strong>. \u00ab Les animaux ne peuvent pas se d\u00e9fendre seuls, mais nous, nous le faisons pour eux. Ensemble, nous devons dire <strong>STOP \u00e0 la maltraitance<\/strong> et prot\u00e9ger ceux qui sont <strong>vuln\u00e9rables<\/strong>. \u00bb L\u2019association insiste \u00e9galement sur la n\u00e9cessit\u00e9 d\u2019agir face \u00e0 ce type de faits : \u00ab Ne d\u00e9tournez pas le regard. La <strong>violence envers les animaux<\/strong> est un crime, et nous devons agir. \u00bb<\/p>\n<h3><strong>Une famille d\u2019accueil recherch\u00e9e pour Rex<\/strong><\/h3>\n<p>Parall\u00e8lement \u00e0 cette prise en charge, l\u2019association recherche une <strong>famille d\u2019accueil<\/strong> s\u00e9rieuse et bienveillante pour <strong>Rex<\/strong>. Le chien a subi des <strong>maltraitances physiques et psychologiques<\/strong>. En raison de ce pass\u00e9, il peut avoir des r\u00e9actions envers les humains comme envers les autres animaux, en particulier lorsqu\u2019il cherche \u00e0 prot\u00e9ger la personne qu\u2019il identifie comme son ma\u00eetre.<\/p>\n<p>L\u2019association d\u00e9crit toutefois un chien <strong>affectueux<\/strong>, <strong>loyal<\/strong> et proche de l\u2019humain lorsqu\u2019un climat de confiance s\u2019installe. Rex aurait surtout besoin de <strong>patience<\/strong>, de <strong>stabilit\u00e9<\/strong> et d\u2019un <strong>environnement rassurant<\/strong> pour retrouver son \u00e9quilibre et laisser appara\u00eetre son temp\u00e9rament.<\/p>\n<h3><strong>Un profil pr\u00e9cis pour l\u2019accueillir<\/strong><\/h3>\n<p>La famille d\u2019accueil recherch\u00e9e doit avoir de l\u2019exp\u00e9rience avec les chiens, de pr\u00e9f\u00e9rence avec les <strong>malinois<\/strong>. L\u2019association souhaite aussi un cadre <strong>calme et stable<\/strong>, <strong>sans autres animaux<\/strong> et <strong>sans enfant<\/strong>. La personne ou la famille retenue devra pouvoir lui consacrer du temps, faire preuve de <strong>patience<\/strong> et lui apporter beaucoup de bienveillance.<\/p>\n<p>Le contact avec l\u2019association peut se faire par <strong>courriel<\/strong> \u00e0 <strong><a href=\"mailto:aunomdesanimaux88@gmail.com\" target=\"_blank\" rel=\"noopener\">aunomdesanimaux88@gmail.com<\/a><\/strong> ou par <a href=\"https:\/\/www.facebook.com\/p\/AU-NOM-DES-ANIMAUX-100079156565214\/\" target=\"_blank\" rel=\"noopener\"><strong>message priv\u00e9 sur Facebook<\/strong><\/a>. ANDA invite \u00e9galement \u00e0 <strong>relayer largement l\u2019appel<\/strong> afin d\u2019aider <strong>Rex<\/strong> \u00e0 trouver le foyer qu\u2019il m\u00e9rite.<\/p>\n","protected":false},"excerpt":{"rendered":"<p>Samedi soir, l\u2019association Au Nom Des Animaux \u2013 ANDA \u2013 est intervenue \u00e0 Saint-Di\u00e9-des-Vosges pour prendre en charge Rex, un [&hellip;]<\/p>\n","protected":false},"author":46,"featured_media":89042,"comment_status":"open","ping_status":"open","sticky":false,"template":"","format":"standard","meta":{"footnotes":""},"categories":[460,17257,167,18],"tags":[19495,20784,20783,5472,4860,20785,20782,2881,43],"class_list":["post-89041","post","type-post","status-publish","format-standard","has-post-thumbnail","hentry","category-a-la-une","category-faits-divers","category-saint-die-des-vosges","category-vosges","tag-au-nom-des-animaux-anda","tag-famille-daccueil","tag-malinois","tag-maltraitance-animale","tag-police-nationale","tag-refuge","tag-rex","tag-saint-die-des-vosges","tag-vosges"],"acf":[],"yoast_head":"<!-- This site is optimized with the Yoast SEO plugin v22.5 - https:\/\/yoast.com\/wordpress\/plugins\/seo\/ -->\n<title>Un chien malinois frapp\u00e9 \u00e0 coups de pelles secouru par Au Nom Des Animaux \u00e0 Saint-Di\u00e9-des-Vosges - Saint Die Info<\/title>\n<meta name=\"robots\" content=\"index, follow, max-snippet:-1, max-image-preview:large, max-video-preview:-1\" \/>\n<link rel=\"canonical\" href=\"https:\/\/vosgesinfo.fr\/saintdieinfo\/2026\/03\/un-chien-malinois-frappe-a-coups-de-pelles-secouru-par-au-nom-des-animaux-a-saint-die-des-vosges\/\" \/>\n<meta name=\"twitter:card\" content=\"summary_large_image\" \/>\n<meta name=\"twitter:title\" content=\"Un chien malinois frapp\u00e9 \u00e0 coups de pelles secouru par Au Nom Des Animaux \u00e0 Saint-Di\u00e9-des-Vosges - Saint Die Info\" \/>\n<meta name=\"twitter:description\" content=\"Samedi soir, l\u2019association Au Nom Des Animaux \u2013 ANDA \u2013 est intervenue \u00e0 Saint-Di\u00e9-des-Vosges pour prendre en charge Rex, un [&hellip;]\" \/>\n<meta name=\"twitter:image\" content=\"https:\/\/vosgesinfo.fr\/app\/uploads\/sites\/4\/2026\/03\/anda-maltraitance-malinois-coups-de-pelle.jpg\" \/>\n<meta name=\"twitter:creator\" content=\"@VosgesInfo88\" \/>\n<meta name=\"twitter:site\" content=\"@VosgesInfo88\" \/>\n<meta name=\"twitter:label1\" content=\"\u00c9crit par\" \/>\n\t<meta name=\"twitter:data1\" content=\"J.J.\" \/>\n\t<meta name=\"twitter:label2\" content=\"Dur\u00e9e de lecture estim\u00e9e\" \/>\n\t<meta name=\"twitter:data2\" content=\"3 minutes\" \/>\n<script type=\"application\/ld+json\" class=\"yoast-schema-graph\">{\"@context\":\"https:\/\/schema.org\",\"@graph\":[{\"@type\":\"Article\",\"@id\":\"https:\/\/vosgesinfo.fr\/saintdieinfo\/2026\/03\/un-chien-malinois-frappe-a-coups-de-pelles-secouru-par-au-nom-des-animaux-a-saint-die-des-vosges\/#article\",\"isPartOf\":{\"@id\":\"https:\/\/vosgesinfo.fr\/saintdieinfo\/2026\/03\/un-chien-malinois-frappe-a-coups-de-pelles-secouru-par-au-nom-des-animaux-a-saint-die-des-vosges\/\"},\"author\":{\"name\":\"J.J.\",\"@id\":\"https:\/\/vosgesinfo.fr\/saintdieinfo\/#\/schema\/person\/fa73e9f726d67bb88f46d5b7943cb572\"},\"headline\":\"Un chien malinois frapp\u00e9 \u00e0 coups de pelles secouru par Au Nom Des Animaux \u00e0 Saint-Di\u00e9-des-Vosges\",\"datePublished\":\"2026-03-16T08:53:19+00:00\",\"dateModified\":\"2026-03-16T08:47:58+00:00\",\"mainEntityOfPage\":{\"@id\":\"https:\/\/vosgesinfo.fr\/saintdieinfo\/2026\/03\/un-chien-malinois-frappe-a-coups-de-pelles-secouru-par-au-nom-des-animaux-a-saint-die-des-vosges\/\"},\"wordCount\":505,\"commentCount\":7,\"publisher\":{\"@id\":\"https:\/\/vosgesinfo.fr\/saintdieinfo\/#organization\"},\"image\":{\"@id\":\"https:\/\/vosgesinfo.fr\/saintdieinfo\/2026\/03\/un-chien-malinois-frappe-a-coups-de-pelles-secouru-par-au-nom-des-animaux-a-saint-die-des-vosges\/#primaryimage\"},\"thumbnailUrl\":\"https:\/\/vosgesinfo.fr\/app\/uploads\/sites\/4\/2026\/03\/anda-maltraitance-malinois-coups-de-pelle.jpg\",\"keywords\":[\"Au Nom Des Animaux ANDA\",\"famille d\u2019accueil\",\"malinois\",\"Maltraitance animale\",\"Police Nationale\",\"refuge\",\"Rex\",\"Saint-Di\u00e9-des-Vosges\",\"vosges\"],\"articleSection\":[\"A la Une\",\"Faits-divers\",\"Saint-Di\u00e9-des-Vosges\",\"Vosges\"],\"inLanguage\":\"fr-FR\",\"potentialAction\":[{\"@type\":\"CommentAction\",\"name\":\"Comment\",\"target\":[\"https:\/\/vosgesinfo.fr\/saintdieinfo\/2026\/03\/un-chien-malinois-frappe-a-coups-de-pelles-secouru-par-au-nom-des-animaux-a-saint-die-des-vosges\/#respond\"]}]},{\"@type\":\"WebPage\",\"@id\":\"https:\/\/vosgesinfo.fr\/saintdieinfo\/2026\/03\/un-chien-malinois-frappe-a-coups-de-pelles-secouru-par-au-nom-des-animaux-a-saint-die-des-vosges\/\",\"url\":\"https:\/\/vosgesinfo.fr\/saintdieinfo\/2026\/03\/un-chien-malinois-frappe-a-coups-de-pelles-secouru-par-au-nom-des-animaux-a-saint-die-des-vosges\/\",\"name\":\"Un chien malinois frapp\u00e9 \u00e0 coups de pelles secouru par Au Nom Des Animaux \u00e0 Saint-Di\u00e9-des-Vosges - Saint Die Info\",\"isPartOf\":{\"@id\":\"https:\/\/vosgesinfo.fr\/saintdieinfo\/#website\"},\"primaryImageOfPage\":{\"@id\":\"https:\/\/vosgesinfo.fr\/saintdieinfo\/2026\/03\/un-chien-malinois-frappe-a-coups-de-pelles-secouru-par-au-nom-des-animaux-a-saint-die-des-vosges\/#primaryimage\"},\"image\":{\"@id\":\"https:\/\/vosgesinfo.fr\/saintdieinfo\/2026\/03\/un-chien-malinois-frappe-a-coups-de-pelles-secouru-par-au-nom-des-animaux-a-saint-die-des-vosges\/#primaryimage\"},\"thumbnailUrl\":\"https:\/\/vosgesinfo.fr\/app\/uploads\/sites\/4\/2026\/03\/anda-maltraitance-malinois-coups-de-pelle.jpg\",\"datePublished\":\"2026-03-16T08:53:19+00:00\",\"dateModified\":\"2026-03-16T08:47:58+00:00\",\"breadcrumb\":{\"@id\":\"https:\/\/vosgesinfo.fr\/saintdieinfo\/2026\/03\/un-chien-malinois-frappe-a-coups-de-pelles-secouru-par-au-nom-des-animaux-a-saint-die-des-vosges\/#breadcrumb\"},\"inLanguage\":\"fr-FR\",\"potentialAction\":[{\"@type\":\"ReadAction\",\"target\":[\"https:\/\/vosgesinfo.fr\/saintdieinfo\/2026\/03\/un-chien-malinois-frappe-a-coups-de-pelles-secouru-par-au-nom-des-animaux-a-saint-die-des-vosges\/\"]}]},{\"@type\":\"ImageObject\",\"inLanguage\":\"fr-FR\",\"@id\":\"https:\/\/vosgesinfo.fr\/saintdieinfo\/2026\/03\/un-chien-malinois-frappe-a-coups-de-pelles-secouru-par-au-nom-des-animaux-a-saint-die-des-vosges\/#primaryimage\",\"url\":\"https:\/\/vosgesinfo.fr\/app\/uploads\/sites\/4\/2026\/03\/anda-maltraitance-malinois-coups-de-pelle.jpg\",\"contentUrl\":\"https:\/\/vosgesinfo.fr\/app\/uploads\/sites\/4\/2026\/03\/anda-maltraitance-malinois-coups-de-pelle.jpg\",\"width\":1282,\"height\":1080,\"caption\":\"(Photographie Au Nom Des Animaux)\"},{\"@type\":\"BreadcrumbList\",\"@id\":\"https:\/\/vosgesinfo.fr\/saintdieinfo\/2026\/03\/un-chien-malinois-frappe-a-coups-de-pelles-secouru-par-au-nom-des-animaux-a-saint-die-des-vosges\/#breadcrumb\",\"itemListElement\":[{\"@type\":\"ListItem\",\"position\":1,\"name\":\"Home\",\"item\":\"https:\/\/vosgesinfo.fr\/saintdieinfo\/\"},{\"@type\":\"ListItem\",\"position\":2,\"name\":\"Un chien malinois frapp\u00e9 \u00e0 coups de pelles secouru par Au Nom Des Animaux \u00e0 Saint-Di\u00e9-des-Vosges\"}]},{\"@type\":\"WebSite\",\"@id\":\"https:\/\/vosgesinfo.fr\/saintdieinfo\/#website\",\"url\":\"https:\/\/vosgesinfo.fr\/saintdieinfo\/\",\"name\":\"Saint Die Info\",\"description\":\"Toute l&#039;actualit\u00e9 de Saint-Di\u00e9-Des-Vosges\",\"publisher\":{\"@id\":\"https:\/\/vosgesinfo.fr\/saintdieinfo\/#organization\"},\"alternateName\":\"Toute l'actualit\u00e9 de Saint-Di\u00e9-Des-Vosges\",\"potentialAction\":[{\"@type\":\"SearchAction\",\"target\":{\"@type\":\"EntryPoint\",\"urlTemplate\":\"https:\/\/vosgesinfo.fr\/saintdieinfo\/?s={search_term_string}\"},\"query-input\":\"required name=search_term_string\"}],\"inLanguage\":\"fr-FR\"},{\"@type\":\"Organization\",\"@id\":\"https:\/\/vosgesinfo.fr\/saintdieinfo\/#organization\",\"name\":\"Saint Die Info\",\"url\":\"https:\/\/vosgesinfo.fr\/saintdieinfo\/\",\"logo\":{\"@type\":\"ImageObject\",\"inLanguage\":\"fr-FR\",\"@id\":\"https:\/\/vosgesinfo.fr\/saintdieinfo\/#\/schema\/logo\/image\/\",\"url\":\"https:\/\/vosgesinfo.fr\/app\/uploads\/sites\/4\/2024\/02\/logo-sdi.jpg\",\"contentUrl\":\"https:\/\/vosgesinfo.fr\/app\/uploads\/sites\/4\/2024\/02\/logo-sdi.jpg\",\"width\":600,\"height\":600,\"caption\":\"Saint Die Info\"},\"image\":{\"@id\":\"https:\/\/vosgesinfo.fr\/saintdieinfo\/#\/schema\/logo\/image\/\"},\"sameAs\":[\"https:\/\/www.facebook.com\/Saintdieinfofr\",\"https:\/\/x.com\/VosgesInfo88\",\"https:\/\/www.youtube.com\/@vosgesinfo\"]},{\"@type\":\"Person\",\"@id\":\"https:\/\/vosgesinfo.fr\/saintdieinfo\/#\/schema\/person\/fa73e9f726d67bb88f46d5b7943cb572\",\"name\":\"J.J.\",\"image\":{\"@type\":\"ImageObject\",\"inLanguage\":\"fr-FR\",\"@id\":\"https:\/\/vosgesinfo.fr\/saintdieinfo\/#\/schema\/person\/image\/\",\"url\":\"https:\/\/secure.gravatar.com\/avatar\/219e749e47ffbcca018a360ae4add7d4cdf1cdaaf8bc7676b27efade3fe65615?s=96&d=mm&r=g\",\"contentUrl\":\"https:\/\/secure.gravatar.com\/avatar\/219e749e47ffbcca018a360ae4add7d4cdf1cdaaf8bc7676b27efade3fe65615?s=96&d=mm&r=g\",\"caption\":\"J.J.\"},\"url\":\"https:\/\/vosgesinfo.fr\/saintdieinfo\/author\/j-j\/\"}]}<\/script>\n<!-- \/ Yoast SEO plugin. -->","yoast_head_json":{"title":"Un chien malinois frapp\u00e9 \u00e0 coups de pelles secouru par Au Nom Des Animaux \u00e0 Saint-Di\u00e9-des-Vosges - Saint Die Info","robots":{"index":"index","follow":"follow","max-snippet":"max-snippet:-1","max-image-preview":"max-image-preview:large","max-video-preview":"max-video-preview:-1"},"canonical":"https:\/\/vosgesinfo.fr\/saintdieinfo\/2026\/03\/un-chien-malinois-frappe-a-coups-de-pelles-secouru-par-au-nom-des-animaux-a-saint-die-des-vosges\/","twitter_card":"summary_large_image","twitter_title":"Un chien malinois frapp\u00e9 \u00e0 coups de pelles secouru par Au Nom Des Animaux \u00e0 Saint-Di\u00e9-des-Vosges - Saint Die Info","twitter_description":"Samedi soir, l\u2019association Au Nom Des Animaux \u2013 ANDA \u2013 est intervenue \u00e0 Saint-Di\u00e9-des-Vosges pour prendre en charge Rex, un [&hellip;]","twitter_image":"https:\/\/vosgesinfo.fr\/app\/uploads\/sites\/4\/2026\/03\/anda-maltraitance-malinois-coups-de-pelle.jpg","twitter_creator":"@VosgesInfo88","twitter_site":"@VosgesInfo88","twitter_misc":{"\u00c9crit par":"J.J.","Dur\u00e9e de lecture estim\u00e9e":"3 minutes"},"schema":{"@context":"https:\/\/schema.org","@graph":[{"@type":"Article","@id":"https:\/\/vosgesinfo.fr\/saintdieinfo\/2026\/03\/un-chien-malinois-frappe-a-coups-de-pelles-secouru-par-au-nom-des-animaux-a-saint-die-des-vosges\/#article","isPartOf":{"@id":"https:\/\/vosgesinfo.fr\/saintdieinfo\/2026\/03\/un-chien-malinois-frappe-a-coups-de-pelles-secouru-par-au-nom-des-animaux-a-saint-die-des-vosges\/"},"author":{"name":"J.J.","@id":"https:\/\/vosgesinfo.fr\/saintdieinfo\/#\/schema\/person\/fa73e9f726d67bb88f46d5b7943cb572"},"headline":"Un chien malinois frapp\u00e9 \u00e0 coups de pelles secouru par Au Nom Des Animaux \u00e0 Saint-Di\u00e9-des-Vosges","datePublished":"2026-03-16T08:53:19+00:00","dateModified":"2026-03-16T08:47:58+00:00","mainEntityOfPage":{"@id":"https:\/\/vosgesinfo.fr\/saintdieinfo\/2026\/03\/un-chien-malinois-frappe-a-coups-de-pelles-secouru-par-au-nom-des-animaux-a-saint-die-des-vosges\/"},"wordCount":505,"commentCount":7,"publisher":{"@id":"https:\/\/vosgesinfo.fr\/saintdieinfo\/#organization"},"image":{"@id":"https:\/\/vosgesinfo.fr\/saintdieinfo\/2026\/03\/un-chien-malinois-frappe-a-coups-de-pelles-secouru-par-au-nom-des-animaux-a-saint-die-des-vosges\/#primaryimage"},"thumbnailUrl":"https:\/\/vosgesinfo.fr\/app\/uploads\/sites\/4\/2026\/03\/anda-maltraitance-malinois-coups-de-pelle.jpg","keywords":["Au Nom Des Animaux ANDA","famille d\u2019accueil","malinois","Maltraitance animale","Police Nationale","refuge","Rex","Saint-Di\u00e9-des-Vosges","vosges"],"articleSection":["A la Une","Faits-divers","Saint-Di\u00e9-des-Vosges","Vosges"],"inLanguage":"fr-FR","potentialAction":[{"@type":"CommentAction","name":"Comment","target":["https:\/\/vosgesinfo.fr\/saintdieinfo\/2026\/03\/un-chien-malinois-frappe-a-coups-de-pelles-secouru-par-au-nom-des-animaux-a-saint-die-des-vosges\/#respond"]}]},{"@type":"WebPage","@id":"https:\/\/vosgesinfo.fr\/saintdieinfo\/2026\/03\/un-chien-malinois-frappe-a-coups-de-pelles-secouru-par-au-nom-des-animaux-a-saint-die-des-vosges\/","url":"https:\/\/vosgesinfo.fr\/saintdieinfo\/2026\/03\/un-chien-malinois-frappe-a-coups-de-pelles-secouru-par-au-nom-des-animaux-a-saint-die-des-vosges\/","name":"Un chien malinois frapp\u00e9 \u00e0 coups de pelles secouru par Au Nom Des Animaux \u00e0 Saint-Di\u00e9-des-Vosges - Saint Die Info","isPartOf":{"@id":"https:\/\/vosgesinfo.fr\/saintdieinfo\/#website"},"primaryImageOfPage":{"@id":"https:\/\/vosgesinfo.fr\/saintdieinfo\/2026\/03\/un-chien-malinois-frappe-a-coups-de-pelles-secouru-par-au-nom-des-animaux-a-saint-die-des-vosges\/#primaryimage"},"image":{"@id":"https:\/\/vosgesinfo.fr\/saintdieinfo\/2026\/03\/un-chien-malinois-frappe-a-coups-de-pelles-secouru-par-au-nom-des-animaux-a-saint-die-des-vosges\/#primaryimage"},"thumbnailUrl":"https:\/\/vosgesinfo.fr\/app\/uploads\/sites\/4\/2026\/03\/anda-maltraitance-malinois-coups-de-pelle.jpg","datePublished":"2026-03-16T08:53:19+00:00","dateModified":"2026-03-16T08:47:58+00:00","breadcrumb":{"@id":"https:\/\/vosgesinfo.fr\/saintdieinfo\/2026\/03\/un-chien-malinois-frappe-a-coups-de-pelles-secouru-par-au-nom-des-animaux-a-saint-die-des-vosges\/#breadcrumb"},"inLanguage":"fr-FR","potentialAction":[{"@type":"ReadAction","target":["https:\/\/vosgesinfo.fr\/saintdieinfo\/2026\/03\/un-chien-malinois-frappe-a-coups-de-pelles-secouru-par-au-nom-des-animaux-a-saint-die-des-vosges\/"]}]},{"@type":"ImageObject","inLanguage":"fr-FR","@id":"https:\/\/vosgesinfo.fr\/saintdieinfo\/2026\/03\/un-chien-malinois-frappe-a-coups-de-pelles-secouru-par-au-nom-des-animaux-a-saint-die-des-vosges\/#primaryimage","url":"https:\/\/vosgesinfo.fr\/app\/uploads\/sites\/4\/2026\/03\/anda-maltraitance-malinois-coups-de-pelle.jpg","contentUrl":"https:\/\/vosgesinfo.fr\/app\/uploads\/sites\/4\/2026\/03\/anda-maltraitance-malinois-coups-de-pelle.jpg","width":1282,"height":1080,"caption":"(Photographie Au Nom Des Animaux)"},{"@type":"BreadcrumbList","@id":"https:\/\/vosgesinfo.fr\/saintdieinfo\/2026\/03\/un-chien-malinois-frappe-a-coups-de-pelles-secouru-par-au-nom-des-animaux-a-saint-die-des-vosges\/#breadcrumb","itemListElement":[{"@type":"ListItem","position":1,"name":"Home","item":"https:\/\/vosgesinfo.fr\/saintdieinfo\/"},{"@type":"ListItem","position":2,"name":"Un chien malinois frapp\u00e9 \u00e0 coups de pelles secouru par Au Nom Des Animaux \u00e0 Saint-Di\u00e9-des-Vosges"}]},{"@type":"WebSite","@id":"https:\/\/vosgesinfo.fr\/saintdieinfo\/#website","url":"https:\/\/vosgesinfo.fr\/saintdieinfo\/","name":"Saint Die Info","description":"Toute l&#039;actualit\u00e9 de Saint-Di\u00e9-Des-Vosges","publisher":{"@id":"https:\/\/vosgesinfo.fr\/saintdieinfo\/#organization"},"alternateName":"Toute l'actualit\u00e9 de Saint-Di\u00e9-Des-Vosges","potentialAction":[{"@type":"SearchAction","target":{"@type":"EntryPoint","urlTemplate":"https:\/\/vosgesinfo.fr\/saintdieinfo\/?s={search_term_string}"},"query-input":"required name=search_term_string"}],"inLanguage":"fr-FR"},{"@type":"Organization","@id":"https:\/\/vosgesinfo.fr\/saintdieinfo\/#organization","name":"Saint Die Info","url":"https:\/\/vosgesinfo.fr\/saintdieinfo\/","logo":{"@type":"ImageObject","inLanguage":"fr-FR","@id":"https:\/\/vosgesinfo.fr\/saintdieinfo\/#\/schema\/logo\/image\/","url":"https:\/\/vosgesinfo.fr\/app\/uploads\/sites\/4\/2024\/02\/logo-sdi.jpg","contentUrl":"https:\/\/vosgesinfo.fr\/app\/uploads\/sites\/4\/2024\/02\/logo-sdi.jpg","width":600,"height":600,"caption":"Saint Die Info"},"image":{"@id":"https:\/\/vosgesinfo.fr\/saintdieinfo\/#\/schema\/logo\/image\/"},"sameAs":["https:\/\/www.facebook.com\/Saintdieinfofr","https:\/\/x.com\/VosgesInfo88","https:\/\/www.youtube.com\/@vosgesinfo"]},{"@type":"Person","@id":"https:\/\/vosgesinfo.fr\/saintdieinfo\/#\/schema\/person\/fa73e9f726d67bb88f46d5b7943cb572","name":"J.J.","image":{"@type":"ImageObject","inLanguage":"fr-FR","@id":"https:\/\/vosgesinfo.fr\/saintdieinfo\/#\/schema\/person\/image\/","url":"https:\/\/secure.gravatar.com\/avatar\/219e749e47ffbcca018a360ae4add7d4cdf1cdaaf8bc7676b27efade3fe65615?s=96&d=mm&r=g","contentUrl":"https:\/\/secure.gravatar.com\/avatar\/219e749e47ffbcca018a360ae4add7d4cdf1cdaaf8bc7676b27efade3fe65615?s=96&d=mm&r=g","caption":"J.J."},"url":"https:\/\/vosgesinfo.fr\/saintdieinfo\/author\/j-j\/"}]}},"_links":{"self":[{"href":"https:\/\/vosgesinfo.fr\/saintdieinfo\/wp-json\/wp\/v2\/posts\/89041","targetHints":{"allow":["GET"]}}],"collection":[{"href":"https:\/\/vosgesinfo.fr\/saintdieinfo\/wp-json\/wp\/v2\/posts"}],"about":[{"href":"https:\/\/vosgesinfo.fr\/saintdieinfo\/wp-json\/wp\/v2\/types\/post"}],"author":[{"embeddable":true,"href":"https:\/\/vosgesinfo.fr\/saintdieinfo\/wp-json\/wp\/v2\/users\/46"}],"replies":[{"embeddable":true,"href":"https:\/\/vosgesinfo.fr\/saintdieinfo\/wp-json\/wp\/v2\/comments?post=89041"}],"version-history":[{"count":2,"href":"https:\/\/vosgesinfo.fr\/saintdieinfo\/wp-json\/wp\/v2\/posts\/89041\/revisions"}],"predecessor-version":[{"id":89044,"href":"https:\/\/vosgesinfo.fr\/saintdieinfo\/wp-json\/wp\/v2\/posts\/89041\/revisions\/89044"}],"wp:featuredmedia":[{"embeddable":true,"href":"https:\/\/vosgesinfo.fr\/saintdieinfo\/wp-json\/wp\/v2\/media\/89042"}],"wp:attachment":[{"href":"https:\/\/vosgesinfo.fr\/saintdieinfo\/wp-json\/wp\/v2\/media?parent=89041"}],"wp:term":[{"taxonomy":"category","embeddable":true,"href":"https:\/\/vosgesinfo.fr\/saintdieinfo\/wp-json\/wp\/v2\/categories?post=89041"},{"taxonomy":"post_tag","embeddable":true,"href":"https:\/\/vosgesinfo.fr\/saintdieinfo\/wp-json\/wp\/v2\/tags?post=89041"}],"curies":[{"name":"wp","href":"https:\/\/api.w.org\/{rel}","templated":true}]}}