{"id":89045,"date":"2026-03-16T11:33:06","date_gmt":"2026-03-16T10:33:06","guid":{"rendered":"https:\/\/vosgesinfo.fr\/saintdieinfo\/?p=89045"},"modified":"2026-03-16T11:25:53","modified_gmt":"2026-03-16T10:25:53","slug":"deux-expositions-deodatiennes-pour-le-printemps-dartis-a","status":"publish","type":"post","link":"https:\/\/vosgesinfo.fr\/saintdieinfo\/2026\/03\/deux-expositions-deodatiennes-pour-le-printemps-dartis-a\/","title":{"rendered":"Deux expositions d\u00e9odatiennes pour le printemps d\u2019Artis A"},"content":{"rendered":"<h2>L\u2019association <strong>Artis A<\/strong> organisera <strong>deux expositions<\/strong> au printemps \u00e0 <strong>Saint-Di\u00e9-des-Vosges<\/strong>. <strong>Florence Paquot<\/strong> exposera d\u2019abord \u00e0 l\u2019<strong>EHPAD Saint D\u00e9odat<\/strong>, du 8 avril au 2 mai. <strong>Herv\u00e9 Legrix<\/strong> et <strong>Sandra Pierrel<\/strong> prendront ensuite le relais au <strong>Foyer des Jeunes Travailleurs<\/strong>, du 27 avril au 11 mai.<\/h2>\n<p><!--more--><\/p>\n<h3><strong>Florence Paquot \u00e0 l\u2019EHPAD Saint D\u00e9odat<\/strong><\/h3>\n<p>L\u2019exposition individuelle de <strong>Florence Paquot<\/strong> sera pr\u00e9sent\u00e9e \u00e0 l\u2019<strong>EHPAD Saint D\u00e9odat<\/strong> (<strong>19 avenue de Robache<\/strong>, \u00e0 Saint-Di\u00e9-des-Vosges). Le public pourra la d\u00e9couvrir de <strong>14 h \u00e0 18 h<\/strong>. Le vernissage se d\u00e9roulera le <strong>11 avril<\/strong> \u00e0 15 h.<\/p>\n<h3><strong>Herv\u00e9 Legrix et Sandra Pierrel au Foyer des Jeunes Travailleurs<\/strong><\/h3>\n<p>L\u2019exposition collective r\u00e9unissant <strong>Herv\u00e9 Legrix<\/strong> et <strong>Sandra Pierrel<\/strong> se tiendra au <strong>Foyer des Jeunes Travailleurs<\/strong> (<strong>36 avenue Ernest-Colin<\/strong>, \u00e0 Saint-Di\u00e9-des-Vosges), du <strong>27 avril au 11 mai<\/strong>. Le lieu sera ouvert le lundi et le jeudi de 14 h \u00e0 19 h, ainsi que le mardi, le mercredi et le vendredi de 9 h \u00e0 17 h. Le vernissage aura lieu le <strong>30 avril<\/strong> \u00e0 19 h.<\/p>\n<p><a href=\"https:\/\/vosgesinfo.fr\/app\/uploads\/sites\/4\/2026\/03\/expositions-artis-a-1.jpg\"><img decoding=\"async\" class=\"alignnone size-large wp-image-89046\" src=\"https:\/\/vosgesinfo.fr\/app\/uploads\/sites\/4\/2026\/03\/expositions-artis-a-1-724x1024.jpg\" alt=\"\" width=\"724\" height=\"1024\" srcset=\"https:\/\/vosgesinfo.fr\/app\/uploads\/sites\/4\/2026\/03\/expositions-artis-a-1-724x1024.jpg 724w, https:\/\/vosgesinfo.fr\/app\/uploads\/sites\/4\/2026\/03\/expositions-artis-a-1-212x300.jpg 212w, https:\/\/vosgesinfo.fr\/app\/uploads\/sites\/4\/2026\/03\/expositions-artis-a-1.jpg 764w\" sizes=\"(max-width: 724px) 100vw, 724px\" \/><\/a><a href=\"https:\/\/vosgesinfo.fr\/app\/uploads\/sites\/4\/2026\/03\/expositions-artis-a-2.jpg\"><img decoding=\"async\" class=\"alignnone size-large wp-image-89047\" src=\"https:\/\/vosgesinfo.fr\/app\/uploads\/sites\/4\/2026\/03\/expositions-artis-a-2-726x1024.jpg\" alt=\"\" width=\"726\" height=\"1024\" srcset=\"https:\/\/vosgesinfo.fr\/app\/uploads\/sites\/4\/2026\/03\/expositions-artis-a-2-726x1024.jpg 726w, https:\/\/vosgesinfo.fr\/app\/uploads\/sites\/4\/2026\/03\/expositions-artis-a-2-213x300.jpg 213w, https:\/\/vosgesinfo.fr\/app\/uploads\/sites\/4\/2026\/03\/expositions-artis-a-2.jpg 766w\" sizes=\"(max-width: 726px) 100vw, 726px\" \/><\/a><\/p>\n","protected":false},"excerpt":{"rendered":"<p>L\u2019association Artis A organisera deux expositions au printemps \u00e0 Saint-Di\u00e9-des-Vosges. Florence Paquot exposera d\u2019abord \u00e0 l\u2019EHPAD Saint D\u00e9odat, du 8 [&hellip;]<\/p>\n","protected":false},"author":46,"featured_media":76758,"comment_status":"open","ping_status":"open","sticky":false,"template":"","format":"standard","meta":{"footnotes":""},"categories":[460,8019,167,17],"tags":[16858,5781,200,18451,10926,8021,2881,20786,10062],"class_list":["post-89045","post","type-post","status-publish","format-standard","has-post-thumbnail","hentry","category-a-la-une","category-vie-artistique-art-culture","category-saint-die-des-vosges","category-vie-associative","tag-artis-a","tag-ehpad-saint-deodat","tag-exposition","tag-florence-paquot","tag-foyer-des-jeunes-travailleurs","tag-herve-legrix","tag-saint-die-des-vosges","tag-sandra-pierrel","tag-vernissage"],"acf":[],"yoast_head":"<!-- This site is optimized with the Yoast SEO plugin v22.5 - https:\/\/yoast.com\/wordpress\/plugins\/seo\/ -->\n<title>Deux expositions d\u00e9odatiennes pour le printemps d\u2019Artis A - Saint Die Info<\/title>\n<meta name=\"robots\" content=\"index, follow, max-snippet:-1, max-image-preview:large, max-video-preview:-1\" \/>\n<link rel=\"canonical\" href=\"https:\/\/vosgesinfo.fr\/saintdieinfo\/2026\/03\/deux-expositions-deodatiennes-pour-le-printemps-dartis-a\/\" \/>\n<meta name=\"twitter:card\" content=\"summary_large_image\" \/>\n<meta name=\"twitter:title\" content=\"Deux expositions d\u00e9odatiennes pour le printemps d\u2019Artis A - Saint Die Info\" \/>\n<meta name=\"twitter:description\" content=\"L\u2019association Artis A organisera deux expositions au printemps \u00e0 Saint-Di\u00e9-des-Vosges. Florence Paquot exposera d\u2019abord \u00e0 l\u2019EHPAD Saint D\u00e9odat, du 8 [&hellip;]\" \/>\n<meta name=\"twitter:image\" content=\"https:\/\/vosgesinfo.fr\/app\/uploads\/sites\/4\/2025\/04\/artis-a-logo.jpg\" \/>\n<meta name=\"twitter:creator\" content=\"@VosgesInfo88\" \/>\n<meta name=\"twitter:site\" content=\"@VosgesInfo88\" \/>\n<meta name=\"twitter:label1\" content=\"\u00c9crit par\" \/>\n\t<meta name=\"twitter:data1\" content=\"J.J.\" \/>\n\t<meta name=\"twitter:label2\" content=\"Dur\u00e9e de lecture estim\u00e9e\" \/>\n\t<meta name=\"twitter:data2\" content=\"1 minute\" \/>\n<script type=\"application\/ld+json\" class=\"yoast-schema-graph\">{\"@context\":\"https:\/\/schema.org\",\"@graph\":[{\"@type\":\"Article\",\"@id\":\"https:\/\/vosgesinfo.fr\/saintdieinfo\/2026\/03\/deux-expositions-deodatiennes-pour-le-printemps-dartis-a\/#article\",\"isPartOf\":{\"@id\":\"https:\/\/vosgesinfo.fr\/saintdieinfo\/2026\/03\/deux-expositions-deodatiennes-pour-le-printemps-dartis-a\/\"},\"author\":{\"name\":\"J.J.\",\"@id\":\"https:\/\/vosgesinfo.fr\/saintdieinfo\/#\/schema\/person\/fa73e9f726d67bb88f46d5b7943cb572\"},\"headline\":\"Deux expositions d\u00e9odatiennes pour le printemps d\u2019Artis A\",\"datePublished\":\"2026-03-16T10:33:06+00:00\",\"dateModified\":\"2026-03-16T10:25:53+00:00\",\"mainEntityOfPage\":{\"@id\":\"https:\/\/vosgesinfo.fr\/saintdieinfo\/2026\/03\/deux-expositions-deodatiennes-pour-le-printemps-dartis-a\/\"},\"wordCount\":163,\"commentCount\":0,\"publisher\":{\"@id\":\"https:\/\/vosgesinfo.fr\/saintdieinfo\/#organization\"},\"image\":{\"@id\":\"https:\/\/vosgesinfo.fr\/saintdieinfo\/2026\/03\/deux-expositions-deodatiennes-pour-le-printemps-dartis-a\/#primaryimage\"},\"thumbnailUrl\":\"https:\/\/vosgesinfo.fr\/app\/uploads\/sites\/4\/2025\/04\/artis-a-logo.jpg\",\"keywords\":[\"Artis A\",\"EHPAD Saint-D\u00e9odat\",\"exposition\",\"Florence Paquot\",\"Foyer des Jeunes Travailleurs\",\"Herv\u00e9 Legrix\",\"Saint-Di\u00e9-des-Vosges\",\"Sandra Pierrel\",\"Vernissage\"],\"articleSection\":[\"A la Une\",\"Art\",\"Saint-Di\u00e9-des-Vosges\",\"Vie Associative\"],\"inLanguage\":\"fr-FR\",\"potentialAction\":[{\"@type\":\"CommentAction\",\"name\":\"Comment\",\"target\":[\"https:\/\/vosgesinfo.fr\/saintdieinfo\/2026\/03\/deux-expositions-deodatiennes-pour-le-printemps-dartis-a\/#respond\"]}]},{\"@type\":\"WebPage\",\"@id\":\"https:\/\/vosgesinfo.fr\/saintdieinfo\/2026\/03\/deux-expositions-deodatiennes-pour-le-printemps-dartis-a\/\",\"url\":\"https:\/\/vosgesinfo.fr\/saintdieinfo\/2026\/03\/deux-expositions-deodatiennes-pour-le-printemps-dartis-a\/\",\"name\":\"Deux expositions d\u00e9odatiennes pour le printemps d\u2019Artis A - Saint Die Info\",\"isPartOf\":{\"@id\":\"https:\/\/vosgesinfo.fr\/saintdieinfo\/#website\"},\"primaryImageOfPage\":{\"@id\":\"https:\/\/vosgesinfo.fr\/saintdieinfo\/2026\/03\/deux-expositions-deodatiennes-pour-le-printemps-dartis-a\/#primaryimage\"},\"image\":{\"@id\":\"https:\/\/vosgesinfo.fr\/saintdieinfo\/2026\/03\/deux-expositions-deodatiennes-pour-le-printemps-dartis-a\/#primaryimage\"},\"thumbnailUrl\":\"https:\/\/vosgesinfo.fr\/app\/uploads\/sites\/4\/2025\/04\/artis-a-logo.jpg\",\"datePublished\":\"2026-03-16T10:33:06+00:00\",\"dateModified\":\"2026-03-16T10:25:53+00:00\",\"breadcrumb\":{\"@id\":\"https:\/\/vosgesinfo.fr\/saintdieinfo\/2026\/03\/deux-expositions-deodatiennes-pour-le-printemps-dartis-a\/#breadcrumb\"},\"inLanguage\":\"fr-FR\",\"potentialAction\":[{\"@type\":\"ReadAction\",\"target\":[\"https:\/\/vosgesinfo.fr\/saintdieinfo\/2026\/03\/deux-expositions-deodatiennes-pour-le-printemps-dartis-a\/\"]}]},{\"@type\":\"ImageObject\",\"inLanguage\":\"fr-FR\",\"@id\":\"https:\/\/vosgesinfo.fr\/saintdieinfo\/2026\/03\/deux-expositions-deodatiennes-pour-le-printemps-dartis-a\/#primaryimage\",\"url\":\"https:\/\/vosgesinfo.fr\/app\/uploads\/sites\/4\/2025\/04\/artis-a-logo.jpg\",\"contentUrl\":\"https:\/\/vosgesinfo.fr\/app\/uploads\/sites\/4\/2025\/04\/artis-a-logo.jpg\",\"width\":1216,\"height\":1177},{\"@type\":\"BreadcrumbList\",\"@id\":\"https:\/\/vosgesinfo.fr\/saintdieinfo\/2026\/03\/deux-expositions-deodatiennes-pour-le-printemps-dartis-a\/#breadcrumb\",\"itemListElement\":[{\"@type\":\"ListItem\",\"position\":1,\"name\":\"Home\",\"item\":\"https:\/\/vosgesinfo.fr\/saintdieinfo\/\"},{\"@type\":\"ListItem\",\"position\":2,\"name\":\"Deux expositions d\u00e9odatiennes pour le printemps d\u2019Artis A\"}]},{\"@type\":\"WebSite\",\"@id\":\"https:\/\/vosgesinfo.fr\/saintdieinfo\/#website\",\"url\":\"https:\/\/vosgesinfo.fr\/saintdieinfo\/\",\"name\":\"Saint Die Info\",\"description\":\"Toute l&#039;actualit\u00e9 de Saint-Di\u00e9-Des-Vosges\",\"publisher\":{\"@id\":\"https:\/\/vosgesinfo.fr\/saintdieinfo\/#organization\"},\"alternateName\":\"Toute l'actualit\u00e9 de Saint-Di\u00e9-Des-Vosges\",\"potentialAction\":[{\"@type\":\"SearchAction\",\"target\":{\"@type\":\"EntryPoint\",\"urlTemplate\":\"https:\/\/vosgesinfo.fr\/saintdieinfo\/?s={search_term_string}\"},\"query-input\":\"required name=search_term_string\"}],\"inLanguage\":\"fr-FR\"},{\"@type\":\"Organization\",\"@id\":\"https:\/\/vosgesinfo.fr\/saintdieinfo\/#organization\",\"name\":\"Saint Die Info\",\"url\":\"https:\/\/vosgesinfo.fr\/saintdieinfo\/\",\"logo\":{\"@type\":\"ImageObject\",\"inLanguage\":\"fr-FR\",\"@id\":\"https:\/\/vosgesinfo.fr\/saintdieinfo\/#\/schema\/logo\/image\/\",\"url\":\"https:\/\/vosgesinfo.fr\/app\/uploads\/sites\/4\/2024\/02\/logo-sdi.jpg\",\"contentUrl\":\"https:\/\/vosgesinfo.fr\/app\/uploads\/sites\/4\/2024\/02\/logo-sdi.jpg\",\"width\":600,\"height\":600,\"caption\":\"Saint Die Info\"},\"image\":{\"@id\":\"https:\/\/vosgesinfo.fr\/saintdieinfo\/#\/schema\/logo\/image\/\"},\"sameAs\":[\"https:\/\/www.facebook.com\/Saintdieinfofr\",\"https:\/\/x.com\/VosgesInfo88\",\"https:\/\/www.youtube.com\/@vosgesinfo\"]},{\"@type\":\"Person\",\"@id\":\"https:\/\/vosgesinfo.fr\/saintdieinfo\/#\/schema\/person\/fa73e9f726d67bb88f46d5b7943cb572\",\"name\":\"J.J.\",\"image\":{\"@type\":\"ImageObject\",\"inLanguage\":\"fr-FR\",\"@id\":\"https:\/\/vosgesinfo.fr\/saintdieinfo\/#\/schema\/person\/image\/\",\"url\":\"https:\/\/secure.gravatar.com\/avatar\/219e749e47ffbcca018a360ae4add7d4cdf1cdaaf8bc7676b27efade3fe65615?s=96&d=mm&r=g\",\"contentUrl\":\"https:\/\/secure.gravatar.com\/avatar\/219e749e47ffbcca018a360ae4add7d4cdf1cdaaf8bc7676b27efade3fe65615?s=96&d=mm&r=g\",\"caption\":\"J.J.\"},\"url\":\"https:\/\/vosgesinfo.fr\/saintdieinfo\/author\/j-j\/\"}]}<\/script>\n<!-- \/ Yoast SEO plugin. -->","yoast_head_json":{"title":"Deux expositions d\u00e9odatiennes pour le printemps d\u2019Artis A - Saint Die Info","robots":{"index":"index","follow":"follow","max-snippet":"max-snippet:-1","max-image-preview":"max-image-preview:large","max-video-preview":"max-video-preview:-1"},"canonical":"https:\/\/vosgesinfo.fr\/saintdieinfo\/2026\/03\/deux-expositions-deodatiennes-pour-le-printemps-dartis-a\/","twitter_card":"summary_large_image","twitter_title":"Deux expositions d\u00e9odatiennes pour le printemps d\u2019Artis A - Saint Die Info","twitter_description":"L\u2019association Artis A organisera deux expositions au printemps \u00e0 Saint-Di\u00e9-des-Vosges. Florence Paquot exposera d\u2019abord \u00e0 l\u2019EHPAD Saint D\u00e9odat, du 8 [&hellip;]","twitter_image":"https:\/\/vosgesinfo.fr\/app\/uploads\/sites\/4\/2025\/04\/artis-a-logo.jpg","twitter_creator":"@VosgesInfo88","twitter_site":"@VosgesInfo88","twitter_misc":{"\u00c9crit par":"J.J.","Dur\u00e9e de lecture estim\u00e9e":"1 minute"},"schema":{"@context":"https:\/\/schema.org","@graph":[{"@type":"Article","@id":"https:\/\/vosgesinfo.fr\/saintdieinfo\/2026\/03\/deux-expositions-deodatiennes-pour-le-printemps-dartis-a\/#article","isPartOf":{"@id":"https:\/\/vosgesinfo.fr\/saintdieinfo\/2026\/03\/deux-expositions-deodatiennes-pour-le-printemps-dartis-a\/"},"author":{"name":"J.J.","@id":"https:\/\/vosgesinfo.fr\/saintdieinfo\/#\/schema\/person\/fa73e9f726d67bb88f46d5b7943cb572"},"headline":"Deux expositions d\u00e9odatiennes pour le printemps d\u2019Artis A","datePublished":"2026-03-16T10:33:06+00:00","dateModified":"2026-03-16T10:25:53+00:00","mainEntityOfPage":{"@id":"https:\/\/vosgesinfo.fr\/saintdieinfo\/2026\/03\/deux-expositions-deodatiennes-pour-le-printemps-dartis-a\/"},"wordCount":163,"commentCount":0,"publisher":{"@id":"https:\/\/vosgesinfo.fr\/saintdieinfo\/#organization"},"image":{"@id":"https:\/\/vosgesinfo.fr\/saintdieinfo\/2026\/03\/deux-expositions-deodatiennes-pour-le-printemps-dartis-a\/#primaryimage"},"thumbnailUrl":"https:\/\/vosgesinfo.fr\/app\/uploads\/sites\/4\/2025\/04\/artis-a-logo.jpg","keywords":["Artis A","EHPAD Saint-D\u00e9odat","exposition","Florence Paquot","Foyer des Jeunes Travailleurs","Herv\u00e9 Legrix","Saint-Di\u00e9-des-Vosges","Sandra Pierrel","Vernissage"],"articleSection":["A la Une","Art","Saint-Di\u00e9-des-Vosges","Vie Associative"],"inLanguage":"fr-FR","potentialAction":[{"@type":"CommentAction","name":"Comment","target":["https:\/\/vosgesinfo.fr\/saintdieinfo\/2026\/03\/deux-expositions-deodatiennes-pour-le-printemps-dartis-a\/#respond"]}]},{"@type":"WebPage","@id":"https:\/\/vosgesinfo.fr\/saintdieinfo\/2026\/03\/deux-expositions-deodatiennes-pour-le-printemps-dartis-a\/","url":"https:\/\/vosgesinfo.fr\/saintdieinfo\/2026\/03\/deux-expositions-deodatiennes-pour-le-printemps-dartis-a\/","name":"Deux expositions d\u00e9odatiennes pour le printemps d\u2019Artis A - Saint Die Info","isPartOf":{"@id":"https:\/\/vosgesinfo.fr\/saintdieinfo\/#website"},"primaryImageOfPage":{"@id":"https:\/\/vosgesinfo.fr\/saintdieinfo\/2026\/03\/deux-expositions-deodatiennes-pour-le-printemps-dartis-a\/#primaryimage"},"image":{"@id":"https:\/\/vosgesinfo.fr\/saintdieinfo\/2026\/03\/deux-expositions-deodatiennes-pour-le-printemps-dartis-a\/#primaryimage"},"thumbnailUrl":"https:\/\/vosgesinfo.fr\/app\/uploads\/sites\/4\/2025\/04\/artis-a-logo.jpg","datePublished":"2026-03-16T10:33:06+00:00","dateModified":"2026-03-16T10:25:53+00:00","breadcrumb":{"@id":"https:\/\/vosgesinfo.fr\/saintdieinfo\/2026\/03\/deux-expositions-deodatiennes-pour-le-printemps-dartis-a\/#breadcrumb"},"inLanguage":"fr-FR","potentialAction":[{"@type":"ReadAction","target":["https:\/\/vosgesinfo.fr\/saintdieinfo\/2026\/03\/deux-expositions-deodatiennes-pour-le-printemps-dartis-a\/"]}]},{"@type":"ImageObject","inLanguage":"fr-FR","@id":"https:\/\/vosgesinfo.fr\/saintdieinfo\/2026\/03\/deux-expositions-deodatiennes-pour-le-printemps-dartis-a\/#primaryimage","url":"https:\/\/vosgesinfo.fr\/app\/uploads\/sites\/4\/2025\/04\/artis-a-logo.jpg","contentUrl":"https:\/\/vosgesinfo.fr\/app\/uploads\/sites\/4\/2025\/04\/artis-a-logo.jpg","width":1216,"height":1177},{"@type":"BreadcrumbList","@id":"https:\/\/vosgesinfo.fr\/saintdieinfo\/2026\/03\/deux-expositions-deodatiennes-pour-le-printemps-dartis-a\/#breadcrumb","itemListElement":[{"@type":"ListItem","position":1,"name":"Home","item":"https:\/\/vosgesinfo.fr\/saintdieinfo\/"},{"@type":"ListItem","position":2,"name":"Deux expositions d\u00e9odatiennes pour le printemps d\u2019Artis A"}]},{"@type":"WebSite","@id":"https:\/\/vosgesinfo.fr\/saintdieinfo\/#website","url":"https:\/\/vosgesinfo.fr\/saintdieinfo\/","name":"Saint Die Info","description":"Toute l&#039;actualit\u00e9 de Saint-Di\u00e9-Des-Vosges","publisher":{"@id":"https:\/\/vosgesinfo.fr\/saintdieinfo\/#organization"},"alternateName":"Toute l'actualit\u00e9 de Saint-Di\u00e9-Des-Vosges","potentialAction":[{"@type":"SearchAction","target":{"@type":"EntryPoint","urlTemplate":"https:\/\/vosgesinfo.fr\/saintdieinfo\/?s={search_term_string}"},"query-input":"required name=search_term_string"}],"inLanguage":"fr-FR"},{"@type":"Organization","@id":"https:\/\/vosgesinfo.fr\/saintdieinfo\/#organization","name":"Saint Die Info","url":"https:\/\/vosgesinfo.fr\/saintdieinfo\/","logo":{"@type":"ImageObject","inLanguage":"fr-FR","@id":"https:\/\/vosgesinfo.fr\/saintdieinfo\/#\/schema\/logo\/image\/","url":"https:\/\/vosgesinfo.fr\/app\/uploads\/sites\/4\/2024\/02\/logo-sdi.jpg","contentUrl":"https:\/\/vosgesinfo.fr\/app\/uploads\/sites\/4\/2024\/02\/logo-sdi.jpg","width":600,"height":600,"caption":"Saint Die Info"},"image":{"@id":"https:\/\/vosgesinfo.fr\/saintdieinfo\/#\/schema\/logo\/image\/"},"sameAs":["https:\/\/www.facebook.com\/Saintdieinfofr","https:\/\/x.com\/VosgesInfo88","https:\/\/www.youtube.com\/@vosgesinfo"]},{"@type":"Person","@id":"https:\/\/vosgesinfo.fr\/saintdieinfo\/#\/schema\/person\/fa73e9f726d67bb88f46d5b7943cb572","name":"J.J.","image":{"@type":"ImageObject","inLanguage":"fr-FR","@id":"https:\/\/vosgesinfo.fr\/saintdieinfo\/#\/schema\/person\/image\/","url":"https:\/\/secure.gravatar.com\/avatar\/219e749e47ffbcca018a360ae4add7d4cdf1cdaaf8bc7676b27efade3fe65615?s=96&d=mm&r=g","contentUrl":"https:\/\/secure.gravatar.com\/avatar\/219e749e47ffbcca018a360ae4add7d4cdf1cdaaf8bc7676b27efade3fe65615?s=96&d=mm&r=g","caption":"J.J."},"url":"https:\/\/vosgesinfo.fr\/saintdieinfo\/author\/j-j\/"}]}},"_links":{"self":[{"href":"https:\/\/vosgesinfo.fr\/saintdieinfo\/wp-json\/wp\/v2\/posts\/89045","targetHints":{"allow":["GET"]}}],"collection":[{"href":"https:\/\/vosgesinfo.fr\/saintdieinfo\/wp-json\/wp\/v2\/posts"}],"about":[{"href":"https:\/\/vosgesinfo.fr\/saintdieinfo\/wp-json\/wp\/v2\/types\/post"}],"author":[{"embeddable":true,"href":"https:\/\/vosgesinfo.fr\/saintdieinfo\/wp-json\/wp\/v2\/users\/46"}],"replies":[{"embeddable":true,"href":"https:\/\/vosgesinfo.fr\/saintdieinfo\/wp-json\/wp\/v2\/comments?post=89045"}],"version-history":[{"count":1,"href":"https:\/\/vosgesinfo.fr\/saintdieinfo\/wp-json\/wp\/v2\/posts\/89045\/revisions"}],"predecessor-version":[{"id":89048,"href":"https:\/\/vosgesinfo.fr\/saintdieinfo\/wp-json\/wp\/v2\/posts\/89045\/revisions\/89048"}],"wp:featuredmedia":[{"embeddable":true,"href":"https:\/\/vosgesinfo.fr\/saintdieinfo\/wp-json\/wp\/v2\/media\/76758"}],"wp:attachment":[{"href":"https:\/\/vosgesinfo.fr\/saintdieinfo\/wp-json\/wp\/v2\/media?parent=89045"}],"wp:term":[{"taxonomy":"category","embeddable":true,"href":"https:\/\/vosgesinfo.fr\/saintdieinfo\/wp-json\/wp\/v2\/categories?post=89045"},{"taxonomy":"post_tag","embeddable":true,"href":"https:\/\/vosgesinfo.fr\/saintdieinfo\/wp-json\/wp\/v2\/tags?post=89045"}],"curies":[{"name":"wp","href":"https:\/\/api.w.org\/{rel}","templated":true}]}}