{"id":89049,"date":"2026-03-16T12:53:47","date_gmt":"2026-03-16T11:53:47","guid":{"rendered":"https:\/\/vosgesinfo.fr\/saintdieinfo\/?p=89049"},"modified":"2026-03-16T12:49:26","modified_gmt":"2026-03-16T11:49:26","slug":"expression-ephemere-les-cascades-de-herve-legrix-sont-a-decouvrir-au-bar-les-deux-rives","status":"publish","type":"post","link":"https:\/\/vosgesinfo.fr\/saintdieinfo\/2026\/03\/expression-ephemere-les-cascades-de-herve-legrix-sont-a-decouvrir-au-bar-les-deux-rives\/","title":{"rendered":"Expression Eph\u00e9m\u00e8re : les cascades de Herv\u00e9 Legrix sont \u00e0 d\u00e9couvrir au bar Les Deux Rives"},"content":{"rendered":"<p><a href=\"https:\/\/vosgesinfo.fr\/app\/uploads\/sites\/4\/2026\/03\/expression-ephemere-herve-legrix-3.jpg\"><img decoding=\"async\" class=\"alignnone size-large wp-image-89053\" src=\"https:\/\/vosgesinfo.fr\/app\/uploads\/sites\/4\/2026\/03\/expression-ephemere-herve-legrix-3-1024x771.jpg\" alt=\"\" width=\"1024\" height=\"771\" srcset=\"https:\/\/vosgesinfo.fr\/app\/uploads\/sites\/4\/2026\/03\/expression-ephemere-herve-legrix-3-1024x771.jpg 1024w, https:\/\/vosgesinfo.fr\/app\/uploads\/sites\/4\/2026\/03\/expression-ephemere-herve-legrix-3-300x226.jpg 300w, https:\/\/vosgesinfo.fr\/app\/uploads\/sites\/4\/2026\/03\/expression-ephemere-herve-legrix-3-768x578.jpg 768w, https:\/\/vosgesinfo.fr\/app\/uploads\/sites\/4\/2026\/03\/expression-ephemere-herve-legrix-3.jpg 1434w\" sizes=\"(max-width: 1024px) 100vw, 1024px\" \/><\/a><\/p>\n<h2>Un nouveau chapitre des \u00ab <strong data-start=\"26\" data-end=\"51\">Expressions Eph\u00e9m\u00e8res<\/strong> \u00bb, le cycle d&rsquo;exposition initi\u00e9 par <strong data-start=\"88\" data-end=\"109\">Christian Hocquel<\/strong> il y a un peu plus de 3 ans, s&rsquo;est ouvert ce <strong data-start=\"155\" data-end=\"170\">lundi matin<\/strong>. Jusqu&rsquo;au <strong data-start=\"181\" data-end=\"209\">samedi 18 avril prochain<\/strong>, les cascades de <strong data-start=\"227\" data-end=\"243\">Herv\u00e9 Legrix<\/strong> sont \u00e0 d\u00e9couvrir au <strong data-start=\"264\" data-end=\"310\">bar Les Deux Rives de Saint-Di\u00e9-des-Vosges<\/strong>.<\/h2>\n<p><!--more--><\/p>\n<h3><strong>Un regard photographique singulier<\/strong><\/h3>\n<p data-start=\"353\" data-end=\"792\">Photographe amateur bien connu \u00e0 <strong data-start=\"386\" data-end=\"410\">Saint-Di\u00e9-des-Vosges<\/strong> pour ses diff\u00e9rentes expositions, notamment l&rsquo;une au mus\u00e9e d\u00e9non\u00e7ant les violences faites aux femmes, <strong data-start=\"513\" data-end=\"529\">Herv\u00e9 Legrix<\/strong> est originaire du <strong data-start=\"548\" data-end=\"569\">Nord de la France<\/strong>. S&rsquo;il arrive en terres d\u00e9odatiennes en <strong data-start=\"609\" data-end=\"617\">2010<\/strong>, ce n&rsquo;est que <strong data-start=\"632\" data-end=\"651\">8 ans plus tard<\/strong> qu&rsquo;il commence \u00e0 photographier son quartier de l&rsquo;\u00e9poque \u2013 <strong data-start=\"710\" data-end=\"724\">Kellermann<\/strong> \u2013 sous tous ses angles&#8230; et surtout avec un <strong data-start=\"770\" data-end=\"791\">regard alternatif<\/strong>.<\/p>\n<p data-start=\"794\" data-end=\"1258\">Un regard photographique bien \u00e0 lui qu&rsquo;il a continu\u00e9 d&rsquo;aiguiser au fil des ann\u00e9es, avec un passage au <strong data-start=\"896\" data-end=\"908\">CEPAGRAP<\/strong> pour parfaire sa technique. C&rsquo;\u00e9tait en <strong data-start=\"948\" data-end=\"956\">2019<\/strong>. C&rsquo;est pr\u00e9cis\u00e9ment \u00e0 cette \u00e9poque qu&rsquo;il a commenc\u00e9 \u00e0 immortaliser les nombreuses cascades peuplant <strong data-start=\"1056\" data-end=\"1099\">les Vosges, l&rsquo;Alsace et m\u00eame la Moselle<\/strong>. Un projet artistique \u00ab <strong data-start=\"1124\" data-end=\"1137\">fil rouge<\/strong> \u00bb qu&rsquo;il continue d&rsquo;alimenter aujourd&rsquo;hui, puisqu&rsquo;il a photographi\u00e9 <strong data-start=\"1205\" data-end=\"1220\">31 cascades<\/strong> \u00e0 ce jour pour un <strong data-start=\"1239\" data-end=\"1257\">objectif de 50<\/strong>.<\/p>\n<h3 data-section-id=\"14auu2o\" data-start=\"1260\" data-end=\"1304\"><strong>Une exposition visible jusqu&rsquo;au 18 avril<\/strong><\/h3>\n<p data-start=\"1306\" data-end=\"1894\"><strong data-start=\"1306\" data-end=\"1328\">18 des 31 cascades<\/strong> de Herv\u00e9 Legrix composent l&rsquo;exposition qui s&rsquo;est install\u00e9e ce <strong data-start=\"1391\" data-end=\"1400\">lundi<\/strong> sur les murs du <strong data-start=\"1417\" data-end=\"1434\">bar d\u00e9odatien<\/strong>. Les tirages, r\u00e9alis\u00e9s par le photographe lui-m\u00eame, sont au <strong data-start=\"1495\" data-end=\"1516\">format 30 x 20 cm<\/strong>. L&rsquo;anecdote qui donne une dimension suppl\u00e9mentaire aux photographies est que <strong data-start=\"1594\" data-end=\"1636\">Herv\u00e9 Legrix ne poss\u00e8de pas de voiture<\/strong>. C&rsquo;est donc en train, en bus et \u00e0 pied, lors de longues randonn\u00e9es, qu&rsquo;il a ralli\u00e9 chacune des cascades r\u00e9pertori\u00e9es dans sa liste. Et pour certaines d&rsquo;entre elles, il s&rsquo;est m\u00eame rendu sur place jusqu&rsquo;\u00e0 <strong data-start=\"1840\" data-end=\"1855\">4 ou 5 fois<\/strong>, car insatisfait des images r\u00e9alis\u00e9es.<\/p>\n\n\t\t<style type=\"text\/css\">\n\t\t\t#gallery-1 {\n\t\t\t\tmargin: auto;\n\t\t\t}\n\t\t\t#gallery-1 .gallery-item {\n\t\t\t\tfloat: left;\n\t\t\t\tmargin-top: 10px;\n\t\t\t\ttext-align: center;\n\t\t\t\twidth: 33%;\n\t\t\t}\n\t\t\t#gallery-1 img {\n\t\t\t\tborder: 2px solid #cfcfcf;\n\t\t\t}\n\t\t\t#gallery-1 .gallery-caption {\n\t\t\t\tmargin-left: 0;\n\t\t\t}\n\t\t\t\/* see gallery_shortcode() in wp-includes\/media.php *\/\n\t\t<\/style>\n\t\t<div id='gallery-1' class='gallery galleryid-89049 gallery-columns-3 gallery-size-thumbnail'><dl class='gallery-item'>\n\t\t\t<dt class='gallery-icon landscape'>\n\t\t\t\t<a href='https:\/\/vosgesinfo.fr\/app\/uploads\/sites\/4\/2026\/03\/expression-ephemere-herve-legrix-1.jpg'><img decoding=\"async\" width=\"150\" height=\"150\" src=\"https:\/\/vosgesinfo.fr\/app\/uploads\/sites\/4\/2026\/03\/expression-ephemere-herve-legrix-1-150x150.jpg\" class=\"attachment-thumbnail size-thumbnail\" alt=\"\" \/><\/a>\n\t\t\t<\/dt><\/dl><dl class='gallery-item'>\n\t\t\t<dt class='gallery-icon landscape'>\n\t\t\t\t<a href='https:\/\/vosgesinfo.fr\/app\/uploads\/sites\/4\/2026\/03\/expression-ephemere-herve-legrix-4.jpg'><img decoding=\"async\" width=\"150\" height=\"150\" src=\"https:\/\/vosgesinfo.fr\/app\/uploads\/sites\/4\/2026\/03\/expression-ephemere-herve-legrix-4-150x150.jpg\" class=\"attachment-thumbnail size-thumbnail\" alt=\"\" \/><\/a>\n\t\t\t<\/dt><\/dl><dl class='gallery-item'>\n\t\t\t<dt class='gallery-icon portrait'>\n\t\t\t\t<a href='https:\/\/vosgesinfo.fr\/app\/uploads\/sites\/4\/2026\/03\/expression-ephemere-herve-legrix-2.jpg'><img decoding=\"async\" width=\"150\" height=\"150\" src=\"https:\/\/vosgesinfo.fr\/app\/uploads\/sites\/4\/2026\/03\/expression-ephemere-herve-legrix-2-150x150.jpg\" class=\"attachment-thumbnail size-thumbnail\" alt=\"\" \/><\/a>\n\t\t\t<\/dt><\/dl><br style=\"clear: both\" \/>\n\t\t<\/div>\n\n","protected":false},"excerpt":{"rendered":"<p>Un nouveau chapitre des \u00ab Expressions Eph\u00e9m\u00e8res \u00bb, le cycle d&rsquo;exposition initi\u00e9 par Christian Hocquel il y a un peu [&hellip;]<\/p>\n","protected":false},"author":46,"featured_media":89053,"comment_status":"open","ping_status":"open","sticky":false,"template":"","format":"standard","meta":{"footnotes":""},"categories":[460,8019,167],"tags":[20787,3084,3294,6982,14237,8021,18872,2881,43],"class_list":["post-89049","post","type-post","status-publish","format-standard","has-post-thumbnail","hentry","category-a-la-une","category-vie-artistique-art-culture","category-saint-die-des-vosges","tag-cascades","tag-cepagrap","tag-christian-hocquel","tag-exposition-photo","tag-expressions-ephemeres","tag-herve-legrix","tag-les-deux-rives","tag-saint-die-des-vosges","tag-vosges"],"acf":[],"yoast_head":"<!-- This site is optimized with the Yoast SEO plugin v22.5 - https:\/\/yoast.com\/wordpress\/plugins\/seo\/ -->\n<title>Expression Eph\u00e9m\u00e8re : les cascades de Herv\u00e9 Legrix sont \u00e0 d\u00e9couvrir au bar Les Deux Rives - Saint Die Info<\/title>\n<meta name=\"robots\" content=\"index, follow, max-snippet:-1, max-image-preview:large, max-video-preview:-1\" \/>\n<link rel=\"canonical\" href=\"https:\/\/vosgesinfo.fr\/saintdieinfo\/2026\/03\/expression-ephemere-les-cascades-de-herve-legrix-sont-a-decouvrir-au-bar-les-deux-rives\/\" \/>\n<meta name=\"twitter:card\" content=\"summary_large_image\" \/>\n<meta name=\"twitter:title\" content=\"Expression Eph\u00e9m\u00e8re : les cascades de Herv\u00e9 Legrix sont \u00e0 d\u00e9couvrir au bar Les Deux Rives - Saint Die Info\" \/>\n<meta name=\"twitter:description\" content=\"Un nouveau chapitre des \u00ab Expressions Eph\u00e9m\u00e8res \u00bb, le cycle d&rsquo;exposition initi\u00e9 par Christian Hocquel il y a un peu [&hellip;]\" \/>\n<meta name=\"twitter:image\" content=\"https:\/\/vosgesinfo.fr\/app\/uploads\/sites\/4\/2026\/03\/expression-ephemere-herve-legrix-3.jpg\" \/>\n<meta name=\"twitter:creator\" content=\"@VosgesInfo88\" \/>\n<meta name=\"twitter:site\" content=\"@VosgesInfo88\" \/>\n<meta name=\"twitter:label1\" content=\"\u00c9crit par\" \/>\n\t<meta name=\"twitter:data1\" content=\"J.J.\" \/>\n\t<meta name=\"twitter:label2\" content=\"Dur\u00e9e de lecture estim\u00e9e\" \/>\n\t<meta name=\"twitter:data2\" content=\"2 minutes\" \/>\n<script type=\"application\/ld+json\" class=\"yoast-schema-graph\">{\"@context\":\"https:\/\/schema.org\",\"@graph\":[{\"@type\":\"Article\",\"@id\":\"https:\/\/vosgesinfo.fr\/saintdieinfo\/2026\/03\/expression-ephemere-les-cascades-de-herve-legrix-sont-a-decouvrir-au-bar-les-deux-rives\/#article\",\"isPartOf\":{\"@id\":\"https:\/\/vosgesinfo.fr\/saintdieinfo\/2026\/03\/expression-ephemere-les-cascades-de-herve-legrix-sont-a-decouvrir-au-bar-les-deux-rives\/\"},\"author\":{\"name\":\"J.J.\",\"@id\":\"https:\/\/vosgesinfo.fr\/saintdieinfo\/#\/schema\/person\/fa73e9f726d67bb88f46d5b7943cb572\"},\"headline\":\"Expression Eph\u00e9m\u00e8re : les cascades de Herv\u00e9 Legrix sont \u00e0 d\u00e9couvrir au bar Les Deux Rives\",\"datePublished\":\"2026-03-16T11:53:47+00:00\",\"dateModified\":\"2026-03-16T11:49:26+00:00\",\"mainEntityOfPage\":{\"@id\":\"https:\/\/vosgesinfo.fr\/saintdieinfo\/2026\/03\/expression-ephemere-les-cascades-de-herve-legrix-sont-a-decouvrir-au-bar-les-deux-rives\/\"},\"wordCount\":335,\"commentCount\":0,\"publisher\":{\"@id\":\"https:\/\/vosgesinfo.fr\/saintdieinfo\/#organization\"},\"image\":{\"@id\":\"https:\/\/vosgesinfo.fr\/saintdieinfo\/2026\/03\/expression-ephemere-les-cascades-de-herve-legrix-sont-a-decouvrir-au-bar-les-deux-rives\/#primaryimage\"},\"thumbnailUrl\":\"https:\/\/vosgesinfo.fr\/app\/uploads\/sites\/4\/2026\/03\/expression-ephemere-herve-legrix-3.jpg\",\"keywords\":[\"cascades\",\"CEPAGRAP\",\"Christian Hocquel\",\"Exposition photo\",\"Expressions \u00e9ph\u00e9m\u00e8res\",\"Herv\u00e9 Legrix\",\"Les Deux Rives\",\"Saint-Di\u00e9-des-Vosges\",\"vosges\"],\"articleSection\":[\"A la Une\",\"Art\",\"Saint-Di\u00e9-des-Vosges\"],\"inLanguage\":\"fr-FR\",\"potentialAction\":[{\"@type\":\"CommentAction\",\"name\":\"Comment\",\"target\":[\"https:\/\/vosgesinfo.fr\/saintdieinfo\/2026\/03\/expression-ephemere-les-cascades-de-herve-legrix-sont-a-decouvrir-au-bar-les-deux-rives\/#respond\"]}]},{\"@type\":\"WebPage\",\"@id\":\"https:\/\/vosgesinfo.fr\/saintdieinfo\/2026\/03\/expression-ephemere-les-cascades-de-herve-legrix-sont-a-decouvrir-au-bar-les-deux-rives\/\",\"url\":\"https:\/\/vosgesinfo.fr\/saintdieinfo\/2026\/03\/expression-ephemere-les-cascades-de-herve-legrix-sont-a-decouvrir-au-bar-les-deux-rives\/\",\"name\":\"Expression Eph\u00e9m\u00e8re : les cascades de Herv\u00e9 Legrix sont \u00e0 d\u00e9couvrir au bar Les Deux Rives - Saint Die Info\",\"isPartOf\":{\"@id\":\"https:\/\/vosgesinfo.fr\/saintdieinfo\/#website\"},\"primaryImageOfPage\":{\"@id\":\"https:\/\/vosgesinfo.fr\/saintdieinfo\/2026\/03\/expression-ephemere-les-cascades-de-herve-legrix-sont-a-decouvrir-au-bar-les-deux-rives\/#primaryimage\"},\"image\":{\"@id\":\"https:\/\/vosgesinfo.fr\/saintdieinfo\/2026\/03\/expression-ephemere-les-cascades-de-herve-legrix-sont-a-decouvrir-au-bar-les-deux-rives\/#primaryimage\"},\"thumbnailUrl\":\"https:\/\/vosgesinfo.fr\/app\/uploads\/sites\/4\/2026\/03\/expression-ephemere-herve-legrix-3.jpg\",\"datePublished\":\"2026-03-16T11:53:47+00:00\",\"dateModified\":\"2026-03-16T11:49:26+00:00\",\"breadcrumb\":{\"@id\":\"https:\/\/vosgesinfo.fr\/saintdieinfo\/2026\/03\/expression-ephemere-les-cascades-de-herve-legrix-sont-a-decouvrir-au-bar-les-deux-rives\/#breadcrumb\"},\"inLanguage\":\"fr-FR\",\"potentialAction\":[{\"@type\":\"ReadAction\",\"target\":[\"https:\/\/vosgesinfo.fr\/saintdieinfo\/2026\/03\/expression-ephemere-les-cascades-de-herve-legrix-sont-a-decouvrir-au-bar-les-deux-rives\/\"]}]},{\"@type\":\"ImageObject\",\"inLanguage\":\"fr-FR\",\"@id\":\"https:\/\/vosgesinfo.fr\/saintdieinfo\/2026\/03\/expression-ephemere-les-cascades-de-herve-legrix-sont-a-decouvrir-au-bar-les-deux-rives\/#primaryimage\",\"url\":\"https:\/\/vosgesinfo.fr\/app\/uploads\/sites\/4\/2026\/03\/expression-ephemere-herve-legrix-3.jpg\",\"contentUrl\":\"https:\/\/vosgesinfo.fr\/app\/uploads\/sites\/4\/2026\/03\/expression-ephemere-herve-legrix-3.jpg\",\"width\":1434,\"height\":1080},{\"@type\":\"BreadcrumbList\",\"@id\":\"https:\/\/vosgesinfo.fr\/saintdieinfo\/2026\/03\/expression-ephemere-les-cascades-de-herve-legrix-sont-a-decouvrir-au-bar-les-deux-rives\/#breadcrumb\",\"itemListElement\":[{\"@type\":\"ListItem\",\"position\":1,\"name\":\"Home\",\"item\":\"https:\/\/vosgesinfo.fr\/saintdieinfo\/\"},{\"@type\":\"ListItem\",\"position\":2,\"name\":\"Expression Eph\u00e9m\u00e8re : les cascades de Herv\u00e9 Legrix sont \u00e0 d\u00e9couvrir au bar Les Deux Rives\"}]},{\"@type\":\"WebSite\",\"@id\":\"https:\/\/vosgesinfo.fr\/saintdieinfo\/#website\",\"url\":\"https:\/\/vosgesinfo.fr\/saintdieinfo\/\",\"name\":\"Saint Die Info\",\"description\":\"Toute l&#039;actualit\u00e9 de Saint-Di\u00e9-Des-Vosges\",\"publisher\":{\"@id\":\"https:\/\/vosgesinfo.fr\/saintdieinfo\/#organization\"},\"alternateName\":\"Toute l'actualit\u00e9 de Saint-Di\u00e9-Des-Vosges\",\"potentialAction\":[{\"@type\":\"SearchAction\",\"target\":{\"@type\":\"EntryPoint\",\"urlTemplate\":\"https:\/\/vosgesinfo.fr\/saintdieinfo\/?s={search_term_string}\"},\"query-input\":\"required name=search_term_string\"}],\"inLanguage\":\"fr-FR\"},{\"@type\":\"Organization\",\"@id\":\"https:\/\/vosgesinfo.fr\/saintdieinfo\/#organization\",\"name\":\"Saint Die Info\",\"url\":\"https:\/\/vosgesinfo.fr\/saintdieinfo\/\",\"logo\":{\"@type\":\"ImageObject\",\"inLanguage\":\"fr-FR\",\"@id\":\"https:\/\/vosgesinfo.fr\/saintdieinfo\/#\/schema\/logo\/image\/\",\"url\":\"https:\/\/vosgesinfo.fr\/app\/uploads\/sites\/4\/2024\/02\/logo-sdi.jpg\",\"contentUrl\":\"https:\/\/vosgesinfo.fr\/app\/uploads\/sites\/4\/2024\/02\/logo-sdi.jpg\",\"width\":600,\"height\":600,\"caption\":\"Saint Die Info\"},\"image\":{\"@id\":\"https:\/\/vosgesinfo.fr\/saintdieinfo\/#\/schema\/logo\/image\/\"},\"sameAs\":[\"https:\/\/www.facebook.com\/Saintdieinfofr\",\"https:\/\/x.com\/VosgesInfo88\",\"https:\/\/www.youtube.com\/@vosgesinfo\"]},{\"@type\":\"Person\",\"@id\":\"https:\/\/vosgesinfo.fr\/saintdieinfo\/#\/schema\/person\/fa73e9f726d67bb88f46d5b7943cb572\",\"name\":\"J.J.\",\"image\":{\"@type\":\"ImageObject\",\"inLanguage\":\"fr-FR\",\"@id\":\"https:\/\/vosgesinfo.fr\/saintdieinfo\/#\/schema\/person\/image\/\",\"url\":\"https:\/\/secure.gravatar.com\/avatar\/219e749e47ffbcca018a360ae4add7d4cdf1cdaaf8bc7676b27efade3fe65615?s=96&d=mm&r=g\",\"contentUrl\":\"https:\/\/secure.gravatar.com\/avatar\/219e749e47ffbcca018a360ae4add7d4cdf1cdaaf8bc7676b27efade3fe65615?s=96&d=mm&r=g\",\"caption\":\"J.J.\"},\"url\":\"https:\/\/vosgesinfo.fr\/saintdieinfo\/author\/j-j\/\"}]}<\/script>\n<!-- \/ Yoast SEO plugin. -->","yoast_head_json":{"title":"Expression Eph\u00e9m\u00e8re : les cascades de Herv\u00e9 Legrix sont \u00e0 d\u00e9couvrir au bar Les Deux Rives - Saint Die Info","robots":{"index":"index","follow":"follow","max-snippet":"max-snippet:-1","max-image-preview":"max-image-preview:large","max-video-preview":"max-video-preview:-1"},"canonical":"https:\/\/vosgesinfo.fr\/saintdieinfo\/2026\/03\/expression-ephemere-les-cascades-de-herve-legrix-sont-a-decouvrir-au-bar-les-deux-rives\/","twitter_card":"summary_large_image","twitter_title":"Expression Eph\u00e9m\u00e8re : les cascades de Herv\u00e9 Legrix sont \u00e0 d\u00e9couvrir au bar Les Deux Rives - Saint Die Info","twitter_description":"Un nouveau chapitre des \u00ab Expressions Eph\u00e9m\u00e8res \u00bb, le cycle d&rsquo;exposition initi\u00e9 par Christian Hocquel il y a un peu [&hellip;]","twitter_image":"https:\/\/vosgesinfo.fr\/app\/uploads\/sites\/4\/2026\/03\/expression-ephemere-herve-legrix-3.jpg","twitter_creator":"@VosgesInfo88","twitter_site":"@VosgesInfo88","twitter_misc":{"\u00c9crit par":"J.J.","Dur\u00e9e de lecture estim\u00e9e":"2 minutes"},"schema":{"@context":"https:\/\/schema.org","@graph":[{"@type":"Article","@id":"https:\/\/vosgesinfo.fr\/saintdieinfo\/2026\/03\/expression-ephemere-les-cascades-de-herve-legrix-sont-a-decouvrir-au-bar-les-deux-rives\/#article","isPartOf":{"@id":"https:\/\/vosgesinfo.fr\/saintdieinfo\/2026\/03\/expression-ephemere-les-cascades-de-herve-legrix-sont-a-decouvrir-au-bar-les-deux-rives\/"},"author":{"name":"J.J.","@id":"https:\/\/vosgesinfo.fr\/saintdieinfo\/#\/schema\/person\/fa73e9f726d67bb88f46d5b7943cb572"},"headline":"Expression Eph\u00e9m\u00e8re : les cascades de Herv\u00e9 Legrix sont \u00e0 d\u00e9couvrir au bar Les Deux Rives","datePublished":"2026-03-16T11:53:47+00:00","dateModified":"2026-03-16T11:49:26+00:00","mainEntityOfPage":{"@id":"https:\/\/vosgesinfo.fr\/saintdieinfo\/2026\/03\/expression-ephemere-les-cascades-de-herve-legrix-sont-a-decouvrir-au-bar-les-deux-rives\/"},"wordCount":335,"commentCount":0,"publisher":{"@id":"https:\/\/vosgesinfo.fr\/saintdieinfo\/#organization"},"image":{"@id":"https:\/\/vosgesinfo.fr\/saintdieinfo\/2026\/03\/expression-ephemere-les-cascades-de-herve-legrix-sont-a-decouvrir-au-bar-les-deux-rives\/#primaryimage"},"thumbnailUrl":"https:\/\/vosgesinfo.fr\/app\/uploads\/sites\/4\/2026\/03\/expression-ephemere-herve-legrix-3.jpg","keywords":["cascades","CEPAGRAP","Christian Hocquel","Exposition photo","Expressions \u00e9ph\u00e9m\u00e8res","Herv\u00e9 Legrix","Les Deux Rives","Saint-Di\u00e9-des-Vosges","vosges"],"articleSection":["A la Une","Art","Saint-Di\u00e9-des-Vosges"],"inLanguage":"fr-FR","potentialAction":[{"@type":"CommentAction","name":"Comment","target":["https:\/\/vosgesinfo.fr\/saintdieinfo\/2026\/03\/expression-ephemere-les-cascades-de-herve-legrix-sont-a-decouvrir-au-bar-les-deux-rives\/#respond"]}]},{"@type":"WebPage","@id":"https:\/\/vosgesinfo.fr\/saintdieinfo\/2026\/03\/expression-ephemere-les-cascades-de-herve-legrix-sont-a-decouvrir-au-bar-les-deux-rives\/","url":"https:\/\/vosgesinfo.fr\/saintdieinfo\/2026\/03\/expression-ephemere-les-cascades-de-herve-legrix-sont-a-decouvrir-au-bar-les-deux-rives\/","name":"Expression Eph\u00e9m\u00e8re : les cascades de Herv\u00e9 Legrix sont \u00e0 d\u00e9couvrir au bar Les Deux Rives - Saint Die Info","isPartOf":{"@id":"https:\/\/vosgesinfo.fr\/saintdieinfo\/#website"},"primaryImageOfPage":{"@id":"https:\/\/vosgesinfo.fr\/saintdieinfo\/2026\/03\/expression-ephemere-les-cascades-de-herve-legrix-sont-a-decouvrir-au-bar-les-deux-rives\/#primaryimage"},"image":{"@id":"https:\/\/vosgesinfo.fr\/saintdieinfo\/2026\/03\/expression-ephemere-les-cascades-de-herve-legrix-sont-a-decouvrir-au-bar-les-deux-rives\/#primaryimage"},"thumbnailUrl":"https:\/\/vosgesinfo.fr\/app\/uploads\/sites\/4\/2026\/03\/expression-ephemere-herve-legrix-3.jpg","datePublished":"2026-03-16T11:53:47+00:00","dateModified":"2026-03-16T11:49:26+00:00","breadcrumb":{"@id":"https:\/\/vosgesinfo.fr\/saintdieinfo\/2026\/03\/expression-ephemere-les-cascades-de-herve-legrix-sont-a-decouvrir-au-bar-les-deux-rives\/#breadcrumb"},"inLanguage":"fr-FR","potentialAction":[{"@type":"ReadAction","target":["https:\/\/vosgesinfo.fr\/saintdieinfo\/2026\/03\/expression-ephemere-les-cascades-de-herve-legrix-sont-a-decouvrir-au-bar-les-deux-rives\/"]}]},{"@type":"ImageObject","inLanguage":"fr-FR","@id":"https:\/\/vosgesinfo.fr\/saintdieinfo\/2026\/03\/expression-ephemere-les-cascades-de-herve-legrix-sont-a-decouvrir-au-bar-les-deux-rives\/#primaryimage","url":"https:\/\/vosgesinfo.fr\/app\/uploads\/sites\/4\/2026\/03\/expression-ephemere-herve-legrix-3.jpg","contentUrl":"https:\/\/vosgesinfo.fr\/app\/uploads\/sites\/4\/2026\/03\/expression-ephemere-herve-legrix-3.jpg","width":1434,"height":1080},{"@type":"BreadcrumbList","@id":"https:\/\/vosgesinfo.fr\/saintdieinfo\/2026\/03\/expression-ephemere-les-cascades-de-herve-legrix-sont-a-decouvrir-au-bar-les-deux-rives\/#breadcrumb","itemListElement":[{"@type":"ListItem","position":1,"name":"Home","item":"https:\/\/vosgesinfo.fr\/saintdieinfo\/"},{"@type":"ListItem","position":2,"name":"Expression Eph\u00e9m\u00e8re : les cascades de Herv\u00e9 Legrix sont \u00e0 d\u00e9couvrir au bar Les Deux Rives"}]},{"@type":"WebSite","@id":"https:\/\/vosgesinfo.fr\/saintdieinfo\/#website","url":"https:\/\/vosgesinfo.fr\/saintdieinfo\/","name":"Saint Die Info","description":"Toute l&#039;actualit\u00e9 de Saint-Di\u00e9-Des-Vosges","publisher":{"@id":"https:\/\/vosgesinfo.fr\/saintdieinfo\/#organization"},"alternateName":"Toute l'actualit\u00e9 de Saint-Di\u00e9-Des-Vosges","potentialAction":[{"@type":"SearchAction","target":{"@type":"EntryPoint","urlTemplate":"https:\/\/vosgesinfo.fr\/saintdieinfo\/?s={search_term_string}"},"query-input":"required name=search_term_string"}],"inLanguage":"fr-FR"},{"@type":"Organization","@id":"https:\/\/vosgesinfo.fr\/saintdieinfo\/#organization","name":"Saint Die Info","url":"https:\/\/vosgesinfo.fr\/saintdieinfo\/","logo":{"@type":"ImageObject","inLanguage":"fr-FR","@id":"https:\/\/vosgesinfo.fr\/saintdieinfo\/#\/schema\/logo\/image\/","url":"https:\/\/vosgesinfo.fr\/app\/uploads\/sites\/4\/2024\/02\/logo-sdi.jpg","contentUrl":"https:\/\/vosgesinfo.fr\/app\/uploads\/sites\/4\/2024\/02\/logo-sdi.jpg","width":600,"height":600,"caption":"Saint Die Info"},"image":{"@id":"https:\/\/vosgesinfo.fr\/saintdieinfo\/#\/schema\/logo\/image\/"},"sameAs":["https:\/\/www.facebook.com\/Saintdieinfofr","https:\/\/x.com\/VosgesInfo88","https:\/\/www.youtube.com\/@vosgesinfo"]},{"@type":"Person","@id":"https:\/\/vosgesinfo.fr\/saintdieinfo\/#\/schema\/person\/fa73e9f726d67bb88f46d5b7943cb572","name":"J.J.","image":{"@type":"ImageObject","inLanguage":"fr-FR","@id":"https:\/\/vosgesinfo.fr\/saintdieinfo\/#\/schema\/person\/image\/","url":"https:\/\/secure.gravatar.com\/avatar\/219e749e47ffbcca018a360ae4add7d4cdf1cdaaf8bc7676b27efade3fe65615?s=96&d=mm&r=g","contentUrl":"https:\/\/secure.gravatar.com\/avatar\/219e749e47ffbcca018a360ae4add7d4cdf1cdaaf8bc7676b27efade3fe65615?s=96&d=mm&r=g","caption":"J.J."},"url":"https:\/\/vosgesinfo.fr\/saintdieinfo\/author\/j-j\/"}]}},"_links":{"self":[{"href":"https:\/\/vosgesinfo.fr\/saintdieinfo\/wp-json\/wp\/v2\/posts\/89049","targetHints":{"allow":["GET"]}}],"collection":[{"href":"https:\/\/vosgesinfo.fr\/saintdieinfo\/wp-json\/wp\/v2\/posts"}],"about":[{"href":"https:\/\/vosgesinfo.fr\/saintdieinfo\/wp-json\/wp\/v2\/types\/post"}],"author":[{"embeddable":true,"href":"https:\/\/vosgesinfo.fr\/saintdieinfo\/wp-json\/wp\/v2\/users\/46"}],"replies":[{"embeddable":true,"href":"https:\/\/vosgesinfo.fr\/saintdieinfo\/wp-json\/wp\/v2\/comments?post=89049"}],"version-history":[{"count":4,"href":"https:\/\/vosgesinfo.fr\/saintdieinfo\/wp-json\/wp\/v2\/posts\/89049\/revisions"}],"predecessor-version":[{"id":89059,"href":"https:\/\/vosgesinfo.fr\/saintdieinfo\/wp-json\/wp\/v2\/posts\/89049\/revisions\/89059"}],"wp:featuredmedia":[{"embeddable":true,"href":"https:\/\/vosgesinfo.fr\/saintdieinfo\/wp-json\/wp\/v2\/media\/89053"}],"wp:attachment":[{"href":"https:\/\/vosgesinfo.fr\/saintdieinfo\/wp-json\/wp\/v2\/media?parent=89049"}],"wp:term":[{"taxonomy":"category","embeddable":true,"href":"https:\/\/vosgesinfo.fr\/saintdieinfo\/wp-json\/wp\/v2\/categories?post=89049"},{"taxonomy":"post_tag","embeddable":true,"href":"https:\/\/vosgesinfo.fr\/saintdieinfo\/wp-json\/wp\/v2\/tags?post=89049"}],"curies":[{"name":"wp","href":"https:\/\/api.w.org\/{rel}","templated":true}]}}