{"id":89069,"date":"2026-03-17T09:23:40","date_gmt":"2026-03-17T08:23:40","guid":{"rendered":"https:\/\/vosgesinfo.fr\/saintdieinfo\/?p=89069"},"modified":"2026-03-17T09:11:20","modified_gmt":"2026-03-17T08:11:20","slug":"lecurie-gentiane-historique-ouvre-sa-saison-2026-sur-un-bon-depart","status":"publish","type":"post","link":"https:\/\/vosgesinfo.fr\/saintdieinfo\/2026\/03\/lecurie-gentiane-historique-ouvre-sa-saison-2026-sur-un-bon-depart\/","title":{"rendered":"L\u2019\u00c9curie Gentiane Historique ouvre sa saison 2026 sur un bon d\u00e9part"},"content":{"rendered":"<div id=\"attachment_88500\" style=\"width: 1034px\" class=\"wp-caption alignnone\"><a href=\"https:\/\/vosgesinfo.fr\/app\/uploads\/sites\/4\/2026\/03\/premier-rassemblement-saison-2026-ecurie-gentiane-historique-1.jpg\"><img decoding=\"async\" aria-describedby=\"caption-attachment-88500\" class=\"size-large wp-image-88500\" src=\"https:\/\/vosgesinfo.fr\/app\/uploads\/sites\/4\/2026\/03\/premier-rassemblement-saison-2026-ecurie-gentiane-historique-1-1024x683.jpg\" alt=\"\" width=\"1024\" height=\"683\" srcset=\"https:\/\/vosgesinfo.fr\/app\/uploads\/sites\/4\/2026\/03\/premier-rassemblement-saison-2026-ecurie-gentiane-historique-1-1024x683.jpg 1024w, https:\/\/vosgesinfo.fr\/app\/uploads\/sites\/4\/2026\/03\/premier-rassemblement-saison-2026-ecurie-gentiane-historique-1-300x200.jpg 300w, https:\/\/vosgesinfo.fr\/app\/uploads\/sites\/4\/2026\/03\/premier-rassemblement-saison-2026-ecurie-gentiane-historique-1-768x512.jpg 768w, https:\/\/vosgesinfo.fr\/app\/uploads\/sites\/4\/2026\/03\/premier-rassemblement-saison-2026-ecurie-gentiane-historique-1-1536x1025.jpg 1536w, https:\/\/vosgesinfo.fr\/app\/uploads\/sites\/4\/2026\/03\/premier-rassemblement-saison-2026-ecurie-gentiane-historique-1.jpg 1619w\" sizes=\"(max-width: 1024px) 100vw, 1024px\" \/><\/a><p id=\"caption-attachment-88500\" class=\"wp-caption-text\">(Archive)<\/p><\/div>\n<h2>L\u2019<strong>\u00c9curie Gentiane Historique<\/strong> a clos l\u2019ann\u00e9e <strong>2025<\/strong> sur un <strong>bilan financier positif<\/strong>, \u00e0 l\u2019issue de son <strong>assembl\u00e9e g\u00e9n\u00e9rale<\/strong>.<\/h2>\n<p><!--more--><\/p>\n<h3><strong>Un Bureau reconduit<\/strong><\/h3>\n<p>Le <strong>Bureau<\/strong> de l\u2019association a \u00e9t\u00e9 renouvel\u00e9 sans changement. <strong>Marc Mischler<\/strong> reste pr\u00e9sident, <strong>Daniel Lahaye<\/strong> conserve la tr\u00e9sorerie et le <strong>comit\u00e9<\/strong> a \u00e9t\u00e9 reconduit pour l\u2019organisation de la <strong>saison 2026<\/strong>.<\/p>\n<h3><strong>Plus de 120 v\u00e9hicules pour l\u2019ouverture de saison<\/strong><\/h3>\n<p><a href=\"https:\/\/vosgesinfo.fr\/saintdieinfo\/2026\/03\/pres-de-120-vehicules-pour-le-premier-rassemblement-de-la-saison-de-lecurie-gentiane-historique\/\" target=\"_blank\" rel=\"noopener\">La premi\u00e8re exposition de <strong>mars<\/strong> a lanc\u00e9 la <strong>saison 2026<\/strong> avec <strong>plus de 120 v\u00e9hicules<\/strong> pr\u00e9sents<\/a>. Un premier rendez-vous a rencontr\u00e9 un <strong>beau succ\u00e8s<\/strong>. Lors de son <strong>assembl\u00e9e g\u00e9n\u00e9rale<\/strong>, l\u2019association a remerci\u00e9 les passionn\u00e9s pr\u00e9sents lors du premier rassemblement et poursuit sa saison 2026.<\/p>\n<h3><strong>Un rendez-vous le 5 avril<\/strong><\/h3>\n<p>L\u2019<strong>\u00c9curie Gentiane Historique<\/strong> donne d\u00e9sormais rendez-vous le <strong>5 avril<\/strong>, \u00e0 partir de 9 h, sur la <strong>place du March\u00e9<\/strong>, pour les inscriptions des <strong>nouveaux adh\u00e9rents<\/strong> et le renouvellement des <strong>cartes de membres<\/strong>.<\/p>\n","protected":false},"excerpt":{"rendered":"<p>L\u2019\u00c9curie Gentiane Historique a clos l\u2019ann\u00e9e 2025 sur un bilan financier positif, \u00e0 l\u2019issue de son assembl\u00e9e g\u00e9n\u00e9rale.<\/p>\n","protected":false},"author":46,"featured_media":88500,"comment_status":"open","ping_status":"open","sticky":false,"template":"","format":"standard","meta":{"footnotes":""},"categories":[460,167,17],"tags":[676,20794,2930,20792,20793,2931,20795,18012],"class_list":["post-89069","post","type-post","status-publish","format-standard","has-post-thumbnail","hentry","category-a-la-une","category-saint-die-des-vosges","category-vie-associative","tag-assemblee-generale","tag-daniel-lahaye","tag-ecurie-gentiane-historique","tag-exposition-automobile","tag-marc-mischler","tag-place-du-marche","tag-saison-2026","tag-voitures-anciennes"],"acf":[],"yoast_head":"<!-- This site is optimized with the Yoast SEO plugin v22.5 - https:\/\/yoast.com\/wordpress\/plugins\/seo\/ -->\n<title>L\u2019\u00c9curie Gentiane Historique ouvre sa saison 2026 sur un bon d\u00e9part - Saint Die Info<\/title>\n<meta name=\"robots\" content=\"index, follow, max-snippet:-1, max-image-preview:large, max-video-preview:-1\" \/>\n<link rel=\"canonical\" href=\"https:\/\/vosgesinfo.fr\/saintdieinfo\/2026\/03\/lecurie-gentiane-historique-ouvre-sa-saison-2026-sur-un-bon-depart\/\" \/>\n<meta name=\"twitter:card\" content=\"summary_large_image\" \/>\n<meta name=\"twitter:title\" content=\"L\u2019\u00c9curie Gentiane Historique ouvre sa saison 2026 sur un bon d\u00e9part - Saint Die Info\" \/>\n<meta name=\"twitter:description\" content=\"L\u2019\u00c9curie Gentiane Historique a clos l\u2019ann\u00e9e 2025 sur un bilan financier positif, \u00e0 l\u2019issue de son assembl\u00e9e g\u00e9n\u00e9rale.\" \/>\n<meta name=\"twitter:image\" content=\"https:\/\/vosgesinfo.fr\/app\/uploads\/sites\/4\/2026\/03\/premier-rassemblement-saison-2026-ecurie-gentiane-historique-1.jpg\" \/>\n<meta name=\"twitter:creator\" content=\"@VosgesInfo88\" \/>\n<meta name=\"twitter:site\" content=\"@VosgesInfo88\" \/>\n<meta name=\"twitter:label1\" content=\"\u00c9crit par\" \/>\n\t<meta name=\"twitter:data1\" content=\"J.J.\" \/>\n\t<meta name=\"twitter:label2\" content=\"Dur\u00e9e de lecture estim\u00e9e\" \/>\n\t<meta name=\"twitter:data2\" content=\"1 minute\" \/>\n<script type=\"application\/ld+json\" class=\"yoast-schema-graph\">{\"@context\":\"https:\/\/schema.org\",\"@graph\":[{\"@type\":\"Article\",\"@id\":\"https:\/\/vosgesinfo.fr\/saintdieinfo\/2026\/03\/lecurie-gentiane-historique-ouvre-sa-saison-2026-sur-un-bon-depart\/#article\",\"isPartOf\":{\"@id\":\"https:\/\/vosgesinfo.fr\/saintdieinfo\/2026\/03\/lecurie-gentiane-historique-ouvre-sa-saison-2026-sur-un-bon-depart\/\"},\"author\":{\"name\":\"J.J.\",\"@id\":\"https:\/\/vosgesinfo.fr\/saintdieinfo\/#\/schema\/person\/fa73e9f726d67bb88f46d5b7943cb572\"},\"headline\":\"L\u2019\u00c9curie Gentiane Historique ouvre sa saison 2026 sur un bon d\u00e9part\",\"datePublished\":\"2026-03-17T08:23:40+00:00\",\"dateModified\":\"2026-03-17T08:11:20+00:00\",\"mainEntityOfPage\":{\"@id\":\"https:\/\/vosgesinfo.fr\/saintdieinfo\/2026\/03\/lecurie-gentiane-historique-ouvre-sa-saison-2026-sur-un-bon-depart\/\"},\"wordCount\":175,\"commentCount\":0,\"publisher\":{\"@id\":\"https:\/\/vosgesinfo.fr\/saintdieinfo\/#organization\"},\"image\":{\"@id\":\"https:\/\/vosgesinfo.fr\/saintdieinfo\/2026\/03\/lecurie-gentiane-historique-ouvre-sa-saison-2026-sur-un-bon-depart\/#primaryimage\"},\"thumbnailUrl\":\"https:\/\/vosgesinfo.fr\/app\/uploads\/sites\/4\/2026\/03\/premier-rassemblement-saison-2026-ecurie-gentiane-historique-1.jpg\",\"keywords\":[\"assembl\u00e9e g\u00e9n\u00e9rale\",\"Daniel Lahaye\",\"Ecurie Gentiane Historique\",\"exposition automobile\",\"Marc Mischler\",\"Place du March\u00e9\",\"saison 2026\",\"Voitures anciennes\"],\"articleSection\":[\"A la Une\",\"Saint-Di\u00e9-des-Vosges\",\"Vie Associative\"],\"inLanguage\":\"fr-FR\",\"potentialAction\":[{\"@type\":\"CommentAction\",\"name\":\"Comment\",\"target\":[\"https:\/\/vosgesinfo.fr\/saintdieinfo\/2026\/03\/lecurie-gentiane-historique-ouvre-sa-saison-2026-sur-un-bon-depart\/#respond\"]}]},{\"@type\":\"WebPage\",\"@id\":\"https:\/\/vosgesinfo.fr\/saintdieinfo\/2026\/03\/lecurie-gentiane-historique-ouvre-sa-saison-2026-sur-un-bon-depart\/\",\"url\":\"https:\/\/vosgesinfo.fr\/saintdieinfo\/2026\/03\/lecurie-gentiane-historique-ouvre-sa-saison-2026-sur-un-bon-depart\/\",\"name\":\"L\u2019\u00c9curie Gentiane Historique ouvre sa saison 2026 sur un bon d\u00e9part - Saint Die Info\",\"isPartOf\":{\"@id\":\"https:\/\/vosgesinfo.fr\/saintdieinfo\/#website\"},\"primaryImageOfPage\":{\"@id\":\"https:\/\/vosgesinfo.fr\/saintdieinfo\/2026\/03\/lecurie-gentiane-historique-ouvre-sa-saison-2026-sur-un-bon-depart\/#primaryimage\"},\"image\":{\"@id\":\"https:\/\/vosgesinfo.fr\/saintdieinfo\/2026\/03\/lecurie-gentiane-historique-ouvre-sa-saison-2026-sur-un-bon-depart\/#primaryimage\"},\"thumbnailUrl\":\"https:\/\/vosgesinfo.fr\/app\/uploads\/sites\/4\/2026\/03\/premier-rassemblement-saison-2026-ecurie-gentiane-historique-1.jpg\",\"datePublished\":\"2026-03-17T08:23:40+00:00\",\"dateModified\":\"2026-03-17T08:11:20+00:00\",\"breadcrumb\":{\"@id\":\"https:\/\/vosgesinfo.fr\/saintdieinfo\/2026\/03\/lecurie-gentiane-historique-ouvre-sa-saison-2026-sur-un-bon-depart\/#breadcrumb\"},\"inLanguage\":\"fr-FR\",\"potentialAction\":[{\"@type\":\"ReadAction\",\"target\":[\"https:\/\/vosgesinfo.fr\/saintdieinfo\/2026\/03\/lecurie-gentiane-historique-ouvre-sa-saison-2026-sur-un-bon-depart\/\"]}]},{\"@type\":\"ImageObject\",\"inLanguage\":\"fr-FR\",\"@id\":\"https:\/\/vosgesinfo.fr\/saintdieinfo\/2026\/03\/lecurie-gentiane-historique-ouvre-sa-saison-2026-sur-un-bon-depart\/#primaryimage\",\"url\":\"https:\/\/vosgesinfo.fr\/app\/uploads\/sites\/4\/2026\/03\/premier-rassemblement-saison-2026-ecurie-gentiane-historique-1.jpg\",\"contentUrl\":\"https:\/\/vosgesinfo.fr\/app\/uploads\/sites\/4\/2026\/03\/premier-rassemblement-saison-2026-ecurie-gentiane-historique-1.jpg\",\"width\":1619,\"height\":1080,\"caption\":\"(Archive)\"},{\"@type\":\"BreadcrumbList\",\"@id\":\"https:\/\/vosgesinfo.fr\/saintdieinfo\/2026\/03\/lecurie-gentiane-historique-ouvre-sa-saison-2026-sur-un-bon-depart\/#breadcrumb\",\"itemListElement\":[{\"@type\":\"ListItem\",\"position\":1,\"name\":\"Home\",\"item\":\"https:\/\/vosgesinfo.fr\/saintdieinfo\/\"},{\"@type\":\"ListItem\",\"position\":2,\"name\":\"L\u2019\u00c9curie Gentiane Historique ouvre sa saison 2026 sur un bon d\u00e9part\"}]},{\"@type\":\"WebSite\",\"@id\":\"https:\/\/vosgesinfo.fr\/saintdieinfo\/#website\",\"url\":\"https:\/\/vosgesinfo.fr\/saintdieinfo\/\",\"name\":\"Saint Die Info\",\"description\":\"Toute l&#039;actualit\u00e9 de Saint-Di\u00e9-Des-Vosges\",\"publisher\":{\"@id\":\"https:\/\/vosgesinfo.fr\/saintdieinfo\/#organization\"},\"alternateName\":\"Toute l'actualit\u00e9 de Saint-Di\u00e9-Des-Vosges\",\"potentialAction\":[{\"@type\":\"SearchAction\",\"target\":{\"@type\":\"EntryPoint\",\"urlTemplate\":\"https:\/\/vosgesinfo.fr\/saintdieinfo\/?s={search_term_string}\"},\"query-input\":\"required name=search_term_string\"}],\"inLanguage\":\"fr-FR\"},{\"@type\":\"Organization\",\"@id\":\"https:\/\/vosgesinfo.fr\/saintdieinfo\/#organization\",\"name\":\"Saint Die Info\",\"url\":\"https:\/\/vosgesinfo.fr\/saintdieinfo\/\",\"logo\":{\"@type\":\"ImageObject\",\"inLanguage\":\"fr-FR\",\"@id\":\"https:\/\/vosgesinfo.fr\/saintdieinfo\/#\/schema\/logo\/image\/\",\"url\":\"https:\/\/vosgesinfo.fr\/app\/uploads\/sites\/4\/2024\/02\/logo-sdi.jpg\",\"contentUrl\":\"https:\/\/vosgesinfo.fr\/app\/uploads\/sites\/4\/2024\/02\/logo-sdi.jpg\",\"width\":600,\"height\":600,\"caption\":\"Saint Die Info\"},\"image\":{\"@id\":\"https:\/\/vosgesinfo.fr\/saintdieinfo\/#\/schema\/logo\/image\/\"},\"sameAs\":[\"https:\/\/www.facebook.com\/Saintdieinfofr\",\"https:\/\/x.com\/VosgesInfo88\",\"https:\/\/www.youtube.com\/@vosgesinfo\"]},{\"@type\":\"Person\",\"@id\":\"https:\/\/vosgesinfo.fr\/saintdieinfo\/#\/schema\/person\/fa73e9f726d67bb88f46d5b7943cb572\",\"name\":\"J.J.\",\"image\":{\"@type\":\"ImageObject\",\"inLanguage\":\"fr-FR\",\"@id\":\"https:\/\/vosgesinfo.fr\/saintdieinfo\/#\/schema\/person\/image\/\",\"url\":\"https:\/\/secure.gravatar.com\/avatar\/219e749e47ffbcca018a360ae4add7d4cdf1cdaaf8bc7676b27efade3fe65615?s=96&d=mm&r=g\",\"contentUrl\":\"https:\/\/secure.gravatar.com\/avatar\/219e749e47ffbcca018a360ae4add7d4cdf1cdaaf8bc7676b27efade3fe65615?s=96&d=mm&r=g\",\"caption\":\"J.J.\"},\"url\":\"https:\/\/vosgesinfo.fr\/saintdieinfo\/author\/j-j\/\"}]}<\/script>\n<!-- \/ Yoast SEO plugin. -->","yoast_head_json":{"title":"L\u2019\u00c9curie Gentiane Historique ouvre sa saison 2026 sur un bon d\u00e9part - Saint Die Info","robots":{"index":"index","follow":"follow","max-snippet":"max-snippet:-1","max-image-preview":"max-image-preview:large","max-video-preview":"max-video-preview:-1"},"canonical":"https:\/\/vosgesinfo.fr\/saintdieinfo\/2026\/03\/lecurie-gentiane-historique-ouvre-sa-saison-2026-sur-un-bon-depart\/","twitter_card":"summary_large_image","twitter_title":"L\u2019\u00c9curie Gentiane Historique ouvre sa saison 2026 sur un bon d\u00e9part - Saint Die Info","twitter_description":"L\u2019\u00c9curie Gentiane Historique a clos l\u2019ann\u00e9e 2025 sur un bilan financier positif, \u00e0 l\u2019issue de son assembl\u00e9e g\u00e9n\u00e9rale.","twitter_image":"https:\/\/vosgesinfo.fr\/app\/uploads\/sites\/4\/2026\/03\/premier-rassemblement-saison-2026-ecurie-gentiane-historique-1.jpg","twitter_creator":"@VosgesInfo88","twitter_site":"@VosgesInfo88","twitter_misc":{"\u00c9crit par":"J.J.","Dur\u00e9e de lecture estim\u00e9e":"1 minute"},"schema":{"@context":"https:\/\/schema.org","@graph":[{"@type":"Article","@id":"https:\/\/vosgesinfo.fr\/saintdieinfo\/2026\/03\/lecurie-gentiane-historique-ouvre-sa-saison-2026-sur-un-bon-depart\/#article","isPartOf":{"@id":"https:\/\/vosgesinfo.fr\/saintdieinfo\/2026\/03\/lecurie-gentiane-historique-ouvre-sa-saison-2026-sur-un-bon-depart\/"},"author":{"name":"J.J.","@id":"https:\/\/vosgesinfo.fr\/saintdieinfo\/#\/schema\/person\/fa73e9f726d67bb88f46d5b7943cb572"},"headline":"L\u2019\u00c9curie Gentiane Historique ouvre sa saison 2026 sur un bon d\u00e9part","datePublished":"2026-03-17T08:23:40+00:00","dateModified":"2026-03-17T08:11:20+00:00","mainEntityOfPage":{"@id":"https:\/\/vosgesinfo.fr\/saintdieinfo\/2026\/03\/lecurie-gentiane-historique-ouvre-sa-saison-2026-sur-un-bon-depart\/"},"wordCount":175,"commentCount":0,"publisher":{"@id":"https:\/\/vosgesinfo.fr\/saintdieinfo\/#organization"},"image":{"@id":"https:\/\/vosgesinfo.fr\/saintdieinfo\/2026\/03\/lecurie-gentiane-historique-ouvre-sa-saison-2026-sur-un-bon-depart\/#primaryimage"},"thumbnailUrl":"https:\/\/vosgesinfo.fr\/app\/uploads\/sites\/4\/2026\/03\/premier-rassemblement-saison-2026-ecurie-gentiane-historique-1.jpg","keywords":["assembl\u00e9e g\u00e9n\u00e9rale","Daniel Lahaye","Ecurie Gentiane Historique","exposition automobile","Marc Mischler","Place du March\u00e9","saison 2026","Voitures anciennes"],"articleSection":["A la Une","Saint-Di\u00e9-des-Vosges","Vie Associative"],"inLanguage":"fr-FR","potentialAction":[{"@type":"CommentAction","name":"Comment","target":["https:\/\/vosgesinfo.fr\/saintdieinfo\/2026\/03\/lecurie-gentiane-historique-ouvre-sa-saison-2026-sur-un-bon-depart\/#respond"]}]},{"@type":"WebPage","@id":"https:\/\/vosgesinfo.fr\/saintdieinfo\/2026\/03\/lecurie-gentiane-historique-ouvre-sa-saison-2026-sur-un-bon-depart\/","url":"https:\/\/vosgesinfo.fr\/saintdieinfo\/2026\/03\/lecurie-gentiane-historique-ouvre-sa-saison-2026-sur-un-bon-depart\/","name":"L\u2019\u00c9curie Gentiane Historique ouvre sa saison 2026 sur un bon d\u00e9part - Saint Die Info","isPartOf":{"@id":"https:\/\/vosgesinfo.fr\/saintdieinfo\/#website"},"primaryImageOfPage":{"@id":"https:\/\/vosgesinfo.fr\/saintdieinfo\/2026\/03\/lecurie-gentiane-historique-ouvre-sa-saison-2026-sur-un-bon-depart\/#primaryimage"},"image":{"@id":"https:\/\/vosgesinfo.fr\/saintdieinfo\/2026\/03\/lecurie-gentiane-historique-ouvre-sa-saison-2026-sur-un-bon-depart\/#primaryimage"},"thumbnailUrl":"https:\/\/vosgesinfo.fr\/app\/uploads\/sites\/4\/2026\/03\/premier-rassemblement-saison-2026-ecurie-gentiane-historique-1.jpg","datePublished":"2026-03-17T08:23:40+00:00","dateModified":"2026-03-17T08:11:20+00:00","breadcrumb":{"@id":"https:\/\/vosgesinfo.fr\/saintdieinfo\/2026\/03\/lecurie-gentiane-historique-ouvre-sa-saison-2026-sur-un-bon-depart\/#breadcrumb"},"inLanguage":"fr-FR","potentialAction":[{"@type":"ReadAction","target":["https:\/\/vosgesinfo.fr\/saintdieinfo\/2026\/03\/lecurie-gentiane-historique-ouvre-sa-saison-2026-sur-un-bon-depart\/"]}]},{"@type":"ImageObject","inLanguage":"fr-FR","@id":"https:\/\/vosgesinfo.fr\/saintdieinfo\/2026\/03\/lecurie-gentiane-historique-ouvre-sa-saison-2026-sur-un-bon-depart\/#primaryimage","url":"https:\/\/vosgesinfo.fr\/app\/uploads\/sites\/4\/2026\/03\/premier-rassemblement-saison-2026-ecurie-gentiane-historique-1.jpg","contentUrl":"https:\/\/vosgesinfo.fr\/app\/uploads\/sites\/4\/2026\/03\/premier-rassemblement-saison-2026-ecurie-gentiane-historique-1.jpg","width":1619,"height":1080,"caption":"(Archive)"},{"@type":"BreadcrumbList","@id":"https:\/\/vosgesinfo.fr\/saintdieinfo\/2026\/03\/lecurie-gentiane-historique-ouvre-sa-saison-2026-sur-un-bon-depart\/#breadcrumb","itemListElement":[{"@type":"ListItem","position":1,"name":"Home","item":"https:\/\/vosgesinfo.fr\/saintdieinfo\/"},{"@type":"ListItem","position":2,"name":"L\u2019\u00c9curie Gentiane Historique ouvre sa saison 2026 sur un bon d\u00e9part"}]},{"@type":"WebSite","@id":"https:\/\/vosgesinfo.fr\/saintdieinfo\/#website","url":"https:\/\/vosgesinfo.fr\/saintdieinfo\/","name":"Saint Die Info","description":"Toute l&#039;actualit\u00e9 de Saint-Di\u00e9-Des-Vosges","publisher":{"@id":"https:\/\/vosgesinfo.fr\/saintdieinfo\/#organization"},"alternateName":"Toute l'actualit\u00e9 de Saint-Di\u00e9-Des-Vosges","potentialAction":[{"@type":"SearchAction","target":{"@type":"EntryPoint","urlTemplate":"https:\/\/vosgesinfo.fr\/saintdieinfo\/?s={search_term_string}"},"query-input":"required name=search_term_string"}],"inLanguage":"fr-FR"},{"@type":"Organization","@id":"https:\/\/vosgesinfo.fr\/saintdieinfo\/#organization","name":"Saint Die Info","url":"https:\/\/vosgesinfo.fr\/saintdieinfo\/","logo":{"@type":"ImageObject","inLanguage":"fr-FR","@id":"https:\/\/vosgesinfo.fr\/saintdieinfo\/#\/schema\/logo\/image\/","url":"https:\/\/vosgesinfo.fr\/app\/uploads\/sites\/4\/2024\/02\/logo-sdi.jpg","contentUrl":"https:\/\/vosgesinfo.fr\/app\/uploads\/sites\/4\/2024\/02\/logo-sdi.jpg","width":600,"height":600,"caption":"Saint Die Info"},"image":{"@id":"https:\/\/vosgesinfo.fr\/saintdieinfo\/#\/schema\/logo\/image\/"},"sameAs":["https:\/\/www.facebook.com\/Saintdieinfofr","https:\/\/x.com\/VosgesInfo88","https:\/\/www.youtube.com\/@vosgesinfo"]},{"@type":"Person","@id":"https:\/\/vosgesinfo.fr\/saintdieinfo\/#\/schema\/person\/fa73e9f726d67bb88f46d5b7943cb572","name":"J.J.","image":{"@type":"ImageObject","inLanguage":"fr-FR","@id":"https:\/\/vosgesinfo.fr\/saintdieinfo\/#\/schema\/person\/image\/","url":"https:\/\/secure.gravatar.com\/avatar\/219e749e47ffbcca018a360ae4add7d4cdf1cdaaf8bc7676b27efade3fe65615?s=96&d=mm&r=g","contentUrl":"https:\/\/secure.gravatar.com\/avatar\/219e749e47ffbcca018a360ae4add7d4cdf1cdaaf8bc7676b27efade3fe65615?s=96&d=mm&r=g","caption":"J.J."},"url":"https:\/\/vosgesinfo.fr\/saintdieinfo\/author\/j-j\/"}]}},"_links":{"self":[{"href":"https:\/\/vosgesinfo.fr\/saintdieinfo\/wp-json\/wp\/v2\/posts\/89069","targetHints":{"allow":["GET"]}}],"collection":[{"href":"https:\/\/vosgesinfo.fr\/saintdieinfo\/wp-json\/wp\/v2\/posts"}],"about":[{"href":"https:\/\/vosgesinfo.fr\/saintdieinfo\/wp-json\/wp\/v2\/types\/post"}],"author":[{"embeddable":true,"href":"https:\/\/vosgesinfo.fr\/saintdieinfo\/wp-json\/wp\/v2\/users\/46"}],"replies":[{"embeddable":true,"href":"https:\/\/vosgesinfo.fr\/saintdieinfo\/wp-json\/wp\/v2\/comments?post=89069"}],"version-history":[{"count":2,"href":"https:\/\/vosgesinfo.fr\/saintdieinfo\/wp-json\/wp\/v2\/posts\/89069\/revisions"}],"predecessor-version":[{"id":89071,"href":"https:\/\/vosgesinfo.fr\/saintdieinfo\/wp-json\/wp\/v2\/posts\/89069\/revisions\/89071"}],"wp:featuredmedia":[{"embeddable":true,"href":"https:\/\/vosgesinfo.fr\/saintdieinfo\/wp-json\/wp\/v2\/media\/88500"}],"wp:attachment":[{"href":"https:\/\/vosgesinfo.fr\/saintdieinfo\/wp-json\/wp\/v2\/media?parent=89069"}],"wp:term":[{"taxonomy":"category","embeddable":true,"href":"https:\/\/vosgesinfo.fr\/saintdieinfo\/wp-json\/wp\/v2\/categories?post=89069"},{"taxonomy":"post_tag","embeddable":true,"href":"https:\/\/vosgesinfo.fr\/saintdieinfo\/wp-json\/wp\/v2\/tags?post=89069"}],"curies":[{"name":"wp","href":"https:\/\/api.w.org\/{rel}","templated":true}]}}