{"id":89073,"date":"2026-03-17T09:15:56","date_gmt":"2026-03-17T08:15:56","guid":{"rendered":"https:\/\/vosgesinfo.fr\/saintdieinfo\/2026\/03\/les-lyceens-de-bruyeres-a-lhonneur-dans-leur-formation-defense-et-securite\/"},"modified":"2026-03-17T09:15:56","modified_gmt":"2026-03-17T08:15:56","slug":"les-lyceens-de-bruyeres-a-lhonneur-dans-leur-formation-defense-et-securite","status":"publish","type":"post","link":"https:\/\/vosgesinfo.fr\/saintdieinfo\/2026\/03\/les-lyceens-de-bruyeres-a-lhonneur-dans-leur-formation-defense-et-securite\/","title":{"rendered":"Les lyc\u00e9ens de Bruy\u00e8res \u00e0 l\u2019honneur dans leur formation D\u00e9fense et S\u00e9curit\u00e9"},"content":{"rendered":"<div id=\"attachment_140659\" style=\"width: 1594px\" class=\"wp-caption aligncenter\"><a href=\"https:\/\/vosgesinfo.fr\/app\/uploads\/sites\/3\/2026\/03\/653556002-1366008525565243-9137785972787277546-n.jpg\"><img decoding=\"async\" aria-describedby=\"caption-attachment-140659\" class=\"wp-image-140659 size-full\" src=\"https:\/\/vosgesinfo.fr\/app\/uploads\/sites\/3\/2026\/03\/653556002-1366008525565243-9137785972787277546-n.jpg\" alt=\"\" width=\"1584\" height=\"1080\" \/><\/a><p id=\"caption-attachment-140659\" class=\"wp-caption-text\">photo Gendarmerie des Vosges<\/p><\/div>\n<h2 class=\"isSelectedEnd\"><strong>Du 9 au 13 mars, 37 \u00e9l\u00e8ves de Premi\u00e8re S\u00e9curit\u00e9 du Lyc\u00e9e Jeanne d\u2019Arc de Bruy\u00e8res ont particip\u00e9 avec succ\u00e8s \u00e0 leur formation labellis\u00e9e \u00ab Classes de D\u00e9fense Globale et de S\u00e9curit\u00e9 \u00bb (CDGS). Une semaine riche en apprentissages, en d\u00e9couvertes et en engagement citoyen.<\/strong><\/h2>\n<p class=\"isSelectedEnd\">Au programme, les \u00e9l\u00e8ves ont tout d\u2019abord b\u00e9n\u00e9fici\u00e9 d\u2019une immersion concr\u00e8te avec une pr\u00e9sentation des m\u00e9tiers de la Gendarmerie nationale. Cette d\u00e9couverte sur le terrain leur a permis de mieux appr\u00e9hender les r\u00e9alit\u00e9s et les exigences des professions li\u00e9es \u00e0 la s\u00e9curit\u00e9.<\/p>\n<p class=\"isSelectedEnd\">La formation a \u00e9galement \u00e9t\u00e9 l\u2019occasion de mener une r\u00e9flexion approfondie sur les enjeux de la s\u00e9curit\u00e9 nationale et sur le sens du service public. \u00c0 travers des \u00e9changes et des activit\u00e9s p\u00e9dagogiques, les lyc\u00e9ens ont pu renforcer leur compr\u00e9hension des responsabilit\u00e9s qui accompagnent ces missions essentielles.<\/p>\n<p class=\"isSelectedEnd\">Enfin, cette semaine a \u00e9t\u00e9 marqu\u00e9e par une forte dimension de transmission des valeurs r\u00e9publicaines. Respect, engagement et sens du devoir ont \u00e9t\u00e9 au c\u0153ur des messages partag\u00e9s, contribuant \u00e0 forger l\u2019esprit citoyen des participants.<\/p>\n<p class=\"isSelectedEnd\">Cette \u00e9tape importante constitue une pr\u00e9paration concr\u00e8te pour une grande partie de la section, puisque pr\u00e8s des deux tiers des \u00e9l\u00e8ves se destinent \u00e0 participer \u00e0 un stage de Pr\u00e9paration Militaire d\u2019Initiation et de Perfectionnement \u00e0 la D\u00e9fense Nationale, pr\u00e9vu au premier semestre 2027.<\/p>\n<p>F\u00e9licitations \u00e0 ces lyc\u00e9ens pour leur implication exemplaire, leur s\u00e9rieux et leur sens du devoir, qui augurent un bel avenir dans les m\u00e9tiers de la s\u00e9curit\u00e9 et de la d\u00e9fense.<\/p>\n","protected":false},"excerpt":{"rendered":"<p>Du 9 au 13 mars, 37 \u00e9l\u00e8ves de Premi\u00e8re S\u00e9curit\u00e9 du Lyc\u00e9e Jeanne d\u2019Arc de Bruy\u00e8res ont particip\u00e9 avec succ\u00e8s [&hellip;]<\/p>\n","protected":false},"author":52,"featured_media":89074,"comment_status":"open","ping_status":"open","sticky":false,"template":"","format":"standard","meta":{"footnotes":""},"categories":[460,5392,5391,5389,4099,4100],"tags":[],"class_list":["post-89073","post","type-post","status-publish","format-standard","has-post-thumbnail","hentry","category-a-la-une","category-epinal","category-gerardmer","category-la-plaine-des-vosges","category-remiremont","category-saint-die"],"acf":[],"yoast_head":"<!-- This site is optimized with the Yoast SEO plugin v22.5 - https:\/\/yoast.com\/wordpress\/plugins\/seo\/ -->\n<title>Les lyc\u00e9ens de Bruy\u00e8res \u00e0 l\u2019honneur dans leur formation D\u00e9fense et S\u00e9curit\u00e9 - Saint Die Info<\/title>\n<meta name=\"robots\" content=\"index, follow, max-snippet:-1, max-image-preview:large, max-video-preview:-1\" \/>\n<link rel=\"canonical\" href=\"https:\/\/vosgesinfo.fr\/saintdieinfo\/2026\/03\/les-lyceens-de-bruyeres-a-lhonneur-dans-leur-formation-defense-et-securite\/\" \/>\n<meta name=\"twitter:card\" content=\"summary_large_image\" \/>\n<meta name=\"twitter:title\" content=\"Les lyc\u00e9ens de Bruy\u00e8res \u00e0 l\u2019honneur dans leur formation D\u00e9fense et S\u00e9curit\u00e9 - Saint Die Info\" \/>\n<meta name=\"twitter:description\" content=\"Du 9 au 13 mars, 37 \u00e9l\u00e8ves de Premi\u00e8re S\u00e9curit\u00e9 du Lyc\u00e9e Jeanne d\u2019Arc de Bruy\u00e8res ont particip\u00e9 avec succ\u00e8s [&hellip;]\" \/>\n<meta name=\"twitter:image\" content=\"https:\/\/vosgesinfo.fr\/app\/uploads\/sites\/4\/2026\/03\/653556002-1366008525565243-9137785972787277546-n.jpg\" \/>\n<meta name=\"twitter:creator\" content=\"@VosgesInfo88\" \/>\n<meta name=\"twitter:site\" content=\"@VosgesInfo88\" \/>\n<meta name=\"twitter:label1\" content=\"\u00c9crit par\" \/>\n\t<meta name=\"twitter:data1\" content=\"C.K.\" \/>\n\t<meta name=\"twitter:label2\" content=\"Dur\u00e9e de lecture estim\u00e9e\" \/>\n\t<meta name=\"twitter:data2\" content=\"1 minute\" \/>\n<script type=\"application\/ld+json\" class=\"yoast-schema-graph\">{\"@context\":\"https:\/\/schema.org\",\"@graph\":[{\"@type\":\"Article\",\"@id\":\"https:\/\/vosgesinfo.fr\/saintdieinfo\/2026\/03\/les-lyceens-de-bruyeres-a-lhonneur-dans-leur-formation-defense-et-securite\/#article\",\"isPartOf\":{\"@id\":\"https:\/\/vosgesinfo.fr\/saintdieinfo\/2026\/03\/les-lyceens-de-bruyeres-a-lhonneur-dans-leur-formation-defense-et-securite\/\"},\"author\":{\"name\":\"C.K.\",\"@id\":\"https:\/\/vosgesinfo.fr\/saintdieinfo\/#\/schema\/person\/6f9a650eeea99d969b6c4ab78fccbe81\"},\"headline\":\"Les lyc\u00e9ens de Bruy\u00e8res \u00e0 l\u2019honneur dans leur formation D\u00e9fense et S\u00e9curit\u00e9\",\"datePublished\":\"2026-03-17T08:15:56+00:00\",\"dateModified\":\"2026-03-17T08:15:56+00:00\",\"mainEntityOfPage\":{\"@id\":\"https:\/\/vosgesinfo.fr\/saintdieinfo\/2026\/03\/les-lyceens-de-bruyeres-a-lhonneur-dans-leur-formation-defense-et-securite\/\"},\"wordCount\":308,\"commentCount\":0,\"publisher\":{\"@id\":\"https:\/\/vosgesinfo.fr\/saintdieinfo\/#organization\"},\"image\":{\"@id\":\"https:\/\/vosgesinfo.fr\/saintdieinfo\/2026\/03\/les-lyceens-de-bruyeres-a-lhonneur-dans-leur-formation-defense-et-securite\/#primaryimage\"},\"thumbnailUrl\":\"https:\/\/vosgesinfo.fr\/app\/uploads\/sites\/4\/2026\/03\/653556002-1366008525565243-9137785972787277546-n.jpg\",\"articleSection\":[\"A la Une\",\"Epinal\",\"Gerardmer\",\"La plaine des vosges\",\"Remiremont\",\"Saint-di\u00e9\"],\"inLanguage\":\"fr-FR\",\"potentialAction\":[{\"@type\":\"CommentAction\",\"name\":\"Comment\",\"target\":[\"https:\/\/vosgesinfo.fr\/saintdieinfo\/2026\/03\/les-lyceens-de-bruyeres-a-lhonneur-dans-leur-formation-defense-et-securite\/#respond\"]}]},{\"@type\":\"WebPage\",\"@id\":\"https:\/\/vosgesinfo.fr\/saintdieinfo\/2026\/03\/les-lyceens-de-bruyeres-a-lhonneur-dans-leur-formation-defense-et-securite\/\",\"url\":\"https:\/\/vosgesinfo.fr\/saintdieinfo\/2026\/03\/les-lyceens-de-bruyeres-a-lhonneur-dans-leur-formation-defense-et-securite\/\",\"name\":\"Les lyc\u00e9ens de Bruy\u00e8res \u00e0 l\u2019honneur dans leur formation D\u00e9fense et S\u00e9curit\u00e9 - Saint Die Info\",\"isPartOf\":{\"@id\":\"https:\/\/vosgesinfo.fr\/saintdieinfo\/#website\"},\"primaryImageOfPage\":{\"@id\":\"https:\/\/vosgesinfo.fr\/saintdieinfo\/2026\/03\/les-lyceens-de-bruyeres-a-lhonneur-dans-leur-formation-defense-et-securite\/#primaryimage\"},\"image\":{\"@id\":\"https:\/\/vosgesinfo.fr\/saintdieinfo\/2026\/03\/les-lyceens-de-bruyeres-a-lhonneur-dans-leur-formation-defense-et-securite\/#primaryimage\"},\"thumbnailUrl\":\"https:\/\/vosgesinfo.fr\/app\/uploads\/sites\/4\/2026\/03\/653556002-1366008525565243-9137785972787277546-n.jpg\",\"datePublished\":\"2026-03-17T08:15:56+00:00\",\"dateModified\":\"2026-03-17T08:15:56+00:00\",\"breadcrumb\":{\"@id\":\"https:\/\/vosgesinfo.fr\/saintdieinfo\/2026\/03\/les-lyceens-de-bruyeres-a-lhonneur-dans-leur-formation-defense-et-securite\/#breadcrumb\"},\"inLanguage\":\"fr-FR\",\"potentialAction\":[{\"@type\":\"ReadAction\",\"target\":[\"https:\/\/vosgesinfo.fr\/saintdieinfo\/2026\/03\/les-lyceens-de-bruyeres-a-lhonneur-dans-leur-formation-defense-et-securite\/\"]}]},{\"@type\":\"ImageObject\",\"inLanguage\":\"fr-FR\",\"@id\":\"https:\/\/vosgesinfo.fr\/saintdieinfo\/2026\/03\/les-lyceens-de-bruyeres-a-lhonneur-dans-leur-formation-defense-et-securite\/#primaryimage\",\"url\":\"https:\/\/vosgesinfo.fr\/app\/uploads\/sites\/4\/2026\/03\/653556002-1366008525565243-9137785972787277546-n.jpg\",\"contentUrl\":\"https:\/\/vosgesinfo.fr\/app\/uploads\/sites\/4\/2026\/03\/653556002-1366008525565243-9137785972787277546-n.jpg\",\"width\":1584,\"height\":1080},{\"@type\":\"BreadcrumbList\",\"@id\":\"https:\/\/vosgesinfo.fr\/saintdieinfo\/2026\/03\/les-lyceens-de-bruyeres-a-lhonneur-dans-leur-formation-defense-et-securite\/#breadcrumb\",\"itemListElement\":[{\"@type\":\"ListItem\",\"position\":1,\"name\":\"Home\",\"item\":\"https:\/\/vosgesinfo.fr\/saintdieinfo\/\"},{\"@type\":\"ListItem\",\"position\":2,\"name\":\"Les lyc\u00e9ens de Bruy\u00e8res \u00e0 l\u2019honneur dans leur formation D\u00e9fense et S\u00e9curit\u00e9\"}]},{\"@type\":\"WebSite\",\"@id\":\"https:\/\/vosgesinfo.fr\/saintdieinfo\/#website\",\"url\":\"https:\/\/vosgesinfo.fr\/saintdieinfo\/\",\"name\":\"Saint Die Info\",\"description\":\"Toute l&#039;actualit\u00e9 de Saint-Di\u00e9-Des-Vosges\",\"publisher\":{\"@id\":\"https:\/\/vosgesinfo.fr\/saintdieinfo\/#organization\"},\"alternateName\":\"Toute l'actualit\u00e9 de Saint-Di\u00e9-Des-Vosges\",\"potentialAction\":[{\"@type\":\"SearchAction\",\"target\":{\"@type\":\"EntryPoint\",\"urlTemplate\":\"https:\/\/vosgesinfo.fr\/saintdieinfo\/?s={search_term_string}\"},\"query-input\":\"required name=search_term_string\"}],\"inLanguage\":\"fr-FR\"},{\"@type\":\"Organization\",\"@id\":\"https:\/\/vosgesinfo.fr\/saintdieinfo\/#organization\",\"name\":\"Saint Die Info\",\"url\":\"https:\/\/vosgesinfo.fr\/saintdieinfo\/\",\"logo\":{\"@type\":\"ImageObject\",\"inLanguage\":\"fr-FR\",\"@id\":\"https:\/\/vosgesinfo.fr\/saintdieinfo\/#\/schema\/logo\/image\/\",\"url\":\"https:\/\/vosgesinfo.fr\/app\/uploads\/sites\/4\/2024\/02\/logo-sdi.jpg\",\"contentUrl\":\"https:\/\/vosgesinfo.fr\/app\/uploads\/sites\/4\/2024\/02\/logo-sdi.jpg\",\"width\":600,\"height\":600,\"caption\":\"Saint Die Info\"},\"image\":{\"@id\":\"https:\/\/vosgesinfo.fr\/saintdieinfo\/#\/schema\/logo\/image\/\"},\"sameAs\":[\"https:\/\/www.facebook.com\/Saintdieinfofr\",\"https:\/\/x.com\/VosgesInfo88\",\"https:\/\/www.youtube.com\/@vosgesinfo\"]},{\"@type\":\"Person\",\"@id\":\"https:\/\/vosgesinfo.fr\/saintdieinfo\/#\/schema\/person\/6f9a650eeea99d969b6c4ab78fccbe81\",\"name\":\"C.K.\",\"image\":{\"@type\":\"ImageObject\",\"inLanguage\":\"fr-FR\",\"@id\":\"https:\/\/vosgesinfo.fr\/saintdieinfo\/#\/schema\/person\/image\/\",\"url\":\"https:\/\/secure.gravatar.com\/avatar\/48e3fc7f8421ba8942be6b74a2b7f014ca39bc00dece156b7a8e098ae7dc87bf?s=96&d=mm&r=g\",\"contentUrl\":\"https:\/\/secure.gravatar.com\/avatar\/48e3fc7f8421ba8942be6b74a2b7f014ca39bc00dece156b7a8e098ae7dc87bf?s=96&d=mm&r=g\",\"caption\":\"C.K.\"},\"url\":\"https:\/\/vosgesinfo.fr\/saintdieinfo\/author\/celia-k-n\/\"}]}<\/script>\n<!-- \/ Yoast SEO plugin. -->","yoast_head_json":{"title":"Les lyc\u00e9ens de Bruy\u00e8res \u00e0 l\u2019honneur dans leur formation D\u00e9fense et S\u00e9curit\u00e9 - Saint Die Info","robots":{"index":"index","follow":"follow","max-snippet":"max-snippet:-1","max-image-preview":"max-image-preview:large","max-video-preview":"max-video-preview:-1"},"canonical":"https:\/\/vosgesinfo.fr\/saintdieinfo\/2026\/03\/les-lyceens-de-bruyeres-a-lhonneur-dans-leur-formation-defense-et-securite\/","twitter_card":"summary_large_image","twitter_title":"Les lyc\u00e9ens de Bruy\u00e8res \u00e0 l\u2019honneur dans leur formation D\u00e9fense et S\u00e9curit\u00e9 - Saint Die Info","twitter_description":"Du 9 au 13 mars, 37 \u00e9l\u00e8ves de Premi\u00e8re S\u00e9curit\u00e9 du Lyc\u00e9e Jeanne d\u2019Arc de Bruy\u00e8res ont particip\u00e9 avec succ\u00e8s [&hellip;]","twitter_image":"https:\/\/vosgesinfo.fr\/app\/uploads\/sites\/4\/2026\/03\/653556002-1366008525565243-9137785972787277546-n.jpg","twitter_creator":"@VosgesInfo88","twitter_site":"@VosgesInfo88","twitter_misc":{"\u00c9crit par":"C.K.","Dur\u00e9e de lecture estim\u00e9e":"1 minute"},"schema":{"@context":"https:\/\/schema.org","@graph":[{"@type":"Article","@id":"https:\/\/vosgesinfo.fr\/saintdieinfo\/2026\/03\/les-lyceens-de-bruyeres-a-lhonneur-dans-leur-formation-defense-et-securite\/#article","isPartOf":{"@id":"https:\/\/vosgesinfo.fr\/saintdieinfo\/2026\/03\/les-lyceens-de-bruyeres-a-lhonneur-dans-leur-formation-defense-et-securite\/"},"author":{"name":"C.K.","@id":"https:\/\/vosgesinfo.fr\/saintdieinfo\/#\/schema\/person\/6f9a650eeea99d969b6c4ab78fccbe81"},"headline":"Les lyc\u00e9ens de Bruy\u00e8res \u00e0 l\u2019honneur dans leur formation D\u00e9fense et S\u00e9curit\u00e9","datePublished":"2026-03-17T08:15:56+00:00","dateModified":"2026-03-17T08:15:56+00:00","mainEntityOfPage":{"@id":"https:\/\/vosgesinfo.fr\/saintdieinfo\/2026\/03\/les-lyceens-de-bruyeres-a-lhonneur-dans-leur-formation-defense-et-securite\/"},"wordCount":308,"commentCount":0,"publisher":{"@id":"https:\/\/vosgesinfo.fr\/saintdieinfo\/#organization"},"image":{"@id":"https:\/\/vosgesinfo.fr\/saintdieinfo\/2026\/03\/les-lyceens-de-bruyeres-a-lhonneur-dans-leur-formation-defense-et-securite\/#primaryimage"},"thumbnailUrl":"https:\/\/vosgesinfo.fr\/app\/uploads\/sites\/4\/2026\/03\/653556002-1366008525565243-9137785972787277546-n.jpg","articleSection":["A la Une","Epinal","Gerardmer","La plaine des vosges","Remiremont","Saint-di\u00e9"],"inLanguage":"fr-FR","potentialAction":[{"@type":"CommentAction","name":"Comment","target":["https:\/\/vosgesinfo.fr\/saintdieinfo\/2026\/03\/les-lyceens-de-bruyeres-a-lhonneur-dans-leur-formation-defense-et-securite\/#respond"]}]},{"@type":"WebPage","@id":"https:\/\/vosgesinfo.fr\/saintdieinfo\/2026\/03\/les-lyceens-de-bruyeres-a-lhonneur-dans-leur-formation-defense-et-securite\/","url":"https:\/\/vosgesinfo.fr\/saintdieinfo\/2026\/03\/les-lyceens-de-bruyeres-a-lhonneur-dans-leur-formation-defense-et-securite\/","name":"Les lyc\u00e9ens de Bruy\u00e8res \u00e0 l\u2019honneur dans leur formation D\u00e9fense et S\u00e9curit\u00e9 - Saint Die Info","isPartOf":{"@id":"https:\/\/vosgesinfo.fr\/saintdieinfo\/#website"},"primaryImageOfPage":{"@id":"https:\/\/vosgesinfo.fr\/saintdieinfo\/2026\/03\/les-lyceens-de-bruyeres-a-lhonneur-dans-leur-formation-defense-et-securite\/#primaryimage"},"image":{"@id":"https:\/\/vosgesinfo.fr\/saintdieinfo\/2026\/03\/les-lyceens-de-bruyeres-a-lhonneur-dans-leur-formation-defense-et-securite\/#primaryimage"},"thumbnailUrl":"https:\/\/vosgesinfo.fr\/app\/uploads\/sites\/4\/2026\/03\/653556002-1366008525565243-9137785972787277546-n.jpg","datePublished":"2026-03-17T08:15:56+00:00","dateModified":"2026-03-17T08:15:56+00:00","breadcrumb":{"@id":"https:\/\/vosgesinfo.fr\/saintdieinfo\/2026\/03\/les-lyceens-de-bruyeres-a-lhonneur-dans-leur-formation-defense-et-securite\/#breadcrumb"},"inLanguage":"fr-FR","potentialAction":[{"@type":"ReadAction","target":["https:\/\/vosgesinfo.fr\/saintdieinfo\/2026\/03\/les-lyceens-de-bruyeres-a-lhonneur-dans-leur-formation-defense-et-securite\/"]}]},{"@type":"ImageObject","inLanguage":"fr-FR","@id":"https:\/\/vosgesinfo.fr\/saintdieinfo\/2026\/03\/les-lyceens-de-bruyeres-a-lhonneur-dans-leur-formation-defense-et-securite\/#primaryimage","url":"https:\/\/vosgesinfo.fr\/app\/uploads\/sites\/4\/2026\/03\/653556002-1366008525565243-9137785972787277546-n.jpg","contentUrl":"https:\/\/vosgesinfo.fr\/app\/uploads\/sites\/4\/2026\/03\/653556002-1366008525565243-9137785972787277546-n.jpg","width":1584,"height":1080},{"@type":"BreadcrumbList","@id":"https:\/\/vosgesinfo.fr\/saintdieinfo\/2026\/03\/les-lyceens-de-bruyeres-a-lhonneur-dans-leur-formation-defense-et-securite\/#breadcrumb","itemListElement":[{"@type":"ListItem","position":1,"name":"Home","item":"https:\/\/vosgesinfo.fr\/saintdieinfo\/"},{"@type":"ListItem","position":2,"name":"Les lyc\u00e9ens de Bruy\u00e8res \u00e0 l\u2019honneur dans leur formation D\u00e9fense et S\u00e9curit\u00e9"}]},{"@type":"WebSite","@id":"https:\/\/vosgesinfo.fr\/saintdieinfo\/#website","url":"https:\/\/vosgesinfo.fr\/saintdieinfo\/","name":"Saint Die Info","description":"Toute l&#039;actualit\u00e9 de Saint-Di\u00e9-Des-Vosges","publisher":{"@id":"https:\/\/vosgesinfo.fr\/saintdieinfo\/#organization"},"alternateName":"Toute l'actualit\u00e9 de Saint-Di\u00e9-Des-Vosges","potentialAction":[{"@type":"SearchAction","target":{"@type":"EntryPoint","urlTemplate":"https:\/\/vosgesinfo.fr\/saintdieinfo\/?s={search_term_string}"},"query-input":"required name=search_term_string"}],"inLanguage":"fr-FR"},{"@type":"Organization","@id":"https:\/\/vosgesinfo.fr\/saintdieinfo\/#organization","name":"Saint Die Info","url":"https:\/\/vosgesinfo.fr\/saintdieinfo\/","logo":{"@type":"ImageObject","inLanguage":"fr-FR","@id":"https:\/\/vosgesinfo.fr\/saintdieinfo\/#\/schema\/logo\/image\/","url":"https:\/\/vosgesinfo.fr\/app\/uploads\/sites\/4\/2024\/02\/logo-sdi.jpg","contentUrl":"https:\/\/vosgesinfo.fr\/app\/uploads\/sites\/4\/2024\/02\/logo-sdi.jpg","width":600,"height":600,"caption":"Saint Die Info"},"image":{"@id":"https:\/\/vosgesinfo.fr\/saintdieinfo\/#\/schema\/logo\/image\/"},"sameAs":["https:\/\/www.facebook.com\/Saintdieinfofr","https:\/\/x.com\/VosgesInfo88","https:\/\/www.youtube.com\/@vosgesinfo"]},{"@type":"Person","@id":"https:\/\/vosgesinfo.fr\/saintdieinfo\/#\/schema\/person\/6f9a650eeea99d969b6c4ab78fccbe81","name":"C.K.","image":{"@type":"ImageObject","inLanguage":"fr-FR","@id":"https:\/\/vosgesinfo.fr\/saintdieinfo\/#\/schema\/person\/image\/","url":"https:\/\/secure.gravatar.com\/avatar\/48e3fc7f8421ba8942be6b74a2b7f014ca39bc00dece156b7a8e098ae7dc87bf?s=96&d=mm&r=g","contentUrl":"https:\/\/secure.gravatar.com\/avatar\/48e3fc7f8421ba8942be6b74a2b7f014ca39bc00dece156b7a8e098ae7dc87bf?s=96&d=mm&r=g","caption":"C.K."},"url":"https:\/\/vosgesinfo.fr\/saintdieinfo\/author\/celia-k-n\/"}]}},"_links":{"self":[{"href":"https:\/\/vosgesinfo.fr\/saintdieinfo\/wp-json\/wp\/v2\/posts\/89073","targetHints":{"allow":["GET"]}}],"collection":[{"href":"https:\/\/vosgesinfo.fr\/saintdieinfo\/wp-json\/wp\/v2\/posts"}],"about":[{"href":"https:\/\/vosgesinfo.fr\/saintdieinfo\/wp-json\/wp\/v2\/types\/post"}],"author":[{"embeddable":true,"href":"https:\/\/vosgesinfo.fr\/saintdieinfo\/wp-json\/wp\/v2\/users\/52"}],"replies":[{"embeddable":true,"href":"https:\/\/vosgesinfo.fr\/saintdieinfo\/wp-json\/wp\/v2\/comments?post=89073"}],"version-history":[{"count":0,"href":"https:\/\/vosgesinfo.fr\/saintdieinfo\/wp-json\/wp\/v2\/posts\/89073\/revisions"}],"wp:featuredmedia":[{"embeddable":true,"href":"https:\/\/vosgesinfo.fr\/saintdieinfo\/wp-json\/wp\/v2\/media\/89074"}],"wp:attachment":[{"href":"https:\/\/vosgesinfo.fr\/saintdieinfo\/wp-json\/wp\/v2\/media?parent=89073"}],"wp:term":[{"taxonomy":"category","embeddable":true,"href":"https:\/\/vosgesinfo.fr\/saintdieinfo\/wp-json\/wp\/v2\/categories?post=89073"},{"taxonomy":"post_tag","embeddable":true,"href":"https:\/\/vosgesinfo.fr\/saintdieinfo\/wp-json\/wp\/v2\/tags?post=89073"}],"curies":[{"name":"wp","href":"https:\/\/api.w.org\/{rel}","templated":true}]}}