{"id":89076,"date":"2026-03-17T11:23:26","date_gmt":"2026-03-17T10:23:26","guid":{"rendered":"https:\/\/vosgesinfo.fr\/saintdieinfo\/?p=89076"},"modified":"2026-03-17T11:08:12","modified_gmt":"2026-03-17T10:08:12","slug":"le-calendrier-2026-des-prochains-thes-dansants-deodatiens","status":"publish","type":"post","link":"https:\/\/vosgesinfo.fr\/saintdieinfo\/2026\/03\/le-calendrier-2026-des-prochains-thes-dansants-deodatiens\/","title":{"rendered":"Le calendrier 2026 des prochains th\u00e9s dansants d\u00e9odatiens"},"content":{"rendered":"<div id=\"attachment_88003\" style=\"width: 1034px\" class=\"wp-caption alignnone\"><a href=\"https:\/\/vosgesinfo.fr\/app\/uploads\/sites\/4\/2026\/02\/the-dansant-saint-valentin-la-farandole-2.jpg\"><img decoding=\"async\" aria-describedby=\"caption-attachment-88003\" class=\"size-large wp-image-88003\" src=\"https:\/\/vosgesinfo.fr\/app\/uploads\/sites\/4\/2026\/02\/the-dansant-saint-valentin-la-farandole-2-1024x683.jpg\" alt=\"\" width=\"1024\" height=\"683\" srcset=\"https:\/\/vosgesinfo.fr\/app\/uploads\/sites\/4\/2026\/02\/the-dansant-saint-valentin-la-farandole-2-1024x683.jpg 1024w, https:\/\/vosgesinfo.fr\/app\/uploads\/sites\/4\/2026\/02\/the-dansant-saint-valentin-la-farandole-2-300x200.jpg 300w, https:\/\/vosgesinfo.fr\/app\/uploads\/sites\/4\/2026\/02\/the-dansant-saint-valentin-la-farandole-2-768x512.jpg 768w, https:\/\/vosgesinfo.fr\/app\/uploads\/sites\/4\/2026\/02\/the-dansant-saint-valentin-la-farandole-2.jpg 1200w\" sizes=\"(max-width: 1024px) 100vw, 1024px\" \/><\/a><p id=\"caption-attachment-88003\" class=\"wp-caption-text\">(Archive)<\/p><\/div>\n<h2><strong>L\u2019association d\u00e9odatienne La Farandole<\/strong> a arr\u00eat\u00e9 son <strong>calendrier 2026<\/strong> de <strong>th\u00e9s dansants d\u00e9odatiens<\/strong> \u00e0 la <strong>salle Carbonnar<\/strong>. <strong>Huit rendez-vous<\/strong> sont pr\u00e9vus, tous le dimanche, de 14 h 30 \u00e0 18 h 30.<\/h2>\n<p><!--more--><\/p>\n<h3><strong>De P\u00e2ques \u00e0 la rentr\u00e9e<\/strong><\/h3>\n<p>Le prochain rendez-vous se tiendra le <strong>12 avril<\/strong> avec le th\u00e9 dansant de P\u00e2ques, anim\u00e9 par <strong>Dominik<\/strong>. La saison se poursuivra le <strong>3 mai<\/strong> avec le th\u00e9 dansant du muguet, anim\u00e9 par <strong>Nostalgia<\/strong>, puis le <strong>14 juin<\/strong> avec le th\u00e9 dansant d\u2019\u00e9t\u00e9, confi\u00e9 \u00e0 <strong>Claude Michel<\/strong>. Apr\u00e8s la pause estivale, l\u2019association retrouvera son public le <strong>13 septembre<\/strong> pour le th\u00e9 dansant de la rentr\u00e9e, avec <strong>Christophe<\/strong>.<\/p>\n<h3><strong>Une fin d\u2019ann\u00e9e en quatre dates<\/strong><\/h3>\n<p><strong>La Farandole<\/strong> proposera ensuite un th\u00e9 dansant Octobre rose le <strong>11 octobre<\/strong>, de nouveau avec <strong>Nostalgia<\/strong>. Le <strong>8 novembre<\/strong>, <strong>Free&rsquo;Son<\/strong> animera le th\u00e9 dansant d\u2019automne. Deux rendez-vous viendront enfin cl\u00f4turer l\u2019ann\u00e9e : le th\u00e9 dansant T\u00e9l\u00e9thon, le <strong>6 d\u00e9cembre<\/strong>, avec <strong>Calypso<\/strong>, puis le th\u00e9 dansant de No\u00ebl, le <strong>20 d\u00e9cembre<\/strong>, anim\u00e9 par <strong>Claude Michel<\/strong>.<\/p>\n","protected":false},"excerpt":{"rendered":"<p>L\u2019association d\u00e9odatienne La Farandole a arr\u00eat\u00e9 son calendrier 2026 de th\u00e9s dansants d\u00e9odatiens \u00e0 la salle Carbonnar. Huit rendez-vous sont [&hellip;]<\/p>\n","protected":false},"author":46,"featured_media":88003,"comment_status":"open","ping_status":"open","sticky":false,"template":"","format":"standard","meta":{"footnotes":""},"categories":[460,20,167,17],"tags":[19412,20801,20267,20800,20798,15791,20799,2881,3571,20797],"class_list":["post-89076","post","type-post","status-publish","format-standard","has-post-thumbnail","hentry","category-a-la-une","category-loisirs","category-saint-die-des-vosges","category-vie-associative","tag-calendrier-2026","tag-calypso","tag-christophe","tag-claude-michel","tag-dominik","tag-la-farandole","tag-nostalgia","tag-saint-die-des-vosges","tag-salle-carbonnar","tag-thes-dansants-deodatiens"],"acf":[],"yoast_head":"<!-- This site is optimized with the Yoast SEO plugin v22.5 - https:\/\/yoast.com\/wordpress\/plugins\/seo\/ -->\n<title>Le calendrier 2026 des prochains th\u00e9s dansants d\u00e9odatiens - Saint Die Info<\/title>\n<meta name=\"robots\" content=\"index, follow, max-snippet:-1, max-image-preview:large, max-video-preview:-1\" \/>\n<link rel=\"canonical\" href=\"https:\/\/vosgesinfo.fr\/saintdieinfo\/2026\/03\/le-calendrier-2026-des-prochains-thes-dansants-deodatiens\/\" \/>\n<meta name=\"twitter:card\" content=\"summary_large_image\" \/>\n<meta name=\"twitter:title\" content=\"Le calendrier 2026 des prochains th\u00e9s dansants d\u00e9odatiens - Saint Die Info\" \/>\n<meta name=\"twitter:description\" content=\"L\u2019association d\u00e9odatienne La Farandole a arr\u00eat\u00e9 son calendrier 2026 de th\u00e9s dansants d\u00e9odatiens \u00e0 la salle Carbonnar. Huit rendez-vous sont [&hellip;]\" \/>\n<meta name=\"twitter:image\" content=\"https:\/\/vosgesinfo.fr\/app\/uploads\/sites\/4\/2026\/02\/the-dansant-saint-valentin-la-farandole-2.jpg\" \/>\n<meta name=\"twitter:creator\" content=\"@VosgesInfo88\" \/>\n<meta name=\"twitter:site\" content=\"@VosgesInfo88\" \/>\n<meta name=\"twitter:label1\" content=\"\u00c9crit par\" \/>\n\t<meta name=\"twitter:data1\" content=\"J.J.\" \/>\n\t<meta name=\"twitter:label2\" content=\"Dur\u00e9e de lecture estim\u00e9e\" \/>\n\t<meta name=\"twitter:data2\" content=\"2 minutes\" \/>\n<script type=\"application\/ld+json\" class=\"yoast-schema-graph\">{\"@context\":\"https:\/\/schema.org\",\"@graph\":[{\"@type\":\"Article\",\"@id\":\"https:\/\/vosgesinfo.fr\/saintdieinfo\/2026\/03\/le-calendrier-2026-des-prochains-thes-dansants-deodatiens\/#article\",\"isPartOf\":{\"@id\":\"https:\/\/vosgesinfo.fr\/saintdieinfo\/2026\/03\/le-calendrier-2026-des-prochains-thes-dansants-deodatiens\/\"},\"author\":{\"name\":\"J.J.\",\"@id\":\"https:\/\/vosgesinfo.fr\/saintdieinfo\/#\/schema\/person\/fa73e9f726d67bb88f46d5b7943cb572\"},\"headline\":\"Le calendrier 2026 des prochains th\u00e9s dansants d\u00e9odatiens\",\"datePublished\":\"2026-03-17T10:23:26+00:00\",\"dateModified\":\"2026-03-17T10:08:12+00:00\",\"mainEntityOfPage\":{\"@id\":\"https:\/\/vosgesinfo.fr\/saintdieinfo\/2026\/03\/le-calendrier-2026-des-prochains-thes-dansants-deodatiens\/\"},\"wordCount\":187,\"commentCount\":0,\"publisher\":{\"@id\":\"https:\/\/vosgesinfo.fr\/saintdieinfo\/#organization\"},\"image\":{\"@id\":\"https:\/\/vosgesinfo.fr\/saintdieinfo\/2026\/03\/le-calendrier-2026-des-prochains-thes-dansants-deodatiens\/#primaryimage\"},\"thumbnailUrl\":\"https:\/\/vosgesinfo.fr\/app\/uploads\/sites\/4\/2026\/02\/the-dansant-saint-valentin-la-farandole-2.jpg\",\"keywords\":[\"calendrier 2026\",\"Calypso\",\"Christophe\",\"Claude Michel\",\"Dominik\",\"La Farandole\",\"Nostalgia\",\"Saint-Di\u00e9-des-Vosges\",\"Salle Carbonnar\",\"th\u00e9s dansants d\u00e9odatiens\"],\"articleSection\":[\"A la Une\",\"Loisirs\",\"Saint-Di\u00e9-des-Vosges\",\"Vie Associative\"],\"inLanguage\":\"fr-FR\",\"potentialAction\":[{\"@type\":\"CommentAction\",\"name\":\"Comment\",\"target\":[\"https:\/\/vosgesinfo.fr\/saintdieinfo\/2026\/03\/le-calendrier-2026-des-prochains-thes-dansants-deodatiens\/#respond\"]}]},{\"@type\":\"WebPage\",\"@id\":\"https:\/\/vosgesinfo.fr\/saintdieinfo\/2026\/03\/le-calendrier-2026-des-prochains-thes-dansants-deodatiens\/\",\"url\":\"https:\/\/vosgesinfo.fr\/saintdieinfo\/2026\/03\/le-calendrier-2026-des-prochains-thes-dansants-deodatiens\/\",\"name\":\"Le calendrier 2026 des prochains th\u00e9s dansants d\u00e9odatiens - Saint Die Info\",\"isPartOf\":{\"@id\":\"https:\/\/vosgesinfo.fr\/saintdieinfo\/#website\"},\"primaryImageOfPage\":{\"@id\":\"https:\/\/vosgesinfo.fr\/saintdieinfo\/2026\/03\/le-calendrier-2026-des-prochains-thes-dansants-deodatiens\/#primaryimage\"},\"image\":{\"@id\":\"https:\/\/vosgesinfo.fr\/saintdieinfo\/2026\/03\/le-calendrier-2026-des-prochains-thes-dansants-deodatiens\/#primaryimage\"},\"thumbnailUrl\":\"https:\/\/vosgesinfo.fr\/app\/uploads\/sites\/4\/2026\/02\/the-dansant-saint-valentin-la-farandole-2.jpg\",\"datePublished\":\"2026-03-17T10:23:26+00:00\",\"dateModified\":\"2026-03-17T10:08:12+00:00\",\"breadcrumb\":{\"@id\":\"https:\/\/vosgesinfo.fr\/saintdieinfo\/2026\/03\/le-calendrier-2026-des-prochains-thes-dansants-deodatiens\/#breadcrumb\"},\"inLanguage\":\"fr-FR\",\"potentialAction\":[{\"@type\":\"ReadAction\",\"target\":[\"https:\/\/vosgesinfo.fr\/saintdieinfo\/2026\/03\/le-calendrier-2026-des-prochains-thes-dansants-deodatiens\/\"]}]},{\"@type\":\"ImageObject\",\"inLanguage\":\"fr-FR\",\"@id\":\"https:\/\/vosgesinfo.fr\/saintdieinfo\/2026\/03\/le-calendrier-2026-des-prochains-thes-dansants-deodatiens\/#primaryimage\",\"url\":\"https:\/\/vosgesinfo.fr\/app\/uploads\/sites\/4\/2026\/02\/the-dansant-saint-valentin-la-farandole-2.jpg\",\"contentUrl\":\"https:\/\/vosgesinfo.fr\/app\/uploads\/sites\/4\/2026\/02\/the-dansant-saint-valentin-la-farandole-2.jpg\",\"width\":1200,\"height\":800,\"caption\":\"(Archive)\"},{\"@type\":\"BreadcrumbList\",\"@id\":\"https:\/\/vosgesinfo.fr\/saintdieinfo\/2026\/03\/le-calendrier-2026-des-prochains-thes-dansants-deodatiens\/#breadcrumb\",\"itemListElement\":[{\"@type\":\"ListItem\",\"position\":1,\"name\":\"Home\",\"item\":\"https:\/\/vosgesinfo.fr\/saintdieinfo\/\"},{\"@type\":\"ListItem\",\"position\":2,\"name\":\"Le calendrier 2026 des prochains th\u00e9s dansants d\u00e9odatiens\"}]},{\"@type\":\"WebSite\",\"@id\":\"https:\/\/vosgesinfo.fr\/saintdieinfo\/#website\",\"url\":\"https:\/\/vosgesinfo.fr\/saintdieinfo\/\",\"name\":\"Saint Die Info\",\"description\":\"Toute l&#039;actualit\u00e9 de Saint-Di\u00e9-Des-Vosges\",\"publisher\":{\"@id\":\"https:\/\/vosgesinfo.fr\/saintdieinfo\/#organization\"},\"alternateName\":\"Toute l'actualit\u00e9 de Saint-Di\u00e9-Des-Vosges\",\"potentialAction\":[{\"@type\":\"SearchAction\",\"target\":{\"@type\":\"EntryPoint\",\"urlTemplate\":\"https:\/\/vosgesinfo.fr\/saintdieinfo\/?s={search_term_string}\"},\"query-input\":\"required name=search_term_string\"}],\"inLanguage\":\"fr-FR\"},{\"@type\":\"Organization\",\"@id\":\"https:\/\/vosgesinfo.fr\/saintdieinfo\/#organization\",\"name\":\"Saint Die Info\",\"url\":\"https:\/\/vosgesinfo.fr\/saintdieinfo\/\",\"logo\":{\"@type\":\"ImageObject\",\"inLanguage\":\"fr-FR\",\"@id\":\"https:\/\/vosgesinfo.fr\/saintdieinfo\/#\/schema\/logo\/image\/\",\"url\":\"https:\/\/vosgesinfo.fr\/app\/uploads\/sites\/4\/2024\/02\/logo-sdi.jpg\",\"contentUrl\":\"https:\/\/vosgesinfo.fr\/app\/uploads\/sites\/4\/2024\/02\/logo-sdi.jpg\",\"width\":600,\"height\":600,\"caption\":\"Saint Die Info\"},\"image\":{\"@id\":\"https:\/\/vosgesinfo.fr\/saintdieinfo\/#\/schema\/logo\/image\/\"},\"sameAs\":[\"https:\/\/www.facebook.com\/Saintdieinfofr\",\"https:\/\/x.com\/VosgesInfo88\",\"https:\/\/www.youtube.com\/@vosgesinfo\"]},{\"@type\":\"Person\",\"@id\":\"https:\/\/vosgesinfo.fr\/saintdieinfo\/#\/schema\/person\/fa73e9f726d67bb88f46d5b7943cb572\",\"name\":\"J.J.\",\"image\":{\"@type\":\"ImageObject\",\"inLanguage\":\"fr-FR\",\"@id\":\"https:\/\/vosgesinfo.fr\/saintdieinfo\/#\/schema\/person\/image\/\",\"url\":\"https:\/\/secure.gravatar.com\/avatar\/219e749e47ffbcca018a360ae4add7d4cdf1cdaaf8bc7676b27efade3fe65615?s=96&d=mm&r=g\",\"contentUrl\":\"https:\/\/secure.gravatar.com\/avatar\/219e749e47ffbcca018a360ae4add7d4cdf1cdaaf8bc7676b27efade3fe65615?s=96&d=mm&r=g\",\"caption\":\"J.J.\"},\"url\":\"https:\/\/vosgesinfo.fr\/saintdieinfo\/author\/j-j\/\"}]}<\/script>\n<!-- \/ Yoast SEO plugin. -->","yoast_head_json":{"title":"Le calendrier 2026 des prochains th\u00e9s dansants d\u00e9odatiens - Saint Die Info","robots":{"index":"index","follow":"follow","max-snippet":"max-snippet:-1","max-image-preview":"max-image-preview:large","max-video-preview":"max-video-preview:-1"},"canonical":"https:\/\/vosgesinfo.fr\/saintdieinfo\/2026\/03\/le-calendrier-2026-des-prochains-thes-dansants-deodatiens\/","twitter_card":"summary_large_image","twitter_title":"Le calendrier 2026 des prochains th\u00e9s dansants d\u00e9odatiens - Saint Die Info","twitter_description":"L\u2019association d\u00e9odatienne La Farandole a arr\u00eat\u00e9 son calendrier 2026 de th\u00e9s dansants d\u00e9odatiens \u00e0 la salle Carbonnar. Huit rendez-vous sont [&hellip;]","twitter_image":"https:\/\/vosgesinfo.fr\/app\/uploads\/sites\/4\/2026\/02\/the-dansant-saint-valentin-la-farandole-2.jpg","twitter_creator":"@VosgesInfo88","twitter_site":"@VosgesInfo88","twitter_misc":{"\u00c9crit par":"J.J.","Dur\u00e9e de lecture estim\u00e9e":"2 minutes"},"schema":{"@context":"https:\/\/schema.org","@graph":[{"@type":"Article","@id":"https:\/\/vosgesinfo.fr\/saintdieinfo\/2026\/03\/le-calendrier-2026-des-prochains-thes-dansants-deodatiens\/#article","isPartOf":{"@id":"https:\/\/vosgesinfo.fr\/saintdieinfo\/2026\/03\/le-calendrier-2026-des-prochains-thes-dansants-deodatiens\/"},"author":{"name":"J.J.","@id":"https:\/\/vosgesinfo.fr\/saintdieinfo\/#\/schema\/person\/fa73e9f726d67bb88f46d5b7943cb572"},"headline":"Le calendrier 2026 des prochains th\u00e9s dansants d\u00e9odatiens","datePublished":"2026-03-17T10:23:26+00:00","dateModified":"2026-03-17T10:08:12+00:00","mainEntityOfPage":{"@id":"https:\/\/vosgesinfo.fr\/saintdieinfo\/2026\/03\/le-calendrier-2026-des-prochains-thes-dansants-deodatiens\/"},"wordCount":187,"commentCount":0,"publisher":{"@id":"https:\/\/vosgesinfo.fr\/saintdieinfo\/#organization"},"image":{"@id":"https:\/\/vosgesinfo.fr\/saintdieinfo\/2026\/03\/le-calendrier-2026-des-prochains-thes-dansants-deodatiens\/#primaryimage"},"thumbnailUrl":"https:\/\/vosgesinfo.fr\/app\/uploads\/sites\/4\/2026\/02\/the-dansant-saint-valentin-la-farandole-2.jpg","keywords":["calendrier 2026","Calypso","Christophe","Claude Michel","Dominik","La Farandole","Nostalgia","Saint-Di\u00e9-des-Vosges","Salle Carbonnar","th\u00e9s dansants d\u00e9odatiens"],"articleSection":["A la Une","Loisirs","Saint-Di\u00e9-des-Vosges","Vie Associative"],"inLanguage":"fr-FR","potentialAction":[{"@type":"CommentAction","name":"Comment","target":["https:\/\/vosgesinfo.fr\/saintdieinfo\/2026\/03\/le-calendrier-2026-des-prochains-thes-dansants-deodatiens\/#respond"]}]},{"@type":"WebPage","@id":"https:\/\/vosgesinfo.fr\/saintdieinfo\/2026\/03\/le-calendrier-2026-des-prochains-thes-dansants-deodatiens\/","url":"https:\/\/vosgesinfo.fr\/saintdieinfo\/2026\/03\/le-calendrier-2026-des-prochains-thes-dansants-deodatiens\/","name":"Le calendrier 2026 des prochains th\u00e9s dansants d\u00e9odatiens - Saint Die Info","isPartOf":{"@id":"https:\/\/vosgesinfo.fr\/saintdieinfo\/#website"},"primaryImageOfPage":{"@id":"https:\/\/vosgesinfo.fr\/saintdieinfo\/2026\/03\/le-calendrier-2026-des-prochains-thes-dansants-deodatiens\/#primaryimage"},"image":{"@id":"https:\/\/vosgesinfo.fr\/saintdieinfo\/2026\/03\/le-calendrier-2026-des-prochains-thes-dansants-deodatiens\/#primaryimage"},"thumbnailUrl":"https:\/\/vosgesinfo.fr\/app\/uploads\/sites\/4\/2026\/02\/the-dansant-saint-valentin-la-farandole-2.jpg","datePublished":"2026-03-17T10:23:26+00:00","dateModified":"2026-03-17T10:08:12+00:00","breadcrumb":{"@id":"https:\/\/vosgesinfo.fr\/saintdieinfo\/2026\/03\/le-calendrier-2026-des-prochains-thes-dansants-deodatiens\/#breadcrumb"},"inLanguage":"fr-FR","potentialAction":[{"@type":"ReadAction","target":["https:\/\/vosgesinfo.fr\/saintdieinfo\/2026\/03\/le-calendrier-2026-des-prochains-thes-dansants-deodatiens\/"]}]},{"@type":"ImageObject","inLanguage":"fr-FR","@id":"https:\/\/vosgesinfo.fr\/saintdieinfo\/2026\/03\/le-calendrier-2026-des-prochains-thes-dansants-deodatiens\/#primaryimage","url":"https:\/\/vosgesinfo.fr\/app\/uploads\/sites\/4\/2026\/02\/the-dansant-saint-valentin-la-farandole-2.jpg","contentUrl":"https:\/\/vosgesinfo.fr\/app\/uploads\/sites\/4\/2026\/02\/the-dansant-saint-valentin-la-farandole-2.jpg","width":1200,"height":800,"caption":"(Archive)"},{"@type":"BreadcrumbList","@id":"https:\/\/vosgesinfo.fr\/saintdieinfo\/2026\/03\/le-calendrier-2026-des-prochains-thes-dansants-deodatiens\/#breadcrumb","itemListElement":[{"@type":"ListItem","position":1,"name":"Home","item":"https:\/\/vosgesinfo.fr\/saintdieinfo\/"},{"@type":"ListItem","position":2,"name":"Le calendrier 2026 des prochains th\u00e9s dansants d\u00e9odatiens"}]},{"@type":"WebSite","@id":"https:\/\/vosgesinfo.fr\/saintdieinfo\/#website","url":"https:\/\/vosgesinfo.fr\/saintdieinfo\/","name":"Saint Die Info","description":"Toute l&#039;actualit\u00e9 de Saint-Di\u00e9-Des-Vosges","publisher":{"@id":"https:\/\/vosgesinfo.fr\/saintdieinfo\/#organization"},"alternateName":"Toute l'actualit\u00e9 de Saint-Di\u00e9-Des-Vosges","potentialAction":[{"@type":"SearchAction","target":{"@type":"EntryPoint","urlTemplate":"https:\/\/vosgesinfo.fr\/saintdieinfo\/?s={search_term_string}"},"query-input":"required name=search_term_string"}],"inLanguage":"fr-FR"},{"@type":"Organization","@id":"https:\/\/vosgesinfo.fr\/saintdieinfo\/#organization","name":"Saint Die Info","url":"https:\/\/vosgesinfo.fr\/saintdieinfo\/","logo":{"@type":"ImageObject","inLanguage":"fr-FR","@id":"https:\/\/vosgesinfo.fr\/saintdieinfo\/#\/schema\/logo\/image\/","url":"https:\/\/vosgesinfo.fr\/app\/uploads\/sites\/4\/2024\/02\/logo-sdi.jpg","contentUrl":"https:\/\/vosgesinfo.fr\/app\/uploads\/sites\/4\/2024\/02\/logo-sdi.jpg","width":600,"height":600,"caption":"Saint Die Info"},"image":{"@id":"https:\/\/vosgesinfo.fr\/saintdieinfo\/#\/schema\/logo\/image\/"},"sameAs":["https:\/\/www.facebook.com\/Saintdieinfofr","https:\/\/x.com\/VosgesInfo88","https:\/\/www.youtube.com\/@vosgesinfo"]},{"@type":"Person","@id":"https:\/\/vosgesinfo.fr\/saintdieinfo\/#\/schema\/person\/fa73e9f726d67bb88f46d5b7943cb572","name":"J.J.","image":{"@type":"ImageObject","inLanguage":"fr-FR","@id":"https:\/\/vosgesinfo.fr\/saintdieinfo\/#\/schema\/person\/image\/","url":"https:\/\/secure.gravatar.com\/avatar\/219e749e47ffbcca018a360ae4add7d4cdf1cdaaf8bc7676b27efade3fe65615?s=96&d=mm&r=g","contentUrl":"https:\/\/secure.gravatar.com\/avatar\/219e749e47ffbcca018a360ae4add7d4cdf1cdaaf8bc7676b27efade3fe65615?s=96&d=mm&r=g","caption":"J.J."},"url":"https:\/\/vosgesinfo.fr\/saintdieinfo\/author\/j-j\/"}]}},"_links":{"self":[{"href":"https:\/\/vosgesinfo.fr\/saintdieinfo\/wp-json\/wp\/v2\/posts\/89076","targetHints":{"allow":["GET"]}}],"collection":[{"href":"https:\/\/vosgesinfo.fr\/saintdieinfo\/wp-json\/wp\/v2\/posts"}],"about":[{"href":"https:\/\/vosgesinfo.fr\/saintdieinfo\/wp-json\/wp\/v2\/types\/post"}],"author":[{"embeddable":true,"href":"https:\/\/vosgesinfo.fr\/saintdieinfo\/wp-json\/wp\/v2\/users\/46"}],"replies":[{"embeddable":true,"href":"https:\/\/vosgesinfo.fr\/saintdieinfo\/wp-json\/wp\/v2\/comments?post=89076"}],"version-history":[{"count":1,"href":"https:\/\/vosgesinfo.fr\/saintdieinfo\/wp-json\/wp\/v2\/posts\/89076\/revisions"}],"predecessor-version":[{"id":89077,"href":"https:\/\/vosgesinfo.fr\/saintdieinfo\/wp-json\/wp\/v2\/posts\/89076\/revisions\/89077"}],"wp:featuredmedia":[{"embeddable":true,"href":"https:\/\/vosgesinfo.fr\/saintdieinfo\/wp-json\/wp\/v2\/media\/88003"}],"wp:attachment":[{"href":"https:\/\/vosgesinfo.fr\/saintdieinfo\/wp-json\/wp\/v2\/media?parent=89076"}],"wp:term":[{"taxonomy":"category","embeddable":true,"href":"https:\/\/vosgesinfo.fr\/saintdieinfo\/wp-json\/wp\/v2\/categories?post=89076"},{"taxonomy":"post_tag","embeddable":true,"href":"https:\/\/vosgesinfo.fr\/saintdieinfo\/wp-json\/wp\/v2\/tags?post=89076"}],"curies":[{"name":"wp","href":"https:\/\/api.w.org\/{rel}","templated":true}]}}