{"id":89087,"date":"2026-03-17T17:23:59","date_gmt":"2026-03-17T16:23:59","guid":{"rendered":"https:\/\/vosgesinfo.fr\/saintdieinfo\/?p=89087"},"modified":"2026-03-17T17:15:09","modified_gmt":"2026-03-17T16:15:09","slug":"marche-de-paques-a-lehpad-saint-deodat","status":"publish","type":"post","link":"https:\/\/vosgesinfo.fr\/saintdieinfo\/2026\/03\/marche-de-paques-a-lehpad-saint-deodat\/","title":{"rendered":"March\u00e9 de P\u00e2ques \u00e0 l&rsquo;EHPAD Saint-D\u00e9odat"},"content":{"rendered":"<div id=\"attachment_89088\" style=\"width: 1034px\" class=\"wp-caption alignnone\"><a href=\"https:\/\/vosgesinfo.fr\/app\/uploads\/sites\/4\/2026\/03\/marche-paques.jpg\"><img decoding=\"async\" aria-describedby=\"caption-attachment-89088\" class=\"size-large wp-image-89088\" src=\"https:\/\/vosgesinfo.fr\/app\/uploads\/sites\/4\/2026\/03\/marche-paques-1024x683.jpg\" alt=\"\" width=\"1024\" height=\"683\" srcset=\"https:\/\/vosgesinfo.fr\/app\/uploads\/sites\/4\/2026\/03\/marche-paques-1024x683.jpg 1024w, https:\/\/vosgesinfo.fr\/app\/uploads\/sites\/4\/2026\/03\/marche-paques-300x200.jpg 300w, https:\/\/vosgesinfo.fr\/app\/uploads\/sites\/4\/2026\/03\/marche-paques-768x512.jpg 768w, https:\/\/vosgesinfo.fr\/app\/uploads\/sites\/4\/2026\/03\/marche-paques.jpg 1536w\" sizes=\"(max-width: 1024px) 100vw, 1024px\" \/><\/a><p id=\"caption-attachment-89088\" class=\"wp-caption-text\">Illustration. (Image IA)<\/p><\/div>\n<h2><strong>L\u2019EHPAD Saint-D\u00e9odat<\/strong> organisera un <strong>March\u00e9 de P\u00e2ques<\/strong> <strong>samedi 28 mars<\/strong>, de 14 h \u00e0 18 h, dans ses locaux du <strong>19 avenue de Robache<\/strong> \u00e0 <strong>Saint-Di\u00e9-des-Vosges<\/strong>. Ce rendez-vous se veut convivial et interg\u00e9n\u00e9rationnel, \u00e0 l\u2019approche des f\u00eates de P\u00e2ques.<\/h2>\n<p><!--more--><\/p>\n<h3><strong>Un apr\u00e8s-midi de partage<\/strong><\/h3>\n<p>R\u00e9sidents, aidants, familles et artisans locaux se retrouveront pour un <strong>moment de partage<\/strong> et de cr\u00e9ativit\u00e9. L\u2019apr\u00e8s-midi sera ouverte au <strong>grand public<\/strong>.<\/p>\n<h3><strong>Des cr\u00e9ations et des savoir-faire locaux<\/strong><\/h3>\n<p>Des <strong>cr\u00e9ations faites main<\/strong> r\u00e9alis\u00e9es par les r\u00e9sidents et les participants seront propos\u00e9es, aux c\u00f4t\u00e9s d\u2019<strong>artisans locaux<\/strong> venus mettre en valeur leur savoir-faire. Ce <strong>March\u00e9 de P\u00e2ques<\/strong> entend aussi favoriser les \u00e9changes et renforcer le <strong>lien social<\/strong>.<\/p>\n<h3><strong>Une initiative port\u00e9e par l\u2019\u00e9tablissement<\/strong><\/h3>\n<p>\u00c0 travers ce rendez-vous, l\u2019\u00e9tablissement souhaite valoriser les <strong>initiatives collectives<\/strong> et les <strong>liens entre les g\u00e9n\u00e9rations<\/strong>. Chacun pourra venir d\u00e9couvrir les <strong>talents locaux<\/strong> et partager un moment chaleureux au sein de l\u2019<strong>EHPAD<\/strong>.<\/p>\n<p>Pour toute information compl\u00e9mentaire : <strong>06-69-95-06-48<\/strong><\/p>\n","protected":false},"excerpt":{"rendered":"<p>L\u2019EHPAD Saint-D\u00e9odat organisera un March\u00e9 de P\u00e2ques samedi 28 mars, de 14 h \u00e0 18 h, dans ses locaux du [&hellip;]<\/p>\n","protected":false},"author":46,"featured_media":89088,"comment_status":"open","ping_status":"open","sticky":false,"template":"","format":"standard","meta":{"footnotes":""},"categories":[460,20,167],"tags":[19105,3264,5781,20809,10879,19278,2881],"class_list":["post-89087","post","type-post","status-publish","format-standard","has-post-thumbnail","hentry","category-a-la-une","category-loisirs","category-saint-die-des-vosges","tag-artisans-locaux","tag-avenue-de-robache","tag-ehpad-saint-deodat","tag-evenement-intergenerationnel","tag-marche-de-paques","tag-residents","tag-saint-die-des-vosges"],"acf":[],"yoast_head":"<!-- This site is optimized with the Yoast SEO plugin v22.5 - https:\/\/yoast.com\/wordpress\/plugins\/seo\/ -->\n<title>March\u00e9 de P\u00e2ques \u00e0 l&#039;EHPAD Saint-D\u00e9odat - Saint Die Info<\/title>\n<meta name=\"robots\" content=\"index, follow, max-snippet:-1, max-image-preview:large, max-video-preview:-1\" \/>\n<link rel=\"canonical\" href=\"https:\/\/vosgesinfo.fr\/saintdieinfo\/2026\/03\/marche-de-paques-a-lehpad-saint-deodat\/\" \/>\n<meta name=\"twitter:card\" content=\"summary_large_image\" \/>\n<meta name=\"twitter:title\" content=\"March\u00e9 de P\u00e2ques \u00e0 l&#039;EHPAD Saint-D\u00e9odat - Saint Die Info\" \/>\n<meta name=\"twitter:description\" content=\"L\u2019EHPAD Saint-D\u00e9odat organisera un March\u00e9 de P\u00e2ques samedi 28 mars, de 14 h \u00e0 18 h, dans ses locaux du [&hellip;]\" \/>\n<meta name=\"twitter:image\" content=\"https:\/\/vosgesinfo.fr\/app\/uploads\/sites\/4\/2026\/03\/marche-paques.jpg\" \/>\n<meta name=\"twitter:creator\" content=\"@VosgesInfo88\" \/>\n<meta name=\"twitter:site\" content=\"@VosgesInfo88\" \/>\n<meta name=\"twitter:label1\" content=\"\u00c9crit par\" \/>\n\t<meta name=\"twitter:data1\" content=\"J.J.\" \/>\n\t<meta name=\"twitter:label2\" content=\"Dur\u00e9e de lecture estim\u00e9e\" \/>\n\t<meta name=\"twitter:data2\" content=\"1 minute\" \/>\n<script type=\"application\/ld+json\" class=\"yoast-schema-graph\">{\"@context\":\"https:\/\/schema.org\",\"@graph\":[{\"@type\":\"Article\",\"@id\":\"https:\/\/vosgesinfo.fr\/saintdieinfo\/2026\/03\/marche-de-paques-a-lehpad-saint-deodat\/#article\",\"isPartOf\":{\"@id\":\"https:\/\/vosgesinfo.fr\/saintdieinfo\/2026\/03\/marche-de-paques-a-lehpad-saint-deodat\/\"},\"author\":{\"name\":\"J.J.\",\"@id\":\"https:\/\/vosgesinfo.fr\/saintdieinfo\/#\/schema\/person\/fa73e9f726d67bb88f46d5b7943cb572\"},\"headline\":\"March\u00e9 de P\u00e2ques \u00e0 l&rsquo;EHPAD Saint-D\u00e9odat\",\"datePublished\":\"2026-03-17T16:23:59+00:00\",\"dateModified\":\"2026-03-17T16:15:09+00:00\",\"mainEntityOfPage\":{\"@id\":\"https:\/\/vosgesinfo.fr\/saintdieinfo\/2026\/03\/marche-de-paques-a-lehpad-saint-deodat\/\"},\"wordCount\":195,\"commentCount\":0,\"publisher\":{\"@id\":\"https:\/\/vosgesinfo.fr\/saintdieinfo\/#organization\"},\"image\":{\"@id\":\"https:\/\/vosgesinfo.fr\/saintdieinfo\/2026\/03\/marche-de-paques-a-lehpad-saint-deodat\/#primaryimage\"},\"thumbnailUrl\":\"https:\/\/vosgesinfo.fr\/app\/uploads\/sites\/4\/2026\/03\/marche-paques.jpg\",\"keywords\":[\"artisans locaux\",\"Avenue de Robache\",\"EHPAD Saint-D\u00e9odat\",\"\u00e9v\u00e9nement interg\u00e9n\u00e9rationneL\",\"March\u00e9 de P\u00e2ques\",\"r\u00e9sidents\",\"Saint-Di\u00e9-des-Vosges\"],\"articleSection\":[\"A la Une\",\"Loisirs\",\"Saint-Di\u00e9-des-Vosges\"],\"inLanguage\":\"fr-FR\",\"potentialAction\":[{\"@type\":\"CommentAction\",\"name\":\"Comment\",\"target\":[\"https:\/\/vosgesinfo.fr\/saintdieinfo\/2026\/03\/marche-de-paques-a-lehpad-saint-deodat\/#respond\"]}]},{\"@type\":\"WebPage\",\"@id\":\"https:\/\/vosgesinfo.fr\/saintdieinfo\/2026\/03\/marche-de-paques-a-lehpad-saint-deodat\/\",\"url\":\"https:\/\/vosgesinfo.fr\/saintdieinfo\/2026\/03\/marche-de-paques-a-lehpad-saint-deodat\/\",\"name\":\"March\u00e9 de P\u00e2ques \u00e0 l'EHPAD Saint-D\u00e9odat - Saint Die Info\",\"isPartOf\":{\"@id\":\"https:\/\/vosgesinfo.fr\/saintdieinfo\/#website\"},\"primaryImageOfPage\":{\"@id\":\"https:\/\/vosgesinfo.fr\/saintdieinfo\/2026\/03\/marche-de-paques-a-lehpad-saint-deodat\/#primaryimage\"},\"image\":{\"@id\":\"https:\/\/vosgesinfo.fr\/saintdieinfo\/2026\/03\/marche-de-paques-a-lehpad-saint-deodat\/#primaryimage\"},\"thumbnailUrl\":\"https:\/\/vosgesinfo.fr\/app\/uploads\/sites\/4\/2026\/03\/marche-paques.jpg\",\"datePublished\":\"2026-03-17T16:23:59+00:00\",\"dateModified\":\"2026-03-17T16:15:09+00:00\",\"breadcrumb\":{\"@id\":\"https:\/\/vosgesinfo.fr\/saintdieinfo\/2026\/03\/marche-de-paques-a-lehpad-saint-deodat\/#breadcrumb\"},\"inLanguage\":\"fr-FR\",\"potentialAction\":[{\"@type\":\"ReadAction\",\"target\":[\"https:\/\/vosgesinfo.fr\/saintdieinfo\/2026\/03\/marche-de-paques-a-lehpad-saint-deodat\/\"]}]},{\"@type\":\"ImageObject\",\"inLanguage\":\"fr-FR\",\"@id\":\"https:\/\/vosgesinfo.fr\/saintdieinfo\/2026\/03\/marche-de-paques-a-lehpad-saint-deodat\/#primaryimage\",\"url\":\"https:\/\/vosgesinfo.fr\/app\/uploads\/sites\/4\/2026\/03\/marche-paques.jpg\",\"contentUrl\":\"https:\/\/vosgesinfo.fr\/app\/uploads\/sites\/4\/2026\/03\/marche-paques.jpg\",\"width\":1536,\"height\":1024,\"caption\":\"Illustration. (Image IA)\"},{\"@type\":\"BreadcrumbList\",\"@id\":\"https:\/\/vosgesinfo.fr\/saintdieinfo\/2026\/03\/marche-de-paques-a-lehpad-saint-deodat\/#breadcrumb\",\"itemListElement\":[{\"@type\":\"ListItem\",\"position\":1,\"name\":\"Home\",\"item\":\"https:\/\/vosgesinfo.fr\/saintdieinfo\/\"},{\"@type\":\"ListItem\",\"position\":2,\"name\":\"March\u00e9 de P\u00e2ques \u00e0 l&rsquo;EHPAD Saint-D\u00e9odat\"}]},{\"@type\":\"WebSite\",\"@id\":\"https:\/\/vosgesinfo.fr\/saintdieinfo\/#website\",\"url\":\"https:\/\/vosgesinfo.fr\/saintdieinfo\/\",\"name\":\"Saint Die Info\",\"description\":\"Toute l&#039;actualit\u00e9 de Saint-Di\u00e9-Des-Vosges\",\"publisher\":{\"@id\":\"https:\/\/vosgesinfo.fr\/saintdieinfo\/#organization\"},\"alternateName\":\"Toute l'actualit\u00e9 de Saint-Di\u00e9-Des-Vosges\",\"potentialAction\":[{\"@type\":\"SearchAction\",\"target\":{\"@type\":\"EntryPoint\",\"urlTemplate\":\"https:\/\/vosgesinfo.fr\/saintdieinfo\/?s={search_term_string}\"},\"query-input\":\"required name=search_term_string\"}],\"inLanguage\":\"fr-FR\"},{\"@type\":\"Organization\",\"@id\":\"https:\/\/vosgesinfo.fr\/saintdieinfo\/#organization\",\"name\":\"Saint Die Info\",\"url\":\"https:\/\/vosgesinfo.fr\/saintdieinfo\/\",\"logo\":{\"@type\":\"ImageObject\",\"inLanguage\":\"fr-FR\",\"@id\":\"https:\/\/vosgesinfo.fr\/saintdieinfo\/#\/schema\/logo\/image\/\",\"url\":\"https:\/\/vosgesinfo.fr\/app\/uploads\/sites\/4\/2024\/02\/logo-sdi.jpg\",\"contentUrl\":\"https:\/\/vosgesinfo.fr\/app\/uploads\/sites\/4\/2024\/02\/logo-sdi.jpg\",\"width\":600,\"height\":600,\"caption\":\"Saint Die Info\"},\"image\":{\"@id\":\"https:\/\/vosgesinfo.fr\/saintdieinfo\/#\/schema\/logo\/image\/\"},\"sameAs\":[\"https:\/\/www.facebook.com\/Saintdieinfofr\",\"https:\/\/x.com\/VosgesInfo88\",\"https:\/\/www.youtube.com\/@vosgesinfo\"]},{\"@type\":\"Person\",\"@id\":\"https:\/\/vosgesinfo.fr\/saintdieinfo\/#\/schema\/person\/fa73e9f726d67bb88f46d5b7943cb572\",\"name\":\"J.J.\",\"image\":{\"@type\":\"ImageObject\",\"inLanguage\":\"fr-FR\",\"@id\":\"https:\/\/vosgesinfo.fr\/saintdieinfo\/#\/schema\/person\/image\/\",\"url\":\"https:\/\/secure.gravatar.com\/avatar\/219e749e47ffbcca018a360ae4add7d4cdf1cdaaf8bc7676b27efade3fe65615?s=96&d=mm&r=g\",\"contentUrl\":\"https:\/\/secure.gravatar.com\/avatar\/219e749e47ffbcca018a360ae4add7d4cdf1cdaaf8bc7676b27efade3fe65615?s=96&d=mm&r=g\",\"caption\":\"J.J.\"},\"url\":\"https:\/\/vosgesinfo.fr\/saintdieinfo\/author\/j-j\/\"}]}<\/script>\n<!-- \/ Yoast SEO plugin. -->","yoast_head_json":{"title":"March\u00e9 de P\u00e2ques \u00e0 l'EHPAD Saint-D\u00e9odat - Saint Die Info","robots":{"index":"index","follow":"follow","max-snippet":"max-snippet:-1","max-image-preview":"max-image-preview:large","max-video-preview":"max-video-preview:-1"},"canonical":"https:\/\/vosgesinfo.fr\/saintdieinfo\/2026\/03\/marche-de-paques-a-lehpad-saint-deodat\/","twitter_card":"summary_large_image","twitter_title":"March\u00e9 de P\u00e2ques \u00e0 l'EHPAD Saint-D\u00e9odat - Saint Die Info","twitter_description":"L\u2019EHPAD Saint-D\u00e9odat organisera un March\u00e9 de P\u00e2ques samedi 28 mars, de 14 h \u00e0 18 h, dans ses locaux du [&hellip;]","twitter_image":"https:\/\/vosgesinfo.fr\/app\/uploads\/sites\/4\/2026\/03\/marche-paques.jpg","twitter_creator":"@VosgesInfo88","twitter_site":"@VosgesInfo88","twitter_misc":{"\u00c9crit par":"J.J.","Dur\u00e9e de lecture estim\u00e9e":"1 minute"},"schema":{"@context":"https:\/\/schema.org","@graph":[{"@type":"Article","@id":"https:\/\/vosgesinfo.fr\/saintdieinfo\/2026\/03\/marche-de-paques-a-lehpad-saint-deodat\/#article","isPartOf":{"@id":"https:\/\/vosgesinfo.fr\/saintdieinfo\/2026\/03\/marche-de-paques-a-lehpad-saint-deodat\/"},"author":{"name":"J.J.","@id":"https:\/\/vosgesinfo.fr\/saintdieinfo\/#\/schema\/person\/fa73e9f726d67bb88f46d5b7943cb572"},"headline":"March\u00e9 de P\u00e2ques \u00e0 l&rsquo;EHPAD Saint-D\u00e9odat","datePublished":"2026-03-17T16:23:59+00:00","dateModified":"2026-03-17T16:15:09+00:00","mainEntityOfPage":{"@id":"https:\/\/vosgesinfo.fr\/saintdieinfo\/2026\/03\/marche-de-paques-a-lehpad-saint-deodat\/"},"wordCount":195,"commentCount":0,"publisher":{"@id":"https:\/\/vosgesinfo.fr\/saintdieinfo\/#organization"},"image":{"@id":"https:\/\/vosgesinfo.fr\/saintdieinfo\/2026\/03\/marche-de-paques-a-lehpad-saint-deodat\/#primaryimage"},"thumbnailUrl":"https:\/\/vosgesinfo.fr\/app\/uploads\/sites\/4\/2026\/03\/marche-paques.jpg","keywords":["artisans locaux","Avenue de Robache","EHPAD Saint-D\u00e9odat","\u00e9v\u00e9nement interg\u00e9n\u00e9rationneL","March\u00e9 de P\u00e2ques","r\u00e9sidents","Saint-Di\u00e9-des-Vosges"],"articleSection":["A la Une","Loisirs","Saint-Di\u00e9-des-Vosges"],"inLanguage":"fr-FR","potentialAction":[{"@type":"CommentAction","name":"Comment","target":["https:\/\/vosgesinfo.fr\/saintdieinfo\/2026\/03\/marche-de-paques-a-lehpad-saint-deodat\/#respond"]}]},{"@type":"WebPage","@id":"https:\/\/vosgesinfo.fr\/saintdieinfo\/2026\/03\/marche-de-paques-a-lehpad-saint-deodat\/","url":"https:\/\/vosgesinfo.fr\/saintdieinfo\/2026\/03\/marche-de-paques-a-lehpad-saint-deodat\/","name":"March\u00e9 de P\u00e2ques \u00e0 l'EHPAD Saint-D\u00e9odat - Saint Die Info","isPartOf":{"@id":"https:\/\/vosgesinfo.fr\/saintdieinfo\/#website"},"primaryImageOfPage":{"@id":"https:\/\/vosgesinfo.fr\/saintdieinfo\/2026\/03\/marche-de-paques-a-lehpad-saint-deodat\/#primaryimage"},"image":{"@id":"https:\/\/vosgesinfo.fr\/saintdieinfo\/2026\/03\/marche-de-paques-a-lehpad-saint-deodat\/#primaryimage"},"thumbnailUrl":"https:\/\/vosgesinfo.fr\/app\/uploads\/sites\/4\/2026\/03\/marche-paques.jpg","datePublished":"2026-03-17T16:23:59+00:00","dateModified":"2026-03-17T16:15:09+00:00","breadcrumb":{"@id":"https:\/\/vosgesinfo.fr\/saintdieinfo\/2026\/03\/marche-de-paques-a-lehpad-saint-deodat\/#breadcrumb"},"inLanguage":"fr-FR","potentialAction":[{"@type":"ReadAction","target":["https:\/\/vosgesinfo.fr\/saintdieinfo\/2026\/03\/marche-de-paques-a-lehpad-saint-deodat\/"]}]},{"@type":"ImageObject","inLanguage":"fr-FR","@id":"https:\/\/vosgesinfo.fr\/saintdieinfo\/2026\/03\/marche-de-paques-a-lehpad-saint-deodat\/#primaryimage","url":"https:\/\/vosgesinfo.fr\/app\/uploads\/sites\/4\/2026\/03\/marche-paques.jpg","contentUrl":"https:\/\/vosgesinfo.fr\/app\/uploads\/sites\/4\/2026\/03\/marche-paques.jpg","width":1536,"height":1024,"caption":"Illustration. (Image IA)"},{"@type":"BreadcrumbList","@id":"https:\/\/vosgesinfo.fr\/saintdieinfo\/2026\/03\/marche-de-paques-a-lehpad-saint-deodat\/#breadcrumb","itemListElement":[{"@type":"ListItem","position":1,"name":"Home","item":"https:\/\/vosgesinfo.fr\/saintdieinfo\/"},{"@type":"ListItem","position":2,"name":"March\u00e9 de P\u00e2ques \u00e0 l&rsquo;EHPAD Saint-D\u00e9odat"}]},{"@type":"WebSite","@id":"https:\/\/vosgesinfo.fr\/saintdieinfo\/#website","url":"https:\/\/vosgesinfo.fr\/saintdieinfo\/","name":"Saint Die Info","description":"Toute l&#039;actualit\u00e9 de Saint-Di\u00e9-Des-Vosges","publisher":{"@id":"https:\/\/vosgesinfo.fr\/saintdieinfo\/#organization"},"alternateName":"Toute l'actualit\u00e9 de Saint-Di\u00e9-Des-Vosges","potentialAction":[{"@type":"SearchAction","target":{"@type":"EntryPoint","urlTemplate":"https:\/\/vosgesinfo.fr\/saintdieinfo\/?s={search_term_string}"},"query-input":"required name=search_term_string"}],"inLanguage":"fr-FR"},{"@type":"Organization","@id":"https:\/\/vosgesinfo.fr\/saintdieinfo\/#organization","name":"Saint Die Info","url":"https:\/\/vosgesinfo.fr\/saintdieinfo\/","logo":{"@type":"ImageObject","inLanguage":"fr-FR","@id":"https:\/\/vosgesinfo.fr\/saintdieinfo\/#\/schema\/logo\/image\/","url":"https:\/\/vosgesinfo.fr\/app\/uploads\/sites\/4\/2024\/02\/logo-sdi.jpg","contentUrl":"https:\/\/vosgesinfo.fr\/app\/uploads\/sites\/4\/2024\/02\/logo-sdi.jpg","width":600,"height":600,"caption":"Saint Die Info"},"image":{"@id":"https:\/\/vosgesinfo.fr\/saintdieinfo\/#\/schema\/logo\/image\/"},"sameAs":["https:\/\/www.facebook.com\/Saintdieinfofr","https:\/\/x.com\/VosgesInfo88","https:\/\/www.youtube.com\/@vosgesinfo"]},{"@type":"Person","@id":"https:\/\/vosgesinfo.fr\/saintdieinfo\/#\/schema\/person\/fa73e9f726d67bb88f46d5b7943cb572","name":"J.J.","image":{"@type":"ImageObject","inLanguage":"fr-FR","@id":"https:\/\/vosgesinfo.fr\/saintdieinfo\/#\/schema\/person\/image\/","url":"https:\/\/secure.gravatar.com\/avatar\/219e749e47ffbcca018a360ae4add7d4cdf1cdaaf8bc7676b27efade3fe65615?s=96&d=mm&r=g","contentUrl":"https:\/\/secure.gravatar.com\/avatar\/219e749e47ffbcca018a360ae4add7d4cdf1cdaaf8bc7676b27efade3fe65615?s=96&d=mm&r=g","caption":"J.J."},"url":"https:\/\/vosgesinfo.fr\/saintdieinfo\/author\/j-j\/"}]}},"_links":{"self":[{"href":"https:\/\/vosgesinfo.fr\/saintdieinfo\/wp-json\/wp\/v2\/posts\/89087","targetHints":{"allow":["GET"]}}],"collection":[{"href":"https:\/\/vosgesinfo.fr\/saintdieinfo\/wp-json\/wp\/v2\/posts"}],"about":[{"href":"https:\/\/vosgesinfo.fr\/saintdieinfo\/wp-json\/wp\/v2\/types\/post"}],"author":[{"embeddable":true,"href":"https:\/\/vosgesinfo.fr\/saintdieinfo\/wp-json\/wp\/v2\/users\/46"}],"replies":[{"embeddable":true,"href":"https:\/\/vosgesinfo.fr\/saintdieinfo\/wp-json\/wp\/v2\/comments?post=89087"}],"version-history":[{"count":1,"href":"https:\/\/vosgesinfo.fr\/saintdieinfo\/wp-json\/wp\/v2\/posts\/89087\/revisions"}],"predecessor-version":[{"id":89089,"href":"https:\/\/vosgesinfo.fr\/saintdieinfo\/wp-json\/wp\/v2\/posts\/89087\/revisions\/89089"}],"wp:featuredmedia":[{"embeddable":true,"href":"https:\/\/vosgesinfo.fr\/saintdieinfo\/wp-json\/wp\/v2\/media\/89088"}],"wp:attachment":[{"href":"https:\/\/vosgesinfo.fr\/saintdieinfo\/wp-json\/wp\/v2\/media?parent=89087"}],"wp:term":[{"taxonomy":"category","embeddable":true,"href":"https:\/\/vosgesinfo.fr\/saintdieinfo\/wp-json\/wp\/v2\/categories?post=89087"},{"taxonomy":"post_tag","embeddable":true,"href":"https:\/\/vosgesinfo.fr\/saintdieinfo\/wp-json\/wp\/v2\/tags?post=89087"}],"curies":[{"name":"wp","href":"https:\/\/api.w.org\/{rel}","templated":true}]}}