{"id":89093,"date":"2026-03-17T17:43:48","date_gmt":"2026-03-17T16:43:48","guid":{"rendered":"https:\/\/vosgesinfo.fr\/saintdieinfo\/?p=89093"},"modified":"2026-03-17T17:35:23","modified_gmt":"2026-03-17T16:35:23","slug":"un-nouveau-chapitre-souvre-pour-le-restaurant-deodatien-lentre-potes","status":"publish","type":"post","link":"https:\/\/vosgesinfo.fr\/saintdieinfo\/2026\/03\/un-nouveau-chapitre-souvre-pour-le-restaurant-deodatien-lentre-potes\/","title":{"rendered":"Un nouveau chapitre s&rsquo;ouvre pour le restaurant d\u00e9odatien L&rsquo;Entre-Potes"},"content":{"rendered":"<p><a href=\"https:\/\/vosgesinfo.fr\/app\/uploads\/sites\/4\/2026\/03\/reouverture-restaurant-lentre-potes.jpg\"><img decoding=\"async\" class=\"alignnone size-large wp-image-89094\" src=\"https:\/\/vosgesinfo.fr\/app\/uploads\/sites\/4\/2026\/03\/reouverture-restaurant-lentre-potes-1024x771.jpg\" alt=\"\" width=\"1024\" height=\"771\" srcset=\"https:\/\/vosgesinfo.fr\/app\/uploads\/sites\/4\/2026\/03\/reouverture-restaurant-lentre-potes-1024x771.jpg 1024w, https:\/\/vosgesinfo.fr\/app\/uploads\/sites\/4\/2026\/03\/reouverture-restaurant-lentre-potes-300x226.jpg 300w, https:\/\/vosgesinfo.fr\/app\/uploads\/sites\/4\/2026\/03\/reouverture-restaurant-lentre-potes-768x578.jpg 768w, https:\/\/vosgesinfo.fr\/app\/uploads\/sites\/4\/2026\/03\/reouverture-restaurant-lentre-potes.jpg 1434w\" sizes=\"(max-width: 1024px) 100vw, 1024px\" \/><\/a><\/p>\n<h2>Le restaurant <strong>L&rsquo;Entre-Potes<\/strong> avait accueilli ses premiers clients au <strong>d\u00e9but du mois de juin 2024<\/strong>. Install\u00e9 sur le <strong>quai du Mar\u00e9chal-Leclerc<\/strong>, dans le kiosque \u00e0 l&rsquo;effigie de la <strong>Tour de la Libert\u00e9<\/strong>, le restaurant d\u00e9odatien vient de <strong>rouvrir<\/strong> apr\u00e8s plusieurs mois de fermeture.<\/h2>\n<p><!--more--><\/p>\n<h3><strong>Une r\u00e9ouverture ce lundi 16 mars<\/strong><\/h3>\n<p>G\u00e9r\u00e9 depuis son ouverture par <strong>Eren Cetin<\/strong>, c&rsquo;est son p\u00e8re <strong>Erdal<\/strong> et sa m\u00e8re <strong>Rose<\/strong> qui ont repris les r\u00eanes de <strong>L&rsquo;Entre Potes<\/strong> depuis ce <strong>lundi 16 mars<\/strong>. \u00ab Notre fils a arr\u00eat\u00e9 au 31 d\u00e9cembre dernier. Nous avons tout refait \u00e0 l&rsquo;int\u00e9rieur pour cette r\u00e9ouverture. Nous proposons toujours des salades, viandes et poissons, mais \u00e9galement d\u00e9sormais des poulets r\u00f4tis, des glaces italiennes et granit\u00e9s. \u00bb Le restaurant L&rsquo;Entre Potes est ouvert tous les jours, sauf le lundi.<\/p>\n<h3><strong>Un commer\u00e7ant bien connu \u00e0 Saint-Di\u00e9-des-Vosges<\/strong><\/h3>\n<p><strong>Erdal Cetin<\/strong> est un commer\u00e7ant bien connu \u00e0 <strong>Saint-Di\u00e9-des-Vosges<\/strong>, puisqu&rsquo;il a tenu durant des ann\u00e9es <strong>L&rsquo;Abeille de l&rsquo;Orme<\/strong>, puis le bar <strong>Sept&rsquo;Un Caf\u00e9<\/strong> sur le quai De-Lattre-de-Tassigny, non loin de <strong>L&rsquo;Entre-Potes<\/strong>.<\/p>\n","protected":false},"excerpt":{"rendered":"<p>Le restaurant L&rsquo;Entre-Potes avait accueilli ses premiers clients au d\u00e9but du mois de juin 2024. Install\u00e9 sur le quai du [&hellip;]<\/p>\n","protected":false},"author":46,"featured_media":89094,"comment_status":"open","ping_status":"open","sticky":false,"template":"","format":"standard","meta":{"footnotes":""},"categories":[460,5,167],"tags":[20815,6385,5126,19822,20816,2881,2953],"class_list":["post-89093","post","type-post","status-publish","format-standard","has-post-thumbnail","hentry","category-a-la-une","category-economie","category-saint-die-des-vosges","tag-erdal-cetin","tag-lentre-potes","tag-quai-du-marechal-leclerc","tag-reouverture","tag-restaurant-deodatien","tag-saint-die-des-vosges","tag-tour-de-la-liberte"],"acf":[],"yoast_head":"<!-- This site is optimized with the Yoast SEO plugin v22.5 - https:\/\/yoast.com\/wordpress\/plugins\/seo\/ -->\n<title>Un nouveau chapitre s&#039;ouvre pour le restaurant d\u00e9odatien L&#039;Entre-Potes - Saint Die Info<\/title>\n<meta name=\"robots\" content=\"index, follow, max-snippet:-1, max-image-preview:large, max-video-preview:-1\" \/>\n<link rel=\"canonical\" href=\"https:\/\/vosgesinfo.fr\/saintdieinfo\/2026\/03\/un-nouveau-chapitre-souvre-pour-le-restaurant-deodatien-lentre-potes\/\" \/>\n<meta name=\"twitter:card\" content=\"summary_large_image\" \/>\n<meta name=\"twitter:title\" content=\"Un nouveau chapitre s&#039;ouvre pour le restaurant d\u00e9odatien L&#039;Entre-Potes - Saint Die Info\" \/>\n<meta name=\"twitter:description\" content=\"Le restaurant L&rsquo;Entre-Potes avait accueilli ses premiers clients au d\u00e9but du mois de juin 2024. Install\u00e9 sur le quai du [&hellip;]\" \/>\n<meta name=\"twitter:image\" content=\"https:\/\/vosgesinfo.fr\/app\/uploads\/sites\/4\/2026\/03\/reouverture-restaurant-lentre-potes.jpg\" \/>\n<meta name=\"twitter:creator\" content=\"@VosgesInfo88\" \/>\n<meta name=\"twitter:site\" content=\"@VosgesInfo88\" \/>\n<meta name=\"twitter:label1\" content=\"\u00c9crit par\" \/>\n\t<meta name=\"twitter:data1\" content=\"J.J.\" \/>\n\t<meta name=\"twitter:label2\" content=\"Dur\u00e9e de lecture estim\u00e9e\" \/>\n\t<meta name=\"twitter:data2\" content=\"2 minutes\" \/>\n<script type=\"application\/ld+json\" class=\"yoast-schema-graph\">{\"@context\":\"https:\/\/schema.org\",\"@graph\":[{\"@type\":\"Article\",\"@id\":\"https:\/\/vosgesinfo.fr\/saintdieinfo\/2026\/03\/un-nouveau-chapitre-souvre-pour-le-restaurant-deodatien-lentre-potes\/#article\",\"isPartOf\":{\"@id\":\"https:\/\/vosgesinfo.fr\/saintdieinfo\/2026\/03\/un-nouveau-chapitre-souvre-pour-le-restaurant-deodatien-lentre-potes\/\"},\"author\":{\"name\":\"J.J.\",\"@id\":\"https:\/\/vosgesinfo.fr\/saintdieinfo\/#\/schema\/person\/fa73e9f726d67bb88f46d5b7943cb572\"},\"headline\":\"Un nouveau chapitre s&rsquo;ouvre pour le restaurant d\u00e9odatien L&rsquo;Entre-Potes\",\"datePublished\":\"2026-03-17T16:43:48+00:00\",\"dateModified\":\"2026-03-17T16:35:23+00:00\",\"mainEntityOfPage\":{\"@id\":\"https:\/\/vosgesinfo.fr\/saintdieinfo\/2026\/03\/un-nouveau-chapitre-souvre-pour-le-restaurant-deodatien-lentre-potes\/\"},\"wordCount\":198,\"commentCount\":2,\"publisher\":{\"@id\":\"https:\/\/vosgesinfo.fr\/saintdieinfo\/#organization\"},\"image\":{\"@id\":\"https:\/\/vosgesinfo.fr\/saintdieinfo\/2026\/03\/un-nouveau-chapitre-souvre-pour-le-restaurant-deodatien-lentre-potes\/#primaryimage\"},\"thumbnailUrl\":\"https:\/\/vosgesinfo.fr\/app\/uploads\/sites\/4\/2026\/03\/reouverture-restaurant-lentre-potes.jpg\",\"keywords\":[\"Erdal Cetin\",\"L'entre-potes\",\"Quai du Mar\u00e9chal-Leclerc\",\"r\u00e9ouverture\",\"restaurant d\u00e9odatien\",\"Saint-Di\u00e9-des-Vosges\",\"Tour de la Libert\u00e9\"],\"articleSection\":[\"A la Une\",\"\u00c9conomie\",\"Saint-Di\u00e9-des-Vosges\"],\"inLanguage\":\"fr-FR\",\"potentialAction\":[{\"@type\":\"CommentAction\",\"name\":\"Comment\",\"target\":[\"https:\/\/vosgesinfo.fr\/saintdieinfo\/2026\/03\/un-nouveau-chapitre-souvre-pour-le-restaurant-deodatien-lentre-potes\/#respond\"]}]},{\"@type\":\"WebPage\",\"@id\":\"https:\/\/vosgesinfo.fr\/saintdieinfo\/2026\/03\/un-nouveau-chapitre-souvre-pour-le-restaurant-deodatien-lentre-potes\/\",\"url\":\"https:\/\/vosgesinfo.fr\/saintdieinfo\/2026\/03\/un-nouveau-chapitre-souvre-pour-le-restaurant-deodatien-lentre-potes\/\",\"name\":\"Un nouveau chapitre s'ouvre pour le restaurant d\u00e9odatien L'Entre-Potes - Saint Die Info\",\"isPartOf\":{\"@id\":\"https:\/\/vosgesinfo.fr\/saintdieinfo\/#website\"},\"primaryImageOfPage\":{\"@id\":\"https:\/\/vosgesinfo.fr\/saintdieinfo\/2026\/03\/un-nouveau-chapitre-souvre-pour-le-restaurant-deodatien-lentre-potes\/#primaryimage\"},\"image\":{\"@id\":\"https:\/\/vosgesinfo.fr\/saintdieinfo\/2026\/03\/un-nouveau-chapitre-souvre-pour-le-restaurant-deodatien-lentre-potes\/#primaryimage\"},\"thumbnailUrl\":\"https:\/\/vosgesinfo.fr\/app\/uploads\/sites\/4\/2026\/03\/reouverture-restaurant-lentre-potes.jpg\",\"datePublished\":\"2026-03-17T16:43:48+00:00\",\"dateModified\":\"2026-03-17T16:35:23+00:00\",\"breadcrumb\":{\"@id\":\"https:\/\/vosgesinfo.fr\/saintdieinfo\/2026\/03\/un-nouveau-chapitre-souvre-pour-le-restaurant-deodatien-lentre-potes\/#breadcrumb\"},\"inLanguage\":\"fr-FR\",\"potentialAction\":[{\"@type\":\"ReadAction\",\"target\":[\"https:\/\/vosgesinfo.fr\/saintdieinfo\/2026\/03\/un-nouveau-chapitre-souvre-pour-le-restaurant-deodatien-lentre-potes\/\"]}]},{\"@type\":\"ImageObject\",\"inLanguage\":\"fr-FR\",\"@id\":\"https:\/\/vosgesinfo.fr\/saintdieinfo\/2026\/03\/un-nouveau-chapitre-souvre-pour-le-restaurant-deodatien-lentre-potes\/#primaryimage\",\"url\":\"https:\/\/vosgesinfo.fr\/app\/uploads\/sites\/4\/2026\/03\/reouverture-restaurant-lentre-potes.jpg\",\"contentUrl\":\"https:\/\/vosgesinfo.fr\/app\/uploads\/sites\/4\/2026\/03\/reouverture-restaurant-lentre-potes.jpg\",\"width\":1434,\"height\":1080},{\"@type\":\"BreadcrumbList\",\"@id\":\"https:\/\/vosgesinfo.fr\/saintdieinfo\/2026\/03\/un-nouveau-chapitre-souvre-pour-le-restaurant-deodatien-lentre-potes\/#breadcrumb\",\"itemListElement\":[{\"@type\":\"ListItem\",\"position\":1,\"name\":\"Home\",\"item\":\"https:\/\/vosgesinfo.fr\/saintdieinfo\/\"},{\"@type\":\"ListItem\",\"position\":2,\"name\":\"Un nouveau chapitre s&rsquo;ouvre pour le restaurant d\u00e9odatien L&rsquo;Entre-Potes\"}]},{\"@type\":\"WebSite\",\"@id\":\"https:\/\/vosgesinfo.fr\/saintdieinfo\/#website\",\"url\":\"https:\/\/vosgesinfo.fr\/saintdieinfo\/\",\"name\":\"Saint Die Info\",\"description\":\"Toute l&#039;actualit\u00e9 de Saint-Di\u00e9-Des-Vosges\",\"publisher\":{\"@id\":\"https:\/\/vosgesinfo.fr\/saintdieinfo\/#organization\"},\"alternateName\":\"Toute l'actualit\u00e9 de Saint-Di\u00e9-Des-Vosges\",\"potentialAction\":[{\"@type\":\"SearchAction\",\"target\":{\"@type\":\"EntryPoint\",\"urlTemplate\":\"https:\/\/vosgesinfo.fr\/saintdieinfo\/?s={search_term_string}\"},\"query-input\":\"required name=search_term_string\"}],\"inLanguage\":\"fr-FR\"},{\"@type\":\"Organization\",\"@id\":\"https:\/\/vosgesinfo.fr\/saintdieinfo\/#organization\",\"name\":\"Saint Die Info\",\"url\":\"https:\/\/vosgesinfo.fr\/saintdieinfo\/\",\"logo\":{\"@type\":\"ImageObject\",\"inLanguage\":\"fr-FR\",\"@id\":\"https:\/\/vosgesinfo.fr\/saintdieinfo\/#\/schema\/logo\/image\/\",\"url\":\"https:\/\/vosgesinfo.fr\/app\/uploads\/sites\/4\/2024\/02\/logo-sdi.jpg\",\"contentUrl\":\"https:\/\/vosgesinfo.fr\/app\/uploads\/sites\/4\/2024\/02\/logo-sdi.jpg\",\"width\":600,\"height\":600,\"caption\":\"Saint Die Info\"},\"image\":{\"@id\":\"https:\/\/vosgesinfo.fr\/saintdieinfo\/#\/schema\/logo\/image\/\"},\"sameAs\":[\"https:\/\/www.facebook.com\/Saintdieinfofr\",\"https:\/\/x.com\/VosgesInfo88\",\"https:\/\/www.youtube.com\/@vosgesinfo\"]},{\"@type\":\"Person\",\"@id\":\"https:\/\/vosgesinfo.fr\/saintdieinfo\/#\/schema\/person\/fa73e9f726d67bb88f46d5b7943cb572\",\"name\":\"J.J.\",\"image\":{\"@type\":\"ImageObject\",\"inLanguage\":\"fr-FR\",\"@id\":\"https:\/\/vosgesinfo.fr\/saintdieinfo\/#\/schema\/person\/image\/\",\"url\":\"https:\/\/secure.gravatar.com\/avatar\/219e749e47ffbcca018a360ae4add7d4cdf1cdaaf8bc7676b27efade3fe65615?s=96&d=mm&r=g\",\"contentUrl\":\"https:\/\/secure.gravatar.com\/avatar\/219e749e47ffbcca018a360ae4add7d4cdf1cdaaf8bc7676b27efade3fe65615?s=96&d=mm&r=g\",\"caption\":\"J.J.\"},\"url\":\"https:\/\/vosgesinfo.fr\/saintdieinfo\/author\/j-j\/\"}]}<\/script>\n<!-- \/ Yoast SEO plugin. -->","yoast_head_json":{"title":"Un nouveau chapitre s'ouvre pour le restaurant d\u00e9odatien L'Entre-Potes - Saint Die Info","robots":{"index":"index","follow":"follow","max-snippet":"max-snippet:-1","max-image-preview":"max-image-preview:large","max-video-preview":"max-video-preview:-1"},"canonical":"https:\/\/vosgesinfo.fr\/saintdieinfo\/2026\/03\/un-nouveau-chapitre-souvre-pour-le-restaurant-deodatien-lentre-potes\/","twitter_card":"summary_large_image","twitter_title":"Un nouveau chapitre s'ouvre pour le restaurant d\u00e9odatien L'Entre-Potes - Saint Die Info","twitter_description":"Le restaurant L&rsquo;Entre-Potes avait accueilli ses premiers clients au d\u00e9but du mois de juin 2024. Install\u00e9 sur le quai du [&hellip;]","twitter_image":"https:\/\/vosgesinfo.fr\/app\/uploads\/sites\/4\/2026\/03\/reouverture-restaurant-lentre-potes.jpg","twitter_creator":"@VosgesInfo88","twitter_site":"@VosgesInfo88","twitter_misc":{"\u00c9crit par":"J.J.","Dur\u00e9e de lecture estim\u00e9e":"2 minutes"},"schema":{"@context":"https:\/\/schema.org","@graph":[{"@type":"Article","@id":"https:\/\/vosgesinfo.fr\/saintdieinfo\/2026\/03\/un-nouveau-chapitre-souvre-pour-le-restaurant-deodatien-lentre-potes\/#article","isPartOf":{"@id":"https:\/\/vosgesinfo.fr\/saintdieinfo\/2026\/03\/un-nouveau-chapitre-souvre-pour-le-restaurant-deodatien-lentre-potes\/"},"author":{"name":"J.J.","@id":"https:\/\/vosgesinfo.fr\/saintdieinfo\/#\/schema\/person\/fa73e9f726d67bb88f46d5b7943cb572"},"headline":"Un nouveau chapitre s&rsquo;ouvre pour le restaurant d\u00e9odatien L&rsquo;Entre-Potes","datePublished":"2026-03-17T16:43:48+00:00","dateModified":"2026-03-17T16:35:23+00:00","mainEntityOfPage":{"@id":"https:\/\/vosgesinfo.fr\/saintdieinfo\/2026\/03\/un-nouveau-chapitre-souvre-pour-le-restaurant-deodatien-lentre-potes\/"},"wordCount":198,"commentCount":2,"publisher":{"@id":"https:\/\/vosgesinfo.fr\/saintdieinfo\/#organization"},"image":{"@id":"https:\/\/vosgesinfo.fr\/saintdieinfo\/2026\/03\/un-nouveau-chapitre-souvre-pour-le-restaurant-deodatien-lentre-potes\/#primaryimage"},"thumbnailUrl":"https:\/\/vosgesinfo.fr\/app\/uploads\/sites\/4\/2026\/03\/reouverture-restaurant-lentre-potes.jpg","keywords":["Erdal Cetin","L'entre-potes","Quai du Mar\u00e9chal-Leclerc","r\u00e9ouverture","restaurant d\u00e9odatien","Saint-Di\u00e9-des-Vosges","Tour de la Libert\u00e9"],"articleSection":["A la Une","\u00c9conomie","Saint-Di\u00e9-des-Vosges"],"inLanguage":"fr-FR","potentialAction":[{"@type":"CommentAction","name":"Comment","target":["https:\/\/vosgesinfo.fr\/saintdieinfo\/2026\/03\/un-nouveau-chapitre-souvre-pour-le-restaurant-deodatien-lentre-potes\/#respond"]}]},{"@type":"WebPage","@id":"https:\/\/vosgesinfo.fr\/saintdieinfo\/2026\/03\/un-nouveau-chapitre-souvre-pour-le-restaurant-deodatien-lentre-potes\/","url":"https:\/\/vosgesinfo.fr\/saintdieinfo\/2026\/03\/un-nouveau-chapitre-souvre-pour-le-restaurant-deodatien-lentre-potes\/","name":"Un nouveau chapitre s'ouvre pour le restaurant d\u00e9odatien L'Entre-Potes - Saint Die Info","isPartOf":{"@id":"https:\/\/vosgesinfo.fr\/saintdieinfo\/#website"},"primaryImageOfPage":{"@id":"https:\/\/vosgesinfo.fr\/saintdieinfo\/2026\/03\/un-nouveau-chapitre-souvre-pour-le-restaurant-deodatien-lentre-potes\/#primaryimage"},"image":{"@id":"https:\/\/vosgesinfo.fr\/saintdieinfo\/2026\/03\/un-nouveau-chapitre-souvre-pour-le-restaurant-deodatien-lentre-potes\/#primaryimage"},"thumbnailUrl":"https:\/\/vosgesinfo.fr\/app\/uploads\/sites\/4\/2026\/03\/reouverture-restaurant-lentre-potes.jpg","datePublished":"2026-03-17T16:43:48+00:00","dateModified":"2026-03-17T16:35:23+00:00","breadcrumb":{"@id":"https:\/\/vosgesinfo.fr\/saintdieinfo\/2026\/03\/un-nouveau-chapitre-souvre-pour-le-restaurant-deodatien-lentre-potes\/#breadcrumb"},"inLanguage":"fr-FR","potentialAction":[{"@type":"ReadAction","target":["https:\/\/vosgesinfo.fr\/saintdieinfo\/2026\/03\/un-nouveau-chapitre-souvre-pour-le-restaurant-deodatien-lentre-potes\/"]}]},{"@type":"ImageObject","inLanguage":"fr-FR","@id":"https:\/\/vosgesinfo.fr\/saintdieinfo\/2026\/03\/un-nouveau-chapitre-souvre-pour-le-restaurant-deodatien-lentre-potes\/#primaryimage","url":"https:\/\/vosgesinfo.fr\/app\/uploads\/sites\/4\/2026\/03\/reouverture-restaurant-lentre-potes.jpg","contentUrl":"https:\/\/vosgesinfo.fr\/app\/uploads\/sites\/4\/2026\/03\/reouverture-restaurant-lentre-potes.jpg","width":1434,"height":1080},{"@type":"BreadcrumbList","@id":"https:\/\/vosgesinfo.fr\/saintdieinfo\/2026\/03\/un-nouveau-chapitre-souvre-pour-le-restaurant-deodatien-lentre-potes\/#breadcrumb","itemListElement":[{"@type":"ListItem","position":1,"name":"Home","item":"https:\/\/vosgesinfo.fr\/saintdieinfo\/"},{"@type":"ListItem","position":2,"name":"Un nouveau chapitre s&rsquo;ouvre pour le restaurant d\u00e9odatien L&rsquo;Entre-Potes"}]},{"@type":"WebSite","@id":"https:\/\/vosgesinfo.fr\/saintdieinfo\/#website","url":"https:\/\/vosgesinfo.fr\/saintdieinfo\/","name":"Saint Die Info","description":"Toute l&#039;actualit\u00e9 de Saint-Di\u00e9-Des-Vosges","publisher":{"@id":"https:\/\/vosgesinfo.fr\/saintdieinfo\/#organization"},"alternateName":"Toute l'actualit\u00e9 de Saint-Di\u00e9-Des-Vosges","potentialAction":[{"@type":"SearchAction","target":{"@type":"EntryPoint","urlTemplate":"https:\/\/vosgesinfo.fr\/saintdieinfo\/?s={search_term_string}"},"query-input":"required name=search_term_string"}],"inLanguage":"fr-FR"},{"@type":"Organization","@id":"https:\/\/vosgesinfo.fr\/saintdieinfo\/#organization","name":"Saint Die Info","url":"https:\/\/vosgesinfo.fr\/saintdieinfo\/","logo":{"@type":"ImageObject","inLanguage":"fr-FR","@id":"https:\/\/vosgesinfo.fr\/saintdieinfo\/#\/schema\/logo\/image\/","url":"https:\/\/vosgesinfo.fr\/app\/uploads\/sites\/4\/2024\/02\/logo-sdi.jpg","contentUrl":"https:\/\/vosgesinfo.fr\/app\/uploads\/sites\/4\/2024\/02\/logo-sdi.jpg","width":600,"height":600,"caption":"Saint Die Info"},"image":{"@id":"https:\/\/vosgesinfo.fr\/saintdieinfo\/#\/schema\/logo\/image\/"},"sameAs":["https:\/\/www.facebook.com\/Saintdieinfofr","https:\/\/x.com\/VosgesInfo88","https:\/\/www.youtube.com\/@vosgesinfo"]},{"@type":"Person","@id":"https:\/\/vosgesinfo.fr\/saintdieinfo\/#\/schema\/person\/fa73e9f726d67bb88f46d5b7943cb572","name":"J.J.","image":{"@type":"ImageObject","inLanguage":"fr-FR","@id":"https:\/\/vosgesinfo.fr\/saintdieinfo\/#\/schema\/person\/image\/","url":"https:\/\/secure.gravatar.com\/avatar\/219e749e47ffbcca018a360ae4add7d4cdf1cdaaf8bc7676b27efade3fe65615?s=96&d=mm&r=g","contentUrl":"https:\/\/secure.gravatar.com\/avatar\/219e749e47ffbcca018a360ae4add7d4cdf1cdaaf8bc7676b27efade3fe65615?s=96&d=mm&r=g","caption":"J.J."},"url":"https:\/\/vosgesinfo.fr\/saintdieinfo\/author\/j-j\/"}]}},"_links":{"self":[{"href":"https:\/\/vosgesinfo.fr\/saintdieinfo\/wp-json\/wp\/v2\/posts\/89093","targetHints":{"allow":["GET"]}}],"collection":[{"href":"https:\/\/vosgesinfo.fr\/saintdieinfo\/wp-json\/wp\/v2\/posts"}],"about":[{"href":"https:\/\/vosgesinfo.fr\/saintdieinfo\/wp-json\/wp\/v2\/types\/post"}],"author":[{"embeddable":true,"href":"https:\/\/vosgesinfo.fr\/saintdieinfo\/wp-json\/wp\/v2\/users\/46"}],"replies":[{"embeddable":true,"href":"https:\/\/vosgesinfo.fr\/saintdieinfo\/wp-json\/wp\/v2\/comments?post=89093"}],"version-history":[{"count":1,"href":"https:\/\/vosgesinfo.fr\/saintdieinfo\/wp-json\/wp\/v2\/posts\/89093\/revisions"}],"predecessor-version":[{"id":89095,"href":"https:\/\/vosgesinfo.fr\/saintdieinfo\/wp-json\/wp\/v2\/posts\/89093\/revisions\/89095"}],"wp:featuredmedia":[{"embeddable":true,"href":"https:\/\/vosgesinfo.fr\/saintdieinfo\/wp-json\/wp\/v2\/media\/89094"}],"wp:attachment":[{"href":"https:\/\/vosgesinfo.fr\/saintdieinfo\/wp-json\/wp\/v2\/media?parent=89093"}],"wp:term":[{"taxonomy":"category","embeddable":true,"href":"https:\/\/vosgesinfo.fr\/saintdieinfo\/wp-json\/wp\/v2\/categories?post=89093"},{"taxonomy":"post_tag","embeddable":true,"href":"https:\/\/vosgesinfo.fr\/saintdieinfo\/wp-json\/wp\/v2\/tags?post=89093"}],"curies":[{"name":"wp","href":"https:\/\/api.w.org\/{rel}","templated":true}]}}