{"id":90634,"date":"2026-04-27T10:03:08","date_gmt":"2026-04-27T08:03:08","guid":{"rendered":"https:\/\/vosgesinfo.fr\/saintdieinfo\/?p=90634"},"modified":"2026-04-27T10:00:14","modified_gmt":"2026-04-27T08:00:14","slug":"qui-sont-les-plus-rapides-a-avoir-franchi-la-ligne-darrivee-du-trail-des-roches","status":"publish","type":"post","link":"https:\/\/vosgesinfo.fr\/saintdieinfo\/2026\/04\/qui-sont-les-plus-rapides-a-avoir-franchi-la-ligne-darrivee-du-trail-des-roches\/","title":{"rendered":"Qui sont les plus rapides \u00e0 avoir franchi la ligne d\u2019arriv\u00e9e du Trail des Roches ?"},"content":{"rendered":"<div id=\"attachment_90639\" style=\"width: 1034px\" class=\"wp-caption alignnone\"><a href=\"https:\/\/vosgesinfo.fr\/app\/uploads\/sites\/4\/2026\/04\/resultats-22e-trail-des-roches-5.jpg\"><img decoding=\"async\" aria-describedby=\"caption-attachment-90639\" class=\"size-large wp-image-90639\" src=\"https:\/\/vosgesinfo.fr\/app\/uploads\/sites\/4\/2026\/04\/resultats-22e-trail-des-roches-5-1024x683.jpg\" alt=\"\" width=\"1024\" height=\"683\" srcset=\"https:\/\/vosgesinfo.fr\/app\/uploads\/sites\/4\/2026\/04\/resultats-22e-trail-des-roches-5-1024x683.jpg 1024w, https:\/\/vosgesinfo.fr\/app\/uploads\/sites\/4\/2026\/04\/resultats-22e-trail-des-roches-5-300x200.jpg 300w, https:\/\/vosgesinfo.fr\/app\/uploads\/sites\/4\/2026\/04\/resultats-22e-trail-des-roches-5-768x512.jpg 768w, https:\/\/vosgesinfo.fr\/app\/uploads\/sites\/4\/2026\/04\/resultats-22e-trail-des-roches-5.jpg 1200w\" sizes=\"(max-width: 1024px) 100vw, 1024px\" \/><\/a><p id=\"caption-attachment-90639\" class=\"wp-caption-text\">(Photographies Marc Fourniquet)<\/p><\/div>\n<h2>Retour aux sources pour le <strong>Trail des Roches<\/strong>, dont la <strong>22e \u00e9dition<\/strong> avait comme d\u00e9cor le <strong>massif du Kemberg<\/strong> ce <strong>26 avril<\/strong>, en ce dernier dimanche d\u2019avril. Les organisateurs ont recentr\u00e9 l\u2019\u00e9preuve sur ce massif d\u00e9odatien, avec <strong>3 nouveaux parcours<\/strong> sp\u00e9cialement cr\u00e9\u00e9s pour l\u2019occasion.<\/h2>\n<p><!--more--><\/p>\n<h3 class=\"western\"><strong>Trois parcours, de 12 km \u00e0 40 km<\/strong><\/h3>\n<p>Si les trac\u00e9s \u00e9voluent, ce sont toujours trois distances qui \u00e9taient propos\u00e9es aux traileuses et traileurs aujourd\u2019hui : <strong>un parcours \u00ab court \u00bb de 12 kilom\u00e8tres pour 450 m\u00e8tres de d\u00e9nivel\u00e9 positif ; un parcours \u00ab interm\u00e9diaire \u00bb de 20 kilom\u00e8tres pour 650 m\u00e8tres de d\u00e9nivel\u00e9 positif ; un parcours \u00ab long \u00bb de 40 kilom\u00e8tres pour 1 600 m\u00e8tres de d\u00e9nivel\u00e9 positif<\/strong>. Le tout sous un beau soleil printanier, sans nuage \u00e0 l\u2019horizon.<\/p>\n<h3 class=\"western\"><strong>Les plus rapides \u00e0 l\u2019arriv\u00e9e<\/strong><\/h3>\n<p>Qui sont les plus rapides \u00e0 avoir franchi la <strong>ligne d\u2019arriv\u00e9e<\/strong> de ce 22e Trail des Roches, parmi les quelques <b>1200 coureuses et coureurs<\/b> align\u00e9s sur les trois d\u00e9parts (<b>300<\/b> pour le 12km, <b>500<\/b> pour le 20km et <b>400<\/b> pour le 40km).<\/p>\n<p>Chez les hommes, ce sont respectivement <b>Ga\u00ebtan Cuny<\/b> en <b>52<\/b><strong> min 57 s<\/strong> pour le <strong>12 km<\/strong>, <b>Nathan Ceresa<\/b> en <b>1<\/b><strong> h 25 min 42 s<\/strong> pour le <strong>20 km<\/strong> et <b>Lucien Thiebaut<\/b> en <strong>3 h 17 min 34 s<\/strong> pour le <strong>40 km<\/strong>.<\/p>\n<p>Chez les femmes, sont arriv\u00e9es en t\u00eate <b>Sophie Weckerle<\/b> en <strong>1 h 08 min 41 s<\/strong> pour le 12 km, <b>H\u00e9l\u00e8ne George<\/b> en <strong>1 h 40 min 04 s<\/strong> pour le 20 km et Cyrielle Patenotte en <strong>4 h 18 min 59 s<\/strong> pour le 40 km.<\/p>\n<h3 class=\"western\"><strong>Les r\u00e9sultats complets et d\u00e9taill\u00e9s<\/strong><\/h3>\n<p>Les r\u00e9sultats complets et d\u00e9taill\u00e9s du Trail des Roches sont \u00e0 retrouver sur : <strong><a href=\"https:\/\/www.traildesroches.com\/\" target=\"_blank\" rel=\"noopener\">www.traildesroches.com<\/a><\/strong>.<\/p>\n\n\t\t<style type=\"text\/css\">\n\t\t\t#gallery-1 {\n\t\t\t\tmargin: auto;\n\t\t\t}\n\t\t\t#gallery-1 .gallery-item {\n\t\t\t\tfloat: left;\n\t\t\t\tmargin-top: 10px;\n\t\t\t\ttext-align: center;\n\t\t\t\twidth: 50%;\n\t\t\t}\n\t\t\t#gallery-1 img {\n\t\t\t\tborder: 2px solid #cfcfcf;\n\t\t\t}\n\t\t\t#gallery-1 .gallery-caption {\n\t\t\t\tmargin-left: 0;\n\t\t\t}\n\t\t\t\/* see gallery_shortcode() in wp-includes\/media.php *\/\n\t\t<\/style>\n\t\t<div id='gallery-1' class='gallery galleryid-90634 gallery-columns-2 gallery-size-thumbnail'><dl class='gallery-item'>\n\t\t\t<dt class='gallery-icon landscape'>\n\t\t\t\t<a href='https:\/\/vosgesinfo.fr\/app\/uploads\/sites\/4\/2026\/04\/resultats-22e-trail-des-roches-1.jpg'><img decoding=\"async\" width=\"150\" height=\"150\" src=\"https:\/\/vosgesinfo.fr\/app\/uploads\/sites\/4\/2026\/04\/resultats-22e-trail-des-roches-1-150x150.jpg\" class=\"attachment-thumbnail size-thumbnail\" alt=\"\" \/><\/a>\n\t\t\t<\/dt><\/dl><dl class='gallery-item'>\n\t\t\t<dt class='gallery-icon landscape'>\n\t\t\t\t<a href='https:\/\/vosgesinfo.fr\/app\/uploads\/sites\/4\/2026\/04\/resultats-22e-trail-des-roches-2.jpg'><img decoding=\"async\" width=\"150\" height=\"150\" src=\"https:\/\/vosgesinfo.fr\/app\/uploads\/sites\/4\/2026\/04\/resultats-22e-trail-des-roches-2-150x150.jpg\" class=\"attachment-thumbnail size-thumbnail\" alt=\"\" \/><\/a>\n\t\t\t<\/dt><\/dl><br style=\"clear: both\" \/><dl class='gallery-item'>\n\t\t\t<dt class='gallery-icon landscape'>\n\t\t\t\t<a href='https:\/\/vosgesinfo.fr\/app\/uploads\/sites\/4\/2026\/04\/resultats-22e-trail-des-roches-3.jpg'><img decoding=\"async\" width=\"150\" height=\"150\" src=\"https:\/\/vosgesinfo.fr\/app\/uploads\/sites\/4\/2026\/04\/resultats-22e-trail-des-roches-3-150x150.jpg\" class=\"attachment-thumbnail size-thumbnail\" alt=\"\" \/><\/a>\n\t\t\t<\/dt><\/dl><dl class='gallery-item'>\n\t\t\t<dt class='gallery-icon landscape'>\n\t\t\t\t<a href='https:\/\/vosgesinfo.fr\/app\/uploads\/sites\/4\/2026\/04\/resultats-22e-trail-des-roches-4.jpg'><img decoding=\"async\" width=\"150\" height=\"150\" src=\"https:\/\/vosgesinfo.fr\/app\/uploads\/sites\/4\/2026\/04\/resultats-22e-trail-des-roches-4-150x150.jpg\" class=\"attachment-thumbnail size-thumbnail\" alt=\"\" \/><\/a>\n\t\t\t<\/dt><\/dl><br style=\"clear: both\" \/>\n\t\t<\/div>\n\n","protected":false},"excerpt":{"rendered":"<p>Retour aux sources pour le Trail des Roches, dont la 22e \u00e9dition avait comme d\u00e9cor le massif du Kemberg ce [&hellip;]<\/p>\n","protected":false},"author":46,"featured_media":90639,"comment_status":"open","ping_status":"open","sticky":false,"template":"","format":"standard","meta":{"footnotes":""},"categories":[460,167,14,18],"tags":[18994,3335,3624,21416,2031,5807],"class_list":["post-90634","post","type-post","status-publish","format-standard","has-post-thumbnail","hentry","category-a-la-une","category-saint-die-des-vosges","category-sport","category-vosges","tag-course-nature","tag-deodatie","tag-massif-du-kemberg","tag-resultats-trail-des-roches","tag-trail","tag-trail-des-roches"],"acf":[],"yoast_head":"<!-- This site is optimized with the Yoast SEO plugin v22.5 - https:\/\/yoast.com\/wordpress\/plugins\/seo\/ -->\n<title>Qui sont les plus rapides \u00e0 avoir franchi la ligne d\u2019arriv\u00e9e du Trail des Roches ? - Saint Die Info<\/title>\n<meta name=\"robots\" content=\"index, follow, max-snippet:-1, max-image-preview:large, max-video-preview:-1\" \/>\n<link rel=\"canonical\" href=\"https:\/\/vosgesinfo.fr\/saintdieinfo\/2026\/04\/qui-sont-les-plus-rapides-a-avoir-franchi-la-ligne-darrivee-du-trail-des-roches\/\" \/>\n<meta name=\"twitter:card\" content=\"summary_large_image\" \/>\n<meta name=\"twitter:title\" content=\"Qui sont les plus rapides \u00e0 avoir franchi la ligne d\u2019arriv\u00e9e du Trail des Roches ? - Saint Die Info\" \/>\n<meta name=\"twitter:description\" content=\"Retour aux sources pour le Trail des Roches, dont la 22e \u00e9dition avait comme d\u00e9cor le massif du Kemberg ce [&hellip;]\" \/>\n<meta name=\"twitter:image\" content=\"https:\/\/vosgesinfo.fr\/app\/uploads\/sites\/4\/2026\/04\/resultats-22e-trail-des-roches-5.jpg\" \/>\n<meta name=\"twitter:creator\" content=\"@VosgesInfo88\" \/>\n<meta name=\"twitter:site\" content=\"@VosgesInfo88\" \/>\n<meta name=\"twitter:label1\" content=\"\u00c9crit par\" \/>\n\t<meta name=\"twitter:data1\" content=\"J.J.\" \/>\n\t<meta name=\"twitter:label2\" content=\"Dur\u00e9e de lecture estim\u00e9e\" \/>\n\t<meta name=\"twitter:data2\" content=\"2 minutes\" \/>\n<script type=\"application\/ld+json\" class=\"yoast-schema-graph\">{\"@context\":\"https:\/\/schema.org\",\"@graph\":[{\"@type\":\"Article\",\"@id\":\"https:\/\/vosgesinfo.fr\/saintdieinfo\/2026\/04\/qui-sont-les-plus-rapides-a-avoir-franchi-la-ligne-darrivee-du-trail-des-roches\/#article\",\"isPartOf\":{\"@id\":\"https:\/\/vosgesinfo.fr\/saintdieinfo\/2026\/04\/qui-sont-les-plus-rapides-a-avoir-franchi-la-ligne-darrivee-du-trail-des-roches\/\"},\"author\":{\"name\":\"J.J.\",\"@id\":\"https:\/\/vosgesinfo.fr\/saintdieinfo\/#\/schema\/person\/fa73e9f726d67bb88f46d5b7943cb572\"},\"headline\":\"Qui sont les plus rapides \u00e0 avoir franchi la ligne d\u2019arriv\u00e9e du Trail des Roches ?\",\"datePublished\":\"2026-04-27T08:03:08+00:00\",\"dateModified\":\"2026-04-27T08:00:14+00:00\",\"mainEntityOfPage\":{\"@id\":\"https:\/\/vosgesinfo.fr\/saintdieinfo\/2026\/04\/qui-sont-les-plus-rapides-a-avoir-franchi-la-ligne-darrivee-du-trail-des-roches\/\"},\"wordCount\":302,\"commentCount\":0,\"publisher\":{\"@id\":\"https:\/\/vosgesinfo.fr\/saintdieinfo\/#organization\"},\"image\":{\"@id\":\"https:\/\/vosgesinfo.fr\/saintdieinfo\/2026\/04\/qui-sont-les-plus-rapides-a-avoir-franchi-la-ligne-darrivee-du-trail-des-roches\/#primaryimage\"},\"thumbnailUrl\":\"https:\/\/vosgesinfo.fr\/app\/uploads\/sites\/4\/2026\/04\/resultats-22e-trail-des-roches-5.jpg\",\"keywords\":[\"course nature\",\"D\u00e9odatie\",\"Massif du Kemberg\",\"r\u00e9sultats Trail des Roches\",\"trail\",\"Trail des Roches\"],\"articleSection\":[\"A la Une\",\"Saint-Di\u00e9-des-Vosges\",\"Sport\",\"Vosges\"],\"inLanguage\":\"fr-FR\",\"potentialAction\":[{\"@type\":\"CommentAction\",\"name\":\"Comment\",\"target\":[\"https:\/\/vosgesinfo.fr\/saintdieinfo\/2026\/04\/qui-sont-les-plus-rapides-a-avoir-franchi-la-ligne-darrivee-du-trail-des-roches\/#respond\"]}]},{\"@type\":\"WebPage\",\"@id\":\"https:\/\/vosgesinfo.fr\/saintdieinfo\/2026\/04\/qui-sont-les-plus-rapides-a-avoir-franchi-la-ligne-darrivee-du-trail-des-roches\/\",\"url\":\"https:\/\/vosgesinfo.fr\/saintdieinfo\/2026\/04\/qui-sont-les-plus-rapides-a-avoir-franchi-la-ligne-darrivee-du-trail-des-roches\/\",\"name\":\"Qui sont les plus rapides \u00e0 avoir franchi la ligne d\u2019arriv\u00e9e du Trail des Roches ? - Saint Die Info\",\"isPartOf\":{\"@id\":\"https:\/\/vosgesinfo.fr\/saintdieinfo\/#website\"},\"primaryImageOfPage\":{\"@id\":\"https:\/\/vosgesinfo.fr\/saintdieinfo\/2026\/04\/qui-sont-les-plus-rapides-a-avoir-franchi-la-ligne-darrivee-du-trail-des-roches\/#primaryimage\"},\"image\":{\"@id\":\"https:\/\/vosgesinfo.fr\/saintdieinfo\/2026\/04\/qui-sont-les-plus-rapides-a-avoir-franchi-la-ligne-darrivee-du-trail-des-roches\/#primaryimage\"},\"thumbnailUrl\":\"https:\/\/vosgesinfo.fr\/app\/uploads\/sites\/4\/2026\/04\/resultats-22e-trail-des-roches-5.jpg\",\"datePublished\":\"2026-04-27T08:03:08+00:00\",\"dateModified\":\"2026-04-27T08:00:14+00:00\",\"breadcrumb\":{\"@id\":\"https:\/\/vosgesinfo.fr\/saintdieinfo\/2026\/04\/qui-sont-les-plus-rapides-a-avoir-franchi-la-ligne-darrivee-du-trail-des-roches\/#breadcrumb\"},\"inLanguage\":\"fr-FR\",\"potentialAction\":[{\"@type\":\"ReadAction\",\"target\":[\"https:\/\/vosgesinfo.fr\/saintdieinfo\/2026\/04\/qui-sont-les-plus-rapides-a-avoir-franchi-la-ligne-darrivee-du-trail-des-roches\/\"]}]},{\"@type\":\"ImageObject\",\"inLanguage\":\"fr-FR\",\"@id\":\"https:\/\/vosgesinfo.fr\/saintdieinfo\/2026\/04\/qui-sont-les-plus-rapides-a-avoir-franchi-la-ligne-darrivee-du-trail-des-roches\/#primaryimage\",\"url\":\"https:\/\/vosgesinfo.fr\/app\/uploads\/sites\/4\/2026\/04\/resultats-22e-trail-des-roches-5.jpg\",\"contentUrl\":\"https:\/\/vosgesinfo.fr\/app\/uploads\/sites\/4\/2026\/04\/resultats-22e-trail-des-roches-5.jpg\",\"width\":1200,\"height\":800,\"caption\":\"(Photographies Marc Fourniquet)\"},{\"@type\":\"BreadcrumbList\",\"@id\":\"https:\/\/vosgesinfo.fr\/saintdieinfo\/2026\/04\/qui-sont-les-plus-rapides-a-avoir-franchi-la-ligne-darrivee-du-trail-des-roches\/#breadcrumb\",\"itemListElement\":[{\"@type\":\"ListItem\",\"position\":1,\"name\":\"Home\",\"item\":\"https:\/\/vosgesinfo.fr\/saintdieinfo\/\"},{\"@type\":\"ListItem\",\"position\":2,\"name\":\"Qui sont les plus rapides \u00e0 avoir franchi la ligne d\u2019arriv\u00e9e du Trail des Roches ?\"}]},{\"@type\":\"WebSite\",\"@id\":\"https:\/\/vosgesinfo.fr\/saintdieinfo\/#website\",\"url\":\"https:\/\/vosgesinfo.fr\/saintdieinfo\/\",\"name\":\"Saint Die Info\",\"description\":\"Toute l&#039;actualit\u00e9 de Saint-Di\u00e9-Des-Vosges\",\"publisher\":{\"@id\":\"https:\/\/vosgesinfo.fr\/saintdieinfo\/#organization\"},\"alternateName\":\"Toute l'actualit\u00e9 de Saint-Di\u00e9-Des-Vosges\",\"potentialAction\":[{\"@type\":\"SearchAction\",\"target\":{\"@type\":\"EntryPoint\",\"urlTemplate\":\"https:\/\/vosgesinfo.fr\/saintdieinfo\/?s={search_term_string}\"},\"query-input\":\"required name=search_term_string\"}],\"inLanguage\":\"fr-FR\"},{\"@type\":\"Organization\",\"@id\":\"https:\/\/vosgesinfo.fr\/saintdieinfo\/#organization\",\"name\":\"Saint Die Info\",\"url\":\"https:\/\/vosgesinfo.fr\/saintdieinfo\/\",\"logo\":{\"@type\":\"ImageObject\",\"inLanguage\":\"fr-FR\",\"@id\":\"https:\/\/vosgesinfo.fr\/saintdieinfo\/#\/schema\/logo\/image\/\",\"url\":\"https:\/\/vosgesinfo.fr\/app\/uploads\/sites\/4\/2024\/02\/logo-sdi.jpg\",\"contentUrl\":\"https:\/\/vosgesinfo.fr\/app\/uploads\/sites\/4\/2024\/02\/logo-sdi.jpg\",\"width\":600,\"height\":600,\"caption\":\"Saint Die Info\"},\"image\":{\"@id\":\"https:\/\/vosgesinfo.fr\/saintdieinfo\/#\/schema\/logo\/image\/\"},\"sameAs\":[\"https:\/\/www.facebook.com\/Saintdieinfofr\",\"https:\/\/x.com\/VosgesInfo88\",\"https:\/\/www.youtube.com\/@vosgesinfo\"]},{\"@type\":\"Person\",\"@id\":\"https:\/\/vosgesinfo.fr\/saintdieinfo\/#\/schema\/person\/fa73e9f726d67bb88f46d5b7943cb572\",\"name\":\"J.J.\",\"image\":{\"@type\":\"ImageObject\",\"inLanguage\":\"fr-FR\",\"@id\":\"https:\/\/vosgesinfo.fr\/saintdieinfo\/#\/schema\/person\/image\/\",\"url\":\"https:\/\/secure.gravatar.com\/avatar\/219e749e47ffbcca018a360ae4add7d4cdf1cdaaf8bc7676b27efade3fe65615?s=96&d=mm&r=g\",\"contentUrl\":\"https:\/\/secure.gravatar.com\/avatar\/219e749e47ffbcca018a360ae4add7d4cdf1cdaaf8bc7676b27efade3fe65615?s=96&d=mm&r=g\",\"caption\":\"J.J.\"},\"url\":\"https:\/\/vosgesinfo.fr\/saintdieinfo\/author\/j-j\/\"}]}<\/script>\n<!-- \/ Yoast SEO plugin. -->","yoast_head_json":{"title":"Qui sont les plus rapides \u00e0 avoir franchi la ligne d\u2019arriv\u00e9e du Trail des Roches ? - Saint Die Info","robots":{"index":"index","follow":"follow","max-snippet":"max-snippet:-1","max-image-preview":"max-image-preview:large","max-video-preview":"max-video-preview:-1"},"canonical":"https:\/\/vosgesinfo.fr\/saintdieinfo\/2026\/04\/qui-sont-les-plus-rapides-a-avoir-franchi-la-ligne-darrivee-du-trail-des-roches\/","twitter_card":"summary_large_image","twitter_title":"Qui sont les plus rapides \u00e0 avoir franchi la ligne d\u2019arriv\u00e9e du Trail des Roches ? - Saint Die Info","twitter_description":"Retour aux sources pour le Trail des Roches, dont la 22e \u00e9dition avait comme d\u00e9cor le massif du Kemberg ce [&hellip;]","twitter_image":"https:\/\/vosgesinfo.fr\/app\/uploads\/sites\/4\/2026\/04\/resultats-22e-trail-des-roches-5.jpg","twitter_creator":"@VosgesInfo88","twitter_site":"@VosgesInfo88","twitter_misc":{"\u00c9crit par":"J.J.","Dur\u00e9e de lecture estim\u00e9e":"2 minutes"},"schema":{"@context":"https:\/\/schema.org","@graph":[{"@type":"Article","@id":"https:\/\/vosgesinfo.fr\/saintdieinfo\/2026\/04\/qui-sont-les-plus-rapides-a-avoir-franchi-la-ligne-darrivee-du-trail-des-roches\/#article","isPartOf":{"@id":"https:\/\/vosgesinfo.fr\/saintdieinfo\/2026\/04\/qui-sont-les-plus-rapides-a-avoir-franchi-la-ligne-darrivee-du-trail-des-roches\/"},"author":{"name":"J.J.","@id":"https:\/\/vosgesinfo.fr\/saintdieinfo\/#\/schema\/person\/fa73e9f726d67bb88f46d5b7943cb572"},"headline":"Qui sont les plus rapides \u00e0 avoir franchi la ligne d\u2019arriv\u00e9e du Trail des Roches ?","datePublished":"2026-04-27T08:03:08+00:00","dateModified":"2026-04-27T08:00:14+00:00","mainEntityOfPage":{"@id":"https:\/\/vosgesinfo.fr\/saintdieinfo\/2026\/04\/qui-sont-les-plus-rapides-a-avoir-franchi-la-ligne-darrivee-du-trail-des-roches\/"},"wordCount":302,"commentCount":0,"publisher":{"@id":"https:\/\/vosgesinfo.fr\/saintdieinfo\/#organization"},"image":{"@id":"https:\/\/vosgesinfo.fr\/saintdieinfo\/2026\/04\/qui-sont-les-plus-rapides-a-avoir-franchi-la-ligne-darrivee-du-trail-des-roches\/#primaryimage"},"thumbnailUrl":"https:\/\/vosgesinfo.fr\/app\/uploads\/sites\/4\/2026\/04\/resultats-22e-trail-des-roches-5.jpg","keywords":["course nature","D\u00e9odatie","Massif du Kemberg","r\u00e9sultats Trail des Roches","trail","Trail des Roches"],"articleSection":["A la Une","Saint-Di\u00e9-des-Vosges","Sport","Vosges"],"inLanguage":"fr-FR","potentialAction":[{"@type":"CommentAction","name":"Comment","target":["https:\/\/vosgesinfo.fr\/saintdieinfo\/2026\/04\/qui-sont-les-plus-rapides-a-avoir-franchi-la-ligne-darrivee-du-trail-des-roches\/#respond"]}]},{"@type":"WebPage","@id":"https:\/\/vosgesinfo.fr\/saintdieinfo\/2026\/04\/qui-sont-les-plus-rapides-a-avoir-franchi-la-ligne-darrivee-du-trail-des-roches\/","url":"https:\/\/vosgesinfo.fr\/saintdieinfo\/2026\/04\/qui-sont-les-plus-rapides-a-avoir-franchi-la-ligne-darrivee-du-trail-des-roches\/","name":"Qui sont les plus rapides \u00e0 avoir franchi la ligne d\u2019arriv\u00e9e du Trail des Roches ? - Saint Die Info","isPartOf":{"@id":"https:\/\/vosgesinfo.fr\/saintdieinfo\/#website"},"primaryImageOfPage":{"@id":"https:\/\/vosgesinfo.fr\/saintdieinfo\/2026\/04\/qui-sont-les-plus-rapides-a-avoir-franchi-la-ligne-darrivee-du-trail-des-roches\/#primaryimage"},"image":{"@id":"https:\/\/vosgesinfo.fr\/saintdieinfo\/2026\/04\/qui-sont-les-plus-rapides-a-avoir-franchi-la-ligne-darrivee-du-trail-des-roches\/#primaryimage"},"thumbnailUrl":"https:\/\/vosgesinfo.fr\/app\/uploads\/sites\/4\/2026\/04\/resultats-22e-trail-des-roches-5.jpg","datePublished":"2026-04-27T08:03:08+00:00","dateModified":"2026-04-27T08:00:14+00:00","breadcrumb":{"@id":"https:\/\/vosgesinfo.fr\/saintdieinfo\/2026\/04\/qui-sont-les-plus-rapides-a-avoir-franchi-la-ligne-darrivee-du-trail-des-roches\/#breadcrumb"},"inLanguage":"fr-FR","potentialAction":[{"@type":"ReadAction","target":["https:\/\/vosgesinfo.fr\/saintdieinfo\/2026\/04\/qui-sont-les-plus-rapides-a-avoir-franchi-la-ligne-darrivee-du-trail-des-roches\/"]}]},{"@type":"ImageObject","inLanguage":"fr-FR","@id":"https:\/\/vosgesinfo.fr\/saintdieinfo\/2026\/04\/qui-sont-les-plus-rapides-a-avoir-franchi-la-ligne-darrivee-du-trail-des-roches\/#primaryimage","url":"https:\/\/vosgesinfo.fr\/app\/uploads\/sites\/4\/2026\/04\/resultats-22e-trail-des-roches-5.jpg","contentUrl":"https:\/\/vosgesinfo.fr\/app\/uploads\/sites\/4\/2026\/04\/resultats-22e-trail-des-roches-5.jpg","width":1200,"height":800,"caption":"(Photographies Marc Fourniquet)"},{"@type":"BreadcrumbList","@id":"https:\/\/vosgesinfo.fr\/saintdieinfo\/2026\/04\/qui-sont-les-plus-rapides-a-avoir-franchi-la-ligne-darrivee-du-trail-des-roches\/#breadcrumb","itemListElement":[{"@type":"ListItem","position":1,"name":"Home","item":"https:\/\/vosgesinfo.fr\/saintdieinfo\/"},{"@type":"ListItem","position":2,"name":"Qui sont les plus rapides \u00e0 avoir franchi la ligne d\u2019arriv\u00e9e du Trail des Roches ?"}]},{"@type":"WebSite","@id":"https:\/\/vosgesinfo.fr\/saintdieinfo\/#website","url":"https:\/\/vosgesinfo.fr\/saintdieinfo\/","name":"Saint Die Info","description":"Toute l&#039;actualit\u00e9 de Saint-Di\u00e9-Des-Vosges","publisher":{"@id":"https:\/\/vosgesinfo.fr\/saintdieinfo\/#organization"},"alternateName":"Toute l'actualit\u00e9 de Saint-Di\u00e9-Des-Vosges","potentialAction":[{"@type":"SearchAction","target":{"@type":"EntryPoint","urlTemplate":"https:\/\/vosgesinfo.fr\/saintdieinfo\/?s={search_term_string}"},"query-input":"required name=search_term_string"}],"inLanguage":"fr-FR"},{"@type":"Organization","@id":"https:\/\/vosgesinfo.fr\/saintdieinfo\/#organization","name":"Saint Die Info","url":"https:\/\/vosgesinfo.fr\/saintdieinfo\/","logo":{"@type":"ImageObject","inLanguage":"fr-FR","@id":"https:\/\/vosgesinfo.fr\/saintdieinfo\/#\/schema\/logo\/image\/","url":"https:\/\/vosgesinfo.fr\/app\/uploads\/sites\/4\/2024\/02\/logo-sdi.jpg","contentUrl":"https:\/\/vosgesinfo.fr\/app\/uploads\/sites\/4\/2024\/02\/logo-sdi.jpg","width":600,"height":600,"caption":"Saint Die Info"},"image":{"@id":"https:\/\/vosgesinfo.fr\/saintdieinfo\/#\/schema\/logo\/image\/"},"sameAs":["https:\/\/www.facebook.com\/Saintdieinfofr","https:\/\/x.com\/VosgesInfo88","https:\/\/www.youtube.com\/@vosgesinfo"]},{"@type":"Person","@id":"https:\/\/vosgesinfo.fr\/saintdieinfo\/#\/schema\/person\/fa73e9f726d67bb88f46d5b7943cb572","name":"J.J.","image":{"@type":"ImageObject","inLanguage":"fr-FR","@id":"https:\/\/vosgesinfo.fr\/saintdieinfo\/#\/schema\/person\/image\/","url":"https:\/\/secure.gravatar.com\/avatar\/219e749e47ffbcca018a360ae4add7d4cdf1cdaaf8bc7676b27efade3fe65615?s=96&d=mm&r=g","contentUrl":"https:\/\/secure.gravatar.com\/avatar\/219e749e47ffbcca018a360ae4add7d4cdf1cdaaf8bc7676b27efade3fe65615?s=96&d=mm&r=g","caption":"J.J."},"url":"https:\/\/vosgesinfo.fr\/saintdieinfo\/author\/j-j\/"}]}},"_links":{"self":[{"href":"https:\/\/vosgesinfo.fr\/saintdieinfo\/wp-json\/wp\/v2\/posts\/90634","targetHints":{"allow":["GET"]}}],"collection":[{"href":"https:\/\/vosgesinfo.fr\/saintdieinfo\/wp-json\/wp\/v2\/posts"}],"about":[{"href":"https:\/\/vosgesinfo.fr\/saintdieinfo\/wp-json\/wp\/v2\/types\/post"}],"author":[{"embeddable":true,"href":"https:\/\/vosgesinfo.fr\/saintdieinfo\/wp-json\/wp\/v2\/users\/46"}],"replies":[{"embeddable":true,"href":"https:\/\/vosgesinfo.fr\/saintdieinfo\/wp-json\/wp\/v2\/comments?post=90634"}],"version-history":[{"count":2,"href":"https:\/\/vosgesinfo.fr\/saintdieinfo\/wp-json\/wp\/v2\/posts\/90634\/revisions"}],"predecessor-version":[{"id":90643,"href":"https:\/\/vosgesinfo.fr\/saintdieinfo\/wp-json\/wp\/v2\/posts\/90634\/revisions\/90643"}],"wp:featuredmedia":[{"embeddable":true,"href":"https:\/\/vosgesinfo.fr\/saintdieinfo\/wp-json\/wp\/v2\/media\/90639"}],"wp:attachment":[{"href":"https:\/\/vosgesinfo.fr\/saintdieinfo\/wp-json\/wp\/v2\/media?parent=90634"}],"wp:term":[{"taxonomy":"category","embeddable":true,"href":"https:\/\/vosgesinfo.fr\/saintdieinfo\/wp-json\/wp\/v2\/categories?post=90634"},{"taxonomy":"post_tag","embeddable":true,"href":"https:\/\/vosgesinfo.fr\/saintdieinfo\/wp-json\/wp\/v2\/tags?post=90634"}],"curies":[{"name":"wp","href":"https:\/\/api.w.org\/{rel}","templated":true}]}}