{"id":90652,"date":"2026-04-27T12:13:25","date_gmt":"2026-04-27T10:13:25","guid":{"rendered":"https:\/\/vosgesinfo.fr\/saintdieinfo\/?p=90652"},"modified":"2026-04-27T10:57:20","modified_gmt":"2026-04-27T08:57:20","slug":"mae-voinson-sacree-championne-de-france-espoir-du-10-000-metres","status":"publish","type":"post","link":"https:\/\/vosgesinfo.fr\/saintdieinfo\/2026\/04\/mae-voinson-sacree-championne-de-france-espoir-du-10-000-metres\/","title":{"rendered":"Ma\u00e9 Voinson sacr\u00e9e championne de France espoir du 10 000 m\u00e8tres"},"content":{"rendered":"<div id=\"attachment_90653\" style=\"width: 1034px\" class=\"wp-caption alignnone\"><a href=\"https:\/\/vosgesinfo.fr\/app\/uploads\/sites\/4\/2026\/04\/mae-voinson-championne-france-espoir-10k-1.jpg\"><img decoding=\"async\" aria-describedby=\"caption-attachment-90653\" class=\"size-large wp-image-90653\" src=\"https:\/\/vosgesinfo.fr\/app\/uploads\/sites\/4\/2026\/04\/mae-voinson-championne-france-espoir-10k-1-1024x683.jpg\" alt=\"\" width=\"1024\" height=\"683\" srcset=\"https:\/\/vosgesinfo.fr\/app\/uploads\/sites\/4\/2026\/04\/mae-voinson-championne-france-espoir-10k-1-1024x683.jpg 1024w, https:\/\/vosgesinfo.fr\/app\/uploads\/sites\/4\/2026\/04\/mae-voinson-championne-france-espoir-10k-1-300x200.jpg 300w, https:\/\/vosgesinfo.fr\/app\/uploads\/sites\/4\/2026\/04\/mae-voinson-championne-france-espoir-10k-1-768x512.jpg 768w, https:\/\/vosgesinfo.fr\/app\/uploads\/sites\/4\/2026\/04\/mae-voinson-championne-france-espoir-10k-1.jpg 1440w\" sizes=\"(max-width: 1024px) 100vw, 1024px\" \/><\/a><p id=\"caption-attachment-90653\" class=\"wp-caption-text\">(Photographies ACHM)<\/p><\/div>\n<h2>Le samedi 11 avril, <strong>Ma\u00e9 Voinson<\/strong> a d\u00e9croch\u00e9 le titre de <strong>championne de France espoir du 10 000 m\u00e8tres<\/strong> sur la piste d\u2019<strong>Aix-les-Bains<\/strong>. Un nouveau titre national qui s\u2019ajoute \u00e0 son d\u00e9j\u00e0 beau palmar\u00e8s.<\/h2>\n<p><!--more--><\/p>\n<h3><strong>Un titre national sur 10 000 m\u00e8tres<\/strong><\/h3>\n<p>Engag\u00e9e aux <strong>Championnats de France de 10 000 m\u00e8tres<\/strong>, l\u2019athl\u00e8te de l\u2019<strong>Athl\u00e9tique Club de la Haute-Meurthe \u2013 ACHM \u2013<\/strong> a remport\u00e9 la <strong>m\u00e9daille d\u2019or<\/strong> dans sa cat\u00e9gorie avec un chrono de <strong>37\u201921<\/strong>. Une performance qui confirme sa r\u00e9gularit\u00e9 sur cette distance.<\/p>\n<h3><strong>Une confirmation apr\u00e8s son titre junior<\/strong><\/h3>\n<p>Pour rappel, Ma\u00e9 Voinson avait \u00e9t\u00e9 sacr\u00e9e <strong>championne de France juniore<\/strong> l\u2019an dernier, d\u00e9j\u00e0 sur <strong>10 000 m\u00e8tres<\/strong>. Avec ce nouveau titre chez les <strong>espoirs<\/strong>, elle poursuit sa progression au niveau national.<\/p>\n<p>Une nouvelle m\u00e9daille qui repr\u00e9sente une grande fiert\u00e9 pour l\u2019ensemble de l\u2019Athl\u00e9tique Club de la Haute-Meurthe.<\/p>\n<p><a href=\"https:\/\/vosgesinfo.fr\/app\/uploads\/sites\/4\/2026\/04\/mae-voinson-championne-france-espoir-10k-2.jpg\"><img decoding=\"async\" class=\"alignnone size-large wp-image-90654\" src=\"https:\/\/vosgesinfo.fr\/app\/uploads\/sites\/4\/2026\/04\/mae-voinson-championne-france-espoir-10k-2-1024x683.jpg\" alt=\"\" width=\"1024\" height=\"683\" srcset=\"https:\/\/vosgesinfo.fr\/app\/uploads\/sites\/4\/2026\/04\/mae-voinson-championne-france-espoir-10k-2-1024x683.jpg 1024w, https:\/\/vosgesinfo.fr\/app\/uploads\/sites\/4\/2026\/04\/mae-voinson-championne-france-espoir-10k-2-300x200.jpg 300w, https:\/\/vosgesinfo.fr\/app\/uploads\/sites\/4\/2026\/04\/mae-voinson-championne-france-espoir-10k-2-768x512.jpg 768w, https:\/\/vosgesinfo.fr\/app\/uploads\/sites\/4\/2026\/04\/mae-voinson-championne-france-espoir-10k-2.jpg 1440w\" sizes=\"(max-width: 1024px) 100vw, 1024px\" \/><\/a><\/p>\n","protected":false},"excerpt":{"rendered":"<p>Le samedi 11 avril, Ma\u00e9 Voinson a d\u00e9croch\u00e9 le titre de championne de France espoir du 10 000 m\u00e8tres sur [&hellip;]<\/p>\n","protected":false},"author":46,"featured_media":90653,"comment_status":"open","ping_status":"open","sticky":false,"template":"","format":"standard","meta":{"footnotes":""},"categories":[460,2915,14],"tags":[21418,3778,21420,3855,21419,3780],"class_list":["post-90652","post","type-post","status-publish","format-standard","has-post-thumbnail","hentry","category-a-la-une","category-saint-die-son-canton","category-sport","tag-10-000-metres","tag-achm","tag-aix-les-bains","tag-athletique-club-de-la-haute-meurthe","tag-championne-de-france","tag-mae-voinson"],"acf":[],"yoast_head":"<!-- This site is optimized with the Yoast SEO plugin v22.5 - https:\/\/yoast.com\/wordpress\/plugins\/seo\/ -->\n<title>Ma\u00e9 Voinson sacr\u00e9e championne de France espoir du 10 000 m\u00e8tres - Saint Die Info<\/title>\n<meta name=\"robots\" content=\"index, follow, max-snippet:-1, max-image-preview:large, max-video-preview:-1\" \/>\n<link rel=\"canonical\" href=\"https:\/\/vosgesinfo.fr\/saintdieinfo\/2026\/04\/mae-voinson-sacree-championne-de-france-espoir-du-10-000-metres\/\" \/>\n<meta name=\"twitter:card\" content=\"summary_large_image\" \/>\n<meta name=\"twitter:title\" content=\"Ma\u00e9 Voinson sacr\u00e9e championne de France espoir du 10 000 m\u00e8tres - Saint Die Info\" \/>\n<meta name=\"twitter:description\" content=\"Le samedi 11 avril, Ma\u00e9 Voinson a d\u00e9croch\u00e9 le titre de championne de France espoir du 10 000 m\u00e8tres sur [&hellip;]\" \/>\n<meta name=\"twitter:image\" content=\"https:\/\/vosgesinfo.fr\/app\/uploads\/sites\/4\/2026\/04\/mae-voinson-championne-france-espoir-10k-1.jpg\" \/>\n<meta name=\"twitter:creator\" content=\"@VosgesInfo88\" \/>\n<meta name=\"twitter:site\" content=\"@VosgesInfo88\" \/>\n<meta name=\"twitter:label1\" content=\"\u00c9crit par\" \/>\n\t<meta name=\"twitter:data1\" content=\"J.J.\" \/>\n\t<meta name=\"twitter:label2\" content=\"Dur\u00e9e de lecture estim\u00e9e\" \/>\n\t<meta name=\"twitter:data2\" content=\"2 minutes\" \/>\n<script type=\"application\/ld+json\" class=\"yoast-schema-graph\">{\"@context\":\"https:\/\/schema.org\",\"@graph\":[{\"@type\":\"Article\",\"@id\":\"https:\/\/vosgesinfo.fr\/saintdieinfo\/2026\/04\/mae-voinson-sacree-championne-de-france-espoir-du-10-000-metres\/#article\",\"isPartOf\":{\"@id\":\"https:\/\/vosgesinfo.fr\/saintdieinfo\/2026\/04\/mae-voinson-sacree-championne-de-france-espoir-du-10-000-metres\/\"},\"author\":{\"name\":\"J.J.\",\"@id\":\"https:\/\/vosgesinfo.fr\/saintdieinfo\/#\/schema\/person\/fa73e9f726d67bb88f46d5b7943cb572\"},\"headline\":\"Ma\u00e9 Voinson sacr\u00e9e championne de France espoir du 10 000 m\u00e8tres\",\"datePublished\":\"2026-04-27T10:13:25+00:00\",\"dateModified\":\"2026-04-27T08:57:20+00:00\",\"mainEntityOfPage\":{\"@id\":\"https:\/\/vosgesinfo.fr\/saintdieinfo\/2026\/04\/mae-voinson-sacree-championne-de-france-espoir-du-10-000-metres\/\"},\"wordCount\":170,\"commentCount\":0,\"publisher\":{\"@id\":\"https:\/\/vosgesinfo.fr\/saintdieinfo\/#organization\"},\"image\":{\"@id\":\"https:\/\/vosgesinfo.fr\/saintdieinfo\/2026\/04\/mae-voinson-sacree-championne-de-france-espoir-du-10-000-metres\/#primaryimage\"},\"thumbnailUrl\":\"https:\/\/vosgesinfo.fr\/app\/uploads\/sites\/4\/2026\/04\/mae-voinson-championne-france-espoir-10k-1.jpg\",\"keywords\":[\"10 000 m\u00e8tres\",\"ACHM\",\"Aix-les-Bains\",\"Athl\u00e9tique Club de la Haute-Meurthe\",\"championne de France\",\"Ma\u00e9 Voinson\"],\"articleSection\":[\"A la Une\",\"Saint-Di\u00e9-des-Vosges et son Agglom\u00e9ration\",\"Sport\"],\"inLanguage\":\"fr-FR\",\"potentialAction\":[{\"@type\":\"CommentAction\",\"name\":\"Comment\",\"target\":[\"https:\/\/vosgesinfo.fr\/saintdieinfo\/2026\/04\/mae-voinson-sacree-championne-de-france-espoir-du-10-000-metres\/#respond\"]}]},{\"@type\":\"WebPage\",\"@id\":\"https:\/\/vosgesinfo.fr\/saintdieinfo\/2026\/04\/mae-voinson-sacree-championne-de-france-espoir-du-10-000-metres\/\",\"url\":\"https:\/\/vosgesinfo.fr\/saintdieinfo\/2026\/04\/mae-voinson-sacree-championne-de-france-espoir-du-10-000-metres\/\",\"name\":\"Ma\u00e9 Voinson sacr\u00e9e championne de France espoir du 10 000 m\u00e8tres - Saint Die Info\",\"isPartOf\":{\"@id\":\"https:\/\/vosgesinfo.fr\/saintdieinfo\/#website\"},\"primaryImageOfPage\":{\"@id\":\"https:\/\/vosgesinfo.fr\/saintdieinfo\/2026\/04\/mae-voinson-sacree-championne-de-france-espoir-du-10-000-metres\/#primaryimage\"},\"image\":{\"@id\":\"https:\/\/vosgesinfo.fr\/saintdieinfo\/2026\/04\/mae-voinson-sacree-championne-de-france-espoir-du-10-000-metres\/#primaryimage\"},\"thumbnailUrl\":\"https:\/\/vosgesinfo.fr\/app\/uploads\/sites\/4\/2026\/04\/mae-voinson-championne-france-espoir-10k-1.jpg\",\"datePublished\":\"2026-04-27T10:13:25+00:00\",\"dateModified\":\"2026-04-27T08:57:20+00:00\",\"breadcrumb\":{\"@id\":\"https:\/\/vosgesinfo.fr\/saintdieinfo\/2026\/04\/mae-voinson-sacree-championne-de-france-espoir-du-10-000-metres\/#breadcrumb\"},\"inLanguage\":\"fr-FR\",\"potentialAction\":[{\"@type\":\"ReadAction\",\"target\":[\"https:\/\/vosgesinfo.fr\/saintdieinfo\/2026\/04\/mae-voinson-sacree-championne-de-france-espoir-du-10-000-metres\/\"]}]},{\"@type\":\"ImageObject\",\"inLanguage\":\"fr-FR\",\"@id\":\"https:\/\/vosgesinfo.fr\/saintdieinfo\/2026\/04\/mae-voinson-sacree-championne-de-france-espoir-du-10-000-metres\/#primaryimage\",\"url\":\"https:\/\/vosgesinfo.fr\/app\/uploads\/sites\/4\/2026\/04\/mae-voinson-championne-france-espoir-10k-1.jpg\",\"contentUrl\":\"https:\/\/vosgesinfo.fr\/app\/uploads\/sites\/4\/2026\/04\/mae-voinson-championne-france-espoir-10k-1.jpg\",\"width\":1440,\"height\":960,\"caption\":\"(Photographies ACHM)\"},{\"@type\":\"BreadcrumbList\",\"@id\":\"https:\/\/vosgesinfo.fr\/saintdieinfo\/2026\/04\/mae-voinson-sacree-championne-de-france-espoir-du-10-000-metres\/#breadcrumb\",\"itemListElement\":[{\"@type\":\"ListItem\",\"position\":1,\"name\":\"Home\",\"item\":\"https:\/\/vosgesinfo.fr\/saintdieinfo\/\"},{\"@type\":\"ListItem\",\"position\":2,\"name\":\"Ma\u00e9 Voinson sacr\u00e9e championne de France espoir du 10 000 m\u00e8tres\"}]},{\"@type\":\"WebSite\",\"@id\":\"https:\/\/vosgesinfo.fr\/saintdieinfo\/#website\",\"url\":\"https:\/\/vosgesinfo.fr\/saintdieinfo\/\",\"name\":\"Saint Die Info\",\"description\":\"Toute l&#039;actualit\u00e9 de Saint-Di\u00e9-Des-Vosges\",\"publisher\":{\"@id\":\"https:\/\/vosgesinfo.fr\/saintdieinfo\/#organization\"},\"alternateName\":\"Toute l'actualit\u00e9 de Saint-Di\u00e9-Des-Vosges\",\"potentialAction\":[{\"@type\":\"SearchAction\",\"target\":{\"@type\":\"EntryPoint\",\"urlTemplate\":\"https:\/\/vosgesinfo.fr\/saintdieinfo\/?s={search_term_string}\"},\"query-input\":\"required name=search_term_string\"}],\"inLanguage\":\"fr-FR\"},{\"@type\":\"Organization\",\"@id\":\"https:\/\/vosgesinfo.fr\/saintdieinfo\/#organization\",\"name\":\"Saint Die Info\",\"url\":\"https:\/\/vosgesinfo.fr\/saintdieinfo\/\",\"logo\":{\"@type\":\"ImageObject\",\"inLanguage\":\"fr-FR\",\"@id\":\"https:\/\/vosgesinfo.fr\/saintdieinfo\/#\/schema\/logo\/image\/\",\"url\":\"https:\/\/vosgesinfo.fr\/app\/uploads\/sites\/4\/2024\/02\/logo-sdi.jpg\",\"contentUrl\":\"https:\/\/vosgesinfo.fr\/app\/uploads\/sites\/4\/2024\/02\/logo-sdi.jpg\",\"width\":600,\"height\":600,\"caption\":\"Saint Die Info\"},\"image\":{\"@id\":\"https:\/\/vosgesinfo.fr\/saintdieinfo\/#\/schema\/logo\/image\/\"},\"sameAs\":[\"https:\/\/www.facebook.com\/Saintdieinfofr\",\"https:\/\/x.com\/VosgesInfo88\",\"https:\/\/www.youtube.com\/@vosgesinfo\"]},{\"@type\":\"Person\",\"@id\":\"https:\/\/vosgesinfo.fr\/saintdieinfo\/#\/schema\/person\/fa73e9f726d67bb88f46d5b7943cb572\",\"name\":\"J.J.\",\"image\":{\"@type\":\"ImageObject\",\"inLanguage\":\"fr-FR\",\"@id\":\"https:\/\/vosgesinfo.fr\/saintdieinfo\/#\/schema\/person\/image\/\",\"url\":\"https:\/\/secure.gravatar.com\/avatar\/219e749e47ffbcca018a360ae4add7d4cdf1cdaaf8bc7676b27efade3fe65615?s=96&d=mm&r=g\",\"contentUrl\":\"https:\/\/secure.gravatar.com\/avatar\/219e749e47ffbcca018a360ae4add7d4cdf1cdaaf8bc7676b27efade3fe65615?s=96&d=mm&r=g\",\"caption\":\"J.J.\"},\"url\":\"https:\/\/vosgesinfo.fr\/saintdieinfo\/author\/j-j\/\"}]}<\/script>\n<!-- \/ Yoast SEO plugin. -->","yoast_head_json":{"title":"Ma\u00e9 Voinson sacr\u00e9e championne de France espoir du 10 000 m\u00e8tres - Saint Die Info","robots":{"index":"index","follow":"follow","max-snippet":"max-snippet:-1","max-image-preview":"max-image-preview:large","max-video-preview":"max-video-preview:-1"},"canonical":"https:\/\/vosgesinfo.fr\/saintdieinfo\/2026\/04\/mae-voinson-sacree-championne-de-france-espoir-du-10-000-metres\/","twitter_card":"summary_large_image","twitter_title":"Ma\u00e9 Voinson sacr\u00e9e championne de France espoir du 10 000 m\u00e8tres - Saint Die Info","twitter_description":"Le samedi 11 avril, Ma\u00e9 Voinson a d\u00e9croch\u00e9 le titre de championne de France espoir du 10 000 m\u00e8tres sur [&hellip;]","twitter_image":"https:\/\/vosgesinfo.fr\/app\/uploads\/sites\/4\/2026\/04\/mae-voinson-championne-france-espoir-10k-1.jpg","twitter_creator":"@VosgesInfo88","twitter_site":"@VosgesInfo88","twitter_misc":{"\u00c9crit par":"J.J.","Dur\u00e9e de lecture estim\u00e9e":"2 minutes"},"schema":{"@context":"https:\/\/schema.org","@graph":[{"@type":"Article","@id":"https:\/\/vosgesinfo.fr\/saintdieinfo\/2026\/04\/mae-voinson-sacree-championne-de-france-espoir-du-10-000-metres\/#article","isPartOf":{"@id":"https:\/\/vosgesinfo.fr\/saintdieinfo\/2026\/04\/mae-voinson-sacree-championne-de-france-espoir-du-10-000-metres\/"},"author":{"name":"J.J.","@id":"https:\/\/vosgesinfo.fr\/saintdieinfo\/#\/schema\/person\/fa73e9f726d67bb88f46d5b7943cb572"},"headline":"Ma\u00e9 Voinson sacr\u00e9e championne de France espoir du 10 000 m\u00e8tres","datePublished":"2026-04-27T10:13:25+00:00","dateModified":"2026-04-27T08:57:20+00:00","mainEntityOfPage":{"@id":"https:\/\/vosgesinfo.fr\/saintdieinfo\/2026\/04\/mae-voinson-sacree-championne-de-france-espoir-du-10-000-metres\/"},"wordCount":170,"commentCount":0,"publisher":{"@id":"https:\/\/vosgesinfo.fr\/saintdieinfo\/#organization"},"image":{"@id":"https:\/\/vosgesinfo.fr\/saintdieinfo\/2026\/04\/mae-voinson-sacree-championne-de-france-espoir-du-10-000-metres\/#primaryimage"},"thumbnailUrl":"https:\/\/vosgesinfo.fr\/app\/uploads\/sites\/4\/2026\/04\/mae-voinson-championne-france-espoir-10k-1.jpg","keywords":["10 000 m\u00e8tres","ACHM","Aix-les-Bains","Athl\u00e9tique Club de la Haute-Meurthe","championne de France","Ma\u00e9 Voinson"],"articleSection":["A la Une","Saint-Di\u00e9-des-Vosges et son Agglom\u00e9ration","Sport"],"inLanguage":"fr-FR","potentialAction":[{"@type":"CommentAction","name":"Comment","target":["https:\/\/vosgesinfo.fr\/saintdieinfo\/2026\/04\/mae-voinson-sacree-championne-de-france-espoir-du-10-000-metres\/#respond"]}]},{"@type":"WebPage","@id":"https:\/\/vosgesinfo.fr\/saintdieinfo\/2026\/04\/mae-voinson-sacree-championne-de-france-espoir-du-10-000-metres\/","url":"https:\/\/vosgesinfo.fr\/saintdieinfo\/2026\/04\/mae-voinson-sacree-championne-de-france-espoir-du-10-000-metres\/","name":"Ma\u00e9 Voinson sacr\u00e9e championne de France espoir du 10 000 m\u00e8tres - Saint Die Info","isPartOf":{"@id":"https:\/\/vosgesinfo.fr\/saintdieinfo\/#website"},"primaryImageOfPage":{"@id":"https:\/\/vosgesinfo.fr\/saintdieinfo\/2026\/04\/mae-voinson-sacree-championne-de-france-espoir-du-10-000-metres\/#primaryimage"},"image":{"@id":"https:\/\/vosgesinfo.fr\/saintdieinfo\/2026\/04\/mae-voinson-sacree-championne-de-france-espoir-du-10-000-metres\/#primaryimage"},"thumbnailUrl":"https:\/\/vosgesinfo.fr\/app\/uploads\/sites\/4\/2026\/04\/mae-voinson-championne-france-espoir-10k-1.jpg","datePublished":"2026-04-27T10:13:25+00:00","dateModified":"2026-04-27T08:57:20+00:00","breadcrumb":{"@id":"https:\/\/vosgesinfo.fr\/saintdieinfo\/2026\/04\/mae-voinson-sacree-championne-de-france-espoir-du-10-000-metres\/#breadcrumb"},"inLanguage":"fr-FR","potentialAction":[{"@type":"ReadAction","target":["https:\/\/vosgesinfo.fr\/saintdieinfo\/2026\/04\/mae-voinson-sacree-championne-de-france-espoir-du-10-000-metres\/"]}]},{"@type":"ImageObject","inLanguage":"fr-FR","@id":"https:\/\/vosgesinfo.fr\/saintdieinfo\/2026\/04\/mae-voinson-sacree-championne-de-france-espoir-du-10-000-metres\/#primaryimage","url":"https:\/\/vosgesinfo.fr\/app\/uploads\/sites\/4\/2026\/04\/mae-voinson-championne-france-espoir-10k-1.jpg","contentUrl":"https:\/\/vosgesinfo.fr\/app\/uploads\/sites\/4\/2026\/04\/mae-voinson-championne-france-espoir-10k-1.jpg","width":1440,"height":960,"caption":"(Photographies ACHM)"},{"@type":"BreadcrumbList","@id":"https:\/\/vosgesinfo.fr\/saintdieinfo\/2026\/04\/mae-voinson-sacree-championne-de-france-espoir-du-10-000-metres\/#breadcrumb","itemListElement":[{"@type":"ListItem","position":1,"name":"Home","item":"https:\/\/vosgesinfo.fr\/saintdieinfo\/"},{"@type":"ListItem","position":2,"name":"Ma\u00e9 Voinson sacr\u00e9e championne de France espoir du 10 000 m\u00e8tres"}]},{"@type":"WebSite","@id":"https:\/\/vosgesinfo.fr\/saintdieinfo\/#website","url":"https:\/\/vosgesinfo.fr\/saintdieinfo\/","name":"Saint Die Info","description":"Toute l&#039;actualit\u00e9 de Saint-Di\u00e9-Des-Vosges","publisher":{"@id":"https:\/\/vosgesinfo.fr\/saintdieinfo\/#organization"},"alternateName":"Toute l'actualit\u00e9 de Saint-Di\u00e9-Des-Vosges","potentialAction":[{"@type":"SearchAction","target":{"@type":"EntryPoint","urlTemplate":"https:\/\/vosgesinfo.fr\/saintdieinfo\/?s={search_term_string}"},"query-input":"required name=search_term_string"}],"inLanguage":"fr-FR"},{"@type":"Organization","@id":"https:\/\/vosgesinfo.fr\/saintdieinfo\/#organization","name":"Saint Die Info","url":"https:\/\/vosgesinfo.fr\/saintdieinfo\/","logo":{"@type":"ImageObject","inLanguage":"fr-FR","@id":"https:\/\/vosgesinfo.fr\/saintdieinfo\/#\/schema\/logo\/image\/","url":"https:\/\/vosgesinfo.fr\/app\/uploads\/sites\/4\/2024\/02\/logo-sdi.jpg","contentUrl":"https:\/\/vosgesinfo.fr\/app\/uploads\/sites\/4\/2024\/02\/logo-sdi.jpg","width":600,"height":600,"caption":"Saint Die Info"},"image":{"@id":"https:\/\/vosgesinfo.fr\/saintdieinfo\/#\/schema\/logo\/image\/"},"sameAs":["https:\/\/www.facebook.com\/Saintdieinfofr","https:\/\/x.com\/VosgesInfo88","https:\/\/www.youtube.com\/@vosgesinfo"]},{"@type":"Person","@id":"https:\/\/vosgesinfo.fr\/saintdieinfo\/#\/schema\/person\/fa73e9f726d67bb88f46d5b7943cb572","name":"J.J.","image":{"@type":"ImageObject","inLanguage":"fr-FR","@id":"https:\/\/vosgesinfo.fr\/saintdieinfo\/#\/schema\/person\/image\/","url":"https:\/\/secure.gravatar.com\/avatar\/219e749e47ffbcca018a360ae4add7d4cdf1cdaaf8bc7676b27efade3fe65615?s=96&d=mm&r=g","contentUrl":"https:\/\/secure.gravatar.com\/avatar\/219e749e47ffbcca018a360ae4add7d4cdf1cdaaf8bc7676b27efade3fe65615?s=96&d=mm&r=g","caption":"J.J."},"url":"https:\/\/vosgesinfo.fr\/saintdieinfo\/author\/j-j\/"}]}},"_links":{"self":[{"href":"https:\/\/vosgesinfo.fr\/saintdieinfo\/wp-json\/wp\/v2\/posts\/90652","targetHints":{"allow":["GET"]}}],"collection":[{"href":"https:\/\/vosgesinfo.fr\/saintdieinfo\/wp-json\/wp\/v2\/posts"}],"about":[{"href":"https:\/\/vosgesinfo.fr\/saintdieinfo\/wp-json\/wp\/v2\/types\/post"}],"author":[{"embeddable":true,"href":"https:\/\/vosgesinfo.fr\/saintdieinfo\/wp-json\/wp\/v2\/users\/46"}],"replies":[{"embeddable":true,"href":"https:\/\/vosgesinfo.fr\/saintdieinfo\/wp-json\/wp\/v2\/comments?post=90652"}],"version-history":[{"count":1,"href":"https:\/\/vosgesinfo.fr\/saintdieinfo\/wp-json\/wp\/v2\/posts\/90652\/revisions"}],"predecessor-version":[{"id":90663,"href":"https:\/\/vosgesinfo.fr\/saintdieinfo\/wp-json\/wp\/v2\/posts\/90652\/revisions\/90663"}],"wp:featuredmedia":[{"embeddable":true,"href":"https:\/\/vosgesinfo.fr\/saintdieinfo\/wp-json\/wp\/v2\/media\/90653"}],"wp:attachment":[{"href":"https:\/\/vosgesinfo.fr\/saintdieinfo\/wp-json\/wp\/v2\/media?parent=90652"}],"wp:term":[{"taxonomy":"category","embeddable":true,"href":"https:\/\/vosgesinfo.fr\/saintdieinfo\/wp-json\/wp\/v2\/categories?post=90652"},{"taxonomy":"post_tag","embeddable":true,"href":"https:\/\/vosgesinfo.fr\/saintdieinfo\/wp-json\/wp\/v2\/tags?post=90652"}],"curies":[{"name":"wp","href":"https:\/\/api.w.org\/{rel}","templated":true}]}}