{"id":90661,"date":"2026-04-27T10:21:11","date_gmt":"2026-04-27T08:21:11","guid":{"rendered":"https:\/\/vosgesinfo.fr\/saintdieinfo\/2026\/04\/sacres-champions-du-monde-de-ballet-sur-glace-les-euphorink-de-retour-a-epinal-ce-dimanche\/"},"modified":"2026-04-27T10:21:11","modified_gmt":"2026-04-27T08:21:11","slug":"sacres-champions-du-monde-de-ballet-sur-glace-les-euphorink-de-retour-a-epinal-ce-dimanche","status":"publish","type":"post","link":"https:\/\/vosgesinfo.fr\/saintdieinfo\/2026\/04\/sacres-champions-du-monde-de-ballet-sur-glace-les-euphorink-de-retour-a-epinal-ce-dimanche\/","title":{"rendered":"Sacr\u00e9s champions du monde de ballet sur glace, les Eupho\u2019Rink de retour \u00e0 \u00c9pinal ce dimanche"},"content":{"rendered":"<h2 data-start=\"129\" data-end=\"523\"><strong><a href=\"https:\/\/vosgesinfo.fr\/app\/uploads\/sites\/3\/2026\/04\/ballet-patinage-sur-glace.96jpg.jpg\"><img decoding=\"async\" class=\"aligncenter size-full wp-image-142039\" src=\"https:\/\/vosgesinfo.fr\/app\/uploads\/sites\/3\/2026\/04\/ballet-patinage-sur-glace.96jpg.jpg\" alt=\"\" width=\"1600\" height=\"1066\" \/><\/a>C\u2019est un retour triomphal \u00e0 <span class=\"hover:entity-accent entity-underline inline cursor-pointer align-baseline\"><span class=\"whitespace-normal\">\u00c9pinal !<\/span><\/span> Sacr\u00e9s champions du monde de ballet sur glace, les Eupho\u2019Rink, repr\u00e9sentants du <span class=\"hover:entity-accent entity-underline inline cursor-pointer align-baseline\"><span class=\"whitespace-normal\">Club Patinage sur Glace d\u2019\u00c9pinal<\/span><\/span>, reviennent aur\u00e9ol\u00e9s d\u2019un titre prestigieux conquis face \u00e0 une concurrence internationale relev\u00e9e. Une performance exceptionnelle qui marque l\u2019histoire du club et du patinage artistique fran\u00e7ais.<\/strong><\/h2>\n<p data-start=\"525\" data-end=\"937\">Face \u00e0 des \u00e9quipes venues des quatre coins du monde, les Spinaliens ont su se hisser au sommet gr\u00e2ce \u00e0 une prestation d\u2019une rare intensit\u00e9. Leur programme, salu\u00e9 unanimement par les juges, a brillamment m\u00eal\u00e9 pr\u00e9cision technique, cr\u00e9ativit\u00e9 chor\u00e9graphique et puissance \u00e9motionnelle. Une combinaison gagnante qui leur a permis de d\u00e9crocher la premi\u00e8re place et de monter sur la plus haute marche du podium mondial.<\/p>\n<p data-start=\"939\" data-end=\"1321\">Sur la glace am\u00e9ricaine, les 18 filles et 3 gar\u00e7ons composant l\u2019\u00e9quipe ont livr\u00e9 une performance parfaitement ma\u00eetris\u00e9e. Derri\u00e8re ces quelques minutes de gr\u00e2ce se cachent de longs mois de pr\u00e9paration, faits d\u2019exigence, de rigueur et d\u2019un travail collectif sans rel\u00e2che. Dans une discipline o\u00f9 chaque d\u00e9tail compte, leur coh\u00e9sion et leur engagement ont clairement fait la diff\u00e9rence.<\/p>\n<p data-start=\"1323\" data-end=\"1649\">Ce sacre vient r\u00e9compenser un investissement total, port\u00e9 par un encadrement attentif et un soutien constant du club, des partenaires et de tout un territoire. Les Eupho\u2019Rink ont ainsi port\u00e9 haut les couleurs de <span class=\"hover:entity-accent entity-underline inline cursor-pointer align-baseline\"><span class=\"whitespace-normal\">les Vosges<\/span><\/span> et de la France sur la sc\u00e8ne internationale, suscitant fiert\u00e9 et admiration.<\/p>\n<p data-start=\"1651\" data-end=\"1962\">Au-del\u00e0 du r\u00e9sultat sportif, ce titre mondial illustre \u00e9galement la vitalit\u00e9 du patinage artistique \u00e0 <span class=\"hover:entity-accent entity-underline inline cursor-pointer align-baseline\"><span class=\"whitespace-normal\">\u00c9pinal<\/span><\/span>. Une discipline exigeante o\u00f9 la performance technique rencontre l\u2019expression artistique, et dans laquelle les Eupho\u2019Rink s\u2019imposent d\u00e9sormais comme une r\u00e9f\u00e9rence mondiale.<\/p>\n<p data-start=\"1964\" data-end=\"2125\" data-is-last-node=\"\" data-is-only-node=\"\">Leur retour ce dimanche \u00e9tait un moment fort, \u00e0 la hauteur de leur exploit : celui d\u2019une \u00e9quipe soud\u00e9e, passionn\u00e9e et d\u00e9sormais entr\u00e9e dans la l\u00e9gende.<\/p>\n\n\t\t<style type=\"text\/css\">\n\t\t\t#gallery-1 {\n\t\t\t\tmargin: auto;\n\t\t\t}\n\t\t\t#gallery-1 .gallery-item {\n\t\t\t\tfloat: left;\n\t\t\t\tmargin-top: 10px;\n\t\t\t\ttext-align: center;\n\t\t\t\twidth: 33%;\n\t\t\t}\n\t\t\t#gallery-1 img {\n\t\t\t\tborder: 2px solid #cfcfcf;\n\t\t\t}\n\t\t\t#gallery-1 .gallery-caption {\n\t\t\t\tmargin-left: 0;\n\t\t\t}\n\t\t\t\/* see gallery_shortcode() in wp-includes\/media.php *\/\n\t\t<\/style>\n\t\t<div id='gallery-1' class='gallery galleryid-90661 gallery-columns-3 gallery-size-thumbnail'><dl class='gallery-item'>\n\t\t\t<dt class='gallery-icon landscape'>\n\t\t\t\t<a href='https:\/\/vosgesinfo.fr\/app\/uploads\/sites\/4\/2026\/04\/ballet-patinage-sur-glace.jpg'><img decoding=\"async\" width=\"150\" height=\"150\" src=\"https:\/\/vosgesinfo.fr\/app\/uploads\/sites\/4\/2026\/04\/ballet-patinage-sur-glace-150x150.jpg\" class=\"attachment-thumbnail size-thumbnail\" alt=\"\" \/><\/a>\n\t\t\t<\/dt><\/dl><dl class='gallery-item'>\n\t\t\t<dt class='gallery-icon landscape'>\n\t\t\t\t<a href='https:\/\/vosgesinfo.fr\/app\/uploads\/sites\/4\/2026\/04\/ballet-patinage-sur-glace.2jpg.jpg'><img decoding=\"async\" width=\"150\" height=\"150\" src=\"https:\/\/vosgesinfo.fr\/app\/uploads\/sites\/4\/2026\/04\/ballet-patinage-sur-glace.2jpg-150x150.jpg\" class=\"attachment-thumbnail size-thumbnail\" alt=\"\" \/><\/a>\n\t\t\t<\/dt><\/dl><dl class='gallery-item'>\n\t\t\t<dt class='gallery-icon landscape'>\n\t\t\t\t<a href='https:\/\/vosgesinfo.fr\/app\/uploads\/sites\/4\/2026\/04\/ballet-patinage-sur-glace.3jpg.jpg'><img decoding=\"async\" width=\"150\" height=\"150\" src=\"https:\/\/vosgesinfo.fr\/app\/uploads\/sites\/4\/2026\/04\/ballet-patinage-sur-glace.3jpg-150x150.jpg\" class=\"attachment-thumbnail size-thumbnail\" alt=\"\" \/><\/a>\n\t\t\t<\/dt><\/dl><br style=\"clear: both\" \/><dl class='gallery-item'>\n\t\t\t<dt class='gallery-icon landscape'>\n\t\t\t\t<a href='https:\/\/vosgesinfo.fr\/app\/uploads\/sites\/4\/2026\/04\/ballet-patinage-sur-glace.5jpg.jpg'><img decoding=\"async\" width=\"150\" height=\"150\" src=\"https:\/\/vosgesinfo.fr\/app\/uploads\/sites\/4\/2026\/04\/ballet-patinage-sur-glace.5jpg-150x150.jpg\" class=\"attachment-thumbnail size-thumbnail\" alt=\"\" \/><\/a>\n\t\t\t<\/dt><\/dl><dl class='gallery-item'>\n\t\t\t<dt class='gallery-icon landscape'>\n\t\t\t\t<a href='https:\/\/vosgesinfo.fr\/app\/uploads\/sites\/4\/2026\/04\/ballet-patinage-sur-glace.49pg.jpg'><img decoding=\"async\" width=\"150\" height=\"150\" src=\"https:\/\/vosgesinfo.fr\/app\/uploads\/sites\/4\/2026\/04\/ballet-patinage-sur-glace.49pg-150x150.jpg\" class=\"attachment-thumbnail size-thumbnail\" alt=\"\" \/><\/a>\n\t\t\t<\/dt><\/dl><dl class='gallery-item'>\n\t\t\t<dt class='gallery-icon landscape'>\n\t\t\t\t<a href='https:\/\/vosgesinfo.fr\/app\/uploads\/sites\/4\/2026\/04\/ballet-patinage-sur-glace.96jpg-1.jpg'><img decoding=\"async\" width=\"150\" height=\"150\" src=\"https:\/\/vosgesinfo.fr\/app\/uploads\/sites\/4\/2026\/04\/ballet-patinage-sur-glace.96jpg-1-150x150.jpg\" class=\"attachment-thumbnail size-thumbnail\" alt=\"\" \/><\/a>\n\t\t\t<\/dt><\/dl><br style=\"clear: both\" \/>\n\t\t<\/div>\n\n","protected":false},"excerpt":{"rendered":"<p>C\u2019est un retour triomphal \u00e0 \u00c9pinal ! Sacr\u00e9s champions du monde de ballet sur glace, les Eupho\u2019Rink, repr\u00e9sentants du Club [&hellip;]<\/p>\n","protected":false},"author":52,"featured_media":90662,"comment_status":"open","ping_status":"open","sticky":false,"template":"","format":"standard","meta":{"footnotes":""},"categories":[460,5392,5391,5389,4099,4100,18],"tags":[],"class_list":["post-90661","post","type-post","status-publish","format-standard","has-post-thumbnail","hentry","category-a-la-une","category-epinal","category-gerardmer","category-la-plaine-des-vosges","category-remiremont","category-saint-die","category-vosges"],"acf":[],"yoast_head":"<!-- This site is optimized with the Yoast SEO plugin v22.5 - https:\/\/yoast.com\/wordpress\/plugins\/seo\/ -->\n<title>Sacr\u00e9s champions du monde de ballet sur glace, les Eupho\u2019Rink de retour \u00e0 \u00c9pinal ce dimanche - Saint Die Info<\/title>\n<meta name=\"robots\" content=\"index, follow, max-snippet:-1, max-image-preview:large, max-video-preview:-1\" \/>\n<link rel=\"canonical\" href=\"https:\/\/vosgesinfo.fr\/saintdieinfo\/2026\/04\/sacres-champions-du-monde-de-ballet-sur-glace-les-euphorink-de-retour-a-epinal-ce-dimanche\/\" \/>\n<meta name=\"twitter:card\" content=\"summary_large_image\" \/>\n<meta name=\"twitter:title\" content=\"Sacr\u00e9s champions du monde de ballet sur glace, les Eupho\u2019Rink de retour \u00e0 \u00c9pinal ce dimanche - Saint Die Info\" \/>\n<meta name=\"twitter:description\" content=\"C\u2019est un retour triomphal \u00e0 \u00c9pinal ! Sacr\u00e9s champions du monde de ballet sur glace, les Eupho\u2019Rink, repr\u00e9sentants du Club [&hellip;]\" \/>\n<meta name=\"twitter:image\" content=\"https:\/\/vosgesinfo.fr\/app\/uploads\/sites\/4\/2026\/04\/ballet-patinage-sur-glace.49pg-1.jpg\" \/>\n<meta name=\"twitter:creator\" content=\"@VosgesInfo88\" \/>\n<meta name=\"twitter:site\" content=\"@VosgesInfo88\" \/>\n<meta name=\"twitter:label1\" content=\"\u00c9crit par\" \/>\n\t<meta name=\"twitter:data1\" content=\"C.K.\" \/>\n\t<meta name=\"twitter:label2\" content=\"Dur\u00e9e de lecture estim\u00e9e\" \/>\n\t<meta name=\"twitter:data2\" content=\"2 minutes\" \/>\n<script type=\"application\/ld+json\" class=\"yoast-schema-graph\">{\"@context\":\"https:\/\/schema.org\",\"@graph\":[{\"@type\":\"Article\",\"@id\":\"https:\/\/vosgesinfo.fr\/saintdieinfo\/2026\/04\/sacres-champions-du-monde-de-ballet-sur-glace-les-euphorink-de-retour-a-epinal-ce-dimanche\/#article\",\"isPartOf\":{\"@id\":\"https:\/\/vosgesinfo.fr\/saintdieinfo\/2026\/04\/sacres-champions-du-monde-de-ballet-sur-glace-les-euphorink-de-retour-a-epinal-ce-dimanche\/\"},\"author\":{\"name\":\"C.K.\",\"@id\":\"https:\/\/vosgesinfo.fr\/saintdieinfo\/#\/schema\/person\/6f9a650eeea99d969b6c4ab78fccbe81\"},\"headline\":\"Sacr\u00e9s champions du monde de ballet sur glace, les Eupho\u2019Rink de retour \u00e0 \u00c9pinal ce dimanche\",\"datePublished\":\"2026-04-27T08:21:11+00:00\",\"dateModified\":\"2026-04-27T08:21:11+00:00\",\"mainEntityOfPage\":{\"@id\":\"https:\/\/vosgesinfo.fr\/saintdieinfo\/2026\/04\/sacres-champions-du-monde-de-ballet-sur-glace-les-euphorink-de-retour-a-epinal-ce-dimanche\/\"},\"wordCount\":343,\"commentCount\":0,\"publisher\":{\"@id\":\"https:\/\/vosgesinfo.fr\/saintdieinfo\/#organization\"},\"image\":{\"@id\":\"https:\/\/vosgesinfo.fr\/saintdieinfo\/2026\/04\/sacres-champions-du-monde-de-ballet-sur-glace-les-euphorink-de-retour-a-epinal-ce-dimanche\/#primaryimage\"},\"thumbnailUrl\":\"https:\/\/vosgesinfo.fr\/app\/uploads\/sites\/4\/2026\/04\/ballet-patinage-sur-glace.49pg-1.jpg\",\"articleSection\":[\"A la Une\",\"Epinal\",\"Gerardmer\",\"La plaine des vosges\",\"Remiremont\",\"Saint-di\u00e9\",\"Vosges\"],\"inLanguage\":\"fr-FR\",\"potentialAction\":[{\"@type\":\"CommentAction\",\"name\":\"Comment\",\"target\":[\"https:\/\/vosgesinfo.fr\/saintdieinfo\/2026\/04\/sacres-champions-du-monde-de-ballet-sur-glace-les-euphorink-de-retour-a-epinal-ce-dimanche\/#respond\"]}]},{\"@type\":\"WebPage\",\"@id\":\"https:\/\/vosgesinfo.fr\/saintdieinfo\/2026\/04\/sacres-champions-du-monde-de-ballet-sur-glace-les-euphorink-de-retour-a-epinal-ce-dimanche\/\",\"url\":\"https:\/\/vosgesinfo.fr\/saintdieinfo\/2026\/04\/sacres-champions-du-monde-de-ballet-sur-glace-les-euphorink-de-retour-a-epinal-ce-dimanche\/\",\"name\":\"Sacr\u00e9s champions du monde de ballet sur glace, les Eupho\u2019Rink de retour \u00e0 \u00c9pinal ce dimanche - Saint Die Info\",\"isPartOf\":{\"@id\":\"https:\/\/vosgesinfo.fr\/saintdieinfo\/#website\"},\"primaryImageOfPage\":{\"@id\":\"https:\/\/vosgesinfo.fr\/saintdieinfo\/2026\/04\/sacres-champions-du-monde-de-ballet-sur-glace-les-euphorink-de-retour-a-epinal-ce-dimanche\/#primaryimage\"},\"image\":{\"@id\":\"https:\/\/vosgesinfo.fr\/saintdieinfo\/2026\/04\/sacres-champions-du-monde-de-ballet-sur-glace-les-euphorink-de-retour-a-epinal-ce-dimanche\/#primaryimage\"},\"thumbnailUrl\":\"https:\/\/vosgesinfo.fr\/app\/uploads\/sites\/4\/2026\/04\/ballet-patinage-sur-glace.49pg-1.jpg\",\"datePublished\":\"2026-04-27T08:21:11+00:00\",\"dateModified\":\"2026-04-27T08:21:11+00:00\",\"breadcrumb\":{\"@id\":\"https:\/\/vosgesinfo.fr\/saintdieinfo\/2026\/04\/sacres-champions-du-monde-de-ballet-sur-glace-les-euphorink-de-retour-a-epinal-ce-dimanche\/#breadcrumb\"},\"inLanguage\":\"fr-FR\",\"potentialAction\":[{\"@type\":\"ReadAction\",\"target\":[\"https:\/\/vosgesinfo.fr\/saintdieinfo\/2026\/04\/sacres-champions-du-monde-de-ballet-sur-glace-les-euphorink-de-retour-a-epinal-ce-dimanche\/\"]}]},{\"@type\":\"ImageObject\",\"inLanguage\":\"fr-FR\",\"@id\":\"https:\/\/vosgesinfo.fr\/saintdieinfo\/2026\/04\/sacres-champions-du-monde-de-ballet-sur-glace-les-euphorink-de-retour-a-epinal-ce-dimanche\/#primaryimage\",\"url\":\"https:\/\/vosgesinfo.fr\/app\/uploads\/sites\/4\/2026\/04\/ballet-patinage-sur-glace.49pg-1.jpg\",\"contentUrl\":\"https:\/\/vosgesinfo.fr\/app\/uploads\/sites\/4\/2026\/04\/ballet-patinage-sur-glace.49pg-1.jpg\",\"width\":1600,\"height\":1066},{\"@type\":\"BreadcrumbList\",\"@id\":\"https:\/\/vosgesinfo.fr\/saintdieinfo\/2026\/04\/sacres-champions-du-monde-de-ballet-sur-glace-les-euphorink-de-retour-a-epinal-ce-dimanche\/#breadcrumb\",\"itemListElement\":[{\"@type\":\"ListItem\",\"position\":1,\"name\":\"Home\",\"item\":\"https:\/\/vosgesinfo.fr\/saintdieinfo\/\"},{\"@type\":\"ListItem\",\"position\":2,\"name\":\"Sacr\u00e9s champions du monde de ballet sur glace, les Eupho\u2019Rink de retour \u00e0 \u00c9pinal ce dimanche\"}]},{\"@type\":\"WebSite\",\"@id\":\"https:\/\/vosgesinfo.fr\/saintdieinfo\/#website\",\"url\":\"https:\/\/vosgesinfo.fr\/saintdieinfo\/\",\"name\":\"Saint Die Info\",\"description\":\"Toute l&#039;actualit\u00e9 de Saint-Di\u00e9-Des-Vosges\",\"publisher\":{\"@id\":\"https:\/\/vosgesinfo.fr\/saintdieinfo\/#organization\"},\"alternateName\":\"Toute l'actualit\u00e9 de Saint-Di\u00e9-Des-Vosges\",\"potentialAction\":[{\"@type\":\"SearchAction\",\"target\":{\"@type\":\"EntryPoint\",\"urlTemplate\":\"https:\/\/vosgesinfo.fr\/saintdieinfo\/?s={search_term_string}\"},\"query-input\":\"required name=search_term_string\"}],\"inLanguage\":\"fr-FR\"},{\"@type\":\"Organization\",\"@id\":\"https:\/\/vosgesinfo.fr\/saintdieinfo\/#organization\",\"name\":\"Saint Die Info\",\"url\":\"https:\/\/vosgesinfo.fr\/saintdieinfo\/\",\"logo\":{\"@type\":\"ImageObject\",\"inLanguage\":\"fr-FR\",\"@id\":\"https:\/\/vosgesinfo.fr\/saintdieinfo\/#\/schema\/logo\/image\/\",\"url\":\"https:\/\/vosgesinfo.fr\/app\/uploads\/sites\/4\/2024\/02\/logo-sdi.jpg\",\"contentUrl\":\"https:\/\/vosgesinfo.fr\/app\/uploads\/sites\/4\/2024\/02\/logo-sdi.jpg\",\"width\":600,\"height\":600,\"caption\":\"Saint Die Info\"},\"image\":{\"@id\":\"https:\/\/vosgesinfo.fr\/saintdieinfo\/#\/schema\/logo\/image\/\"},\"sameAs\":[\"https:\/\/www.facebook.com\/Saintdieinfofr\",\"https:\/\/x.com\/VosgesInfo88\",\"https:\/\/www.youtube.com\/@vosgesinfo\"]},{\"@type\":\"Person\",\"@id\":\"https:\/\/vosgesinfo.fr\/saintdieinfo\/#\/schema\/person\/6f9a650eeea99d969b6c4ab78fccbe81\",\"name\":\"C.K.\",\"image\":{\"@type\":\"ImageObject\",\"inLanguage\":\"fr-FR\",\"@id\":\"https:\/\/vosgesinfo.fr\/saintdieinfo\/#\/schema\/person\/image\/\",\"url\":\"https:\/\/secure.gravatar.com\/avatar\/48e3fc7f8421ba8942be6b74a2b7f014ca39bc00dece156b7a8e098ae7dc87bf?s=96&d=mm&r=g\",\"contentUrl\":\"https:\/\/secure.gravatar.com\/avatar\/48e3fc7f8421ba8942be6b74a2b7f014ca39bc00dece156b7a8e098ae7dc87bf?s=96&d=mm&r=g\",\"caption\":\"C.K.\"},\"url\":\"https:\/\/vosgesinfo.fr\/saintdieinfo\/author\/celia-k-n\/\"}]}<\/script>\n<!-- \/ Yoast SEO plugin. -->","yoast_head_json":{"title":"Sacr\u00e9s champions du monde de ballet sur glace, les Eupho\u2019Rink de retour \u00e0 \u00c9pinal ce dimanche - Saint Die Info","robots":{"index":"index","follow":"follow","max-snippet":"max-snippet:-1","max-image-preview":"max-image-preview:large","max-video-preview":"max-video-preview:-1"},"canonical":"https:\/\/vosgesinfo.fr\/saintdieinfo\/2026\/04\/sacres-champions-du-monde-de-ballet-sur-glace-les-euphorink-de-retour-a-epinal-ce-dimanche\/","twitter_card":"summary_large_image","twitter_title":"Sacr\u00e9s champions du monde de ballet sur glace, les Eupho\u2019Rink de retour \u00e0 \u00c9pinal ce dimanche - Saint Die Info","twitter_description":"C\u2019est un retour triomphal \u00e0 \u00c9pinal ! Sacr\u00e9s champions du monde de ballet sur glace, les Eupho\u2019Rink, repr\u00e9sentants du Club [&hellip;]","twitter_image":"https:\/\/vosgesinfo.fr\/app\/uploads\/sites\/4\/2026\/04\/ballet-patinage-sur-glace.49pg-1.jpg","twitter_creator":"@VosgesInfo88","twitter_site":"@VosgesInfo88","twitter_misc":{"\u00c9crit par":"C.K.","Dur\u00e9e de lecture estim\u00e9e":"2 minutes"},"schema":{"@context":"https:\/\/schema.org","@graph":[{"@type":"Article","@id":"https:\/\/vosgesinfo.fr\/saintdieinfo\/2026\/04\/sacres-champions-du-monde-de-ballet-sur-glace-les-euphorink-de-retour-a-epinal-ce-dimanche\/#article","isPartOf":{"@id":"https:\/\/vosgesinfo.fr\/saintdieinfo\/2026\/04\/sacres-champions-du-monde-de-ballet-sur-glace-les-euphorink-de-retour-a-epinal-ce-dimanche\/"},"author":{"name":"C.K.","@id":"https:\/\/vosgesinfo.fr\/saintdieinfo\/#\/schema\/person\/6f9a650eeea99d969b6c4ab78fccbe81"},"headline":"Sacr\u00e9s champions du monde de ballet sur glace, les Eupho\u2019Rink de retour \u00e0 \u00c9pinal ce dimanche","datePublished":"2026-04-27T08:21:11+00:00","dateModified":"2026-04-27T08:21:11+00:00","mainEntityOfPage":{"@id":"https:\/\/vosgesinfo.fr\/saintdieinfo\/2026\/04\/sacres-champions-du-monde-de-ballet-sur-glace-les-euphorink-de-retour-a-epinal-ce-dimanche\/"},"wordCount":343,"commentCount":0,"publisher":{"@id":"https:\/\/vosgesinfo.fr\/saintdieinfo\/#organization"},"image":{"@id":"https:\/\/vosgesinfo.fr\/saintdieinfo\/2026\/04\/sacres-champions-du-monde-de-ballet-sur-glace-les-euphorink-de-retour-a-epinal-ce-dimanche\/#primaryimage"},"thumbnailUrl":"https:\/\/vosgesinfo.fr\/app\/uploads\/sites\/4\/2026\/04\/ballet-patinage-sur-glace.49pg-1.jpg","articleSection":["A la Une","Epinal","Gerardmer","La plaine des vosges","Remiremont","Saint-di\u00e9","Vosges"],"inLanguage":"fr-FR","potentialAction":[{"@type":"CommentAction","name":"Comment","target":["https:\/\/vosgesinfo.fr\/saintdieinfo\/2026\/04\/sacres-champions-du-monde-de-ballet-sur-glace-les-euphorink-de-retour-a-epinal-ce-dimanche\/#respond"]}]},{"@type":"WebPage","@id":"https:\/\/vosgesinfo.fr\/saintdieinfo\/2026\/04\/sacres-champions-du-monde-de-ballet-sur-glace-les-euphorink-de-retour-a-epinal-ce-dimanche\/","url":"https:\/\/vosgesinfo.fr\/saintdieinfo\/2026\/04\/sacres-champions-du-monde-de-ballet-sur-glace-les-euphorink-de-retour-a-epinal-ce-dimanche\/","name":"Sacr\u00e9s champions du monde de ballet sur glace, les Eupho\u2019Rink de retour \u00e0 \u00c9pinal ce dimanche - Saint Die Info","isPartOf":{"@id":"https:\/\/vosgesinfo.fr\/saintdieinfo\/#website"},"primaryImageOfPage":{"@id":"https:\/\/vosgesinfo.fr\/saintdieinfo\/2026\/04\/sacres-champions-du-monde-de-ballet-sur-glace-les-euphorink-de-retour-a-epinal-ce-dimanche\/#primaryimage"},"image":{"@id":"https:\/\/vosgesinfo.fr\/saintdieinfo\/2026\/04\/sacres-champions-du-monde-de-ballet-sur-glace-les-euphorink-de-retour-a-epinal-ce-dimanche\/#primaryimage"},"thumbnailUrl":"https:\/\/vosgesinfo.fr\/app\/uploads\/sites\/4\/2026\/04\/ballet-patinage-sur-glace.49pg-1.jpg","datePublished":"2026-04-27T08:21:11+00:00","dateModified":"2026-04-27T08:21:11+00:00","breadcrumb":{"@id":"https:\/\/vosgesinfo.fr\/saintdieinfo\/2026\/04\/sacres-champions-du-monde-de-ballet-sur-glace-les-euphorink-de-retour-a-epinal-ce-dimanche\/#breadcrumb"},"inLanguage":"fr-FR","potentialAction":[{"@type":"ReadAction","target":["https:\/\/vosgesinfo.fr\/saintdieinfo\/2026\/04\/sacres-champions-du-monde-de-ballet-sur-glace-les-euphorink-de-retour-a-epinal-ce-dimanche\/"]}]},{"@type":"ImageObject","inLanguage":"fr-FR","@id":"https:\/\/vosgesinfo.fr\/saintdieinfo\/2026\/04\/sacres-champions-du-monde-de-ballet-sur-glace-les-euphorink-de-retour-a-epinal-ce-dimanche\/#primaryimage","url":"https:\/\/vosgesinfo.fr\/app\/uploads\/sites\/4\/2026\/04\/ballet-patinage-sur-glace.49pg-1.jpg","contentUrl":"https:\/\/vosgesinfo.fr\/app\/uploads\/sites\/4\/2026\/04\/ballet-patinage-sur-glace.49pg-1.jpg","width":1600,"height":1066},{"@type":"BreadcrumbList","@id":"https:\/\/vosgesinfo.fr\/saintdieinfo\/2026\/04\/sacres-champions-du-monde-de-ballet-sur-glace-les-euphorink-de-retour-a-epinal-ce-dimanche\/#breadcrumb","itemListElement":[{"@type":"ListItem","position":1,"name":"Home","item":"https:\/\/vosgesinfo.fr\/saintdieinfo\/"},{"@type":"ListItem","position":2,"name":"Sacr\u00e9s champions du monde de ballet sur glace, les Eupho\u2019Rink de retour \u00e0 \u00c9pinal ce dimanche"}]},{"@type":"WebSite","@id":"https:\/\/vosgesinfo.fr\/saintdieinfo\/#website","url":"https:\/\/vosgesinfo.fr\/saintdieinfo\/","name":"Saint Die Info","description":"Toute l&#039;actualit\u00e9 de Saint-Di\u00e9-Des-Vosges","publisher":{"@id":"https:\/\/vosgesinfo.fr\/saintdieinfo\/#organization"},"alternateName":"Toute l'actualit\u00e9 de Saint-Di\u00e9-Des-Vosges","potentialAction":[{"@type":"SearchAction","target":{"@type":"EntryPoint","urlTemplate":"https:\/\/vosgesinfo.fr\/saintdieinfo\/?s={search_term_string}"},"query-input":"required name=search_term_string"}],"inLanguage":"fr-FR"},{"@type":"Organization","@id":"https:\/\/vosgesinfo.fr\/saintdieinfo\/#organization","name":"Saint Die Info","url":"https:\/\/vosgesinfo.fr\/saintdieinfo\/","logo":{"@type":"ImageObject","inLanguage":"fr-FR","@id":"https:\/\/vosgesinfo.fr\/saintdieinfo\/#\/schema\/logo\/image\/","url":"https:\/\/vosgesinfo.fr\/app\/uploads\/sites\/4\/2024\/02\/logo-sdi.jpg","contentUrl":"https:\/\/vosgesinfo.fr\/app\/uploads\/sites\/4\/2024\/02\/logo-sdi.jpg","width":600,"height":600,"caption":"Saint Die Info"},"image":{"@id":"https:\/\/vosgesinfo.fr\/saintdieinfo\/#\/schema\/logo\/image\/"},"sameAs":["https:\/\/www.facebook.com\/Saintdieinfofr","https:\/\/x.com\/VosgesInfo88","https:\/\/www.youtube.com\/@vosgesinfo"]},{"@type":"Person","@id":"https:\/\/vosgesinfo.fr\/saintdieinfo\/#\/schema\/person\/6f9a650eeea99d969b6c4ab78fccbe81","name":"C.K.","image":{"@type":"ImageObject","inLanguage":"fr-FR","@id":"https:\/\/vosgesinfo.fr\/saintdieinfo\/#\/schema\/person\/image\/","url":"https:\/\/secure.gravatar.com\/avatar\/48e3fc7f8421ba8942be6b74a2b7f014ca39bc00dece156b7a8e098ae7dc87bf?s=96&d=mm&r=g","contentUrl":"https:\/\/secure.gravatar.com\/avatar\/48e3fc7f8421ba8942be6b74a2b7f014ca39bc00dece156b7a8e098ae7dc87bf?s=96&d=mm&r=g","caption":"C.K."},"url":"https:\/\/vosgesinfo.fr\/saintdieinfo\/author\/celia-k-n\/"}]}},"_links":{"self":[{"href":"https:\/\/vosgesinfo.fr\/saintdieinfo\/wp-json\/wp\/v2\/posts\/90661","targetHints":{"allow":["GET"]}}],"collection":[{"href":"https:\/\/vosgesinfo.fr\/saintdieinfo\/wp-json\/wp\/v2\/posts"}],"about":[{"href":"https:\/\/vosgesinfo.fr\/saintdieinfo\/wp-json\/wp\/v2\/types\/post"}],"author":[{"embeddable":true,"href":"https:\/\/vosgesinfo.fr\/saintdieinfo\/wp-json\/wp\/v2\/users\/52"}],"replies":[{"embeddable":true,"href":"https:\/\/vosgesinfo.fr\/saintdieinfo\/wp-json\/wp\/v2\/comments?post=90661"}],"version-history":[{"count":0,"href":"https:\/\/vosgesinfo.fr\/saintdieinfo\/wp-json\/wp\/v2\/posts\/90661\/revisions"}],"wp:featuredmedia":[{"embeddable":true,"href":"https:\/\/vosgesinfo.fr\/saintdieinfo\/wp-json\/wp\/v2\/media\/90662"}],"wp:attachment":[{"href":"https:\/\/vosgesinfo.fr\/saintdieinfo\/wp-json\/wp\/v2\/media?parent=90661"}],"wp:term":[{"taxonomy":"category","embeddable":true,"href":"https:\/\/vosgesinfo.fr\/saintdieinfo\/wp-json\/wp\/v2\/categories?post=90661"},{"taxonomy":"post_tag","embeddable":true,"href":"https:\/\/vosgesinfo.fr\/saintdieinfo\/wp-json\/wp\/v2\/tags?post=90661"}],"curies":[{"name":"wp","href":"https:\/\/api.w.org\/{rel}","templated":true}]}}