{"id":90664,"date":"2026-04-27T12:33:36","date_gmt":"2026-04-27T10:33:36","guid":{"rendered":"https:\/\/vosgesinfo.fr\/saintdieinfo\/?p=90664"},"modified":"2026-04-27T11:11:44","modified_gmt":"2026-04-27T09:11:44","slug":"a-moyenmoutier-les-residents-du-chi5v-passent-cote-cuisines","status":"publish","type":"post","link":"https:\/\/vosgesinfo.fr\/saintdieinfo\/2026\/04\/a-moyenmoutier-les-residents-du-chi5v-passent-cote-cuisines\/","title":{"rendered":"\u00c0 Moyenmoutier, les r\u00e9sidents du CHI5V passent c\u00f4t\u00e9 cuisines"},"content":{"rendered":"<div id=\"attachment_90665\" style=\"width: 1034px\" class=\"wp-caption alignnone\"><a href=\"https:\/\/vosgesinfo.fr\/app\/uploads\/sites\/4\/2026\/04\/moyenmoutier-visite-cuisine-chi5v-1.jpg\"><img decoding=\"async\" aria-describedby=\"caption-attachment-90665\" class=\"size-large wp-image-90665\" src=\"https:\/\/vosgesinfo.fr\/app\/uploads\/sites\/4\/2026\/04\/moyenmoutier-visite-cuisine-chi5v-1-1024x768.jpg\" alt=\"\" width=\"1024\" height=\"768\" srcset=\"https:\/\/vosgesinfo.fr\/app\/uploads\/sites\/4\/2026\/04\/moyenmoutier-visite-cuisine-chi5v-1-1024x768.jpg 1024w, https:\/\/vosgesinfo.fr\/app\/uploads\/sites\/4\/2026\/04\/moyenmoutier-visite-cuisine-chi5v-1-300x225.jpg 300w, https:\/\/vosgesinfo.fr\/app\/uploads\/sites\/4\/2026\/04\/moyenmoutier-visite-cuisine-chi5v-1-768x576.jpg 768w, https:\/\/vosgesinfo.fr\/app\/uploads\/sites\/4\/2026\/04\/moyenmoutier-visite-cuisine-chi5v-1-1536x1152.jpg 1536w, https:\/\/vosgesinfo.fr\/app\/uploads\/sites\/4\/2026\/04\/moyenmoutier-visite-cuisine-chi5v-1.jpg 1920w\" sizes=\"(max-width: 1024px) 100vw, 1024px\" \/><\/a><p id=\"caption-attachment-90665\" class=\"wp-caption-text\">(Photographies H\u00f4pitaux du Massif des Vosges)<\/p><\/div>\n<h2>Dans les cuisines du <strong>Centre Hospitalier Intercommunal des 5 Vall\u00e9es \u2013 CHI5V \u2013<\/strong> de <strong>Moyenmoutier<\/strong>, les repas sont pr\u00e9par\u00e9s sur place. Les menus sont con\u00e7us en interne, les fruits et l\u00e9gumes sont \u00e9pluch\u00e9s le matin m\u00eame et certaines viandes cuisent toute la nuit dans de grandes cuves adapt\u00e9es. Apr\u00e8s chaque service, l\u2019\u00e9quipe de plonge prend le relais avant de pr\u00e9parer le repas suivant.<\/h2>\n<p><!--more--><\/p>\n<h3><strong>D\u00e9couvrir l\u2019envers du d\u00e9cor<\/strong><\/h3>\n<p>Ce travail quotidien reste peu visible pour les <strong>r\u00e9sidents<\/strong>, qui en voient surtout le r\u00e9sultat dans l\u2019assiette. Plusieurs d\u2019entre eux ont donc demand\u00e9 \u00e0 la direction de pouvoir visiter les <strong>cuisines<\/strong>. Leur demande a \u00e9t\u00e9 accept\u00e9e et des <strong>visites ont \u00e9t\u00e9 organis\u00e9es<\/strong> au cours du mois d\u2019avril.<\/p>\n<h3><strong>Sept visites au cours du mois d\u2019avril<\/strong><\/h3>\n<p>Une <strong>cinquantaine de r\u00e9sidents<\/strong> se sont inscrits aux <strong>sept visites<\/strong> organis\u00e9es<strong> au cours du mois d\u2019avril<\/strong>. La premi\u00e8re s\u2019est d\u00e9roul\u00e9e mercredi 8 avril, \u00e0 14 h. \u00c9quip\u00e9s du kit visiteur, les cinq premiers participants ont d\u00e9couvert le fonctionnement des cuisines, guid\u00e9s par les explications de <strong>G\u00e9rard Thomas<\/strong>, chef cuisinier adjoint.<\/p>\n<h3><strong>Une \u00e9quipe remerci\u00e9e<\/strong><\/h3>\n<p>Cette immersion leur a permis de mesurer l\u2019organisation n\u00e9cessaire au service des repas. Curieux et parfois impressionn\u00e9s, les r\u00e9sidents ont remerci\u00e9 l\u2019<strong>\u00e9quipe de restauration<\/strong> pour son accueil. Les visites ont \u00e9t\u00e9 organis\u00e9es avec <strong>St\u00e9phane Duchet<\/strong>, chef cuisinier, et G\u00e9rard Thomas, son adjoint, avec l\u2019accompagnement des <strong>professionnels soignants<\/strong>.<\/p>\n\n\t\t<style type=\"text\/css\">\n\t\t\t#gallery-1 {\n\t\t\t\tmargin: auto;\n\t\t\t}\n\t\t\t#gallery-1 .gallery-item {\n\t\t\t\tfloat: left;\n\t\t\t\tmargin-top: 10px;\n\t\t\t\ttext-align: center;\n\t\t\t\twidth: 50%;\n\t\t\t}\n\t\t\t#gallery-1 img {\n\t\t\t\tborder: 2px solid #cfcfcf;\n\t\t\t}\n\t\t\t#gallery-1 .gallery-caption {\n\t\t\t\tmargin-left: 0;\n\t\t\t}\n\t\t\t\/* see gallery_shortcode() in wp-includes\/media.php *\/\n\t\t<\/style>\n\t\t<div id='gallery-1' class='gallery galleryid-90664 gallery-columns-2 gallery-size-thumbnail'><dl class='gallery-item'>\n\t\t\t<dt class='gallery-icon landscape'>\n\t\t\t\t<a href='https:\/\/vosgesinfo.fr\/app\/uploads\/sites\/4\/2026\/04\/moyenmoutier-visite-cuisine-chi5v-2.jpg'><img decoding=\"async\" width=\"150\" height=\"150\" src=\"https:\/\/vosgesinfo.fr\/app\/uploads\/sites\/4\/2026\/04\/moyenmoutier-visite-cuisine-chi5v-2-150x150.jpg\" class=\"attachment-thumbnail size-thumbnail\" alt=\"\" \/><\/a>\n\t\t\t<\/dt><\/dl><dl class='gallery-item'>\n\t\t\t<dt class='gallery-icon landscape'>\n\t\t\t\t<a href='https:\/\/vosgesinfo.fr\/app\/uploads\/sites\/4\/2026\/04\/moyenmoutier-visite-cuisine-chi5v-3.jpg'><img decoding=\"async\" width=\"150\" height=\"150\" src=\"https:\/\/vosgesinfo.fr\/app\/uploads\/sites\/4\/2026\/04\/moyenmoutier-visite-cuisine-chi5v-3-150x150.jpg\" class=\"attachment-thumbnail size-thumbnail\" alt=\"\" \/><\/a>\n\t\t\t<\/dt><\/dl><br style=\"clear: both\" \/>\n\t\t<\/div>\n\n","protected":false},"excerpt":{"rendered":"<p>Dans les cuisines du Centre Hospitalier Intercommunal des 5 Vall\u00e9es \u2013 CHI5V \u2013 de Moyenmoutier, les repas sont pr\u00e9par\u00e9s sur [&hellip;]<\/p>\n","protected":false},"author":46,"featured_media":90665,"comment_status":"open","ping_status":"open","sticky":false,"template":"","format":"standard","meta":{"footnotes":""},"categories":[460,3903,4152],"tags":[10512,21421,3666,3146,3567,19278,317],"class_list":["post-90664","post","type-post","status-publish","format-standard","has-post-thumbnail","hentry","category-a-la-une","category-deodatie","category-sante","tag-chi5v","tag-cuisines","tag-hmv","tag-hopitaux-du-massif-des-vosges","tag-moyenmoutier","tag-residents","tag-restauration"],"acf":[],"yoast_head":"<!-- This site is optimized with the Yoast SEO plugin v22.5 - https:\/\/yoast.com\/wordpress\/plugins\/seo\/ -->\n<title>\u00c0 Moyenmoutier, les r\u00e9sidents du CHI5V passent c\u00f4t\u00e9 cuisines - Saint Die Info<\/title>\n<meta name=\"robots\" content=\"index, follow, max-snippet:-1, max-image-preview:large, max-video-preview:-1\" \/>\n<link rel=\"canonical\" href=\"https:\/\/vosgesinfo.fr\/saintdieinfo\/2026\/04\/a-moyenmoutier-les-residents-du-chi5v-passent-cote-cuisines\/\" \/>\n<meta name=\"twitter:card\" content=\"summary_large_image\" \/>\n<meta name=\"twitter:title\" content=\"\u00c0 Moyenmoutier, les r\u00e9sidents du CHI5V passent c\u00f4t\u00e9 cuisines - Saint Die Info\" \/>\n<meta name=\"twitter:description\" content=\"Dans les cuisines du Centre Hospitalier Intercommunal des 5 Vall\u00e9es \u2013 CHI5V \u2013 de Moyenmoutier, les repas sont pr\u00e9par\u00e9s sur [&hellip;]\" \/>\n<meta name=\"twitter:image\" content=\"https:\/\/vosgesinfo.fr\/app\/uploads\/sites\/4\/2026\/04\/moyenmoutier-visite-cuisine-chi5v-1.jpg\" \/>\n<meta name=\"twitter:creator\" content=\"@VosgesInfo88\" \/>\n<meta name=\"twitter:site\" content=\"@VosgesInfo88\" \/>\n<meta name=\"twitter:label1\" content=\"\u00c9crit par\" \/>\n\t<meta name=\"twitter:data1\" content=\"J.J.\" \/>\n\t<meta name=\"twitter:label2\" content=\"Dur\u00e9e de lecture estim\u00e9e\" \/>\n\t<meta name=\"twitter:data2\" content=\"2 minutes\" \/>\n<script type=\"application\/ld+json\" class=\"yoast-schema-graph\">{\"@context\":\"https:\/\/schema.org\",\"@graph\":[{\"@type\":\"Article\",\"@id\":\"https:\/\/vosgesinfo.fr\/saintdieinfo\/2026\/04\/a-moyenmoutier-les-residents-du-chi5v-passent-cote-cuisines\/#article\",\"isPartOf\":{\"@id\":\"https:\/\/vosgesinfo.fr\/saintdieinfo\/2026\/04\/a-moyenmoutier-les-residents-du-chi5v-passent-cote-cuisines\/\"},\"author\":{\"name\":\"J.J.\",\"@id\":\"https:\/\/vosgesinfo.fr\/saintdieinfo\/#\/schema\/person\/fa73e9f726d67bb88f46d5b7943cb572\"},\"headline\":\"\u00c0 Moyenmoutier, les r\u00e9sidents du CHI5V passent c\u00f4t\u00e9 cuisines\",\"datePublished\":\"2026-04-27T10:33:36+00:00\",\"dateModified\":\"2026-04-27T09:11:44+00:00\",\"mainEntityOfPage\":{\"@id\":\"https:\/\/vosgesinfo.fr\/saintdieinfo\/2026\/04\/a-moyenmoutier-les-residents-du-chi5v-passent-cote-cuisines\/\"},\"wordCount\":288,\"commentCount\":0,\"publisher\":{\"@id\":\"https:\/\/vosgesinfo.fr\/saintdieinfo\/#organization\"},\"image\":{\"@id\":\"https:\/\/vosgesinfo.fr\/saintdieinfo\/2026\/04\/a-moyenmoutier-les-residents-du-chi5v-passent-cote-cuisines\/#primaryimage\"},\"thumbnailUrl\":\"https:\/\/vosgesinfo.fr\/app\/uploads\/sites\/4\/2026\/04\/moyenmoutier-visite-cuisine-chi5v-1.jpg\",\"keywords\":[\"CHI5V\",\"cuisines\",\"HMV\",\"H\u00f4pitaux du Massif des Vosges\",\"moyenmoutier\",\"r\u00e9sidents\",\"restauration\"],\"articleSection\":[\"A la Une\",\"D\u00e9odatie\",\"Sant\u00e9\"],\"inLanguage\":\"fr-FR\",\"potentialAction\":[{\"@type\":\"CommentAction\",\"name\":\"Comment\",\"target\":[\"https:\/\/vosgesinfo.fr\/saintdieinfo\/2026\/04\/a-moyenmoutier-les-residents-du-chi5v-passent-cote-cuisines\/#respond\"]}]},{\"@type\":\"WebPage\",\"@id\":\"https:\/\/vosgesinfo.fr\/saintdieinfo\/2026\/04\/a-moyenmoutier-les-residents-du-chi5v-passent-cote-cuisines\/\",\"url\":\"https:\/\/vosgesinfo.fr\/saintdieinfo\/2026\/04\/a-moyenmoutier-les-residents-du-chi5v-passent-cote-cuisines\/\",\"name\":\"\u00c0 Moyenmoutier, les r\u00e9sidents du CHI5V passent c\u00f4t\u00e9 cuisines - Saint Die Info\",\"isPartOf\":{\"@id\":\"https:\/\/vosgesinfo.fr\/saintdieinfo\/#website\"},\"primaryImageOfPage\":{\"@id\":\"https:\/\/vosgesinfo.fr\/saintdieinfo\/2026\/04\/a-moyenmoutier-les-residents-du-chi5v-passent-cote-cuisines\/#primaryimage\"},\"image\":{\"@id\":\"https:\/\/vosgesinfo.fr\/saintdieinfo\/2026\/04\/a-moyenmoutier-les-residents-du-chi5v-passent-cote-cuisines\/#primaryimage\"},\"thumbnailUrl\":\"https:\/\/vosgesinfo.fr\/app\/uploads\/sites\/4\/2026\/04\/moyenmoutier-visite-cuisine-chi5v-1.jpg\",\"datePublished\":\"2026-04-27T10:33:36+00:00\",\"dateModified\":\"2026-04-27T09:11:44+00:00\",\"breadcrumb\":{\"@id\":\"https:\/\/vosgesinfo.fr\/saintdieinfo\/2026\/04\/a-moyenmoutier-les-residents-du-chi5v-passent-cote-cuisines\/#breadcrumb\"},\"inLanguage\":\"fr-FR\",\"potentialAction\":[{\"@type\":\"ReadAction\",\"target\":[\"https:\/\/vosgesinfo.fr\/saintdieinfo\/2026\/04\/a-moyenmoutier-les-residents-du-chi5v-passent-cote-cuisines\/\"]}]},{\"@type\":\"ImageObject\",\"inLanguage\":\"fr-FR\",\"@id\":\"https:\/\/vosgesinfo.fr\/saintdieinfo\/2026\/04\/a-moyenmoutier-les-residents-du-chi5v-passent-cote-cuisines\/#primaryimage\",\"url\":\"https:\/\/vosgesinfo.fr\/app\/uploads\/sites\/4\/2026\/04\/moyenmoutier-visite-cuisine-chi5v-1.jpg\",\"contentUrl\":\"https:\/\/vosgesinfo.fr\/app\/uploads\/sites\/4\/2026\/04\/moyenmoutier-visite-cuisine-chi5v-1.jpg\",\"width\":1920,\"height\":1440,\"caption\":\"(Photographies H\u00f4pitaux du Massif des Vosges)\"},{\"@type\":\"BreadcrumbList\",\"@id\":\"https:\/\/vosgesinfo.fr\/saintdieinfo\/2026\/04\/a-moyenmoutier-les-residents-du-chi5v-passent-cote-cuisines\/#breadcrumb\",\"itemListElement\":[{\"@type\":\"ListItem\",\"position\":1,\"name\":\"Home\",\"item\":\"https:\/\/vosgesinfo.fr\/saintdieinfo\/\"},{\"@type\":\"ListItem\",\"position\":2,\"name\":\"\u00c0 Moyenmoutier, les r\u00e9sidents du CHI5V passent c\u00f4t\u00e9 cuisines\"}]},{\"@type\":\"WebSite\",\"@id\":\"https:\/\/vosgesinfo.fr\/saintdieinfo\/#website\",\"url\":\"https:\/\/vosgesinfo.fr\/saintdieinfo\/\",\"name\":\"Saint Die Info\",\"description\":\"Toute l&#039;actualit\u00e9 de Saint-Di\u00e9-Des-Vosges\",\"publisher\":{\"@id\":\"https:\/\/vosgesinfo.fr\/saintdieinfo\/#organization\"},\"alternateName\":\"Toute l'actualit\u00e9 de Saint-Di\u00e9-Des-Vosges\",\"potentialAction\":[{\"@type\":\"SearchAction\",\"target\":{\"@type\":\"EntryPoint\",\"urlTemplate\":\"https:\/\/vosgesinfo.fr\/saintdieinfo\/?s={search_term_string}\"},\"query-input\":\"required name=search_term_string\"}],\"inLanguage\":\"fr-FR\"},{\"@type\":\"Organization\",\"@id\":\"https:\/\/vosgesinfo.fr\/saintdieinfo\/#organization\",\"name\":\"Saint Die Info\",\"url\":\"https:\/\/vosgesinfo.fr\/saintdieinfo\/\",\"logo\":{\"@type\":\"ImageObject\",\"inLanguage\":\"fr-FR\",\"@id\":\"https:\/\/vosgesinfo.fr\/saintdieinfo\/#\/schema\/logo\/image\/\",\"url\":\"https:\/\/vosgesinfo.fr\/app\/uploads\/sites\/4\/2024\/02\/logo-sdi.jpg\",\"contentUrl\":\"https:\/\/vosgesinfo.fr\/app\/uploads\/sites\/4\/2024\/02\/logo-sdi.jpg\",\"width\":600,\"height\":600,\"caption\":\"Saint Die Info\"},\"image\":{\"@id\":\"https:\/\/vosgesinfo.fr\/saintdieinfo\/#\/schema\/logo\/image\/\"},\"sameAs\":[\"https:\/\/www.facebook.com\/Saintdieinfofr\",\"https:\/\/x.com\/VosgesInfo88\",\"https:\/\/www.youtube.com\/@vosgesinfo\"]},{\"@type\":\"Person\",\"@id\":\"https:\/\/vosgesinfo.fr\/saintdieinfo\/#\/schema\/person\/fa73e9f726d67bb88f46d5b7943cb572\",\"name\":\"J.J.\",\"image\":{\"@type\":\"ImageObject\",\"inLanguage\":\"fr-FR\",\"@id\":\"https:\/\/vosgesinfo.fr\/saintdieinfo\/#\/schema\/person\/image\/\",\"url\":\"https:\/\/secure.gravatar.com\/avatar\/219e749e47ffbcca018a360ae4add7d4cdf1cdaaf8bc7676b27efade3fe65615?s=96&d=mm&r=g\",\"contentUrl\":\"https:\/\/secure.gravatar.com\/avatar\/219e749e47ffbcca018a360ae4add7d4cdf1cdaaf8bc7676b27efade3fe65615?s=96&d=mm&r=g\",\"caption\":\"J.J.\"},\"url\":\"https:\/\/vosgesinfo.fr\/saintdieinfo\/author\/j-j\/\"}]}<\/script>\n<!-- \/ Yoast SEO plugin. -->","yoast_head_json":{"title":"\u00c0 Moyenmoutier, les r\u00e9sidents du CHI5V passent c\u00f4t\u00e9 cuisines - Saint Die Info","robots":{"index":"index","follow":"follow","max-snippet":"max-snippet:-1","max-image-preview":"max-image-preview:large","max-video-preview":"max-video-preview:-1"},"canonical":"https:\/\/vosgesinfo.fr\/saintdieinfo\/2026\/04\/a-moyenmoutier-les-residents-du-chi5v-passent-cote-cuisines\/","twitter_card":"summary_large_image","twitter_title":"\u00c0 Moyenmoutier, les r\u00e9sidents du CHI5V passent c\u00f4t\u00e9 cuisines - Saint Die Info","twitter_description":"Dans les cuisines du Centre Hospitalier Intercommunal des 5 Vall\u00e9es \u2013 CHI5V \u2013 de Moyenmoutier, les repas sont pr\u00e9par\u00e9s sur [&hellip;]","twitter_image":"https:\/\/vosgesinfo.fr\/app\/uploads\/sites\/4\/2026\/04\/moyenmoutier-visite-cuisine-chi5v-1.jpg","twitter_creator":"@VosgesInfo88","twitter_site":"@VosgesInfo88","twitter_misc":{"\u00c9crit par":"J.J.","Dur\u00e9e de lecture estim\u00e9e":"2 minutes"},"schema":{"@context":"https:\/\/schema.org","@graph":[{"@type":"Article","@id":"https:\/\/vosgesinfo.fr\/saintdieinfo\/2026\/04\/a-moyenmoutier-les-residents-du-chi5v-passent-cote-cuisines\/#article","isPartOf":{"@id":"https:\/\/vosgesinfo.fr\/saintdieinfo\/2026\/04\/a-moyenmoutier-les-residents-du-chi5v-passent-cote-cuisines\/"},"author":{"name":"J.J.","@id":"https:\/\/vosgesinfo.fr\/saintdieinfo\/#\/schema\/person\/fa73e9f726d67bb88f46d5b7943cb572"},"headline":"\u00c0 Moyenmoutier, les r\u00e9sidents du CHI5V passent c\u00f4t\u00e9 cuisines","datePublished":"2026-04-27T10:33:36+00:00","dateModified":"2026-04-27T09:11:44+00:00","mainEntityOfPage":{"@id":"https:\/\/vosgesinfo.fr\/saintdieinfo\/2026\/04\/a-moyenmoutier-les-residents-du-chi5v-passent-cote-cuisines\/"},"wordCount":288,"commentCount":0,"publisher":{"@id":"https:\/\/vosgesinfo.fr\/saintdieinfo\/#organization"},"image":{"@id":"https:\/\/vosgesinfo.fr\/saintdieinfo\/2026\/04\/a-moyenmoutier-les-residents-du-chi5v-passent-cote-cuisines\/#primaryimage"},"thumbnailUrl":"https:\/\/vosgesinfo.fr\/app\/uploads\/sites\/4\/2026\/04\/moyenmoutier-visite-cuisine-chi5v-1.jpg","keywords":["CHI5V","cuisines","HMV","H\u00f4pitaux du Massif des Vosges","moyenmoutier","r\u00e9sidents","restauration"],"articleSection":["A la Une","D\u00e9odatie","Sant\u00e9"],"inLanguage":"fr-FR","potentialAction":[{"@type":"CommentAction","name":"Comment","target":["https:\/\/vosgesinfo.fr\/saintdieinfo\/2026\/04\/a-moyenmoutier-les-residents-du-chi5v-passent-cote-cuisines\/#respond"]}]},{"@type":"WebPage","@id":"https:\/\/vosgesinfo.fr\/saintdieinfo\/2026\/04\/a-moyenmoutier-les-residents-du-chi5v-passent-cote-cuisines\/","url":"https:\/\/vosgesinfo.fr\/saintdieinfo\/2026\/04\/a-moyenmoutier-les-residents-du-chi5v-passent-cote-cuisines\/","name":"\u00c0 Moyenmoutier, les r\u00e9sidents du CHI5V passent c\u00f4t\u00e9 cuisines - Saint Die Info","isPartOf":{"@id":"https:\/\/vosgesinfo.fr\/saintdieinfo\/#website"},"primaryImageOfPage":{"@id":"https:\/\/vosgesinfo.fr\/saintdieinfo\/2026\/04\/a-moyenmoutier-les-residents-du-chi5v-passent-cote-cuisines\/#primaryimage"},"image":{"@id":"https:\/\/vosgesinfo.fr\/saintdieinfo\/2026\/04\/a-moyenmoutier-les-residents-du-chi5v-passent-cote-cuisines\/#primaryimage"},"thumbnailUrl":"https:\/\/vosgesinfo.fr\/app\/uploads\/sites\/4\/2026\/04\/moyenmoutier-visite-cuisine-chi5v-1.jpg","datePublished":"2026-04-27T10:33:36+00:00","dateModified":"2026-04-27T09:11:44+00:00","breadcrumb":{"@id":"https:\/\/vosgesinfo.fr\/saintdieinfo\/2026\/04\/a-moyenmoutier-les-residents-du-chi5v-passent-cote-cuisines\/#breadcrumb"},"inLanguage":"fr-FR","potentialAction":[{"@type":"ReadAction","target":["https:\/\/vosgesinfo.fr\/saintdieinfo\/2026\/04\/a-moyenmoutier-les-residents-du-chi5v-passent-cote-cuisines\/"]}]},{"@type":"ImageObject","inLanguage":"fr-FR","@id":"https:\/\/vosgesinfo.fr\/saintdieinfo\/2026\/04\/a-moyenmoutier-les-residents-du-chi5v-passent-cote-cuisines\/#primaryimage","url":"https:\/\/vosgesinfo.fr\/app\/uploads\/sites\/4\/2026\/04\/moyenmoutier-visite-cuisine-chi5v-1.jpg","contentUrl":"https:\/\/vosgesinfo.fr\/app\/uploads\/sites\/4\/2026\/04\/moyenmoutier-visite-cuisine-chi5v-1.jpg","width":1920,"height":1440,"caption":"(Photographies H\u00f4pitaux du Massif des Vosges)"},{"@type":"BreadcrumbList","@id":"https:\/\/vosgesinfo.fr\/saintdieinfo\/2026\/04\/a-moyenmoutier-les-residents-du-chi5v-passent-cote-cuisines\/#breadcrumb","itemListElement":[{"@type":"ListItem","position":1,"name":"Home","item":"https:\/\/vosgesinfo.fr\/saintdieinfo\/"},{"@type":"ListItem","position":2,"name":"\u00c0 Moyenmoutier, les r\u00e9sidents du CHI5V passent c\u00f4t\u00e9 cuisines"}]},{"@type":"WebSite","@id":"https:\/\/vosgesinfo.fr\/saintdieinfo\/#website","url":"https:\/\/vosgesinfo.fr\/saintdieinfo\/","name":"Saint Die Info","description":"Toute l&#039;actualit\u00e9 de Saint-Di\u00e9-Des-Vosges","publisher":{"@id":"https:\/\/vosgesinfo.fr\/saintdieinfo\/#organization"},"alternateName":"Toute l'actualit\u00e9 de Saint-Di\u00e9-Des-Vosges","potentialAction":[{"@type":"SearchAction","target":{"@type":"EntryPoint","urlTemplate":"https:\/\/vosgesinfo.fr\/saintdieinfo\/?s={search_term_string}"},"query-input":"required name=search_term_string"}],"inLanguage":"fr-FR"},{"@type":"Organization","@id":"https:\/\/vosgesinfo.fr\/saintdieinfo\/#organization","name":"Saint Die Info","url":"https:\/\/vosgesinfo.fr\/saintdieinfo\/","logo":{"@type":"ImageObject","inLanguage":"fr-FR","@id":"https:\/\/vosgesinfo.fr\/saintdieinfo\/#\/schema\/logo\/image\/","url":"https:\/\/vosgesinfo.fr\/app\/uploads\/sites\/4\/2024\/02\/logo-sdi.jpg","contentUrl":"https:\/\/vosgesinfo.fr\/app\/uploads\/sites\/4\/2024\/02\/logo-sdi.jpg","width":600,"height":600,"caption":"Saint Die Info"},"image":{"@id":"https:\/\/vosgesinfo.fr\/saintdieinfo\/#\/schema\/logo\/image\/"},"sameAs":["https:\/\/www.facebook.com\/Saintdieinfofr","https:\/\/x.com\/VosgesInfo88","https:\/\/www.youtube.com\/@vosgesinfo"]},{"@type":"Person","@id":"https:\/\/vosgesinfo.fr\/saintdieinfo\/#\/schema\/person\/fa73e9f726d67bb88f46d5b7943cb572","name":"J.J.","image":{"@type":"ImageObject","inLanguage":"fr-FR","@id":"https:\/\/vosgesinfo.fr\/saintdieinfo\/#\/schema\/person\/image\/","url":"https:\/\/secure.gravatar.com\/avatar\/219e749e47ffbcca018a360ae4add7d4cdf1cdaaf8bc7676b27efade3fe65615?s=96&d=mm&r=g","contentUrl":"https:\/\/secure.gravatar.com\/avatar\/219e749e47ffbcca018a360ae4add7d4cdf1cdaaf8bc7676b27efade3fe65615?s=96&d=mm&r=g","caption":"J.J."},"url":"https:\/\/vosgesinfo.fr\/saintdieinfo\/author\/j-j\/"}]}},"_links":{"self":[{"href":"https:\/\/vosgesinfo.fr\/saintdieinfo\/wp-json\/wp\/v2\/posts\/90664","targetHints":{"allow":["GET"]}}],"collection":[{"href":"https:\/\/vosgesinfo.fr\/saintdieinfo\/wp-json\/wp\/v2\/posts"}],"about":[{"href":"https:\/\/vosgesinfo.fr\/saintdieinfo\/wp-json\/wp\/v2\/types\/post"}],"author":[{"embeddable":true,"href":"https:\/\/vosgesinfo.fr\/saintdieinfo\/wp-json\/wp\/v2\/users\/46"}],"replies":[{"embeddable":true,"href":"https:\/\/vosgesinfo.fr\/saintdieinfo\/wp-json\/wp\/v2\/comments?post=90664"}],"version-history":[{"count":1,"href":"https:\/\/vosgesinfo.fr\/saintdieinfo\/wp-json\/wp\/v2\/posts\/90664\/revisions"}],"predecessor-version":[{"id":90671,"href":"https:\/\/vosgesinfo.fr\/saintdieinfo\/wp-json\/wp\/v2\/posts\/90664\/revisions\/90671"}],"wp:featuredmedia":[{"embeddable":true,"href":"https:\/\/vosgesinfo.fr\/saintdieinfo\/wp-json\/wp\/v2\/media\/90665"}],"wp:attachment":[{"href":"https:\/\/vosgesinfo.fr\/saintdieinfo\/wp-json\/wp\/v2\/media?parent=90664"}],"wp:term":[{"taxonomy":"category","embeddable":true,"href":"https:\/\/vosgesinfo.fr\/saintdieinfo\/wp-json\/wp\/v2\/categories?post=90664"},{"taxonomy":"post_tag","embeddable":true,"href":"https:\/\/vosgesinfo.fr\/saintdieinfo\/wp-json\/wp\/v2\/tags?post=90664"}],"curies":[{"name":"wp","href":"https:\/\/api.w.org\/{rel}","templated":true}]}}