{"id":90687,"date":"2026-04-27T13:43:21","date_gmt":"2026-04-27T11:43:21","guid":{"rendered":"https:\/\/vosgesinfo.fr\/saintdieinfo\/?p=90687"},"modified":"2026-04-27T12:48:24","modified_gmt":"2026-04-27T10:48:24","slug":"a-raon-letape-un-debat-public-pour-repenser-les-deplacements-face-au-cout-des-carburants","status":"publish","type":"post","link":"https:\/\/vosgesinfo.fr\/saintdieinfo\/2026\/04\/a-raon-letape-un-debat-public-pour-repenser-les-deplacements-face-au-cout-des-carburants\/","title":{"rendered":"\u00c0 Raon-l\u2019\u00c9tape, un d\u00e9bat public pour repenser les d\u00e9placements face au co\u00fbt des carburants"},"content":{"rendered":"<div id=\"attachment_90442\" style=\"width: 810px\" class=\"wp-caption alignnone\"><a href=\"https:\/\/vosgesinfo.fr\/app\/uploads\/sites\/4\/2026\/04\/201701carburant-station-essence.jpg\"><img decoding=\"async\" aria-describedby=\"caption-attachment-90442\" class=\"size-full wp-image-90442\" src=\"https:\/\/vosgesinfo.fr\/app\/uploads\/sites\/4\/2026\/04\/201701carburant-station-essence.jpg\" alt=\"\" width=\"800\" height=\"531\" srcset=\"https:\/\/vosgesinfo.fr\/app\/uploads\/sites\/4\/2026\/04\/201701carburant-station-essence.jpg 800w, https:\/\/vosgesinfo.fr\/app\/uploads\/sites\/4\/2026\/04\/201701carburant-station-essence-300x199.jpg 300w, https:\/\/vosgesinfo.fr\/app\/uploads\/sites\/4\/2026\/04\/201701carburant-station-essence-768x510.jpg 768w\" sizes=\"(max-width: 800px) 100vw, 800px\" \/><\/a><p id=\"caption-attachment-90442\" class=\"wp-caption-text\">(Illustration)<\/p><\/div>\n<h2>Un <strong>d\u00e9bat public<\/strong> consacr\u00e9 aux mobilit\u00e9s face \u00e0 la hausse du co\u00fbt des carburants se tiendra <strong>vendredi 22 mai<\/strong>, \u00e0 18 h 30, <strong>salle Beauregard<\/strong> (<strong>Raon-l\u2019\u00c9tape<\/strong>). Organis\u00e9e par \u00ab <strong>Les Vosges en Force avec David Valence<\/strong> \u00bb, la rencontre portera sur le th\u00e8me : \u00ab Face \u00e0 la crise du carburant, comment se d\u00e9placer autrement ? \u00bb.<\/h2>\n<p><!--more--><\/p>\n<h3><strong>Deux intervenants autour des transports<\/strong><\/h3>\n<p>David Valence, conseiller r\u00e9gional du <strong>Grand Est<\/strong>, et <strong>Karima Delli<\/strong>, ancienne d\u00e9put\u00e9e europ\u00e9enne et ancienne pr\u00e9sidente de la commission des transports et du tourisme au <strong>Parlement europ\u00e9en<\/strong>, participeront \u00e0 ce temps d\u2019\u00e9change. Ils croiseront leurs analyses autour des enjeux actuels de d\u00e9placement et des alternatives possibles \u00e0 la voiture individuelle, notamment dans les <strong>territoires ruraux<\/strong>.<\/p>\n<h3><strong>Un \u00e9change ouvert au public<\/strong><\/h3>\n<p>Ouvert \u00e0 toutes et tous, ce <strong>d\u00e9bat public<\/strong> doit permettre d\u2019aborder les solutions r\u00e9alistes pour <strong>se d\u00e9placer autrement en 2026<\/strong>, dans un contexte o\u00f9 le <strong>co\u00fbt des carburants<\/strong> p\u00e8se sur les habitudes de d\u00e9placement et interroge l\u2019avenir des <strong>mobilit\u00e9s locales<\/strong>.<\/p>\n<p><a href=\"https:\/\/vosgesinfo.fr\/app\/uploads\/sites\/4\/2026\/04\/raon-letape-debat-public-mobilites.jpg\"><img decoding=\"async\" class=\"alignnone size-large wp-image-90689\" src=\"https:\/\/vosgesinfo.fr\/app\/uploads\/sites\/4\/2026\/04\/raon-letape-debat-public-mobilites-1024x538.jpg\" alt=\"\" width=\"1024\" height=\"538\" srcset=\"https:\/\/vosgesinfo.fr\/app\/uploads\/sites\/4\/2026\/04\/raon-letape-debat-public-mobilites-1024x538.jpg 1024w, https:\/\/vosgesinfo.fr\/app\/uploads\/sites\/4\/2026\/04\/raon-letape-debat-public-mobilites-300x158.jpg 300w, https:\/\/vosgesinfo.fr\/app\/uploads\/sites\/4\/2026\/04\/raon-letape-debat-public-mobilites-768x403.jpg 768w, https:\/\/vosgesinfo.fr\/app\/uploads\/sites\/4\/2026\/04\/raon-letape-debat-public-mobilites.jpg 1200w\" sizes=\"(max-width: 1024px) 100vw, 1024px\" \/><\/a><\/p>\n","protected":false},"excerpt":{"rendered":"<p>Un d\u00e9bat public consacr\u00e9 aux mobilit\u00e9s face \u00e0 la hausse du co\u00fbt des carburants se tiendra vendredi 22 mai, \u00e0 [&hellip;]<\/p>\n","protected":false},"author":46,"featured_media":90442,"comment_status":"open","ping_status":"open","sticky":false,"template":"","format":"standard","meta":{"footnotes":""},"categories":[3900,3903,10,13],"tags":[21430,3337,679,21432,16581,21431,2654,1030],"class_list":["post-90687","post","type-post","status-publish","format-standard","has-post-thumbnail","hentry","category-breves","category-deodatie","category-politique","category-societe","tag-crise-du-carburant","tag-david-valence","tag-grand-est","tag-karima-delli","tag-les-vosges-en-force","tag-mobilite-rurale","tag-raon-letape","tag-transports"],"acf":[],"yoast_head":"<!-- This site is optimized with the Yoast SEO plugin v22.5 - https:\/\/yoast.com\/wordpress\/plugins\/seo\/ -->\n<title>\u00c0 Raon-l\u2019\u00c9tape, un d\u00e9bat public pour repenser les d\u00e9placements face au co\u00fbt des carburants - Saint Die Info<\/title>\n<meta name=\"robots\" content=\"index, follow, max-snippet:-1, max-image-preview:large, max-video-preview:-1\" \/>\n<link rel=\"canonical\" href=\"https:\/\/vosgesinfo.fr\/saintdieinfo\/2026\/04\/a-raon-letape-un-debat-public-pour-repenser-les-deplacements-face-au-cout-des-carburants\/\" \/>\n<meta name=\"twitter:card\" content=\"summary_large_image\" \/>\n<meta name=\"twitter:title\" content=\"\u00c0 Raon-l\u2019\u00c9tape, un d\u00e9bat public pour repenser les d\u00e9placements face au co\u00fbt des carburants - Saint Die Info\" \/>\n<meta name=\"twitter:description\" content=\"Un d\u00e9bat public consacr\u00e9 aux mobilit\u00e9s face \u00e0 la hausse du co\u00fbt des carburants se tiendra vendredi 22 mai, \u00e0 [&hellip;]\" \/>\n<meta name=\"twitter:image\" content=\"https:\/\/vosgesinfo.fr\/app\/uploads\/sites\/4\/2026\/04\/201701carburant-station-essence.jpg\" \/>\n<meta name=\"twitter:creator\" content=\"@VosgesInfo88\" \/>\n<meta name=\"twitter:site\" content=\"@VosgesInfo88\" \/>\n<meta name=\"twitter:label1\" content=\"\u00c9crit par\" \/>\n\t<meta name=\"twitter:data1\" content=\"J.J.\" \/>\n\t<meta name=\"twitter:label2\" content=\"Dur\u00e9e de lecture estim\u00e9e\" \/>\n\t<meta name=\"twitter:data2\" content=\"2 minutes\" \/>\n<script type=\"application\/ld+json\" class=\"yoast-schema-graph\">{\"@context\":\"https:\/\/schema.org\",\"@graph\":[{\"@type\":\"Article\",\"@id\":\"https:\/\/vosgesinfo.fr\/saintdieinfo\/2026\/04\/a-raon-letape-un-debat-public-pour-repenser-les-deplacements-face-au-cout-des-carburants\/#article\",\"isPartOf\":{\"@id\":\"https:\/\/vosgesinfo.fr\/saintdieinfo\/2026\/04\/a-raon-letape-un-debat-public-pour-repenser-les-deplacements-face-au-cout-des-carburants\/\"},\"author\":{\"name\":\"J.J.\",\"@id\":\"https:\/\/vosgesinfo.fr\/saintdieinfo\/#\/schema\/person\/fa73e9f726d67bb88f46d5b7943cb572\"},\"headline\":\"\u00c0 Raon-l\u2019\u00c9tape, un d\u00e9bat public pour repenser les d\u00e9placements face au co\u00fbt des carburants\",\"datePublished\":\"2026-04-27T11:43:21+00:00\",\"dateModified\":\"2026-04-27T10:48:24+00:00\",\"mainEntityOfPage\":{\"@id\":\"https:\/\/vosgesinfo.fr\/saintdieinfo\/2026\/04\/a-raon-letape-un-debat-public-pour-repenser-les-deplacements-face-au-cout-des-carburants\/\"},\"wordCount\":195,\"commentCount\":1,\"publisher\":{\"@id\":\"https:\/\/vosgesinfo.fr\/saintdieinfo\/#organization\"},\"image\":{\"@id\":\"https:\/\/vosgesinfo.fr\/saintdieinfo\/2026\/04\/a-raon-letape-un-debat-public-pour-repenser-les-deplacements-face-au-cout-des-carburants\/#primaryimage\"},\"thumbnailUrl\":\"https:\/\/vosgesinfo.fr\/app\/uploads\/sites\/4\/2026\/04\/201701carburant-station-essence.jpg\",\"keywords\":[\"crise du carburant\",\"David Valence\",\"Grand Est\",\"Karima Delli\",\"Les Vosges en Force\",\"mobilit\u00e9 rurale\",\"Raon-l\u2019Etape\",\"transports\"],\"articleSection\":[\"Br\u00e8ves\",\"D\u00e9odatie\",\"Politique\",\"Soci\u00e9t\u00e9\"],\"inLanguage\":\"fr-FR\",\"potentialAction\":[{\"@type\":\"CommentAction\",\"name\":\"Comment\",\"target\":[\"https:\/\/vosgesinfo.fr\/saintdieinfo\/2026\/04\/a-raon-letape-un-debat-public-pour-repenser-les-deplacements-face-au-cout-des-carburants\/#respond\"]}]},{\"@type\":\"WebPage\",\"@id\":\"https:\/\/vosgesinfo.fr\/saintdieinfo\/2026\/04\/a-raon-letape-un-debat-public-pour-repenser-les-deplacements-face-au-cout-des-carburants\/\",\"url\":\"https:\/\/vosgesinfo.fr\/saintdieinfo\/2026\/04\/a-raon-letape-un-debat-public-pour-repenser-les-deplacements-face-au-cout-des-carburants\/\",\"name\":\"\u00c0 Raon-l\u2019\u00c9tape, un d\u00e9bat public pour repenser les d\u00e9placements face au co\u00fbt des carburants - Saint Die Info\",\"isPartOf\":{\"@id\":\"https:\/\/vosgesinfo.fr\/saintdieinfo\/#website\"},\"primaryImageOfPage\":{\"@id\":\"https:\/\/vosgesinfo.fr\/saintdieinfo\/2026\/04\/a-raon-letape-un-debat-public-pour-repenser-les-deplacements-face-au-cout-des-carburants\/#primaryimage\"},\"image\":{\"@id\":\"https:\/\/vosgesinfo.fr\/saintdieinfo\/2026\/04\/a-raon-letape-un-debat-public-pour-repenser-les-deplacements-face-au-cout-des-carburants\/#primaryimage\"},\"thumbnailUrl\":\"https:\/\/vosgesinfo.fr\/app\/uploads\/sites\/4\/2026\/04\/201701carburant-station-essence.jpg\",\"datePublished\":\"2026-04-27T11:43:21+00:00\",\"dateModified\":\"2026-04-27T10:48:24+00:00\",\"breadcrumb\":{\"@id\":\"https:\/\/vosgesinfo.fr\/saintdieinfo\/2026\/04\/a-raon-letape-un-debat-public-pour-repenser-les-deplacements-face-au-cout-des-carburants\/#breadcrumb\"},\"inLanguage\":\"fr-FR\",\"potentialAction\":[{\"@type\":\"ReadAction\",\"target\":[\"https:\/\/vosgesinfo.fr\/saintdieinfo\/2026\/04\/a-raon-letape-un-debat-public-pour-repenser-les-deplacements-face-au-cout-des-carburants\/\"]}]},{\"@type\":\"ImageObject\",\"inLanguage\":\"fr-FR\",\"@id\":\"https:\/\/vosgesinfo.fr\/saintdieinfo\/2026\/04\/a-raon-letape-un-debat-public-pour-repenser-les-deplacements-face-au-cout-des-carburants\/#primaryimage\",\"url\":\"https:\/\/vosgesinfo.fr\/app\/uploads\/sites\/4\/2026\/04\/201701carburant-station-essence.jpg\",\"contentUrl\":\"https:\/\/vosgesinfo.fr\/app\/uploads\/sites\/4\/2026\/04\/201701carburant-station-essence.jpg\",\"width\":800,\"height\":531,\"caption\":\"(Illustration)\"},{\"@type\":\"BreadcrumbList\",\"@id\":\"https:\/\/vosgesinfo.fr\/saintdieinfo\/2026\/04\/a-raon-letape-un-debat-public-pour-repenser-les-deplacements-face-au-cout-des-carburants\/#breadcrumb\",\"itemListElement\":[{\"@type\":\"ListItem\",\"position\":1,\"name\":\"Home\",\"item\":\"https:\/\/vosgesinfo.fr\/saintdieinfo\/\"},{\"@type\":\"ListItem\",\"position\":2,\"name\":\"\u00c0 Raon-l\u2019\u00c9tape, un d\u00e9bat public pour repenser les d\u00e9placements face au co\u00fbt des carburants\"}]},{\"@type\":\"WebSite\",\"@id\":\"https:\/\/vosgesinfo.fr\/saintdieinfo\/#website\",\"url\":\"https:\/\/vosgesinfo.fr\/saintdieinfo\/\",\"name\":\"Saint Die Info\",\"description\":\"Toute l&#039;actualit\u00e9 de Saint-Di\u00e9-Des-Vosges\",\"publisher\":{\"@id\":\"https:\/\/vosgesinfo.fr\/saintdieinfo\/#organization\"},\"alternateName\":\"Toute l'actualit\u00e9 de Saint-Di\u00e9-Des-Vosges\",\"potentialAction\":[{\"@type\":\"SearchAction\",\"target\":{\"@type\":\"EntryPoint\",\"urlTemplate\":\"https:\/\/vosgesinfo.fr\/saintdieinfo\/?s={search_term_string}\"},\"query-input\":\"required name=search_term_string\"}],\"inLanguage\":\"fr-FR\"},{\"@type\":\"Organization\",\"@id\":\"https:\/\/vosgesinfo.fr\/saintdieinfo\/#organization\",\"name\":\"Saint Die Info\",\"url\":\"https:\/\/vosgesinfo.fr\/saintdieinfo\/\",\"logo\":{\"@type\":\"ImageObject\",\"inLanguage\":\"fr-FR\",\"@id\":\"https:\/\/vosgesinfo.fr\/saintdieinfo\/#\/schema\/logo\/image\/\",\"url\":\"https:\/\/vosgesinfo.fr\/app\/uploads\/sites\/4\/2024\/02\/logo-sdi.jpg\",\"contentUrl\":\"https:\/\/vosgesinfo.fr\/app\/uploads\/sites\/4\/2024\/02\/logo-sdi.jpg\",\"width\":600,\"height\":600,\"caption\":\"Saint Die Info\"},\"image\":{\"@id\":\"https:\/\/vosgesinfo.fr\/saintdieinfo\/#\/schema\/logo\/image\/\"},\"sameAs\":[\"https:\/\/www.facebook.com\/Saintdieinfofr\",\"https:\/\/x.com\/VosgesInfo88\",\"https:\/\/www.youtube.com\/@vosgesinfo\"]},{\"@type\":\"Person\",\"@id\":\"https:\/\/vosgesinfo.fr\/saintdieinfo\/#\/schema\/person\/fa73e9f726d67bb88f46d5b7943cb572\",\"name\":\"J.J.\",\"image\":{\"@type\":\"ImageObject\",\"inLanguage\":\"fr-FR\",\"@id\":\"https:\/\/vosgesinfo.fr\/saintdieinfo\/#\/schema\/person\/image\/\",\"url\":\"https:\/\/secure.gravatar.com\/avatar\/219e749e47ffbcca018a360ae4add7d4cdf1cdaaf8bc7676b27efade3fe65615?s=96&d=mm&r=g\",\"contentUrl\":\"https:\/\/secure.gravatar.com\/avatar\/219e749e47ffbcca018a360ae4add7d4cdf1cdaaf8bc7676b27efade3fe65615?s=96&d=mm&r=g\",\"caption\":\"J.J.\"},\"url\":\"https:\/\/vosgesinfo.fr\/saintdieinfo\/author\/j-j\/\"}]}<\/script>\n<!-- \/ Yoast SEO plugin. -->","yoast_head_json":{"title":"\u00c0 Raon-l\u2019\u00c9tape, un d\u00e9bat public pour repenser les d\u00e9placements face au co\u00fbt des carburants - Saint Die Info","robots":{"index":"index","follow":"follow","max-snippet":"max-snippet:-1","max-image-preview":"max-image-preview:large","max-video-preview":"max-video-preview:-1"},"canonical":"https:\/\/vosgesinfo.fr\/saintdieinfo\/2026\/04\/a-raon-letape-un-debat-public-pour-repenser-les-deplacements-face-au-cout-des-carburants\/","twitter_card":"summary_large_image","twitter_title":"\u00c0 Raon-l\u2019\u00c9tape, un d\u00e9bat public pour repenser les d\u00e9placements face au co\u00fbt des carburants - Saint Die Info","twitter_description":"Un d\u00e9bat public consacr\u00e9 aux mobilit\u00e9s face \u00e0 la hausse du co\u00fbt des carburants se tiendra vendredi 22 mai, \u00e0 [&hellip;]","twitter_image":"https:\/\/vosgesinfo.fr\/app\/uploads\/sites\/4\/2026\/04\/201701carburant-station-essence.jpg","twitter_creator":"@VosgesInfo88","twitter_site":"@VosgesInfo88","twitter_misc":{"\u00c9crit par":"J.J.","Dur\u00e9e de lecture estim\u00e9e":"2 minutes"},"schema":{"@context":"https:\/\/schema.org","@graph":[{"@type":"Article","@id":"https:\/\/vosgesinfo.fr\/saintdieinfo\/2026\/04\/a-raon-letape-un-debat-public-pour-repenser-les-deplacements-face-au-cout-des-carburants\/#article","isPartOf":{"@id":"https:\/\/vosgesinfo.fr\/saintdieinfo\/2026\/04\/a-raon-letape-un-debat-public-pour-repenser-les-deplacements-face-au-cout-des-carburants\/"},"author":{"name":"J.J.","@id":"https:\/\/vosgesinfo.fr\/saintdieinfo\/#\/schema\/person\/fa73e9f726d67bb88f46d5b7943cb572"},"headline":"\u00c0 Raon-l\u2019\u00c9tape, un d\u00e9bat public pour repenser les d\u00e9placements face au co\u00fbt des carburants","datePublished":"2026-04-27T11:43:21+00:00","dateModified":"2026-04-27T10:48:24+00:00","mainEntityOfPage":{"@id":"https:\/\/vosgesinfo.fr\/saintdieinfo\/2026\/04\/a-raon-letape-un-debat-public-pour-repenser-les-deplacements-face-au-cout-des-carburants\/"},"wordCount":195,"commentCount":1,"publisher":{"@id":"https:\/\/vosgesinfo.fr\/saintdieinfo\/#organization"},"image":{"@id":"https:\/\/vosgesinfo.fr\/saintdieinfo\/2026\/04\/a-raon-letape-un-debat-public-pour-repenser-les-deplacements-face-au-cout-des-carburants\/#primaryimage"},"thumbnailUrl":"https:\/\/vosgesinfo.fr\/app\/uploads\/sites\/4\/2026\/04\/201701carburant-station-essence.jpg","keywords":["crise du carburant","David Valence","Grand Est","Karima Delli","Les Vosges en Force","mobilit\u00e9 rurale","Raon-l\u2019Etape","transports"],"articleSection":["Br\u00e8ves","D\u00e9odatie","Politique","Soci\u00e9t\u00e9"],"inLanguage":"fr-FR","potentialAction":[{"@type":"CommentAction","name":"Comment","target":["https:\/\/vosgesinfo.fr\/saintdieinfo\/2026\/04\/a-raon-letape-un-debat-public-pour-repenser-les-deplacements-face-au-cout-des-carburants\/#respond"]}]},{"@type":"WebPage","@id":"https:\/\/vosgesinfo.fr\/saintdieinfo\/2026\/04\/a-raon-letape-un-debat-public-pour-repenser-les-deplacements-face-au-cout-des-carburants\/","url":"https:\/\/vosgesinfo.fr\/saintdieinfo\/2026\/04\/a-raon-letape-un-debat-public-pour-repenser-les-deplacements-face-au-cout-des-carburants\/","name":"\u00c0 Raon-l\u2019\u00c9tape, un d\u00e9bat public pour repenser les d\u00e9placements face au co\u00fbt des carburants - Saint Die Info","isPartOf":{"@id":"https:\/\/vosgesinfo.fr\/saintdieinfo\/#website"},"primaryImageOfPage":{"@id":"https:\/\/vosgesinfo.fr\/saintdieinfo\/2026\/04\/a-raon-letape-un-debat-public-pour-repenser-les-deplacements-face-au-cout-des-carburants\/#primaryimage"},"image":{"@id":"https:\/\/vosgesinfo.fr\/saintdieinfo\/2026\/04\/a-raon-letape-un-debat-public-pour-repenser-les-deplacements-face-au-cout-des-carburants\/#primaryimage"},"thumbnailUrl":"https:\/\/vosgesinfo.fr\/app\/uploads\/sites\/4\/2026\/04\/201701carburant-station-essence.jpg","datePublished":"2026-04-27T11:43:21+00:00","dateModified":"2026-04-27T10:48:24+00:00","breadcrumb":{"@id":"https:\/\/vosgesinfo.fr\/saintdieinfo\/2026\/04\/a-raon-letape-un-debat-public-pour-repenser-les-deplacements-face-au-cout-des-carburants\/#breadcrumb"},"inLanguage":"fr-FR","potentialAction":[{"@type":"ReadAction","target":["https:\/\/vosgesinfo.fr\/saintdieinfo\/2026\/04\/a-raon-letape-un-debat-public-pour-repenser-les-deplacements-face-au-cout-des-carburants\/"]}]},{"@type":"ImageObject","inLanguage":"fr-FR","@id":"https:\/\/vosgesinfo.fr\/saintdieinfo\/2026\/04\/a-raon-letape-un-debat-public-pour-repenser-les-deplacements-face-au-cout-des-carburants\/#primaryimage","url":"https:\/\/vosgesinfo.fr\/app\/uploads\/sites\/4\/2026\/04\/201701carburant-station-essence.jpg","contentUrl":"https:\/\/vosgesinfo.fr\/app\/uploads\/sites\/4\/2026\/04\/201701carburant-station-essence.jpg","width":800,"height":531,"caption":"(Illustration)"},{"@type":"BreadcrumbList","@id":"https:\/\/vosgesinfo.fr\/saintdieinfo\/2026\/04\/a-raon-letape-un-debat-public-pour-repenser-les-deplacements-face-au-cout-des-carburants\/#breadcrumb","itemListElement":[{"@type":"ListItem","position":1,"name":"Home","item":"https:\/\/vosgesinfo.fr\/saintdieinfo\/"},{"@type":"ListItem","position":2,"name":"\u00c0 Raon-l\u2019\u00c9tape, un d\u00e9bat public pour repenser les d\u00e9placements face au co\u00fbt des carburants"}]},{"@type":"WebSite","@id":"https:\/\/vosgesinfo.fr\/saintdieinfo\/#website","url":"https:\/\/vosgesinfo.fr\/saintdieinfo\/","name":"Saint Die Info","description":"Toute l&#039;actualit\u00e9 de Saint-Di\u00e9-Des-Vosges","publisher":{"@id":"https:\/\/vosgesinfo.fr\/saintdieinfo\/#organization"},"alternateName":"Toute l'actualit\u00e9 de Saint-Di\u00e9-Des-Vosges","potentialAction":[{"@type":"SearchAction","target":{"@type":"EntryPoint","urlTemplate":"https:\/\/vosgesinfo.fr\/saintdieinfo\/?s={search_term_string}"},"query-input":"required name=search_term_string"}],"inLanguage":"fr-FR"},{"@type":"Organization","@id":"https:\/\/vosgesinfo.fr\/saintdieinfo\/#organization","name":"Saint Die Info","url":"https:\/\/vosgesinfo.fr\/saintdieinfo\/","logo":{"@type":"ImageObject","inLanguage":"fr-FR","@id":"https:\/\/vosgesinfo.fr\/saintdieinfo\/#\/schema\/logo\/image\/","url":"https:\/\/vosgesinfo.fr\/app\/uploads\/sites\/4\/2024\/02\/logo-sdi.jpg","contentUrl":"https:\/\/vosgesinfo.fr\/app\/uploads\/sites\/4\/2024\/02\/logo-sdi.jpg","width":600,"height":600,"caption":"Saint Die Info"},"image":{"@id":"https:\/\/vosgesinfo.fr\/saintdieinfo\/#\/schema\/logo\/image\/"},"sameAs":["https:\/\/www.facebook.com\/Saintdieinfofr","https:\/\/x.com\/VosgesInfo88","https:\/\/www.youtube.com\/@vosgesinfo"]},{"@type":"Person","@id":"https:\/\/vosgesinfo.fr\/saintdieinfo\/#\/schema\/person\/fa73e9f726d67bb88f46d5b7943cb572","name":"J.J.","image":{"@type":"ImageObject","inLanguage":"fr-FR","@id":"https:\/\/vosgesinfo.fr\/saintdieinfo\/#\/schema\/person\/image\/","url":"https:\/\/secure.gravatar.com\/avatar\/219e749e47ffbcca018a360ae4add7d4cdf1cdaaf8bc7676b27efade3fe65615?s=96&d=mm&r=g","contentUrl":"https:\/\/secure.gravatar.com\/avatar\/219e749e47ffbcca018a360ae4add7d4cdf1cdaaf8bc7676b27efade3fe65615?s=96&d=mm&r=g","caption":"J.J."},"url":"https:\/\/vosgesinfo.fr\/saintdieinfo\/author\/j-j\/"}]}},"_links":{"self":[{"href":"https:\/\/vosgesinfo.fr\/saintdieinfo\/wp-json\/wp\/v2\/posts\/90687","targetHints":{"allow":["GET"]}}],"collection":[{"href":"https:\/\/vosgesinfo.fr\/saintdieinfo\/wp-json\/wp\/v2\/posts"}],"about":[{"href":"https:\/\/vosgesinfo.fr\/saintdieinfo\/wp-json\/wp\/v2\/types\/post"}],"author":[{"embeddable":true,"href":"https:\/\/vosgesinfo.fr\/saintdieinfo\/wp-json\/wp\/v2\/users\/46"}],"replies":[{"embeddable":true,"href":"https:\/\/vosgesinfo.fr\/saintdieinfo\/wp-json\/wp\/v2\/comments?post=90687"}],"version-history":[{"count":2,"href":"https:\/\/vosgesinfo.fr\/saintdieinfo\/wp-json\/wp\/v2\/posts\/90687\/revisions"}],"predecessor-version":[{"id":90690,"href":"https:\/\/vosgesinfo.fr\/saintdieinfo\/wp-json\/wp\/v2\/posts\/90687\/revisions\/90690"}],"wp:featuredmedia":[{"embeddable":true,"href":"https:\/\/vosgesinfo.fr\/saintdieinfo\/wp-json\/wp\/v2\/media\/90442"}],"wp:attachment":[{"href":"https:\/\/vosgesinfo.fr\/saintdieinfo\/wp-json\/wp\/v2\/media?parent=90687"}],"wp:term":[{"taxonomy":"category","embeddable":true,"href":"https:\/\/vosgesinfo.fr\/saintdieinfo\/wp-json\/wp\/v2\/categories?post=90687"},{"taxonomy":"post_tag","embeddable":true,"href":"https:\/\/vosgesinfo.fr\/saintdieinfo\/wp-json\/wp\/v2\/tags?post=90687"}],"curies":[{"name":"wp","href":"https:\/\/api.w.org\/{rel}","templated":true}]}}