{"id":90695,"date":"2026-04-28T07:33:11","date_gmt":"2026-04-28T05:33:11","guid":{"rendered":"https:\/\/vosgesinfo.fr\/saintdieinfo\/?p=90695"},"modified":"2026-04-27T16:13:02","modified_gmt":"2026-04-27T14:13:02","slug":"un-the-dansant-du-muguet-signe-la-farandole-a-la-salle-carbonnar","status":"publish","type":"post","link":"https:\/\/vosgesinfo.fr\/saintdieinfo\/2026\/04\/un-the-dansant-du-muguet-signe-la-farandole-a-la-salle-carbonnar\/","title":{"rendered":"Un th\u00e9 dansant du muguet sign\u00e9 La Farandole \u00e0 la salle Carbonnar"},"content":{"rendered":"<div id=\"attachment_88003\" style=\"width: 1034px\" class=\"wp-caption alignnone\"><a href=\"https:\/\/vosgesinfo.fr\/app\/uploads\/sites\/4\/2026\/02\/the-dansant-saint-valentin-la-farandole-2.jpg\"><img decoding=\"async\" aria-describedby=\"caption-attachment-88003\" class=\"size-large wp-image-88003\" src=\"https:\/\/vosgesinfo.fr\/app\/uploads\/sites\/4\/2026\/02\/the-dansant-saint-valentin-la-farandole-2-1024x683.jpg\" alt=\"\" width=\"1024\" height=\"683\" srcset=\"https:\/\/vosgesinfo.fr\/app\/uploads\/sites\/4\/2026\/02\/the-dansant-saint-valentin-la-farandole-2-1024x683.jpg 1024w, https:\/\/vosgesinfo.fr\/app\/uploads\/sites\/4\/2026\/02\/the-dansant-saint-valentin-la-farandole-2-300x200.jpg 300w, https:\/\/vosgesinfo.fr\/app\/uploads\/sites\/4\/2026\/02\/the-dansant-saint-valentin-la-farandole-2-768x512.jpg 768w, https:\/\/vosgesinfo.fr\/app\/uploads\/sites\/4\/2026\/02\/the-dansant-saint-valentin-la-farandole-2.jpg 1200w\" sizes=\"(max-width: 1024px) 100vw, 1024px\" \/><\/a><p id=\"caption-attachment-88003\" class=\"wp-caption-text\">(Archive)<\/p><\/div>\n<h2>L\u2019association <strong>La Farandole<\/strong> organise son <strong>th\u00e9 dansant du muguet<\/strong> ce <strong>dimanche 3 mai<\/strong>, de 14 h 30 \u00e0 18 h 30, \u00e0 la <strong>salle Carbonnar<\/strong>, avec le soutien de la <strong>Ville<\/strong>. L\u2019entr\u00e9e est fix\u00e9e \u00e0 10 euros.<\/h2>\n<p><!--more--><\/p>\n<h3><strong>Buvette et animation<\/strong><\/h3>\n<p>Une buvette sera disponible sur place. L\u2019ambiance sera assur\u00e9e par <strong>Nostalgia<\/strong>. Les r\u00e9servations sont conseill\u00e9es au <strong>07-66-49-09-83<\/strong>.<\/p>\n","protected":false},"excerpt":{"rendered":"<p>L\u2019association La Farandole organise son th\u00e9 dansant du muguet ce dimanche 3 mai, de 14 h 30 \u00e0 18 h [&hellip;]<\/p>\n","protected":false},"author":46,"featured_media":88003,"comment_status":"open","ping_status":"open","sticky":false,"template":"","format":"standard","meta":{"footnotes":""},"categories":[3900,20,167,17],"tags":[15791,6096,20799,3571,12695],"class_list":["post-90695","post","type-post","status-publish","format-standard","has-post-thumbnail","hentry","category-breves","category-loisirs","category-saint-die-des-vosges","category-vie-associative","tag-la-farandole","tag-muguet","tag-nostalgia","tag-salle-carbonnar","tag-the-dansant"],"acf":[],"yoast_head":"<!-- This site is optimized with the Yoast SEO plugin v22.5 - https:\/\/yoast.com\/wordpress\/plugins\/seo\/ -->\n<title>Un th\u00e9 dansant du muguet sign\u00e9 La Farandole \u00e0 la salle Carbonnar - Saint Die Info<\/title>\n<meta name=\"robots\" content=\"index, follow, max-snippet:-1, max-image-preview:large, max-video-preview:-1\" \/>\n<link rel=\"canonical\" href=\"https:\/\/vosgesinfo.fr\/saintdieinfo\/2026\/04\/un-the-dansant-du-muguet-signe-la-farandole-a-la-salle-carbonnar\/\" \/>\n<meta name=\"twitter:card\" content=\"summary_large_image\" \/>\n<meta name=\"twitter:title\" content=\"Un th\u00e9 dansant du muguet sign\u00e9 La Farandole \u00e0 la salle Carbonnar - Saint Die Info\" \/>\n<meta name=\"twitter:description\" content=\"L\u2019association La Farandole organise son th\u00e9 dansant du muguet ce dimanche 3 mai, de 14 h 30 \u00e0 18 h [&hellip;]\" \/>\n<meta name=\"twitter:image\" content=\"https:\/\/vosgesinfo.fr\/app\/uploads\/sites\/4\/2026\/02\/the-dansant-saint-valentin-la-farandole-2.jpg\" \/>\n<meta name=\"twitter:creator\" content=\"@VosgesInfo88\" \/>\n<meta name=\"twitter:site\" content=\"@VosgesInfo88\" \/>\n<meta name=\"twitter:label1\" content=\"\u00c9crit par\" \/>\n\t<meta name=\"twitter:data1\" content=\"J.J.\" \/>\n\t<meta name=\"twitter:label2\" content=\"Dur\u00e9e de lecture estim\u00e9e\" \/>\n\t<meta name=\"twitter:data2\" content=\"1 minute\" \/>\n<script type=\"application\/ld+json\" class=\"yoast-schema-graph\">{\"@context\":\"https:\/\/schema.org\",\"@graph\":[{\"@type\":\"Article\",\"@id\":\"https:\/\/vosgesinfo.fr\/saintdieinfo\/2026\/04\/un-the-dansant-du-muguet-signe-la-farandole-a-la-salle-carbonnar\/#article\",\"isPartOf\":{\"@id\":\"https:\/\/vosgesinfo.fr\/saintdieinfo\/2026\/04\/un-the-dansant-du-muguet-signe-la-farandole-a-la-salle-carbonnar\/\"},\"author\":{\"name\":\"J.J.\",\"@id\":\"https:\/\/vosgesinfo.fr\/saintdieinfo\/#\/schema\/person\/fa73e9f726d67bb88f46d5b7943cb572\"},\"headline\":\"Un th\u00e9 dansant du muguet sign\u00e9 La Farandole \u00e0 la salle Carbonnar\",\"datePublished\":\"2026-04-28T05:33:11+00:00\",\"dateModified\":\"2026-04-27T14:13:02+00:00\",\"mainEntityOfPage\":{\"@id\":\"https:\/\/vosgesinfo.fr\/saintdieinfo\/2026\/04\/un-the-dansant-du-muguet-signe-la-farandole-a-la-salle-carbonnar\/\"},\"wordCount\":78,\"commentCount\":0,\"publisher\":{\"@id\":\"https:\/\/vosgesinfo.fr\/saintdieinfo\/#organization\"},\"image\":{\"@id\":\"https:\/\/vosgesinfo.fr\/saintdieinfo\/2026\/04\/un-the-dansant-du-muguet-signe-la-farandole-a-la-salle-carbonnar\/#primaryimage\"},\"thumbnailUrl\":\"https:\/\/vosgesinfo.fr\/app\/uploads\/sites\/4\/2026\/02\/the-dansant-saint-valentin-la-farandole-2.jpg\",\"keywords\":[\"La Farandole\",\"Muguet\",\"Nostalgia\",\"Salle Carbonnar\",\"Th\u00e9 dansant\"],\"articleSection\":[\"Br\u00e8ves\",\"Loisirs\",\"Saint-Di\u00e9-des-Vosges\",\"Vie Associative\"],\"inLanguage\":\"fr-FR\",\"potentialAction\":[{\"@type\":\"CommentAction\",\"name\":\"Comment\",\"target\":[\"https:\/\/vosgesinfo.fr\/saintdieinfo\/2026\/04\/un-the-dansant-du-muguet-signe-la-farandole-a-la-salle-carbonnar\/#respond\"]}]},{\"@type\":\"WebPage\",\"@id\":\"https:\/\/vosgesinfo.fr\/saintdieinfo\/2026\/04\/un-the-dansant-du-muguet-signe-la-farandole-a-la-salle-carbonnar\/\",\"url\":\"https:\/\/vosgesinfo.fr\/saintdieinfo\/2026\/04\/un-the-dansant-du-muguet-signe-la-farandole-a-la-salle-carbonnar\/\",\"name\":\"Un th\u00e9 dansant du muguet sign\u00e9 La Farandole \u00e0 la salle Carbonnar - Saint Die Info\",\"isPartOf\":{\"@id\":\"https:\/\/vosgesinfo.fr\/saintdieinfo\/#website\"},\"primaryImageOfPage\":{\"@id\":\"https:\/\/vosgesinfo.fr\/saintdieinfo\/2026\/04\/un-the-dansant-du-muguet-signe-la-farandole-a-la-salle-carbonnar\/#primaryimage\"},\"image\":{\"@id\":\"https:\/\/vosgesinfo.fr\/saintdieinfo\/2026\/04\/un-the-dansant-du-muguet-signe-la-farandole-a-la-salle-carbonnar\/#primaryimage\"},\"thumbnailUrl\":\"https:\/\/vosgesinfo.fr\/app\/uploads\/sites\/4\/2026\/02\/the-dansant-saint-valentin-la-farandole-2.jpg\",\"datePublished\":\"2026-04-28T05:33:11+00:00\",\"dateModified\":\"2026-04-27T14:13:02+00:00\",\"breadcrumb\":{\"@id\":\"https:\/\/vosgesinfo.fr\/saintdieinfo\/2026\/04\/un-the-dansant-du-muguet-signe-la-farandole-a-la-salle-carbonnar\/#breadcrumb\"},\"inLanguage\":\"fr-FR\",\"potentialAction\":[{\"@type\":\"ReadAction\",\"target\":[\"https:\/\/vosgesinfo.fr\/saintdieinfo\/2026\/04\/un-the-dansant-du-muguet-signe-la-farandole-a-la-salle-carbonnar\/\"]}]},{\"@type\":\"ImageObject\",\"inLanguage\":\"fr-FR\",\"@id\":\"https:\/\/vosgesinfo.fr\/saintdieinfo\/2026\/04\/un-the-dansant-du-muguet-signe-la-farandole-a-la-salle-carbonnar\/#primaryimage\",\"url\":\"https:\/\/vosgesinfo.fr\/app\/uploads\/sites\/4\/2026\/02\/the-dansant-saint-valentin-la-farandole-2.jpg\",\"contentUrl\":\"https:\/\/vosgesinfo.fr\/app\/uploads\/sites\/4\/2026\/02\/the-dansant-saint-valentin-la-farandole-2.jpg\",\"width\":1200,\"height\":800,\"caption\":\"(Archive)\"},{\"@type\":\"BreadcrumbList\",\"@id\":\"https:\/\/vosgesinfo.fr\/saintdieinfo\/2026\/04\/un-the-dansant-du-muguet-signe-la-farandole-a-la-salle-carbonnar\/#breadcrumb\",\"itemListElement\":[{\"@type\":\"ListItem\",\"position\":1,\"name\":\"Home\",\"item\":\"https:\/\/vosgesinfo.fr\/saintdieinfo\/\"},{\"@type\":\"ListItem\",\"position\":2,\"name\":\"Un th\u00e9 dansant du muguet sign\u00e9 La Farandole \u00e0 la salle Carbonnar\"}]},{\"@type\":\"WebSite\",\"@id\":\"https:\/\/vosgesinfo.fr\/saintdieinfo\/#website\",\"url\":\"https:\/\/vosgesinfo.fr\/saintdieinfo\/\",\"name\":\"Saint Die Info\",\"description\":\"Toute l&#039;actualit\u00e9 de Saint-Di\u00e9-Des-Vosges\",\"publisher\":{\"@id\":\"https:\/\/vosgesinfo.fr\/saintdieinfo\/#organization\"},\"alternateName\":\"Toute l'actualit\u00e9 de Saint-Di\u00e9-Des-Vosges\",\"potentialAction\":[{\"@type\":\"SearchAction\",\"target\":{\"@type\":\"EntryPoint\",\"urlTemplate\":\"https:\/\/vosgesinfo.fr\/saintdieinfo\/?s={search_term_string}\"},\"query-input\":\"required name=search_term_string\"}],\"inLanguage\":\"fr-FR\"},{\"@type\":\"Organization\",\"@id\":\"https:\/\/vosgesinfo.fr\/saintdieinfo\/#organization\",\"name\":\"Saint Die Info\",\"url\":\"https:\/\/vosgesinfo.fr\/saintdieinfo\/\",\"logo\":{\"@type\":\"ImageObject\",\"inLanguage\":\"fr-FR\",\"@id\":\"https:\/\/vosgesinfo.fr\/saintdieinfo\/#\/schema\/logo\/image\/\",\"url\":\"https:\/\/vosgesinfo.fr\/app\/uploads\/sites\/4\/2024\/02\/logo-sdi.jpg\",\"contentUrl\":\"https:\/\/vosgesinfo.fr\/app\/uploads\/sites\/4\/2024\/02\/logo-sdi.jpg\",\"width\":600,\"height\":600,\"caption\":\"Saint Die Info\"},\"image\":{\"@id\":\"https:\/\/vosgesinfo.fr\/saintdieinfo\/#\/schema\/logo\/image\/\"},\"sameAs\":[\"https:\/\/www.facebook.com\/Saintdieinfofr\",\"https:\/\/x.com\/VosgesInfo88\",\"https:\/\/www.youtube.com\/@vosgesinfo\"]},{\"@type\":\"Person\",\"@id\":\"https:\/\/vosgesinfo.fr\/saintdieinfo\/#\/schema\/person\/fa73e9f726d67bb88f46d5b7943cb572\",\"name\":\"J.J.\",\"image\":{\"@type\":\"ImageObject\",\"inLanguage\":\"fr-FR\",\"@id\":\"https:\/\/vosgesinfo.fr\/saintdieinfo\/#\/schema\/person\/image\/\",\"url\":\"https:\/\/secure.gravatar.com\/avatar\/219e749e47ffbcca018a360ae4add7d4cdf1cdaaf8bc7676b27efade3fe65615?s=96&d=mm&r=g\",\"contentUrl\":\"https:\/\/secure.gravatar.com\/avatar\/219e749e47ffbcca018a360ae4add7d4cdf1cdaaf8bc7676b27efade3fe65615?s=96&d=mm&r=g\",\"caption\":\"J.J.\"},\"url\":\"https:\/\/vosgesinfo.fr\/saintdieinfo\/author\/j-j\/\"}]}<\/script>\n<!-- \/ Yoast SEO plugin. -->","yoast_head_json":{"title":"Un th\u00e9 dansant du muguet sign\u00e9 La Farandole \u00e0 la salle Carbonnar - Saint Die Info","robots":{"index":"index","follow":"follow","max-snippet":"max-snippet:-1","max-image-preview":"max-image-preview:large","max-video-preview":"max-video-preview:-1"},"canonical":"https:\/\/vosgesinfo.fr\/saintdieinfo\/2026\/04\/un-the-dansant-du-muguet-signe-la-farandole-a-la-salle-carbonnar\/","twitter_card":"summary_large_image","twitter_title":"Un th\u00e9 dansant du muguet sign\u00e9 La Farandole \u00e0 la salle Carbonnar - Saint Die Info","twitter_description":"L\u2019association La Farandole organise son th\u00e9 dansant du muguet ce dimanche 3 mai, de 14 h 30 \u00e0 18 h [&hellip;]","twitter_image":"https:\/\/vosgesinfo.fr\/app\/uploads\/sites\/4\/2026\/02\/the-dansant-saint-valentin-la-farandole-2.jpg","twitter_creator":"@VosgesInfo88","twitter_site":"@VosgesInfo88","twitter_misc":{"\u00c9crit par":"J.J.","Dur\u00e9e de lecture estim\u00e9e":"1 minute"},"schema":{"@context":"https:\/\/schema.org","@graph":[{"@type":"Article","@id":"https:\/\/vosgesinfo.fr\/saintdieinfo\/2026\/04\/un-the-dansant-du-muguet-signe-la-farandole-a-la-salle-carbonnar\/#article","isPartOf":{"@id":"https:\/\/vosgesinfo.fr\/saintdieinfo\/2026\/04\/un-the-dansant-du-muguet-signe-la-farandole-a-la-salle-carbonnar\/"},"author":{"name":"J.J.","@id":"https:\/\/vosgesinfo.fr\/saintdieinfo\/#\/schema\/person\/fa73e9f726d67bb88f46d5b7943cb572"},"headline":"Un th\u00e9 dansant du muguet sign\u00e9 La Farandole \u00e0 la salle Carbonnar","datePublished":"2026-04-28T05:33:11+00:00","dateModified":"2026-04-27T14:13:02+00:00","mainEntityOfPage":{"@id":"https:\/\/vosgesinfo.fr\/saintdieinfo\/2026\/04\/un-the-dansant-du-muguet-signe-la-farandole-a-la-salle-carbonnar\/"},"wordCount":78,"commentCount":0,"publisher":{"@id":"https:\/\/vosgesinfo.fr\/saintdieinfo\/#organization"},"image":{"@id":"https:\/\/vosgesinfo.fr\/saintdieinfo\/2026\/04\/un-the-dansant-du-muguet-signe-la-farandole-a-la-salle-carbonnar\/#primaryimage"},"thumbnailUrl":"https:\/\/vosgesinfo.fr\/app\/uploads\/sites\/4\/2026\/02\/the-dansant-saint-valentin-la-farandole-2.jpg","keywords":["La Farandole","Muguet","Nostalgia","Salle Carbonnar","Th\u00e9 dansant"],"articleSection":["Br\u00e8ves","Loisirs","Saint-Di\u00e9-des-Vosges","Vie Associative"],"inLanguage":"fr-FR","potentialAction":[{"@type":"CommentAction","name":"Comment","target":["https:\/\/vosgesinfo.fr\/saintdieinfo\/2026\/04\/un-the-dansant-du-muguet-signe-la-farandole-a-la-salle-carbonnar\/#respond"]}]},{"@type":"WebPage","@id":"https:\/\/vosgesinfo.fr\/saintdieinfo\/2026\/04\/un-the-dansant-du-muguet-signe-la-farandole-a-la-salle-carbonnar\/","url":"https:\/\/vosgesinfo.fr\/saintdieinfo\/2026\/04\/un-the-dansant-du-muguet-signe-la-farandole-a-la-salle-carbonnar\/","name":"Un th\u00e9 dansant du muguet sign\u00e9 La Farandole \u00e0 la salle Carbonnar - Saint Die Info","isPartOf":{"@id":"https:\/\/vosgesinfo.fr\/saintdieinfo\/#website"},"primaryImageOfPage":{"@id":"https:\/\/vosgesinfo.fr\/saintdieinfo\/2026\/04\/un-the-dansant-du-muguet-signe-la-farandole-a-la-salle-carbonnar\/#primaryimage"},"image":{"@id":"https:\/\/vosgesinfo.fr\/saintdieinfo\/2026\/04\/un-the-dansant-du-muguet-signe-la-farandole-a-la-salle-carbonnar\/#primaryimage"},"thumbnailUrl":"https:\/\/vosgesinfo.fr\/app\/uploads\/sites\/4\/2026\/02\/the-dansant-saint-valentin-la-farandole-2.jpg","datePublished":"2026-04-28T05:33:11+00:00","dateModified":"2026-04-27T14:13:02+00:00","breadcrumb":{"@id":"https:\/\/vosgesinfo.fr\/saintdieinfo\/2026\/04\/un-the-dansant-du-muguet-signe-la-farandole-a-la-salle-carbonnar\/#breadcrumb"},"inLanguage":"fr-FR","potentialAction":[{"@type":"ReadAction","target":["https:\/\/vosgesinfo.fr\/saintdieinfo\/2026\/04\/un-the-dansant-du-muguet-signe-la-farandole-a-la-salle-carbonnar\/"]}]},{"@type":"ImageObject","inLanguage":"fr-FR","@id":"https:\/\/vosgesinfo.fr\/saintdieinfo\/2026\/04\/un-the-dansant-du-muguet-signe-la-farandole-a-la-salle-carbonnar\/#primaryimage","url":"https:\/\/vosgesinfo.fr\/app\/uploads\/sites\/4\/2026\/02\/the-dansant-saint-valentin-la-farandole-2.jpg","contentUrl":"https:\/\/vosgesinfo.fr\/app\/uploads\/sites\/4\/2026\/02\/the-dansant-saint-valentin-la-farandole-2.jpg","width":1200,"height":800,"caption":"(Archive)"},{"@type":"BreadcrumbList","@id":"https:\/\/vosgesinfo.fr\/saintdieinfo\/2026\/04\/un-the-dansant-du-muguet-signe-la-farandole-a-la-salle-carbonnar\/#breadcrumb","itemListElement":[{"@type":"ListItem","position":1,"name":"Home","item":"https:\/\/vosgesinfo.fr\/saintdieinfo\/"},{"@type":"ListItem","position":2,"name":"Un th\u00e9 dansant du muguet sign\u00e9 La Farandole \u00e0 la salle Carbonnar"}]},{"@type":"WebSite","@id":"https:\/\/vosgesinfo.fr\/saintdieinfo\/#website","url":"https:\/\/vosgesinfo.fr\/saintdieinfo\/","name":"Saint Die Info","description":"Toute l&#039;actualit\u00e9 de Saint-Di\u00e9-Des-Vosges","publisher":{"@id":"https:\/\/vosgesinfo.fr\/saintdieinfo\/#organization"},"alternateName":"Toute l'actualit\u00e9 de Saint-Di\u00e9-Des-Vosges","potentialAction":[{"@type":"SearchAction","target":{"@type":"EntryPoint","urlTemplate":"https:\/\/vosgesinfo.fr\/saintdieinfo\/?s={search_term_string}"},"query-input":"required name=search_term_string"}],"inLanguage":"fr-FR"},{"@type":"Organization","@id":"https:\/\/vosgesinfo.fr\/saintdieinfo\/#organization","name":"Saint Die Info","url":"https:\/\/vosgesinfo.fr\/saintdieinfo\/","logo":{"@type":"ImageObject","inLanguage":"fr-FR","@id":"https:\/\/vosgesinfo.fr\/saintdieinfo\/#\/schema\/logo\/image\/","url":"https:\/\/vosgesinfo.fr\/app\/uploads\/sites\/4\/2024\/02\/logo-sdi.jpg","contentUrl":"https:\/\/vosgesinfo.fr\/app\/uploads\/sites\/4\/2024\/02\/logo-sdi.jpg","width":600,"height":600,"caption":"Saint Die Info"},"image":{"@id":"https:\/\/vosgesinfo.fr\/saintdieinfo\/#\/schema\/logo\/image\/"},"sameAs":["https:\/\/www.facebook.com\/Saintdieinfofr","https:\/\/x.com\/VosgesInfo88","https:\/\/www.youtube.com\/@vosgesinfo"]},{"@type":"Person","@id":"https:\/\/vosgesinfo.fr\/saintdieinfo\/#\/schema\/person\/fa73e9f726d67bb88f46d5b7943cb572","name":"J.J.","image":{"@type":"ImageObject","inLanguage":"fr-FR","@id":"https:\/\/vosgesinfo.fr\/saintdieinfo\/#\/schema\/person\/image\/","url":"https:\/\/secure.gravatar.com\/avatar\/219e749e47ffbcca018a360ae4add7d4cdf1cdaaf8bc7676b27efade3fe65615?s=96&d=mm&r=g","contentUrl":"https:\/\/secure.gravatar.com\/avatar\/219e749e47ffbcca018a360ae4add7d4cdf1cdaaf8bc7676b27efade3fe65615?s=96&d=mm&r=g","caption":"J.J."},"url":"https:\/\/vosgesinfo.fr\/saintdieinfo\/author\/j-j\/"}]}},"_links":{"self":[{"href":"https:\/\/vosgesinfo.fr\/saintdieinfo\/wp-json\/wp\/v2\/posts\/90695","targetHints":{"allow":["GET"]}}],"collection":[{"href":"https:\/\/vosgesinfo.fr\/saintdieinfo\/wp-json\/wp\/v2\/posts"}],"about":[{"href":"https:\/\/vosgesinfo.fr\/saintdieinfo\/wp-json\/wp\/v2\/types\/post"}],"author":[{"embeddable":true,"href":"https:\/\/vosgesinfo.fr\/saintdieinfo\/wp-json\/wp\/v2\/users\/46"}],"replies":[{"embeddable":true,"href":"https:\/\/vosgesinfo.fr\/saintdieinfo\/wp-json\/wp\/v2\/comments?post=90695"}],"version-history":[{"count":1,"href":"https:\/\/vosgesinfo.fr\/saintdieinfo\/wp-json\/wp\/v2\/posts\/90695\/revisions"}],"predecessor-version":[{"id":90696,"href":"https:\/\/vosgesinfo.fr\/saintdieinfo\/wp-json\/wp\/v2\/posts\/90695\/revisions\/90696"}],"wp:featuredmedia":[{"embeddable":true,"href":"https:\/\/vosgesinfo.fr\/saintdieinfo\/wp-json\/wp\/v2\/media\/88003"}],"wp:attachment":[{"href":"https:\/\/vosgesinfo.fr\/saintdieinfo\/wp-json\/wp\/v2\/media?parent=90695"}],"wp:term":[{"taxonomy":"category","embeddable":true,"href":"https:\/\/vosgesinfo.fr\/saintdieinfo\/wp-json\/wp\/v2\/categories?post=90695"},{"taxonomy":"post_tag","embeddable":true,"href":"https:\/\/vosgesinfo.fr\/saintdieinfo\/wp-json\/wp\/v2\/tags?post=90695"}],"curies":[{"name":"wp","href":"https:\/\/api.w.org\/{rel}","templated":true}]}}