{"id":90705,"date":"2026-04-28T06:53:17","date_gmt":"2026-04-28T04:53:17","guid":{"rendered":"https:\/\/vosgesinfo.fr\/saintdieinfo\/?p=90705"},"modified":"2026-04-27T17:56:45","modified_gmt":"2026-04-27T15:56:45","slug":"au-foyer-des-jeunes-travailleurs-de-saint-die-des-vosges-herve-legrix-et-sclap-art-creations-croisent-leurs-univers","status":"publish","type":"post","link":"https:\/\/vosgesinfo.fr\/saintdieinfo\/2026\/04\/au-foyer-des-jeunes-travailleurs-de-saint-die-des-vosges-herve-legrix-et-sclap-art-creations-croisent-leurs-univers\/","title":{"rendered":"Au Foyer des Jeunes Travailleurs de Saint-Di\u00e9-des-Vosges, Herv\u00e9 Legrix et Sclap Art Cr\u00e9ations croisent leurs univers"},"content":{"rendered":"<p><a href=\"https:\/\/vosgesinfo.fr\/app\/uploads\/sites\/4\/2026\/04\/exposition-fjt-artis-a-herve-legrixsclap-art-creations-5.jpg\"><img decoding=\"async\" class=\"alignnone size-large wp-image-90710\" src=\"https:\/\/vosgesinfo.fr\/app\/uploads\/sites\/4\/2026\/04\/exposition-fjt-artis-a-herve-legrixsclap-art-creations-5-1024x771.jpg\" alt=\"\" width=\"1024\" height=\"771\" srcset=\"https:\/\/vosgesinfo.fr\/app\/uploads\/sites\/4\/2026\/04\/exposition-fjt-artis-a-herve-legrixsclap-art-creations-5-1024x771.jpg 1024w, https:\/\/vosgesinfo.fr\/app\/uploads\/sites\/4\/2026\/04\/exposition-fjt-artis-a-herve-legrixsclap-art-creations-5-300x226.jpg 300w, https:\/\/vosgesinfo.fr\/app\/uploads\/sites\/4\/2026\/04\/exposition-fjt-artis-a-herve-legrixsclap-art-creations-5-768x578.jpg 768w, https:\/\/vosgesinfo.fr\/app\/uploads\/sites\/4\/2026\/04\/exposition-fjt-artis-a-herve-legrixsclap-art-creations-5-1536x1157.jpg 1536w, https:\/\/vosgesinfo.fr\/app\/uploads\/sites\/4\/2026\/04\/exposition-fjt-artis-a-herve-legrixsclap-art-creations-5.jpg 1920w\" sizes=\"(max-width: 1024px) 100vw, 1024px\" \/><\/a><\/p>\n<h2>L\u2019association d\u00e9odatienne <strong>Artis A<\/strong> organise une exposition du <strong>27 avril au 11 mai<\/strong> au <strong>Foyer des Jeunes Travailleurs de Saint-Di\u00e9-des-Vosges<\/strong> (36 avenue Ernest-Colin). Deux univers y sont r\u00e9unis : les photographies d\u2019<strong>Herv\u00e9 Legrix<\/strong> ainsi que les peintures et cr\u00e9ations de <strong>Sclap Art Cr\u00e9ations, alias Sandra Pierrel<\/strong>. Le vernissage se tiendra ce jeudi 30 avril, \u00e0 19 h.<\/h2>\n<p><!--more--><\/p>\n<h3><strong>Deux d\u00e9marches artistiques pr\u00e9sent\u00e9es<\/strong><\/h3>\n<p>Photographe amateur bien connu \u00e0 Saint-Di\u00e9-des-Vosges, Herv\u00e9 Legrix pr\u00e9sente <strong>50 de ses tirages<\/strong>, dont des <strong>photographies r\u00e9centes<\/strong>, entre <strong>cascades, ciels et fleurs<\/strong>.<\/p>\n<p>Sclap Art Cr\u00e9ations d\u00e9veloppe des <strong>bijoux et des d\u00e9corations d\u2019int\u00e9rieur<\/strong> en peinture fluide. Install\u00e9e \u00e0 <strong>Taintrux<\/strong>, la cr\u00e9atrice travaille diff\u00e9rents objets et mat\u00e9riaux, avec des pi\u00e8ces vernies pour faciliter leur entretien et leur conservation.<\/p>\n<h3><strong>Horaires d\u2019ouverture de l\u2019exposition<\/strong><\/h3>\n<p>L\u2019exposition est ouverte les <strong>lundis et jeudis<\/strong>, de 14 h \u00e0 19 h, ainsi que les <strong>mardis, mercredis et vendredis<\/strong>, de 9 h \u00e0 17 h.<\/p>\n<h3><strong>Artis A accompagne les artistes<\/strong><\/h3>\n<p>L\u2019association Artis A accompagne les artistes dans la vente de leurs \u0153uvres, notamment par son site <strong><a href=\"https:\/\/www.artis-a.com\" target=\"_blank\" rel=\"noopener\">www.artis-a.com<\/a><\/strong>, les r\u00e9seaux sociaux et des expositions. Elle m\u00e8ne aussi des actions de communication pour les faire conna\u00eetre.<\/p>\n<p>Pour poursuivre ses projets, l\u2019association recherche des <strong>dons, des adh\u00e9sions et des b\u00e9n\u00e9voles<\/strong>. Les \u0153uvres sont en vente sur le site de l\u2019association. Contact : <strong>Aur\u00e9lie Betton<\/strong>, au <strong>06-86-85-46-79<\/strong> ou par courriel \u00e0 <strong><a href=\"mailto:artis.a.asso@hotmail.com\" target=\"_blank\" rel=\"noopener\">artis.a.asso@hotmail.com<\/a><\/strong>.<\/p>\n\n\t\t<style type=\"text\/css\">\n\t\t\t#gallery-1 {\n\t\t\t\tmargin: auto;\n\t\t\t}\n\t\t\t#gallery-1 .gallery-item {\n\t\t\t\tfloat: left;\n\t\t\t\tmargin-top: 10px;\n\t\t\t\ttext-align: center;\n\t\t\t\twidth: 33%;\n\t\t\t}\n\t\t\t#gallery-1 img {\n\t\t\t\tborder: 2px solid #cfcfcf;\n\t\t\t}\n\t\t\t#gallery-1 .gallery-caption {\n\t\t\t\tmargin-left: 0;\n\t\t\t}\n\t\t\t\/* see gallery_shortcode() in wp-includes\/media.php *\/\n\t\t<\/style>\n\t\t<div id='gallery-1' class='gallery galleryid-90705 gallery-columns-3 gallery-size-thumbnail'><dl class='gallery-item'>\n\t\t\t<dt class='gallery-icon landscape'>\n\t\t\t\t<a href='https:\/\/vosgesinfo.fr\/app\/uploads\/sites\/4\/2026\/04\/exposition-fjt-artis-a-herve-legrixsclap-art-creations-4.jpg'><img decoding=\"async\" width=\"150\" height=\"150\" src=\"https:\/\/vosgesinfo.fr\/app\/uploads\/sites\/4\/2026\/04\/exposition-fjt-artis-a-herve-legrixsclap-art-creations-4-150x150.jpg\" class=\"attachment-thumbnail size-thumbnail\" alt=\"\" \/><\/a>\n\t\t\t<\/dt><\/dl><dl class='gallery-item'>\n\t\t\t<dt class='gallery-icon landscape'>\n\t\t\t\t<a href='https:\/\/vosgesinfo.fr\/app\/uploads\/sites\/4\/2026\/04\/exposition-fjt-artis-a-herve-legrixsclap-art-creations-3.jpg'><img decoding=\"async\" width=\"150\" height=\"150\" src=\"https:\/\/vosgesinfo.fr\/app\/uploads\/sites\/4\/2026\/04\/exposition-fjt-artis-a-herve-legrixsclap-art-creations-3-150x150.jpg\" class=\"attachment-thumbnail size-thumbnail\" alt=\"\" \/><\/a>\n\t\t\t<\/dt><\/dl><dl class='gallery-item'>\n\t\t\t<dt class='gallery-icon landscape'>\n\t\t\t\t<a href='https:\/\/vosgesinfo.fr\/app\/uploads\/sites\/4\/2026\/04\/exposition-fjt-artis-a-herve-legrixsclap-art-creations-1.jpg'><img decoding=\"async\" width=\"150\" height=\"150\" src=\"https:\/\/vosgesinfo.fr\/app\/uploads\/sites\/4\/2026\/04\/exposition-fjt-artis-a-herve-legrixsclap-art-creations-1-150x150.jpg\" class=\"attachment-thumbnail size-thumbnail\" alt=\"\" \/><\/a>\n\t\t\t<\/dt><\/dl><br style=\"clear: both\" \/><dl class='gallery-item'>\n\t\t\t<dt class='gallery-icon landscape'>\n\t\t\t\t<a href='https:\/\/vosgesinfo.fr\/app\/uploads\/sites\/4\/2026\/04\/exposition-fjt-artis-a-herve-legrixsclap-art-creations-6.jpg'><img decoding=\"async\" width=\"150\" height=\"150\" src=\"https:\/\/vosgesinfo.fr\/app\/uploads\/sites\/4\/2026\/04\/exposition-fjt-artis-a-herve-legrixsclap-art-creations-6-150x150.jpg\" class=\"attachment-thumbnail size-thumbnail\" alt=\"\" \/><\/a>\n\t\t\t<\/dt><\/dl><dl class='gallery-item'>\n\t\t\t<dt class='gallery-icon portrait'>\n\t\t\t\t<a href='https:\/\/vosgesinfo.fr\/app\/uploads\/sites\/4\/2026\/04\/exposition-fjt-artis-a-herve-legrixsclap-art-creations-2.jpg'><img decoding=\"async\" width=\"150\" height=\"150\" src=\"https:\/\/vosgesinfo.fr\/app\/uploads\/sites\/4\/2026\/04\/exposition-fjt-artis-a-herve-legrixsclap-art-creations-2-150x150.jpg\" class=\"attachment-thumbnail size-thumbnail\" alt=\"\" \/><\/a>\n\t\t\t<\/dt><\/dl><dl class='gallery-item'>\n\t\t\t<dt class='gallery-icon landscape'>\n\t\t\t\t<a href='https:\/\/vosgesinfo.fr\/app\/uploads\/sites\/4\/2026\/04\/exposition-fjt-artis-a-herve-legrixsclap-art-creations-7.jpg'><img decoding=\"async\" width=\"150\" height=\"150\" src=\"https:\/\/vosgesinfo.fr\/app\/uploads\/sites\/4\/2026\/04\/exposition-fjt-artis-a-herve-legrixsclap-art-creations-7-150x150.jpg\" class=\"attachment-thumbnail size-thumbnail\" alt=\"\" \/><\/a>\n\t\t\t<\/dt><\/dl><br style=\"clear: both\" \/><dl class='gallery-item'>\n\t\t\t<dt class='gallery-icon landscape'>\n\t\t\t\t<a href='https:\/\/vosgesinfo.fr\/app\/uploads\/sites\/4\/2026\/04\/exposition-fjt-artis-a-herve-legrixsclap-art-creations-8.jpg'><img decoding=\"async\" width=\"150\" height=\"150\" src=\"https:\/\/vosgesinfo.fr\/app\/uploads\/sites\/4\/2026\/04\/exposition-fjt-artis-a-herve-legrixsclap-art-creations-8-150x150.jpg\" class=\"attachment-thumbnail size-thumbnail\" alt=\"\" \/><\/a>\n\t\t\t<\/dt><\/dl>\n\t\t\t<br style='clear: both' \/>\n\t\t<\/div>\n\n","protected":false},"excerpt":{"rendered":"<p>L\u2019association d\u00e9odatienne Artis A organise une exposition du 27 avril au 11 mai au Foyer des Jeunes Travailleurs de Saint-Di\u00e9-des-Vosges [&hellip;]<\/p>\n","protected":false},"author":46,"featured_media":90710,"comment_status":"open","ping_status":"open","sticky":false,"template":"","format":"standard","meta":{"footnotes":""},"categories":[460,8019,167,17],"tags":[16858,200,10926,8021,556,2881,20786,21344,3948],"class_list":["post-90705","post","type-post","status-publish","format-standard","has-post-thumbnail","hentry","category-a-la-une","category-vie-artistique-art-culture","category-saint-die-des-vosges","category-vie-associative","tag-artis-a","tag-exposition","tag-foyer-des-jeunes-travailleurs","tag-herve-legrix","tag-photographie","tag-saint-die-des-vosges","tag-sandra-pierrel","tag-sclap-art-creations","tag-taintrux"],"acf":[],"yoast_head":"<!-- This site is optimized with the Yoast SEO plugin v22.5 - https:\/\/yoast.com\/wordpress\/plugins\/seo\/ -->\n<title>Au Foyer des Jeunes Travailleurs de Saint-Di\u00e9-des-Vosges, Herv\u00e9 Legrix et Sclap Art Cr\u00e9ations croisent leurs univers - Saint Die Info<\/title>\n<meta name=\"robots\" content=\"index, follow, max-snippet:-1, max-image-preview:large, max-video-preview:-1\" \/>\n<link rel=\"canonical\" href=\"https:\/\/vosgesinfo.fr\/saintdieinfo\/2026\/04\/au-foyer-des-jeunes-travailleurs-de-saint-die-des-vosges-herve-legrix-et-sclap-art-creations-croisent-leurs-univers\/\" \/>\n<meta name=\"twitter:card\" content=\"summary_large_image\" \/>\n<meta name=\"twitter:title\" content=\"Au Foyer des Jeunes Travailleurs de Saint-Di\u00e9-des-Vosges, Herv\u00e9 Legrix et Sclap Art Cr\u00e9ations croisent leurs univers - Saint Die Info\" \/>\n<meta name=\"twitter:description\" content=\"L\u2019association d\u00e9odatienne Artis A organise une exposition du 27 avril au 11 mai au Foyer des Jeunes Travailleurs de Saint-Di\u00e9-des-Vosges [&hellip;]\" \/>\n<meta name=\"twitter:image\" content=\"https:\/\/vosgesinfo.fr\/app\/uploads\/sites\/4\/2026\/04\/exposition-fjt-artis-a-herve-legrixsclap-art-creations-5.jpg\" \/>\n<meta name=\"twitter:creator\" content=\"@VosgesInfo88\" \/>\n<meta name=\"twitter:site\" content=\"@VosgesInfo88\" \/>\n<meta name=\"twitter:label1\" content=\"\u00c9crit par\" \/>\n\t<meta name=\"twitter:data1\" content=\"J.J.\" \/>\n\t<meta name=\"twitter:label2\" content=\"Dur\u00e9e de lecture estim\u00e9e\" \/>\n\t<meta name=\"twitter:data2\" content=\"2 minutes\" \/>\n<script type=\"application\/ld+json\" class=\"yoast-schema-graph\">{\"@context\":\"https:\/\/schema.org\",\"@graph\":[{\"@type\":\"Article\",\"@id\":\"https:\/\/vosgesinfo.fr\/saintdieinfo\/2026\/04\/au-foyer-des-jeunes-travailleurs-de-saint-die-des-vosges-herve-legrix-et-sclap-art-creations-croisent-leurs-univers\/#article\",\"isPartOf\":{\"@id\":\"https:\/\/vosgesinfo.fr\/saintdieinfo\/2026\/04\/au-foyer-des-jeunes-travailleurs-de-saint-die-des-vosges-herve-legrix-et-sclap-art-creations-croisent-leurs-univers\/\"},\"author\":{\"name\":\"J.J.\",\"@id\":\"https:\/\/vosgesinfo.fr\/saintdieinfo\/#\/schema\/person\/fa73e9f726d67bb88f46d5b7943cb572\"},\"headline\":\"Au Foyer des Jeunes Travailleurs de Saint-Di\u00e9-des-Vosges, Herv\u00e9 Legrix et Sclap Art Cr\u00e9ations croisent leurs univers\",\"datePublished\":\"2026-04-28T04:53:17+00:00\",\"dateModified\":\"2026-04-27T15:56:45+00:00\",\"mainEntityOfPage\":{\"@id\":\"https:\/\/vosgesinfo.fr\/saintdieinfo\/2026\/04\/au-foyer-des-jeunes-travailleurs-de-saint-die-des-vosges-herve-legrix-et-sclap-art-creations-croisent-leurs-univers\/\"},\"wordCount\":269,\"commentCount\":0,\"publisher\":{\"@id\":\"https:\/\/vosgesinfo.fr\/saintdieinfo\/#organization\"},\"image\":{\"@id\":\"https:\/\/vosgesinfo.fr\/saintdieinfo\/2026\/04\/au-foyer-des-jeunes-travailleurs-de-saint-die-des-vosges-herve-legrix-et-sclap-art-creations-croisent-leurs-univers\/#primaryimage\"},\"thumbnailUrl\":\"https:\/\/vosgesinfo.fr\/app\/uploads\/sites\/4\/2026\/04\/exposition-fjt-artis-a-herve-legrixsclap-art-creations-5.jpg\",\"keywords\":[\"Artis A\",\"exposition\",\"Foyer des Jeunes Travailleurs\",\"Herv\u00e9 Legrix\",\"photographie\",\"Saint-Di\u00e9-des-Vosges\",\"Sandra Pierrel\",\"Sclap Art Cr\u00e9ations\",\"Taintrux\"],\"articleSection\":[\"A la Une\",\"Art\",\"Saint-Di\u00e9-des-Vosges\",\"Vie Associative\"],\"inLanguage\":\"fr-FR\",\"potentialAction\":[{\"@type\":\"CommentAction\",\"name\":\"Comment\",\"target\":[\"https:\/\/vosgesinfo.fr\/saintdieinfo\/2026\/04\/au-foyer-des-jeunes-travailleurs-de-saint-die-des-vosges-herve-legrix-et-sclap-art-creations-croisent-leurs-univers\/#respond\"]}]},{\"@type\":\"WebPage\",\"@id\":\"https:\/\/vosgesinfo.fr\/saintdieinfo\/2026\/04\/au-foyer-des-jeunes-travailleurs-de-saint-die-des-vosges-herve-legrix-et-sclap-art-creations-croisent-leurs-univers\/\",\"url\":\"https:\/\/vosgesinfo.fr\/saintdieinfo\/2026\/04\/au-foyer-des-jeunes-travailleurs-de-saint-die-des-vosges-herve-legrix-et-sclap-art-creations-croisent-leurs-univers\/\",\"name\":\"Au Foyer des Jeunes Travailleurs de Saint-Di\u00e9-des-Vosges, Herv\u00e9 Legrix et Sclap Art Cr\u00e9ations croisent leurs univers - Saint Die Info\",\"isPartOf\":{\"@id\":\"https:\/\/vosgesinfo.fr\/saintdieinfo\/#website\"},\"primaryImageOfPage\":{\"@id\":\"https:\/\/vosgesinfo.fr\/saintdieinfo\/2026\/04\/au-foyer-des-jeunes-travailleurs-de-saint-die-des-vosges-herve-legrix-et-sclap-art-creations-croisent-leurs-univers\/#primaryimage\"},\"image\":{\"@id\":\"https:\/\/vosgesinfo.fr\/saintdieinfo\/2026\/04\/au-foyer-des-jeunes-travailleurs-de-saint-die-des-vosges-herve-legrix-et-sclap-art-creations-croisent-leurs-univers\/#primaryimage\"},\"thumbnailUrl\":\"https:\/\/vosgesinfo.fr\/app\/uploads\/sites\/4\/2026\/04\/exposition-fjt-artis-a-herve-legrixsclap-art-creations-5.jpg\",\"datePublished\":\"2026-04-28T04:53:17+00:00\",\"dateModified\":\"2026-04-27T15:56:45+00:00\",\"breadcrumb\":{\"@id\":\"https:\/\/vosgesinfo.fr\/saintdieinfo\/2026\/04\/au-foyer-des-jeunes-travailleurs-de-saint-die-des-vosges-herve-legrix-et-sclap-art-creations-croisent-leurs-univers\/#breadcrumb\"},\"inLanguage\":\"fr-FR\",\"potentialAction\":[{\"@type\":\"ReadAction\",\"target\":[\"https:\/\/vosgesinfo.fr\/saintdieinfo\/2026\/04\/au-foyer-des-jeunes-travailleurs-de-saint-die-des-vosges-herve-legrix-et-sclap-art-creations-croisent-leurs-univers\/\"]}]},{\"@type\":\"ImageObject\",\"inLanguage\":\"fr-FR\",\"@id\":\"https:\/\/vosgesinfo.fr\/saintdieinfo\/2026\/04\/au-foyer-des-jeunes-travailleurs-de-saint-die-des-vosges-herve-legrix-et-sclap-art-creations-croisent-leurs-univers\/#primaryimage\",\"url\":\"https:\/\/vosgesinfo.fr\/app\/uploads\/sites\/4\/2026\/04\/exposition-fjt-artis-a-herve-legrixsclap-art-creations-5.jpg\",\"contentUrl\":\"https:\/\/vosgesinfo.fr\/app\/uploads\/sites\/4\/2026\/04\/exposition-fjt-artis-a-herve-legrixsclap-art-creations-5.jpg\",\"width\":1920,\"height\":1446},{\"@type\":\"BreadcrumbList\",\"@id\":\"https:\/\/vosgesinfo.fr\/saintdieinfo\/2026\/04\/au-foyer-des-jeunes-travailleurs-de-saint-die-des-vosges-herve-legrix-et-sclap-art-creations-croisent-leurs-univers\/#breadcrumb\",\"itemListElement\":[{\"@type\":\"ListItem\",\"position\":1,\"name\":\"Home\",\"item\":\"https:\/\/vosgesinfo.fr\/saintdieinfo\/\"},{\"@type\":\"ListItem\",\"position\":2,\"name\":\"Au Foyer des Jeunes Travailleurs de Saint-Di\u00e9-des-Vosges, Herv\u00e9 Legrix et Sclap Art Cr\u00e9ations croisent leurs univers\"}]},{\"@type\":\"WebSite\",\"@id\":\"https:\/\/vosgesinfo.fr\/saintdieinfo\/#website\",\"url\":\"https:\/\/vosgesinfo.fr\/saintdieinfo\/\",\"name\":\"Saint Die Info\",\"description\":\"Toute l&#039;actualit\u00e9 de Saint-Di\u00e9-Des-Vosges\",\"publisher\":{\"@id\":\"https:\/\/vosgesinfo.fr\/saintdieinfo\/#organization\"},\"alternateName\":\"Toute l'actualit\u00e9 de Saint-Di\u00e9-Des-Vosges\",\"potentialAction\":[{\"@type\":\"SearchAction\",\"target\":{\"@type\":\"EntryPoint\",\"urlTemplate\":\"https:\/\/vosgesinfo.fr\/saintdieinfo\/?s={search_term_string}\"},\"query-input\":\"required name=search_term_string\"}],\"inLanguage\":\"fr-FR\"},{\"@type\":\"Organization\",\"@id\":\"https:\/\/vosgesinfo.fr\/saintdieinfo\/#organization\",\"name\":\"Saint Die Info\",\"url\":\"https:\/\/vosgesinfo.fr\/saintdieinfo\/\",\"logo\":{\"@type\":\"ImageObject\",\"inLanguage\":\"fr-FR\",\"@id\":\"https:\/\/vosgesinfo.fr\/saintdieinfo\/#\/schema\/logo\/image\/\",\"url\":\"https:\/\/vosgesinfo.fr\/app\/uploads\/sites\/4\/2024\/02\/logo-sdi.jpg\",\"contentUrl\":\"https:\/\/vosgesinfo.fr\/app\/uploads\/sites\/4\/2024\/02\/logo-sdi.jpg\",\"width\":600,\"height\":600,\"caption\":\"Saint Die Info\"},\"image\":{\"@id\":\"https:\/\/vosgesinfo.fr\/saintdieinfo\/#\/schema\/logo\/image\/\"},\"sameAs\":[\"https:\/\/www.facebook.com\/Saintdieinfofr\",\"https:\/\/x.com\/VosgesInfo88\",\"https:\/\/www.youtube.com\/@vosgesinfo\"]},{\"@type\":\"Person\",\"@id\":\"https:\/\/vosgesinfo.fr\/saintdieinfo\/#\/schema\/person\/fa73e9f726d67bb88f46d5b7943cb572\",\"name\":\"J.J.\",\"image\":{\"@type\":\"ImageObject\",\"inLanguage\":\"fr-FR\",\"@id\":\"https:\/\/vosgesinfo.fr\/saintdieinfo\/#\/schema\/person\/image\/\",\"url\":\"https:\/\/secure.gravatar.com\/avatar\/219e749e47ffbcca018a360ae4add7d4cdf1cdaaf8bc7676b27efade3fe65615?s=96&d=mm&r=g\",\"contentUrl\":\"https:\/\/secure.gravatar.com\/avatar\/219e749e47ffbcca018a360ae4add7d4cdf1cdaaf8bc7676b27efade3fe65615?s=96&d=mm&r=g\",\"caption\":\"J.J.\"},\"url\":\"https:\/\/vosgesinfo.fr\/saintdieinfo\/author\/j-j\/\"}]}<\/script>\n<!-- \/ Yoast SEO plugin. -->","yoast_head_json":{"title":"Au Foyer des Jeunes Travailleurs de Saint-Di\u00e9-des-Vosges, Herv\u00e9 Legrix et Sclap Art Cr\u00e9ations croisent leurs univers - Saint Die Info","robots":{"index":"index","follow":"follow","max-snippet":"max-snippet:-1","max-image-preview":"max-image-preview:large","max-video-preview":"max-video-preview:-1"},"canonical":"https:\/\/vosgesinfo.fr\/saintdieinfo\/2026\/04\/au-foyer-des-jeunes-travailleurs-de-saint-die-des-vosges-herve-legrix-et-sclap-art-creations-croisent-leurs-univers\/","twitter_card":"summary_large_image","twitter_title":"Au Foyer des Jeunes Travailleurs de Saint-Di\u00e9-des-Vosges, Herv\u00e9 Legrix et Sclap Art Cr\u00e9ations croisent leurs univers - Saint Die Info","twitter_description":"L\u2019association d\u00e9odatienne Artis A organise une exposition du 27 avril au 11 mai au Foyer des Jeunes Travailleurs de Saint-Di\u00e9-des-Vosges [&hellip;]","twitter_image":"https:\/\/vosgesinfo.fr\/app\/uploads\/sites\/4\/2026\/04\/exposition-fjt-artis-a-herve-legrixsclap-art-creations-5.jpg","twitter_creator":"@VosgesInfo88","twitter_site":"@VosgesInfo88","twitter_misc":{"\u00c9crit par":"J.J.","Dur\u00e9e de lecture estim\u00e9e":"2 minutes"},"schema":{"@context":"https:\/\/schema.org","@graph":[{"@type":"Article","@id":"https:\/\/vosgesinfo.fr\/saintdieinfo\/2026\/04\/au-foyer-des-jeunes-travailleurs-de-saint-die-des-vosges-herve-legrix-et-sclap-art-creations-croisent-leurs-univers\/#article","isPartOf":{"@id":"https:\/\/vosgesinfo.fr\/saintdieinfo\/2026\/04\/au-foyer-des-jeunes-travailleurs-de-saint-die-des-vosges-herve-legrix-et-sclap-art-creations-croisent-leurs-univers\/"},"author":{"name":"J.J.","@id":"https:\/\/vosgesinfo.fr\/saintdieinfo\/#\/schema\/person\/fa73e9f726d67bb88f46d5b7943cb572"},"headline":"Au Foyer des Jeunes Travailleurs de Saint-Di\u00e9-des-Vosges, Herv\u00e9 Legrix et Sclap Art Cr\u00e9ations croisent leurs univers","datePublished":"2026-04-28T04:53:17+00:00","dateModified":"2026-04-27T15:56:45+00:00","mainEntityOfPage":{"@id":"https:\/\/vosgesinfo.fr\/saintdieinfo\/2026\/04\/au-foyer-des-jeunes-travailleurs-de-saint-die-des-vosges-herve-legrix-et-sclap-art-creations-croisent-leurs-univers\/"},"wordCount":269,"commentCount":0,"publisher":{"@id":"https:\/\/vosgesinfo.fr\/saintdieinfo\/#organization"},"image":{"@id":"https:\/\/vosgesinfo.fr\/saintdieinfo\/2026\/04\/au-foyer-des-jeunes-travailleurs-de-saint-die-des-vosges-herve-legrix-et-sclap-art-creations-croisent-leurs-univers\/#primaryimage"},"thumbnailUrl":"https:\/\/vosgesinfo.fr\/app\/uploads\/sites\/4\/2026\/04\/exposition-fjt-artis-a-herve-legrixsclap-art-creations-5.jpg","keywords":["Artis A","exposition","Foyer des Jeunes Travailleurs","Herv\u00e9 Legrix","photographie","Saint-Di\u00e9-des-Vosges","Sandra Pierrel","Sclap Art Cr\u00e9ations","Taintrux"],"articleSection":["A la Une","Art","Saint-Di\u00e9-des-Vosges","Vie Associative"],"inLanguage":"fr-FR","potentialAction":[{"@type":"CommentAction","name":"Comment","target":["https:\/\/vosgesinfo.fr\/saintdieinfo\/2026\/04\/au-foyer-des-jeunes-travailleurs-de-saint-die-des-vosges-herve-legrix-et-sclap-art-creations-croisent-leurs-univers\/#respond"]}]},{"@type":"WebPage","@id":"https:\/\/vosgesinfo.fr\/saintdieinfo\/2026\/04\/au-foyer-des-jeunes-travailleurs-de-saint-die-des-vosges-herve-legrix-et-sclap-art-creations-croisent-leurs-univers\/","url":"https:\/\/vosgesinfo.fr\/saintdieinfo\/2026\/04\/au-foyer-des-jeunes-travailleurs-de-saint-die-des-vosges-herve-legrix-et-sclap-art-creations-croisent-leurs-univers\/","name":"Au Foyer des Jeunes Travailleurs de Saint-Di\u00e9-des-Vosges, Herv\u00e9 Legrix et Sclap Art Cr\u00e9ations croisent leurs univers - Saint Die Info","isPartOf":{"@id":"https:\/\/vosgesinfo.fr\/saintdieinfo\/#website"},"primaryImageOfPage":{"@id":"https:\/\/vosgesinfo.fr\/saintdieinfo\/2026\/04\/au-foyer-des-jeunes-travailleurs-de-saint-die-des-vosges-herve-legrix-et-sclap-art-creations-croisent-leurs-univers\/#primaryimage"},"image":{"@id":"https:\/\/vosgesinfo.fr\/saintdieinfo\/2026\/04\/au-foyer-des-jeunes-travailleurs-de-saint-die-des-vosges-herve-legrix-et-sclap-art-creations-croisent-leurs-univers\/#primaryimage"},"thumbnailUrl":"https:\/\/vosgesinfo.fr\/app\/uploads\/sites\/4\/2026\/04\/exposition-fjt-artis-a-herve-legrixsclap-art-creations-5.jpg","datePublished":"2026-04-28T04:53:17+00:00","dateModified":"2026-04-27T15:56:45+00:00","breadcrumb":{"@id":"https:\/\/vosgesinfo.fr\/saintdieinfo\/2026\/04\/au-foyer-des-jeunes-travailleurs-de-saint-die-des-vosges-herve-legrix-et-sclap-art-creations-croisent-leurs-univers\/#breadcrumb"},"inLanguage":"fr-FR","potentialAction":[{"@type":"ReadAction","target":["https:\/\/vosgesinfo.fr\/saintdieinfo\/2026\/04\/au-foyer-des-jeunes-travailleurs-de-saint-die-des-vosges-herve-legrix-et-sclap-art-creations-croisent-leurs-univers\/"]}]},{"@type":"ImageObject","inLanguage":"fr-FR","@id":"https:\/\/vosgesinfo.fr\/saintdieinfo\/2026\/04\/au-foyer-des-jeunes-travailleurs-de-saint-die-des-vosges-herve-legrix-et-sclap-art-creations-croisent-leurs-univers\/#primaryimage","url":"https:\/\/vosgesinfo.fr\/app\/uploads\/sites\/4\/2026\/04\/exposition-fjt-artis-a-herve-legrixsclap-art-creations-5.jpg","contentUrl":"https:\/\/vosgesinfo.fr\/app\/uploads\/sites\/4\/2026\/04\/exposition-fjt-artis-a-herve-legrixsclap-art-creations-5.jpg","width":1920,"height":1446},{"@type":"BreadcrumbList","@id":"https:\/\/vosgesinfo.fr\/saintdieinfo\/2026\/04\/au-foyer-des-jeunes-travailleurs-de-saint-die-des-vosges-herve-legrix-et-sclap-art-creations-croisent-leurs-univers\/#breadcrumb","itemListElement":[{"@type":"ListItem","position":1,"name":"Home","item":"https:\/\/vosgesinfo.fr\/saintdieinfo\/"},{"@type":"ListItem","position":2,"name":"Au Foyer des Jeunes Travailleurs de Saint-Di\u00e9-des-Vosges, Herv\u00e9 Legrix et Sclap Art Cr\u00e9ations croisent leurs univers"}]},{"@type":"WebSite","@id":"https:\/\/vosgesinfo.fr\/saintdieinfo\/#website","url":"https:\/\/vosgesinfo.fr\/saintdieinfo\/","name":"Saint Die Info","description":"Toute l&#039;actualit\u00e9 de Saint-Di\u00e9-Des-Vosges","publisher":{"@id":"https:\/\/vosgesinfo.fr\/saintdieinfo\/#organization"},"alternateName":"Toute l'actualit\u00e9 de Saint-Di\u00e9-Des-Vosges","potentialAction":[{"@type":"SearchAction","target":{"@type":"EntryPoint","urlTemplate":"https:\/\/vosgesinfo.fr\/saintdieinfo\/?s={search_term_string}"},"query-input":"required name=search_term_string"}],"inLanguage":"fr-FR"},{"@type":"Organization","@id":"https:\/\/vosgesinfo.fr\/saintdieinfo\/#organization","name":"Saint Die Info","url":"https:\/\/vosgesinfo.fr\/saintdieinfo\/","logo":{"@type":"ImageObject","inLanguage":"fr-FR","@id":"https:\/\/vosgesinfo.fr\/saintdieinfo\/#\/schema\/logo\/image\/","url":"https:\/\/vosgesinfo.fr\/app\/uploads\/sites\/4\/2024\/02\/logo-sdi.jpg","contentUrl":"https:\/\/vosgesinfo.fr\/app\/uploads\/sites\/4\/2024\/02\/logo-sdi.jpg","width":600,"height":600,"caption":"Saint Die Info"},"image":{"@id":"https:\/\/vosgesinfo.fr\/saintdieinfo\/#\/schema\/logo\/image\/"},"sameAs":["https:\/\/www.facebook.com\/Saintdieinfofr","https:\/\/x.com\/VosgesInfo88","https:\/\/www.youtube.com\/@vosgesinfo"]},{"@type":"Person","@id":"https:\/\/vosgesinfo.fr\/saintdieinfo\/#\/schema\/person\/fa73e9f726d67bb88f46d5b7943cb572","name":"J.J.","image":{"@type":"ImageObject","inLanguage":"fr-FR","@id":"https:\/\/vosgesinfo.fr\/saintdieinfo\/#\/schema\/person\/image\/","url":"https:\/\/secure.gravatar.com\/avatar\/219e749e47ffbcca018a360ae4add7d4cdf1cdaaf8bc7676b27efade3fe65615?s=96&d=mm&r=g","contentUrl":"https:\/\/secure.gravatar.com\/avatar\/219e749e47ffbcca018a360ae4add7d4cdf1cdaaf8bc7676b27efade3fe65615?s=96&d=mm&r=g","caption":"J.J."},"url":"https:\/\/vosgesinfo.fr\/saintdieinfo\/author\/j-j\/"}]}},"_links":{"self":[{"href":"https:\/\/vosgesinfo.fr\/saintdieinfo\/wp-json\/wp\/v2\/posts\/90705","targetHints":{"allow":["GET"]}}],"collection":[{"href":"https:\/\/vosgesinfo.fr\/saintdieinfo\/wp-json\/wp\/v2\/posts"}],"about":[{"href":"https:\/\/vosgesinfo.fr\/saintdieinfo\/wp-json\/wp\/v2\/types\/post"}],"author":[{"embeddable":true,"href":"https:\/\/vosgesinfo.fr\/saintdieinfo\/wp-json\/wp\/v2\/users\/46"}],"replies":[{"embeddable":true,"href":"https:\/\/vosgesinfo.fr\/saintdieinfo\/wp-json\/wp\/v2\/comments?post=90705"}],"version-history":[{"count":1,"href":"https:\/\/vosgesinfo.fr\/saintdieinfo\/wp-json\/wp\/v2\/posts\/90705\/revisions"}],"predecessor-version":[{"id":90717,"href":"https:\/\/vosgesinfo.fr\/saintdieinfo\/wp-json\/wp\/v2\/posts\/90705\/revisions\/90717"}],"wp:featuredmedia":[{"embeddable":true,"href":"https:\/\/vosgesinfo.fr\/saintdieinfo\/wp-json\/wp\/v2\/media\/90710"}],"wp:attachment":[{"href":"https:\/\/vosgesinfo.fr\/saintdieinfo\/wp-json\/wp\/v2\/media?parent=90705"}],"wp:term":[{"taxonomy":"category","embeddable":true,"href":"https:\/\/vosgesinfo.fr\/saintdieinfo\/wp-json\/wp\/v2\/categories?post=90705"},{"taxonomy":"post_tag","embeddable":true,"href":"https:\/\/vosgesinfo.fr\/saintdieinfo\/wp-json\/wp\/v2\/tags?post=90705"}],"curies":[{"name":"wp","href":"https:\/\/api.w.org\/{rel}","templated":true}]}}