{"id":90749,"date":"2026-04-28T13:03:06","date_gmt":"2026-04-28T11:03:06","guid":{"rendered":"https:\/\/vosgesinfo.fr\/saintdieinfo\/?p=90749"},"modified":"2026-04-28T12:51:07","modified_gmt":"2026-04-28T10:51:07","slug":"une-exposition-a-liut-de-saint-die-des-vosges-interroge-la-notion-de-genre","status":"publish","type":"post","link":"https:\/\/vosgesinfo.fr\/saintdieinfo\/2026\/04\/une-exposition-a-liut-de-saint-die-des-vosges-interroge-la-notion-de-genre\/","title":{"rendered":"Une exposition \u00e0 l\u2019IUT de Saint-Di\u00e9-des-Vosges interroge la notion de genre"},"content":{"rendered":"<div id=\"attachment_90751\" style=\"width: 1034px\" class=\"wp-caption alignnone\"><a href=\"https:\/\/vosgesinfo.fr\/app\/uploads\/sites\/4\/2026\/04\/iut-sddv.jpg\"><img decoding=\"async\" aria-describedby=\"caption-attachment-90751\" class=\"size-large wp-image-90751\" src=\"https:\/\/vosgesinfo.fr\/app\/uploads\/sites\/4\/2026\/04\/iut-sddv-1024x576.jpg\" alt=\"\" width=\"1024\" height=\"576\" srcset=\"https:\/\/vosgesinfo.fr\/app\/uploads\/sites\/4\/2026\/04\/iut-sddv-1024x576.jpg 1024w, https:\/\/vosgesinfo.fr\/app\/uploads\/sites\/4\/2026\/04\/iut-sddv-300x169.jpg 300w, https:\/\/vosgesinfo.fr\/app\/uploads\/sites\/4\/2026\/04\/iut-sddv-768x432.jpg 768w, https:\/\/vosgesinfo.fr\/app\/uploads\/sites\/4\/2026\/04\/iut-sddv-1536x864.jpg 1536w, https:\/\/vosgesinfo.fr\/app\/uploads\/sites\/4\/2026\/04\/iut-sddv.jpg 1672w\" sizes=\"(max-width: 1024px) 100vw, 1024px\" \/><\/a><p id=\"caption-attachment-90751\" class=\"wp-caption-text\">(Capture d&rsquo;\u00e9cran Google Maps, modifi\u00e9e IA)<\/p><\/div>\n<h2>La <strong>Biblioth\u00e8que universitaire \u2013 BU \u2013 de l\u2019IUT de Saint-Di\u00e9-des-Vosges<\/strong> (11 rue de l\u2019Universit\u00e9) accueille, <strong>du 27 avril au 12 juin<\/strong>, l\u2019exposition <strong>GENRE !<\/strong>, r\u00e9alis\u00e9e par la commission <strong>L\u00e9goth\u00e8que<\/strong> de l\u2019<strong>Association des biblioth\u00e9caires de France \u2013 ABF \u2013<\/strong>. Accessible aux \u00e9tudiants, personnels et visiteurs ext\u00e9rieurs, elle aborde la notion de genre \u00e0 travers l\u2019histoire, les st\u00e9r\u00e9otypes et les repr\u00e9sentations.<\/h2>\n<p><!--more--><\/p>\n<h3><strong>Une exposition \u00e0 l\u2019IUT<\/strong><\/h3>\n<p>L\u2019exposition invite \u00e0 comprendre, questionner et d\u00e9construire la notion de genre. Le parcours traite notamment de <strong>l\u2019identit\u00e9, de l\u2019expression, de la sexualit\u00e9, de l\u2019intersectionnalit\u00e9, du f\u00e9minisme, de la masculinit\u00e9 ou encore des violences<\/strong>.<\/p>\n<h3><strong>Une conf\u00e9rence \u00e0 La Boussole<\/strong><\/h3>\n<p>En compl\u00e9ment, une conf\u00e9rence se tiendra <strong>mercredi 3 juin<\/strong> \u00e0 16 h \u00e0 <strong>La Boussole<\/strong>. <strong>Marie Flesch<\/strong>, enseignante-chercheuse \u00e0 l\u2019<strong>Universit\u00e9 de Lorraine<\/strong> et membre du comit\u00e9 de r\u00e9daction de <strong>GLAD!<\/strong>, interviendra sur le th\u00e8me \u00ab Visibilit\u00e9, violences, in\u00e9galit\u00e9s : le genre dans le monde num\u00e9rique \u00bb.<\/p>\n<p>Pour tout renseignement, la Biblioth\u00e8que universitaire \u2013 BU \u2013 de l\u2019IUT est joignable au <strong>03-72-74-10-94<\/strong>.<\/p>\n<p><a href=\"https:\/\/vosgesinfo.fr\/app\/uploads\/sites\/4\/2026\/04\/exposition-genre-iut-sddv.jpg\"><img decoding=\"async\" class=\"alignnone size-full wp-image-90750\" src=\"https:\/\/vosgesinfo.fr\/app\/uploads\/sites\/4\/2026\/04\/exposition-genre-iut-sddv.jpg\" alt=\"\" width=\"424\" height=\"600\" srcset=\"https:\/\/vosgesinfo.fr\/app\/uploads\/sites\/4\/2026\/04\/exposition-genre-iut-sddv.jpg 424w, https:\/\/vosgesinfo.fr\/app\/uploads\/sites\/4\/2026\/04\/exposition-genre-iut-sddv-212x300.jpg 212w\" sizes=\"(max-width: 424px) 100vw, 424px\" \/><\/a><\/p>\n","protected":false},"excerpt":{"rendered":"<p>La Biblioth\u00e8que universitaire \u2013 BU \u2013 de l\u2019IUT de Saint-Di\u00e9-des-Vosges (11 rue de l\u2019Universit\u00e9) accueille, du 27 avril au 12 [&hellip;]<\/p>\n","protected":false},"author":46,"featured_media":90751,"comment_status":"open","ping_status":"open","sticky":false,"template":"","format":"standard","meta":{"footnotes":""},"categories":[460,7847,167,13],"tags":[21443,21442,21441,3205,3027,21444,21445,2879],"class_list":["post-90749","post","type-post","status-publish","format-standard","has-post-thumbnail","hentry","category-a-la-une","category-art-culture","category-saint-die-des-vosges","category-societe","tag-association-des-bibliothecaires-de-france","tag-bibliotheque-universitaire","tag-exposition-genre","tag-iut-de-saint-die-des-vosges","tag-la-boussole","tag-legotheque","tag-marie-flesch","tag-universite-de-lorraine"],"acf":[],"yoast_head":"<!-- This site is optimized with the Yoast SEO plugin v22.5 - https:\/\/yoast.com\/wordpress\/plugins\/seo\/ -->\n<title>Une exposition \u00e0 l\u2019IUT de Saint-Di\u00e9-des-Vosges interroge la notion de genre - Saint Die Info<\/title>\n<meta name=\"robots\" content=\"index, follow, max-snippet:-1, max-image-preview:large, max-video-preview:-1\" \/>\n<link rel=\"canonical\" href=\"https:\/\/vosgesinfo.fr\/saintdieinfo\/2026\/04\/une-exposition-a-liut-de-saint-die-des-vosges-interroge-la-notion-de-genre\/\" \/>\n<meta name=\"twitter:card\" content=\"summary_large_image\" \/>\n<meta name=\"twitter:title\" content=\"Une exposition \u00e0 l\u2019IUT de Saint-Di\u00e9-des-Vosges interroge la notion de genre - Saint Die Info\" \/>\n<meta name=\"twitter:description\" content=\"La Biblioth\u00e8que universitaire \u2013 BU \u2013 de l\u2019IUT de Saint-Di\u00e9-des-Vosges (11 rue de l\u2019Universit\u00e9) accueille, du 27 avril au 12 [&hellip;]\" \/>\n<meta name=\"twitter:image\" content=\"https:\/\/vosgesinfo.fr\/app\/uploads\/sites\/4\/2026\/04\/iut-sddv.jpg\" \/>\n<meta name=\"twitter:creator\" content=\"@VosgesInfo88\" \/>\n<meta name=\"twitter:site\" content=\"@VosgesInfo88\" \/>\n<meta name=\"twitter:label1\" content=\"\u00c9crit par\" \/>\n\t<meta name=\"twitter:data1\" content=\"J.J.\" \/>\n\t<meta name=\"twitter:label2\" content=\"Dur\u00e9e de lecture estim\u00e9e\" \/>\n\t<meta name=\"twitter:data2\" content=\"2 minutes\" \/>\n<script type=\"application\/ld+json\" class=\"yoast-schema-graph\">{\"@context\":\"https:\/\/schema.org\",\"@graph\":[{\"@type\":\"Article\",\"@id\":\"https:\/\/vosgesinfo.fr\/saintdieinfo\/2026\/04\/une-exposition-a-liut-de-saint-die-des-vosges-interroge-la-notion-de-genre\/#article\",\"isPartOf\":{\"@id\":\"https:\/\/vosgesinfo.fr\/saintdieinfo\/2026\/04\/une-exposition-a-liut-de-saint-die-des-vosges-interroge-la-notion-de-genre\/\"},\"author\":{\"name\":\"J.J.\",\"@id\":\"https:\/\/vosgesinfo.fr\/saintdieinfo\/#\/schema\/person\/fa73e9f726d67bb88f46d5b7943cb572\"},\"headline\":\"Une exposition \u00e0 l\u2019IUT de Saint-Di\u00e9-des-Vosges interroge la notion de genre\",\"datePublished\":\"2026-04-28T11:03:06+00:00\",\"dateModified\":\"2026-04-28T10:51:07+00:00\",\"mainEntityOfPage\":{\"@id\":\"https:\/\/vosgesinfo.fr\/saintdieinfo\/2026\/04\/une-exposition-a-liut-de-saint-die-des-vosges-interroge-la-notion-de-genre\/\"},\"wordCount\":204,\"commentCount\":0,\"publisher\":{\"@id\":\"https:\/\/vosgesinfo.fr\/saintdieinfo\/#organization\"},\"image\":{\"@id\":\"https:\/\/vosgesinfo.fr\/saintdieinfo\/2026\/04\/une-exposition-a-liut-de-saint-die-des-vosges-interroge-la-notion-de-genre\/#primaryimage\"},\"thumbnailUrl\":\"https:\/\/vosgesinfo.fr\/app\/uploads\/sites\/4\/2026\/04\/iut-sddv.jpg\",\"keywords\":[\"Association des biblioth\u00e9caires de France\",\"Biblioth\u00e8que universitaire\",\"exposition GENRE\",\"IUT de Saint-Di\u00e9-des-Vosges\",\"La Boussole\",\"L\u00e9goth\u00e8que\",\"Marie Flesch\",\"Universit\u00e9 de Lorraine\"],\"articleSection\":[\"A la Une\",\"Culture\",\"Saint-Di\u00e9-des-Vosges\",\"Soci\u00e9t\u00e9\"],\"inLanguage\":\"fr-FR\",\"potentialAction\":[{\"@type\":\"CommentAction\",\"name\":\"Comment\",\"target\":[\"https:\/\/vosgesinfo.fr\/saintdieinfo\/2026\/04\/une-exposition-a-liut-de-saint-die-des-vosges-interroge-la-notion-de-genre\/#respond\"]}]},{\"@type\":\"WebPage\",\"@id\":\"https:\/\/vosgesinfo.fr\/saintdieinfo\/2026\/04\/une-exposition-a-liut-de-saint-die-des-vosges-interroge-la-notion-de-genre\/\",\"url\":\"https:\/\/vosgesinfo.fr\/saintdieinfo\/2026\/04\/une-exposition-a-liut-de-saint-die-des-vosges-interroge-la-notion-de-genre\/\",\"name\":\"Une exposition \u00e0 l\u2019IUT de Saint-Di\u00e9-des-Vosges interroge la notion de genre - Saint Die Info\",\"isPartOf\":{\"@id\":\"https:\/\/vosgesinfo.fr\/saintdieinfo\/#website\"},\"primaryImageOfPage\":{\"@id\":\"https:\/\/vosgesinfo.fr\/saintdieinfo\/2026\/04\/une-exposition-a-liut-de-saint-die-des-vosges-interroge-la-notion-de-genre\/#primaryimage\"},\"image\":{\"@id\":\"https:\/\/vosgesinfo.fr\/saintdieinfo\/2026\/04\/une-exposition-a-liut-de-saint-die-des-vosges-interroge-la-notion-de-genre\/#primaryimage\"},\"thumbnailUrl\":\"https:\/\/vosgesinfo.fr\/app\/uploads\/sites\/4\/2026\/04\/iut-sddv.jpg\",\"datePublished\":\"2026-04-28T11:03:06+00:00\",\"dateModified\":\"2026-04-28T10:51:07+00:00\",\"breadcrumb\":{\"@id\":\"https:\/\/vosgesinfo.fr\/saintdieinfo\/2026\/04\/une-exposition-a-liut-de-saint-die-des-vosges-interroge-la-notion-de-genre\/#breadcrumb\"},\"inLanguage\":\"fr-FR\",\"potentialAction\":[{\"@type\":\"ReadAction\",\"target\":[\"https:\/\/vosgesinfo.fr\/saintdieinfo\/2026\/04\/une-exposition-a-liut-de-saint-die-des-vosges-interroge-la-notion-de-genre\/\"]}]},{\"@type\":\"ImageObject\",\"inLanguage\":\"fr-FR\",\"@id\":\"https:\/\/vosgesinfo.fr\/saintdieinfo\/2026\/04\/une-exposition-a-liut-de-saint-die-des-vosges-interroge-la-notion-de-genre\/#primaryimage\",\"url\":\"https:\/\/vosgesinfo.fr\/app\/uploads\/sites\/4\/2026\/04\/iut-sddv.jpg\",\"contentUrl\":\"https:\/\/vosgesinfo.fr\/app\/uploads\/sites\/4\/2026\/04\/iut-sddv.jpg\",\"width\":1672,\"height\":941,\"caption\":\"(Capture d'\u00e9cran Google Maps, modifi\u00e9e IA)\"},{\"@type\":\"BreadcrumbList\",\"@id\":\"https:\/\/vosgesinfo.fr\/saintdieinfo\/2026\/04\/une-exposition-a-liut-de-saint-die-des-vosges-interroge-la-notion-de-genre\/#breadcrumb\",\"itemListElement\":[{\"@type\":\"ListItem\",\"position\":1,\"name\":\"Home\",\"item\":\"https:\/\/vosgesinfo.fr\/saintdieinfo\/\"},{\"@type\":\"ListItem\",\"position\":2,\"name\":\"Une exposition \u00e0 l\u2019IUT de Saint-Di\u00e9-des-Vosges interroge la notion de genre\"}]},{\"@type\":\"WebSite\",\"@id\":\"https:\/\/vosgesinfo.fr\/saintdieinfo\/#website\",\"url\":\"https:\/\/vosgesinfo.fr\/saintdieinfo\/\",\"name\":\"Saint Die Info\",\"description\":\"Toute l&#039;actualit\u00e9 de Saint-Di\u00e9-Des-Vosges\",\"publisher\":{\"@id\":\"https:\/\/vosgesinfo.fr\/saintdieinfo\/#organization\"},\"alternateName\":\"Toute l'actualit\u00e9 de Saint-Di\u00e9-Des-Vosges\",\"potentialAction\":[{\"@type\":\"SearchAction\",\"target\":{\"@type\":\"EntryPoint\",\"urlTemplate\":\"https:\/\/vosgesinfo.fr\/saintdieinfo\/?s={search_term_string}\"},\"query-input\":\"required name=search_term_string\"}],\"inLanguage\":\"fr-FR\"},{\"@type\":\"Organization\",\"@id\":\"https:\/\/vosgesinfo.fr\/saintdieinfo\/#organization\",\"name\":\"Saint Die Info\",\"url\":\"https:\/\/vosgesinfo.fr\/saintdieinfo\/\",\"logo\":{\"@type\":\"ImageObject\",\"inLanguage\":\"fr-FR\",\"@id\":\"https:\/\/vosgesinfo.fr\/saintdieinfo\/#\/schema\/logo\/image\/\",\"url\":\"https:\/\/vosgesinfo.fr\/app\/uploads\/sites\/4\/2024\/02\/logo-sdi.jpg\",\"contentUrl\":\"https:\/\/vosgesinfo.fr\/app\/uploads\/sites\/4\/2024\/02\/logo-sdi.jpg\",\"width\":600,\"height\":600,\"caption\":\"Saint Die Info\"},\"image\":{\"@id\":\"https:\/\/vosgesinfo.fr\/saintdieinfo\/#\/schema\/logo\/image\/\"},\"sameAs\":[\"https:\/\/www.facebook.com\/Saintdieinfofr\",\"https:\/\/x.com\/VosgesInfo88\",\"https:\/\/www.youtube.com\/@vosgesinfo\"]},{\"@type\":\"Person\",\"@id\":\"https:\/\/vosgesinfo.fr\/saintdieinfo\/#\/schema\/person\/fa73e9f726d67bb88f46d5b7943cb572\",\"name\":\"J.J.\",\"image\":{\"@type\":\"ImageObject\",\"inLanguage\":\"fr-FR\",\"@id\":\"https:\/\/vosgesinfo.fr\/saintdieinfo\/#\/schema\/person\/image\/\",\"url\":\"https:\/\/secure.gravatar.com\/avatar\/219e749e47ffbcca018a360ae4add7d4cdf1cdaaf8bc7676b27efade3fe65615?s=96&d=mm&r=g\",\"contentUrl\":\"https:\/\/secure.gravatar.com\/avatar\/219e749e47ffbcca018a360ae4add7d4cdf1cdaaf8bc7676b27efade3fe65615?s=96&d=mm&r=g\",\"caption\":\"J.J.\"},\"url\":\"https:\/\/vosgesinfo.fr\/saintdieinfo\/author\/j-j\/\"}]}<\/script>\n<!-- \/ Yoast SEO plugin. -->","yoast_head_json":{"title":"Une exposition \u00e0 l\u2019IUT de Saint-Di\u00e9-des-Vosges interroge la notion de genre - Saint Die Info","robots":{"index":"index","follow":"follow","max-snippet":"max-snippet:-1","max-image-preview":"max-image-preview:large","max-video-preview":"max-video-preview:-1"},"canonical":"https:\/\/vosgesinfo.fr\/saintdieinfo\/2026\/04\/une-exposition-a-liut-de-saint-die-des-vosges-interroge-la-notion-de-genre\/","twitter_card":"summary_large_image","twitter_title":"Une exposition \u00e0 l\u2019IUT de Saint-Di\u00e9-des-Vosges interroge la notion de genre - Saint Die Info","twitter_description":"La Biblioth\u00e8que universitaire \u2013 BU \u2013 de l\u2019IUT de Saint-Di\u00e9-des-Vosges (11 rue de l\u2019Universit\u00e9) accueille, du 27 avril au 12 [&hellip;]","twitter_image":"https:\/\/vosgesinfo.fr\/app\/uploads\/sites\/4\/2026\/04\/iut-sddv.jpg","twitter_creator":"@VosgesInfo88","twitter_site":"@VosgesInfo88","twitter_misc":{"\u00c9crit par":"J.J.","Dur\u00e9e de lecture estim\u00e9e":"2 minutes"},"schema":{"@context":"https:\/\/schema.org","@graph":[{"@type":"Article","@id":"https:\/\/vosgesinfo.fr\/saintdieinfo\/2026\/04\/une-exposition-a-liut-de-saint-die-des-vosges-interroge-la-notion-de-genre\/#article","isPartOf":{"@id":"https:\/\/vosgesinfo.fr\/saintdieinfo\/2026\/04\/une-exposition-a-liut-de-saint-die-des-vosges-interroge-la-notion-de-genre\/"},"author":{"name":"J.J.","@id":"https:\/\/vosgesinfo.fr\/saintdieinfo\/#\/schema\/person\/fa73e9f726d67bb88f46d5b7943cb572"},"headline":"Une exposition \u00e0 l\u2019IUT de Saint-Di\u00e9-des-Vosges interroge la notion de genre","datePublished":"2026-04-28T11:03:06+00:00","dateModified":"2026-04-28T10:51:07+00:00","mainEntityOfPage":{"@id":"https:\/\/vosgesinfo.fr\/saintdieinfo\/2026\/04\/une-exposition-a-liut-de-saint-die-des-vosges-interroge-la-notion-de-genre\/"},"wordCount":204,"commentCount":0,"publisher":{"@id":"https:\/\/vosgesinfo.fr\/saintdieinfo\/#organization"},"image":{"@id":"https:\/\/vosgesinfo.fr\/saintdieinfo\/2026\/04\/une-exposition-a-liut-de-saint-die-des-vosges-interroge-la-notion-de-genre\/#primaryimage"},"thumbnailUrl":"https:\/\/vosgesinfo.fr\/app\/uploads\/sites\/4\/2026\/04\/iut-sddv.jpg","keywords":["Association des biblioth\u00e9caires de France","Biblioth\u00e8que universitaire","exposition GENRE","IUT de Saint-Di\u00e9-des-Vosges","La Boussole","L\u00e9goth\u00e8que","Marie Flesch","Universit\u00e9 de Lorraine"],"articleSection":["A la Une","Culture","Saint-Di\u00e9-des-Vosges","Soci\u00e9t\u00e9"],"inLanguage":"fr-FR","potentialAction":[{"@type":"CommentAction","name":"Comment","target":["https:\/\/vosgesinfo.fr\/saintdieinfo\/2026\/04\/une-exposition-a-liut-de-saint-die-des-vosges-interroge-la-notion-de-genre\/#respond"]}]},{"@type":"WebPage","@id":"https:\/\/vosgesinfo.fr\/saintdieinfo\/2026\/04\/une-exposition-a-liut-de-saint-die-des-vosges-interroge-la-notion-de-genre\/","url":"https:\/\/vosgesinfo.fr\/saintdieinfo\/2026\/04\/une-exposition-a-liut-de-saint-die-des-vosges-interroge-la-notion-de-genre\/","name":"Une exposition \u00e0 l\u2019IUT de Saint-Di\u00e9-des-Vosges interroge la notion de genre - Saint Die Info","isPartOf":{"@id":"https:\/\/vosgesinfo.fr\/saintdieinfo\/#website"},"primaryImageOfPage":{"@id":"https:\/\/vosgesinfo.fr\/saintdieinfo\/2026\/04\/une-exposition-a-liut-de-saint-die-des-vosges-interroge-la-notion-de-genre\/#primaryimage"},"image":{"@id":"https:\/\/vosgesinfo.fr\/saintdieinfo\/2026\/04\/une-exposition-a-liut-de-saint-die-des-vosges-interroge-la-notion-de-genre\/#primaryimage"},"thumbnailUrl":"https:\/\/vosgesinfo.fr\/app\/uploads\/sites\/4\/2026\/04\/iut-sddv.jpg","datePublished":"2026-04-28T11:03:06+00:00","dateModified":"2026-04-28T10:51:07+00:00","breadcrumb":{"@id":"https:\/\/vosgesinfo.fr\/saintdieinfo\/2026\/04\/une-exposition-a-liut-de-saint-die-des-vosges-interroge-la-notion-de-genre\/#breadcrumb"},"inLanguage":"fr-FR","potentialAction":[{"@type":"ReadAction","target":["https:\/\/vosgesinfo.fr\/saintdieinfo\/2026\/04\/une-exposition-a-liut-de-saint-die-des-vosges-interroge-la-notion-de-genre\/"]}]},{"@type":"ImageObject","inLanguage":"fr-FR","@id":"https:\/\/vosgesinfo.fr\/saintdieinfo\/2026\/04\/une-exposition-a-liut-de-saint-die-des-vosges-interroge-la-notion-de-genre\/#primaryimage","url":"https:\/\/vosgesinfo.fr\/app\/uploads\/sites\/4\/2026\/04\/iut-sddv.jpg","contentUrl":"https:\/\/vosgesinfo.fr\/app\/uploads\/sites\/4\/2026\/04\/iut-sddv.jpg","width":1672,"height":941,"caption":"(Capture d'\u00e9cran Google Maps, modifi\u00e9e IA)"},{"@type":"BreadcrumbList","@id":"https:\/\/vosgesinfo.fr\/saintdieinfo\/2026\/04\/une-exposition-a-liut-de-saint-die-des-vosges-interroge-la-notion-de-genre\/#breadcrumb","itemListElement":[{"@type":"ListItem","position":1,"name":"Home","item":"https:\/\/vosgesinfo.fr\/saintdieinfo\/"},{"@type":"ListItem","position":2,"name":"Une exposition \u00e0 l\u2019IUT de Saint-Di\u00e9-des-Vosges interroge la notion de genre"}]},{"@type":"WebSite","@id":"https:\/\/vosgesinfo.fr\/saintdieinfo\/#website","url":"https:\/\/vosgesinfo.fr\/saintdieinfo\/","name":"Saint Die Info","description":"Toute l&#039;actualit\u00e9 de Saint-Di\u00e9-Des-Vosges","publisher":{"@id":"https:\/\/vosgesinfo.fr\/saintdieinfo\/#organization"},"alternateName":"Toute l'actualit\u00e9 de Saint-Di\u00e9-Des-Vosges","potentialAction":[{"@type":"SearchAction","target":{"@type":"EntryPoint","urlTemplate":"https:\/\/vosgesinfo.fr\/saintdieinfo\/?s={search_term_string}"},"query-input":"required name=search_term_string"}],"inLanguage":"fr-FR"},{"@type":"Organization","@id":"https:\/\/vosgesinfo.fr\/saintdieinfo\/#organization","name":"Saint Die Info","url":"https:\/\/vosgesinfo.fr\/saintdieinfo\/","logo":{"@type":"ImageObject","inLanguage":"fr-FR","@id":"https:\/\/vosgesinfo.fr\/saintdieinfo\/#\/schema\/logo\/image\/","url":"https:\/\/vosgesinfo.fr\/app\/uploads\/sites\/4\/2024\/02\/logo-sdi.jpg","contentUrl":"https:\/\/vosgesinfo.fr\/app\/uploads\/sites\/4\/2024\/02\/logo-sdi.jpg","width":600,"height":600,"caption":"Saint Die Info"},"image":{"@id":"https:\/\/vosgesinfo.fr\/saintdieinfo\/#\/schema\/logo\/image\/"},"sameAs":["https:\/\/www.facebook.com\/Saintdieinfofr","https:\/\/x.com\/VosgesInfo88","https:\/\/www.youtube.com\/@vosgesinfo"]},{"@type":"Person","@id":"https:\/\/vosgesinfo.fr\/saintdieinfo\/#\/schema\/person\/fa73e9f726d67bb88f46d5b7943cb572","name":"J.J.","image":{"@type":"ImageObject","inLanguage":"fr-FR","@id":"https:\/\/vosgesinfo.fr\/saintdieinfo\/#\/schema\/person\/image\/","url":"https:\/\/secure.gravatar.com\/avatar\/219e749e47ffbcca018a360ae4add7d4cdf1cdaaf8bc7676b27efade3fe65615?s=96&d=mm&r=g","contentUrl":"https:\/\/secure.gravatar.com\/avatar\/219e749e47ffbcca018a360ae4add7d4cdf1cdaaf8bc7676b27efade3fe65615?s=96&d=mm&r=g","caption":"J.J."},"url":"https:\/\/vosgesinfo.fr\/saintdieinfo\/author\/j-j\/"}]}},"_links":{"self":[{"href":"https:\/\/vosgesinfo.fr\/saintdieinfo\/wp-json\/wp\/v2\/posts\/90749","targetHints":{"allow":["GET"]}}],"collection":[{"href":"https:\/\/vosgesinfo.fr\/saintdieinfo\/wp-json\/wp\/v2\/posts"}],"about":[{"href":"https:\/\/vosgesinfo.fr\/saintdieinfo\/wp-json\/wp\/v2\/types\/post"}],"author":[{"embeddable":true,"href":"https:\/\/vosgesinfo.fr\/saintdieinfo\/wp-json\/wp\/v2\/users\/46"}],"replies":[{"embeddable":true,"href":"https:\/\/vosgesinfo.fr\/saintdieinfo\/wp-json\/wp\/v2\/comments?post=90749"}],"version-history":[{"count":3,"href":"https:\/\/vosgesinfo.fr\/saintdieinfo\/wp-json\/wp\/v2\/posts\/90749\/revisions"}],"predecessor-version":[{"id":90754,"href":"https:\/\/vosgesinfo.fr\/saintdieinfo\/wp-json\/wp\/v2\/posts\/90749\/revisions\/90754"}],"wp:featuredmedia":[{"embeddable":true,"href":"https:\/\/vosgesinfo.fr\/saintdieinfo\/wp-json\/wp\/v2\/media\/90751"}],"wp:attachment":[{"href":"https:\/\/vosgesinfo.fr\/saintdieinfo\/wp-json\/wp\/v2\/media?parent=90749"}],"wp:term":[{"taxonomy":"category","embeddable":true,"href":"https:\/\/vosgesinfo.fr\/saintdieinfo\/wp-json\/wp\/v2\/categories?post=90749"},{"taxonomy":"post_tag","embeddable":true,"href":"https:\/\/vosgesinfo.fr\/saintdieinfo\/wp-json\/wp\/v2\/tags?post=90749"}],"curies":[{"name":"wp","href":"https:\/\/api.w.org\/{rel}","templated":true}]}}