{"id":90755,"date":"2026-04-28T17:03:17","date_gmt":"2026-04-28T15:03:17","guid":{"rendered":"https:\/\/vosgesinfo.fr\/saintdieinfo\/?p=90755"},"modified":"2026-04-28T15:40:21","modified_gmt":"2026-04-28T13:40:21","slug":"au-refuge-de-la-spa-deodatienne-le-chantier-des-nouveaux-boxes-pour-chiens-passe-au-beton","status":"publish","type":"post","link":"https:\/\/vosgesinfo.fr\/saintdieinfo\/2026\/04\/au-refuge-de-la-spa-deodatienne-le-chantier-des-nouveaux-boxes-pour-chiens-passe-au-beton\/","title":{"rendered":"Au refuge de la SPA D\u00e9odatienne, le chantier des nouveaux boxes pour chiens passe au b\u00e9ton"},"content":{"rendered":"<p><a href=\"https:\/\/vosgesinfo.fr\/app\/uploads\/sites\/4\/2026\/04\/dalle-beton-boxes-refuge-spa-deodatienne-6.jpg\"><img decoding=\"async\" class=\"alignnone size-large wp-image-90765\" src=\"https:\/\/vosgesinfo.fr\/app\/uploads\/sites\/4\/2026\/04\/dalle-beton-boxes-refuge-spa-deodatienne-6-1024x771.jpg\" alt=\"\" width=\"1024\" height=\"771\" srcset=\"https:\/\/vosgesinfo.fr\/app\/uploads\/sites\/4\/2026\/04\/dalle-beton-boxes-refuge-spa-deodatienne-6-1024x771.jpg 1024w, https:\/\/vosgesinfo.fr\/app\/uploads\/sites\/4\/2026\/04\/dalle-beton-boxes-refuge-spa-deodatienne-6-300x226.jpg 300w, https:\/\/vosgesinfo.fr\/app\/uploads\/sites\/4\/2026\/04\/dalle-beton-boxes-refuge-spa-deodatienne-6-768x578.jpg 768w, https:\/\/vosgesinfo.fr\/app\/uploads\/sites\/4\/2026\/04\/dalle-beton-boxes-refuge-spa-deodatienne-6-1536x1157.jpg 1536w, https:\/\/vosgesinfo.fr\/app\/uploads\/sites\/4\/2026\/04\/dalle-beton-boxes-refuge-spa-deodatienne-6.jpg 1920w\" sizes=\"(max-width: 1024px) 100vw, 1024px\" \/><\/a><\/p>\n<h2>Les travaux d\u2019am\u00e9nagement de <strong>17 boxes pour chiens, avec une grande all\u00e9e centrale et un local<\/strong>, <a href=\"https:\/\/vosgesinfo.fr\/saintdieinfo\/2026\/04\/la-reconstruction-du-refuge-de-la-spa-deodatienne-franchit-une-nouvelle-etape\/\" target=\"_blank\" rel=\"noopener\">ont \u00e9t\u00e9 lanc\u00e9s \u00e0 la mi-avril au refuge de la <strong>SPA D\u00e9odatienne<\/strong><\/a>. Le tout pour un investissement total de <strong>350 000 euros<\/strong>. Pr\u00e8s de deux semaines plus tard, ces travaux se mat\u00e9rialisent avec la r\u00e9alisation de la <strong>dalle de b\u00e9ton<\/strong>, qui a \u00e9t\u00e9 coul\u00e9e ce <strong>mardi 28 avril<\/strong>.<\/h2>\n<p><!--more--><\/p>\n<h3><strong>Neuf toupies pour 60 m\u00b3 de b\u00e9ton<\/strong><\/h3>\n<p>C\u2019est ce matin, vers <strong>7 h 30<\/strong>, que les op\u00e9rations ont d\u00e9but\u00e9. <strong>Neuf toupies<\/strong> ont \u00e9t\u00e9 n\u00e9cessaires pour couler les <strong>60 m\u00b3 de b\u00e9ton<\/strong>. Les <strong>fondations p\u00e9riph\u00e9riques<\/strong> de la dalle ont \u00e9t\u00e9 r\u00e9alis\u00e9es <strong>hors gel<\/strong>, tandis que la dalle, d\u2019une \u00e9paisseur de <strong>15 cm<\/strong>, a \u00e9t\u00e9 <strong>ferraill\u00e9e<\/strong>.<\/p>\n<h3><strong>L\u2019apr\u00e8s-midi consacr\u00e9 \u00e0 la lisseuse m\u00e9canique<\/strong><\/h3>\n<p>Dans <strong>l\u2019apr\u00e8s-midi<\/strong>, une fois le b\u00e9ton coul\u00e9, celui-ci a \u00e9t\u00e9 <strong>dress\u00e9 \u00e0 la r\u00e8gle<\/strong>, avant le passage d\u2019une <strong>lisseuse m\u00e9canique<\/strong>, aussi appel\u00e9e <strong>h\u00e9licopt\u00e8re<\/strong>, afin d\u2019obtenir un <strong>grain plus fin<\/strong> et de refermer les <strong>pores de surface<\/strong>. Le coulage de la dalle doit s\u2019achever d\u2019ici la fin de journ\u00e9e.<\/p>\n<h3><strong>Un contr\u00f4le pr\u00e9vu vendredi 22 mai avant l\u2019installation des boxes<\/strong><\/h3>\n<p>La dalle sera ensuite laiss\u00e9e au repos le temps du <strong>s\u00e9chage<\/strong>. <strong>Vendredi 22 mai<\/strong>, un <strong>repr\u00e9sentant de l\u2019entreprise<\/strong> qui fournit les boxes se rendra au refuge afin de v\u00e9rifier que <strong>toutes les conditions<\/strong> sont r\u00e9unies pour leur <strong>prochaine installation<\/strong>.<\/p>\n\n\t\t<style type=\"text\/css\">\n\t\t\t#gallery-1 {\n\t\t\t\tmargin: auto;\n\t\t\t}\n\t\t\t#gallery-1 .gallery-item {\n\t\t\t\tfloat: left;\n\t\t\t\tmargin-top: 10px;\n\t\t\t\ttext-align: center;\n\t\t\t\twidth: 33%;\n\t\t\t}\n\t\t\t#gallery-1 img {\n\t\t\t\tborder: 2px solid #cfcfcf;\n\t\t\t}\n\t\t\t#gallery-1 .gallery-caption {\n\t\t\t\tmargin-left: 0;\n\t\t\t}\n\t\t\t\/* see gallery_shortcode() in wp-includes\/media.php *\/\n\t\t<\/style>\n\t\t<div id='gallery-1' class='gallery galleryid-90755 gallery-columns-3 gallery-size-thumbnail'><dl class='gallery-item'>\n\t\t\t<dt class='gallery-icon landscape'>\n\t\t\t\t<a href='https:\/\/vosgesinfo.fr\/app\/uploads\/sites\/4\/2026\/04\/dalle-beton-boxes-refuge-spa-deodatienne-2.jpg'><img decoding=\"async\" width=\"150\" height=\"150\" src=\"https:\/\/vosgesinfo.fr\/app\/uploads\/sites\/4\/2026\/04\/dalle-beton-boxes-refuge-spa-deodatienne-2-150x150.jpg\" class=\"attachment-thumbnail size-thumbnail\" alt=\"\" \/><\/a>\n\t\t\t<\/dt><\/dl><dl class='gallery-item'>\n\t\t\t<dt class='gallery-icon landscape'>\n\t\t\t\t<a href='https:\/\/vosgesinfo.fr\/app\/uploads\/sites\/4\/2026\/04\/dalle-beton-boxes-refuge-spa-deodatienne-1.jpg'><img decoding=\"async\" width=\"150\" height=\"150\" src=\"https:\/\/vosgesinfo.fr\/app\/uploads\/sites\/4\/2026\/04\/dalle-beton-boxes-refuge-spa-deodatienne-1-150x150.jpg\" class=\"attachment-thumbnail size-thumbnail\" alt=\"\" \/><\/a>\n\t\t\t<\/dt><\/dl><dl class='gallery-item'>\n\t\t\t<dt class='gallery-icon landscape'>\n\t\t\t\t<a href='https:\/\/vosgesinfo.fr\/app\/uploads\/sites\/4\/2026\/04\/dalle-beton-boxes-refuge-spa-deodatienne-3.jpg'><img decoding=\"async\" width=\"150\" height=\"150\" src=\"https:\/\/vosgesinfo.fr\/app\/uploads\/sites\/4\/2026\/04\/dalle-beton-boxes-refuge-spa-deodatienne-3-150x150.jpg\" class=\"attachment-thumbnail size-thumbnail\" alt=\"\" \/><\/a>\n\t\t\t<\/dt><\/dl><br style=\"clear: both\" \/><dl class='gallery-item'>\n\t\t\t<dt class='gallery-icon landscape'>\n\t\t\t\t<a href='https:\/\/vosgesinfo.fr\/app\/uploads\/sites\/4\/2026\/04\/dalle-beton-boxes-refuge-spa-deodatienne-4.jpg'><img decoding=\"async\" width=\"150\" height=\"150\" src=\"https:\/\/vosgesinfo.fr\/app\/uploads\/sites\/4\/2026\/04\/dalle-beton-boxes-refuge-spa-deodatienne-4-150x150.jpg\" class=\"attachment-thumbnail size-thumbnail\" alt=\"\" \/><\/a>\n\t\t\t<\/dt><\/dl><dl class='gallery-item'>\n\t\t\t<dt class='gallery-icon landscape'>\n\t\t\t\t<a href='https:\/\/vosgesinfo.fr\/app\/uploads\/sites\/4\/2026\/04\/dalle-beton-boxes-refuge-spa-deodatienne-5.jpg'><img decoding=\"async\" width=\"150\" height=\"150\" src=\"https:\/\/vosgesinfo.fr\/app\/uploads\/sites\/4\/2026\/04\/dalle-beton-boxes-refuge-spa-deodatienne-5-150x150.jpg\" class=\"attachment-thumbnail size-thumbnail\" alt=\"\" \/><\/a>\n\t\t\t<\/dt><\/dl><dl class='gallery-item'>\n\t\t\t<dt class='gallery-icon landscape'>\n\t\t\t\t<a href='https:\/\/vosgesinfo.fr\/app\/uploads\/sites\/4\/2026\/04\/dalle-beton-boxes-refuge-spa-deodatienne-7.jpg'><img decoding=\"async\" width=\"150\" height=\"150\" src=\"https:\/\/vosgesinfo.fr\/app\/uploads\/sites\/4\/2026\/04\/dalle-beton-boxes-refuge-spa-deodatienne-7-150x150.jpg\" class=\"attachment-thumbnail size-thumbnail\" alt=\"\" \/><\/a>\n\t\t\t<\/dt><\/dl><br style=\"clear: both\" \/><dl class='gallery-item'>\n\t\t\t<dt class='gallery-icon landscape'>\n\t\t\t\t<a href='https:\/\/vosgesinfo.fr\/app\/uploads\/sites\/4\/2026\/04\/dalle-beton-boxes-refuge-spa-deodatienne-8.jpg'><img decoding=\"async\" width=\"150\" height=\"150\" src=\"https:\/\/vosgesinfo.fr\/app\/uploads\/sites\/4\/2026\/04\/dalle-beton-boxes-refuge-spa-deodatienne-8-150x150.jpg\" class=\"attachment-thumbnail size-thumbnail\" alt=\"\" \/><\/a>\n\t\t\t<\/dt><\/dl>\n\t\t\t<br style='clear: both' \/>\n\t\t<\/div>\n\n","protected":false},"excerpt":{"rendered":"<p>Les travaux d\u2019am\u00e9nagement de 17 boxes pour chiens, avec une grande all\u00e9e centrale et un local, ont \u00e9t\u00e9 lanc\u00e9s \u00e0 [&hellip;]<\/p>\n","protected":false},"author":46,"featured_media":90765,"comment_status":"open","ping_status":"open","sticky":false,"template":"","format":"standard","meta":{"footnotes":""},"categories":[460,167,17],"tags":[21447,21320,21446,20785,2881,2944],"class_list":["post-90755","post","type-post","status-publish","format-standard","has-post-thumbnail","hentry","category-a-la-une","category-saint-die-des-vosges","category-vie-associative","tag-60-m-de-beton","tag-boxes-pour-chiens","tag-dalle-de-beton","tag-refuge","tag-saint-die-des-vosges","tag-spa-deodatienne"],"acf":[],"yoast_head":"<!-- This site is optimized with the Yoast SEO plugin v22.5 - https:\/\/yoast.com\/wordpress\/plugins\/seo\/ -->\n<title>Au refuge de la SPA D\u00e9odatienne, le chantier des nouveaux boxes pour chiens passe au b\u00e9ton - Saint Die Info<\/title>\n<meta name=\"robots\" content=\"index, follow, max-snippet:-1, max-image-preview:large, max-video-preview:-1\" \/>\n<link rel=\"canonical\" href=\"https:\/\/vosgesinfo.fr\/saintdieinfo\/2026\/04\/au-refuge-de-la-spa-deodatienne-le-chantier-des-nouveaux-boxes-pour-chiens-passe-au-beton\/\" \/>\n<meta name=\"twitter:card\" content=\"summary_large_image\" \/>\n<meta name=\"twitter:title\" content=\"Au refuge de la SPA D\u00e9odatienne, le chantier des nouveaux boxes pour chiens passe au b\u00e9ton - Saint Die Info\" \/>\n<meta name=\"twitter:description\" content=\"Les travaux d\u2019am\u00e9nagement de 17 boxes pour chiens, avec une grande all\u00e9e centrale et un local, ont \u00e9t\u00e9 lanc\u00e9s \u00e0 [&hellip;]\" \/>\n<meta name=\"twitter:image\" content=\"https:\/\/vosgesinfo.fr\/app\/uploads\/sites\/4\/2026\/04\/dalle-beton-boxes-refuge-spa-deodatienne-6.jpg\" \/>\n<meta name=\"twitter:creator\" content=\"@VosgesInfo88\" \/>\n<meta name=\"twitter:site\" content=\"@VosgesInfo88\" \/>\n<meta name=\"twitter:label1\" content=\"\u00c9crit par\" \/>\n\t<meta name=\"twitter:data1\" content=\"J.J.\" \/>\n\t<meta name=\"twitter:label2\" content=\"Dur\u00e9e de lecture estim\u00e9e\" \/>\n\t<meta name=\"twitter:data2\" content=\"1 minute\" \/>\n<script type=\"application\/ld+json\" class=\"yoast-schema-graph\">{\"@context\":\"https:\/\/schema.org\",\"@graph\":[{\"@type\":\"Article\",\"@id\":\"https:\/\/vosgesinfo.fr\/saintdieinfo\/2026\/04\/au-refuge-de-la-spa-deodatienne-le-chantier-des-nouveaux-boxes-pour-chiens-passe-au-beton\/#article\",\"isPartOf\":{\"@id\":\"https:\/\/vosgesinfo.fr\/saintdieinfo\/2026\/04\/au-refuge-de-la-spa-deodatienne-le-chantier-des-nouveaux-boxes-pour-chiens-passe-au-beton\/\"},\"author\":{\"name\":\"J.J.\",\"@id\":\"https:\/\/vosgesinfo.fr\/saintdieinfo\/#\/schema\/person\/fa73e9f726d67bb88f46d5b7943cb572\"},\"headline\":\"Au refuge de la SPA D\u00e9odatienne, le chantier des nouveaux boxes pour chiens passe au b\u00e9ton\",\"datePublished\":\"2026-04-28T15:03:17+00:00\",\"dateModified\":\"2026-04-28T13:40:21+00:00\",\"mainEntityOfPage\":{\"@id\":\"https:\/\/vosgesinfo.fr\/saintdieinfo\/2026\/04\/au-refuge-de-la-spa-deodatienne-le-chantier-des-nouveaux-boxes-pour-chiens-passe-au-beton\/\"},\"wordCount\":276,\"commentCount\":0,\"publisher\":{\"@id\":\"https:\/\/vosgesinfo.fr\/saintdieinfo\/#organization\"},\"image\":{\"@id\":\"https:\/\/vosgesinfo.fr\/saintdieinfo\/2026\/04\/au-refuge-de-la-spa-deodatienne-le-chantier-des-nouveaux-boxes-pour-chiens-passe-au-beton\/#primaryimage\"},\"thumbnailUrl\":\"https:\/\/vosgesinfo.fr\/app\/uploads\/sites\/4\/2026\/04\/dalle-beton-boxes-refuge-spa-deodatienne-6.jpg\",\"keywords\":[\"60 m\u00b3 de b\u00e9ton\",\"boxes pour chiens\",\"dalle de b\u00e9ton\",\"refuge\",\"Saint-Di\u00e9-des-Vosges\",\"SPA D\u00e9odatienne\"],\"articleSection\":[\"A la Une\",\"Saint-Di\u00e9-des-Vosges\",\"Vie Associative\"],\"inLanguage\":\"fr-FR\",\"potentialAction\":[{\"@type\":\"CommentAction\",\"name\":\"Comment\",\"target\":[\"https:\/\/vosgesinfo.fr\/saintdieinfo\/2026\/04\/au-refuge-de-la-spa-deodatienne-le-chantier-des-nouveaux-boxes-pour-chiens-passe-au-beton\/#respond\"]}]},{\"@type\":\"WebPage\",\"@id\":\"https:\/\/vosgesinfo.fr\/saintdieinfo\/2026\/04\/au-refuge-de-la-spa-deodatienne-le-chantier-des-nouveaux-boxes-pour-chiens-passe-au-beton\/\",\"url\":\"https:\/\/vosgesinfo.fr\/saintdieinfo\/2026\/04\/au-refuge-de-la-spa-deodatienne-le-chantier-des-nouveaux-boxes-pour-chiens-passe-au-beton\/\",\"name\":\"Au refuge de la SPA D\u00e9odatienne, le chantier des nouveaux boxes pour chiens passe au b\u00e9ton - Saint Die Info\",\"isPartOf\":{\"@id\":\"https:\/\/vosgesinfo.fr\/saintdieinfo\/#website\"},\"primaryImageOfPage\":{\"@id\":\"https:\/\/vosgesinfo.fr\/saintdieinfo\/2026\/04\/au-refuge-de-la-spa-deodatienne-le-chantier-des-nouveaux-boxes-pour-chiens-passe-au-beton\/#primaryimage\"},\"image\":{\"@id\":\"https:\/\/vosgesinfo.fr\/saintdieinfo\/2026\/04\/au-refuge-de-la-spa-deodatienne-le-chantier-des-nouveaux-boxes-pour-chiens-passe-au-beton\/#primaryimage\"},\"thumbnailUrl\":\"https:\/\/vosgesinfo.fr\/app\/uploads\/sites\/4\/2026\/04\/dalle-beton-boxes-refuge-spa-deodatienne-6.jpg\",\"datePublished\":\"2026-04-28T15:03:17+00:00\",\"dateModified\":\"2026-04-28T13:40:21+00:00\",\"breadcrumb\":{\"@id\":\"https:\/\/vosgesinfo.fr\/saintdieinfo\/2026\/04\/au-refuge-de-la-spa-deodatienne-le-chantier-des-nouveaux-boxes-pour-chiens-passe-au-beton\/#breadcrumb\"},\"inLanguage\":\"fr-FR\",\"potentialAction\":[{\"@type\":\"ReadAction\",\"target\":[\"https:\/\/vosgesinfo.fr\/saintdieinfo\/2026\/04\/au-refuge-de-la-spa-deodatienne-le-chantier-des-nouveaux-boxes-pour-chiens-passe-au-beton\/\"]}]},{\"@type\":\"ImageObject\",\"inLanguage\":\"fr-FR\",\"@id\":\"https:\/\/vosgesinfo.fr\/saintdieinfo\/2026\/04\/au-refuge-de-la-spa-deodatienne-le-chantier-des-nouveaux-boxes-pour-chiens-passe-au-beton\/#primaryimage\",\"url\":\"https:\/\/vosgesinfo.fr\/app\/uploads\/sites\/4\/2026\/04\/dalle-beton-boxes-refuge-spa-deodatienne-6.jpg\",\"contentUrl\":\"https:\/\/vosgesinfo.fr\/app\/uploads\/sites\/4\/2026\/04\/dalle-beton-boxes-refuge-spa-deodatienne-6.jpg\",\"width\":1920,\"height\":1446},{\"@type\":\"BreadcrumbList\",\"@id\":\"https:\/\/vosgesinfo.fr\/saintdieinfo\/2026\/04\/au-refuge-de-la-spa-deodatienne-le-chantier-des-nouveaux-boxes-pour-chiens-passe-au-beton\/#breadcrumb\",\"itemListElement\":[{\"@type\":\"ListItem\",\"position\":1,\"name\":\"Home\",\"item\":\"https:\/\/vosgesinfo.fr\/saintdieinfo\/\"},{\"@type\":\"ListItem\",\"position\":2,\"name\":\"Au refuge de la SPA D\u00e9odatienne, le chantier des nouveaux boxes pour chiens passe au b\u00e9ton\"}]},{\"@type\":\"WebSite\",\"@id\":\"https:\/\/vosgesinfo.fr\/saintdieinfo\/#website\",\"url\":\"https:\/\/vosgesinfo.fr\/saintdieinfo\/\",\"name\":\"Saint Die Info\",\"description\":\"Toute l&#039;actualit\u00e9 de Saint-Di\u00e9-Des-Vosges\",\"publisher\":{\"@id\":\"https:\/\/vosgesinfo.fr\/saintdieinfo\/#organization\"},\"alternateName\":\"Toute l'actualit\u00e9 de Saint-Di\u00e9-Des-Vosges\",\"potentialAction\":[{\"@type\":\"SearchAction\",\"target\":{\"@type\":\"EntryPoint\",\"urlTemplate\":\"https:\/\/vosgesinfo.fr\/saintdieinfo\/?s={search_term_string}\"},\"query-input\":\"required name=search_term_string\"}],\"inLanguage\":\"fr-FR\"},{\"@type\":\"Organization\",\"@id\":\"https:\/\/vosgesinfo.fr\/saintdieinfo\/#organization\",\"name\":\"Saint Die Info\",\"url\":\"https:\/\/vosgesinfo.fr\/saintdieinfo\/\",\"logo\":{\"@type\":\"ImageObject\",\"inLanguage\":\"fr-FR\",\"@id\":\"https:\/\/vosgesinfo.fr\/saintdieinfo\/#\/schema\/logo\/image\/\",\"url\":\"https:\/\/vosgesinfo.fr\/app\/uploads\/sites\/4\/2024\/02\/logo-sdi.jpg\",\"contentUrl\":\"https:\/\/vosgesinfo.fr\/app\/uploads\/sites\/4\/2024\/02\/logo-sdi.jpg\",\"width\":600,\"height\":600,\"caption\":\"Saint Die Info\"},\"image\":{\"@id\":\"https:\/\/vosgesinfo.fr\/saintdieinfo\/#\/schema\/logo\/image\/\"},\"sameAs\":[\"https:\/\/www.facebook.com\/Saintdieinfofr\",\"https:\/\/x.com\/VosgesInfo88\",\"https:\/\/www.youtube.com\/@vosgesinfo\"]},{\"@type\":\"Person\",\"@id\":\"https:\/\/vosgesinfo.fr\/saintdieinfo\/#\/schema\/person\/fa73e9f726d67bb88f46d5b7943cb572\",\"name\":\"J.J.\",\"image\":{\"@type\":\"ImageObject\",\"inLanguage\":\"fr-FR\",\"@id\":\"https:\/\/vosgesinfo.fr\/saintdieinfo\/#\/schema\/person\/image\/\",\"url\":\"https:\/\/secure.gravatar.com\/avatar\/219e749e47ffbcca018a360ae4add7d4cdf1cdaaf8bc7676b27efade3fe65615?s=96&d=mm&r=g\",\"contentUrl\":\"https:\/\/secure.gravatar.com\/avatar\/219e749e47ffbcca018a360ae4add7d4cdf1cdaaf8bc7676b27efade3fe65615?s=96&d=mm&r=g\",\"caption\":\"J.J.\"},\"url\":\"https:\/\/vosgesinfo.fr\/saintdieinfo\/author\/j-j\/\"}]}<\/script>\n<!-- \/ Yoast SEO plugin. -->","yoast_head_json":{"title":"Au refuge de la SPA D\u00e9odatienne, le chantier des nouveaux boxes pour chiens passe au b\u00e9ton - Saint Die Info","robots":{"index":"index","follow":"follow","max-snippet":"max-snippet:-1","max-image-preview":"max-image-preview:large","max-video-preview":"max-video-preview:-1"},"canonical":"https:\/\/vosgesinfo.fr\/saintdieinfo\/2026\/04\/au-refuge-de-la-spa-deodatienne-le-chantier-des-nouveaux-boxes-pour-chiens-passe-au-beton\/","twitter_card":"summary_large_image","twitter_title":"Au refuge de la SPA D\u00e9odatienne, le chantier des nouveaux boxes pour chiens passe au b\u00e9ton - Saint Die Info","twitter_description":"Les travaux d\u2019am\u00e9nagement de 17 boxes pour chiens, avec une grande all\u00e9e centrale et un local, ont \u00e9t\u00e9 lanc\u00e9s \u00e0 [&hellip;]","twitter_image":"https:\/\/vosgesinfo.fr\/app\/uploads\/sites\/4\/2026\/04\/dalle-beton-boxes-refuge-spa-deodatienne-6.jpg","twitter_creator":"@VosgesInfo88","twitter_site":"@VosgesInfo88","twitter_misc":{"\u00c9crit par":"J.J.","Dur\u00e9e de lecture estim\u00e9e":"1 minute"},"schema":{"@context":"https:\/\/schema.org","@graph":[{"@type":"Article","@id":"https:\/\/vosgesinfo.fr\/saintdieinfo\/2026\/04\/au-refuge-de-la-spa-deodatienne-le-chantier-des-nouveaux-boxes-pour-chiens-passe-au-beton\/#article","isPartOf":{"@id":"https:\/\/vosgesinfo.fr\/saintdieinfo\/2026\/04\/au-refuge-de-la-spa-deodatienne-le-chantier-des-nouveaux-boxes-pour-chiens-passe-au-beton\/"},"author":{"name":"J.J.","@id":"https:\/\/vosgesinfo.fr\/saintdieinfo\/#\/schema\/person\/fa73e9f726d67bb88f46d5b7943cb572"},"headline":"Au refuge de la SPA D\u00e9odatienne, le chantier des nouveaux boxes pour chiens passe au b\u00e9ton","datePublished":"2026-04-28T15:03:17+00:00","dateModified":"2026-04-28T13:40:21+00:00","mainEntityOfPage":{"@id":"https:\/\/vosgesinfo.fr\/saintdieinfo\/2026\/04\/au-refuge-de-la-spa-deodatienne-le-chantier-des-nouveaux-boxes-pour-chiens-passe-au-beton\/"},"wordCount":276,"commentCount":0,"publisher":{"@id":"https:\/\/vosgesinfo.fr\/saintdieinfo\/#organization"},"image":{"@id":"https:\/\/vosgesinfo.fr\/saintdieinfo\/2026\/04\/au-refuge-de-la-spa-deodatienne-le-chantier-des-nouveaux-boxes-pour-chiens-passe-au-beton\/#primaryimage"},"thumbnailUrl":"https:\/\/vosgesinfo.fr\/app\/uploads\/sites\/4\/2026\/04\/dalle-beton-boxes-refuge-spa-deodatienne-6.jpg","keywords":["60 m\u00b3 de b\u00e9ton","boxes pour chiens","dalle de b\u00e9ton","refuge","Saint-Di\u00e9-des-Vosges","SPA D\u00e9odatienne"],"articleSection":["A la Une","Saint-Di\u00e9-des-Vosges","Vie Associative"],"inLanguage":"fr-FR","potentialAction":[{"@type":"CommentAction","name":"Comment","target":["https:\/\/vosgesinfo.fr\/saintdieinfo\/2026\/04\/au-refuge-de-la-spa-deodatienne-le-chantier-des-nouveaux-boxes-pour-chiens-passe-au-beton\/#respond"]}]},{"@type":"WebPage","@id":"https:\/\/vosgesinfo.fr\/saintdieinfo\/2026\/04\/au-refuge-de-la-spa-deodatienne-le-chantier-des-nouveaux-boxes-pour-chiens-passe-au-beton\/","url":"https:\/\/vosgesinfo.fr\/saintdieinfo\/2026\/04\/au-refuge-de-la-spa-deodatienne-le-chantier-des-nouveaux-boxes-pour-chiens-passe-au-beton\/","name":"Au refuge de la SPA D\u00e9odatienne, le chantier des nouveaux boxes pour chiens passe au b\u00e9ton - Saint Die Info","isPartOf":{"@id":"https:\/\/vosgesinfo.fr\/saintdieinfo\/#website"},"primaryImageOfPage":{"@id":"https:\/\/vosgesinfo.fr\/saintdieinfo\/2026\/04\/au-refuge-de-la-spa-deodatienne-le-chantier-des-nouveaux-boxes-pour-chiens-passe-au-beton\/#primaryimage"},"image":{"@id":"https:\/\/vosgesinfo.fr\/saintdieinfo\/2026\/04\/au-refuge-de-la-spa-deodatienne-le-chantier-des-nouveaux-boxes-pour-chiens-passe-au-beton\/#primaryimage"},"thumbnailUrl":"https:\/\/vosgesinfo.fr\/app\/uploads\/sites\/4\/2026\/04\/dalle-beton-boxes-refuge-spa-deodatienne-6.jpg","datePublished":"2026-04-28T15:03:17+00:00","dateModified":"2026-04-28T13:40:21+00:00","breadcrumb":{"@id":"https:\/\/vosgesinfo.fr\/saintdieinfo\/2026\/04\/au-refuge-de-la-spa-deodatienne-le-chantier-des-nouveaux-boxes-pour-chiens-passe-au-beton\/#breadcrumb"},"inLanguage":"fr-FR","potentialAction":[{"@type":"ReadAction","target":["https:\/\/vosgesinfo.fr\/saintdieinfo\/2026\/04\/au-refuge-de-la-spa-deodatienne-le-chantier-des-nouveaux-boxes-pour-chiens-passe-au-beton\/"]}]},{"@type":"ImageObject","inLanguage":"fr-FR","@id":"https:\/\/vosgesinfo.fr\/saintdieinfo\/2026\/04\/au-refuge-de-la-spa-deodatienne-le-chantier-des-nouveaux-boxes-pour-chiens-passe-au-beton\/#primaryimage","url":"https:\/\/vosgesinfo.fr\/app\/uploads\/sites\/4\/2026\/04\/dalle-beton-boxes-refuge-spa-deodatienne-6.jpg","contentUrl":"https:\/\/vosgesinfo.fr\/app\/uploads\/sites\/4\/2026\/04\/dalle-beton-boxes-refuge-spa-deodatienne-6.jpg","width":1920,"height":1446},{"@type":"BreadcrumbList","@id":"https:\/\/vosgesinfo.fr\/saintdieinfo\/2026\/04\/au-refuge-de-la-spa-deodatienne-le-chantier-des-nouveaux-boxes-pour-chiens-passe-au-beton\/#breadcrumb","itemListElement":[{"@type":"ListItem","position":1,"name":"Home","item":"https:\/\/vosgesinfo.fr\/saintdieinfo\/"},{"@type":"ListItem","position":2,"name":"Au refuge de la SPA D\u00e9odatienne, le chantier des nouveaux boxes pour chiens passe au b\u00e9ton"}]},{"@type":"WebSite","@id":"https:\/\/vosgesinfo.fr\/saintdieinfo\/#website","url":"https:\/\/vosgesinfo.fr\/saintdieinfo\/","name":"Saint Die Info","description":"Toute l&#039;actualit\u00e9 de Saint-Di\u00e9-Des-Vosges","publisher":{"@id":"https:\/\/vosgesinfo.fr\/saintdieinfo\/#organization"},"alternateName":"Toute l'actualit\u00e9 de Saint-Di\u00e9-Des-Vosges","potentialAction":[{"@type":"SearchAction","target":{"@type":"EntryPoint","urlTemplate":"https:\/\/vosgesinfo.fr\/saintdieinfo\/?s={search_term_string}"},"query-input":"required name=search_term_string"}],"inLanguage":"fr-FR"},{"@type":"Organization","@id":"https:\/\/vosgesinfo.fr\/saintdieinfo\/#organization","name":"Saint Die Info","url":"https:\/\/vosgesinfo.fr\/saintdieinfo\/","logo":{"@type":"ImageObject","inLanguage":"fr-FR","@id":"https:\/\/vosgesinfo.fr\/saintdieinfo\/#\/schema\/logo\/image\/","url":"https:\/\/vosgesinfo.fr\/app\/uploads\/sites\/4\/2024\/02\/logo-sdi.jpg","contentUrl":"https:\/\/vosgesinfo.fr\/app\/uploads\/sites\/4\/2024\/02\/logo-sdi.jpg","width":600,"height":600,"caption":"Saint Die Info"},"image":{"@id":"https:\/\/vosgesinfo.fr\/saintdieinfo\/#\/schema\/logo\/image\/"},"sameAs":["https:\/\/www.facebook.com\/Saintdieinfofr","https:\/\/x.com\/VosgesInfo88","https:\/\/www.youtube.com\/@vosgesinfo"]},{"@type":"Person","@id":"https:\/\/vosgesinfo.fr\/saintdieinfo\/#\/schema\/person\/fa73e9f726d67bb88f46d5b7943cb572","name":"J.J.","image":{"@type":"ImageObject","inLanguage":"fr-FR","@id":"https:\/\/vosgesinfo.fr\/saintdieinfo\/#\/schema\/person\/image\/","url":"https:\/\/secure.gravatar.com\/avatar\/219e749e47ffbcca018a360ae4add7d4cdf1cdaaf8bc7676b27efade3fe65615?s=96&d=mm&r=g","contentUrl":"https:\/\/secure.gravatar.com\/avatar\/219e749e47ffbcca018a360ae4add7d4cdf1cdaaf8bc7676b27efade3fe65615?s=96&d=mm&r=g","caption":"J.J."},"url":"https:\/\/vosgesinfo.fr\/saintdieinfo\/author\/j-j\/"}]}},"_links":{"self":[{"href":"https:\/\/vosgesinfo.fr\/saintdieinfo\/wp-json\/wp\/v2\/posts\/90755","targetHints":{"allow":["GET"]}}],"collection":[{"href":"https:\/\/vosgesinfo.fr\/saintdieinfo\/wp-json\/wp\/v2\/posts"}],"about":[{"href":"https:\/\/vosgesinfo.fr\/saintdieinfo\/wp-json\/wp\/v2\/types\/post"}],"author":[{"embeddable":true,"href":"https:\/\/vosgesinfo.fr\/saintdieinfo\/wp-json\/wp\/v2\/users\/46"}],"replies":[{"embeddable":true,"href":"https:\/\/vosgesinfo.fr\/saintdieinfo\/wp-json\/wp\/v2\/comments?post=90755"}],"version-history":[{"count":2,"href":"https:\/\/vosgesinfo.fr\/saintdieinfo\/wp-json\/wp\/v2\/posts\/90755\/revisions"}],"predecessor-version":[{"id":90769,"href":"https:\/\/vosgesinfo.fr\/saintdieinfo\/wp-json\/wp\/v2\/posts\/90755\/revisions\/90769"}],"wp:featuredmedia":[{"embeddable":true,"href":"https:\/\/vosgesinfo.fr\/saintdieinfo\/wp-json\/wp\/v2\/media\/90765"}],"wp:attachment":[{"href":"https:\/\/vosgesinfo.fr\/saintdieinfo\/wp-json\/wp\/v2\/media?parent=90755"}],"wp:term":[{"taxonomy":"category","embeddable":true,"href":"https:\/\/vosgesinfo.fr\/saintdieinfo\/wp-json\/wp\/v2\/categories?post=90755"},{"taxonomy":"post_tag","embeddable":true,"href":"https:\/\/vosgesinfo.fr\/saintdieinfo\/wp-json\/wp\/v2\/tags?post=90755"}],"curies":[{"name":"wp","href":"https:\/\/api.w.org\/{rel}","templated":true}]}}