{"id":90770,"date":"2026-04-29T06:33:31","date_gmt":"2026-04-29T04:33:31","guid":{"rendered":"https:\/\/vosgesinfo.fr\/saintdieinfo\/?p=90770"},"modified":"2026-04-28T17:03:38","modified_gmt":"2026-04-28T15:03:38","slug":"travaux-sur-le-reseau-electrique-une-coupure-prevue-lundi-prochain-dans-plusieurs-rues-deodatiennes","status":"publish","type":"post","link":"https:\/\/vosgesinfo.fr\/saintdieinfo\/2026\/04\/travaux-sur-le-reseau-electrique-une-coupure-prevue-lundi-prochain-dans-plusieurs-rues-deodatiennes\/","title":{"rendered":"Travaux sur le r\u00e9seau \u00e9lectrique : une coupure pr\u00e9vue lundi prochain dans plusieurs rues d\u00e9odatiennes"},"content":{"rendered":"<div id=\"attachment_87363\" style=\"width: 1034px\" class=\"wp-caption alignnone\"><a href=\"https:\/\/vosgesinfo.fr\/app\/uploads\/sites\/4\/2026\/01\/coupure-courant-ia.jpg\"><img decoding=\"async\" aria-describedby=\"caption-attachment-87363\" class=\"size-large wp-image-87363\" src=\"https:\/\/vosgesinfo.fr\/app\/uploads\/sites\/4\/2026\/01\/coupure-courant-ia-1024x683.jpg\" alt=\"\" width=\"1024\" height=\"683\" srcset=\"https:\/\/vosgesinfo.fr\/app\/uploads\/sites\/4\/2026\/01\/coupure-courant-ia-1024x683.jpg 1024w, https:\/\/vosgesinfo.fr\/app\/uploads\/sites\/4\/2026\/01\/coupure-courant-ia-300x200.jpg 300w, https:\/\/vosgesinfo.fr\/app\/uploads\/sites\/4\/2026\/01\/coupure-courant-ia-768x512.jpg 768w, https:\/\/vosgesinfo.fr\/app\/uploads\/sites\/4\/2026\/01\/coupure-courant-ia.jpg 1536w\" sizes=\"(max-width: 1024px) 100vw, 1024px\" \/><\/a><p id=\"caption-attachment-87363\" class=\"wp-caption-text\">(Image IA)<\/p><\/div>\n<h2>Des travaux sur le <strong>r\u00e9seau \u00e9lectrique<\/strong> entra\u00eeneront des <strong>coupures temporaires<\/strong> <strong>lundi 4 mai<\/strong>, de 8 h 30 \u00e0 11 h, dans <strong>plusieurs secteurs de Saint-Di\u00e9-des-Vosges<\/strong>. L\u2019intervention a pour objectif d\u2019am\u00e9liorer la qualit\u00e9 du r\u00e9seau.<\/h2>\n<p><!--more--><\/p>\n<h3><strong>Les secteurs concern\u00e9s<\/strong><\/h3>\n<p>La coupure concernera les adresses suivantes : <strong>du 4 au 16 rue Gabriel-Piern\u00e9, les num\u00e9ros 17, 21 \u00e0 37, 50 et 56 chemin du Bois-Basselin, ainsi que les num\u00e9ros 2 \u00e0 8, 12, 15 \u00e0 18, 21 \u00e0 24, 2B et 1B rue Ren\u00e9-Cassin<\/strong>.<\/p>\n<h3><strong>Les consignes de s\u00e9curit\u00e9<\/strong><\/h3>\n<p>Les <strong>appareils sensibles<\/strong> doivent \u00eatre d\u00e9branch\u00e9s avant la coupure, puis rebranch\u00e9s une fois le courant r\u00e9tabli. En cas d\u2019utilisation d\u2019un <strong>groupe \u00e9lectrog\u00e8ne<\/strong> ou d\u2019un autre moyen de r\u00e9alimentation, le <strong>disjoncteur g\u00e9n\u00e9ral Enedis<\/strong> doit imp\u00e9rativement \u00eatre plac\u00e9 sur \u00ab O \u00bb, afin de garantir la <strong>s\u00e9curit\u00e9 des \u00e9quipes<\/strong>.<\/p>\n","protected":false},"excerpt":{"rendered":"<p>Des travaux sur le r\u00e9seau \u00e9lectrique entra\u00eeneront des coupures temporaires lundi 4 mai, de 8 h 30 \u00e0 11 h, [&hellip;]<\/p>\n","protected":false},"author":46,"featured_media":87363,"comment_status":"open","ping_status":"open","sticky":false,"template":"","format":"standard","meta":{"footnotes":""},"categories":[3900,167],"tags":[21451,21449,1603,21450,21452,2881,21448],"class_list":["post-90770","post","type-post","status-publish","format-standard","has-post-thumbnail","hentry","category-breves","category-saint-die-des-vosges","tag-chemin-du-bois-basselin","tag-coupures-temporaires","tag-enedis","tag-rue-gabriel-pierne","tag-rue-rene-cassin","tag-saint-die-des-vosges","tag-travaux-reseau-electrique"],"acf":[],"yoast_head":"<!-- This site is optimized with the Yoast SEO plugin v22.5 - https:\/\/yoast.com\/wordpress\/plugins\/seo\/ -->\n<title>Travaux sur le r\u00e9seau \u00e9lectrique : une coupure pr\u00e9vue lundi prochain dans plusieurs rues d\u00e9odatiennes - Saint Die Info<\/title>\n<meta name=\"robots\" content=\"index, follow, max-snippet:-1, max-image-preview:large, max-video-preview:-1\" \/>\n<link rel=\"canonical\" href=\"https:\/\/vosgesinfo.fr\/saintdieinfo\/2026\/04\/travaux-sur-le-reseau-electrique-une-coupure-prevue-lundi-prochain-dans-plusieurs-rues-deodatiennes\/\" \/>\n<meta name=\"twitter:card\" content=\"summary_large_image\" \/>\n<meta name=\"twitter:title\" content=\"Travaux sur le r\u00e9seau \u00e9lectrique : une coupure pr\u00e9vue lundi prochain dans plusieurs rues d\u00e9odatiennes - Saint Die Info\" \/>\n<meta name=\"twitter:description\" content=\"Des travaux sur le r\u00e9seau \u00e9lectrique entra\u00eeneront des coupures temporaires lundi 4 mai, de 8 h 30 \u00e0 11 h, [&hellip;]\" \/>\n<meta name=\"twitter:image\" content=\"https:\/\/vosgesinfo.fr\/app\/uploads\/sites\/4\/2026\/01\/coupure-courant-ia.jpg\" \/>\n<meta name=\"twitter:creator\" content=\"@VosgesInfo88\" \/>\n<meta name=\"twitter:site\" content=\"@VosgesInfo88\" \/>\n<meta name=\"twitter:label1\" content=\"\u00c9crit par\" \/>\n\t<meta name=\"twitter:data1\" content=\"J.J.\" \/>\n\t<meta name=\"twitter:label2\" content=\"Dur\u00e9e de lecture estim\u00e9e\" \/>\n\t<meta name=\"twitter:data2\" content=\"1 minute\" \/>\n<script type=\"application\/ld+json\" class=\"yoast-schema-graph\">{\"@context\":\"https:\/\/schema.org\",\"@graph\":[{\"@type\":\"Article\",\"@id\":\"https:\/\/vosgesinfo.fr\/saintdieinfo\/2026\/04\/travaux-sur-le-reseau-electrique-une-coupure-prevue-lundi-prochain-dans-plusieurs-rues-deodatiennes\/#article\",\"isPartOf\":{\"@id\":\"https:\/\/vosgesinfo.fr\/saintdieinfo\/2026\/04\/travaux-sur-le-reseau-electrique-une-coupure-prevue-lundi-prochain-dans-plusieurs-rues-deodatiennes\/\"},\"author\":{\"name\":\"J.J.\",\"@id\":\"https:\/\/vosgesinfo.fr\/saintdieinfo\/#\/schema\/person\/fa73e9f726d67bb88f46d5b7943cb572\"},\"headline\":\"Travaux sur le r\u00e9seau \u00e9lectrique : une coupure pr\u00e9vue lundi prochain dans plusieurs rues d\u00e9odatiennes\",\"datePublished\":\"2026-04-29T04:33:31+00:00\",\"dateModified\":\"2026-04-28T15:03:38+00:00\",\"mainEntityOfPage\":{\"@id\":\"https:\/\/vosgesinfo.fr\/saintdieinfo\/2026\/04\/travaux-sur-le-reseau-electrique-une-coupure-prevue-lundi-prochain-dans-plusieurs-rues-deodatiennes\/\"},\"wordCount\":157,\"commentCount\":0,\"publisher\":{\"@id\":\"https:\/\/vosgesinfo.fr\/saintdieinfo\/#organization\"},\"image\":{\"@id\":\"https:\/\/vosgesinfo.fr\/saintdieinfo\/2026\/04\/travaux-sur-le-reseau-electrique-une-coupure-prevue-lundi-prochain-dans-plusieurs-rues-deodatiennes\/#primaryimage\"},\"thumbnailUrl\":\"https:\/\/vosgesinfo.fr\/app\/uploads\/sites\/4\/2026\/01\/coupure-courant-ia.jpg\",\"keywords\":[\"chemin du Bois-Basselin\",\"coupures temporaires\",\"Enedis\",\"rue Gabriel-Piern\u00e9\",\"rue Ren\u00e9-Cassin\",\"Saint-Di\u00e9-des-Vosges\",\"travaux r\u00e9seau \u00e9lectrique\"],\"articleSection\":[\"Br\u00e8ves\",\"Saint-Di\u00e9-des-Vosges\"],\"inLanguage\":\"fr-FR\",\"potentialAction\":[{\"@type\":\"CommentAction\",\"name\":\"Comment\",\"target\":[\"https:\/\/vosgesinfo.fr\/saintdieinfo\/2026\/04\/travaux-sur-le-reseau-electrique-une-coupure-prevue-lundi-prochain-dans-plusieurs-rues-deodatiennes\/#respond\"]}]},{\"@type\":\"WebPage\",\"@id\":\"https:\/\/vosgesinfo.fr\/saintdieinfo\/2026\/04\/travaux-sur-le-reseau-electrique-une-coupure-prevue-lundi-prochain-dans-plusieurs-rues-deodatiennes\/\",\"url\":\"https:\/\/vosgesinfo.fr\/saintdieinfo\/2026\/04\/travaux-sur-le-reseau-electrique-une-coupure-prevue-lundi-prochain-dans-plusieurs-rues-deodatiennes\/\",\"name\":\"Travaux sur le r\u00e9seau \u00e9lectrique : une coupure pr\u00e9vue lundi prochain dans plusieurs rues d\u00e9odatiennes - Saint Die Info\",\"isPartOf\":{\"@id\":\"https:\/\/vosgesinfo.fr\/saintdieinfo\/#website\"},\"primaryImageOfPage\":{\"@id\":\"https:\/\/vosgesinfo.fr\/saintdieinfo\/2026\/04\/travaux-sur-le-reseau-electrique-une-coupure-prevue-lundi-prochain-dans-plusieurs-rues-deodatiennes\/#primaryimage\"},\"image\":{\"@id\":\"https:\/\/vosgesinfo.fr\/saintdieinfo\/2026\/04\/travaux-sur-le-reseau-electrique-une-coupure-prevue-lundi-prochain-dans-plusieurs-rues-deodatiennes\/#primaryimage\"},\"thumbnailUrl\":\"https:\/\/vosgesinfo.fr\/app\/uploads\/sites\/4\/2026\/01\/coupure-courant-ia.jpg\",\"datePublished\":\"2026-04-29T04:33:31+00:00\",\"dateModified\":\"2026-04-28T15:03:38+00:00\",\"breadcrumb\":{\"@id\":\"https:\/\/vosgesinfo.fr\/saintdieinfo\/2026\/04\/travaux-sur-le-reseau-electrique-une-coupure-prevue-lundi-prochain-dans-plusieurs-rues-deodatiennes\/#breadcrumb\"},\"inLanguage\":\"fr-FR\",\"potentialAction\":[{\"@type\":\"ReadAction\",\"target\":[\"https:\/\/vosgesinfo.fr\/saintdieinfo\/2026\/04\/travaux-sur-le-reseau-electrique-une-coupure-prevue-lundi-prochain-dans-plusieurs-rues-deodatiennes\/\"]}]},{\"@type\":\"ImageObject\",\"inLanguage\":\"fr-FR\",\"@id\":\"https:\/\/vosgesinfo.fr\/saintdieinfo\/2026\/04\/travaux-sur-le-reseau-electrique-une-coupure-prevue-lundi-prochain-dans-plusieurs-rues-deodatiennes\/#primaryimage\",\"url\":\"https:\/\/vosgesinfo.fr\/app\/uploads\/sites\/4\/2026\/01\/coupure-courant-ia.jpg\",\"contentUrl\":\"https:\/\/vosgesinfo.fr\/app\/uploads\/sites\/4\/2026\/01\/coupure-courant-ia.jpg\",\"width\":1536,\"height\":1024,\"caption\":\"(Image IA)\"},{\"@type\":\"BreadcrumbList\",\"@id\":\"https:\/\/vosgesinfo.fr\/saintdieinfo\/2026\/04\/travaux-sur-le-reseau-electrique-une-coupure-prevue-lundi-prochain-dans-plusieurs-rues-deodatiennes\/#breadcrumb\",\"itemListElement\":[{\"@type\":\"ListItem\",\"position\":1,\"name\":\"Home\",\"item\":\"https:\/\/vosgesinfo.fr\/saintdieinfo\/\"},{\"@type\":\"ListItem\",\"position\":2,\"name\":\"Travaux sur le r\u00e9seau \u00e9lectrique : une coupure pr\u00e9vue lundi prochain dans plusieurs rues d\u00e9odatiennes\"}]},{\"@type\":\"WebSite\",\"@id\":\"https:\/\/vosgesinfo.fr\/saintdieinfo\/#website\",\"url\":\"https:\/\/vosgesinfo.fr\/saintdieinfo\/\",\"name\":\"Saint Die Info\",\"description\":\"Toute l&#039;actualit\u00e9 de Saint-Di\u00e9-Des-Vosges\",\"publisher\":{\"@id\":\"https:\/\/vosgesinfo.fr\/saintdieinfo\/#organization\"},\"alternateName\":\"Toute l'actualit\u00e9 de Saint-Di\u00e9-Des-Vosges\",\"potentialAction\":[{\"@type\":\"SearchAction\",\"target\":{\"@type\":\"EntryPoint\",\"urlTemplate\":\"https:\/\/vosgesinfo.fr\/saintdieinfo\/?s={search_term_string}\"},\"query-input\":\"required name=search_term_string\"}],\"inLanguage\":\"fr-FR\"},{\"@type\":\"Organization\",\"@id\":\"https:\/\/vosgesinfo.fr\/saintdieinfo\/#organization\",\"name\":\"Saint Die Info\",\"url\":\"https:\/\/vosgesinfo.fr\/saintdieinfo\/\",\"logo\":{\"@type\":\"ImageObject\",\"inLanguage\":\"fr-FR\",\"@id\":\"https:\/\/vosgesinfo.fr\/saintdieinfo\/#\/schema\/logo\/image\/\",\"url\":\"https:\/\/vosgesinfo.fr\/app\/uploads\/sites\/4\/2024\/02\/logo-sdi.jpg\",\"contentUrl\":\"https:\/\/vosgesinfo.fr\/app\/uploads\/sites\/4\/2024\/02\/logo-sdi.jpg\",\"width\":600,\"height\":600,\"caption\":\"Saint Die Info\"},\"image\":{\"@id\":\"https:\/\/vosgesinfo.fr\/saintdieinfo\/#\/schema\/logo\/image\/\"},\"sameAs\":[\"https:\/\/www.facebook.com\/Saintdieinfofr\",\"https:\/\/x.com\/VosgesInfo88\",\"https:\/\/www.youtube.com\/@vosgesinfo\"]},{\"@type\":\"Person\",\"@id\":\"https:\/\/vosgesinfo.fr\/saintdieinfo\/#\/schema\/person\/fa73e9f726d67bb88f46d5b7943cb572\",\"name\":\"J.J.\",\"image\":{\"@type\":\"ImageObject\",\"inLanguage\":\"fr-FR\",\"@id\":\"https:\/\/vosgesinfo.fr\/saintdieinfo\/#\/schema\/person\/image\/\",\"url\":\"https:\/\/secure.gravatar.com\/avatar\/219e749e47ffbcca018a360ae4add7d4cdf1cdaaf8bc7676b27efade3fe65615?s=96&d=mm&r=g\",\"contentUrl\":\"https:\/\/secure.gravatar.com\/avatar\/219e749e47ffbcca018a360ae4add7d4cdf1cdaaf8bc7676b27efade3fe65615?s=96&d=mm&r=g\",\"caption\":\"J.J.\"},\"url\":\"https:\/\/vosgesinfo.fr\/saintdieinfo\/author\/j-j\/\"}]}<\/script>\n<!-- \/ Yoast SEO plugin. -->","yoast_head_json":{"title":"Travaux sur le r\u00e9seau \u00e9lectrique : une coupure pr\u00e9vue lundi prochain dans plusieurs rues d\u00e9odatiennes - Saint Die Info","robots":{"index":"index","follow":"follow","max-snippet":"max-snippet:-1","max-image-preview":"max-image-preview:large","max-video-preview":"max-video-preview:-1"},"canonical":"https:\/\/vosgesinfo.fr\/saintdieinfo\/2026\/04\/travaux-sur-le-reseau-electrique-une-coupure-prevue-lundi-prochain-dans-plusieurs-rues-deodatiennes\/","twitter_card":"summary_large_image","twitter_title":"Travaux sur le r\u00e9seau \u00e9lectrique : une coupure pr\u00e9vue lundi prochain dans plusieurs rues d\u00e9odatiennes - Saint Die Info","twitter_description":"Des travaux sur le r\u00e9seau \u00e9lectrique entra\u00eeneront des coupures temporaires lundi 4 mai, de 8 h 30 \u00e0 11 h, [&hellip;]","twitter_image":"https:\/\/vosgesinfo.fr\/app\/uploads\/sites\/4\/2026\/01\/coupure-courant-ia.jpg","twitter_creator":"@VosgesInfo88","twitter_site":"@VosgesInfo88","twitter_misc":{"\u00c9crit par":"J.J.","Dur\u00e9e de lecture estim\u00e9e":"1 minute"},"schema":{"@context":"https:\/\/schema.org","@graph":[{"@type":"Article","@id":"https:\/\/vosgesinfo.fr\/saintdieinfo\/2026\/04\/travaux-sur-le-reseau-electrique-une-coupure-prevue-lundi-prochain-dans-plusieurs-rues-deodatiennes\/#article","isPartOf":{"@id":"https:\/\/vosgesinfo.fr\/saintdieinfo\/2026\/04\/travaux-sur-le-reseau-electrique-une-coupure-prevue-lundi-prochain-dans-plusieurs-rues-deodatiennes\/"},"author":{"name":"J.J.","@id":"https:\/\/vosgesinfo.fr\/saintdieinfo\/#\/schema\/person\/fa73e9f726d67bb88f46d5b7943cb572"},"headline":"Travaux sur le r\u00e9seau \u00e9lectrique : une coupure pr\u00e9vue lundi prochain dans plusieurs rues d\u00e9odatiennes","datePublished":"2026-04-29T04:33:31+00:00","dateModified":"2026-04-28T15:03:38+00:00","mainEntityOfPage":{"@id":"https:\/\/vosgesinfo.fr\/saintdieinfo\/2026\/04\/travaux-sur-le-reseau-electrique-une-coupure-prevue-lundi-prochain-dans-plusieurs-rues-deodatiennes\/"},"wordCount":157,"commentCount":0,"publisher":{"@id":"https:\/\/vosgesinfo.fr\/saintdieinfo\/#organization"},"image":{"@id":"https:\/\/vosgesinfo.fr\/saintdieinfo\/2026\/04\/travaux-sur-le-reseau-electrique-une-coupure-prevue-lundi-prochain-dans-plusieurs-rues-deodatiennes\/#primaryimage"},"thumbnailUrl":"https:\/\/vosgesinfo.fr\/app\/uploads\/sites\/4\/2026\/01\/coupure-courant-ia.jpg","keywords":["chemin du Bois-Basselin","coupures temporaires","Enedis","rue Gabriel-Piern\u00e9","rue Ren\u00e9-Cassin","Saint-Di\u00e9-des-Vosges","travaux r\u00e9seau \u00e9lectrique"],"articleSection":["Br\u00e8ves","Saint-Di\u00e9-des-Vosges"],"inLanguage":"fr-FR","potentialAction":[{"@type":"CommentAction","name":"Comment","target":["https:\/\/vosgesinfo.fr\/saintdieinfo\/2026\/04\/travaux-sur-le-reseau-electrique-une-coupure-prevue-lundi-prochain-dans-plusieurs-rues-deodatiennes\/#respond"]}]},{"@type":"WebPage","@id":"https:\/\/vosgesinfo.fr\/saintdieinfo\/2026\/04\/travaux-sur-le-reseau-electrique-une-coupure-prevue-lundi-prochain-dans-plusieurs-rues-deodatiennes\/","url":"https:\/\/vosgesinfo.fr\/saintdieinfo\/2026\/04\/travaux-sur-le-reseau-electrique-une-coupure-prevue-lundi-prochain-dans-plusieurs-rues-deodatiennes\/","name":"Travaux sur le r\u00e9seau \u00e9lectrique : une coupure pr\u00e9vue lundi prochain dans plusieurs rues d\u00e9odatiennes - Saint Die Info","isPartOf":{"@id":"https:\/\/vosgesinfo.fr\/saintdieinfo\/#website"},"primaryImageOfPage":{"@id":"https:\/\/vosgesinfo.fr\/saintdieinfo\/2026\/04\/travaux-sur-le-reseau-electrique-une-coupure-prevue-lundi-prochain-dans-plusieurs-rues-deodatiennes\/#primaryimage"},"image":{"@id":"https:\/\/vosgesinfo.fr\/saintdieinfo\/2026\/04\/travaux-sur-le-reseau-electrique-une-coupure-prevue-lundi-prochain-dans-plusieurs-rues-deodatiennes\/#primaryimage"},"thumbnailUrl":"https:\/\/vosgesinfo.fr\/app\/uploads\/sites\/4\/2026\/01\/coupure-courant-ia.jpg","datePublished":"2026-04-29T04:33:31+00:00","dateModified":"2026-04-28T15:03:38+00:00","breadcrumb":{"@id":"https:\/\/vosgesinfo.fr\/saintdieinfo\/2026\/04\/travaux-sur-le-reseau-electrique-une-coupure-prevue-lundi-prochain-dans-plusieurs-rues-deodatiennes\/#breadcrumb"},"inLanguage":"fr-FR","potentialAction":[{"@type":"ReadAction","target":["https:\/\/vosgesinfo.fr\/saintdieinfo\/2026\/04\/travaux-sur-le-reseau-electrique-une-coupure-prevue-lundi-prochain-dans-plusieurs-rues-deodatiennes\/"]}]},{"@type":"ImageObject","inLanguage":"fr-FR","@id":"https:\/\/vosgesinfo.fr\/saintdieinfo\/2026\/04\/travaux-sur-le-reseau-electrique-une-coupure-prevue-lundi-prochain-dans-plusieurs-rues-deodatiennes\/#primaryimage","url":"https:\/\/vosgesinfo.fr\/app\/uploads\/sites\/4\/2026\/01\/coupure-courant-ia.jpg","contentUrl":"https:\/\/vosgesinfo.fr\/app\/uploads\/sites\/4\/2026\/01\/coupure-courant-ia.jpg","width":1536,"height":1024,"caption":"(Image IA)"},{"@type":"BreadcrumbList","@id":"https:\/\/vosgesinfo.fr\/saintdieinfo\/2026\/04\/travaux-sur-le-reseau-electrique-une-coupure-prevue-lundi-prochain-dans-plusieurs-rues-deodatiennes\/#breadcrumb","itemListElement":[{"@type":"ListItem","position":1,"name":"Home","item":"https:\/\/vosgesinfo.fr\/saintdieinfo\/"},{"@type":"ListItem","position":2,"name":"Travaux sur le r\u00e9seau \u00e9lectrique : une coupure pr\u00e9vue lundi prochain dans plusieurs rues d\u00e9odatiennes"}]},{"@type":"WebSite","@id":"https:\/\/vosgesinfo.fr\/saintdieinfo\/#website","url":"https:\/\/vosgesinfo.fr\/saintdieinfo\/","name":"Saint Die Info","description":"Toute l&#039;actualit\u00e9 de Saint-Di\u00e9-Des-Vosges","publisher":{"@id":"https:\/\/vosgesinfo.fr\/saintdieinfo\/#organization"},"alternateName":"Toute l'actualit\u00e9 de Saint-Di\u00e9-Des-Vosges","potentialAction":[{"@type":"SearchAction","target":{"@type":"EntryPoint","urlTemplate":"https:\/\/vosgesinfo.fr\/saintdieinfo\/?s={search_term_string}"},"query-input":"required name=search_term_string"}],"inLanguage":"fr-FR"},{"@type":"Organization","@id":"https:\/\/vosgesinfo.fr\/saintdieinfo\/#organization","name":"Saint Die Info","url":"https:\/\/vosgesinfo.fr\/saintdieinfo\/","logo":{"@type":"ImageObject","inLanguage":"fr-FR","@id":"https:\/\/vosgesinfo.fr\/saintdieinfo\/#\/schema\/logo\/image\/","url":"https:\/\/vosgesinfo.fr\/app\/uploads\/sites\/4\/2024\/02\/logo-sdi.jpg","contentUrl":"https:\/\/vosgesinfo.fr\/app\/uploads\/sites\/4\/2024\/02\/logo-sdi.jpg","width":600,"height":600,"caption":"Saint Die Info"},"image":{"@id":"https:\/\/vosgesinfo.fr\/saintdieinfo\/#\/schema\/logo\/image\/"},"sameAs":["https:\/\/www.facebook.com\/Saintdieinfofr","https:\/\/x.com\/VosgesInfo88","https:\/\/www.youtube.com\/@vosgesinfo"]},{"@type":"Person","@id":"https:\/\/vosgesinfo.fr\/saintdieinfo\/#\/schema\/person\/fa73e9f726d67bb88f46d5b7943cb572","name":"J.J.","image":{"@type":"ImageObject","inLanguage":"fr-FR","@id":"https:\/\/vosgesinfo.fr\/saintdieinfo\/#\/schema\/person\/image\/","url":"https:\/\/secure.gravatar.com\/avatar\/219e749e47ffbcca018a360ae4add7d4cdf1cdaaf8bc7676b27efade3fe65615?s=96&d=mm&r=g","contentUrl":"https:\/\/secure.gravatar.com\/avatar\/219e749e47ffbcca018a360ae4add7d4cdf1cdaaf8bc7676b27efade3fe65615?s=96&d=mm&r=g","caption":"J.J."},"url":"https:\/\/vosgesinfo.fr\/saintdieinfo\/author\/j-j\/"}]}},"_links":{"self":[{"href":"https:\/\/vosgesinfo.fr\/saintdieinfo\/wp-json\/wp\/v2\/posts\/90770","targetHints":{"allow":["GET"]}}],"collection":[{"href":"https:\/\/vosgesinfo.fr\/saintdieinfo\/wp-json\/wp\/v2\/posts"}],"about":[{"href":"https:\/\/vosgesinfo.fr\/saintdieinfo\/wp-json\/wp\/v2\/types\/post"}],"author":[{"embeddable":true,"href":"https:\/\/vosgesinfo.fr\/saintdieinfo\/wp-json\/wp\/v2\/users\/46"}],"replies":[{"embeddable":true,"href":"https:\/\/vosgesinfo.fr\/saintdieinfo\/wp-json\/wp\/v2\/comments?post=90770"}],"version-history":[{"count":1,"href":"https:\/\/vosgesinfo.fr\/saintdieinfo\/wp-json\/wp\/v2\/posts\/90770\/revisions"}],"predecessor-version":[{"id":90771,"href":"https:\/\/vosgesinfo.fr\/saintdieinfo\/wp-json\/wp\/v2\/posts\/90770\/revisions\/90771"}],"wp:featuredmedia":[{"embeddable":true,"href":"https:\/\/vosgesinfo.fr\/saintdieinfo\/wp-json\/wp\/v2\/media\/87363"}],"wp:attachment":[{"href":"https:\/\/vosgesinfo.fr\/saintdieinfo\/wp-json\/wp\/v2\/media?parent=90770"}],"wp:term":[{"taxonomy":"category","embeddable":true,"href":"https:\/\/vosgesinfo.fr\/saintdieinfo\/wp-json\/wp\/v2\/categories?post=90770"},{"taxonomy":"post_tag","embeddable":true,"href":"https:\/\/vosgesinfo.fr\/saintdieinfo\/wp-json\/wp\/v2\/tags?post=90770"}],"curies":[{"name":"wp","href":"https:\/\/api.w.org\/{rel}","templated":true}]}}