{"id":90772,"date":"2026-04-30T05:56:46","date_gmt":"2026-04-30T03:56:46","guid":{"rendered":"https:\/\/vosgesinfo.fr\/saintdieinfo\/?p=90772"},"modified":"2026-04-30T05:56:46","modified_gmt":"2026-04-30T03:56:46","slug":"le-valtin-spectacle-deux-ailes-un-caillou-a-la-maison-gollette-ce-dimanche","status":"publish","type":"post","link":"https:\/\/vosgesinfo.fr\/saintdieinfo\/2026\/04\/le-valtin-spectacle-deux-ailes-un-caillou-a-la-maison-gollette-ce-dimanche\/","title":{"rendered":"Le Valtin &#8211; Spectacle DEUX AILES &#038; UN CAILLOU \u00e0 la Maison Gollette ce dimanche"},"content":{"rendered":"<p><a href=\"https:\/\/vosgesinfo.fr\/app\/uploads\/sites\/6\/2026\/04\/maison-gollette.jpg\"><img decoding=\"async\" class=\"aligncenter size-medium wp-image-90833\" src=\"https:\/\/vosgesinfo.fr\/app\/uploads\/sites\/6\/2026\/04\/maison-gollette-226x300.jpg\" alt=\"\" width=\"226\" height=\"300\" \/><\/a><\/p>\n<p>\u00ab\u00a0Tic tac&#8230;<\/p>\n<p><a href=\"https:\/\/vosgesinfo.fr\/app\/uploads\/sites\/6\/2026\/04\/capture-de\u0301cran-2026-04-28-a\u0300-15.10.01.png\"><img decoding=\"async\" class=\"alignright size-medium wp-image-90834\" src=\"https:\/\/vosgesinfo.fr\/app\/uploads\/sites\/6\/2026\/04\/capture-de\u0301cran-2026-04-28-a\u0300-15.10.01-217x300.png\" alt=\"\" width=\"217\" height=\"300\" \/><\/a><strong>Spectacle DEUX AILES &amp; UN CAILLOU<\/strong><br \/>\nLe dimanche 3 mai \u00e0 11h00, la Maison Gollette accueille dans son jardin un th\u00e9\u00e2tre de marionnettes, pour petits et grands enfants!<br \/>\nC\u00e9line de la compagnie Caravanes vient nous raconter l&rsquo;histoire d&rsquo;une petite fille qui r\u00eave de voler avec les grues&#8230;<br \/>\nUn voyage po\u00e9tique et sensible d&rsquo;une heure environ.<br \/>\n<strong>Participation financi\u00e8re au chapeau.<\/strong><br \/>\n\u00c9v\u00e9nement sous r\u00e9serve de beau temps, sc\u00e8ne ext\u00e9rieure.<br \/>\nLa s\u00e9ance sera suivie pour ceux qui le souhaitent d&rsquo;un repas \u00ab\u00a0libre\u00a0\u00bb et convivial.<\/p>\n<p>(Repas tir\u00e9 du sac et\/ou achet\u00e9 \u00e0 la boulangerie dans la limite des stocks disponibles, fourn\u00e9e suppl\u00e9mentaire de pain ! )<br \/>\nLe spectacle: deux degr\u00e9s de lecture sur les th\u00e8mes de la migration humaine et animale.<br \/>\n<strong>Plus d&rsquo;infos ici :<\/strong> <a href=\"https:\/\/www.compagniecaravanes-grandest.fr\/2-ailes-et-un-caillou\" target=\"_blank\" rel=\"noopener\" data-saferedirecturl=\"https:\/\/www.google.com\/url?q=https:\/\/www.compagniecaravanes-grandest.fr\/2-ailes-et-un-caillou&amp;source=gmail&amp;ust=1777468719104000&amp;usg=AOvVaw15ltEB5lX_tSxTTPhKN0xw\">https:\/\/www.<wbr \/>compagniecaravanes-grandest.<wbr \/>fr\/2-ailes-et-un-caillou<\/a><\/p>\n<p>La Maison Gollette est un fournil situ\u00e9 au c\u0153ur du village du Valtin, proposant du pain 100% levain cuit au feu de bois &amp; d&rsquo;autres gourmandises sal\u00e9es et sucr\u00e9es. C&rsquo;est aussi une \u00e9picerie et un caf\u00e9 de village, mais \u00e9galement un lieu de culture avec pour la belle saison 2026.<\/p>\n<p><a href=\"https:\/\/www.facebook.com\/lamaisongollette\/?locale=fr_FR\" target=\"_blank\" rel=\"noopener\">Facebook<\/a><\/p>\n","protected":false},"excerpt":{"rendered":"<p>\u00ab\u00a0Tic tac&#8230; Spectacle DEUX AILES &amp; UN CAILLOU Le dimanche 3 mai \u00e0 11h00, la Maison Gollette accueille dans son [&hellip;]<\/p>\n","protected":false},"author":391,"featured_media":90773,"comment_status":"open","ping_status":"open","sticky":false,"template":"","format":"standard","meta":{"footnotes":""},"categories":[460,7847,5391,4100],"tags":[21453,21454,21455],"class_list":["post-90772","post","type-post","status-publish","format-standard","has-post-thumbnail","hentry","category-a-la-une","category-art-culture","category-gerardmer","category-saint-die","tag-compagnie-caravanes","tag-deux-ailes-1-caillou","tag-maison-golette"],"acf":[],"yoast_head":"<!-- This site is optimized with the Yoast SEO plugin v22.5 - https:\/\/yoast.com\/wordpress\/plugins\/seo\/ -->\n<title>Le Valtin - Spectacle DEUX AILES &amp; UN CAILLOU \u00e0 la Maison Gollette ce dimanche - Saint Die Info<\/title>\n<meta name=\"robots\" content=\"index, follow, max-snippet:-1, max-image-preview:large, max-video-preview:-1\" \/>\n<link rel=\"canonical\" href=\"https:\/\/vosgesinfo.fr\/saintdieinfo\/2026\/04\/le-valtin-spectacle-deux-ailes-un-caillou-a-la-maison-gollette-ce-dimanche\/\" \/>\n<meta name=\"twitter:card\" content=\"summary_large_image\" \/>\n<meta name=\"twitter:title\" content=\"Le Valtin - Spectacle DEUX AILES &amp; UN CAILLOU \u00e0 la Maison Gollette ce dimanche - Saint Die Info\" \/>\n<meta name=\"twitter:description\" content=\"\u00ab\u00a0Tic tac&#8230; Spectacle DEUX AILES &amp; UN CAILLOU Le dimanche 3 mai \u00e0 11h00, la Maison Gollette accueille dans son [&hellip;]\" \/>\n<meta name=\"twitter:image\" content=\"https:\/\/vosgesinfo.fr\/app\/uploads\/sites\/4\/2026\/04\/capture-de\u0301cran-2026-04-28-a\u0300-15.10.01.png\" \/>\n<meta name=\"twitter:creator\" content=\"@VosgesInfo88\" \/>\n<meta name=\"twitter:site\" content=\"@VosgesInfo88\" \/>\n<meta name=\"twitter:label1\" content=\"\u00c9crit par\" \/>\n\t<meta name=\"twitter:data1\" content=\"La redaction\" \/>\n\t<meta name=\"twitter:label2\" content=\"Dur\u00e9e de lecture estim\u00e9e\" \/>\n\t<meta name=\"twitter:data2\" content=\"1 minute\" \/>\n<script type=\"application\/ld+json\" class=\"yoast-schema-graph\">{\"@context\":\"https:\/\/schema.org\",\"@graph\":[{\"@type\":\"Article\",\"@id\":\"https:\/\/vosgesinfo.fr\/saintdieinfo\/2026\/04\/le-valtin-spectacle-deux-ailes-un-caillou-a-la-maison-gollette-ce-dimanche\/#article\",\"isPartOf\":{\"@id\":\"https:\/\/vosgesinfo.fr\/saintdieinfo\/2026\/04\/le-valtin-spectacle-deux-ailes-un-caillou-a-la-maison-gollette-ce-dimanche\/\"},\"author\":{\"name\":\"La redaction\",\"@id\":\"https:\/\/vosgesinfo.fr\/saintdieinfo\/#\/schema\/person\/27a3695b06db98895b354c0765cdfc31\"},\"headline\":\"Le Valtin &#8211; Spectacle DEUX AILES &#038; UN CAILLOU \u00e0 la Maison Gollette ce dimanche\",\"datePublished\":\"2026-04-30T03:56:46+00:00\",\"dateModified\":\"2026-04-30T03:56:46+00:00\",\"mainEntityOfPage\":{\"@id\":\"https:\/\/vosgesinfo.fr\/saintdieinfo\/2026\/04\/le-valtin-spectacle-deux-ailes-un-caillou-a-la-maison-gollette-ce-dimanche\/\"},\"wordCount\":209,\"commentCount\":0,\"publisher\":{\"@id\":\"https:\/\/vosgesinfo.fr\/saintdieinfo\/#organization\"},\"image\":{\"@id\":\"https:\/\/vosgesinfo.fr\/saintdieinfo\/2026\/04\/le-valtin-spectacle-deux-ailes-un-caillou-a-la-maison-gollette-ce-dimanche\/#primaryimage\"},\"thumbnailUrl\":\"https:\/\/vosgesinfo.fr\/app\/uploads\/sites\/4\/2026\/04\/capture-de\u0301cran-2026-04-28-a\u0300-15.10.01.png\",\"keywords\":[\"compagnie Caravanes\",\"Deux ailes &amp; 1 caillou\",\"Maison golette\"],\"articleSection\":[\"A la Une\",\"Culture\",\"Gerardmer\",\"Saint-di\u00e9\"],\"inLanguage\":\"fr-FR\",\"potentialAction\":[{\"@type\":\"CommentAction\",\"name\":\"Comment\",\"target\":[\"https:\/\/vosgesinfo.fr\/saintdieinfo\/2026\/04\/le-valtin-spectacle-deux-ailes-un-caillou-a-la-maison-gollette-ce-dimanche\/#respond\"]}]},{\"@type\":\"WebPage\",\"@id\":\"https:\/\/vosgesinfo.fr\/saintdieinfo\/2026\/04\/le-valtin-spectacle-deux-ailes-un-caillou-a-la-maison-gollette-ce-dimanche\/\",\"url\":\"https:\/\/vosgesinfo.fr\/saintdieinfo\/2026\/04\/le-valtin-spectacle-deux-ailes-un-caillou-a-la-maison-gollette-ce-dimanche\/\",\"name\":\"Le Valtin - Spectacle DEUX AILES & UN CAILLOU \u00e0 la Maison Gollette ce dimanche - Saint Die Info\",\"isPartOf\":{\"@id\":\"https:\/\/vosgesinfo.fr\/saintdieinfo\/#website\"},\"primaryImageOfPage\":{\"@id\":\"https:\/\/vosgesinfo.fr\/saintdieinfo\/2026\/04\/le-valtin-spectacle-deux-ailes-un-caillou-a-la-maison-gollette-ce-dimanche\/#primaryimage\"},\"image\":{\"@id\":\"https:\/\/vosgesinfo.fr\/saintdieinfo\/2026\/04\/le-valtin-spectacle-deux-ailes-un-caillou-a-la-maison-gollette-ce-dimanche\/#primaryimage\"},\"thumbnailUrl\":\"https:\/\/vosgesinfo.fr\/app\/uploads\/sites\/4\/2026\/04\/capture-de\u0301cran-2026-04-28-a\u0300-15.10.01.png\",\"datePublished\":\"2026-04-30T03:56:46+00:00\",\"dateModified\":\"2026-04-30T03:56:46+00:00\",\"breadcrumb\":{\"@id\":\"https:\/\/vosgesinfo.fr\/saintdieinfo\/2026\/04\/le-valtin-spectacle-deux-ailes-un-caillou-a-la-maison-gollette-ce-dimanche\/#breadcrumb\"},\"inLanguage\":\"fr-FR\",\"potentialAction\":[{\"@type\":\"ReadAction\",\"target\":[\"https:\/\/vosgesinfo.fr\/saintdieinfo\/2026\/04\/le-valtin-spectacle-deux-ailes-un-caillou-a-la-maison-gollette-ce-dimanche\/\"]}]},{\"@type\":\"ImageObject\",\"inLanguage\":\"fr-FR\",\"@id\":\"https:\/\/vosgesinfo.fr\/saintdieinfo\/2026\/04\/le-valtin-spectacle-deux-ailes-un-caillou-a-la-maison-gollette-ce-dimanche\/#primaryimage\",\"url\":\"https:\/\/vosgesinfo.fr\/app\/uploads\/sites\/4\/2026\/04\/capture-de\u0301cran-2026-04-28-a\u0300-15.10.01.png\",\"contentUrl\":\"https:\/\/vosgesinfo.fr\/app\/uploads\/sites\/4\/2026\/04\/capture-de\u0301cran-2026-04-28-a\u0300-15.10.01.png\",\"width\":293,\"height\":406},{\"@type\":\"BreadcrumbList\",\"@id\":\"https:\/\/vosgesinfo.fr\/saintdieinfo\/2026\/04\/le-valtin-spectacle-deux-ailes-un-caillou-a-la-maison-gollette-ce-dimanche\/#breadcrumb\",\"itemListElement\":[{\"@type\":\"ListItem\",\"position\":1,\"name\":\"Home\",\"item\":\"https:\/\/vosgesinfo.fr\/saintdieinfo\/\"},{\"@type\":\"ListItem\",\"position\":2,\"name\":\"Le Valtin &#8211; Spectacle DEUX AILES &#038; UN CAILLOU \u00e0 la Maison Gollette ce dimanche\"}]},{\"@type\":\"WebSite\",\"@id\":\"https:\/\/vosgesinfo.fr\/saintdieinfo\/#website\",\"url\":\"https:\/\/vosgesinfo.fr\/saintdieinfo\/\",\"name\":\"Saint Die Info\",\"description\":\"Toute l&#039;actualit\u00e9 de Saint-Di\u00e9-Des-Vosges\",\"publisher\":{\"@id\":\"https:\/\/vosgesinfo.fr\/saintdieinfo\/#organization\"},\"alternateName\":\"Toute l'actualit\u00e9 de Saint-Di\u00e9-Des-Vosges\",\"potentialAction\":[{\"@type\":\"SearchAction\",\"target\":{\"@type\":\"EntryPoint\",\"urlTemplate\":\"https:\/\/vosgesinfo.fr\/saintdieinfo\/?s={search_term_string}\"},\"query-input\":\"required name=search_term_string\"}],\"inLanguage\":\"fr-FR\"},{\"@type\":\"Organization\",\"@id\":\"https:\/\/vosgesinfo.fr\/saintdieinfo\/#organization\",\"name\":\"Saint Die Info\",\"url\":\"https:\/\/vosgesinfo.fr\/saintdieinfo\/\",\"logo\":{\"@type\":\"ImageObject\",\"inLanguage\":\"fr-FR\",\"@id\":\"https:\/\/vosgesinfo.fr\/saintdieinfo\/#\/schema\/logo\/image\/\",\"url\":\"https:\/\/vosgesinfo.fr\/app\/uploads\/sites\/4\/2024\/02\/logo-sdi.jpg\",\"contentUrl\":\"https:\/\/vosgesinfo.fr\/app\/uploads\/sites\/4\/2024\/02\/logo-sdi.jpg\",\"width\":600,\"height\":600,\"caption\":\"Saint Die Info\"},\"image\":{\"@id\":\"https:\/\/vosgesinfo.fr\/saintdieinfo\/#\/schema\/logo\/image\/\"},\"sameAs\":[\"https:\/\/www.facebook.com\/Saintdieinfofr\",\"https:\/\/x.com\/VosgesInfo88\",\"https:\/\/www.youtube.com\/@vosgesinfo\"]},{\"@type\":\"Person\",\"@id\":\"https:\/\/vosgesinfo.fr\/saintdieinfo\/#\/schema\/person\/27a3695b06db98895b354c0765cdfc31\",\"name\":\"La redaction\",\"image\":{\"@type\":\"ImageObject\",\"inLanguage\":\"fr-FR\",\"@id\":\"https:\/\/vosgesinfo.fr\/saintdieinfo\/#\/schema\/person\/image\/\",\"url\":\"https:\/\/secure.gravatar.com\/avatar\/64c76a78e501cedee55736f43f332df901e1896ae9cd8fad269ae2236dd0e8b6?s=96&d=mm&r=g\",\"contentUrl\":\"https:\/\/secure.gravatar.com\/avatar\/64c76a78e501cedee55736f43f332df901e1896ae9cd8fad269ae2236dd0e8b6?s=96&d=mm&r=g\",\"caption\":\"La redaction\"},\"url\":\"https:\/\/vosgesinfo.fr\/saintdieinfo\/author\/la-redaction\/\"}]}<\/script>\n<!-- \/ Yoast SEO plugin. -->","yoast_head_json":{"title":"Le Valtin - Spectacle DEUX AILES & UN CAILLOU \u00e0 la Maison Gollette ce dimanche - Saint Die Info","robots":{"index":"index","follow":"follow","max-snippet":"max-snippet:-1","max-image-preview":"max-image-preview:large","max-video-preview":"max-video-preview:-1"},"canonical":"https:\/\/vosgesinfo.fr\/saintdieinfo\/2026\/04\/le-valtin-spectacle-deux-ailes-un-caillou-a-la-maison-gollette-ce-dimanche\/","twitter_card":"summary_large_image","twitter_title":"Le Valtin - Spectacle DEUX AILES & UN CAILLOU \u00e0 la Maison Gollette ce dimanche - Saint Die Info","twitter_description":"\u00ab\u00a0Tic tac&#8230; Spectacle DEUX AILES &amp; UN CAILLOU Le dimanche 3 mai \u00e0 11h00, la Maison Gollette accueille dans son [&hellip;]","twitter_image":"https:\/\/vosgesinfo.fr\/app\/uploads\/sites\/4\/2026\/04\/capture-de\u0301cran-2026-04-28-a\u0300-15.10.01.png","twitter_creator":"@VosgesInfo88","twitter_site":"@VosgesInfo88","twitter_misc":{"\u00c9crit par":"La redaction","Dur\u00e9e de lecture estim\u00e9e":"1 minute"},"schema":{"@context":"https:\/\/schema.org","@graph":[{"@type":"Article","@id":"https:\/\/vosgesinfo.fr\/saintdieinfo\/2026\/04\/le-valtin-spectacle-deux-ailes-un-caillou-a-la-maison-gollette-ce-dimanche\/#article","isPartOf":{"@id":"https:\/\/vosgesinfo.fr\/saintdieinfo\/2026\/04\/le-valtin-spectacle-deux-ailes-un-caillou-a-la-maison-gollette-ce-dimanche\/"},"author":{"name":"La redaction","@id":"https:\/\/vosgesinfo.fr\/saintdieinfo\/#\/schema\/person\/27a3695b06db98895b354c0765cdfc31"},"headline":"Le Valtin &#8211; Spectacle DEUX AILES &#038; UN CAILLOU \u00e0 la Maison Gollette ce dimanche","datePublished":"2026-04-30T03:56:46+00:00","dateModified":"2026-04-30T03:56:46+00:00","mainEntityOfPage":{"@id":"https:\/\/vosgesinfo.fr\/saintdieinfo\/2026\/04\/le-valtin-spectacle-deux-ailes-un-caillou-a-la-maison-gollette-ce-dimanche\/"},"wordCount":209,"commentCount":0,"publisher":{"@id":"https:\/\/vosgesinfo.fr\/saintdieinfo\/#organization"},"image":{"@id":"https:\/\/vosgesinfo.fr\/saintdieinfo\/2026\/04\/le-valtin-spectacle-deux-ailes-un-caillou-a-la-maison-gollette-ce-dimanche\/#primaryimage"},"thumbnailUrl":"https:\/\/vosgesinfo.fr\/app\/uploads\/sites\/4\/2026\/04\/capture-de\u0301cran-2026-04-28-a\u0300-15.10.01.png","keywords":["compagnie Caravanes","Deux ailes &amp; 1 caillou","Maison golette"],"articleSection":["A la Une","Culture","Gerardmer","Saint-di\u00e9"],"inLanguage":"fr-FR","potentialAction":[{"@type":"CommentAction","name":"Comment","target":["https:\/\/vosgesinfo.fr\/saintdieinfo\/2026\/04\/le-valtin-spectacle-deux-ailes-un-caillou-a-la-maison-gollette-ce-dimanche\/#respond"]}]},{"@type":"WebPage","@id":"https:\/\/vosgesinfo.fr\/saintdieinfo\/2026\/04\/le-valtin-spectacle-deux-ailes-un-caillou-a-la-maison-gollette-ce-dimanche\/","url":"https:\/\/vosgesinfo.fr\/saintdieinfo\/2026\/04\/le-valtin-spectacle-deux-ailes-un-caillou-a-la-maison-gollette-ce-dimanche\/","name":"Le Valtin - Spectacle DEUX AILES & UN CAILLOU \u00e0 la Maison Gollette ce dimanche - Saint Die Info","isPartOf":{"@id":"https:\/\/vosgesinfo.fr\/saintdieinfo\/#website"},"primaryImageOfPage":{"@id":"https:\/\/vosgesinfo.fr\/saintdieinfo\/2026\/04\/le-valtin-spectacle-deux-ailes-un-caillou-a-la-maison-gollette-ce-dimanche\/#primaryimage"},"image":{"@id":"https:\/\/vosgesinfo.fr\/saintdieinfo\/2026\/04\/le-valtin-spectacle-deux-ailes-un-caillou-a-la-maison-gollette-ce-dimanche\/#primaryimage"},"thumbnailUrl":"https:\/\/vosgesinfo.fr\/app\/uploads\/sites\/4\/2026\/04\/capture-de\u0301cran-2026-04-28-a\u0300-15.10.01.png","datePublished":"2026-04-30T03:56:46+00:00","dateModified":"2026-04-30T03:56:46+00:00","breadcrumb":{"@id":"https:\/\/vosgesinfo.fr\/saintdieinfo\/2026\/04\/le-valtin-spectacle-deux-ailes-un-caillou-a-la-maison-gollette-ce-dimanche\/#breadcrumb"},"inLanguage":"fr-FR","potentialAction":[{"@type":"ReadAction","target":["https:\/\/vosgesinfo.fr\/saintdieinfo\/2026\/04\/le-valtin-spectacle-deux-ailes-un-caillou-a-la-maison-gollette-ce-dimanche\/"]}]},{"@type":"ImageObject","inLanguage":"fr-FR","@id":"https:\/\/vosgesinfo.fr\/saintdieinfo\/2026\/04\/le-valtin-spectacle-deux-ailes-un-caillou-a-la-maison-gollette-ce-dimanche\/#primaryimage","url":"https:\/\/vosgesinfo.fr\/app\/uploads\/sites\/4\/2026\/04\/capture-de\u0301cran-2026-04-28-a\u0300-15.10.01.png","contentUrl":"https:\/\/vosgesinfo.fr\/app\/uploads\/sites\/4\/2026\/04\/capture-de\u0301cran-2026-04-28-a\u0300-15.10.01.png","width":293,"height":406},{"@type":"BreadcrumbList","@id":"https:\/\/vosgesinfo.fr\/saintdieinfo\/2026\/04\/le-valtin-spectacle-deux-ailes-un-caillou-a-la-maison-gollette-ce-dimanche\/#breadcrumb","itemListElement":[{"@type":"ListItem","position":1,"name":"Home","item":"https:\/\/vosgesinfo.fr\/saintdieinfo\/"},{"@type":"ListItem","position":2,"name":"Le Valtin &#8211; Spectacle DEUX AILES &#038; UN CAILLOU \u00e0 la Maison Gollette ce dimanche"}]},{"@type":"WebSite","@id":"https:\/\/vosgesinfo.fr\/saintdieinfo\/#website","url":"https:\/\/vosgesinfo.fr\/saintdieinfo\/","name":"Saint Die Info","description":"Toute l&#039;actualit\u00e9 de Saint-Di\u00e9-Des-Vosges","publisher":{"@id":"https:\/\/vosgesinfo.fr\/saintdieinfo\/#organization"},"alternateName":"Toute l'actualit\u00e9 de Saint-Di\u00e9-Des-Vosges","potentialAction":[{"@type":"SearchAction","target":{"@type":"EntryPoint","urlTemplate":"https:\/\/vosgesinfo.fr\/saintdieinfo\/?s={search_term_string}"},"query-input":"required name=search_term_string"}],"inLanguage":"fr-FR"},{"@type":"Organization","@id":"https:\/\/vosgesinfo.fr\/saintdieinfo\/#organization","name":"Saint Die Info","url":"https:\/\/vosgesinfo.fr\/saintdieinfo\/","logo":{"@type":"ImageObject","inLanguage":"fr-FR","@id":"https:\/\/vosgesinfo.fr\/saintdieinfo\/#\/schema\/logo\/image\/","url":"https:\/\/vosgesinfo.fr\/app\/uploads\/sites\/4\/2024\/02\/logo-sdi.jpg","contentUrl":"https:\/\/vosgesinfo.fr\/app\/uploads\/sites\/4\/2024\/02\/logo-sdi.jpg","width":600,"height":600,"caption":"Saint Die Info"},"image":{"@id":"https:\/\/vosgesinfo.fr\/saintdieinfo\/#\/schema\/logo\/image\/"},"sameAs":["https:\/\/www.facebook.com\/Saintdieinfofr","https:\/\/x.com\/VosgesInfo88","https:\/\/www.youtube.com\/@vosgesinfo"]},{"@type":"Person","@id":"https:\/\/vosgesinfo.fr\/saintdieinfo\/#\/schema\/person\/27a3695b06db98895b354c0765cdfc31","name":"La redaction","image":{"@type":"ImageObject","inLanguage":"fr-FR","@id":"https:\/\/vosgesinfo.fr\/saintdieinfo\/#\/schema\/person\/image\/","url":"https:\/\/secure.gravatar.com\/avatar\/64c76a78e501cedee55736f43f332df901e1896ae9cd8fad269ae2236dd0e8b6?s=96&d=mm&r=g","contentUrl":"https:\/\/secure.gravatar.com\/avatar\/64c76a78e501cedee55736f43f332df901e1896ae9cd8fad269ae2236dd0e8b6?s=96&d=mm&r=g","caption":"La redaction"},"url":"https:\/\/vosgesinfo.fr\/saintdieinfo\/author\/la-redaction\/"}]}},"_links":{"self":[{"href":"https:\/\/vosgesinfo.fr\/saintdieinfo\/wp-json\/wp\/v2\/posts\/90772","targetHints":{"allow":["GET"]}}],"collection":[{"href":"https:\/\/vosgesinfo.fr\/saintdieinfo\/wp-json\/wp\/v2\/posts"}],"about":[{"href":"https:\/\/vosgesinfo.fr\/saintdieinfo\/wp-json\/wp\/v2\/types\/post"}],"author":[{"embeddable":true,"href":"https:\/\/vosgesinfo.fr\/saintdieinfo\/wp-json\/wp\/v2\/users\/391"}],"replies":[{"embeddable":true,"href":"https:\/\/vosgesinfo.fr\/saintdieinfo\/wp-json\/wp\/v2\/comments?post=90772"}],"version-history":[{"count":1,"href":"https:\/\/vosgesinfo.fr\/saintdieinfo\/wp-json\/wp\/v2\/posts\/90772\/revisions"}],"predecessor-version":[{"id":90852,"href":"https:\/\/vosgesinfo.fr\/saintdieinfo\/wp-json\/wp\/v2\/posts\/90772\/revisions\/90852"}],"wp:featuredmedia":[{"embeddable":true,"href":"https:\/\/vosgesinfo.fr\/saintdieinfo\/wp-json\/wp\/v2\/media\/90773"}],"wp:attachment":[{"href":"https:\/\/vosgesinfo.fr\/saintdieinfo\/wp-json\/wp\/v2\/media?parent=90772"}],"wp:term":[{"taxonomy":"category","embeddable":true,"href":"https:\/\/vosgesinfo.fr\/saintdieinfo\/wp-json\/wp\/v2\/categories?post=90772"},{"taxonomy":"post_tag","embeddable":true,"href":"https:\/\/vosgesinfo.fr\/saintdieinfo\/wp-json\/wp\/v2\/tags?post=90772"}],"curies":[{"name":"wp","href":"https:\/\/api.w.org\/{rel}","templated":true}]}}