{"id":90780,"date":"2026-04-29T08:53:23","date_gmt":"2026-04-29T06:53:23","guid":{"rendered":"https:\/\/vosgesinfo.fr\/saintdieinfo\/?p=90780"},"modified":"2026-04-29T08:37:41","modified_gmt":"2026-04-29T06:37:41","slug":"un-nouveau-circuit-rando-sante-pour-marcher-a-son-rythme-a-anould","status":"publish","type":"post","link":"https:\/\/vosgesinfo.fr\/saintdieinfo\/2026\/04\/un-nouveau-circuit-rando-sante-pour-marcher-a-son-rythme-a-anould\/","title":{"rendered":"Un nouveau circuit Rando Sant\u00e9 pour marcher \u00e0 son rythme \u00e0 Anould"},"content":{"rendered":"<div id=\"attachment_90781\" style=\"width: 1034px\" class=\"wp-caption alignnone\"><a href=\"https:\/\/vosgesinfo.fr\/app\/uploads\/sites\/4\/2026\/04\/anould-inauguration-parcours-rando-sante-n\u00b04-2.jpg\"><img decoding=\"async\" aria-describedby=\"caption-attachment-90781\" class=\"size-large wp-image-90781\" src=\"https:\/\/vosgesinfo.fr\/app\/uploads\/sites\/4\/2026\/04\/anould-inauguration-parcours-rando-sante-n\u00b04-2-1024x684.jpg\" alt=\"\" width=\"1024\" height=\"684\" srcset=\"https:\/\/vosgesinfo.fr\/app\/uploads\/sites\/4\/2026\/04\/anould-inauguration-parcours-rando-sante-n\u00b04-2-1024x684.jpg 1024w, https:\/\/vosgesinfo.fr\/app\/uploads\/sites\/4\/2026\/04\/anould-inauguration-parcours-rando-sante-n\u00b04-2-300x200.jpg 300w, https:\/\/vosgesinfo.fr\/app\/uploads\/sites\/4\/2026\/04\/anould-inauguration-parcours-rando-sante-n\u00b04-2-768x513.jpg 768w, https:\/\/vosgesinfo.fr\/app\/uploads\/sites\/4\/2026\/04\/anould-inauguration-parcours-rando-sante-n\u00b04-2-1536x1026.jpg 1536w, https:\/\/vosgesinfo.fr\/app\/uploads\/sites\/4\/2026\/04\/anould-inauguration-parcours-rando-sante-n\u00b04-2.jpg 1920w\" sizes=\"(max-width: 1024px) 100vw, 1024px\" \/><\/a><p id=\"caption-attachment-90781\" class=\"wp-caption-text\">(Photographies Mairie d&rsquo;Anould)<\/p><\/div>\n<h2>Le <strong>circuit Rando Sant\u00e9 n\u00b04<\/strong> a \u00e9t\u00e9 inaugur\u00e9 ce <strong>mardi 28 avril<\/strong> \u00e0 <strong>Anould<\/strong>. <strong>Marie-No\u00eblle Babel<\/strong>, 2e adjointe, et <strong>Michel Magron<\/strong>, 1er adjoint, ont ouvert ce nouveau parcours balis\u00e9 FFR et labellis\u00e9 Rando Sant\u00e9, en pr\u00e9sence d\u2019une trentaine de marcheurs.<\/h2>\n<p><!--more--><\/p>\n<h3><strong>Un parcours de 3 km au d\u00e9part du Super U<\/strong><\/h3>\n<p>Le d\u00e9part s\u2019est fait depuis le <strong>parking de covoiturage du Super U<\/strong>. Long de <strong>3 km<\/strong>, le circuit emprunte la <strong>voie verte<\/strong>, traverse la <strong>rue Alphonse-de-Lamartine<\/strong> puis la <strong>Voie des Chartons<\/strong>, avant de rejoindre de nouveau la voie verte en direction du parking.<\/p>\n<h3><strong>Un circuit ouvert \u00e0 tous<\/strong><\/h3>\n<p>Ce nouveau parcours est accessible \u00e0 <strong>tous les habitants<\/strong> qui souhaitent marcher \u00e0 leur rythme, dans un cadre adapt\u00e9 \u00e0 une <strong>pratique douce<\/strong>.<\/p>\n\n\t\t<style type=\"text\/css\">\n\t\t\t#gallery-1 {\n\t\t\t\tmargin: auto;\n\t\t\t}\n\t\t\t#gallery-1 .gallery-item {\n\t\t\t\tfloat: left;\n\t\t\t\tmargin-top: 10px;\n\t\t\t\ttext-align: center;\n\t\t\t\twidth: 50%;\n\t\t\t}\n\t\t\t#gallery-1 img {\n\t\t\t\tborder: 2px solid #cfcfcf;\n\t\t\t}\n\t\t\t#gallery-1 .gallery-caption {\n\t\t\t\tmargin-left: 0;\n\t\t\t}\n\t\t\t\/* see gallery_shortcode() in wp-includes\/media.php *\/\n\t\t<\/style>\n\t\t<div id='gallery-1' class='gallery galleryid-90780 gallery-columns-2 gallery-size-thumbnail'><dl class='gallery-item'>\n\t\t\t<dt class='gallery-icon landscape'>\n\t\t\t\t<a href='https:\/\/vosgesinfo.fr\/app\/uploads\/sites\/4\/2026\/04\/anould-inauguration-parcours-rando-sante-n\u00b04-3.jpg'><img decoding=\"async\" width=\"150\" height=\"150\" src=\"https:\/\/vosgesinfo.fr\/app\/uploads\/sites\/4\/2026\/04\/anould-inauguration-parcours-rando-sante-n\u00b04-3-150x150.jpg\" class=\"attachment-thumbnail size-thumbnail\" alt=\"\" \/><\/a>\n\t\t\t<\/dt><\/dl><dl class='gallery-item'>\n\t\t\t<dt class='gallery-icon landscape'>\n\t\t\t\t<a href='https:\/\/vosgesinfo.fr\/app\/uploads\/sites\/4\/2026\/04\/anould-inauguration-parcours-rando-sante-n\u00b04-1.jpg'><img decoding=\"async\" width=\"150\" height=\"150\" src=\"https:\/\/vosgesinfo.fr\/app\/uploads\/sites\/4\/2026\/04\/anould-inauguration-parcours-rando-sante-n\u00b04-1-150x150.jpg\" class=\"attachment-thumbnail size-thumbnail\" alt=\"\" \/><\/a>\n\t\t\t<\/dt><\/dl><br style=\"clear: both\" \/>\n\t\t<\/div>\n\n","protected":false},"excerpt":{"rendered":"<p>Le circuit Rando Sant\u00e9 n\u00b04 a \u00e9t\u00e9 inaugur\u00e9 ce mardi 28 avril \u00e0 Anould. Marie-No\u00eblle Babel, 2e adjointe, et Michel [&hellip;]<\/p>\n","protected":false},"author":46,"featured_media":90781,"comment_status":"open","ping_status":"open","sticky":false,"template":"","format":"standard","meta":{"footnotes":""},"categories":[460],"tags":[3927,21457,21458,1498,21459,4652],"class_list":["post-90780","post","type-post","status-publish","format-standard","has-post-thumbnail","hentry","category-a-la-une","tag-anould","tag-circuit-rando-sante","tag-ffr","tag-marche","tag-super-u","tag-voie-verte"],"acf":[],"yoast_head":"<!-- This site is optimized with the Yoast SEO plugin v22.5 - https:\/\/yoast.com\/wordpress\/plugins\/seo\/ -->\n<title>Un nouveau circuit Rando Sant\u00e9 pour marcher \u00e0 son rythme \u00e0 Anould - Saint Die Info<\/title>\n<meta name=\"robots\" content=\"index, follow, max-snippet:-1, max-image-preview:large, max-video-preview:-1\" \/>\n<link rel=\"canonical\" href=\"https:\/\/vosgesinfo.fr\/saintdieinfo\/2026\/04\/un-nouveau-circuit-rando-sante-pour-marcher-a-son-rythme-a-anould\/\" \/>\n<meta name=\"twitter:card\" content=\"summary_large_image\" \/>\n<meta name=\"twitter:title\" content=\"Un nouveau circuit Rando Sant\u00e9 pour marcher \u00e0 son rythme \u00e0 Anould - Saint Die Info\" \/>\n<meta name=\"twitter:description\" content=\"Le circuit Rando Sant\u00e9 n\u00b04 a \u00e9t\u00e9 inaugur\u00e9 ce mardi 28 avril \u00e0 Anould. Marie-No\u00eblle Babel, 2e adjointe, et Michel [&hellip;]\" \/>\n<meta name=\"twitter:image\" content=\"https:\/\/vosgesinfo.fr\/app\/uploads\/sites\/4\/2026\/04\/anould-inauguration-parcours-rando-sante-n\u00b04-2.jpg\" \/>\n<meta name=\"twitter:creator\" content=\"@VosgesInfo88\" \/>\n<meta name=\"twitter:site\" content=\"@VosgesInfo88\" \/>\n<meta name=\"twitter:label1\" content=\"\u00c9crit par\" \/>\n\t<meta name=\"twitter:data1\" content=\"J.J.\" \/>\n\t<meta name=\"twitter:label2\" content=\"Dur\u00e9e de lecture estim\u00e9e\" \/>\n\t<meta name=\"twitter:data2\" content=\"1 minute\" \/>\n<script type=\"application\/ld+json\" class=\"yoast-schema-graph\">{\"@context\":\"https:\/\/schema.org\",\"@graph\":[{\"@type\":\"Article\",\"@id\":\"https:\/\/vosgesinfo.fr\/saintdieinfo\/2026\/04\/un-nouveau-circuit-rando-sante-pour-marcher-a-son-rythme-a-anould\/#article\",\"isPartOf\":{\"@id\":\"https:\/\/vosgesinfo.fr\/saintdieinfo\/2026\/04\/un-nouveau-circuit-rando-sante-pour-marcher-a-son-rythme-a-anould\/\"},\"author\":{\"name\":\"J.J.\",\"@id\":\"https:\/\/vosgesinfo.fr\/saintdieinfo\/#\/schema\/person\/fa73e9f726d67bb88f46d5b7943cb572\"},\"headline\":\"Un nouveau circuit Rando Sant\u00e9 pour marcher \u00e0 son rythme \u00e0 Anould\",\"datePublished\":\"2026-04-29T06:53:23+00:00\",\"dateModified\":\"2026-04-29T06:37:41+00:00\",\"mainEntityOfPage\":{\"@id\":\"https:\/\/vosgesinfo.fr\/saintdieinfo\/2026\/04\/un-nouveau-circuit-rando-sante-pour-marcher-a-son-rythme-a-anould\/\"},\"wordCount\":145,\"commentCount\":0,\"publisher\":{\"@id\":\"https:\/\/vosgesinfo.fr\/saintdieinfo\/#organization\"},\"image\":{\"@id\":\"https:\/\/vosgesinfo.fr\/saintdieinfo\/2026\/04\/un-nouveau-circuit-rando-sante-pour-marcher-a-son-rythme-a-anould\/#primaryimage\"},\"thumbnailUrl\":\"https:\/\/vosgesinfo.fr\/app\/uploads\/sites\/4\/2026\/04\/anould-inauguration-parcours-rando-sante-n\u00b04-2.jpg\",\"keywords\":[\"Anould\",\"Circuit Rando Sant\u00e9\",\"FFR\",\"marche\",\"Super U\",\"Voie Verte\"],\"articleSection\":[\"A la Une\"],\"inLanguage\":\"fr-FR\",\"potentialAction\":[{\"@type\":\"CommentAction\",\"name\":\"Comment\",\"target\":[\"https:\/\/vosgesinfo.fr\/saintdieinfo\/2026\/04\/un-nouveau-circuit-rando-sante-pour-marcher-a-son-rythme-a-anould\/#respond\"]}]},{\"@type\":\"WebPage\",\"@id\":\"https:\/\/vosgesinfo.fr\/saintdieinfo\/2026\/04\/un-nouveau-circuit-rando-sante-pour-marcher-a-son-rythme-a-anould\/\",\"url\":\"https:\/\/vosgesinfo.fr\/saintdieinfo\/2026\/04\/un-nouveau-circuit-rando-sante-pour-marcher-a-son-rythme-a-anould\/\",\"name\":\"Un nouveau circuit Rando Sant\u00e9 pour marcher \u00e0 son rythme \u00e0 Anould - Saint Die Info\",\"isPartOf\":{\"@id\":\"https:\/\/vosgesinfo.fr\/saintdieinfo\/#website\"},\"primaryImageOfPage\":{\"@id\":\"https:\/\/vosgesinfo.fr\/saintdieinfo\/2026\/04\/un-nouveau-circuit-rando-sante-pour-marcher-a-son-rythme-a-anould\/#primaryimage\"},\"image\":{\"@id\":\"https:\/\/vosgesinfo.fr\/saintdieinfo\/2026\/04\/un-nouveau-circuit-rando-sante-pour-marcher-a-son-rythme-a-anould\/#primaryimage\"},\"thumbnailUrl\":\"https:\/\/vosgesinfo.fr\/app\/uploads\/sites\/4\/2026\/04\/anould-inauguration-parcours-rando-sante-n\u00b04-2.jpg\",\"datePublished\":\"2026-04-29T06:53:23+00:00\",\"dateModified\":\"2026-04-29T06:37:41+00:00\",\"breadcrumb\":{\"@id\":\"https:\/\/vosgesinfo.fr\/saintdieinfo\/2026\/04\/un-nouveau-circuit-rando-sante-pour-marcher-a-son-rythme-a-anould\/#breadcrumb\"},\"inLanguage\":\"fr-FR\",\"potentialAction\":[{\"@type\":\"ReadAction\",\"target\":[\"https:\/\/vosgesinfo.fr\/saintdieinfo\/2026\/04\/un-nouveau-circuit-rando-sante-pour-marcher-a-son-rythme-a-anould\/\"]}]},{\"@type\":\"ImageObject\",\"inLanguage\":\"fr-FR\",\"@id\":\"https:\/\/vosgesinfo.fr\/saintdieinfo\/2026\/04\/un-nouveau-circuit-rando-sante-pour-marcher-a-son-rythme-a-anould\/#primaryimage\",\"url\":\"https:\/\/vosgesinfo.fr\/app\/uploads\/sites\/4\/2026\/04\/anould-inauguration-parcours-rando-sante-n\u00b04-2.jpg\",\"contentUrl\":\"https:\/\/vosgesinfo.fr\/app\/uploads\/sites\/4\/2026\/04\/anould-inauguration-parcours-rando-sante-n\u00b04-2.jpg\",\"width\":1920,\"height\":1283,\"caption\":\"(Photographies Mairie d'Anould)\"},{\"@type\":\"BreadcrumbList\",\"@id\":\"https:\/\/vosgesinfo.fr\/saintdieinfo\/2026\/04\/un-nouveau-circuit-rando-sante-pour-marcher-a-son-rythme-a-anould\/#breadcrumb\",\"itemListElement\":[{\"@type\":\"ListItem\",\"position\":1,\"name\":\"Home\",\"item\":\"https:\/\/vosgesinfo.fr\/saintdieinfo\/\"},{\"@type\":\"ListItem\",\"position\":2,\"name\":\"Un nouveau circuit Rando Sant\u00e9 pour marcher \u00e0 son rythme \u00e0 Anould\"}]},{\"@type\":\"WebSite\",\"@id\":\"https:\/\/vosgesinfo.fr\/saintdieinfo\/#website\",\"url\":\"https:\/\/vosgesinfo.fr\/saintdieinfo\/\",\"name\":\"Saint Die Info\",\"description\":\"Toute l&#039;actualit\u00e9 de Saint-Di\u00e9-Des-Vosges\",\"publisher\":{\"@id\":\"https:\/\/vosgesinfo.fr\/saintdieinfo\/#organization\"},\"alternateName\":\"Toute l'actualit\u00e9 de Saint-Di\u00e9-Des-Vosges\",\"potentialAction\":[{\"@type\":\"SearchAction\",\"target\":{\"@type\":\"EntryPoint\",\"urlTemplate\":\"https:\/\/vosgesinfo.fr\/saintdieinfo\/?s={search_term_string}\"},\"query-input\":\"required name=search_term_string\"}],\"inLanguage\":\"fr-FR\"},{\"@type\":\"Organization\",\"@id\":\"https:\/\/vosgesinfo.fr\/saintdieinfo\/#organization\",\"name\":\"Saint Die Info\",\"url\":\"https:\/\/vosgesinfo.fr\/saintdieinfo\/\",\"logo\":{\"@type\":\"ImageObject\",\"inLanguage\":\"fr-FR\",\"@id\":\"https:\/\/vosgesinfo.fr\/saintdieinfo\/#\/schema\/logo\/image\/\",\"url\":\"https:\/\/vosgesinfo.fr\/app\/uploads\/sites\/4\/2024\/02\/logo-sdi.jpg\",\"contentUrl\":\"https:\/\/vosgesinfo.fr\/app\/uploads\/sites\/4\/2024\/02\/logo-sdi.jpg\",\"width\":600,\"height\":600,\"caption\":\"Saint Die Info\"},\"image\":{\"@id\":\"https:\/\/vosgesinfo.fr\/saintdieinfo\/#\/schema\/logo\/image\/\"},\"sameAs\":[\"https:\/\/www.facebook.com\/Saintdieinfofr\",\"https:\/\/x.com\/VosgesInfo88\",\"https:\/\/www.youtube.com\/@vosgesinfo\"]},{\"@type\":\"Person\",\"@id\":\"https:\/\/vosgesinfo.fr\/saintdieinfo\/#\/schema\/person\/fa73e9f726d67bb88f46d5b7943cb572\",\"name\":\"J.J.\",\"image\":{\"@type\":\"ImageObject\",\"inLanguage\":\"fr-FR\",\"@id\":\"https:\/\/vosgesinfo.fr\/saintdieinfo\/#\/schema\/person\/image\/\",\"url\":\"https:\/\/secure.gravatar.com\/avatar\/219e749e47ffbcca018a360ae4add7d4cdf1cdaaf8bc7676b27efade3fe65615?s=96&d=mm&r=g\",\"contentUrl\":\"https:\/\/secure.gravatar.com\/avatar\/219e749e47ffbcca018a360ae4add7d4cdf1cdaaf8bc7676b27efade3fe65615?s=96&d=mm&r=g\",\"caption\":\"J.J.\"},\"url\":\"https:\/\/vosgesinfo.fr\/saintdieinfo\/author\/j-j\/\"}]}<\/script>\n<!-- \/ Yoast SEO plugin. -->","yoast_head_json":{"title":"Un nouveau circuit Rando Sant\u00e9 pour marcher \u00e0 son rythme \u00e0 Anould - Saint Die Info","robots":{"index":"index","follow":"follow","max-snippet":"max-snippet:-1","max-image-preview":"max-image-preview:large","max-video-preview":"max-video-preview:-1"},"canonical":"https:\/\/vosgesinfo.fr\/saintdieinfo\/2026\/04\/un-nouveau-circuit-rando-sante-pour-marcher-a-son-rythme-a-anould\/","twitter_card":"summary_large_image","twitter_title":"Un nouveau circuit Rando Sant\u00e9 pour marcher \u00e0 son rythme \u00e0 Anould - Saint Die Info","twitter_description":"Le circuit Rando Sant\u00e9 n\u00b04 a \u00e9t\u00e9 inaugur\u00e9 ce mardi 28 avril \u00e0 Anould. Marie-No\u00eblle Babel, 2e adjointe, et Michel [&hellip;]","twitter_image":"https:\/\/vosgesinfo.fr\/app\/uploads\/sites\/4\/2026\/04\/anould-inauguration-parcours-rando-sante-n\u00b04-2.jpg","twitter_creator":"@VosgesInfo88","twitter_site":"@VosgesInfo88","twitter_misc":{"\u00c9crit par":"J.J.","Dur\u00e9e de lecture estim\u00e9e":"1 minute"},"schema":{"@context":"https:\/\/schema.org","@graph":[{"@type":"Article","@id":"https:\/\/vosgesinfo.fr\/saintdieinfo\/2026\/04\/un-nouveau-circuit-rando-sante-pour-marcher-a-son-rythme-a-anould\/#article","isPartOf":{"@id":"https:\/\/vosgesinfo.fr\/saintdieinfo\/2026\/04\/un-nouveau-circuit-rando-sante-pour-marcher-a-son-rythme-a-anould\/"},"author":{"name":"J.J.","@id":"https:\/\/vosgesinfo.fr\/saintdieinfo\/#\/schema\/person\/fa73e9f726d67bb88f46d5b7943cb572"},"headline":"Un nouveau circuit Rando Sant\u00e9 pour marcher \u00e0 son rythme \u00e0 Anould","datePublished":"2026-04-29T06:53:23+00:00","dateModified":"2026-04-29T06:37:41+00:00","mainEntityOfPage":{"@id":"https:\/\/vosgesinfo.fr\/saintdieinfo\/2026\/04\/un-nouveau-circuit-rando-sante-pour-marcher-a-son-rythme-a-anould\/"},"wordCount":145,"commentCount":0,"publisher":{"@id":"https:\/\/vosgesinfo.fr\/saintdieinfo\/#organization"},"image":{"@id":"https:\/\/vosgesinfo.fr\/saintdieinfo\/2026\/04\/un-nouveau-circuit-rando-sante-pour-marcher-a-son-rythme-a-anould\/#primaryimage"},"thumbnailUrl":"https:\/\/vosgesinfo.fr\/app\/uploads\/sites\/4\/2026\/04\/anould-inauguration-parcours-rando-sante-n\u00b04-2.jpg","keywords":["Anould","Circuit Rando Sant\u00e9","FFR","marche","Super U","Voie Verte"],"articleSection":["A la Une"],"inLanguage":"fr-FR","potentialAction":[{"@type":"CommentAction","name":"Comment","target":["https:\/\/vosgesinfo.fr\/saintdieinfo\/2026\/04\/un-nouveau-circuit-rando-sante-pour-marcher-a-son-rythme-a-anould\/#respond"]}]},{"@type":"WebPage","@id":"https:\/\/vosgesinfo.fr\/saintdieinfo\/2026\/04\/un-nouveau-circuit-rando-sante-pour-marcher-a-son-rythme-a-anould\/","url":"https:\/\/vosgesinfo.fr\/saintdieinfo\/2026\/04\/un-nouveau-circuit-rando-sante-pour-marcher-a-son-rythme-a-anould\/","name":"Un nouveau circuit Rando Sant\u00e9 pour marcher \u00e0 son rythme \u00e0 Anould - Saint Die Info","isPartOf":{"@id":"https:\/\/vosgesinfo.fr\/saintdieinfo\/#website"},"primaryImageOfPage":{"@id":"https:\/\/vosgesinfo.fr\/saintdieinfo\/2026\/04\/un-nouveau-circuit-rando-sante-pour-marcher-a-son-rythme-a-anould\/#primaryimage"},"image":{"@id":"https:\/\/vosgesinfo.fr\/saintdieinfo\/2026\/04\/un-nouveau-circuit-rando-sante-pour-marcher-a-son-rythme-a-anould\/#primaryimage"},"thumbnailUrl":"https:\/\/vosgesinfo.fr\/app\/uploads\/sites\/4\/2026\/04\/anould-inauguration-parcours-rando-sante-n\u00b04-2.jpg","datePublished":"2026-04-29T06:53:23+00:00","dateModified":"2026-04-29T06:37:41+00:00","breadcrumb":{"@id":"https:\/\/vosgesinfo.fr\/saintdieinfo\/2026\/04\/un-nouveau-circuit-rando-sante-pour-marcher-a-son-rythme-a-anould\/#breadcrumb"},"inLanguage":"fr-FR","potentialAction":[{"@type":"ReadAction","target":["https:\/\/vosgesinfo.fr\/saintdieinfo\/2026\/04\/un-nouveau-circuit-rando-sante-pour-marcher-a-son-rythme-a-anould\/"]}]},{"@type":"ImageObject","inLanguage":"fr-FR","@id":"https:\/\/vosgesinfo.fr\/saintdieinfo\/2026\/04\/un-nouveau-circuit-rando-sante-pour-marcher-a-son-rythme-a-anould\/#primaryimage","url":"https:\/\/vosgesinfo.fr\/app\/uploads\/sites\/4\/2026\/04\/anould-inauguration-parcours-rando-sante-n\u00b04-2.jpg","contentUrl":"https:\/\/vosgesinfo.fr\/app\/uploads\/sites\/4\/2026\/04\/anould-inauguration-parcours-rando-sante-n\u00b04-2.jpg","width":1920,"height":1283,"caption":"(Photographies Mairie d'Anould)"},{"@type":"BreadcrumbList","@id":"https:\/\/vosgesinfo.fr\/saintdieinfo\/2026\/04\/un-nouveau-circuit-rando-sante-pour-marcher-a-son-rythme-a-anould\/#breadcrumb","itemListElement":[{"@type":"ListItem","position":1,"name":"Home","item":"https:\/\/vosgesinfo.fr\/saintdieinfo\/"},{"@type":"ListItem","position":2,"name":"Un nouveau circuit Rando Sant\u00e9 pour marcher \u00e0 son rythme \u00e0 Anould"}]},{"@type":"WebSite","@id":"https:\/\/vosgesinfo.fr\/saintdieinfo\/#website","url":"https:\/\/vosgesinfo.fr\/saintdieinfo\/","name":"Saint Die Info","description":"Toute l&#039;actualit\u00e9 de Saint-Di\u00e9-Des-Vosges","publisher":{"@id":"https:\/\/vosgesinfo.fr\/saintdieinfo\/#organization"},"alternateName":"Toute l'actualit\u00e9 de Saint-Di\u00e9-Des-Vosges","potentialAction":[{"@type":"SearchAction","target":{"@type":"EntryPoint","urlTemplate":"https:\/\/vosgesinfo.fr\/saintdieinfo\/?s={search_term_string}"},"query-input":"required name=search_term_string"}],"inLanguage":"fr-FR"},{"@type":"Organization","@id":"https:\/\/vosgesinfo.fr\/saintdieinfo\/#organization","name":"Saint Die Info","url":"https:\/\/vosgesinfo.fr\/saintdieinfo\/","logo":{"@type":"ImageObject","inLanguage":"fr-FR","@id":"https:\/\/vosgesinfo.fr\/saintdieinfo\/#\/schema\/logo\/image\/","url":"https:\/\/vosgesinfo.fr\/app\/uploads\/sites\/4\/2024\/02\/logo-sdi.jpg","contentUrl":"https:\/\/vosgesinfo.fr\/app\/uploads\/sites\/4\/2024\/02\/logo-sdi.jpg","width":600,"height":600,"caption":"Saint Die Info"},"image":{"@id":"https:\/\/vosgesinfo.fr\/saintdieinfo\/#\/schema\/logo\/image\/"},"sameAs":["https:\/\/www.facebook.com\/Saintdieinfofr","https:\/\/x.com\/VosgesInfo88","https:\/\/www.youtube.com\/@vosgesinfo"]},{"@type":"Person","@id":"https:\/\/vosgesinfo.fr\/saintdieinfo\/#\/schema\/person\/fa73e9f726d67bb88f46d5b7943cb572","name":"J.J.","image":{"@type":"ImageObject","inLanguage":"fr-FR","@id":"https:\/\/vosgesinfo.fr\/saintdieinfo\/#\/schema\/person\/image\/","url":"https:\/\/secure.gravatar.com\/avatar\/219e749e47ffbcca018a360ae4add7d4cdf1cdaaf8bc7676b27efade3fe65615?s=96&d=mm&r=g","contentUrl":"https:\/\/secure.gravatar.com\/avatar\/219e749e47ffbcca018a360ae4add7d4cdf1cdaaf8bc7676b27efade3fe65615?s=96&d=mm&r=g","caption":"J.J."},"url":"https:\/\/vosgesinfo.fr\/saintdieinfo\/author\/j-j\/"}]}},"_links":{"self":[{"href":"https:\/\/vosgesinfo.fr\/saintdieinfo\/wp-json\/wp\/v2\/posts\/90780","targetHints":{"allow":["GET"]}}],"collection":[{"href":"https:\/\/vosgesinfo.fr\/saintdieinfo\/wp-json\/wp\/v2\/posts"}],"about":[{"href":"https:\/\/vosgesinfo.fr\/saintdieinfo\/wp-json\/wp\/v2\/types\/post"}],"author":[{"embeddable":true,"href":"https:\/\/vosgesinfo.fr\/saintdieinfo\/wp-json\/wp\/v2\/users\/46"}],"replies":[{"embeddable":true,"href":"https:\/\/vosgesinfo.fr\/saintdieinfo\/wp-json\/wp\/v2\/comments?post=90780"}],"version-history":[{"count":1,"href":"https:\/\/vosgesinfo.fr\/saintdieinfo\/wp-json\/wp\/v2\/posts\/90780\/revisions"}],"predecessor-version":[{"id":90784,"href":"https:\/\/vosgesinfo.fr\/saintdieinfo\/wp-json\/wp\/v2\/posts\/90780\/revisions\/90784"}],"wp:featuredmedia":[{"embeddable":true,"href":"https:\/\/vosgesinfo.fr\/saintdieinfo\/wp-json\/wp\/v2\/media\/90781"}],"wp:attachment":[{"href":"https:\/\/vosgesinfo.fr\/saintdieinfo\/wp-json\/wp\/v2\/media?parent=90780"}],"wp:term":[{"taxonomy":"category","embeddable":true,"href":"https:\/\/vosgesinfo.fr\/saintdieinfo\/wp-json\/wp\/v2\/categories?post=90780"},{"taxonomy":"post_tag","embeddable":true,"href":"https:\/\/vosgesinfo.fr\/saintdieinfo\/wp-json\/wp\/v2\/tags?post=90780"}],"curies":[{"name":"wp","href":"https:\/\/api.w.org\/{rel}","templated":true}]}}