{"id":90806,"date":"2026-04-29T09:53:47","date_gmt":"2026-04-29T07:53:47","guid":{"rendered":"https:\/\/vosgesinfo.fr\/saintdieinfo\/?p=90806"},"modified":"2026-04-29T09:51:00","modified_gmt":"2026-04-29T07:51:00","slug":"une-reunion-publique-consacree-au-sens-de-circulation-du-pont-bailey","status":"publish","type":"post","link":"https:\/\/vosgesinfo.fr\/saintdieinfo\/2026\/04\/une-reunion-publique-consacree-au-sens-de-circulation-du-pont-bailey\/","title":{"rendered":"Une r\u00e9union publique consacr\u00e9e au sens de circulation du pont Bailey"},"content":{"rendered":"<div id=\"attachment_90807\" style=\"width: 1034px\" class=\"wp-caption alignnone\"><a href=\"https:\/\/vosgesinfo.fr\/app\/uploads\/sites\/4\/2026\/04\/pont-bailey.jpg\"><img decoding=\"async\" aria-describedby=\"caption-attachment-90807\" class=\"size-large wp-image-90807\" src=\"https:\/\/vosgesinfo.fr\/app\/uploads\/sites\/4\/2026\/04\/pont-bailey-1024x576.jpg\" alt=\"\" width=\"1024\" height=\"576\" srcset=\"https:\/\/vosgesinfo.fr\/app\/uploads\/sites\/4\/2026\/04\/pont-bailey-1024x576.jpg 1024w, https:\/\/vosgesinfo.fr\/app\/uploads\/sites\/4\/2026\/04\/pont-bailey-300x169.jpg 300w, https:\/\/vosgesinfo.fr\/app\/uploads\/sites\/4\/2026\/04\/pont-bailey-768x432.jpg 768w, https:\/\/vosgesinfo.fr\/app\/uploads\/sites\/4\/2026\/04\/pont-bailey-1536x864.jpg 1536w, https:\/\/vosgesinfo.fr\/app\/uploads\/sites\/4\/2026\/04\/pont-bailey.jpg 1672w\" sizes=\"(max-width: 1024px) 100vw, 1024px\" \/><\/a><p id=\"caption-attachment-90807\" class=\"wp-caption-text\">(Capture d&rsquo;\u00e9cran Google Maps, modifi\u00e9e IA)<\/p><\/div>\n<h2>La <strong>Municipalit\u00e9 de Saint-Di\u00e9-des-Vosges<\/strong> veut associer les <strong>D\u00e9odatiennes et les D\u00e9odatiens<\/strong> \u00e0 la d\u00e9cision sur le sens de circulation du <strong>pont Bailey<\/strong>. C\u2019est dans ce sens qu\u2019une r\u00e9union de concertation se tiendra <strong>mardi 12 mai<\/strong>, \u00e0 18 h 30, <strong>salle Carbonnar<\/strong>.<\/h2>\n<p><!--more--><\/p>\n<h3><strong>Un bilan apr\u00e8s un an d\u2019exp\u00e9rimentation<\/strong><\/h3>\n<p>Le changement de circulation remonte au r\u00e9am\u00e9nagement du <strong>quai de la R\u00e9sistance<\/strong>, r\u00e9alis\u00e9 il y a un an pour cr\u00e9er des places de stationnement, en particulier pr\u00e8s de <strong>Nova Cin\u00e9<\/strong>. Cette modification avait aussi concern\u00e9 le pont Bailey.<\/p>\n<h3><strong>Une d\u00e9cision \u00e0 prendre avec les usagers<\/strong><\/h3>\n<p>La phase d\u2019exp\u00e9rimentation arrivant \u00e0 son terme, la <strong>Ville<\/strong> souhaite en tirer un bilan avec les <strong>habitants, les usagers du secteur et les riverains<\/strong>. Cette concertation doit permettre d\u2019\u00e9clairer le choix du sens de circulation qui sera retenu durablement sur le pont Bailey.<\/p>\n","protected":false},"excerpt":{"rendered":"<p>La Municipalit\u00e9 de Saint-Di\u00e9-des-Vosges veut associer les D\u00e9odatiennes et les D\u00e9odatiens \u00e0 la d\u00e9cision sur le sens de circulation du [&hellip;]<\/p>\n","protected":false},"author":46,"featured_media":90807,"comment_status":"open","ping_status":"open","sticky":false,"template":"","format":"standard","meta":{"footnotes":""},"categories":[460,167],"tags":[62,21462,21461,3113,2881,3571,849],"class_list":["post-90806","post","type-post","status-publish","format-standard","has-post-thumbnail","hentry","category-a-la-une","category-saint-die-des-vosges","tag-circulation","tag-concertation","tag-pont-bailey","tag-quai-de-la-resistance","tag-saint-die-des-vosges","tag-salle-carbonnar","tag-stationnement"],"acf":[],"yoast_head":"<!-- This site is optimized with the Yoast SEO plugin v22.5 - https:\/\/yoast.com\/wordpress\/plugins\/seo\/ -->\n<title>Une r\u00e9union publique consacr\u00e9e au sens de circulation du pont Bailey - Saint Die Info<\/title>\n<meta name=\"robots\" content=\"index, follow, max-snippet:-1, max-image-preview:large, max-video-preview:-1\" \/>\n<link rel=\"canonical\" href=\"https:\/\/vosgesinfo.fr\/saintdieinfo\/2026\/04\/une-reunion-publique-consacree-au-sens-de-circulation-du-pont-bailey\/\" \/>\n<meta name=\"twitter:card\" content=\"summary_large_image\" \/>\n<meta name=\"twitter:title\" content=\"Une r\u00e9union publique consacr\u00e9e au sens de circulation du pont Bailey - Saint Die Info\" \/>\n<meta name=\"twitter:description\" content=\"La Municipalit\u00e9 de Saint-Di\u00e9-des-Vosges veut associer les D\u00e9odatiennes et les D\u00e9odatiens \u00e0 la d\u00e9cision sur le sens de circulation du [&hellip;]\" \/>\n<meta name=\"twitter:image\" content=\"https:\/\/vosgesinfo.fr\/app\/uploads\/sites\/4\/2026\/04\/pont-bailey.jpg\" \/>\n<meta name=\"twitter:creator\" content=\"@VosgesInfo88\" \/>\n<meta name=\"twitter:site\" content=\"@VosgesInfo88\" \/>\n<meta name=\"twitter:label1\" content=\"\u00c9crit par\" \/>\n\t<meta name=\"twitter:data1\" content=\"J.J.\" \/>\n\t<meta name=\"twitter:label2\" content=\"Dur\u00e9e de lecture estim\u00e9e\" \/>\n\t<meta name=\"twitter:data2\" content=\"2 minutes\" \/>\n<script type=\"application\/ld+json\" class=\"yoast-schema-graph\">{\"@context\":\"https:\/\/schema.org\",\"@graph\":[{\"@type\":\"Article\",\"@id\":\"https:\/\/vosgesinfo.fr\/saintdieinfo\/2026\/04\/une-reunion-publique-consacree-au-sens-de-circulation-du-pont-bailey\/#article\",\"isPartOf\":{\"@id\":\"https:\/\/vosgesinfo.fr\/saintdieinfo\/2026\/04\/une-reunion-publique-consacree-au-sens-de-circulation-du-pont-bailey\/\"},\"author\":{\"name\":\"J.J.\",\"@id\":\"https:\/\/vosgesinfo.fr\/saintdieinfo\/#\/schema\/person\/fa73e9f726d67bb88f46d5b7943cb572\"},\"headline\":\"Une r\u00e9union publique consacr\u00e9e au sens de circulation du pont Bailey\",\"datePublished\":\"2026-04-29T07:53:47+00:00\",\"dateModified\":\"2026-04-29T07:51:00+00:00\",\"mainEntityOfPage\":{\"@id\":\"https:\/\/vosgesinfo.fr\/saintdieinfo\/2026\/04\/une-reunion-publique-consacree-au-sens-de-circulation-du-pont-bailey\/\"},\"wordCount\":176,\"commentCount\":0,\"publisher\":{\"@id\":\"https:\/\/vosgesinfo.fr\/saintdieinfo\/#organization\"},\"image\":{\"@id\":\"https:\/\/vosgesinfo.fr\/saintdieinfo\/2026\/04\/une-reunion-publique-consacree-au-sens-de-circulation-du-pont-bailey\/#primaryimage\"},\"thumbnailUrl\":\"https:\/\/vosgesinfo.fr\/app\/uploads\/sites\/4\/2026\/04\/pont-bailey.jpg\",\"keywords\":[\"circulation\",\"concertation\",\"pont Bailey\",\"Quai de la R\u00e9sistance\",\"Saint-Di\u00e9-des-Vosges\",\"Salle Carbonnar\",\"stationnement\"],\"articleSection\":[\"A la Une\",\"Saint-Di\u00e9-des-Vosges\"],\"inLanguage\":\"fr-FR\",\"potentialAction\":[{\"@type\":\"CommentAction\",\"name\":\"Comment\",\"target\":[\"https:\/\/vosgesinfo.fr\/saintdieinfo\/2026\/04\/une-reunion-publique-consacree-au-sens-de-circulation-du-pont-bailey\/#respond\"]}]},{\"@type\":\"WebPage\",\"@id\":\"https:\/\/vosgesinfo.fr\/saintdieinfo\/2026\/04\/une-reunion-publique-consacree-au-sens-de-circulation-du-pont-bailey\/\",\"url\":\"https:\/\/vosgesinfo.fr\/saintdieinfo\/2026\/04\/une-reunion-publique-consacree-au-sens-de-circulation-du-pont-bailey\/\",\"name\":\"Une r\u00e9union publique consacr\u00e9e au sens de circulation du pont Bailey - Saint Die Info\",\"isPartOf\":{\"@id\":\"https:\/\/vosgesinfo.fr\/saintdieinfo\/#website\"},\"primaryImageOfPage\":{\"@id\":\"https:\/\/vosgesinfo.fr\/saintdieinfo\/2026\/04\/une-reunion-publique-consacree-au-sens-de-circulation-du-pont-bailey\/#primaryimage\"},\"image\":{\"@id\":\"https:\/\/vosgesinfo.fr\/saintdieinfo\/2026\/04\/une-reunion-publique-consacree-au-sens-de-circulation-du-pont-bailey\/#primaryimage\"},\"thumbnailUrl\":\"https:\/\/vosgesinfo.fr\/app\/uploads\/sites\/4\/2026\/04\/pont-bailey.jpg\",\"datePublished\":\"2026-04-29T07:53:47+00:00\",\"dateModified\":\"2026-04-29T07:51:00+00:00\",\"breadcrumb\":{\"@id\":\"https:\/\/vosgesinfo.fr\/saintdieinfo\/2026\/04\/une-reunion-publique-consacree-au-sens-de-circulation-du-pont-bailey\/#breadcrumb\"},\"inLanguage\":\"fr-FR\",\"potentialAction\":[{\"@type\":\"ReadAction\",\"target\":[\"https:\/\/vosgesinfo.fr\/saintdieinfo\/2026\/04\/une-reunion-publique-consacree-au-sens-de-circulation-du-pont-bailey\/\"]}]},{\"@type\":\"ImageObject\",\"inLanguage\":\"fr-FR\",\"@id\":\"https:\/\/vosgesinfo.fr\/saintdieinfo\/2026\/04\/une-reunion-publique-consacree-au-sens-de-circulation-du-pont-bailey\/#primaryimage\",\"url\":\"https:\/\/vosgesinfo.fr\/app\/uploads\/sites\/4\/2026\/04\/pont-bailey.jpg\",\"contentUrl\":\"https:\/\/vosgesinfo.fr\/app\/uploads\/sites\/4\/2026\/04\/pont-bailey.jpg\",\"width\":1672,\"height\":941,\"caption\":\"(Capture d'\u00e9cran Google Maps, modifi\u00e9e IA)\"},{\"@type\":\"BreadcrumbList\",\"@id\":\"https:\/\/vosgesinfo.fr\/saintdieinfo\/2026\/04\/une-reunion-publique-consacree-au-sens-de-circulation-du-pont-bailey\/#breadcrumb\",\"itemListElement\":[{\"@type\":\"ListItem\",\"position\":1,\"name\":\"Home\",\"item\":\"https:\/\/vosgesinfo.fr\/saintdieinfo\/\"},{\"@type\":\"ListItem\",\"position\":2,\"name\":\"Une r\u00e9union publique consacr\u00e9e au sens de circulation du pont Bailey\"}]},{\"@type\":\"WebSite\",\"@id\":\"https:\/\/vosgesinfo.fr\/saintdieinfo\/#website\",\"url\":\"https:\/\/vosgesinfo.fr\/saintdieinfo\/\",\"name\":\"Saint Die Info\",\"description\":\"Toute l&#039;actualit\u00e9 de Saint-Di\u00e9-Des-Vosges\",\"publisher\":{\"@id\":\"https:\/\/vosgesinfo.fr\/saintdieinfo\/#organization\"},\"alternateName\":\"Toute l'actualit\u00e9 de Saint-Di\u00e9-Des-Vosges\",\"potentialAction\":[{\"@type\":\"SearchAction\",\"target\":{\"@type\":\"EntryPoint\",\"urlTemplate\":\"https:\/\/vosgesinfo.fr\/saintdieinfo\/?s={search_term_string}\"},\"query-input\":\"required name=search_term_string\"}],\"inLanguage\":\"fr-FR\"},{\"@type\":\"Organization\",\"@id\":\"https:\/\/vosgesinfo.fr\/saintdieinfo\/#organization\",\"name\":\"Saint Die Info\",\"url\":\"https:\/\/vosgesinfo.fr\/saintdieinfo\/\",\"logo\":{\"@type\":\"ImageObject\",\"inLanguage\":\"fr-FR\",\"@id\":\"https:\/\/vosgesinfo.fr\/saintdieinfo\/#\/schema\/logo\/image\/\",\"url\":\"https:\/\/vosgesinfo.fr\/app\/uploads\/sites\/4\/2024\/02\/logo-sdi.jpg\",\"contentUrl\":\"https:\/\/vosgesinfo.fr\/app\/uploads\/sites\/4\/2024\/02\/logo-sdi.jpg\",\"width\":600,\"height\":600,\"caption\":\"Saint Die Info\"},\"image\":{\"@id\":\"https:\/\/vosgesinfo.fr\/saintdieinfo\/#\/schema\/logo\/image\/\"},\"sameAs\":[\"https:\/\/www.facebook.com\/Saintdieinfofr\",\"https:\/\/x.com\/VosgesInfo88\",\"https:\/\/www.youtube.com\/@vosgesinfo\"]},{\"@type\":\"Person\",\"@id\":\"https:\/\/vosgesinfo.fr\/saintdieinfo\/#\/schema\/person\/fa73e9f726d67bb88f46d5b7943cb572\",\"name\":\"J.J.\",\"image\":{\"@type\":\"ImageObject\",\"inLanguage\":\"fr-FR\",\"@id\":\"https:\/\/vosgesinfo.fr\/saintdieinfo\/#\/schema\/person\/image\/\",\"url\":\"https:\/\/secure.gravatar.com\/avatar\/219e749e47ffbcca018a360ae4add7d4cdf1cdaaf8bc7676b27efade3fe65615?s=96&d=mm&r=g\",\"contentUrl\":\"https:\/\/secure.gravatar.com\/avatar\/219e749e47ffbcca018a360ae4add7d4cdf1cdaaf8bc7676b27efade3fe65615?s=96&d=mm&r=g\",\"caption\":\"J.J.\"},\"url\":\"https:\/\/vosgesinfo.fr\/saintdieinfo\/author\/j-j\/\"}]}<\/script>\n<!-- \/ Yoast SEO plugin. -->","yoast_head_json":{"title":"Une r\u00e9union publique consacr\u00e9e au sens de circulation du pont Bailey - Saint Die Info","robots":{"index":"index","follow":"follow","max-snippet":"max-snippet:-1","max-image-preview":"max-image-preview:large","max-video-preview":"max-video-preview:-1"},"canonical":"https:\/\/vosgesinfo.fr\/saintdieinfo\/2026\/04\/une-reunion-publique-consacree-au-sens-de-circulation-du-pont-bailey\/","twitter_card":"summary_large_image","twitter_title":"Une r\u00e9union publique consacr\u00e9e au sens de circulation du pont Bailey - Saint Die Info","twitter_description":"La Municipalit\u00e9 de Saint-Di\u00e9-des-Vosges veut associer les D\u00e9odatiennes et les D\u00e9odatiens \u00e0 la d\u00e9cision sur le sens de circulation du [&hellip;]","twitter_image":"https:\/\/vosgesinfo.fr\/app\/uploads\/sites\/4\/2026\/04\/pont-bailey.jpg","twitter_creator":"@VosgesInfo88","twitter_site":"@VosgesInfo88","twitter_misc":{"\u00c9crit par":"J.J.","Dur\u00e9e de lecture estim\u00e9e":"2 minutes"},"schema":{"@context":"https:\/\/schema.org","@graph":[{"@type":"Article","@id":"https:\/\/vosgesinfo.fr\/saintdieinfo\/2026\/04\/une-reunion-publique-consacree-au-sens-de-circulation-du-pont-bailey\/#article","isPartOf":{"@id":"https:\/\/vosgesinfo.fr\/saintdieinfo\/2026\/04\/une-reunion-publique-consacree-au-sens-de-circulation-du-pont-bailey\/"},"author":{"name":"J.J.","@id":"https:\/\/vosgesinfo.fr\/saintdieinfo\/#\/schema\/person\/fa73e9f726d67bb88f46d5b7943cb572"},"headline":"Une r\u00e9union publique consacr\u00e9e au sens de circulation du pont Bailey","datePublished":"2026-04-29T07:53:47+00:00","dateModified":"2026-04-29T07:51:00+00:00","mainEntityOfPage":{"@id":"https:\/\/vosgesinfo.fr\/saintdieinfo\/2026\/04\/une-reunion-publique-consacree-au-sens-de-circulation-du-pont-bailey\/"},"wordCount":176,"commentCount":0,"publisher":{"@id":"https:\/\/vosgesinfo.fr\/saintdieinfo\/#organization"},"image":{"@id":"https:\/\/vosgesinfo.fr\/saintdieinfo\/2026\/04\/une-reunion-publique-consacree-au-sens-de-circulation-du-pont-bailey\/#primaryimage"},"thumbnailUrl":"https:\/\/vosgesinfo.fr\/app\/uploads\/sites\/4\/2026\/04\/pont-bailey.jpg","keywords":["circulation","concertation","pont Bailey","Quai de la R\u00e9sistance","Saint-Di\u00e9-des-Vosges","Salle Carbonnar","stationnement"],"articleSection":["A la Une","Saint-Di\u00e9-des-Vosges"],"inLanguage":"fr-FR","potentialAction":[{"@type":"CommentAction","name":"Comment","target":["https:\/\/vosgesinfo.fr\/saintdieinfo\/2026\/04\/une-reunion-publique-consacree-au-sens-de-circulation-du-pont-bailey\/#respond"]}]},{"@type":"WebPage","@id":"https:\/\/vosgesinfo.fr\/saintdieinfo\/2026\/04\/une-reunion-publique-consacree-au-sens-de-circulation-du-pont-bailey\/","url":"https:\/\/vosgesinfo.fr\/saintdieinfo\/2026\/04\/une-reunion-publique-consacree-au-sens-de-circulation-du-pont-bailey\/","name":"Une r\u00e9union publique consacr\u00e9e au sens de circulation du pont Bailey - Saint Die Info","isPartOf":{"@id":"https:\/\/vosgesinfo.fr\/saintdieinfo\/#website"},"primaryImageOfPage":{"@id":"https:\/\/vosgesinfo.fr\/saintdieinfo\/2026\/04\/une-reunion-publique-consacree-au-sens-de-circulation-du-pont-bailey\/#primaryimage"},"image":{"@id":"https:\/\/vosgesinfo.fr\/saintdieinfo\/2026\/04\/une-reunion-publique-consacree-au-sens-de-circulation-du-pont-bailey\/#primaryimage"},"thumbnailUrl":"https:\/\/vosgesinfo.fr\/app\/uploads\/sites\/4\/2026\/04\/pont-bailey.jpg","datePublished":"2026-04-29T07:53:47+00:00","dateModified":"2026-04-29T07:51:00+00:00","breadcrumb":{"@id":"https:\/\/vosgesinfo.fr\/saintdieinfo\/2026\/04\/une-reunion-publique-consacree-au-sens-de-circulation-du-pont-bailey\/#breadcrumb"},"inLanguage":"fr-FR","potentialAction":[{"@type":"ReadAction","target":["https:\/\/vosgesinfo.fr\/saintdieinfo\/2026\/04\/une-reunion-publique-consacree-au-sens-de-circulation-du-pont-bailey\/"]}]},{"@type":"ImageObject","inLanguage":"fr-FR","@id":"https:\/\/vosgesinfo.fr\/saintdieinfo\/2026\/04\/une-reunion-publique-consacree-au-sens-de-circulation-du-pont-bailey\/#primaryimage","url":"https:\/\/vosgesinfo.fr\/app\/uploads\/sites\/4\/2026\/04\/pont-bailey.jpg","contentUrl":"https:\/\/vosgesinfo.fr\/app\/uploads\/sites\/4\/2026\/04\/pont-bailey.jpg","width":1672,"height":941,"caption":"(Capture d'\u00e9cran Google Maps, modifi\u00e9e IA)"},{"@type":"BreadcrumbList","@id":"https:\/\/vosgesinfo.fr\/saintdieinfo\/2026\/04\/une-reunion-publique-consacree-au-sens-de-circulation-du-pont-bailey\/#breadcrumb","itemListElement":[{"@type":"ListItem","position":1,"name":"Home","item":"https:\/\/vosgesinfo.fr\/saintdieinfo\/"},{"@type":"ListItem","position":2,"name":"Une r\u00e9union publique consacr\u00e9e au sens de circulation du pont Bailey"}]},{"@type":"WebSite","@id":"https:\/\/vosgesinfo.fr\/saintdieinfo\/#website","url":"https:\/\/vosgesinfo.fr\/saintdieinfo\/","name":"Saint Die Info","description":"Toute l&#039;actualit\u00e9 de Saint-Di\u00e9-Des-Vosges","publisher":{"@id":"https:\/\/vosgesinfo.fr\/saintdieinfo\/#organization"},"alternateName":"Toute l'actualit\u00e9 de Saint-Di\u00e9-Des-Vosges","potentialAction":[{"@type":"SearchAction","target":{"@type":"EntryPoint","urlTemplate":"https:\/\/vosgesinfo.fr\/saintdieinfo\/?s={search_term_string}"},"query-input":"required name=search_term_string"}],"inLanguage":"fr-FR"},{"@type":"Organization","@id":"https:\/\/vosgesinfo.fr\/saintdieinfo\/#organization","name":"Saint Die Info","url":"https:\/\/vosgesinfo.fr\/saintdieinfo\/","logo":{"@type":"ImageObject","inLanguage":"fr-FR","@id":"https:\/\/vosgesinfo.fr\/saintdieinfo\/#\/schema\/logo\/image\/","url":"https:\/\/vosgesinfo.fr\/app\/uploads\/sites\/4\/2024\/02\/logo-sdi.jpg","contentUrl":"https:\/\/vosgesinfo.fr\/app\/uploads\/sites\/4\/2024\/02\/logo-sdi.jpg","width":600,"height":600,"caption":"Saint Die Info"},"image":{"@id":"https:\/\/vosgesinfo.fr\/saintdieinfo\/#\/schema\/logo\/image\/"},"sameAs":["https:\/\/www.facebook.com\/Saintdieinfofr","https:\/\/x.com\/VosgesInfo88","https:\/\/www.youtube.com\/@vosgesinfo"]},{"@type":"Person","@id":"https:\/\/vosgesinfo.fr\/saintdieinfo\/#\/schema\/person\/fa73e9f726d67bb88f46d5b7943cb572","name":"J.J.","image":{"@type":"ImageObject","inLanguage":"fr-FR","@id":"https:\/\/vosgesinfo.fr\/saintdieinfo\/#\/schema\/person\/image\/","url":"https:\/\/secure.gravatar.com\/avatar\/219e749e47ffbcca018a360ae4add7d4cdf1cdaaf8bc7676b27efade3fe65615?s=96&d=mm&r=g","contentUrl":"https:\/\/secure.gravatar.com\/avatar\/219e749e47ffbcca018a360ae4add7d4cdf1cdaaf8bc7676b27efade3fe65615?s=96&d=mm&r=g","caption":"J.J."},"url":"https:\/\/vosgesinfo.fr\/saintdieinfo\/author\/j-j\/"}]}},"_links":{"self":[{"href":"https:\/\/vosgesinfo.fr\/saintdieinfo\/wp-json\/wp\/v2\/posts\/90806","targetHints":{"allow":["GET"]}}],"collection":[{"href":"https:\/\/vosgesinfo.fr\/saintdieinfo\/wp-json\/wp\/v2\/posts"}],"about":[{"href":"https:\/\/vosgesinfo.fr\/saintdieinfo\/wp-json\/wp\/v2\/types\/post"}],"author":[{"embeddable":true,"href":"https:\/\/vosgesinfo.fr\/saintdieinfo\/wp-json\/wp\/v2\/users\/46"}],"replies":[{"embeddable":true,"href":"https:\/\/vosgesinfo.fr\/saintdieinfo\/wp-json\/wp\/v2\/comments?post=90806"}],"version-history":[{"count":1,"href":"https:\/\/vosgesinfo.fr\/saintdieinfo\/wp-json\/wp\/v2\/posts\/90806\/revisions"}],"predecessor-version":[{"id":90808,"href":"https:\/\/vosgesinfo.fr\/saintdieinfo\/wp-json\/wp\/v2\/posts\/90806\/revisions\/90808"}],"wp:featuredmedia":[{"embeddable":true,"href":"https:\/\/vosgesinfo.fr\/saintdieinfo\/wp-json\/wp\/v2\/media\/90807"}],"wp:attachment":[{"href":"https:\/\/vosgesinfo.fr\/saintdieinfo\/wp-json\/wp\/v2\/media?parent=90806"}],"wp:term":[{"taxonomy":"category","embeddable":true,"href":"https:\/\/vosgesinfo.fr\/saintdieinfo\/wp-json\/wp\/v2\/categories?post=90806"},{"taxonomy":"post_tag","embeddable":true,"href":"https:\/\/vosgesinfo.fr\/saintdieinfo\/wp-json\/wp\/v2\/tags?post=90806"}],"curies":[{"name":"wp","href":"https:\/\/api.w.org\/{rel}","templated":true}]}}