{"id":90809,"date":"2026-04-29T14:53:06","date_gmt":"2026-04-29T12:53:06","guid":{"rendered":"https:\/\/vosgesinfo.fr\/saintdieinfo\/?p=90809"},"modified":"2026-04-29T14:45:34","modified_gmt":"2026-04-29T12:45:34","slug":"le-lycee-baumont-renforce-son-jumelage-avec-la-hugo-eckener-schule-de-friedrichshafen","status":"publish","type":"post","link":"https:\/\/vosgesinfo.fr\/saintdieinfo\/2026\/04\/le-lycee-baumont-renforce-son-jumelage-avec-la-hugo-eckener-schule-de-friedrichshafen\/","title":{"rendered":"Le lyc\u00e9e Baumont renforce son jumelage avec la Hugo-Eckener-Schule de Friedrichshafen"},"content":{"rendered":"<p><a href=\"https:\/\/vosgesinfo.fr\/app\/uploads\/sites\/4\/2026\/04\/reception-hdv-projet-transfrontalier-lycees-baumonteckene-6.jpg\"><img decoding=\"async\" class=\"alignnone size-large wp-image-90802\" src=\"https:\/\/vosgesinfo.fr\/app\/uploads\/sites\/4\/2026\/04\/reception-hdv-projet-transfrontalier-lycees-baumonteckene-6-1024x771.jpg\" alt=\"\" width=\"1024\" height=\"771\" srcset=\"https:\/\/vosgesinfo.fr\/app\/uploads\/sites\/4\/2026\/04\/reception-hdv-projet-transfrontalier-lycees-baumonteckene-6-1024x771.jpg 1024w, https:\/\/vosgesinfo.fr\/app\/uploads\/sites\/4\/2026\/04\/reception-hdv-projet-transfrontalier-lycees-baumonteckene-6-300x226.jpg 300w, https:\/\/vosgesinfo.fr\/app\/uploads\/sites\/4\/2026\/04\/reception-hdv-projet-transfrontalier-lycees-baumonteckene-6-768x578.jpg 768w, https:\/\/vosgesinfo.fr\/app\/uploads\/sites\/4\/2026\/04\/reception-hdv-projet-transfrontalier-lycees-baumonteckene-6-1536x1157.jpg 1536w, https:\/\/vosgesinfo.fr\/app\/uploads\/sites\/4\/2026\/04\/reception-hdv-projet-transfrontalier-lycees-baumonteckene-6.jpg 1920w\" sizes=\"(max-width: 1024px) 100vw, 1024px\" \/><\/a><\/p>\n<h2>Le <strong data-start=\"3\" data-end=\"28\">lyc\u00e9e Georges-Baumont<\/strong> et la <strong data-start=\"35\" data-end=\"58\">Hugo-Eckener-Schule<\/strong> de la ville jumel\u00e9e <strong data-start=\"79\" data-end=\"98\">Friedrichshafen<\/strong>, en Allemagne, ont men\u00e9 un projet transfrontalier, culturel et artistique, autour des <strong data-start=\"185\" data-end=\"245\">micro-cabanes, de l\u2019architecture et du devoir de m\u00e9moire<\/strong>.<\/h2>\n<p><!--more--><\/p>\n<h3><strong>Une coop\u00e9ration n\u00e9e du jumelage entre les deux villes<\/strong><\/h3>\n<p>Initi\u00e9e l\u2019an dernier et <strong>reconduite cette ann\u00e9e<\/strong> dans le cadre des <strong>\u00ab Cord\u00e9es de la r\u00e9ussite \u00bb<\/strong>, cette coop\u00e9ration franco-allemande associe les \u00e9l\u00e8ves \u00e0 un travail de cr\u00e9ation men\u00e9 entre <strong>La Friche<\/strong>, le lyc\u00e9e polyvalent d\u00e9odatien et l\u2019\u00e9tablissement allemand. Quant au jumelage entre les deux \u00e9tablissements scolaires, il est n\u00e9 il y a trois ans, \u00e0 l\u2019occasion du <strong>cinquanti\u00e8me anniversaire<\/strong> du jumelage entre <strong>Saint-Di\u00e9-des-Vosges<\/strong> et Friedrichshafen.<\/p>\n<h3><strong>Des ateliers entre La Friche et le lyc\u00e9e Baumont<\/strong><\/h3>\n<p data-start=\"823\" data-end=\"1143\">Ce lundi matin, les \u00e9l\u00e8ves ont travaill\u00e9 \u00e0 <strong data-start=\"866\" data-end=\"879\">La Friche<\/strong> avec <strong data-start=\"885\" data-end=\"906\">trois architectes<\/strong>, autour de la conception des micro-cabanes. Le projet s\u2019est poursuivi l&rsquo;apr\u00e8s-midi, puis hier mardi 28 avril au matin, avec la fabrication des micro-cabanes \u00e0 La Friche et la r\u00e9alisation de <strong data-start=\"1097\" data-end=\"1117\">bleuets en acier<\/strong> au lyc\u00e9e Georges-Baumont.<\/p>\n<p data-start=\"1145\" data-end=\"1553\">Les micro-cabanes prennent la forme de <strong data-start=\"1184\" data-end=\"1205\">maquettes en bois<\/strong> install\u00e9es sur des <strong data-start=\"1225\" data-end=\"1248\">structures en acier<\/strong> con\u00e7ues par les \u00e9l\u00e8ves fran\u00e7ais. Les bleuets, r\u00e9alis\u00e9s avec les outils du lyc\u00e9e, s\u2019inscrivent dans un travail autour du <strong data-start=\"1369\" data-end=\"1390\">devoir de m\u00e9moire<\/strong>. Le lyc\u00e9e Baumont remercie par ailleurs la <strong data-start=\"1434\" data-end=\"1457\">paletterie Hurembal<\/strong>, \u00e0 <strong data-start=\"1461\" data-end=\"1474\">Denipaire<\/strong>, pour avoir offert tout le bois n\u00e9cessaire \u00e0 la r\u00e9alisation des constructions.<\/p>\n<h3><strong>Un accueil \u00e0 l\u2019H\u00f4tel de Ville ce mercredi matin<\/strong><\/h3>\n<p data-start=\"1608\" data-end=\"1950\">Ce matin sur les coups de 9 h, les \u00e9l\u00e8ves ont \u00e9t\u00e9 accueillis au <strong data-start=\"1672\" data-end=\"1707\">Grand salon de l\u2019H\u00f4tel de Ville<\/strong> de Saint-Di\u00e9-des-Vosges par l\u2019adjoint aux Jumelages <strong data-start=\"1760\" data-end=\"1779\">Jean-Eric Denis<\/strong>. Cette r\u00e9ception officielle permettait de pr\u00e9senter les <strong data-start=\"1836\" data-end=\"1861\">productions r\u00e9alis\u00e9es<\/strong> et de valoriser le partenariat entre le lyc\u00e9e Georges-Baumont et la Hugo-Eckener-Schule.<\/p>\n<p data-start=\"1952\" data-end=\"2337\">Le groupe rejoindra ensuite Friedrichshafen d\u00e8s aujourd\u2019hui, o\u00f9 les \u0153uvres seront install\u00e9es dans l\u2019<strong data-start=\"2052\" data-end=\"2078\">\u00e9tablissement allemand<\/strong>. Le s\u00e9jour se poursuivra avec des <strong data-start=\"2113\" data-end=\"2166\">activit\u00e9s sportives, culturelles et patrimoniales<\/strong>, avec \u00e9galement une visite pr\u00e9vue en <strong data-start=\"2204\" data-end=\"2216\">Autriche<\/strong>, dans la continuit\u00e9 de cette belle aventure humaine, avant un retour des lyc\u00e9ens d\u00e9odatiens pr\u00e9vu ce <strong data-start=\"2318\" data-end=\"2336\">dimanche 3 mai<\/strong>.<\/p>\n\n\t\t<style type=\"text\/css\">\n\t\t\t#gallery-1 {\n\t\t\t\tmargin: auto;\n\t\t\t}\n\t\t\t#gallery-1 .gallery-item {\n\t\t\t\tfloat: left;\n\t\t\t\tmargin-top: 10px;\n\t\t\t\ttext-align: center;\n\t\t\t\twidth: 33%;\n\t\t\t}\n\t\t\t#gallery-1 img {\n\t\t\t\tborder: 2px solid #cfcfcf;\n\t\t\t}\n\t\t\t#gallery-1 .gallery-caption {\n\t\t\t\tmargin-left: 0;\n\t\t\t}\n\t\t\t\/* see gallery_shortcode() in wp-includes\/media.php *\/\n\t\t<\/style>\n\t\t<div id='gallery-1' class='gallery galleryid-90809 gallery-columns-3 gallery-size-thumbnail'><dl class='gallery-item'>\n\t\t\t<dt class='gallery-icon landscape'>\n\t\t\t\t<a href='https:\/\/vosgesinfo.fr\/app\/uploads\/sites\/4\/2026\/04\/reception-hdv-projet-transfrontalier-lycees-baumonteckene-2.jpg'><img decoding=\"async\" width=\"150\" height=\"150\" src=\"https:\/\/vosgesinfo.fr\/app\/uploads\/sites\/4\/2026\/04\/reception-hdv-projet-transfrontalier-lycees-baumonteckene-2-150x150.jpg\" class=\"attachment-thumbnail size-thumbnail\" alt=\"\" \/><\/a>\n\t\t\t<\/dt><\/dl><dl class='gallery-item'>\n\t\t\t<dt class='gallery-icon landscape'>\n\t\t\t\t<a href='https:\/\/vosgesinfo.fr\/app\/uploads\/sites\/4\/2026\/04\/reception-hdv-projet-transfrontalier-lycees-baumonteckene-3.jpg'><img decoding=\"async\" width=\"150\" height=\"150\" src=\"https:\/\/vosgesinfo.fr\/app\/uploads\/sites\/4\/2026\/04\/reception-hdv-projet-transfrontalier-lycees-baumonteckene-3-150x150.jpg\" class=\"attachment-thumbnail size-thumbnail\" alt=\"\" \/><\/a>\n\t\t\t<\/dt><\/dl><dl class='gallery-item'>\n\t\t\t<dt class='gallery-icon landscape'>\n\t\t\t\t<a href='https:\/\/vosgesinfo.fr\/app\/uploads\/sites\/4\/2026\/04\/reception-hdv-projet-transfrontalier-lycees-baumonteckene-4.jpg'><img decoding=\"async\" width=\"150\" height=\"150\" src=\"https:\/\/vosgesinfo.fr\/app\/uploads\/sites\/4\/2026\/04\/reception-hdv-projet-transfrontalier-lycees-baumonteckene-4-150x150.jpg\" class=\"attachment-thumbnail size-thumbnail\" alt=\"\" \/><\/a>\n\t\t\t<\/dt><\/dl><br style=\"clear: both\" \/><dl class='gallery-item'>\n\t\t\t<dt class='gallery-icon landscape'>\n\t\t\t\t<a href='https:\/\/vosgesinfo.fr\/app\/uploads\/sites\/4\/2026\/04\/reception-hdv-projet-transfrontalier-lycees-baumonteckene-5.jpg'><img decoding=\"async\" width=\"150\" height=\"150\" src=\"https:\/\/vosgesinfo.fr\/app\/uploads\/sites\/4\/2026\/04\/reception-hdv-projet-transfrontalier-lycees-baumonteckene-5-150x150.jpg\" class=\"attachment-thumbnail size-thumbnail\" alt=\"\" \/><\/a>\n\t\t\t<\/dt><\/dl><dl class='gallery-item'>\n\t\t\t<dt class='gallery-icon landscape'>\n\t\t\t\t<a href='https:\/\/vosgesinfo.fr\/app\/uploads\/sites\/4\/2026\/04\/reception-hdv-projet-transfrontalier-lycees-baumonteckene-7.jpg'><img decoding=\"async\" width=\"150\" height=\"150\" src=\"https:\/\/vosgesinfo.fr\/app\/uploads\/sites\/4\/2026\/04\/reception-hdv-projet-transfrontalier-lycees-baumonteckene-7-150x150.jpg\" class=\"attachment-thumbnail size-thumbnail\" alt=\"\" \/><\/a>\n\t\t\t<\/dt><\/dl><dl class='gallery-item'>\n\t\t\t<dt class='gallery-icon landscape'>\n\t\t\t\t<a href='https:\/\/vosgesinfo.fr\/app\/uploads\/sites\/4\/2026\/04\/reception-hdv-projet-transfrontalier-lycees-baumonteckene-8.jpg'><img decoding=\"async\" width=\"150\" height=\"150\" src=\"https:\/\/vosgesinfo.fr\/app\/uploads\/sites\/4\/2026\/04\/reception-hdv-projet-transfrontalier-lycees-baumonteckene-8-150x150.jpg\" class=\"attachment-thumbnail size-thumbnail\" alt=\"\" \/><\/a>\n\t\t\t<\/dt><\/dl><br style=\"clear: both\" \/><dl class='gallery-item'>\n\t\t\t<dt class='gallery-icon landscape'>\n\t\t\t\t<a href='https:\/\/vosgesinfo.fr\/app\/uploads\/sites\/4\/2026\/04\/reception-hdv-projet-transfrontalier-lycees-baumonteckene-9.jpg'><img decoding=\"async\" width=\"150\" height=\"150\" src=\"https:\/\/vosgesinfo.fr\/app\/uploads\/sites\/4\/2026\/04\/reception-hdv-projet-transfrontalier-lycees-baumonteckene-9-150x150.jpg\" class=\"attachment-thumbnail size-thumbnail\" alt=\"\" \/><\/a>\n\t\t\t<\/dt><\/dl><dl class='gallery-item'>\n\t\t\t<dt class='gallery-icon portrait'>\n\t\t\t\t<a href='https:\/\/vosgesinfo.fr\/app\/uploads\/sites\/4\/2026\/04\/reception-hdv-projet-transfrontalier-lycees-baumonteckene-1.jpg'><img decoding=\"async\" width=\"150\" height=\"150\" src=\"https:\/\/vosgesinfo.fr\/app\/uploads\/sites\/4\/2026\/04\/reception-hdv-projet-transfrontalier-lycees-baumonteckene-1-150x150.jpg\" class=\"attachment-thumbnail size-thumbnail\" alt=\"\" \/><\/a>\n\t\t\t<\/dt><\/dl><dl class='gallery-item'>\n\t\t\t<dt class='gallery-icon portrait'>\n\t\t\t\t<a href='https:\/\/vosgesinfo.fr\/app\/uploads\/sites\/4\/2026\/04\/reception-hdv-projet-transfrontalier-lycees-baumonteckene-1.jpeg'><img decoding=\"async\" width=\"150\" height=\"150\" src=\"https:\/\/vosgesinfo.fr\/app\/uploads\/sites\/4\/2026\/04\/reception-hdv-projet-transfrontalier-lycees-baumonteckene-1-150x150.jpeg\" class=\"attachment-thumbnail size-thumbnail\" alt=\"\" aria-describedby=\"gallery-1-90796\" \/><\/a>\n\t\t\t<\/dt>\n\t\t\t\t<dd class='wp-caption-text gallery-caption' id='gallery-1-90796'>\n\t\t\t\t(Photographie lyc\u00e9e Georges-Baumont)\n\t\t\t\t<\/dd><\/dl><br style=\"clear: both\" \/>\n\t\t<\/div>\n\n","protected":false},"excerpt":{"rendered":"<p>Le lyc\u00e9e Georges-Baumont et la Hugo-Eckener-Schule de la ville jumel\u00e9e Friedrichshafen, en Allemagne, ont men\u00e9 un projet transfrontalier, culturel et [&hellip;]<\/p>\n","protected":false},"author":46,"featured_media":90802,"comment_status":"open","ping_status":"open","sticky":false,"template":"","format":"standard","meta":{"footnotes":""},"categories":[460,7847,6,167],"tags":[3413,21463,3176,3371,21464,21465,2881],"class_list":["post-90809","post","type-post","status-publish","format-standard","has-post-thumbnail","hentry","category-a-la-une","category-art-culture","category-education","category-saint-die-des-vosges","tag-friedrichshafen","tag-hugo-eckener-schule","tag-la-friche","tag-lycee-georges-baumont","tag-micro-cabanes","tag-projet-franco-allemand","tag-saint-die-des-vosges"],"acf":[],"yoast_head":"<!-- This site is optimized with the Yoast SEO plugin v22.5 - https:\/\/yoast.com\/wordpress\/plugins\/seo\/ -->\n<title>Le lyc\u00e9e Baumont renforce son jumelage avec la Hugo-Eckener-Schule de Friedrichshafen - Saint Die Info<\/title>\n<meta name=\"robots\" content=\"index, follow, max-snippet:-1, max-image-preview:large, max-video-preview:-1\" \/>\n<link rel=\"canonical\" href=\"https:\/\/vosgesinfo.fr\/saintdieinfo\/2026\/04\/le-lycee-baumont-renforce-son-jumelage-avec-la-hugo-eckener-schule-de-friedrichshafen\/\" \/>\n<meta name=\"twitter:card\" content=\"summary_large_image\" \/>\n<meta name=\"twitter:title\" content=\"Le lyc\u00e9e Baumont renforce son jumelage avec la Hugo-Eckener-Schule de Friedrichshafen - Saint Die Info\" \/>\n<meta name=\"twitter:description\" content=\"Le lyc\u00e9e Georges-Baumont et la Hugo-Eckener-Schule de la ville jumel\u00e9e Friedrichshafen, en Allemagne, ont men\u00e9 un projet transfrontalier, culturel et [&hellip;]\" \/>\n<meta name=\"twitter:image\" content=\"https:\/\/vosgesinfo.fr\/app\/uploads\/sites\/4\/2026\/04\/reception-hdv-projet-transfrontalier-lycees-baumonteckene-6.jpg\" \/>\n<meta name=\"twitter:creator\" content=\"@VosgesInfo88\" \/>\n<meta name=\"twitter:site\" content=\"@VosgesInfo88\" \/>\n<meta name=\"twitter:label1\" content=\"\u00c9crit par\" \/>\n\t<meta name=\"twitter:data1\" content=\"J.J.\" \/>\n\t<meta name=\"twitter:label2\" content=\"Dur\u00e9e de lecture estim\u00e9e\" \/>\n\t<meta name=\"twitter:data2\" content=\"3 minutes\" \/>\n<script type=\"application\/ld+json\" class=\"yoast-schema-graph\">{\"@context\":\"https:\/\/schema.org\",\"@graph\":[{\"@type\":\"Article\",\"@id\":\"https:\/\/vosgesinfo.fr\/saintdieinfo\/2026\/04\/le-lycee-baumont-renforce-son-jumelage-avec-la-hugo-eckener-schule-de-friedrichshafen\/#article\",\"isPartOf\":{\"@id\":\"https:\/\/vosgesinfo.fr\/saintdieinfo\/2026\/04\/le-lycee-baumont-renforce-son-jumelage-avec-la-hugo-eckener-schule-de-friedrichshafen\/\"},\"author\":{\"name\":\"J.J.\",\"@id\":\"https:\/\/vosgesinfo.fr\/saintdieinfo\/#\/schema\/person\/fa73e9f726d67bb88f46d5b7943cb572\"},\"headline\":\"Le lyc\u00e9e Baumont renforce son jumelage avec la Hugo-Eckener-Schule de Friedrichshafen\",\"datePublished\":\"2026-04-29T12:53:06+00:00\",\"dateModified\":\"2026-04-29T12:45:34+00:00\",\"mainEntityOfPage\":{\"@id\":\"https:\/\/vosgesinfo.fr\/saintdieinfo\/2026\/04\/le-lycee-baumont-renforce-son-jumelage-avec-la-hugo-eckener-schule-de-friedrichshafen\/\"},\"wordCount\":399,\"commentCount\":0,\"publisher\":{\"@id\":\"https:\/\/vosgesinfo.fr\/saintdieinfo\/#organization\"},\"image\":{\"@id\":\"https:\/\/vosgesinfo.fr\/saintdieinfo\/2026\/04\/le-lycee-baumont-renforce-son-jumelage-avec-la-hugo-eckener-schule-de-friedrichshafen\/#primaryimage\"},\"thumbnailUrl\":\"https:\/\/vosgesinfo.fr\/app\/uploads\/sites\/4\/2026\/04\/reception-hdv-projet-transfrontalier-lycees-baumonteckene-6.jpg\",\"keywords\":[\"Friedrichshafen\",\"Hugo-Eckener-Schule\",\"La Friche\",\"Lyc\u00e9e Georges-Baumont\",\"micro-cabanes\",\"projet franco-allemand\",\"Saint-Di\u00e9-des-Vosges\"],\"articleSection\":[\"A la Une\",\"Culture\",\"\u00c9ducation\",\"Saint-Di\u00e9-des-Vosges\"],\"inLanguage\":\"fr-FR\",\"potentialAction\":[{\"@type\":\"CommentAction\",\"name\":\"Comment\",\"target\":[\"https:\/\/vosgesinfo.fr\/saintdieinfo\/2026\/04\/le-lycee-baumont-renforce-son-jumelage-avec-la-hugo-eckener-schule-de-friedrichshafen\/#respond\"]}]},{\"@type\":\"WebPage\",\"@id\":\"https:\/\/vosgesinfo.fr\/saintdieinfo\/2026\/04\/le-lycee-baumont-renforce-son-jumelage-avec-la-hugo-eckener-schule-de-friedrichshafen\/\",\"url\":\"https:\/\/vosgesinfo.fr\/saintdieinfo\/2026\/04\/le-lycee-baumont-renforce-son-jumelage-avec-la-hugo-eckener-schule-de-friedrichshafen\/\",\"name\":\"Le lyc\u00e9e Baumont renforce son jumelage avec la Hugo-Eckener-Schule de Friedrichshafen - Saint Die Info\",\"isPartOf\":{\"@id\":\"https:\/\/vosgesinfo.fr\/saintdieinfo\/#website\"},\"primaryImageOfPage\":{\"@id\":\"https:\/\/vosgesinfo.fr\/saintdieinfo\/2026\/04\/le-lycee-baumont-renforce-son-jumelage-avec-la-hugo-eckener-schule-de-friedrichshafen\/#primaryimage\"},\"image\":{\"@id\":\"https:\/\/vosgesinfo.fr\/saintdieinfo\/2026\/04\/le-lycee-baumont-renforce-son-jumelage-avec-la-hugo-eckener-schule-de-friedrichshafen\/#primaryimage\"},\"thumbnailUrl\":\"https:\/\/vosgesinfo.fr\/app\/uploads\/sites\/4\/2026\/04\/reception-hdv-projet-transfrontalier-lycees-baumonteckene-6.jpg\",\"datePublished\":\"2026-04-29T12:53:06+00:00\",\"dateModified\":\"2026-04-29T12:45:34+00:00\",\"breadcrumb\":{\"@id\":\"https:\/\/vosgesinfo.fr\/saintdieinfo\/2026\/04\/le-lycee-baumont-renforce-son-jumelage-avec-la-hugo-eckener-schule-de-friedrichshafen\/#breadcrumb\"},\"inLanguage\":\"fr-FR\",\"potentialAction\":[{\"@type\":\"ReadAction\",\"target\":[\"https:\/\/vosgesinfo.fr\/saintdieinfo\/2026\/04\/le-lycee-baumont-renforce-son-jumelage-avec-la-hugo-eckener-schule-de-friedrichshafen\/\"]}]},{\"@type\":\"ImageObject\",\"inLanguage\":\"fr-FR\",\"@id\":\"https:\/\/vosgesinfo.fr\/saintdieinfo\/2026\/04\/le-lycee-baumont-renforce-son-jumelage-avec-la-hugo-eckener-schule-de-friedrichshafen\/#primaryimage\",\"url\":\"https:\/\/vosgesinfo.fr\/app\/uploads\/sites\/4\/2026\/04\/reception-hdv-projet-transfrontalier-lycees-baumonteckene-6.jpg\",\"contentUrl\":\"https:\/\/vosgesinfo.fr\/app\/uploads\/sites\/4\/2026\/04\/reception-hdv-projet-transfrontalier-lycees-baumonteckene-6.jpg\",\"width\":1920,\"height\":1446},{\"@type\":\"BreadcrumbList\",\"@id\":\"https:\/\/vosgesinfo.fr\/saintdieinfo\/2026\/04\/le-lycee-baumont-renforce-son-jumelage-avec-la-hugo-eckener-schule-de-friedrichshafen\/#breadcrumb\",\"itemListElement\":[{\"@type\":\"ListItem\",\"position\":1,\"name\":\"Home\",\"item\":\"https:\/\/vosgesinfo.fr\/saintdieinfo\/\"},{\"@type\":\"ListItem\",\"position\":2,\"name\":\"Le lyc\u00e9e Baumont renforce son jumelage avec la Hugo-Eckener-Schule de Friedrichshafen\"}]},{\"@type\":\"WebSite\",\"@id\":\"https:\/\/vosgesinfo.fr\/saintdieinfo\/#website\",\"url\":\"https:\/\/vosgesinfo.fr\/saintdieinfo\/\",\"name\":\"Saint Die Info\",\"description\":\"Toute l&#039;actualit\u00e9 de Saint-Di\u00e9-Des-Vosges\",\"publisher\":{\"@id\":\"https:\/\/vosgesinfo.fr\/saintdieinfo\/#organization\"},\"alternateName\":\"Toute l'actualit\u00e9 de Saint-Di\u00e9-Des-Vosges\",\"potentialAction\":[{\"@type\":\"SearchAction\",\"target\":{\"@type\":\"EntryPoint\",\"urlTemplate\":\"https:\/\/vosgesinfo.fr\/saintdieinfo\/?s={search_term_string}\"},\"query-input\":\"required name=search_term_string\"}],\"inLanguage\":\"fr-FR\"},{\"@type\":\"Organization\",\"@id\":\"https:\/\/vosgesinfo.fr\/saintdieinfo\/#organization\",\"name\":\"Saint Die Info\",\"url\":\"https:\/\/vosgesinfo.fr\/saintdieinfo\/\",\"logo\":{\"@type\":\"ImageObject\",\"inLanguage\":\"fr-FR\",\"@id\":\"https:\/\/vosgesinfo.fr\/saintdieinfo\/#\/schema\/logo\/image\/\",\"url\":\"https:\/\/vosgesinfo.fr\/app\/uploads\/sites\/4\/2024\/02\/logo-sdi.jpg\",\"contentUrl\":\"https:\/\/vosgesinfo.fr\/app\/uploads\/sites\/4\/2024\/02\/logo-sdi.jpg\",\"width\":600,\"height\":600,\"caption\":\"Saint Die Info\"},\"image\":{\"@id\":\"https:\/\/vosgesinfo.fr\/saintdieinfo\/#\/schema\/logo\/image\/\"},\"sameAs\":[\"https:\/\/www.facebook.com\/Saintdieinfofr\",\"https:\/\/x.com\/VosgesInfo88\",\"https:\/\/www.youtube.com\/@vosgesinfo\"]},{\"@type\":\"Person\",\"@id\":\"https:\/\/vosgesinfo.fr\/saintdieinfo\/#\/schema\/person\/fa73e9f726d67bb88f46d5b7943cb572\",\"name\":\"J.J.\",\"image\":{\"@type\":\"ImageObject\",\"inLanguage\":\"fr-FR\",\"@id\":\"https:\/\/vosgesinfo.fr\/saintdieinfo\/#\/schema\/person\/image\/\",\"url\":\"https:\/\/secure.gravatar.com\/avatar\/219e749e47ffbcca018a360ae4add7d4cdf1cdaaf8bc7676b27efade3fe65615?s=96&d=mm&r=g\",\"contentUrl\":\"https:\/\/secure.gravatar.com\/avatar\/219e749e47ffbcca018a360ae4add7d4cdf1cdaaf8bc7676b27efade3fe65615?s=96&d=mm&r=g\",\"caption\":\"J.J.\"},\"url\":\"https:\/\/vosgesinfo.fr\/saintdieinfo\/author\/j-j\/\"}]}<\/script>\n<!-- \/ Yoast SEO plugin. -->","yoast_head_json":{"title":"Le lyc\u00e9e Baumont renforce son jumelage avec la Hugo-Eckener-Schule de Friedrichshafen - Saint Die Info","robots":{"index":"index","follow":"follow","max-snippet":"max-snippet:-1","max-image-preview":"max-image-preview:large","max-video-preview":"max-video-preview:-1"},"canonical":"https:\/\/vosgesinfo.fr\/saintdieinfo\/2026\/04\/le-lycee-baumont-renforce-son-jumelage-avec-la-hugo-eckener-schule-de-friedrichshafen\/","twitter_card":"summary_large_image","twitter_title":"Le lyc\u00e9e Baumont renforce son jumelage avec la Hugo-Eckener-Schule de Friedrichshafen - Saint Die Info","twitter_description":"Le lyc\u00e9e Georges-Baumont et la Hugo-Eckener-Schule de la ville jumel\u00e9e Friedrichshafen, en Allemagne, ont men\u00e9 un projet transfrontalier, culturel et [&hellip;]","twitter_image":"https:\/\/vosgesinfo.fr\/app\/uploads\/sites\/4\/2026\/04\/reception-hdv-projet-transfrontalier-lycees-baumonteckene-6.jpg","twitter_creator":"@VosgesInfo88","twitter_site":"@VosgesInfo88","twitter_misc":{"\u00c9crit par":"J.J.","Dur\u00e9e de lecture estim\u00e9e":"3 minutes"},"schema":{"@context":"https:\/\/schema.org","@graph":[{"@type":"Article","@id":"https:\/\/vosgesinfo.fr\/saintdieinfo\/2026\/04\/le-lycee-baumont-renforce-son-jumelage-avec-la-hugo-eckener-schule-de-friedrichshafen\/#article","isPartOf":{"@id":"https:\/\/vosgesinfo.fr\/saintdieinfo\/2026\/04\/le-lycee-baumont-renforce-son-jumelage-avec-la-hugo-eckener-schule-de-friedrichshafen\/"},"author":{"name":"J.J.","@id":"https:\/\/vosgesinfo.fr\/saintdieinfo\/#\/schema\/person\/fa73e9f726d67bb88f46d5b7943cb572"},"headline":"Le lyc\u00e9e Baumont renforce son jumelage avec la Hugo-Eckener-Schule de Friedrichshafen","datePublished":"2026-04-29T12:53:06+00:00","dateModified":"2026-04-29T12:45:34+00:00","mainEntityOfPage":{"@id":"https:\/\/vosgesinfo.fr\/saintdieinfo\/2026\/04\/le-lycee-baumont-renforce-son-jumelage-avec-la-hugo-eckener-schule-de-friedrichshafen\/"},"wordCount":399,"commentCount":0,"publisher":{"@id":"https:\/\/vosgesinfo.fr\/saintdieinfo\/#organization"},"image":{"@id":"https:\/\/vosgesinfo.fr\/saintdieinfo\/2026\/04\/le-lycee-baumont-renforce-son-jumelage-avec-la-hugo-eckener-schule-de-friedrichshafen\/#primaryimage"},"thumbnailUrl":"https:\/\/vosgesinfo.fr\/app\/uploads\/sites\/4\/2026\/04\/reception-hdv-projet-transfrontalier-lycees-baumonteckene-6.jpg","keywords":["Friedrichshafen","Hugo-Eckener-Schule","La Friche","Lyc\u00e9e Georges-Baumont","micro-cabanes","projet franco-allemand","Saint-Di\u00e9-des-Vosges"],"articleSection":["A la Une","Culture","\u00c9ducation","Saint-Di\u00e9-des-Vosges"],"inLanguage":"fr-FR","potentialAction":[{"@type":"CommentAction","name":"Comment","target":["https:\/\/vosgesinfo.fr\/saintdieinfo\/2026\/04\/le-lycee-baumont-renforce-son-jumelage-avec-la-hugo-eckener-schule-de-friedrichshafen\/#respond"]}]},{"@type":"WebPage","@id":"https:\/\/vosgesinfo.fr\/saintdieinfo\/2026\/04\/le-lycee-baumont-renforce-son-jumelage-avec-la-hugo-eckener-schule-de-friedrichshafen\/","url":"https:\/\/vosgesinfo.fr\/saintdieinfo\/2026\/04\/le-lycee-baumont-renforce-son-jumelage-avec-la-hugo-eckener-schule-de-friedrichshafen\/","name":"Le lyc\u00e9e Baumont renforce son jumelage avec la Hugo-Eckener-Schule de Friedrichshafen - Saint Die Info","isPartOf":{"@id":"https:\/\/vosgesinfo.fr\/saintdieinfo\/#website"},"primaryImageOfPage":{"@id":"https:\/\/vosgesinfo.fr\/saintdieinfo\/2026\/04\/le-lycee-baumont-renforce-son-jumelage-avec-la-hugo-eckener-schule-de-friedrichshafen\/#primaryimage"},"image":{"@id":"https:\/\/vosgesinfo.fr\/saintdieinfo\/2026\/04\/le-lycee-baumont-renforce-son-jumelage-avec-la-hugo-eckener-schule-de-friedrichshafen\/#primaryimage"},"thumbnailUrl":"https:\/\/vosgesinfo.fr\/app\/uploads\/sites\/4\/2026\/04\/reception-hdv-projet-transfrontalier-lycees-baumonteckene-6.jpg","datePublished":"2026-04-29T12:53:06+00:00","dateModified":"2026-04-29T12:45:34+00:00","breadcrumb":{"@id":"https:\/\/vosgesinfo.fr\/saintdieinfo\/2026\/04\/le-lycee-baumont-renforce-son-jumelage-avec-la-hugo-eckener-schule-de-friedrichshafen\/#breadcrumb"},"inLanguage":"fr-FR","potentialAction":[{"@type":"ReadAction","target":["https:\/\/vosgesinfo.fr\/saintdieinfo\/2026\/04\/le-lycee-baumont-renforce-son-jumelage-avec-la-hugo-eckener-schule-de-friedrichshafen\/"]}]},{"@type":"ImageObject","inLanguage":"fr-FR","@id":"https:\/\/vosgesinfo.fr\/saintdieinfo\/2026\/04\/le-lycee-baumont-renforce-son-jumelage-avec-la-hugo-eckener-schule-de-friedrichshafen\/#primaryimage","url":"https:\/\/vosgesinfo.fr\/app\/uploads\/sites\/4\/2026\/04\/reception-hdv-projet-transfrontalier-lycees-baumonteckene-6.jpg","contentUrl":"https:\/\/vosgesinfo.fr\/app\/uploads\/sites\/4\/2026\/04\/reception-hdv-projet-transfrontalier-lycees-baumonteckene-6.jpg","width":1920,"height":1446},{"@type":"BreadcrumbList","@id":"https:\/\/vosgesinfo.fr\/saintdieinfo\/2026\/04\/le-lycee-baumont-renforce-son-jumelage-avec-la-hugo-eckener-schule-de-friedrichshafen\/#breadcrumb","itemListElement":[{"@type":"ListItem","position":1,"name":"Home","item":"https:\/\/vosgesinfo.fr\/saintdieinfo\/"},{"@type":"ListItem","position":2,"name":"Le lyc\u00e9e Baumont renforce son jumelage avec la Hugo-Eckener-Schule de Friedrichshafen"}]},{"@type":"WebSite","@id":"https:\/\/vosgesinfo.fr\/saintdieinfo\/#website","url":"https:\/\/vosgesinfo.fr\/saintdieinfo\/","name":"Saint Die Info","description":"Toute l&#039;actualit\u00e9 de Saint-Di\u00e9-Des-Vosges","publisher":{"@id":"https:\/\/vosgesinfo.fr\/saintdieinfo\/#organization"},"alternateName":"Toute l'actualit\u00e9 de Saint-Di\u00e9-Des-Vosges","potentialAction":[{"@type":"SearchAction","target":{"@type":"EntryPoint","urlTemplate":"https:\/\/vosgesinfo.fr\/saintdieinfo\/?s={search_term_string}"},"query-input":"required name=search_term_string"}],"inLanguage":"fr-FR"},{"@type":"Organization","@id":"https:\/\/vosgesinfo.fr\/saintdieinfo\/#organization","name":"Saint Die Info","url":"https:\/\/vosgesinfo.fr\/saintdieinfo\/","logo":{"@type":"ImageObject","inLanguage":"fr-FR","@id":"https:\/\/vosgesinfo.fr\/saintdieinfo\/#\/schema\/logo\/image\/","url":"https:\/\/vosgesinfo.fr\/app\/uploads\/sites\/4\/2024\/02\/logo-sdi.jpg","contentUrl":"https:\/\/vosgesinfo.fr\/app\/uploads\/sites\/4\/2024\/02\/logo-sdi.jpg","width":600,"height":600,"caption":"Saint Die Info"},"image":{"@id":"https:\/\/vosgesinfo.fr\/saintdieinfo\/#\/schema\/logo\/image\/"},"sameAs":["https:\/\/www.facebook.com\/Saintdieinfofr","https:\/\/x.com\/VosgesInfo88","https:\/\/www.youtube.com\/@vosgesinfo"]},{"@type":"Person","@id":"https:\/\/vosgesinfo.fr\/saintdieinfo\/#\/schema\/person\/fa73e9f726d67bb88f46d5b7943cb572","name":"J.J.","image":{"@type":"ImageObject","inLanguage":"fr-FR","@id":"https:\/\/vosgesinfo.fr\/saintdieinfo\/#\/schema\/person\/image\/","url":"https:\/\/secure.gravatar.com\/avatar\/219e749e47ffbcca018a360ae4add7d4cdf1cdaaf8bc7676b27efade3fe65615?s=96&d=mm&r=g","contentUrl":"https:\/\/secure.gravatar.com\/avatar\/219e749e47ffbcca018a360ae4add7d4cdf1cdaaf8bc7676b27efade3fe65615?s=96&d=mm&r=g","caption":"J.J."},"url":"https:\/\/vosgesinfo.fr\/saintdieinfo\/author\/j-j\/"}]}},"_links":{"self":[{"href":"https:\/\/vosgesinfo.fr\/saintdieinfo\/wp-json\/wp\/v2\/posts\/90809","targetHints":{"allow":["GET"]}}],"collection":[{"href":"https:\/\/vosgesinfo.fr\/saintdieinfo\/wp-json\/wp\/v2\/posts"}],"about":[{"href":"https:\/\/vosgesinfo.fr\/saintdieinfo\/wp-json\/wp\/v2\/types\/post"}],"author":[{"embeddable":true,"href":"https:\/\/vosgesinfo.fr\/saintdieinfo\/wp-json\/wp\/v2\/users\/46"}],"replies":[{"embeddable":true,"href":"https:\/\/vosgesinfo.fr\/saintdieinfo\/wp-json\/wp\/v2\/comments?post=90809"}],"version-history":[{"count":1,"href":"https:\/\/vosgesinfo.fr\/saintdieinfo\/wp-json\/wp\/v2\/posts\/90809\/revisions"}],"predecessor-version":[{"id":90811,"href":"https:\/\/vosgesinfo.fr\/saintdieinfo\/wp-json\/wp\/v2\/posts\/90809\/revisions\/90811"}],"wp:featuredmedia":[{"embeddable":true,"href":"https:\/\/vosgesinfo.fr\/saintdieinfo\/wp-json\/wp\/v2\/media\/90802"}],"wp:attachment":[{"href":"https:\/\/vosgesinfo.fr\/saintdieinfo\/wp-json\/wp\/v2\/media?parent=90809"}],"wp:term":[{"taxonomy":"category","embeddable":true,"href":"https:\/\/vosgesinfo.fr\/saintdieinfo\/wp-json\/wp\/v2\/categories?post=90809"},{"taxonomy":"post_tag","embeddable":true,"href":"https:\/\/vosgesinfo.fr\/saintdieinfo\/wp-json\/wp\/v2\/tags?post=90809"}],"curies":[{"name":"wp","href":"https:\/\/api.w.org\/{rel}","templated":true}]}}