{"id":90812,"date":"2026-04-29T12:33:32","date_gmt":"2026-04-29T10:33:32","guid":{"rendered":"https:\/\/vosgesinfo.fr\/saintdieinfo\/?p=90812"},"modified":"2026-04-29T11:51:14","modified_gmt":"2026-04-29T09:51:14","slug":"pffuit-le-nouveau-cd-pour-enfants-de-jean-michel-rey-sans-paroles","status":"publish","type":"post","link":"https:\/\/vosgesinfo.fr\/saintdieinfo\/2026\/04\/pffuit-le-nouveau-cd-pour-enfants-de-jean-michel-rey-sans-paroles\/","title":{"rendered":"Pffuit !, le nouveau CD pour enfants de Jean-Michel Rey&#8230; sans paroles"},"content":{"rendered":"<p><iframe loading=\"lazy\" title=\"Vid\u00e9o 1 ulule\" width=\"500\" height=\"281\" src=\"https:\/\/www.youtube.com\/embed\/Bo3_KtrO90c?feature=oembed\" frameborder=\"0\" allow=\"accelerometer; autoplay; clipboard-write; encrypted-media; gyroscope; picture-in-picture; web-share\" referrerpolicy=\"strict-origin-when-cross-origin\" allowfullscreen><\/iframe><\/p>\n<h2><strong>Jean-Michel Rey &amp; Compagnie<\/strong> revient avec <strong>Pffuit !<\/strong>, un nouveau CD destin\u00e9 aux <strong>enfants<\/strong> et \u00e0 <strong>toute la famille<\/strong>. L\u2019<strong>auteur-compositeur-musicien et chanteur d\u00e9odatien<\/strong>, qu\u2019on ne pr\u00e9sente plus en <strong>D\u00e9odatie<\/strong> et dans les <strong>Vosges<\/strong>, d\u00e9veloppe depuis 2001 un univers musical destin\u00e9 aux plus jeunes. Il compte d\u00e9j\u00e0 <strong>12 CD et livres-CD autoproduits<\/strong> \u00e0 son actif.<\/h2>\n<p><!--more--><\/p>\n<h3><strong>Treize chansons sans paroles<\/strong><\/h3>\n<p>Ce nouveau projet repose sur une id\u00e9e simple : <strong>chanter librement<\/strong>, <strong>sans paroles impos\u00e9es<\/strong>. Jean-Michel Rey est parti de moments partag\u00e9s avec ses <strong>petits-enfants<\/strong>, lors de <strong>promenades ou de jeux<\/strong>, o\u00f9 les chansons naissent parfois avec des mots invent\u00e9s, des sons ou m\u00eame sans texte.<\/p>\n<p>\u00c0 partir de notes audio enregistr\u00e9es au fil des id\u00e9es, il a retenu <strong>13 pistes<\/strong>, toutes construites avec une v\u00e9ritable structure musicale. Les morceaux s\u2019appuient sur des <strong>couplets, des refrains, des onomatop\u00e9es, des sifflements et des sons \u00e0 chantonner<\/strong>.<\/p>\n<h3><strong>Une grande libert\u00e9 musicale<\/strong><\/h3>\n<p>Avec Pffuit !, l\u2019id\u00e9e est de laisser chacun <strong>s\u2019approprier les chansons<\/strong>&#8230; <strong>sans se prendre la t\u00eate<\/strong>. Elles peuvent se chantonner avec des \u00ab la la la \u00bb, des \u00ab pom pom pom \u00bb, des \u00ab nananana \u00bb ou des \u00ab chabada \u00bb, et ceux qui le souhaitent peuvent aussi y ajouter leurs propres paroles.<\/p>\n<p>Cette libert\u00e9 se retrouve aussi dans les arrangements. Guitare, dobro, 12 cordes, mandoline, kabosy, fl\u00fbte \u00e0 bec, trompette, kazoo et plusieurs autres instruments nourrissent un CD qui traverse diff\u00e9rents styles, du <strong>blues \u00e0 la country, du folk \u00e0 l\u2019\u00e9lectro, du rap aux musiques du monde<\/strong>.<\/p>\n<p>Pour ce nouveau CD, Jean-Michel Rey s\u2019est entour\u00e9 de <strong>fid\u00e8les :<\/strong> <strong>Yacine El Fath, Micka\u00ebl Deparis, Michel Devard, Damien Fr\u00e9miot-Bourguer, Bernhard Ebster, J\u00e9r\u00e9my Borowski et Philippe Sponne<\/strong>.<\/p>\n<h3><strong>Un financement participatif sur Ulule<\/strong><\/h3>\n<p>Pour que le projet Pffuit ! se mat\u00e9rialise, un <strong>financement participatif<\/strong> a \u00e9t\u00e9 ouvert sur la plateforme <strong>Ulule<\/strong>. Actuellement, il reste <strong>10 jours<\/strong> pour atteindre l\u2019objectif fix\u00e9 \u00e0 <strong>3 000 euros<\/strong>. Cette somme doit servir \u00e0 financer l\u2019enregistrement studio, le mixage et le mastering, \u00e0 hauteur de <strong data-start=\"2094\" data-end=\"2109\">1 500 euros<\/strong>, ainsi que la cr\u00e9ation graphique, le design du bo\u00eetier, l\u2019impression, la gravure, l\u2019emballage et les droits de reproduction m\u00e9canique \u2013 SDRM \u2013, \u00e9galement \u00e0 hauteur de <strong data-start=\"2277\" data-end=\"2292\">1 500 euros<\/strong>. La somme r\u00e9colt\u00e9e s\u2019\u00e9l\u00e8ve actuellement \u00e0 <strong>2 055 euros<\/strong>. <a href=\"https:\/\/fr.ulule.com\/pffuit\/\" target=\"_blank\" rel=\"noopener\">Cliquer ici pour acc\u00e9der au financement participatif.<\/a><\/p>\n<p><a href=\"https:\/\/vosgesinfo.fr\/app\/uploads\/sites\/4\/2026\/04\/nouveau-cd-jean-michel-rey-pffuit-1.jpg\"><img decoding=\"async\" class=\"alignnone size-large wp-image-90814\" src=\"https:\/\/vosgesinfo.fr\/app\/uploads\/sites\/4\/2026\/04\/nouveau-cd-jean-michel-rey-pffuit-1-683x1024.jpg\" alt=\"\" width=\"683\" height=\"1024\" srcset=\"https:\/\/vosgesinfo.fr\/app\/uploads\/sites\/4\/2026\/04\/nouveau-cd-jean-michel-rey-pffuit-1-683x1024.jpg 683w, https:\/\/vosgesinfo.fr\/app\/uploads\/sites\/4\/2026\/04\/nouveau-cd-jean-michel-rey-pffuit-1-200x300.jpg 200w, https:\/\/vosgesinfo.fr\/app\/uploads\/sites\/4\/2026\/04\/nouveau-cd-jean-michel-rey-pffuit-1-768x1152.jpg 768w, https:\/\/vosgesinfo.fr\/app\/uploads\/sites\/4\/2026\/04\/nouveau-cd-jean-michel-rey-pffuit-1.jpg 1024w\" sizes=\"(max-width: 683px) 100vw, 683px\" \/><\/a><\/p>\n","protected":false},"excerpt":{"rendered":"<p>Jean-Michel Rey &amp; Compagnie revient avec Pffuit !, un nouveau CD destin\u00e9 aux enfants et \u00e0 toute la famille. L\u2019auteur-compositeur-musicien [&hellip;]<\/p>\n","protected":false},"author":46,"featured_media":90813,"comment_status":"open","ping_status":"open","sticky":false,"template":"","format":"standard","meta":{"footnotes":""},"categories":[460,7847,3532,167],"tags":[21468,3335,9463,21466,21469,21467,2474,43],"class_list":["post-90812","post","type-post","status-publish","format-standard","has-post-thumbnail","hentry","category-a-la-une","category-art-culture","category-enfants","category-saint-die-des-vosges","tag-cd-pour-enfants","tag-deodatie","tag-financement-participatif","tag-jean-michel-rey-compagnie","tag-musique-pour-enfants","tag-pffuit","tag-ulule","tag-vosges"],"acf":[],"yoast_head":"<!-- This site is optimized with the Yoast SEO plugin v22.5 - https:\/\/yoast.com\/wordpress\/plugins\/seo\/ -->\n<title>Pffuit !, le nouveau CD pour enfants de Jean-Michel Rey... sans paroles - Saint Die Info<\/title>\n<meta name=\"robots\" content=\"index, follow, max-snippet:-1, max-image-preview:large, max-video-preview:-1\" \/>\n<link rel=\"canonical\" href=\"https:\/\/vosgesinfo.fr\/saintdieinfo\/2026\/04\/pffuit-le-nouveau-cd-pour-enfants-de-jean-michel-rey-sans-paroles\/\" \/>\n<meta name=\"twitter:card\" content=\"summary_large_image\" \/>\n<meta name=\"twitter:title\" content=\"Pffuit !, le nouveau CD pour enfants de Jean-Michel Rey... sans paroles - Saint Die Info\" \/>\n<meta name=\"twitter:description\" content=\"Jean-Michel Rey &amp; Compagnie revient avec Pffuit !, un nouveau CD destin\u00e9 aux enfants et \u00e0 toute la famille. L\u2019auteur-compositeur-musicien [&hellip;]\" \/>\n<meta name=\"twitter:image\" content=\"https:\/\/vosgesinfo.fr\/app\/uploads\/sites\/4\/2026\/04\/nouveau-cd-jean-michel-rey-pffuit.jpg\" \/>\n<meta name=\"twitter:creator\" content=\"@VosgesInfo88\" \/>\n<meta name=\"twitter:site\" content=\"@VosgesInfo88\" \/>\n<meta name=\"twitter:label1\" content=\"\u00c9crit par\" \/>\n\t<meta name=\"twitter:data1\" content=\"J.J.\" \/>\n\t<meta name=\"twitter:label2\" content=\"Dur\u00e9e de lecture estim\u00e9e\" \/>\n\t<meta name=\"twitter:data2\" content=\"3 minutes\" \/>\n<script type=\"application\/ld+json\" class=\"yoast-schema-graph\">{\"@context\":\"https:\/\/schema.org\",\"@graph\":[{\"@type\":\"Article\",\"@id\":\"https:\/\/vosgesinfo.fr\/saintdieinfo\/2026\/04\/pffuit-le-nouveau-cd-pour-enfants-de-jean-michel-rey-sans-paroles\/#article\",\"isPartOf\":{\"@id\":\"https:\/\/vosgesinfo.fr\/saintdieinfo\/2026\/04\/pffuit-le-nouveau-cd-pour-enfants-de-jean-michel-rey-sans-paroles\/\"},\"author\":{\"name\":\"J.J.\",\"@id\":\"https:\/\/vosgesinfo.fr\/saintdieinfo\/#\/schema\/person\/fa73e9f726d67bb88f46d5b7943cb572\"},\"headline\":\"Pffuit !, le nouveau CD pour enfants de Jean-Michel Rey&#8230; sans paroles\",\"datePublished\":\"2026-04-29T10:33:32+00:00\",\"dateModified\":\"2026-04-29T09:51:14+00:00\",\"mainEntityOfPage\":{\"@id\":\"https:\/\/vosgesinfo.fr\/saintdieinfo\/2026\/04\/pffuit-le-nouveau-cd-pour-enfants-de-jean-michel-rey-sans-paroles\/\"},\"wordCount\":396,\"commentCount\":0,\"publisher\":{\"@id\":\"https:\/\/vosgesinfo.fr\/saintdieinfo\/#organization\"},\"image\":{\"@id\":\"https:\/\/vosgesinfo.fr\/saintdieinfo\/2026\/04\/pffuit-le-nouveau-cd-pour-enfants-de-jean-michel-rey-sans-paroles\/#primaryimage\"},\"thumbnailUrl\":\"https:\/\/vosgesinfo.fr\/app\/uploads\/sites\/4\/2026\/04\/nouveau-cd-jean-michel-rey-pffuit.jpg\",\"keywords\":[\"CD pour enfants\",\"D\u00e9odatie\",\"Financement participatif\",\"Jean-Michel Rey &amp; Compagnie\",\"musique pour enfants\",\"Pffuit\",\"Ulule\",\"vosges\"],\"articleSection\":[\"A la Une\",\"Culture\",\"Enfants\",\"Saint-Di\u00e9-des-Vosges\"],\"inLanguage\":\"fr-FR\",\"potentialAction\":[{\"@type\":\"CommentAction\",\"name\":\"Comment\",\"target\":[\"https:\/\/vosgesinfo.fr\/saintdieinfo\/2026\/04\/pffuit-le-nouveau-cd-pour-enfants-de-jean-michel-rey-sans-paroles\/#respond\"]}]},{\"@type\":\"WebPage\",\"@id\":\"https:\/\/vosgesinfo.fr\/saintdieinfo\/2026\/04\/pffuit-le-nouveau-cd-pour-enfants-de-jean-michel-rey-sans-paroles\/\",\"url\":\"https:\/\/vosgesinfo.fr\/saintdieinfo\/2026\/04\/pffuit-le-nouveau-cd-pour-enfants-de-jean-michel-rey-sans-paroles\/\",\"name\":\"Pffuit !, le nouveau CD pour enfants de Jean-Michel Rey... sans paroles - Saint Die Info\",\"isPartOf\":{\"@id\":\"https:\/\/vosgesinfo.fr\/saintdieinfo\/#website\"},\"primaryImageOfPage\":{\"@id\":\"https:\/\/vosgesinfo.fr\/saintdieinfo\/2026\/04\/pffuit-le-nouveau-cd-pour-enfants-de-jean-michel-rey-sans-paroles\/#primaryimage\"},\"image\":{\"@id\":\"https:\/\/vosgesinfo.fr\/saintdieinfo\/2026\/04\/pffuit-le-nouveau-cd-pour-enfants-de-jean-michel-rey-sans-paroles\/#primaryimage\"},\"thumbnailUrl\":\"https:\/\/vosgesinfo.fr\/app\/uploads\/sites\/4\/2026\/04\/nouveau-cd-jean-michel-rey-pffuit.jpg\",\"datePublished\":\"2026-04-29T10:33:32+00:00\",\"dateModified\":\"2026-04-29T09:51:14+00:00\",\"breadcrumb\":{\"@id\":\"https:\/\/vosgesinfo.fr\/saintdieinfo\/2026\/04\/pffuit-le-nouveau-cd-pour-enfants-de-jean-michel-rey-sans-paroles\/#breadcrumb\"},\"inLanguage\":\"fr-FR\",\"potentialAction\":[{\"@type\":\"ReadAction\",\"target\":[\"https:\/\/vosgesinfo.fr\/saintdieinfo\/2026\/04\/pffuit-le-nouveau-cd-pour-enfants-de-jean-michel-rey-sans-paroles\/\"]}]},{\"@type\":\"ImageObject\",\"inLanguage\":\"fr-FR\",\"@id\":\"https:\/\/vosgesinfo.fr\/saintdieinfo\/2026\/04\/pffuit-le-nouveau-cd-pour-enfants-de-jean-michel-rey-sans-paroles\/#primaryimage\",\"url\":\"https:\/\/vosgesinfo.fr\/app\/uploads\/sites\/4\/2026\/04\/nouveau-cd-jean-michel-rey-pffuit.jpg\",\"contentUrl\":\"https:\/\/vosgesinfo.fr\/app\/uploads\/sites\/4\/2026\/04\/nouveau-cd-jean-michel-rey-pffuit.jpg\",\"width\":1448,\"height\":1086,\"caption\":\"(Image modifi\u00e9e IA)\"},{\"@type\":\"BreadcrumbList\",\"@id\":\"https:\/\/vosgesinfo.fr\/saintdieinfo\/2026\/04\/pffuit-le-nouveau-cd-pour-enfants-de-jean-michel-rey-sans-paroles\/#breadcrumb\",\"itemListElement\":[{\"@type\":\"ListItem\",\"position\":1,\"name\":\"Home\",\"item\":\"https:\/\/vosgesinfo.fr\/saintdieinfo\/\"},{\"@type\":\"ListItem\",\"position\":2,\"name\":\"Pffuit !, le nouveau CD pour enfants de Jean-Michel Rey&#8230; sans paroles\"}]},{\"@type\":\"WebSite\",\"@id\":\"https:\/\/vosgesinfo.fr\/saintdieinfo\/#website\",\"url\":\"https:\/\/vosgesinfo.fr\/saintdieinfo\/\",\"name\":\"Saint Die Info\",\"description\":\"Toute l&#039;actualit\u00e9 de Saint-Di\u00e9-Des-Vosges\",\"publisher\":{\"@id\":\"https:\/\/vosgesinfo.fr\/saintdieinfo\/#organization\"},\"alternateName\":\"Toute l'actualit\u00e9 de Saint-Di\u00e9-Des-Vosges\",\"potentialAction\":[{\"@type\":\"SearchAction\",\"target\":{\"@type\":\"EntryPoint\",\"urlTemplate\":\"https:\/\/vosgesinfo.fr\/saintdieinfo\/?s={search_term_string}\"},\"query-input\":\"required name=search_term_string\"}],\"inLanguage\":\"fr-FR\"},{\"@type\":\"Organization\",\"@id\":\"https:\/\/vosgesinfo.fr\/saintdieinfo\/#organization\",\"name\":\"Saint Die Info\",\"url\":\"https:\/\/vosgesinfo.fr\/saintdieinfo\/\",\"logo\":{\"@type\":\"ImageObject\",\"inLanguage\":\"fr-FR\",\"@id\":\"https:\/\/vosgesinfo.fr\/saintdieinfo\/#\/schema\/logo\/image\/\",\"url\":\"https:\/\/vosgesinfo.fr\/app\/uploads\/sites\/4\/2024\/02\/logo-sdi.jpg\",\"contentUrl\":\"https:\/\/vosgesinfo.fr\/app\/uploads\/sites\/4\/2024\/02\/logo-sdi.jpg\",\"width\":600,\"height\":600,\"caption\":\"Saint Die Info\"},\"image\":{\"@id\":\"https:\/\/vosgesinfo.fr\/saintdieinfo\/#\/schema\/logo\/image\/\"},\"sameAs\":[\"https:\/\/www.facebook.com\/Saintdieinfofr\",\"https:\/\/x.com\/VosgesInfo88\",\"https:\/\/www.youtube.com\/@vosgesinfo\"]},{\"@type\":\"Person\",\"@id\":\"https:\/\/vosgesinfo.fr\/saintdieinfo\/#\/schema\/person\/fa73e9f726d67bb88f46d5b7943cb572\",\"name\":\"J.J.\",\"image\":{\"@type\":\"ImageObject\",\"inLanguage\":\"fr-FR\",\"@id\":\"https:\/\/vosgesinfo.fr\/saintdieinfo\/#\/schema\/person\/image\/\",\"url\":\"https:\/\/secure.gravatar.com\/avatar\/219e749e47ffbcca018a360ae4add7d4cdf1cdaaf8bc7676b27efade3fe65615?s=96&d=mm&r=g\",\"contentUrl\":\"https:\/\/secure.gravatar.com\/avatar\/219e749e47ffbcca018a360ae4add7d4cdf1cdaaf8bc7676b27efade3fe65615?s=96&d=mm&r=g\",\"caption\":\"J.J.\"},\"url\":\"https:\/\/vosgesinfo.fr\/saintdieinfo\/author\/j-j\/\"}]}<\/script>\n<!-- \/ Yoast SEO plugin. -->","yoast_head_json":{"title":"Pffuit !, le nouveau CD pour enfants de Jean-Michel Rey... sans paroles - Saint Die Info","robots":{"index":"index","follow":"follow","max-snippet":"max-snippet:-1","max-image-preview":"max-image-preview:large","max-video-preview":"max-video-preview:-1"},"canonical":"https:\/\/vosgesinfo.fr\/saintdieinfo\/2026\/04\/pffuit-le-nouveau-cd-pour-enfants-de-jean-michel-rey-sans-paroles\/","twitter_card":"summary_large_image","twitter_title":"Pffuit !, le nouveau CD pour enfants de Jean-Michel Rey... sans paroles - Saint Die Info","twitter_description":"Jean-Michel Rey &amp; Compagnie revient avec Pffuit !, un nouveau CD destin\u00e9 aux enfants et \u00e0 toute la famille. L\u2019auteur-compositeur-musicien [&hellip;]","twitter_image":"https:\/\/vosgesinfo.fr\/app\/uploads\/sites\/4\/2026\/04\/nouveau-cd-jean-michel-rey-pffuit.jpg","twitter_creator":"@VosgesInfo88","twitter_site":"@VosgesInfo88","twitter_misc":{"\u00c9crit par":"J.J.","Dur\u00e9e de lecture estim\u00e9e":"3 minutes"},"schema":{"@context":"https:\/\/schema.org","@graph":[{"@type":"Article","@id":"https:\/\/vosgesinfo.fr\/saintdieinfo\/2026\/04\/pffuit-le-nouveau-cd-pour-enfants-de-jean-michel-rey-sans-paroles\/#article","isPartOf":{"@id":"https:\/\/vosgesinfo.fr\/saintdieinfo\/2026\/04\/pffuit-le-nouveau-cd-pour-enfants-de-jean-michel-rey-sans-paroles\/"},"author":{"name":"J.J.","@id":"https:\/\/vosgesinfo.fr\/saintdieinfo\/#\/schema\/person\/fa73e9f726d67bb88f46d5b7943cb572"},"headline":"Pffuit !, le nouveau CD pour enfants de Jean-Michel Rey&#8230; sans paroles","datePublished":"2026-04-29T10:33:32+00:00","dateModified":"2026-04-29T09:51:14+00:00","mainEntityOfPage":{"@id":"https:\/\/vosgesinfo.fr\/saintdieinfo\/2026\/04\/pffuit-le-nouveau-cd-pour-enfants-de-jean-michel-rey-sans-paroles\/"},"wordCount":396,"commentCount":0,"publisher":{"@id":"https:\/\/vosgesinfo.fr\/saintdieinfo\/#organization"},"image":{"@id":"https:\/\/vosgesinfo.fr\/saintdieinfo\/2026\/04\/pffuit-le-nouveau-cd-pour-enfants-de-jean-michel-rey-sans-paroles\/#primaryimage"},"thumbnailUrl":"https:\/\/vosgesinfo.fr\/app\/uploads\/sites\/4\/2026\/04\/nouveau-cd-jean-michel-rey-pffuit.jpg","keywords":["CD pour enfants","D\u00e9odatie","Financement participatif","Jean-Michel Rey &amp; Compagnie","musique pour enfants","Pffuit","Ulule","vosges"],"articleSection":["A la Une","Culture","Enfants","Saint-Di\u00e9-des-Vosges"],"inLanguage":"fr-FR","potentialAction":[{"@type":"CommentAction","name":"Comment","target":["https:\/\/vosgesinfo.fr\/saintdieinfo\/2026\/04\/pffuit-le-nouveau-cd-pour-enfants-de-jean-michel-rey-sans-paroles\/#respond"]}]},{"@type":"WebPage","@id":"https:\/\/vosgesinfo.fr\/saintdieinfo\/2026\/04\/pffuit-le-nouveau-cd-pour-enfants-de-jean-michel-rey-sans-paroles\/","url":"https:\/\/vosgesinfo.fr\/saintdieinfo\/2026\/04\/pffuit-le-nouveau-cd-pour-enfants-de-jean-michel-rey-sans-paroles\/","name":"Pffuit !, le nouveau CD pour enfants de Jean-Michel Rey... sans paroles - Saint Die Info","isPartOf":{"@id":"https:\/\/vosgesinfo.fr\/saintdieinfo\/#website"},"primaryImageOfPage":{"@id":"https:\/\/vosgesinfo.fr\/saintdieinfo\/2026\/04\/pffuit-le-nouveau-cd-pour-enfants-de-jean-michel-rey-sans-paroles\/#primaryimage"},"image":{"@id":"https:\/\/vosgesinfo.fr\/saintdieinfo\/2026\/04\/pffuit-le-nouveau-cd-pour-enfants-de-jean-michel-rey-sans-paroles\/#primaryimage"},"thumbnailUrl":"https:\/\/vosgesinfo.fr\/app\/uploads\/sites\/4\/2026\/04\/nouveau-cd-jean-michel-rey-pffuit.jpg","datePublished":"2026-04-29T10:33:32+00:00","dateModified":"2026-04-29T09:51:14+00:00","breadcrumb":{"@id":"https:\/\/vosgesinfo.fr\/saintdieinfo\/2026\/04\/pffuit-le-nouveau-cd-pour-enfants-de-jean-michel-rey-sans-paroles\/#breadcrumb"},"inLanguage":"fr-FR","potentialAction":[{"@type":"ReadAction","target":["https:\/\/vosgesinfo.fr\/saintdieinfo\/2026\/04\/pffuit-le-nouveau-cd-pour-enfants-de-jean-michel-rey-sans-paroles\/"]}]},{"@type":"ImageObject","inLanguage":"fr-FR","@id":"https:\/\/vosgesinfo.fr\/saintdieinfo\/2026\/04\/pffuit-le-nouveau-cd-pour-enfants-de-jean-michel-rey-sans-paroles\/#primaryimage","url":"https:\/\/vosgesinfo.fr\/app\/uploads\/sites\/4\/2026\/04\/nouveau-cd-jean-michel-rey-pffuit.jpg","contentUrl":"https:\/\/vosgesinfo.fr\/app\/uploads\/sites\/4\/2026\/04\/nouveau-cd-jean-michel-rey-pffuit.jpg","width":1448,"height":1086,"caption":"(Image modifi\u00e9e IA)"},{"@type":"BreadcrumbList","@id":"https:\/\/vosgesinfo.fr\/saintdieinfo\/2026\/04\/pffuit-le-nouveau-cd-pour-enfants-de-jean-michel-rey-sans-paroles\/#breadcrumb","itemListElement":[{"@type":"ListItem","position":1,"name":"Home","item":"https:\/\/vosgesinfo.fr\/saintdieinfo\/"},{"@type":"ListItem","position":2,"name":"Pffuit !, le nouveau CD pour enfants de Jean-Michel Rey&#8230; sans paroles"}]},{"@type":"WebSite","@id":"https:\/\/vosgesinfo.fr\/saintdieinfo\/#website","url":"https:\/\/vosgesinfo.fr\/saintdieinfo\/","name":"Saint Die Info","description":"Toute l&#039;actualit\u00e9 de Saint-Di\u00e9-Des-Vosges","publisher":{"@id":"https:\/\/vosgesinfo.fr\/saintdieinfo\/#organization"},"alternateName":"Toute l'actualit\u00e9 de Saint-Di\u00e9-Des-Vosges","potentialAction":[{"@type":"SearchAction","target":{"@type":"EntryPoint","urlTemplate":"https:\/\/vosgesinfo.fr\/saintdieinfo\/?s={search_term_string}"},"query-input":"required name=search_term_string"}],"inLanguage":"fr-FR"},{"@type":"Organization","@id":"https:\/\/vosgesinfo.fr\/saintdieinfo\/#organization","name":"Saint Die Info","url":"https:\/\/vosgesinfo.fr\/saintdieinfo\/","logo":{"@type":"ImageObject","inLanguage":"fr-FR","@id":"https:\/\/vosgesinfo.fr\/saintdieinfo\/#\/schema\/logo\/image\/","url":"https:\/\/vosgesinfo.fr\/app\/uploads\/sites\/4\/2024\/02\/logo-sdi.jpg","contentUrl":"https:\/\/vosgesinfo.fr\/app\/uploads\/sites\/4\/2024\/02\/logo-sdi.jpg","width":600,"height":600,"caption":"Saint Die Info"},"image":{"@id":"https:\/\/vosgesinfo.fr\/saintdieinfo\/#\/schema\/logo\/image\/"},"sameAs":["https:\/\/www.facebook.com\/Saintdieinfofr","https:\/\/x.com\/VosgesInfo88","https:\/\/www.youtube.com\/@vosgesinfo"]},{"@type":"Person","@id":"https:\/\/vosgesinfo.fr\/saintdieinfo\/#\/schema\/person\/fa73e9f726d67bb88f46d5b7943cb572","name":"J.J.","image":{"@type":"ImageObject","inLanguage":"fr-FR","@id":"https:\/\/vosgesinfo.fr\/saintdieinfo\/#\/schema\/person\/image\/","url":"https:\/\/secure.gravatar.com\/avatar\/219e749e47ffbcca018a360ae4add7d4cdf1cdaaf8bc7676b27efade3fe65615?s=96&d=mm&r=g","contentUrl":"https:\/\/secure.gravatar.com\/avatar\/219e749e47ffbcca018a360ae4add7d4cdf1cdaaf8bc7676b27efade3fe65615?s=96&d=mm&r=g","caption":"J.J."},"url":"https:\/\/vosgesinfo.fr\/saintdieinfo\/author\/j-j\/"}]}},"_links":{"self":[{"href":"https:\/\/vosgesinfo.fr\/saintdieinfo\/wp-json\/wp\/v2\/posts\/90812","targetHints":{"allow":["GET"]}}],"collection":[{"href":"https:\/\/vosgesinfo.fr\/saintdieinfo\/wp-json\/wp\/v2\/posts"}],"about":[{"href":"https:\/\/vosgesinfo.fr\/saintdieinfo\/wp-json\/wp\/v2\/types\/post"}],"author":[{"embeddable":true,"href":"https:\/\/vosgesinfo.fr\/saintdieinfo\/wp-json\/wp\/v2\/users\/46"}],"replies":[{"embeddable":true,"href":"https:\/\/vosgesinfo.fr\/saintdieinfo\/wp-json\/wp\/v2\/comments?post=90812"}],"version-history":[{"count":5,"href":"https:\/\/vosgesinfo.fr\/saintdieinfo\/wp-json\/wp\/v2\/posts\/90812\/revisions"}],"predecessor-version":[{"id":90819,"href":"https:\/\/vosgesinfo.fr\/saintdieinfo\/wp-json\/wp\/v2\/posts\/90812\/revisions\/90819"}],"wp:featuredmedia":[{"embeddable":true,"href":"https:\/\/vosgesinfo.fr\/saintdieinfo\/wp-json\/wp\/v2\/media\/90813"}],"wp:attachment":[{"href":"https:\/\/vosgesinfo.fr\/saintdieinfo\/wp-json\/wp\/v2\/media?parent=90812"}],"wp:term":[{"taxonomy":"category","embeddable":true,"href":"https:\/\/vosgesinfo.fr\/saintdieinfo\/wp-json\/wp\/v2\/categories?post=90812"},{"taxonomy":"post_tag","embeddable":true,"href":"https:\/\/vosgesinfo.fr\/saintdieinfo\/wp-json\/wp\/v2\/tags?post=90812"}],"curies":[{"name":"wp","href":"https:\/\/api.w.org\/{rel}","templated":true}]}}