{"id":90823,"date":"2026-04-29T16:13:41","date_gmt":"2026-04-29T14:13:41","guid":{"rendered":"https:\/\/vosgesinfo.fr\/saintdieinfo\/?p=90823"},"modified":"2026-04-29T14:44:50","modified_gmt":"2026-04-29T12:44:50","slug":"un-mois-de-mai-tres-anime-se-prepare-a-corcieux","status":"publish","type":"post","link":"https:\/\/vosgesinfo.fr\/saintdieinfo\/2026\/04\/un-mois-de-mai-tres-anime-se-prepare-a-corcieux\/","title":{"rendered":"Un mois de mai tr\u00e8s anim\u00e9 se pr\u00e9pare \u00e0 Corcieux"},"content":{"rendered":"<p><a href=\"https:\/\/vosgesinfo.fr\/app\/uploads\/sites\/4\/2026\/04\/corcieux-10-ans-pole-culturel.jpg\"><img decoding=\"async\" class=\"alignnone size-large wp-image-90824\" src=\"https:\/\/vosgesinfo.fr\/app\/uploads\/sites\/4\/2026\/04\/corcieux-10-ans-pole-culturel-1024x683.jpg\" alt=\"\" width=\"1024\" height=\"683\" srcset=\"https:\/\/vosgesinfo.fr\/app\/uploads\/sites\/4\/2026\/04\/corcieux-10-ans-pole-culturel-1024x683.jpg 1024w, https:\/\/vosgesinfo.fr\/app\/uploads\/sites\/4\/2026\/04\/corcieux-10-ans-pole-culturel-300x200.jpg 300w, https:\/\/vosgesinfo.fr\/app\/uploads\/sites\/4\/2026\/04\/corcieux-10-ans-pole-culturel-768x512.jpg 768w, https:\/\/vosgesinfo.fr\/app\/uploads\/sites\/4\/2026\/04\/corcieux-10-ans-pole-culturel.jpg 1536w\" sizes=\"(max-width: 1024px) 100vw, 1024px\" \/><\/a><\/p>\n<h2>La commune de <strong>Corcieux<\/strong> vivra un <strong>mois de mai<\/strong> anim\u00e9, entre loto, th\u00e9\u00e2tre, c\u00e9r\u00e9monie patriotique, exposition, march\u00e9 aux puces, f\u00eate des voisins, anniversaire du P\u00f4le culturel et s\u00e9ances de cin\u00e9ma.<\/h2>\n<p><!--more--><\/p>\n<h3><strong>Plusieurs rendez-vous associatifs et culturels<\/strong><\/h3>\n<p>Le <strong>Loto du Muguet<\/strong> de l\u2019association <strong>C.L.E<\/strong> ouvrira le programme <strong>vendredi 1er mai<\/strong>, \u00e0 14 h, \u00e0 la salle des f\u00eates, avec buvette, petite restauration et r\u00e9servation conseill\u00e9e au 03-29-50-31-08. Le lendemain, <strong>samedi 2 mai<\/strong>, <strong>Les Baladins du Ban<\/strong> joueront \u00ab Family Business \u00bb \u00e0 20 h 30 \u00e0 la salle de cin\u00e9ma, au tarif de 8 euros.<\/p>\n<p><strong>Vendredi 8 mai<\/strong>, la c\u00e9r\u00e9monie patriotique se tiendra \u00e0 10 h 30 au monument aux morts de Corcieux, puis \u00e0 11 h \u00e0 celui de <strong>La Houssi\u00e8re<\/strong>. <strong>Samedi 23 et dimanche 24 mai<\/strong>, une exposition de peintures de <strong>Corcieux Art Plastique<\/strong> sera visible \u00e0 la salle multiactivit\u00e9s, en lien avec le march\u00e9 aux puces de l\u2019<strong>USFEN<\/strong> organis\u00e9 rue des Sports, sur les parkings et place de la Mairie, avec buvette et restauration.<\/p>\n<h3><strong>F\u00eate des voisins, anniversaire et cin\u00e9ma<\/strong><\/h3>\n<p><strong>Vendredi 29 mai<\/strong>, la F\u00eate des voisins de l\u2019association C.L.E se d\u00e9roulera en soir\u00e9e \u00e0 l\u2019<strong>Espace Robert Petit<\/strong>, avec animation DJ. <strong>Samedi 30 mai<\/strong>, le <strong>P\u00f4le culturel<\/strong> f\u00eatera ses 10 ans avec un go\u00fbter \u00e0 10 h, une conf\u00e9rence \u00ab La conqu\u00eate de l\u2019espace \u00bb \u00e0 17 h 30 au cin\u00e9ma, puis le spectacle \u00ab Je suis trop vert \u00bb \u00e0 20 h \u00e0 la salle des f\u00eates.<\/p>\n<p>Le cin\u00e9ma compl\u00e9tera le programme avec quatre s\u00e9ances : <strong>\u00ab Super Mario \u00bb mercredi 6 mai \u00e0 14 h 30, \u00ab I Swear \u00bb mercredi 6 mai \u00e0 20 h 30, \u00ab Compostelle \u00bb samedi 9 mai \u00e0 20 h 30 et \u00ab Pour le meilleur \u00bb samedi 30 mai \u00e0 20 h 30<\/strong>.<\/p>\n","protected":false},"excerpt":{"rendered":"<p>La commune de Corcieux vivra un mois de mai anim\u00e9, entre loto, th\u00e9\u00e2tre, c\u00e9r\u00e9monie patriotique, exposition, march\u00e9 aux puces, f\u00eate [&hellip;]<\/p>\n","protected":false},"author":46,"featured_media":90824,"comment_status":"open","ping_status":"open","sticky":false,"template":"","format":"standard","meta":{"footnotes":""},"categories":[460,3903,5391,20,17],"tags":[21471,19005,1824,21473,21472,21475,21474],"class_list":["post-90823","post","type-post","status-publish","format-standard","has-post-thumbnail","hentry","category-a-la-une","category-deodatie","category-gerardmer","category-loisirs","category-vie-associative","tag-animations-mai","tag-cinema-corcieux","tag-corcieux","tag-les-baladins-du-ban","tag-loto-du-muguet","tag-pole-culturel","tag-usfen"],"acf":[],"yoast_head":"<!-- This site is optimized with the Yoast SEO plugin v22.5 - https:\/\/yoast.com\/wordpress\/plugins\/seo\/ -->\n<title>Un mois de mai tr\u00e8s anim\u00e9 se pr\u00e9pare \u00e0 Corcieux - Saint Die Info<\/title>\n<meta name=\"robots\" content=\"index, follow, max-snippet:-1, max-image-preview:large, max-video-preview:-1\" \/>\n<link rel=\"canonical\" href=\"https:\/\/vosgesinfo.fr\/saintdieinfo\/2026\/04\/un-mois-de-mai-tres-anime-se-prepare-a-corcieux\/\" \/>\n<meta name=\"twitter:card\" content=\"summary_large_image\" \/>\n<meta name=\"twitter:title\" content=\"Un mois de mai tr\u00e8s anim\u00e9 se pr\u00e9pare \u00e0 Corcieux - Saint Die Info\" \/>\n<meta name=\"twitter:description\" content=\"La commune de Corcieux vivra un mois de mai anim\u00e9, entre loto, th\u00e9\u00e2tre, c\u00e9r\u00e9monie patriotique, exposition, march\u00e9 aux puces, f\u00eate [&hellip;]\" \/>\n<meta name=\"twitter:image\" content=\"https:\/\/vosgesinfo.fr\/app\/uploads\/sites\/4\/2026\/04\/corcieux-10-ans-pole-culturel.jpg\" \/>\n<meta name=\"twitter:creator\" content=\"@VosgesInfo88\" \/>\n<meta name=\"twitter:site\" content=\"@VosgesInfo88\" \/>\n<meta name=\"twitter:label1\" content=\"\u00c9crit par\" \/>\n\t<meta name=\"twitter:data1\" content=\"J.J.\" \/>\n\t<meta name=\"twitter:label2\" content=\"Dur\u00e9e de lecture estim\u00e9e\" \/>\n\t<meta name=\"twitter:data2\" content=\"2 minutes\" \/>\n<script type=\"application\/ld+json\" class=\"yoast-schema-graph\">{\"@context\":\"https:\/\/schema.org\",\"@graph\":[{\"@type\":\"Article\",\"@id\":\"https:\/\/vosgesinfo.fr\/saintdieinfo\/2026\/04\/un-mois-de-mai-tres-anime-se-prepare-a-corcieux\/#article\",\"isPartOf\":{\"@id\":\"https:\/\/vosgesinfo.fr\/saintdieinfo\/2026\/04\/un-mois-de-mai-tres-anime-se-prepare-a-corcieux\/\"},\"author\":{\"name\":\"J.J.\",\"@id\":\"https:\/\/vosgesinfo.fr\/saintdieinfo\/#\/schema\/person\/fa73e9f726d67bb88f46d5b7943cb572\"},\"headline\":\"Un mois de mai tr\u00e8s anim\u00e9 se pr\u00e9pare \u00e0 Corcieux\",\"datePublished\":\"2026-04-29T14:13:41+00:00\",\"dateModified\":\"2026-04-29T12:44:50+00:00\",\"mainEntityOfPage\":{\"@id\":\"https:\/\/vosgesinfo.fr\/saintdieinfo\/2026\/04\/un-mois-de-mai-tres-anime-se-prepare-a-corcieux\/\"},\"wordCount\":284,\"commentCount\":0,\"publisher\":{\"@id\":\"https:\/\/vosgesinfo.fr\/saintdieinfo\/#organization\"},\"image\":{\"@id\":\"https:\/\/vosgesinfo.fr\/saintdieinfo\/2026\/04\/un-mois-de-mai-tres-anime-se-prepare-a-corcieux\/#primaryimage\"},\"thumbnailUrl\":\"https:\/\/vosgesinfo.fr\/app\/uploads\/sites\/4\/2026\/04\/corcieux-10-ans-pole-culturel.jpg\",\"keywords\":[\"animations mai\",\"cin\u00e9ma Corcieux\",\"Corcieux\",\"Les Baladins du Ban\",\"Loto du Muguet\",\"P\u00f4le culturel\",\"USFEN\"],\"articleSection\":[\"A la Une\",\"D\u00e9odatie\",\"Gerardmer\",\"Loisirs\",\"Vie Associative\"],\"inLanguage\":\"fr-FR\",\"potentialAction\":[{\"@type\":\"CommentAction\",\"name\":\"Comment\",\"target\":[\"https:\/\/vosgesinfo.fr\/saintdieinfo\/2026\/04\/un-mois-de-mai-tres-anime-se-prepare-a-corcieux\/#respond\"]}]},{\"@type\":\"WebPage\",\"@id\":\"https:\/\/vosgesinfo.fr\/saintdieinfo\/2026\/04\/un-mois-de-mai-tres-anime-se-prepare-a-corcieux\/\",\"url\":\"https:\/\/vosgesinfo.fr\/saintdieinfo\/2026\/04\/un-mois-de-mai-tres-anime-se-prepare-a-corcieux\/\",\"name\":\"Un mois de mai tr\u00e8s anim\u00e9 se pr\u00e9pare \u00e0 Corcieux - Saint Die Info\",\"isPartOf\":{\"@id\":\"https:\/\/vosgesinfo.fr\/saintdieinfo\/#website\"},\"primaryImageOfPage\":{\"@id\":\"https:\/\/vosgesinfo.fr\/saintdieinfo\/2026\/04\/un-mois-de-mai-tres-anime-se-prepare-a-corcieux\/#primaryimage\"},\"image\":{\"@id\":\"https:\/\/vosgesinfo.fr\/saintdieinfo\/2026\/04\/un-mois-de-mai-tres-anime-se-prepare-a-corcieux\/#primaryimage\"},\"thumbnailUrl\":\"https:\/\/vosgesinfo.fr\/app\/uploads\/sites\/4\/2026\/04\/corcieux-10-ans-pole-culturel.jpg\",\"datePublished\":\"2026-04-29T14:13:41+00:00\",\"dateModified\":\"2026-04-29T12:44:50+00:00\",\"breadcrumb\":{\"@id\":\"https:\/\/vosgesinfo.fr\/saintdieinfo\/2026\/04\/un-mois-de-mai-tres-anime-se-prepare-a-corcieux\/#breadcrumb\"},\"inLanguage\":\"fr-FR\",\"potentialAction\":[{\"@type\":\"ReadAction\",\"target\":[\"https:\/\/vosgesinfo.fr\/saintdieinfo\/2026\/04\/un-mois-de-mai-tres-anime-se-prepare-a-corcieux\/\"]}]},{\"@type\":\"ImageObject\",\"inLanguage\":\"fr-FR\",\"@id\":\"https:\/\/vosgesinfo.fr\/saintdieinfo\/2026\/04\/un-mois-de-mai-tres-anime-se-prepare-a-corcieux\/#primaryimage\",\"url\":\"https:\/\/vosgesinfo.fr\/app\/uploads\/sites\/4\/2026\/04\/corcieux-10-ans-pole-culturel.jpg\",\"contentUrl\":\"https:\/\/vosgesinfo.fr\/app\/uploads\/sites\/4\/2026\/04\/corcieux-10-ans-pole-culturel.jpg\",\"width\":1536,\"height\":1024},{\"@type\":\"BreadcrumbList\",\"@id\":\"https:\/\/vosgesinfo.fr\/saintdieinfo\/2026\/04\/un-mois-de-mai-tres-anime-se-prepare-a-corcieux\/#breadcrumb\",\"itemListElement\":[{\"@type\":\"ListItem\",\"position\":1,\"name\":\"Home\",\"item\":\"https:\/\/vosgesinfo.fr\/saintdieinfo\/\"},{\"@type\":\"ListItem\",\"position\":2,\"name\":\"Un mois de mai tr\u00e8s anim\u00e9 se pr\u00e9pare \u00e0 Corcieux\"}]},{\"@type\":\"WebSite\",\"@id\":\"https:\/\/vosgesinfo.fr\/saintdieinfo\/#website\",\"url\":\"https:\/\/vosgesinfo.fr\/saintdieinfo\/\",\"name\":\"Saint Die Info\",\"description\":\"Toute l&#039;actualit\u00e9 de Saint-Di\u00e9-Des-Vosges\",\"publisher\":{\"@id\":\"https:\/\/vosgesinfo.fr\/saintdieinfo\/#organization\"},\"alternateName\":\"Toute l'actualit\u00e9 de Saint-Di\u00e9-Des-Vosges\",\"potentialAction\":[{\"@type\":\"SearchAction\",\"target\":{\"@type\":\"EntryPoint\",\"urlTemplate\":\"https:\/\/vosgesinfo.fr\/saintdieinfo\/?s={search_term_string}\"},\"query-input\":\"required name=search_term_string\"}],\"inLanguage\":\"fr-FR\"},{\"@type\":\"Organization\",\"@id\":\"https:\/\/vosgesinfo.fr\/saintdieinfo\/#organization\",\"name\":\"Saint Die Info\",\"url\":\"https:\/\/vosgesinfo.fr\/saintdieinfo\/\",\"logo\":{\"@type\":\"ImageObject\",\"inLanguage\":\"fr-FR\",\"@id\":\"https:\/\/vosgesinfo.fr\/saintdieinfo\/#\/schema\/logo\/image\/\",\"url\":\"https:\/\/vosgesinfo.fr\/app\/uploads\/sites\/4\/2024\/02\/logo-sdi.jpg\",\"contentUrl\":\"https:\/\/vosgesinfo.fr\/app\/uploads\/sites\/4\/2024\/02\/logo-sdi.jpg\",\"width\":600,\"height\":600,\"caption\":\"Saint Die Info\"},\"image\":{\"@id\":\"https:\/\/vosgesinfo.fr\/saintdieinfo\/#\/schema\/logo\/image\/\"},\"sameAs\":[\"https:\/\/www.facebook.com\/Saintdieinfofr\",\"https:\/\/x.com\/VosgesInfo88\",\"https:\/\/www.youtube.com\/@vosgesinfo\"]},{\"@type\":\"Person\",\"@id\":\"https:\/\/vosgesinfo.fr\/saintdieinfo\/#\/schema\/person\/fa73e9f726d67bb88f46d5b7943cb572\",\"name\":\"J.J.\",\"image\":{\"@type\":\"ImageObject\",\"inLanguage\":\"fr-FR\",\"@id\":\"https:\/\/vosgesinfo.fr\/saintdieinfo\/#\/schema\/person\/image\/\",\"url\":\"https:\/\/secure.gravatar.com\/avatar\/219e749e47ffbcca018a360ae4add7d4cdf1cdaaf8bc7676b27efade3fe65615?s=96&d=mm&r=g\",\"contentUrl\":\"https:\/\/secure.gravatar.com\/avatar\/219e749e47ffbcca018a360ae4add7d4cdf1cdaaf8bc7676b27efade3fe65615?s=96&d=mm&r=g\",\"caption\":\"J.J.\"},\"url\":\"https:\/\/vosgesinfo.fr\/saintdieinfo\/author\/j-j\/\"}]}<\/script>\n<!-- \/ Yoast SEO plugin. -->","yoast_head_json":{"title":"Un mois de mai tr\u00e8s anim\u00e9 se pr\u00e9pare \u00e0 Corcieux - Saint Die Info","robots":{"index":"index","follow":"follow","max-snippet":"max-snippet:-1","max-image-preview":"max-image-preview:large","max-video-preview":"max-video-preview:-1"},"canonical":"https:\/\/vosgesinfo.fr\/saintdieinfo\/2026\/04\/un-mois-de-mai-tres-anime-se-prepare-a-corcieux\/","twitter_card":"summary_large_image","twitter_title":"Un mois de mai tr\u00e8s anim\u00e9 se pr\u00e9pare \u00e0 Corcieux - Saint Die Info","twitter_description":"La commune de Corcieux vivra un mois de mai anim\u00e9, entre loto, th\u00e9\u00e2tre, c\u00e9r\u00e9monie patriotique, exposition, march\u00e9 aux puces, f\u00eate [&hellip;]","twitter_image":"https:\/\/vosgesinfo.fr\/app\/uploads\/sites\/4\/2026\/04\/corcieux-10-ans-pole-culturel.jpg","twitter_creator":"@VosgesInfo88","twitter_site":"@VosgesInfo88","twitter_misc":{"\u00c9crit par":"J.J.","Dur\u00e9e de lecture estim\u00e9e":"2 minutes"},"schema":{"@context":"https:\/\/schema.org","@graph":[{"@type":"Article","@id":"https:\/\/vosgesinfo.fr\/saintdieinfo\/2026\/04\/un-mois-de-mai-tres-anime-se-prepare-a-corcieux\/#article","isPartOf":{"@id":"https:\/\/vosgesinfo.fr\/saintdieinfo\/2026\/04\/un-mois-de-mai-tres-anime-se-prepare-a-corcieux\/"},"author":{"name":"J.J.","@id":"https:\/\/vosgesinfo.fr\/saintdieinfo\/#\/schema\/person\/fa73e9f726d67bb88f46d5b7943cb572"},"headline":"Un mois de mai tr\u00e8s anim\u00e9 se pr\u00e9pare \u00e0 Corcieux","datePublished":"2026-04-29T14:13:41+00:00","dateModified":"2026-04-29T12:44:50+00:00","mainEntityOfPage":{"@id":"https:\/\/vosgesinfo.fr\/saintdieinfo\/2026\/04\/un-mois-de-mai-tres-anime-se-prepare-a-corcieux\/"},"wordCount":284,"commentCount":0,"publisher":{"@id":"https:\/\/vosgesinfo.fr\/saintdieinfo\/#organization"},"image":{"@id":"https:\/\/vosgesinfo.fr\/saintdieinfo\/2026\/04\/un-mois-de-mai-tres-anime-se-prepare-a-corcieux\/#primaryimage"},"thumbnailUrl":"https:\/\/vosgesinfo.fr\/app\/uploads\/sites\/4\/2026\/04\/corcieux-10-ans-pole-culturel.jpg","keywords":["animations mai","cin\u00e9ma Corcieux","Corcieux","Les Baladins du Ban","Loto du Muguet","P\u00f4le culturel","USFEN"],"articleSection":["A la Une","D\u00e9odatie","Gerardmer","Loisirs","Vie Associative"],"inLanguage":"fr-FR","potentialAction":[{"@type":"CommentAction","name":"Comment","target":["https:\/\/vosgesinfo.fr\/saintdieinfo\/2026\/04\/un-mois-de-mai-tres-anime-se-prepare-a-corcieux\/#respond"]}]},{"@type":"WebPage","@id":"https:\/\/vosgesinfo.fr\/saintdieinfo\/2026\/04\/un-mois-de-mai-tres-anime-se-prepare-a-corcieux\/","url":"https:\/\/vosgesinfo.fr\/saintdieinfo\/2026\/04\/un-mois-de-mai-tres-anime-se-prepare-a-corcieux\/","name":"Un mois de mai tr\u00e8s anim\u00e9 se pr\u00e9pare \u00e0 Corcieux - Saint Die Info","isPartOf":{"@id":"https:\/\/vosgesinfo.fr\/saintdieinfo\/#website"},"primaryImageOfPage":{"@id":"https:\/\/vosgesinfo.fr\/saintdieinfo\/2026\/04\/un-mois-de-mai-tres-anime-se-prepare-a-corcieux\/#primaryimage"},"image":{"@id":"https:\/\/vosgesinfo.fr\/saintdieinfo\/2026\/04\/un-mois-de-mai-tres-anime-se-prepare-a-corcieux\/#primaryimage"},"thumbnailUrl":"https:\/\/vosgesinfo.fr\/app\/uploads\/sites\/4\/2026\/04\/corcieux-10-ans-pole-culturel.jpg","datePublished":"2026-04-29T14:13:41+00:00","dateModified":"2026-04-29T12:44:50+00:00","breadcrumb":{"@id":"https:\/\/vosgesinfo.fr\/saintdieinfo\/2026\/04\/un-mois-de-mai-tres-anime-se-prepare-a-corcieux\/#breadcrumb"},"inLanguage":"fr-FR","potentialAction":[{"@type":"ReadAction","target":["https:\/\/vosgesinfo.fr\/saintdieinfo\/2026\/04\/un-mois-de-mai-tres-anime-se-prepare-a-corcieux\/"]}]},{"@type":"ImageObject","inLanguage":"fr-FR","@id":"https:\/\/vosgesinfo.fr\/saintdieinfo\/2026\/04\/un-mois-de-mai-tres-anime-se-prepare-a-corcieux\/#primaryimage","url":"https:\/\/vosgesinfo.fr\/app\/uploads\/sites\/4\/2026\/04\/corcieux-10-ans-pole-culturel.jpg","contentUrl":"https:\/\/vosgesinfo.fr\/app\/uploads\/sites\/4\/2026\/04\/corcieux-10-ans-pole-culturel.jpg","width":1536,"height":1024},{"@type":"BreadcrumbList","@id":"https:\/\/vosgesinfo.fr\/saintdieinfo\/2026\/04\/un-mois-de-mai-tres-anime-se-prepare-a-corcieux\/#breadcrumb","itemListElement":[{"@type":"ListItem","position":1,"name":"Home","item":"https:\/\/vosgesinfo.fr\/saintdieinfo\/"},{"@type":"ListItem","position":2,"name":"Un mois de mai tr\u00e8s anim\u00e9 se pr\u00e9pare \u00e0 Corcieux"}]},{"@type":"WebSite","@id":"https:\/\/vosgesinfo.fr\/saintdieinfo\/#website","url":"https:\/\/vosgesinfo.fr\/saintdieinfo\/","name":"Saint Die Info","description":"Toute l&#039;actualit\u00e9 de Saint-Di\u00e9-Des-Vosges","publisher":{"@id":"https:\/\/vosgesinfo.fr\/saintdieinfo\/#organization"},"alternateName":"Toute l'actualit\u00e9 de Saint-Di\u00e9-Des-Vosges","potentialAction":[{"@type":"SearchAction","target":{"@type":"EntryPoint","urlTemplate":"https:\/\/vosgesinfo.fr\/saintdieinfo\/?s={search_term_string}"},"query-input":"required name=search_term_string"}],"inLanguage":"fr-FR"},{"@type":"Organization","@id":"https:\/\/vosgesinfo.fr\/saintdieinfo\/#organization","name":"Saint Die Info","url":"https:\/\/vosgesinfo.fr\/saintdieinfo\/","logo":{"@type":"ImageObject","inLanguage":"fr-FR","@id":"https:\/\/vosgesinfo.fr\/saintdieinfo\/#\/schema\/logo\/image\/","url":"https:\/\/vosgesinfo.fr\/app\/uploads\/sites\/4\/2024\/02\/logo-sdi.jpg","contentUrl":"https:\/\/vosgesinfo.fr\/app\/uploads\/sites\/4\/2024\/02\/logo-sdi.jpg","width":600,"height":600,"caption":"Saint Die Info"},"image":{"@id":"https:\/\/vosgesinfo.fr\/saintdieinfo\/#\/schema\/logo\/image\/"},"sameAs":["https:\/\/www.facebook.com\/Saintdieinfofr","https:\/\/x.com\/VosgesInfo88","https:\/\/www.youtube.com\/@vosgesinfo"]},{"@type":"Person","@id":"https:\/\/vosgesinfo.fr\/saintdieinfo\/#\/schema\/person\/fa73e9f726d67bb88f46d5b7943cb572","name":"J.J.","image":{"@type":"ImageObject","inLanguage":"fr-FR","@id":"https:\/\/vosgesinfo.fr\/saintdieinfo\/#\/schema\/person\/image\/","url":"https:\/\/secure.gravatar.com\/avatar\/219e749e47ffbcca018a360ae4add7d4cdf1cdaaf8bc7676b27efade3fe65615?s=96&d=mm&r=g","contentUrl":"https:\/\/secure.gravatar.com\/avatar\/219e749e47ffbcca018a360ae4add7d4cdf1cdaaf8bc7676b27efade3fe65615?s=96&d=mm&r=g","caption":"J.J."},"url":"https:\/\/vosgesinfo.fr\/saintdieinfo\/author\/j-j\/"}]}},"_links":{"self":[{"href":"https:\/\/vosgesinfo.fr\/saintdieinfo\/wp-json\/wp\/v2\/posts\/90823","targetHints":{"allow":["GET"]}}],"collection":[{"href":"https:\/\/vosgesinfo.fr\/saintdieinfo\/wp-json\/wp\/v2\/posts"}],"about":[{"href":"https:\/\/vosgesinfo.fr\/saintdieinfo\/wp-json\/wp\/v2\/types\/post"}],"author":[{"embeddable":true,"href":"https:\/\/vosgesinfo.fr\/saintdieinfo\/wp-json\/wp\/v2\/users\/46"}],"replies":[{"embeddable":true,"href":"https:\/\/vosgesinfo.fr\/saintdieinfo\/wp-json\/wp\/v2\/comments?post=90823"}],"version-history":[{"count":1,"href":"https:\/\/vosgesinfo.fr\/saintdieinfo\/wp-json\/wp\/v2\/posts\/90823\/revisions"}],"predecessor-version":[{"id":90825,"href":"https:\/\/vosgesinfo.fr\/saintdieinfo\/wp-json\/wp\/v2\/posts\/90823\/revisions\/90825"}],"wp:featuredmedia":[{"embeddable":true,"href":"https:\/\/vosgesinfo.fr\/saintdieinfo\/wp-json\/wp\/v2\/media\/90824"}],"wp:attachment":[{"href":"https:\/\/vosgesinfo.fr\/saintdieinfo\/wp-json\/wp\/v2\/media?parent=90823"}],"wp:term":[{"taxonomy":"category","embeddable":true,"href":"https:\/\/vosgesinfo.fr\/saintdieinfo\/wp-json\/wp\/v2\/categories?post=90823"},{"taxonomy":"post_tag","embeddable":true,"href":"https:\/\/vosgesinfo.fr\/saintdieinfo\/wp-json\/wp\/v2\/tags?post=90823"}],"curies":[{"name":"wp","href":"https:\/\/api.w.org\/{rel}","templated":true}]}}