{"id":90826,"date":"2026-04-30T06:33:16","date_gmt":"2026-04-30T04:33:16","guid":{"rendered":"https:\/\/vosgesinfo.fr\/saintdieinfo\/?p=90826"},"modified":"2026-04-29T18:20:27","modified_gmt":"2026-04-29T16:20:27","slug":"a-la-boussole-une-exposition-retrace-la-rafle-du-vel-dhiv-sous-le-trait-de-cabu","status":"publish","type":"post","link":"https:\/\/vosgesinfo.fr\/saintdieinfo\/2026\/04\/a-la-boussole-une-exposition-retrace-la-rafle-du-vel-dhiv-sous-le-trait-de-cabu\/","title":{"rendered":"\u00c0 La Boussole, une exposition retrace la rafle du Vel d\u2019Hiv sous le trait de Cabu"},"content":{"rendered":"<p><a href=\"https:\/\/vosgesinfo.fr\/app\/uploads\/sites\/4\/2026\/04\/exposition-la-boussole-cabu-vel-dhiv-1.jpg\"><img decoding=\"async\" class=\"alignnone size-large wp-image-90831\" src=\"https:\/\/vosgesinfo.fr\/app\/uploads\/sites\/4\/2026\/04\/exposition-la-boussole-cabu-vel-dhiv-1-1024x771.jpg\" alt=\"\" width=\"1024\" height=\"771\" srcset=\"https:\/\/vosgesinfo.fr\/app\/uploads\/sites\/4\/2026\/04\/exposition-la-boussole-cabu-vel-dhiv-1-1024x771.jpg 1024w, https:\/\/vosgesinfo.fr\/app\/uploads\/sites\/4\/2026\/04\/exposition-la-boussole-cabu-vel-dhiv-1-300x226.jpg 300w, https:\/\/vosgesinfo.fr\/app\/uploads\/sites\/4\/2026\/04\/exposition-la-boussole-cabu-vel-dhiv-1-768x578.jpg 768w, https:\/\/vosgesinfo.fr\/app\/uploads\/sites\/4\/2026\/04\/exposition-la-boussole-cabu-vel-dhiv-1-1536x1157.jpg 1536w, https:\/\/vosgesinfo.fr\/app\/uploads\/sites\/4\/2026\/04\/exposition-la-boussole-cabu-vel-dhiv-1.jpg 1920w\" sizes=\"(max-width: 1024px) 100vw, 1024px\" \/><\/a><\/p>\n<h2>L\u2019exposition <strong>\u00ab Cabu, dessins de la rafle du Vel d\u2019Hiv \u00bb<\/strong> fait escale \u00e0 <strong>La Boussole<\/strong>, \u00e0 <strong>Saint-Di\u00e9-des-Vosges<\/strong>, apr\u00e8s une premi\u00e8re \u00e9tape \u00e0 <strong>Ch\u00e2lons-sur-Marne<\/strong>, ville natale de <strong>Jean Cabut, alias Cabu<\/strong>. Pr\u00e9sent\u00e9e en partenariat avec <strong>la Librairie Le Neuf et la section d\u00e9odatienne de la F\u00e9d\u00e9ration nationale des d\u00e9port\u00e9s et intern\u00e9s r\u00e9sistants et patriotes \u2013 FNDIRP \u2013<\/strong>, elle est \u00e0 d\u00e9couvrir jusqu\u2019au 30 mai. Des visites scolaires sont \u00e9galement pr\u00e9vues avec des coll\u00e9giens et lyc\u00e9ens des \u00e9tablissements <strong>Jules-Ferry, Souhait et Vautrin-Lud<\/strong>.<\/h2>\n<p><!--more--><\/p>\n<h3><strong>Vingt-quatre panneaux autour de la rafle du Vel d\u2019Hiv et du travail de Cabu<\/strong><\/h3>\n<p>L\u2019exposition r\u00e9unit <strong>24 panneaux<\/strong>. Une partie revient sur la <strong>rafle du Vel d\u2019Hiv<\/strong>, l\u2019autre sur le travail de Cabu autour de l\u2019un des \u00e9pisodes les plus <strong>tragiques<\/strong> de l\u2019histoire de France. Au printemps 1967, le magazine <strong>Le Nouveau Candide<\/strong> publie les bonnes feuilles de La Grande rafle du Vel d\u2019Hiv 16 juillet 1942, de <strong>Claude L\u00e9vy<\/strong> et <strong>Paul Tillard<\/strong>. Pour illustrer cette s\u00e9rie en cinq \u00e9pisodes, la r\u00e9daction fait appel \u00e0 Jean Cabut, alors \u00e2g\u00e9 de 29 ans.<\/p>\n<h3><strong>Le livre qui r\u00e9v\u00e8le le r\u00f4le de Vichy<\/strong><\/h3>\n<p>L\u2019ouvrage de Claude L\u00e9vy et Paul Tillard retrace, \u00e0 partir de documents et de t\u00e9moignages, le d\u00e9roulement de la rafle et l\u2019enfermement au <strong>V\u00e9lodrome d\u2019Hiver<\/strong> de plus de <strong>8 000<\/strong> des quelque <strong>13 000 victimes<\/strong> des arrestations. En mettant en lumi\u00e8re le r\u00f4le de la <strong>police fran\u00e7aise<\/strong> et du <strong>gouvernement de Vichy<\/strong> dans la <strong>d\u00e9portation des Juifs par les nazis<\/strong>, le livre marque l\u2019opinion. Pour Cabu, cette d\u00e9couverte constitue aussi un choc, qu\u2019il traduit par le dessin.<\/p>\n<h3><strong>Une rencontre avec Laurent Joly le 23 mai<\/strong><\/h3>\n<p>En marge de l\u2019exposition, une rencontre sera organis\u00e9e <strong>samedi 23 mai<\/strong> \u00e0 10 h 45 avec <strong>Laurent Joly<\/strong>, historien sp\u00e9cialiste de la Collaboration et du r\u00e9gime de Vichy. Elle sera anim\u00e9e par <strong>Vianney Huguenot<\/strong>, en pr\u00e9sence de <strong>V\u00e9ronique Cabut<\/strong>, \u00e9pouse de Cabu.<\/p>\n<h3><strong>Les 16 et 17 juillet 1942, pr\u00e8s de 13 000 Juifs arr\u00eat\u00e9s puis d\u00e9port\u00e9s<\/strong><\/h3>\n<p>Les <strong>16 et 17 juillet 1942<\/strong>, <strong>12 884 Juifs<\/strong> ont \u00e9t\u00e9 arr\u00eat\u00e9s lors de la rafle du Vel d\u2019Hiv, avant d\u2019\u00eatre d\u00e9port\u00e9s dans les camps nazis pour y \u00eatre assassin\u00e9s. Les arrestations ont \u00e9t\u00e9 men\u00e9es sous l\u2019autorit\u00e9 de la police fran\u00e7aise, alors engag\u00e9e dans la <strong>collaboration avec l\u2019Allemagne du Troisi\u00e8me Reich<\/strong>. Ce n\u2019est qu\u2019en 1967 que la France prend largement connaissance de cette rafle.<\/p>\n<h3><strong>Cabu victime de l\u2019attentat contre Charlie Hebdo<\/strong><\/h3>\n<p>\u00c2g\u00e9 de <strong>76 ans<\/strong>, Cabu est tomb\u00e9 sous les balles du <strong>terrorisme islamiste<\/strong> le <strong>7 janvier 2015<\/strong>, lors de la tuerie de <strong>Charlie Hebdo<\/strong>. Ce jour-l\u00e0, <strong>Charb, Wolinski, Tignous, Honor\u00e9, Bernard Maris, Elsa Cayat, Mustapha Ourrad, Michel Renaud, Franck Brinsolaro, Ahmed Merabet et Fr\u00e9d\u00e9ric Boisseau<\/strong> ont \u00e9galement \u00e9t\u00e9 tu\u00e9s.<\/p>\n\n\t\t<style type=\"text\/css\">\n\t\t\t#gallery-1 {\n\t\t\t\tmargin: auto;\n\t\t\t}\n\t\t\t#gallery-1 .gallery-item {\n\t\t\t\tfloat: left;\n\t\t\t\tmargin-top: 10px;\n\t\t\t\ttext-align: center;\n\t\t\t\twidth: 50%;\n\t\t\t}\n\t\t\t#gallery-1 img {\n\t\t\t\tborder: 2px solid #cfcfcf;\n\t\t\t}\n\t\t\t#gallery-1 .gallery-caption {\n\t\t\t\tmargin-left: 0;\n\t\t\t}\n\t\t\t\/* see gallery_shortcode() in wp-includes\/media.php *\/\n\t\t<\/style>\n\t\t<div id='gallery-1' class='gallery galleryid-90826 gallery-columns-2 gallery-size-thumbnail'><dl class='gallery-item'>\n\t\t\t<dt class='gallery-icon landscape'>\n\t\t\t\t<a href='https:\/\/vosgesinfo.fr\/app\/uploads\/sites\/4\/2026\/04\/exposition-la-boussole-cabu-vel-dhiv-2.jpg'><img decoding=\"async\" width=\"150\" height=\"150\" src=\"https:\/\/vosgesinfo.fr\/app\/uploads\/sites\/4\/2026\/04\/exposition-la-boussole-cabu-vel-dhiv-2-150x150.jpg\" class=\"attachment-thumbnail size-thumbnail\" alt=\"\" \/><\/a>\n\t\t\t<\/dt><\/dl><dl class='gallery-item'>\n\t\t\t<dt class='gallery-icon portrait'>\n\t\t\t\t<a href='https:\/\/vosgesinfo.fr\/app\/uploads\/sites\/4\/2026\/04\/exposition-la-boussole-cabu-vel-dhiv-3.jpg'><img decoding=\"async\" width=\"150\" height=\"150\" src=\"https:\/\/vosgesinfo.fr\/app\/uploads\/sites\/4\/2026\/04\/exposition-la-boussole-cabu-vel-dhiv-3-150x150.jpg\" class=\"attachment-thumbnail size-thumbnail\" alt=\"\" \/><\/a>\n\t\t\t<\/dt><\/dl><br style=\"clear: both\" \/><dl class='gallery-item'>\n\t\t\t<dt class='gallery-icon landscape'>\n\t\t\t\t<a href='https:\/\/vosgesinfo.fr\/app\/uploads\/sites\/4\/2026\/04\/exposition-la-boussole-cabu-vel-dhiv-4.jpg'><img decoding=\"async\" width=\"150\" height=\"150\" src=\"https:\/\/vosgesinfo.fr\/app\/uploads\/sites\/4\/2026\/04\/exposition-la-boussole-cabu-vel-dhiv-4-150x150.jpg\" class=\"attachment-thumbnail size-thumbnail\" alt=\"\" \/><\/a>\n\t\t\t<\/dt><\/dl><dl class='gallery-item'>\n\t\t\t<dt class='gallery-icon portrait'>\n\t\t\t\t<a href='https:\/\/vosgesinfo.fr\/app\/uploads\/sites\/4\/2026\/04\/exposition-la-boussole-cabu-vel-dhiv-5.jpg'><img decoding=\"async\" width=\"150\" height=\"150\" src=\"https:\/\/vosgesinfo.fr\/app\/uploads\/sites\/4\/2026\/04\/exposition-la-boussole-cabu-vel-dhiv-5-150x150.jpg\" class=\"attachment-thumbnail size-thumbnail\" alt=\"\" \/><\/a>\n\t\t\t<\/dt><\/dl><br style=\"clear: both\" \/>\n\t\t<\/div>\n\n","protected":false},"excerpt":{"rendered":"<p>L\u2019exposition \u00ab Cabu, dessins de la rafle du Vel d\u2019Hiv \u00bb fait escale \u00e0 La Boussole, \u00e0 Saint-Di\u00e9-des-Vosges, apr\u00e8s une [&hellip;]<\/p>\n","protected":false},"author":46,"featured_media":90831,"comment_status":"open","ping_status":"open","sticky":false,"template":"","format":"standard","meta":{"footnotes":""},"categories":[460,7847,167,13],"tags":[21476,21479,17002,3027,21478,3192,21477,2881],"class_list":["post-90826","post","type-post","status-publish","format-standard","has-post-thumbnail","hentry","category-a-la-une","category-art-culture","category-saint-die-des-vosges","category-societe","tag-cabu","tag-charlie-hebdo","tag-fndirp","tag-la-boussole","tag-laurent-joly","tag-librairie-le-neuf","tag-rafle-du-vel-dhiv","tag-saint-die-des-vosges"],"acf":[],"yoast_head":"<!-- This site is optimized with the Yoast SEO plugin v22.5 - https:\/\/yoast.com\/wordpress\/plugins\/seo\/ -->\n<title>\u00c0 La Boussole, une exposition retrace la rafle du Vel d\u2019Hiv sous le trait de Cabu - Saint Die Info<\/title>\n<meta name=\"robots\" content=\"index, follow, max-snippet:-1, max-image-preview:large, max-video-preview:-1\" \/>\n<link rel=\"canonical\" href=\"https:\/\/vosgesinfo.fr\/saintdieinfo\/2026\/04\/a-la-boussole-une-exposition-retrace-la-rafle-du-vel-dhiv-sous-le-trait-de-cabu\/\" \/>\n<meta name=\"twitter:card\" content=\"summary_large_image\" \/>\n<meta name=\"twitter:title\" content=\"\u00c0 La Boussole, une exposition retrace la rafle du Vel d\u2019Hiv sous le trait de Cabu - Saint Die Info\" \/>\n<meta name=\"twitter:description\" content=\"L\u2019exposition \u00ab Cabu, dessins de la rafle du Vel d\u2019Hiv \u00bb fait escale \u00e0 La Boussole, \u00e0 Saint-Di\u00e9-des-Vosges, apr\u00e8s une [&hellip;]\" \/>\n<meta name=\"twitter:image\" content=\"https:\/\/vosgesinfo.fr\/app\/uploads\/sites\/4\/2026\/04\/exposition-la-boussole-cabu-vel-dhiv-1.jpg\" \/>\n<meta name=\"twitter:creator\" content=\"@VosgesInfo88\" \/>\n<meta name=\"twitter:site\" content=\"@VosgesInfo88\" \/>\n<meta name=\"twitter:label1\" content=\"\u00c9crit par\" \/>\n\t<meta name=\"twitter:data1\" content=\"J.J.\" \/>\n\t<meta name=\"twitter:label2\" content=\"Dur\u00e9e de lecture estim\u00e9e\" \/>\n\t<meta name=\"twitter:data2\" content=\"3 minutes\" \/>\n<script type=\"application\/ld+json\" class=\"yoast-schema-graph\">{\"@context\":\"https:\/\/schema.org\",\"@graph\":[{\"@type\":\"Article\",\"@id\":\"https:\/\/vosgesinfo.fr\/saintdieinfo\/2026\/04\/a-la-boussole-une-exposition-retrace-la-rafle-du-vel-dhiv-sous-le-trait-de-cabu\/#article\",\"isPartOf\":{\"@id\":\"https:\/\/vosgesinfo.fr\/saintdieinfo\/2026\/04\/a-la-boussole-une-exposition-retrace-la-rafle-du-vel-dhiv-sous-le-trait-de-cabu\/\"},\"author\":{\"name\":\"J.J.\",\"@id\":\"https:\/\/vosgesinfo.fr\/saintdieinfo\/#\/schema\/person\/fa73e9f726d67bb88f46d5b7943cb572\"},\"headline\":\"\u00c0 La Boussole, une exposition retrace la rafle du Vel d\u2019Hiv sous le trait de Cabu\",\"datePublished\":\"2026-04-30T04:33:16+00:00\",\"dateModified\":\"2026-04-29T16:20:27+00:00\",\"mainEntityOfPage\":{\"@id\":\"https:\/\/vosgesinfo.fr\/saintdieinfo\/2026\/04\/a-la-boussole-une-exposition-retrace-la-rafle-du-vel-dhiv-sous-le-trait-de-cabu\/\"},\"wordCount\":503,\"commentCount\":0,\"publisher\":{\"@id\":\"https:\/\/vosgesinfo.fr\/saintdieinfo\/#organization\"},\"image\":{\"@id\":\"https:\/\/vosgesinfo.fr\/saintdieinfo\/2026\/04\/a-la-boussole-une-exposition-retrace-la-rafle-du-vel-dhiv-sous-le-trait-de-cabu\/#primaryimage\"},\"thumbnailUrl\":\"https:\/\/vosgesinfo.fr\/app\/uploads\/sites\/4\/2026\/04\/exposition-la-boussole-cabu-vel-dhiv-1.jpg\",\"keywords\":[\"Cabu\",\"Charlie Hebdo\",\"FNDIRP\",\"La Boussole\",\"Laurent Joly\",\"Librairie Le Neuf\",\"rafle du Vel d\u2019Hiv\",\"Saint-Di\u00e9-des-Vosges\"],\"articleSection\":[\"A la Une\",\"Culture\",\"Saint-Di\u00e9-des-Vosges\",\"Soci\u00e9t\u00e9\"],\"inLanguage\":\"fr-FR\",\"potentialAction\":[{\"@type\":\"CommentAction\",\"name\":\"Comment\",\"target\":[\"https:\/\/vosgesinfo.fr\/saintdieinfo\/2026\/04\/a-la-boussole-une-exposition-retrace-la-rafle-du-vel-dhiv-sous-le-trait-de-cabu\/#respond\"]}]},{\"@type\":\"WebPage\",\"@id\":\"https:\/\/vosgesinfo.fr\/saintdieinfo\/2026\/04\/a-la-boussole-une-exposition-retrace-la-rafle-du-vel-dhiv-sous-le-trait-de-cabu\/\",\"url\":\"https:\/\/vosgesinfo.fr\/saintdieinfo\/2026\/04\/a-la-boussole-une-exposition-retrace-la-rafle-du-vel-dhiv-sous-le-trait-de-cabu\/\",\"name\":\"\u00c0 La Boussole, une exposition retrace la rafle du Vel d\u2019Hiv sous le trait de Cabu - Saint Die Info\",\"isPartOf\":{\"@id\":\"https:\/\/vosgesinfo.fr\/saintdieinfo\/#website\"},\"primaryImageOfPage\":{\"@id\":\"https:\/\/vosgesinfo.fr\/saintdieinfo\/2026\/04\/a-la-boussole-une-exposition-retrace-la-rafle-du-vel-dhiv-sous-le-trait-de-cabu\/#primaryimage\"},\"image\":{\"@id\":\"https:\/\/vosgesinfo.fr\/saintdieinfo\/2026\/04\/a-la-boussole-une-exposition-retrace-la-rafle-du-vel-dhiv-sous-le-trait-de-cabu\/#primaryimage\"},\"thumbnailUrl\":\"https:\/\/vosgesinfo.fr\/app\/uploads\/sites\/4\/2026\/04\/exposition-la-boussole-cabu-vel-dhiv-1.jpg\",\"datePublished\":\"2026-04-30T04:33:16+00:00\",\"dateModified\":\"2026-04-29T16:20:27+00:00\",\"breadcrumb\":{\"@id\":\"https:\/\/vosgesinfo.fr\/saintdieinfo\/2026\/04\/a-la-boussole-une-exposition-retrace-la-rafle-du-vel-dhiv-sous-le-trait-de-cabu\/#breadcrumb\"},\"inLanguage\":\"fr-FR\",\"potentialAction\":[{\"@type\":\"ReadAction\",\"target\":[\"https:\/\/vosgesinfo.fr\/saintdieinfo\/2026\/04\/a-la-boussole-une-exposition-retrace-la-rafle-du-vel-dhiv-sous-le-trait-de-cabu\/\"]}]},{\"@type\":\"ImageObject\",\"inLanguage\":\"fr-FR\",\"@id\":\"https:\/\/vosgesinfo.fr\/saintdieinfo\/2026\/04\/a-la-boussole-une-exposition-retrace-la-rafle-du-vel-dhiv-sous-le-trait-de-cabu\/#primaryimage\",\"url\":\"https:\/\/vosgesinfo.fr\/app\/uploads\/sites\/4\/2026\/04\/exposition-la-boussole-cabu-vel-dhiv-1.jpg\",\"contentUrl\":\"https:\/\/vosgesinfo.fr\/app\/uploads\/sites\/4\/2026\/04\/exposition-la-boussole-cabu-vel-dhiv-1.jpg\",\"width\":1920,\"height\":1446},{\"@type\":\"BreadcrumbList\",\"@id\":\"https:\/\/vosgesinfo.fr\/saintdieinfo\/2026\/04\/a-la-boussole-une-exposition-retrace-la-rafle-du-vel-dhiv-sous-le-trait-de-cabu\/#breadcrumb\",\"itemListElement\":[{\"@type\":\"ListItem\",\"position\":1,\"name\":\"Home\",\"item\":\"https:\/\/vosgesinfo.fr\/saintdieinfo\/\"},{\"@type\":\"ListItem\",\"position\":2,\"name\":\"\u00c0 La Boussole, une exposition retrace la rafle du Vel d\u2019Hiv sous le trait de Cabu\"}]},{\"@type\":\"WebSite\",\"@id\":\"https:\/\/vosgesinfo.fr\/saintdieinfo\/#website\",\"url\":\"https:\/\/vosgesinfo.fr\/saintdieinfo\/\",\"name\":\"Saint Die Info\",\"description\":\"Toute l&#039;actualit\u00e9 de Saint-Di\u00e9-Des-Vosges\",\"publisher\":{\"@id\":\"https:\/\/vosgesinfo.fr\/saintdieinfo\/#organization\"},\"alternateName\":\"Toute l'actualit\u00e9 de Saint-Di\u00e9-Des-Vosges\",\"potentialAction\":[{\"@type\":\"SearchAction\",\"target\":{\"@type\":\"EntryPoint\",\"urlTemplate\":\"https:\/\/vosgesinfo.fr\/saintdieinfo\/?s={search_term_string}\"},\"query-input\":\"required name=search_term_string\"}],\"inLanguage\":\"fr-FR\"},{\"@type\":\"Organization\",\"@id\":\"https:\/\/vosgesinfo.fr\/saintdieinfo\/#organization\",\"name\":\"Saint Die Info\",\"url\":\"https:\/\/vosgesinfo.fr\/saintdieinfo\/\",\"logo\":{\"@type\":\"ImageObject\",\"inLanguage\":\"fr-FR\",\"@id\":\"https:\/\/vosgesinfo.fr\/saintdieinfo\/#\/schema\/logo\/image\/\",\"url\":\"https:\/\/vosgesinfo.fr\/app\/uploads\/sites\/4\/2024\/02\/logo-sdi.jpg\",\"contentUrl\":\"https:\/\/vosgesinfo.fr\/app\/uploads\/sites\/4\/2024\/02\/logo-sdi.jpg\",\"width\":600,\"height\":600,\"caption\":\"Saint Die Info\"},\"image\":{\"@id\":\"https:\/\/vosgesinfo.fr\/saintdieinfo\/#\/schema\/logo\/image\/\"},\"sameAs\":[\"https:\/\/www.facebook.com\/Saintdieinfofr\",\"https:\/\/x.com\/VosgesInfo88\",\"https:\/\/www.youtube.com\/@vosgesinfo\"]},{\"@type\":\"Person\",\"@id\":\"https:\/\/vosgesinfo.fr\/saintdieinfo\/#\/schema\/person\/fa73e9f726d67bb88f46d5b7943cb572\",\"name\":\"J.J.\",\"image\":{\"@type\":\"ImageObject\",\"inLanguage\":\"fr-FR\",\"@id\":\"https:\/\/vosgesinfo.fr\/saintdieinfo\/#\/schema\/person\/image\/\",\"url\":\"https:\/\/secure.gravatar.com\/avatar\/219e749e47ffbcca018a360ae4add7d4cdf1cdaaf8bc7676b27efade3fe65615?s=96&d=mm&r=g\",\"contentUrl\":\"https:\/\/secure.gravatar.com\/avatar\/219e749e47ffbcca018a360ae4add7d4cdf1cdaaf8bc7676b27efade3fe65615?s=96&d=mm&r=g\",\"caption\":\"J.J.\"},\"url\":\"https:\/\/vosgesinfo.fr\/saintdieinfo\/author\/j-j\/\"}]}<\/script>\n<!-- \/ Yoast SEO plugin. -->","yoast_head_json":{"title":"\u00c0 La Boussole, une exposition retrace la rafle du Vel d\u2019Hiv sous le trait de Cabu - Saint Die Info","robots":{"index":"index","follow":"follow","max-snippet":"max-snippet:-1","max-image-preview":"max-image-preview:large","max-video-preview":"max-video-preview:-1"},"canonical":"https:\/\/vosgesinfo.fr\/saintdieinfo\/2026\/04\/a-la-boussole-une-exposition-retrace-la-rafle-du-vel-dhiv-sous-le-trait-de-cabu\/","twitter_card":"summary_large_image","twitter_title":"\u00c0 La Boussole, une exposition retrace la rafle du Vel d\u2019Hiv sous le trait de Cabu - Saint Die Info","twitter_description":"L\u2019exposition \u00ab Cabu, dessins de la rafle du Vel d\u2019Hiv \u00bb fait escale \u00e0 La Boussole, \u00e0 Saint-Di\u00e9-des-Vosges, apr\u00e8s une [&hellip;]","twitter_image":"https:\/\/vosgesinfo.fr\/app\/uploads\/sites\/4\/2026\/04\/exposition-la-boussole-cabu-vel-dhiv-1.jpg","twitter_creator":"@VosgesInfo88","twitter_site":"@VosgesInfo88","twitter_misc":{"\u00c9crit par":"J.J.","Dur\u00e9e de lecture estim\u00e9e":"3 minutes"},"schema":{"@context":"https:\/\/schema.org","@graph":[{"@type":"Article","@id":"https:\/\/vosgesinfo.fr\/saintdieinfo\/2026\/04\/a-la-boussole-une-exposition-retrace-la-rafle-du-vel-dhiv-sous-le-trait-de-cabu\/#article","isPartOf":{"@id":"https:\/\/vosgesinfo.fr\/saintdieinfo\/2026\/04\/a-la-boussole-une-exposition-retrace-la-rafle-du-vel-dhiv-sous-le-trait-de-cabu\/"},"author":{"name":"J.J.","@id":"https:\/\/vosgesinfo.fr\/saintdieinfo\/#\/schema\/person\/fa73e9f726d67bb88f46d5b7943cb572"},"headline":"\u00c0 La Boussole, une exposition retrace la rafle du Vel d\u2019Hiv sous le trait de Cabu","datePublished":"2026-04-30T04:33:16+00:00","dateModified":"2026-04-29T16:20:27+00:00","mainEntityOfPage":{"@id":"https:\/\/vosgesinfo.fr\/saintdieinfo\/2026\/04\/a-la-boussole-une-exposition-retrace-la-rafle-du-vel-dhiv-sous-le-trait-de-cabu\/"},"wordCount":503,"commentCount":0,"publisher":{"@id":"https:\/\/vosgesinfo.fr\/saintdieinfo\/#organization"},"image":{"@id":"https:\/\/vosgesinfo.fr\/saintdieinfo\/2026\/04\/a-la-boussole-une-exposition-retrace-la-rafle-du-vel-dhiv-sous-le-trait-de-cabu\/#primaryimage"},"thumbnailUrl":"https:\/\/vosgesinfo.fr\/app\/uploads\/sites\/4\/2026\/04\/exposition-la-boussole-cabu-vel-dhiv-1.jpg","keywords":["Cabu","Charlie Hebdo","FNDIRP","La Boussole","Laurent Joly","Librairie Le Neuf","rafle du Vel d\u2019Hiv","Saint-Di\u00e9-des-Vosges"],"articleSection":["A la Une","Culture","Saint-Di\u00e9-des-Vosges","Soci\u00e9t\u00e9"],"inLanguage":"fr-FR","potentialAction":[{"@type":"CommentAction","name":"Comment","target":["https:\/\/vosgesinfo.fr\/saintdieinfo\/2026\/04\/a-la-boussole-une-exposition-retrace-la-rafle-du-vel-dhiv-sous-le-trait-de-cabu\/#respond"]}]},{"@type":"WebPage","@id":"https:\/\/vosgesinfo.fr\/saintdieinfo\/2026\/04\/a-la-boussole-une-exposition-retrace-la-rafle-du-vel-dhiv-sous-le-trait-de-cabu\/","url":"https:\/\/vosgesinfo.fr\/saintdieinfo\/2026\/04\/a-la-boussole-une-exposition-retrace-la-rafle-du-vel-dhiv-sous-le-trait-de-cabu\/","name":"\u00c0 La Boussole, une exposition retrace la rafle du Vel d\u2019Hiv sous le trait de Cabu - Saint Die Info","isPartOf":{"@id":"https:\/\/vosgesinfo.fr\/saintdieinfo\/#website"},"primaryImageOfPage":{"@id":"https:\/\/vosgesinfo.fr\/saintdieinfo\/2026\/04\/a-la-boussole-une-exposition-retrace-la-rafle-du-vel-dhiv-sous-le-trait-de-cabu\/#primaryimage"},"image":{"@id":"https:\/\/vosgesinfo.fr\/saintdieinfo\/2026\/04\/a-la-boussole-une-exposition-retrace-la-rafle-du-vel-dhiv-sous-le-trait-de-cabu\/#primaryimage"},"thumbnailUrl":"https:\/\/vosgesinfo.fr\/app\/uploads\/sites\/4\/2026\/04\/exposition-la-boussole-cabu-vel-dhiv-1.jpg","datePublished":"2026-04-30T04:33:16+00:00","dateModified":"2026-04-29T16:20:27+00:00","breadcrumb":{"@id":"https:\/\/vosgesinfo.fr\/saintdieinfo\/2026\/04\/a-la-boussole-une-exposition-retrace-la-rafle-du-vel-dhiv-sous-le-trait-de-cabu\/#breadcrumb"},"inLanguage":"fr-FR","potentialAction":[{"@type":"ReadAction","target":["https:\/\/vosgesinfo.fr\/saintdieinfo\/2026\/04\/a-la-boussole-une-exposition-retrace-la-rafle-du-vel-dhiv-sous-le-trait-de-cabu\/"]}]},{"@type":"ImageObject","inLanguage":"fr-FR","@id":"https:\/\/vosgesinfo.fr\/saintdieinfo\/2026\/04\/a-la-boussole-une-exposition-retrace-la-rafle-du-vel-dhiv-sous-le-trait-de-cabu\/#primaryimage","url":"https:\/\/vosgesinfo.fr\/app\/uploads\/sites\/4\/2026\/04\/exposition-la-boussole-cabu-vel-dhiv-1.jpg","contentUrl":"https:\/\/vosgesinfo.fr\/app\/uploads\/sites\/4\/2026\/04\/exposition-la-boussole-cabu-vel-dhiv-1.jpg","width":1920,"height":1446},{"@type":"BreadcrumbList","@id":"https:\/\/vosgesinfo.fr\/saintdieinfo\/2026\/04\/a-la-boussole-une-exposition-retrace-la-rafle-du-vel-dhiv-sous-le-trait-de-cabu\/#breadcrumb","itemListElement":[{"@type":"ListItem","position":1,"name":"Home","item":"https:\/\/vosgesinfo.fr\/saintdieinfo\/"},{"@type":"ListItem","position":2,"name":"\u00c0 La Boussole, une exposition retrace la rafle du Vel d\u2019Hiv sous le trait de Cabu"}]},{"@type":"WebSite","@id":"https:\/\/vosgesinfo.fr\/saintdieinfo\/#website","url":"https:\/\/vosgesinfo.fr\/saintdieinfo\/","name":"Saint Die Info","description":"Toute l&#039;actualit\u00e9 de Saint-Di\u00e9-Des-Vosges","publisher":{"@id":"https:\/\/vosgesinfo.fr\/saintdieinfo\/#organization"},"alternateName":"Toute l'actualit\u00e9 de Saint-Di\u00e9-Des-Vosges","potentialAction":[{"@type":"SearchAction","target":{"@type":"EntryPoint","urlTemplate":"https:\/\/vosgesinfo.fr\/saintdieinfo\/?s={search_term_string}"},"query-input":"required name=search_term_string"}],"inLanguage":"fr-FR"},{"@type":"Organization","@id":"https:\/\/vosgesinfo.fr\/saintdieinfo\/#organization","name":"Saint Die Info","url":"https:\/\/vosgesinfo.fr\/saintdieinfo\/","logo":{"@type":"ImageObject","inLanguage":"fr-FR","@id":"https:\/\/vosgesinfo.fr\/saintdieinfo\/#\/schema\/logo\/image\/","url":"https:\/\/vosgesinfo.fr\/app\/uploads\/sites\/4\/2024\/02\/logo-sdi.jpg","contentUrl":"https:\/\/vosgesinfo.fr\/app\/uploads\/sites\/4\/2024\/02\/logo-sdi.jpg","width":600,"height":600,"caption":"Saint Die Info"},"image":{"@id":"https:\/\/vosgesinfo.fr\/saintdieinfo\/#\/schema\/logo\/image\/"},"sameAs":["https:\/\/www.facebook.com\/Saintdieinfofr","https:\/\/x.com\/VosgesInfo88","https:\/\/www.youtube.com\/@vosgesinfo"]},{"@type":"Person","@id":"https:\/\/vosgesinfo.fr\/saintdieinfo\/#\/schema\/person\/fa73e9f726d67bb88f46d5b7943cb572","name":"J.J.","image":{"@type":"ImageObject","inLanguage":"fr-FR","@id":"https:\/\/vosgesinfo.fr\/saintdieinfo\/#\/schema\/person\/image\/","url":"https:\/\/secure.gravatar.com\/avatar\/219e749e47ffbcca018a360ae4add7d4cdf1cdaaf8bc7676b27efade3fe65615?s=96&d=mm&r=g","contentUrl":"https:\/\/secure.gravatar.com\/avatar\/219e749e47ffbcca018a360ae4add7d4cdf1cdaaf8bc7676b27efade3fe65615?s=96&d=mm&r=g","caption":"J.J."},"url":"https:\/\/vosgesinfo.fr\/saintdieinfo\/author\/j-j\/"}]}},"_links":{"self":[{"href":"https:\/\/vosgesinfo.fr\/saintdieinfo\/wp-json\/wp\/v2\/posts\/90826","targetHints":{"allow":["GET"]}}],"collection":[{"href":"https:\/\/vosgesinfo.fr\/saintdieinfo\/wp-json\/wp\/v2\/posts"}],"about":[{"href":"https:\/\/vosgesinfo.fr\/saintdieinfo\/wp-json\/wp\/v2\/types\/post"}],"author":[{"embeddable":true,"href":"https:\/\/vosgesinfo.fr\/saintdieinfo\/wp-json\/wp\/v2\/users\/46"}],"replies":[{"embeddable":true,"href":"https:\/\/vosgesinfo.fr\/saintdieinfo\/wp-json\/wp\/v2\/comments?post=90826"}],"version-history":[{"count":2,"href":"https:\/\/vosgesinfo.fr\/saintdieinfo\/wp-json\/wp\/v2\/posts\/90826\/revisions"}],"predecessor-version":[{"id":90837,"href":"https:\/\/vosgesinfo.fr\/saintdieinfo\/wp-json\/wp\/v2\/posts\/90826\/revisions\/90837"}],"wp:featuredmedia":[{"embeddable":true,"href":"https:\/\/vosgesinfo.fr\/saintdieinfo\/wp-json\/wp\/v2\/media\/90831"}],"wp:attachment":[{"href":"https:\/\/vosgesinfo.fr\/saintdieinfo\/wp-json\/wp\/v2\/media?parent=90826"}],"wp:term":[{"taxonomy":"category","embeddable":true,"href":"https:\/\/vosgesinfo.fr\/saintdieinfo\/wp-json\/wp\/v2\/categories?post=90826"},{"taxonomy":"post_tag","embeddable":true,"href":"https:\/\/vosgesinfo.fr\/saintdieinfo\/wp-json\/wp\/v2\/tags?post=90826"}],"curies":[{"name":"wp","href":"https:\/\/api.w.org\/{rel}","templated":true}]}}