{"id":90839,"date":"2026-04-29T21:53:00","date_gmt":"2026-04-29T19:53:00","guid":{"rendered":"https:\/\/vosgesinfo.fr\/saintdieinfo\/?p=90839"},"modified":"2026-04-29T21:47:53","modified_gmt":"2026-04-29T19:47:53","slug":"sebastien-loeb-et-laurene-godey-sur-la-ligne-de-depart-du-41e-rallye-vosges-grand-est","status":"publish","type":"post","link":"https:\/\/vosgesinfo.fr\/saintdieinfo\/2026\/04\/sebastien-loeb-et-laurene-godey-sur-la-ligne-de-depart-du-41e-rallye-vosges-grand-est\/","title":{"rendered":"S\u00e9bastien Loeb et Laur\u00e8ne Godey sur la ligne de d\u00e9part du 41e Rallye Vosges Grand Est"},"content":{"rendered":"<div id=\"attachment_90840\" style=\"width: 1034px\" class=\"wp-caption alignnone\"><a href=\"https:\/\/vosgesinfo.fr\/app\/uploads\/sites\/4\/2026\/04\/sebastien-loeblaurene-godey-rallye-vosges-grand-est.jpg\"><img decoding=\"async\" aria-describedby=\"caption-attachment-90840\" class=\"size-large wp-image-90840\" src=\"https:\/\/vosgesinfo.fr\/app\/uploads\/sites\/4\/2026\/04\/sebastien-loeblaurene-godey-rallye-vosges-grand-est-1024x683.jpg\" alt=\"\" width=\"1024\" height=\"683\" srcset=\"https:\/\/vosgesinfo.fr\/app\/uploads\/sites\/4\/2026\/04\/sebastien-loeblaurene-godey-rallye-vosges-grand-est-1024x683.jpg 1024w, https:\/\/vosgesinfo.fr\/app\/uploads\/sites\/4\/2026\/04\/sebastien-loeblaurene-godey-rallye-vosges-grand-est-300x200.jpg 300w, https:\/\/vosgesinfo.fr\/app\/uploads\/sites\/4\/2026\/04\/sebastien-loeblaurene-godey-rallye-vosges-grand-est-768x512.jpg 768w, https:\/\/vosgesinfo.fr\/app\/uploads\/sites\/4\/2026\/04\/sebastien-loeblaurene-godey-rallye-vosges-grand-est.jpg 1536w\" sizes=\"(max-width: 1024px) 100vw, 1024px\" \/><\/a><p id=\"caption-attachment-90840\" class=\"wp-caption-text\">(Image Instagram @sebloebofficiel, modifi\u00e9e IA)<\/p><\/div>\n<h2>Le journal sportif <strong>L\u2019\u00c9quipe<\/strong> a r\u00e9v\u00e9l\u00e9 dans un article ce mercredi que <strong>S\u00e9bastien Loeb<\/strong> participera au <strong>Rallye Vosges Grand Est<\/strong>, organis\u00e9 du <strong>12 au 14 juin<\/strong>, au volant d\u2019une <strong>Ford Fiesta WRC de 2017<\/strong>. Le nonuple champion du monde WRC sera accompagn\u00e9 par sa compagne <strong>Laur\u00e8ne Godey<\/strong>, originaire des Vosges.<\/h2>\n<p><!--more--><\/p>\n<h3><strong>Une nouvelle apparition en Championnat de France<\/strong><\/h3>\n<p>Habitu\u00e9 ces derni\u00e8res ann\u00e9es \u00e0 quelques passages en <strong>Championnat de France des rallyes<\/strong>, l\u2019Alsacien ajoute une <strong>nouvelle \u00e9preuve<\/strong> \u00e0 son calendrier. Le Rallye Vosges Grand Est constituera la <strong>quatri\u00e8me manche de la saison<\/strong>.<\/p>\n<h3><strong>Une Ford Fiesta WRC accept\u00e9e sur d\u00e9rogation<\/strong><\/h3>\n<p>Cette participation se fera dans une configuration diff\u00e9rente de ses derni\u00e8res sorties au <strong>Mont-Blanc Morzine<\/strong>, en <strong>2024<\/strong>, ou au <strong>Rallye du Var<\/strong>, o\u00f9 il avait pilot\u00e9 une <strong>Alpine A110 GT+<\/strong>. Dans les Vosges, S\u00e9bastien Loeb prendra le volant d\u2019une Ford Fiesta WRC de 2017, inscrite gr\u00e2ce \u00e0 une <strong>d\u00e9rogation<\/strong>. Les WRC construites apr\u00e8s 2016 ne sont normalement pas accept\u00e9es en Championnat de France pour des raisons de s\u00e9curit\u00e9.<\/p>\n<h3><strong>Laur\u00e8ne Godey \u00e0 ses c\u00f4t\u00e9s<\/strong><\/h3>\n<p>S\u00e9bastien Loeb retrouvera dans le <strong>baquet de droite<\/strong> Laur\u00e8ne Godey, sa compagne, pour une \u00e9preuve disput\u00e9e sur les <strong>terres vosgiennes<\/strong>. \u00ab H\u00e2te de retrouver le Championnat de France sur les <strong>terres de Laur\u00e8ne<\/strong> &#8211; et pas si loin des miennes &#8211; toujours synonyme de <strong>super souvenirs<\/strong>, a comment\u00e9 l\u2019Alsacien sur son <strong>compte Instagram<\/strong>. Un grand merci pour l\u2019opportunit\u00e9 de <strong>piloter cette voiture<\/strong> qui vous fera plaisir sur le <strong>bord des sp\u00e9ciales<\/strong>, j\u2019en suis certain (et \u00e0 nous aussi \u00e0 l\u2019int\u00e9rieur). \u00bb<\/p>\n","protected":false},"excerpt":{"rendered":"<p>Le journal sportif L\u2019\u00c9quipe a r\u00e9v\u00e9l\u00e9 dans un article ce mercredi que S\u00e9bastien Loeb participera au Rallye Vosges Grand Est, [&hellip;]<\/p>\n","protected":false},"author":46,"featured_media":90840,"comment_status":"open","ping_status":"open","sticky":false,"template":"","format":"standard","meta":{"footnotes":""},"categories":[460,3903,5392,5391,5389,4099,14,18],"tags":[8215,21481,21480,6461,8682],"class_list":["post-90839","post","type-post","status-publish","format-standard","has-post-thumbnail","hentry","category-a-la-une","category-deodatie","category-epinal","category-gerardmer","category-la-plaine-des-vosges","category-remiremont","category-sport","category-vosges","tag-championnat-de-france-des-rallyes","tag-ford-fiesta-wrc","tag-laurene-godey","tag-rallye-vosges-grand-est","tag-sebastien-loeb"],"acf":[],"yoast_head":"<!-- This site is optimized with the Yoast SEO plugin v22.5 - https:\/\/yoast.com\/wordpress\/plugins\/seo\/ -->\n<title>S\u00e9bastien Loeb et Laur\u00e8ne Godey sur la ligne de d\u00e9part du 41e Rallye Vosges Grand Est - Saint Die Info<\/title>\n<meta name=\"robots\" content=\"index, follow, max-snippet:-1, max-image-preview:large, max-video-preview:-1\" \/>\n<link rel=\"canonical\" href=\"https:\/\/vosgesinfo.fr\/saintdieinfo\/2026\/04\/sebastien-loeb-et-laurene-godey-sur-la-ligne-de-depart-du-41e-rallye-vosges-grand-est\/\" \/>\n<meta name=\"twitter:card\" content=\"summary_large_image\" \/>\n<meta name=\"twitter:title\" content=\"S\u00e9bastien Loeb et Laur\u00e8ne Godey sur la ligne de d\u00e9part du 41e Rallye Vosges Grand Est - Saint Die Info\" \/>\n<meta name=\"twitter:description\" content=\"Le journal sportif L\u2019\u00c9quipe a r\u00e9v\u00e9l\u00e9 dans un article ce mercredi que S\u00e9bastien Loeb participera au Rallye Vosges Grand Est, [&hellip;]\" \/>\n<meta name=\"twitter:image\" content=\"https:\/\/vosgesinfo.fr\/app\/uploads\/sites\/4\/2026\/04\/sebastien-loeblaurene-godey-rallye-vosges-grand-est.jpg\" \/>\n<meta name=\"twitter:creator\" content=\"@VosgesInfo88\" \/>\n<meta name=\"twitter:site\" content=\"@VosgesInfo88\" \/>\n<meta name=\"twitter:label1\" content=\"\u00c9crit par\" \/>\n\t<meta name=\"twitter:data1\" content=\"J.J.\" \/>\n\t<meta name=\"twitter:label2\" content=\"Dur\u00e9e de lecture estim\u00e9e\" \/>\n\t<meta name=\"twitter:data2\" content=\"2 minutes\" \/>\n<script type=\"application\/ld+json\" class=\"yoast-schema-graph\">{\"@context\":\"https:\/\/schema.org\",\"@graph\":[{\"@type\":\"Article\",\"@id\":\"https:\/\/vosgesinfo.fr\/saintdieinfo\/2026\/04\/sebastien-loeb-et-laurene-godey-sur-la-ligne-de-depart-du-41e-rallye-vosges-grand-est\/#article\",\"isPartOf\":{\"@id\":\"https:\/\/vosgesinfo.fr\/saintdieinfo\/2026\/04\/sebastien-loeb-et-laurene-godey-sur-la-ligne-de-depart-du-41e-rallye-vosges-grand-est\/\"},\"author\":{\"name\":\"J.J.\",\"@id\":\"https:\/\/vosgesinfo.fr\/saintdieinfo\/#\/schema\/person\/fa73e9f726d67bb88f46d5b7943cb572\"},\"headline\":\"S\u00e9bastien Loeb et Laur\u00e8ne Godey sur la ligne de d\u00e9part du 41e Rallye Vosges Grand Est\",\"datePublished\":\"2026-04-29T19:53:00+00:00\",\"dateModified\":\"2026-04-29T19:47:53+00:00\",\"mainEntityOfPage\":{\"@id\":\"https:\/\/vosgesinfo.fr\/saintdieinfo\/2026\/04\/sebastien-loeb-et-laurene-godey-sur-la-ligne-de-depart-du-41e-rallye-vosges-grand-est\/\"},\"wordCount\":304,\"commentCount\":0,\"publisher\":{\"@id\":\"https:\/\/vosgesinfo.fr\/saintdieinfo\/#organization\"},\"image\":{\"@id\":\"https:\/\/vosgesinfo.fr\/saintdieinfo\/2026\/04\/sebastien-loeb-et-laurene-godey-sur-la-ligne-de-depart-du-41e-rallye-vosges-grand-est\/#primaryimage\"},\"thumbnailUrl\":\"https:\/\/vosgesinfo.fr\/app\/uploads\/sites\/4\/2026\/04\/sebastien-loeblaurene-godey-rallye-vosges-grand-est.jpg\",\"keywords\":[\"Championnat de France des Rallyes\",\"Ford Fiesta WRC\",\"Laur\u00e8ne Godey\",\"Rallye Vosges Grand Est\",\"S\u00e9bastien Loeb\"],\"articleSection\":[\"A la Une\",\"D\u00e9odatie\",\"Epinal\",\"Gerardmer\",\"La plaine des vosges\",\"Remiremont\",\"Sport\",\"Vosges\"],\"inLanguage\":\"fr-FR\",\"potentialAction\":[{\"@type\":\"CommentAction\",\"name\":\"Comment\",\"target\":[\"https:\/\/vosgesinfo.fr\/saintdieinfo\/2026\/04\/sebastien-loeb-et-laurene-godey-sur-la-ligne-de-depart-du-41e-rallye-vosges-grand-est\/#respond\"]}]},{\"@type\":\"WebPage\",\"@id\":\"https:\/\/vosgesinfo.fr\/saintdieinfo\/2026\/04\/sebastien-loeb-et-laurene-godey-sur-la-ligne-de-depart-du-41e-rallye-vosges-grand-est\/\",\"url\":\"https:\/\/vosgesinfo.fr\/saintdieinfo\/2026\/04\/sebastien-loeb-et-laurene-godey-sur-la-ligne-de-depart-du-41e-rallye-vosges-grand-est\/\",\"name\":\"S\u00e9bastien Loeb et Laur\u00e8ne Godey sur la ligne de d\u00e9part du 41e Rallye Vosges Grand Est - Saint Die Info\",\"isPartOf\":{\"@id\":\"https:\/\/vosgesinfo.fr\/saintdieinfo\/#website\"},\"primaryImageOfPage\":{\"@id\":\"https:\/\/vosgesinfo.fr\/saintdieinfo\/2026\/04\/sebastien-loeb-et-laurene-godey-sur-la-ligne-de-depart-du-41e-rallye-vosges-grand-est\/#primaryimage\"},\"image\":{\"@id\":\"https:\/\/vosgesinfo.fr\/saintdieinfo\/2026\/04\/sebastien-loeb-et-laurene-godey-sur-la-ligne-de-depart-du-41e-rallye-vosges-grand-est\/#primaryimage\"},\"thumbnailUrl\":\"https:\/\/vosgesinfo.fr\/app\/uploads\/sites\/4\/2026\/04\/sebastien-loeblaurene-godey-rallye-vosges-grand-est.jpg\",\"datePublished\":\"2026-04-29T19:53:00+00:00\",\"dateModified\":\"2026-04-29T19:47:53+00:00\",\"breadcrumb\":{\"@id\":\"https:\/\/vosgesinfo.fr\/saintdieinfo\/2026\/04\/sebastien-loeb-et-laurene-godey-sur-la-ligne-de-depart-du-41e-rallye-vosges-grand-est\/#breadcrumb\"},\"inLanguage\":\"fr-FR\",\"potentialAction\":[{\"@type\":\"ReadAction\",\"target\":[\"https:\/\/vosgesinfo.fr\/saintdieinfo\/2026\/04\/sebastien-loeb-et-laurene-godey-sur-la-ligne-de-depart-du-41e-rallye-vosges-grand-est\/\"]}]},{\"@type\":\"ImageObject\",\"inLanguage\":\"fr-FR\",\"@id\":\"https:\/\/vosgesinfo.fr\/saintdieinfo\/2026\/04\/sebastien-loeb-et-laurene-godey-sur-la-ligne-de-depart-du-41e-rallye-vosges-grand-est\/#primaryimage\",\"url\":\"https:\/\/vosgesinfo.fr\/app\/uploads\/sites\/4\/2026\/04\/sebastien-loeblaurene-godey-rallye-vosges-grand-est.jpg\",\"contentUrl\":\"https:\/\/vosgesinfo.fr\/app\/uploads\/sites\/4\/2026\/04\/sebastien-loeblaurene-godey-rallye-vosges-grand-est.jpg\",\"width\":1536,\"height\":1024,\"caption\":\"(Image Instagram @sebloebofficiel, modifi\u00e9e IA)\"},{\"@type\":\"BreadcrumbList\",\"@id\":\"https:\/\/vosgesinfo.fr\/saintdieinfo\/2026\/04\/sebastien-loeb-et-laurene-godey-sur-la-ligne-de-depart-du-41e-rallye-vosges-grand-est\/#breadcrumb\",\"itemListElement\":[{\"@type\":\"ListItem\",\"position\":1,\"name\":\"Home\",\"item\":\"https:\/\/vosgesinfo.fr\/saintdieinfo\/\"},{\"@type\":\"ListItem\",\"position\":2,\"name\":\"S\u00e9bastien Loeb et Laur\u00e8ne Godey sur la ligne de d\u00e9part du 41e Rallye Vosges Grand Est\"}]},{\"@type\":\"WebSite\",\"@id\":\"https:\/\/vosgesinfo.fr\/saintdieinfo\/#website\",\"url\":\"https:\/\/vosgesinfo.fr\/saintdieinfo\/\",\"name\":\"Saint Die Info\",\"description\":\"Toute l&#039;actualit\u00e9 de Saint-Di\u00e9-Des-Vosges\",\"publisher\":{\"@id\":\"https:\/\/vosgesinfo.fr\/saintdieinfo\/#organization\"},\"alternateName\":\"Toute l'actualit\u00e9 de Saint-Di\u00e9-Des-Vosges\",\"potentialAction\":[{\"@type\":\"SearchAction\",\"target\":{\"@type\":\"EntryPoint\",\"urlTemplate\":\"https:\/\/vosgesinfo.fr\/saintdieinfo\/?s={search_term_string}\"},\"query-input\":\"required name=search_term_string\"}],\"inLanguage\":\"fr-FR\"},{\"@type\":\"Organization\",\"@id\":\"https:\/\/vosgesinfo.fr\/saintdieinfo\/#organization\",\"name\":\"Saint Die Info\",\"url\":\"https:\/\/vosgesinfo.fr\/saintdieinfo\/\",\"logo\":{\"@type\":\"ImageObject\",\"inLanguage\":\"fr-FR\",\"@id\":\"https:\/\/vosgesinfo.fr\/saintdieinfo\/#\/schema\/logo\/image\/\",\"url\":\"https:\/\/vosgesinfo.fr\/app\/uploads\/sites\/4\/2024\/02\/logo-sdi.jpg\",\"contentUrl\":\"https:\/\/vosgesinfo.fr\/app\/uploads\/sites\/4\/2024\/02\/logo-sdi.jpg\",\"width\":600,\"height\":600,\"caption\":\"Saint Die Info\"},\"image\":{\"@id\":\"https:\/\/vosgesinfo.fr\/saintdieinfo\/#\/schema\/logo\/image\/\"},\"sameAs\":[\"https:\/\/www.facebook.com\/Saintdieinfofr\",\"https:\/\/x.com\/VosgesInfo88\",\"https:\/\/www.youtube.com\/@vosgesinfo\"]},{\"@type\":\"Person\",\"@id\":\"https:\/\/vosgesinfo.fr\/saintdieinfo\/#\/schema\/person\/fa73e9f726d67bb88f46d5b7943cb572\",\"name\":\"J.J.\",\"image\":{\"@type\":\"ImageObject\",\"inLanguage\":\"fr-FR\",\"@id\":\"https:\/\/vosgesinfo.fr\/saintdieinfo\/#\/schema\/person\/image\/\",\"url\":\"https:\/\/secure.gravatar.com\/avatar\/219e749e47ffbcca018a360ae4add7d4cdf1cdaaf8bc7676b27efade3fe65615?s=96&d=mm&r=g\",\"contentUrl\":\"https:\/\/secure.gravatar.com\/avatar\/219e749e47ffbcca018a360ae4add7d4cdf1cdaaf8bc7676b27efade3fe65615?s=96&d=mm&r=g\",\"caption\":\"J.J.\"},\"url\":\"https:\/\/vosgesinfo.fr\/saintdieinfo\/author\/j-j\/\"}]}<\/script>\n<!-- \/ Yoast SEO plugin. -->","yoast_head_json":{"title":"S\u00e9bastien Loeb et Laur\u00e8ne Godey sur la ligne de d\u00e9part du 41e Rallye Vosges Grand Est - Saint Die Info","robots":{"index":"index","follow":"follow","max-snippet":"max-snippet:-1","max-image-preview":"max-image-preview:large","max-video-preview":"max-video-preview:-1"},"canonical":"https:\/\/vosgesinfo.fr\/saintdieinfo\/2026\/04\/sebastien-loeb-et-laurene-godey-sur-la-ligne-de-depart-du-41e-rallye-vosges-grand-est\/","twitter_card":"summary_large_image","twitter_title":"S\u00e9bastien Loeb et Laur\u00e8ne Godey sur la ligne de d\u00e9part du 41e Rallye Vosges Grand Est - Saint Die Info","twitter_description":"Le journal sportif L\u2019\u00c9quipe a r\u00e9v\u00e9l\u00e9 dans un article ce mercredi que S\u00e9bastien Loeb participera au Rallye Vosges Grand Est, [&hellip;]","twitter_image":"https:\/\/vosgesinfo.fr\/app\/uploads\/sites\/4\/2026\/04\/sebastien-loeblaurene-godey-rallye-vosges-grand-est.jpg","twitter_creator":"@VosgesInfo88","twitter_site":"@VosgesInfo88","twitter_misc":{"\u00c9crit par":"J.J.","Dur\u00e9e de lecture estim\u00e9e":"2 minutes"},"schema":{"@context":"https:\/\/schema.org","@graph":[{"@type":"Article","@id":"https:\/\/vosgesinfo.fr\/saintdieinfo\/2026\/04\/sebastien-loeb-et-laurene-godey-sur-la-ligne-de-depart-du-41e-rallye-vosges-grand-est\/#article","isPartOf":{"@id":"https:\/\/vosgesinfo.fr\/saintdieinfo\/2026\/04\/sebastien-loeb-et-laurene-godey-sur-la-ligne-de-depart-du-41e-rallye-vosges-grand-est\/"},"author":{"name":"J.J.","@id":"https:\/\/vosgesinfo.fr\/saintdieinfo\/#\/schema\/person\/fa73e9f726d67bb88f46d5b7943cb572"},"headline":"S\u00e9bastien Loeb et Laur\u00e8ne Godey sur la ligne de d\u00e9part du 41e Rallye Vosges Grand Est","datePublished":"2026-04-29T19:53:00+00:00","dateModified":"2026-04-29T19:47:53+00:00","mainEntityOfPage":{"@id":"https:\/\/vosgesinfo.fr\/saintdieinfo\/2026\/04\/sebastien-loeb-et-laurene-godey-sur-la-ligne-de-depart-du-41e-rallye-vosges-grand-est\/"},"wordCount":304,"commentCount":0,"publisher":{"@id":"https:\/\/vosgesinfo.fr\/saintdieinfo\/#organization"},"image":{"@id":"https:\/\/vosgesinfo.fr\/saintdieinfo\/2026\/04\/sebastien-loeb-et-laurene-godey-sur-la-ligne-de-depart-du-41e-rallye-vosges-grand-est\/#primaryimage"},"thumbnailUrl":"https:\/\/vosgesinfo.fr\/app\/uploads\/sites\/4\/2026\/04\/sebastien-loeblaurene-godey-rallye-vosges-grand-est.jpg","keywords":["Championnat de France des Rallyes","Ford Fiesta WRC","Laur\u00e8ne Godey","Rallye Vosges Grand Est","S\u00e9bastien Loeb"],"articleSection":["A la Une","D\u00e9odatie","Epinal","Gerardmer","La plaine des vosges","Remiremont","Sport","Vosges"],"inLanguage":"fr-FR","potentialAction":[{"@type":"CommentAction","name":"Comment","target":["https:\/\/vosgesinfo.fr\/saintdieinfo\/2026\/04\/sebastien-loeb-et-laurene-godey-sur-la-ligne-de-depart-du-41e-rallye-vosges-grand-est\/#respond"]}]},{"@type":"WebPage","@id":"https:\/\/vosgesinfo.fr\/saintdieinfo\/2026\/04\/sebastien-loeb-et-laurene-godey-sur-la-ligne-de-depart-du-41e-rallye-vosges-grand-est\/","url":"https:\/\/vosgesinfo.fr\/saintdieinfo\/2026\/04\/sebastien-loeb-et-laurene-godey-sur-la-ligne-de-depart-du-41e-rallye-vosges-grand-est\/","name":"S\u00e9bastien Loeb et Laur\u00e8ne Godey sur la ligne de d\u00e9part du 41e Rallye Vosges Grand Est - Saint Die Info","isPartOf":{"@id":"https:\/\/vosgesinfo.fr\/saintdieinfo\/#website"},"primaryImageOfPage":{"@id":"https:\/\/vosgesinfo.fr\/saintdieinfo\/2026\/04\/sebastien-loeb-et-laurene-godey-sur-la-ligne-de-depart-du-41e-rallye-vosges-grand-est\/#primaryimage"},"image":{"@id":"https:\/\/vosgesinfo.fr\/saintdieinfo\/2026\/04\/sebastien-loeb-et-laurene-godey-sur-la-ligne-de-depart-du-41e-rallye-vosges-grand-est\/#primaryimage"},"thumbnailUrl":"https:\/\/vosgesinfo.fr\/app\/uploads\/sites\/4\/2026\/04\/sebastien-loeblaurene-godey-rallye-vosges-grand-est.jpg","datePublished":"2026-04-29T19:53:00+00:00","dateModified":"2026-04-29T19:47:53+00:00","breadcrumb":{"@id":"https:\/\/vosgesinfo.fr\/saintdieinfo\/2026\/04\/sebastien-loeb-et-laurene-godey-sur-la-ligne-de-depart-du-41e-rallye-vosges-grand-est\/#breadcrumb"},"inLanguage":"fr-FR","potentialAction":[{"@type":"ReadAction","target":["https:\/\/vosgesinfo.fr\/saintdieinfo\/2026\/04\/sebastien-loeb-et-laurene-godey-sur-la-ligne-de-depart-du-41e-rallye-vosges-grand-est\/"]}]},{"@type":"ImageObject","inLanguage":"fr-FR","@id":"https:\/\/vosgesinfo.fr\/saintdieinfo\/2026\/04\/sebastien-loeb-et-laurene-godey-sur-la-ligne-de-depart-du-41e-rallye-vosges-grand-est\/#primaryimage","url":"https:\/\/vosgesinfo.fr\/app\/uploads\/sites\/4\/2026\/04\/sebastien-loeblaurene-godey-rallye-vosges-grand-est.jpg","contentUrl":"https:\/\/vosgesinfo.fr\/app\/uploads\/sites\/4\/2026\/04\/sebastien-loeblaurene-godey-rallye-vosges-grand-est.jpg","width":1536,"height":1024,"caption":"(Image Instagram @sebloebofficiel, modifi\u00e9e IA)"},{"@type":"BreadcrumbList","@id":"https:\/\/vosgesinfo.fr\/saintdieinfo\/2026\/04\/sebastien-loeb-et-laurene-godey-sur-la-ligne-de-depart-du-41e-rallye-vosges-grand-est\/#breadcrumb","itemListElement":[{"@type":"ListItem","position":1,"name":"Home","item":"https:\/\/vosgesinfo.fr\/saintdieinfo\/"},{"@type":"ListItem","position":2,"name":"S\u00e9bastien Loeb et Laur\u00e8ne Godey sur la ligne de d\u00e9part du 41e Rallye Vosges Grand Est"}]},{"@type":"WebSite","@id":"https:\/\/vosgesinfo.fr\/saintdieinfo\/#website","url":"https:\/\/vosgesinfo.fr\/saintdieinfo\/","name":"Saint Die Info","description":"Toute l&#039;actualit\u00e9 de Saint-Di\u00e9-Des-Vosges","publisher":{"@id":"https:\/\/vosgesinfo.fr\/saintdieinfo\/#organization"},"alternateName":"Toute l'actualit\u00e9 de Saint-Di\u00e9-Des-Vosges","potentialAction":[{"@type":"SearchAction","target":{"@type":"EntryPoint","urlTemplate":"https:\/\/vosgesinfo.fr\/saintdieinfo\/?s={search_term_string}"},"query-input":"required name=search_term_string"}],"inLanguage":"fr-FR"},{"@type":"Organization","@id":"https:\/\/vosgesinfo.fr\/saintdieinfo\/#organization","name":"Saint Die Info","url":"https:\/\/vosgesinfo.fr\/saintdieinfo\/","logo":{"@type":"ImageObject","inLanguage":"fr-FR","@id":"https:\/\/vosgesinfo.fr\/saintdieinfo\/#\/schema\/logo\/image\/","url":"https:\/\/vosgesinfo.fr\/app\/uploads\/sites\/4\/2024\/02\/logo-sdi.jpg","contentUrl":"https:\/\/vosgesinfo.fr\/app\/uploads\/sites\/4\/2024\/02\/logo-sdi.jpg","width":600,"height":600,"caption":"Saint Die Info"},"image":{"@id":"https:\/\/vosgesinfo.fr\/saintdieinfo\/#\/schema\/logo\/image\/"},"sameAs":["https:\/\/www.facebook.com\/Saintdieinfofr","https:\/\/x.com\/VosgesInfo88","https:\/\/www.youtube.com\/@vosgesinfo"]},{"@type":"Person","@id":"https:\/\/vosgesinfo.fr\/saintdieinfo\/#\/schema\/person\/fa73e9f726d67bb88f46d5b7943cb572","name":"J.J.","image":{"@type":"ImageObject","inLanguage":"fr-FR","@id":"https:\/\/vosgesinfo.fr\/saintdieinfo\/#\/schema\/person\/image\/","url":"https:\/\/secure.gravatar.com\/avatar\/219e749e47ffbcca018a360ae4add7d4cdf1cdaaf8bc7676b27efade3fe65615?s=96&d=mm&r=g","contentUrl":"https:\/\/secure.gravatar.com\/avatar\/219e749e47ffbcca018a360ae4add7d4cdf1cdaaf8bc7676b27efade3fe65615?s=96&d=mm&r=g","caption":"J.J."},"url":"https:\/\/vosgesinfo.fr\/saintdieinfo\/author\/j-j\/"}]}},"_links":{"self":[{"href":"https:\/\/vosgesinfo.fr\/saintdieinfo\/wp-json\/wp\/v2\/posts\/90839","targetHints":{"allow":["GET"]}}],"collection":[{"href":"https:\/\/vosgesinfo.fr\/saintdieinfo\/wp-json\/wp\/v2\/posts"}],"about":[{"href":"https:\/\/vosgesinfo.fr\/saintdieinfo\/wp-json\/wp\/v2\/types\/post"}],"author":[{"embeddable":true,"href":"https:\/\/vosgesinfo.fr\/saintdieinfo\/wp-json\/wp\/v2\/users\/46"}],"replies":[{"embeddable":true,"href":"https:\/\/vosgesinfo.fr\/saintdieinfo\/wp-json\/wp\/v2\/comments?post=90839"}],"version-history":[{"count":2,"href":"https:\/\/vosgesinfo.fr\/saintdieinfo\/wp-json\/wp\/v2\/posts\/90839\/revisions"}],"predecessor-version":[{"id":90842,"href":"https:\/\/vosgesinfo.fr\/saintdieinfo\/wp-json\/wp\/v2\/posts\/90839\/revisions\/90842"}],"wp:featuredmedia":[{"embeddable":true,"href":"https:\/\/vosgesinfo.fr\/saintdieinfo\/wp-json\/wp\/v2\/media\/90840"}],"wp:attachment":[{"href":"https:\/\/vosgesinfo.fr\/saintdieinfo\/wp-json\/wp\/v2\/media?parent=90839"}],"wp:term":[{"taxonomy":"category","embeddable":true,"href":"https:\/\/vosgesinfo.fr\/saintdieinfo\/wp-json\/wp\/v2\/categories?post=90839"},{"taxonomy":"post_tag","embeddable":true,"href":"https:\/\/vosgesinfo.fr\/saintdieinfo\/wp-json\/wp\/v2\/tags?post=90839"}],"curies":[{"name":"wp","href":"https:\/\/api.w.org\/{rel}","templated":true}]}}