{"id":90843,"date":"2026-04-29T22:23:12","date_gmt":"2026-04-29T20:23:12","guid":{"rendered":"https:\/\/vosgesinfo.fr\/saintdieinfo\/?p=90843"},"modified":"2026-04-29T22:17:27","modified_gmt":"2026-04-29T20:17:27","slug":"conseil-municipal-de-saint-die-des-vosges-une-premiere-seance-technique-pour-lancer-la-mandature","status":"publish","type":"post","link":"https:\/\/vosgesinfo.fr\/saintdieinfo\/2026\/04\/conseil-municipal-de-saint-die-des-vosges-une-premiere-seance-technique-pour-lancer-la-mandature\/","title":{"rendered":"Conseil Municipal de Saint-Di\u00e9-des-Vosges : une premi\u00e8re s\u00e9ance technique pour lancer la mandature"},"content":{"rendered":"<p><a href=\"https:\/\/vosgesinfo.fr\/app\/uploads\/sites\/4\/2026\/04\/cr-cm-29042026-3.jpg\"><img decoding=\"async\" class=\"alignnone size-large wp-image-90846\" src=\"https:\/\/vosgesinfo.fr\/app\/uploads\/sites\/4\/2026\/04\/cr-cm-29042026-3-1024x771.jpg\" alt=\"\" width=\"1024\" height=\"771\" srcset=\"https:\/\/vosgesinfo.fr\/app\/uploads\/sites\/4\/2026\/04\/cr-cm-29042026-3-1024x771.jpg 1024w, https:\/\/vosgesinfo.fr\/app\/uploads\/sites\/4\/2026\/04\/cr-cm-29042026-3-300x226.jpg 300w, https:\/\/vosgesinfo.fr\/app\/uploads\/sites\/4\/2026\/04\/cr-cm-29042026-3-768x578.jpg 768w, https:\/\/vosgesinfo.fr\/app\/uploads\/sites\/4\/2026\/04\/cr-cm-29042026-3-1536x1157.jpg 1536w, https:\/\/vosgesinfo.fr\/app\/uploads\/sites\/4\/2026\/04\/cr-cm-29042026-3.jpg 1920w\" sizes=\"(max-width: 1024px) 100vw, 1024px\" \/><\/a><\/p>\n<h2>Le <strong>Conseil Municipal de Saint-Di\u00e9-des-Vosges<\/strong> s\u2019est r\u00e9uni <strong>ce mercredi 29 avril<\/strong> en soir\u00e9e, sous la pr\u00e9sidence du maire <strong>Bruno Toussaint<\/strong>. Avec <strong>plus de trente d\u00e9lib\u00e9rations<\/strong> \u00e0 l\u2019ordre du jour, cette premi\u00e8re s\u00e9ance de la <strong>nouvelle mandature<\/strong> \u00e9tait surtout consacr\u00e9e \u00e0 des dossiers techniques et administratifs, ainsi qu\u2019\u00e0 la mise en place du fonctionnement municipal.<\/h2>\n<p><!--more--><\/p>\n<h3 class=\"western\"><strong>Une s\u00e9ance film\u00e9e et mise en ligne<\/strong><\/h3>\n<p>La r\u00e9union a \u00e9t\u00e9 film\u00e9e, dans une logique de <strong>transparence<\/strong>. La vid\u00e9o doit \u00eatre mise en ligne dans les <strong>72 heures<\/strong> sur le site de la Ville. Ce qui sera d\u00e9sormais le cas pour chaque s\u00e9ance du Conseil Municipal.<\/p>\n<h3 class=\"western\"><strong>Des demandes d\u2019aides pour la s\u00e9curit\u00e9<\/strong><\/h3>\n<p>Deux demandes de subventions ont \u00e9t\u00e9 d\u00e9pos\u00e9es au titre du <strong>Fonds interminist\u00e9riel de pr\u00e9vention de la d\u00e9linquance<\/strong> <strong> \u2013 FIPD.<\/strong>\u00a0La premi\u00e8re porte sur l\u2019installation de <strong>onze cam\u00e9ras de vid\u00e9oprotection<\/strong>. La seconde concerne la <strong>s\u00e9curisation des 11 \u00e9coles publiques de la ville<\/strong>, avec <strong>portails, barri\u00e8res, cl\u00f4tures et vid\u00e9ophones<\/strong>.<\/p>\n<p>L\u2019investissement total est estim\u00e9 \u00e0 hauteur de <b>375<\/b><strong> 000 euros<\/strong>, dont environ <b>74 000 euros TTC<\/b> pour la partie \u00ab\u00a0cam\u00e9ras\u00a0\u00bb et environ <b>300 000 euros TTC<\/b> pour la partie \u00ab s\u00e9curisation des \u00e9coles \u00bb.\u00a0Pour ce dernier montant, l\u2019objectif est d\u2019en financer <strong>la moiti\u00e9 par des subventions<\/strong>.<b>\u00a0<\/b>\u00ab Les all\u00e9es et venues en journ\u00e9e, notamment pour les <strong>rendez-vous m\u00e9dicaux<\/strong>, imposent de nouvelles organisations \u00bb, a expliqu\u00e9 Bruno Toussaint, pour justifier ces mesures dans les <strong>\u00e9tablissements scolaires<\/strong>.<\/p>\n<h3 class=\"western\"><strong>Une aide financi\u00e8re pour l&rsquo;installation de v\u00e9t\u00e9rinaires dans la zone Hellieule<\/strong><\/h3>\n<p>Le Conseil Municipal a vot\u00e9 un soutien \u00e0 l&rsquo;installation de <strong>v\u00e9t\u00e9rinaires<\/strong> dans la <strong>zone Hellieule<\/strong>, via une aide financi\u00e8re de <strong>10 000 euros<\/strong>. Quatre praticiens et quatre assistants y travaillent, soit <strong>huit emplois cr\u00e9\u00e9s<\/strong>. Un projet d\u2019<strong>agrandissement<\/strong> est envisag\u00e9.<\/p>\n<h3 class=\"western\"><strong>Une subvention pour le Club vosgien<\/strong><\/h3>\n<p>Le tissu associatif figurait \u00e9galement \u00e0 l\u2019ordre du jour. Le <strong>Club Vosgien local<\/strong> recevra une subvention de <strong>2 000 euros<\/strong> pour l\u2019organisation des <strong>assises nationales de l\u2019association<\/strong>, le <strong>27 juin<\/strong> \u00e0 l\u2019<strong>Espace Fran\u00e7ois-Mitterrand<\/strong>. Ce rendez-vous doit rassembler <strong>130 clubs venus de toute la France<\/strong>.<\/p>\n<h3 class=\"western\"><strong>Les instances municipales install\u00e9es<\/strong><\/h3>\n<p>Une large partie de la s\u00e9ance a \u00e9t\u00e9 consacr\u00e9e \u00e0 la d\u00e9signation des repr\u00e9sentants dans plusieurs instances, dont <strong>le Centre communal d\u2019action sociale, la Caisse des \u00e9coles et les commissions municipales<\/strong>. On en retiendra notamment que les nouveaux administrateurs du CCAS sont <b>Brigitte Defer, Otilia Parisot, Aur\u00e9lie Didier, K\u00e9vin Fr\u00e9minet, Fran\u00e7oise Legrand, Michel Valentin, Michel Klein et Geoffrey Mourey.<\/b><\/p>\n<p>Le seul point de tension notable a concern\u00e9 la demande de <strong data-start=\"58\" data-end=\"73\">Jan Verdonk<\/strong>, chef de file du groupe d\u2019opposition <strong data-start=\"111\" data-end=\"137\">\u00ab Saint-Di\u00e9 en Grand \u00bb<\/strong>, de pr\u00e9sider une commission. \u00ab Il y a 10 commissions dans notre commune. Nous pensons que nous serions <strong>fond\u00e9s \u00e0 pr\u00e9sider l&rsquo;une des commissions<\/strong>, dans un souci d\u00e9mocratique et de transparence. Soit <strong>celle des finances, soit celle des appels d\u2019offres<\/strong>, qui sont deux commissions strat\u00e9giques. \u00bb<\/p>\n<p><strong>Le maire a refus\u00e9<\/strong>, tout en laissant la porte ouverte \u00e0 un <b>possible r\u00e9examen<\/b> plus tard. \u00ab Dans un premier temps, ce sera non. Je vous ai dit que c&rsquo;\u00e9tait un non dans un premier temps, mais pas un non cat\u00e9gorique et d\u00e9finitif. On ne peut pas donner <strong>la pr\u00e9sidence d&rsquo;une commission<\/strong> \u00e0 quelqu&rsquo;un qu&rsquo;on ne conna\u00eet pas, et je vous ai rencontr\u00e9 pour la premi\u00e8re fois ce matin [NDLR : en dehors des \u00e9lections municipales]. Ce qui n&#8217;emp\u00eachera pas de continuer \u00e0 travailler ensemble. <strong>Dans un premier temps, on n&rsquo;ira pas plus loin.<\/strong> En sachant que je vous ai <strong>ouvert toutes les commissions<\/strong>, ainsi que des postes que vous n&rsquo;avez pas lieu d&rsquo;avoir. \u00bb<\/p>\n<p>Jan Verdonk a regrett\u00e9 cette d\u00e9cision. \u00ab On ne parle pas de vous et moi, mais des <strong>41,48 % des \u00e9lecteurs<\/strong> qui nous ont choisis et qui nous ont fait confiance. \u00bb<\/p>\n<h3 class=\"western\"><strong>Pas de question diverse<\/strong><\/h3>\n<p>Les autres points ont port\u00e9 sur des <strong>cessions fonci\u00e8res, des servitudes et plusieurs ajustements administratifs<\/strong>. Des points qui n&rsquo;ont pas suscit\u00e9 de <strong>d\u00e9bat particulier<\/strong>. Aucun <strong>\u00e9lu d\u2019opposition<\/strong> n\u2019a pos\u00e9 de question diverse avant la fin de la s\u00e9ance.<\/p>\n<p>Cette r\u00e9union dense et technique a surtout servi \u00e0 lancer le fonctionnement de la <strong>nouvelle mandature<\/strong>, avant des r\u00e9unions sans doute plus politiques \u00e0 l&rsquo;avenir. La prochaine r\u00e9union du <strong>Conseil Municipal de Saint-Di\u00e9-des-Vosges<\/strong> est programm\u00e9e au vendredi <strong>5 juin<\/strong> \u00e0 <strong>19h<\/strong>.<\/p>\n\n\t\t<style type=\"text\/css\">\n\t\t\t#gallery-1 {\n\t\t\t\tmargin: auto;\n\t\t\t}\n\t\t\t#gallery-1 .gallery-item {\n\t\t\t\tfloat: left;\n\t\t\t\tmargin-top: 10px;\n\t\t\t\ttext-align: center;\n\t\t\t\twidth: 33%;\n\t\t\t}\n\t\t\t#gallery-1 img {\n\t\t\t\tborder: 2px solid #cfcfcf;\n\t\t\t}\n\t\t\t#gallery-1 .gallery-caption {\n\t\t\t\tmargin-left: 0;\n\t\t\t}\n\t\t\t\/* see gallery_shortcode() in wp-includes\/media.php *\/\n\t\t<\/style>\n\t\t<div id='gallery-1' class='gallery galleryid-90843 gallery-columns-3 gallery-size-thumbnail'><dl class='gallery-item'>\n\t\t\t<dt class='gallery-icon landscape'>\n\t\t\t\t<a href='https:\/\/vosgesinfo.fr\/app\/uploads\/sites\/4\/2026\/04\/cr-cm-29042026-1.jpg'><img decoding=\"async\" width=\"150\" height=\"150\" src=\"https:\/\/vosgesinfo.fr\/app\/uploads\/sites\/4\/2026\/04\/cr-cm-29042026-1-150x150.jpg\" class=\"attachment-thumbnail size-thumbnail\" alt=\"\" \/><\/a>\n\t\t\t<\/dt><\/dl><dl class='gallery-item'>\n\t\t\t<dt class='gallery-icon landscape'>\n\t\t\t\t<a href='https:\/\/vosgesinfo.fr\/app\/uploads\/sites\/4\/2026\/04\/cr-cm-29042026-2.jpg'><img decoding=\"async\" width=\"150\" height=\"150\" src=\"https:\/\/vosgesinfo.fr\/app\/uploads\/sites\/4\/2026\/04\/cr-cm-29042026-2-150x150.jpg\" class=\"attachment-thumbnail size-thumbnail\" alt=\"\" \/><\/a>\n\t\t\t<\/dt><\/dl><dl class='gallery-item'>\n\t\t\t<dt class='gallery-icon landscape'>\n\t\t\t\t<a href='https:\/\/vosgesinfo.fr\/app\/uploads\/sites\/4\/2026\/04\/cr-cm-29042026-4.jpg'><img decoding=\"async\" width=\"150\" height=\"150\" src=\"https:\/\/vosgesinfo.fr\/app\/uploads\/sites\/4\/2026\/04\/cr-cm-29042026-4-150x150.jpg\" class=\"attachment-thumbnail size-thumbnail\" alt=\"\" \/><\/a>\n\t\t\t<\/dt><\/dl><br style=\"clear: both\" \/><dl class='gallery-item'>\n\t\t\t<dt class='gallery-icon landscape'>\n\t\t\t\t<a href='https:\/\/vosgesinfo.fr\/app\/uploads\/sites\/4\/2026\/04\/cr-cm-29042026-5.jpg'><img decoding=\"async\" width=\"150\" height=\"150\" src=\"https:\/\/vosgesinfo.fr\/app\/uploads\/sites\/4\/2026\/04\/cr-cm-29042026-5-150x150.jpg\" class=\"attachment-thumbnail size-thumbnail\" alt=\"\" \/><\/a>\n\t\t\t<\/dt><\/dl><dl class='gallery-item'>\n\t\t\t<dt class='gallery-icon landscape'>\n\t\t\t\t<a href='https:\/\/vosgesinfo.fr\/app\/uploads\/sites\/4\/2026\/04\/cr-cm-29042026-6.jpg'><img decoding=\"async\" width=\"150\" height=\"150\" src=\"https:\/\/vosgesinfo.fr\/app\/uploads\/sites\/4\/2026\/04\/cr-cm-29042026-6-150x150.jpg\" class=\"attachment-thumbnail size-thumbnail\" alt=\"\" \/><\/a>\n\t\t\t<\/dt><\/dl><dl class='gallery-item'>\n\t\t\t<dt class='gallery-icon landscape'>\n\t\t\t\t<a href='https:\/\/vosgesinfo.fr\/app\/uploads\/sites\/4\/2026\/04\/cr-cm-29042026-7.jpg'><img decoding=\"async\" width=\"150\" height=\"150\" src=\"https:\/\/vosgesinfo.fr\/app\/uploads\/sites\/4\/2026\/04\/cr-cm-29042026-7-150x150.jpg\" class=\"attachment-thumbnail size-thumbnail\" alt=\"\" \/><\/a>\n\t\t\t<\/dt><\/dl><br style=\"clear: both\" \/>\n\t\t<\/div>\n\n","protected":false},"excerpt":{"rendered":"<p>Le Conseil Municipal de Saint-Di\u00e9-des-Vosges s\u2019est r\u00e9uni ce mercredi 29 avril en soir\u00e9e, sous la pr\u00e9sidence du maire Bruno Toussaint. [&hellip;]<\/p>\n","protected":false},"author":46,"featured_media":90846,"comment_status":"open","ping_status":"open","sticky":false,"template":"","format":"standard","meta":{"footnotes":""},"categories":[460,10,167],"tags":[3415,1514,7916,1542,3089,2881,21482,19202,4135],"class_list":["post-90843","post","type-post","status-publish","format-standard","has-post-thumbnail","hentry","category-a-la-une","category-politique","category-saint-die-des-vosges","tag-bruno-toussaint","tag-club-vosgien","tag-conseil-municipal","tag-ecoles","tag-espace-francois-mitterrand","tag-saint-die-des-vosges","tag-veterinaires","tag-videoprotection","tag-zone-hellieule"],"acf":[],"yoast_head":"<!-- This site is optimized with the Yoast SEO plugin v22.5 - https:\/\/yoast.com\/wordpress\/plugins\/seo\/ -->\n<title>Conseil Municipal de Saint-Di\u00e9-des-Vosges : une premi\u00e8re s\u00e9ance technique pour lancer la mandature - Saint Die Info<\/title>\n<meta name=\"robots\" content=\"index, follow, max-snippet:-1, max-image-preview:large, max-video-preview:-1\" \/>\n<link rel=\"canonical\" href=\"https:\/\/vosgesinfo.fr\/saintdieinfo\/2026\/04\/conseil-municipal-de-saint-die-des-vosges-une-premiere-seance-technique-pour-lancer-la-mandature\/\" \/>\n<meta name=\"twitter:card\" content=\"summary_large_image\" \/>\n<meta name=\"twitter:title\" content=\"Conseil Municipal de Saint-Di\u00e9-des-Vosges : une premi\u00e8re s\u00e9ance technique pour lancer la mandature - Saint Die Info\" \/>\n<meta name=\"twitter:description\" content=\"Le Conseil Municipal de Saint-Di\u00e9-des-Vosges s\u2019est r\u00e9uni ce mercredi 29 avril en soir\u00e9e, sous la pr\u00e9sidence du maire Bruno Toussaint. [&hellip;]\" \/>\n<meta name=\"twitter:image\" content=\"https:\/\/vosgesinfo.fr\/app\/uploads\/sites\/4\/2026\/04\/cr-cm-29042026-3.jpg\" \/>\n<meta name=\"twitter:creator\" content=\"@VosgesInfo88\" \/>\n<meta name=\"twitter:site\" content=\"@VosgesInfo88\" \/>\n<meta name=\"twitter:label1\" content=\"\u00c9crit par\" \/>\n\t<meta name=\"twitter:data1\" content=\"J.J.\" \/>\n\t<meta name=\"twitter:label2\" content=\"Dur\u00e9e de lecture estim\u00e9e\" \/>\n\t<meta name=\"twitter:data2\" content=\"4 minutes\" \/>\n<script type=\"application\/ld+json\" class=\"yoast-schema-graph\">{\"@context\":\"https:\/\/schema.org\",\"@graph\":[{\"@type\":\"Article\",\"@id\":\"https:\/\/vosgesinfo.fr\/saintdieinfo\/2026\/04\/conseil-municipal-de-saint-die-des-vosges-une-premiere-seance-technique-pour-lancer-la-mandature\/#article\",\"isPartOf\":{\"@id\":\"https:\/\/vosgesinfo.fr\/saintdieinfo\/2026\/04\/conseil-municipal-de-saint-die-des-vosges-une-premiere-seance-technique-pour-lancer-la-mandature\/\"},\"author\":{\"name\":\"J.J.\",\"@id\":\"https:\/\/vosgesinfo.fr\/saintdieinfo\/#\/schema\/person\/fa73e9f726d67bb88f46d5b7943cb572\"},\"headline\":\"Conseil Municipal de Saint-Di\u00e9-des-Vosges : une premi\u00e8re s\u00e9ance technique pour lancer la mandature\",\"datePublished\":\"2026-04-29T20:23:12+00:00\",\"dateModified\":\"2026-04-29T20:17:27+00:00\",\"mainEntityOfPage\":{\"@id\":\"https:\/\/vosgesinfo.fr\/saintdieinfo\/2026\/04\/conseil-municipal-de-saint-die-des-vosges-une-premiere-seance-technique-pour-lancer-la-mandature\/\"},\"wordCount\":766,\"commentCount\":0,\"publisher\":{\"@id\":\"https:\/\/vosgesinfo.fr\/saintdieinfo\/#organization\"},\"image\":{\"@id\":\"https:\/\/vosgesinfo.fr\/saintdieinfo\/2026\/04\/conseil-municipal-de-saint-die-des-vosges-une-premiere-seance-technique-pour-lancer-la-mandature\/#primaryimage\"},\"thumbnailUrl\":\"https:\/\/vosgesinfo.fr\/app\/uploads\/sites\/4\/2026\/04\/cr-cm-29042026-3.jpg\",\"keywords\":[\"Bruno Toussaint\",\"Club vosgien\",\"Conseil Municipal\",\"\u00e9coles\",\"Espace Fran\u00e7ois-Mitterrand\",\"Saint-Di\u00e9-des-Vosges\",\"v\u00e9t\u00e9rinaires\",\"vid\u00e9oprotection\",\"Zone Hellieule\"],\"articleSection\":[\"A la Une\",\"Politique\",\"Saint-Di\u00e9-des-Vosges\"],\"inLanguage\":\"fr-FR\",\"potentialAction\":[{\"@type\":\"CommentAction\",\"name\":\"Comment\",\"target\":[\"https:\/\/vosgesinfo.fr\/saintdieinfo\/2026\/04\/conseil-municipal-de-saint-die-des-vosges-une-premiere-seance-technique-pour-lancer-la-mandature\/#respond\"]}]},{\"@type\":\"WebPage\",\"@id\":\"https:\/\/vosgesinfo.fr\/saintdieinfo\/2026\/04\/conseil-municipal-de-saint-die-des-vosges-une-premiere-seance-technique-pour-lancer-la-mandature\/\",\"url\":\"https:\/\/vosgesinfo.fr\/saintdieinfo\/2026\/04\/conseil-municipal-de-saint-die-des-vosges-une-premiere-seance-technique-pour-lancer-la-mandature\/\",\"name\":\"Conseil Municipal de Saint-Di\u00e9-des-Vosges : une premi\u00e8re s\u00e9ance technique pour lancer la mandature - Saint Die Info\",\"isPartOf\":{\"@id\":\"https:\/\/vosgesinfo.fr\/saintdieinfo\/#website\"},\"primaryImageOfPage\":{\"@id\":\"https:\/\/vosgesinfo.fr\/saintdieinfo\/2026\/04\/conseil-municipal-de-saint-die-des-vosges-une-premiere-seance-technique-pour-lancer-la-mandature\/#primaryimage\"},\"image\":{\"@id\":\"https:\/\/vosgesinfo.fr\/saintdieinfo\/2026\/04\/conseil-municipal-de-saint-die-des-vosges-une-premiere-seance-technique-pour-lancer-la-mandature\/#primaryimage\"},\"thumbnailUrl\":\"https:\/\/vosgesinfo.fr\/app\/uploads\/sites\/4\/2026\/04\/cr-cm-29042026-3.jpg\",\"datePublished\":\"2026-04-29T20:23:12+00:00\",\"dateModified\":\"2026-04-29T20:17:27+00:00\",\"breadcrumb\":{\"@id\":\"https:\/\/vosgesinfo.fr\/saintdieinfo\/2026\/04\/conseil-municipal-de-saint-die-des-vosges-une-premiere-seance-technique-pour-lancer-la-mandature\/#breadcrumb\"},\"inLanguage\":\"fr-FR\",\"potentialAction\":[{\"@type\":\"ReadAction\",\"target\":[\"https:\/\/vosgesinfo.fr\/saintdieinfo\/2026\/04\/conseil-municipal-de-saint-die-des-vosges-une-premiere-seance-technique-pour-lancer-la-mandature\/\"]}]},{\"@type\":\"ImageObject\",\"inLanguage\":\"fr-FR\",\"@id\":\"https:\/\/vosgesinfo.fr\/saintdieinfo\/2026\/04\/conseil-municipal-de-saint-die-des-vosges-une-premiere-seance-technique-pour-lancer-la-mandature\/#primaryimage\",\"url\":\"https:\/\/vosgesinfo.fr\/app\/uploads\/sites\/4\/2026\/04\/cr-cm-29042026-3.jpg\",\"contentUrl\":\"https:\/\/vosgesinfo.fr\/app\/uploads\/sites\/4\/2026\/04\/cr-cm-29042026-3.jpg\",\"width\":1920,\"height\":1446},{\"@type\":\"BreadcrumbList\",\"@id\":\"https:\/\/vosgesinfo.fr\/saintdieinfo\/2026\/04\/conseil-municipal-de-saint-die-des-vosges-une-premiere-seance-technique-pour-lancer-la-mandature\/#breadcrumb\",\"itemListElement\":[{\"@type\":\"ListItem\",\"position\":1,\"name\":\"Home\",\"item\":\"https:\/\/vosgesinfo.fr\/saintdieinfo\/\"},{\"@type\":\"ListItem\",\"position\":2,\"name\":\"Conseil Municipal de Saint-Di\u00e9-des-Vosges : une premi\u00e8re s\u00e9ance technique pour lancer la mandature\"}]},{\"@type\":\"WebSite\",\"@id\":\"https:\/\/vosgesinfo.fr\/saintdieinfo\/#website\",\"url\":\"https:\/\/vosgesinfo.fr\/saintdieinfo\/\",\"name\":\"Saint Die Info\",\"description\":\"Toute l&#039;actualit\u00e9 de Saint-Di\u00e9-Des-Vosges\",\"publisher\":{\"@id\":\"https:\/\/vosgesinfo.fr\/saintdieinfo\/#organization\"},\"alternateName\":\"Toute l'actualit\u00e9 de Saint-Di\u00e9-Des-Vosges\",\"potentialAction\":[{\"@type\":\"SearchAction\",\"target\":{\"@type\":\"EntryPoint\",\"urlTemplate\":\"https:\/\/vosgesinfo.fr\/saintdieinfo\/?s={search_term_string}\"},\"query-input\":\"required name=search_term_string\"}],\"inLanguage\":\"fr-FR\"},{\"@type\":\"Organization\",\"@id\":\"https:\/\/vosgesinfo.fr\/saintdieinfo\/#organization\",\"name\":\"Saint Die Info\",\"url\":\"https:\/\/vosgesinfo.fr\/saintdieinfo\/\",\"logo\":{\"@type\":\"ImageObject\",\"inLanguage\":\"fr-FR\",\"@id\":\"https:\/\/vosgesinfo.fr\/saintdieinfo\/#\/schema\/logo\/image\/\",\"url\":\"https:\/\/vosgesinfo.fr\/app\/uploads\/sites\/4\/2024\/02\/logo-sdi.jpg\",\"contentUrl\":\"https:\/\/vosgesinfo.fr\/app\/uploads\/sites\/4\/2024\/02\/logo-sdi.jpg\",\"width\":600,\"height\":600,\"caption\":\"Saint Die Info\"},\"image\":{\"@id\":\"https:\/\/vosgesinfo.fr\/saintdieinfo\/#\/schema\/logo\/image\/\"},\"sameAs\":[\"https:\/\/www.facebook.com\/Saintdieinfofr\",\"https:\/\/x.com\/VosgesInfo88\",\"https:\/\/www.youtube.com\/@vosgesinfo\"]},{\"@type\":\"Person\",\"@id\":\"https:\/\/vosgesinfo.fr\/saintdieinfo\/#\/schema\/person\/fa73e9f726d67bb88f46d5b7943cb572\",\"name\":\"J.J.\",\"image\":{\"@type\":\"ImageObject\",\"inLanguage\":\"fr-FR\",\"@id\":\"https:\/\/vosgesinfo.fr\/saintdieinfo\/#\/schema\/person\/image\/\",\"url\":\"https:\/\/secure.gravatar.com\/avatar\/219e749e47ffbcca018a360ae4add7d4cdf1cdaaf8bc7676b27efade3fe65615?s=96&d=mm&r=g\",\"contentUrl\":\"https:\/\/secure.gravatar.com\/avatar\/219e749e47ffbcca018a360ae4add7d4cdf1cdaaf8bc7676b27efade3fe65615?s=96&d=mm&r=g\",\"caption\":\"J.J.\"},\"url\":\"https:\/\/vosgesinfo.fr\/saintdieinfo\/author\/j-j\/\"}]}<\/script>\n<!-- \/ Yoast SEO plugin. -->","yoast_head_json":{"title":"Conseil Municipal de Saint-Di\u00e9-des-Vosges : une premi\u00e8re s\u00e9ance technique pour lancer la mandature - Saint Die Info","robots":{"index":"index","follow":"follow","max-snippet":"max-snippet:-1","max-image-preview":"max-image-preview:large","max-video-preview":"max-video-preview:-1"},"canonical":"https:\/\/vosgesinfo.fr\/saintdieinfo\/2026\/04\/conseil-municipal-de-saint-die-des-vosges-une-premiere-seance-technique-pour-lancer-la-mandature\/","twitter_card":"summary_large_image","twitter_title":"Conseil Municipal de Saint-Di\u00e9-des-Vosges : une premi\u00e8re s\u00e9ance technique pour lancer la mandature - Saint Die Info","twitter_description":"Le Conseil Municipal de Saint-Di\u00e9-des-Vosges s\u2019est r\u00e9uni ce mercredi 29 avril en soir\u00e9e, sous la pr\u00e9sidence du maire Bruno Toussaint. [&hellip;]","twitter_image":"https:\/\/vosgesinfo.fr\/app\/uploads\/sites\/4\/2026\/04\/cr-cm-29042026-3.jpg","twitter_creator":"@VosgesInfo88","twitter_site":"@VosgesInfo88","twitter_misc":{"\u00c9crit par":"J.J.","Dur\u00e9e de lecture estim\u00e9e":"4 minutes"},"schema":{"@context":"https:\/\/schema.org","@graph":[{"@type":"Article","@id":"https:\/\/vosgesinfo.fr\/saintdieinfo\/2026\/04\/conseil-municipal-de-saint-die-des-vosges-une-premiere-seance-technique-pour-lancer-la-mandature\/#article","isPartOf":{"@id":"https:\/\/vosgesinfo.fr\/saintdieinfo\/2026\/04\/conseil-municipal-de-saint-die-des-vosges-une-premiere-seance-technique-pour-lancer-la-mandature\/"},"author":{"name":"J.J.","@id":"https:\/\/vosgesinfo.fr\/saintdieinfo\/#\/schema\/person\/fa73e9f726d67bb88f46d5b7943cb572"},"headline":"Conseil Municipal de Saint-Di\u00e9-des-Vosges : une premi\u00e8re s\u00e9ance technique pour lancer la mandature","datePublished":"2026-04-29T20:23:12+00:00","dateModified":"2026-04-29T20:17:27+00:00","mainEntityOfPage":{"@id":"https:\/\/vosgesinfo.fr\/saintdieinfo\/2026\/04\/conseil-municipal-de-saint-die-des-vosges-une-premiere-seance-technique-pour-lancer-la-mandature\/"},"wordCount":766,"commentCount":0,"publisher":{"@id":"https:\/\/vosgesinfo.fr\/saintdieinfo\/#organization"},"image":{"@id":"https:\/\/vosgesinfo.fr\/saintdieinfo\/2026\/04\/conseil-municipal-de-saint-die-des-vosges-une-premiere-seance-technique-pour-lancer-la-mandature\/#primaryimage"},"thumbnailUrl":"https:\/\/vosgesinfo.fr\/app\/uploads\/sites\/4\/2026\/04\/cr-cm-29042026-3.jpg","keywords":["Bruno Toussaint","Club vosgien","Conseil Municipal","\u00e9coles","Espace Fran\u00e7ois-Mitterrand","Saint-Di\u00e9-des-Vosges","v\u00e9t\u00e9rinaires","vid\u00e9oprotection","Zone Hellieule"],"articleSection":["A la Une","Politique","Saint-Di\u00e9-des-Vosges"],"inLanguage":"fr-FR","potentialAction":[{"@type":"CommentAction","name":"Comment","target":["https:\/\/vosgesinfo.fr\/saintdieinfo\/2026\/04\/conseil-municipal-de-saint-die-des-vosges-une-premiere-seance-technique-pour-lancer-la-mandature\/#respond"]}]},{"@type":"WebPage","@id":"https:\/\/vosgesinfo.fr\/saintdieinfo\/2026\/04\/conseil-municipal-de-saint-die-des-vosges-une-premiere-seance-technique-pour-lancer-la-mandature\/","url":"https:\/\/vosgesinfo.fr\/saintdieinfo\/2026\/04\/conseil-municipal-de-saint-die-des-vosges-une-premiere-seance-technique-pour-lancer-la-mandature\/","name":"Conseil Municipal de Saint-Di\u00e9-des-Vosges : une premi\u00e8re s\u00e9ance technique pour lancer la mandature - Saint Die Info","isPartOf":{"@id":"https:\/\/vosgesinfo.fr\/saintdieinfo\/#website"},"primaryImageOfPage":{"@id":"https:\/\/vosgesinfo.fr\/saintdieinfo\/2026\/04\/conseil-municipal-de-saint-die-des-vosges-une-premiere-seance-technique-pour-lancer-la-mandature\/#primaryimage"},"image":{"@id":"https:\/\/vosgesinfo.fr\/saintdieinfo\/2026\/04\/conseil-municipal-de-saint-die-des-vosges-une-premiere-seance-technique-pour-lancer-la-mandature\/#primaryimage"},"thumbnailUrl":"https:\/\/vosgesinfo.fr\/app\/uploads\/sites\/4\/2026\/04\/cr-cm-29042026-3.jpg","datePublished":"2026-04-29T20:23:12+00:00","dateModified":"2026-04-29T20:17:27+00:00","breadcrumb":{"@id":"https:\/\/vosgesinfo.fr\/saintdieinfo\/2026\/04\/conseil-municipal-de-saint-die-des-vosges-une-premiere-seance-technique-pour-lancer-la-mandature\/#breadcrumb"},"inLanguage":"fr-FR","potentialAction":[{"@type":"ReadAction","target":["https:\/\/vosgesinfo.fr\/saintdieinfo\/2026\/04\/conseil-municipal-de-saint-die-des-vosges-une-premiere-seance-technique-pour-lancer-la-mandature\/"]}]},{"@type":"ImageObject","inLanguage":"fr-FR","@id":"https:\/\/vosgesinfo.fr\/saintdieinfo\/2026\/04\/conseil-municipal-de-saint-die-des-vosges-une-premiere-seance-technique-pour-lancer-la-mandature\/#primaryimage","url":"https:\/\/vosgesinfo.fr\/app\/uploads\/sites\/4\/2026\/04\/cr-cm-29042026-3.jpg","contentUrl":"https:\/\/vosgesinfo.fr\/app\/uploads\/sites\/4\/2026\/04\/cr-cm-29042026-3.jpg","width":1920,"height":1446},{"@type":"BreadcrumbList","@id":"https:\/\/vosgesinfo.fr\/saintdieinfo\/2026\/04\/conseil-municipal-de-saint-die-des-vosges-une-premiere-seance-technique-pour-lancer-la-mandature\/#breadcrumb","itemListElement":[{"@type":"ListItem","position":1,"name":"Home","item":"https:\/\/vosgesinfo.fr\/saintdieinfo\/"},{"@type":"ListItem","position":2,"name":"Conseil Municipal de Saint-Di\u00e9-des-Vosges : une premi\u00e8re s\u00e9ance technique pour lancer la mandature"}]},{"@type":"WebSite","@id":"https:\/\/vosgesinfo.fr\/saintdieinfo\/#website","url":"https:\/\/vosgesinfo.fr\/saintdieinfo\/","name":"Saint Die Info","description":"Toute l&#039;actualit\u00e9 de Saint-Di\u00e9-Des-Vosges","publisher":{"@id":"https:\/\/vosgesinfo.fr\/saintdieinfo\/#organization"},"alternateName":"Toute l'actualit\u00e9 de Saint-Di\u00e9-Des-Vosges","potentialAction":[{"@type":"SearchAction","target":{"@type":"EntryPoint","urlTemplate":"https:\/\/vosgesinfo.fr\/saintdieinfo\/?s={search_term_string}"},"query-input":"required name=search_term_string"}],"inLanguage":"fr-FR"},{"@type":"Organization","@id":"https:\/\/vosgesinfo.fr\/saintdieinfo\/#organization","name":"Saint Die Info","url":"https:\/\/vosgesinfo.fr\/saintdieinfo\/","logo":{"@type":"ImageObject","inLanguage":"fr-FR","@id":"https:\/\/vosgesinfo.fr\/saintdieinfo\/#\/schema\/logo\/image\/","url":"https:\/\/vosgesinfo.fr\/app\/uploads\/sites\/4\/2024\/02\/logo-sdi.jpg","contentUrl":"https:\/\/vosgesinfo.fr\/app\/uploads\/sites\/4\/2024\/02\/logo-sdi.jpg","width":600,"height":600,"caption":"Saint Die Info"},"image":{"@id":"https:\/\/vosgesinfo.fr\/saintdieinfo\/#\/schema\/logo\/image\/"},"sameAs":["https:\/\/www.facebook.com\/Saintdieinfofr","https:\/\/x.com\/VosgesInfo88","https:\/\/www.youtube.com\/@vosgesinfo"]},{"@type":"Person","@id":"https:\/\/vosgesinfo.fr\/saintdieinfo\/#\/schema\/person\/fa73e9f726d67bb88f46d5b7943cb572","name":"J.J.","image":{"@type":"ImageObject","inLanguage":"fr-FR","@id":"https:\/\/vosgesinfo.fr\/saintdieinfo\/#\/schema\/person\/image\/","url":"https:\/\/secure.gravatar.com\/avatar\/219e749e47ffbcca018a360ae4add7d4cdf1cdaaf8bc7676b27efade3fe65615?s=96&d=mm&r=g","contentUrl":"https:\/\/secure.gravatar.com\/avatar\/219e749e47ffbcca018a360ae4add7d4cdf1cdaaf8bc7676b27efade3fe65615?s=96&d=mm&r=g","caption":"J.J."},"url":"https:\/\/vosgesinfo.fr\/saintdieinfo\/author\/j-j\/"}]}},"_links":{"self":[{"href":"https:\/\/vosgesinfo.fr\/saintdieinfo\/wp-json\/wp\/v2\/posts\/90843","targetHints":{"allow":["GET"]}}],"collection":[{"href":"https:\/\/vosgesinfo.fr\/saintdieinfo\/wp-json\/wp\/v2\/posts"}],"about":[{"href":"https:\/\/vosgesinfo.fr\/saintdieinfo\/wp-json\/wp\/v2\/types\/post"}],"author":[{"embeddable":true,"href":"https:\/\/vosgesinfo.fr\/saintdieinfo\/wp-json\/wp\/v2\/users\/46"}],"replies":[{"embeddable":true,"href":"https:\/\/vosgesinfo.fr\/saintdieinfo\/wp-json\/wp\/v2\/comments?post=90843"}],"version-history":[{"count":1,"href":"https:\/\/vosgesinfo.fr\/saintdieinfo\/wp-json\/wp\/v2\/posts\/90843\/revisions"}],"predecessor-version":[{"id":90851,"href":"https:\/\/vosgesinfo.fr\/saintdieinfo\/wp-json\/wp\/v2\/posts\/90843\/revisions\/90851"}],"wp:featuredmedia":[{"embeddable":true,"href":"https:\/\/vosgesinfo.fr\/saintdieinfo\/wp-json\/wp\/v2\/media\/90846"}],"wp:attachment":[{"href":"https:\/\/vosgesinfo.fr\/saintdieinfo\/wp-json\/wp\/v2\/media?parent=90843"}],"wp:term":[{"taxonomy":"category","embeddable":true,"href":"https:\/\/vosgesinfo.fr\/saintdieinfo\/wp-json\/wp\/v2\/categories?post=90843"},{"taxonomy":"post_tag","embeddable":true,"href":"https:\/\/vosgesinfo.fr\/saintdieinfo\/wp-json\/wp\/v2\/tags?post=90843"}],"curies":[{"name":"wp","href":"https:\/\/api.w.org\/{rel}","templated":true}]}}