{"id":90871,"date":"2026-04-30T12:13:19","date_gmt":"2026-04-30T10:13:19","guid":{"rendered":"https:\/\/vosgesinfo.fr\/saintdieinfo\/?p=90871"},"modified":"2026-04-30T11:02:54","modified_gmt":"2026-04-30T09:02:54","slug":"worldskills-parcours-maxime-portera-les-couleurs-du-lycee-deodatien-la-providence-a-marseille","status":"publish","type":"post","link":"https:\/\/vosgesinfo.fr\/saintdieinfo\/2026\/04\/worldskills-parcours-maxime-portera-les-couleurs-du-lycee-deodatien-la-providence-a-marseille\/","title":{"rendered":"WorldSkills Parcours+ : Maxime portera les couleurs du lyc\u00e9e d\u00e9odatien La Providence \u00e0 Marseille"},"content":{"rendered":"<div id=\"attachment_90872\" style=\"width: 1034px\" class=\"wp-caption alignnone\"><a href=\"https:\/\/vosgesinfo.fr\/app\/uploads\/sites\/4\/2026\/04\/maxime-1ere-rpip-la-providence-worldskills.jpg\"><img decoding=\"async\" aria-describedby=\"caption-attachment-90872\" class=\"size-large wp-image-90872\" src=\"https:\/\/vosgesinfo.fr\/app\/uploads\/sites\/4\/2026\/04\/maxime-1ere-rpip-la-providence-worldskills-1024x769.jpg\" alt=\"\" width=\"1024\" height=\"769\" srcset=\"https:\/\/vosgesinfo.fr\/app\/uploads\/sites\/4\/2026\/04\/maxime-1ere-rpip-la-providence-worldskills-1024x769.jpg 1024w, https:\/\/vosgesinfo.fr\/app\/uploads\/sites\/4\/2026\/04\/maxime-1ere-rpip-la-providence-worldskills-300x225.jpg 300w, https:\/\/vosgesinfo.fr\/app\/uploads\/sites\/4\/2026\/04\/maxime-1ere-rpip-la-providence-worldskills-768x577.jpg 768w, https:\/\/vosgesinfo.fr\/app\/uploads\/sites\/4\/2026\/04\/maxime-1ere-rpip-la-providence-worldskills.jpg 1143w\" sizes=\"(max-width: 1024px) 100vw, 1024px\" \/><\/a><p id=\"caption-attachment-90872\" class=\"wp-caption-text\">(Photographie lyc\u00e9e Notre-Dame de La Providence)<\/p><\/div>\n<h2><strong>Maxime<\/strong>, \u00e9l\u00e8ve en 1re dans la section <strong>R\u00e9alisation de produits imprim\u00e9s et plurim\u00e9dia \u2013 RPIP \u2013<\/strong> du <strong>lyc\u00e9e La Providence<\/strong> de <strong>Saint-Di\u00e9-des-Vosges<\/strong>, repr\u00e9sentera le <strong>Grand Est<\/strong> au <strong>concours WorldSkills France Parcours+<\/strong>. Il participera le 12 mai, \u00e0 <strong>Marseille<\/strong>, \u00e0 l\u2019\u00e9preuve de <strong>conception d\u2019affiche<\/strong>. Une premi\u00e8re pour cette section de l\u2019\u00e9tablissement.<\/h2>\n<p><!--more--><\/p>\n<h3><strong>Une premi\u00e8re pour la section RPIP<\/strong><\/h3>\n<p>Scolaris\u00e9 depuis deux ans dans cette fili\u00e8re, Maxime est originaire de <strong>Bois-de-Haye<\/strong>, en <strong>Meurthe-et-Moselle<\/strong>. Interne au lyc\u00e9e, il b\u00e9n\u00e9ficie d\u2019un accompagnement dans le cadre du dispositif <strong>ULIS LP<\/strong>, avec le suivi de l\u2019\u00e9quipe enseignante et de l\u2019enseignante sp\u00e9cialis\u00e9e. Son parcours, son engagement et ses progr\u00e8s ont permis cette s\u00e9lection.<\/p>\n<h3><strong>Une journ\u00e9e d\u00e9cisive \u00e0 Marseille<\/strong><\/h3>\n<p>Maxime rejoindra Marseille la veille de l\u2019\u00e9preuve, avant de rentrer le soir m\u00eame. Il sera le plus jeune candidat en lice dans cette cat\u00e9gorie. Son parcours pourrait se poursuivre avec <strong>l\u2019\u00e9quipe de France<\/strong> lors de la prochaine \u00e9dition internationale \u00e0 <strong>Helsinki<\/strong>.<\/p>\n<h3><strong>Une exp\u00e9rience formatrice<\/strong><\/h3>\n<p>Exigeante, cette comp\u00e9tition permettra \u00e0 Maxime de <strong>renforcer<\/strong> ses comp\u00e9tences, de <strong>se confronter<\/strong> \u00e0 d\u2019autres talents et de <strong>gagner<\/strong> en reconnaissance dans son domaine professionnel.<\/p>\n","protected":false},"excerpt":{"rendered":"<p>Maxime, \u00e9l\u00e8ve en 1re dans la section R\u00e9alisation de produits imprim\u00e9s et plurim\u00e9dia \u2013 RPIP \u2013 du lyc\u00e9e La Providence [&hellip;]<\/p>\n","protected":false},"author":46,"featured_media":90872,"comment_status":"open","ping_status":"open","sticky":false,"template":"","format":"standard","meta":{"footnotes":""},"categories":[460,6,167],"tags":[21491,679,19979,9097,21489,19562,19980,2881,21490],"class_list":["post-90871","post","type-post","status-publish","format-standard","has-post-thumbnail","hentry","category-a-la-une","category-education","category-saint-die-des-vosges","tag-conception-daffiche","tag-grand-est","tag-lycee-la-providence","tag-marseille","tag-maxime","tag-realisation-de-produits-imprimes-et-plurimedia","tag-rpip","tag-saint-die-des-vosges","tag-worldskills-france-parcours"],"acf":[],"yoast_head":"<!-- This site is optimized with the Yoast SEO plugin v22.5 - https:\/\/yoast.com\/wordpress\/plugins\/seo\/ -->\n<title>WorldSkills Parcours+ : Maxime portera les couleurs du lyc\u00e9e d\u00e9odatien La Providence \u00e0 Marseille - Saint Die Info<\/title>\n<meta name=\"robots\" content=\"index, follow, max-snippet:-1, max-image-preview:large, max-video-preview:-1\" \/>\n<link rel=\"canonical\" href=\"https:\/\/vosgesinfo.fr\/saintdieinfo\/2026\/04\/worldskills-parcours-maxime-portera-les-couleurs-du-lycee-deodatien-la-providence-a-marseille\/\" \/>\n<meta name=\"twitter:card\" content=\"summary_large_image\" \/>\n<meta name=\"twitter:title\" content=\"WorldSkills Parcours+ : Maxime portera les couleurs du lyc\u00e9e d\u00e9odatien La Providence \u00e0 Marseille - Saint Die Info\" \/>\n<meta name=\"twitter:description\" content=\"Maxime, \u00e9l\u00e8ve en 1re dans la section R\u00e9alisation de produits imprim\u00e9s et plurim\u00e9dia \u2013 RPIP \u2013 du lyc\u00e9e La Providence [&hellip;]\" \/>\n<meta name=\"twitter:image\" content=\"https:\/\/vosgesinfo.fr\/app\/uploads\/sites\/4\/2026\/04\/maxime-1ere-rpip-la-providence-worldskills.jpg\" \/>\n<meta name=\"twitter:creator\" content=\"@VosgesInfo88\" \/>\n<meta name=\"twitter:site\" content=\"@VosgesInfo88\" \/>\n<meta name=\"twitter:label1\" content=\"\u00c9crit par\" \/>\n\t<meta name=\"twitter:data1\" content=\"J.J.\" \/>\n\t<meta name=\"twitter:label2\" content=\"Dur\u00e9e de lecture estim\u00e9e\" \/>\n\t<meta name=\"twitter:data2\" content=\"2 minutes\" \/>\n<script type=\"application\/ld+json\" class=\"yoast-schema-graph\">{\"@context\":\"https:\/\/schema.org\",\"@graph\":[{\"@type\":\"Article\",\"@id\":\"https:\/\/vosgesinfo.fr\/saintdieinfo\/2026\/04\/worldskills-parcours-maxime-portera-les-couleurs-du-lycee-deodatien-la-providence-a-marseille\/#article\",\"isPartOf\":{\"@id\":\"https:\/\/vosgesinfo.fr\/saintdieinfo\/2026\/04\/worldskills-parcours-maxime-portera-les-couleurs-du-lycee-deodatien-la-providence-a-marseille\/\"},\"author\":{\"name\":\"J.J.\",\"@id\":\"https:\/\/vosgesinfo.fr\/saintdieinfo\/#\/schema\/person\/fa73e9f726d67bb88f46d5b7943cb572\"},\"headline\":\"WorldSkills Parcours+ : Maxime portera les couleurs du lyc\u00e9e d\u00e9odatien La Providence \u00e0 Marseille\",\"datePublished\":\"2026-04-30T10:13:19+00:00\",\"dateModified\":\"2026-04-30T09:02:54+00:00\",\"mainEntityOfPage\":{\"@id\":\"https:\/\/vosgesinfo.fr\/saintdieinfo\/2026\/04\/worldskills-parcours-maxime-portera-les-couleurs-du-lycee-deodatien-la-providence-a-marseille\/\"},\"wordCount\":231,\"commentCount\":0,\"publisher\":{\"@id\":\"https:\/\/vosgesinfo.fr\/saintdieinfo\/#organization\"},\"image\":{\"@id\":\"https:\/\/vosgesinfo.fr\/saintdieinfo\/2026\/04\/worldskills-parcours-maxime-portera-les-couleurs-du-lycee-deodatien-la-providence-a-marseille\/#primaryimage\"},\"thumbnailUrl\":\"https:\/\/vosgesinfo.fr\/app\/uploads\/sites\/4\/2026\/04\/maxime-1ere-rpip-la-providence-worldskills.jpg\",\"keywords\":[\"conception d\u2019affiche\",\"Grand Est\",\"lyc\u00e9e La Providence\",\"Marseille\",\"Maxime\",\"R\u00e9alisation de produits imprim\u00e9s et plurim\u00e9dia\",\"RPIP\",\"Saint-Di\u00e9-des-Vosges\",\"WorldSkills France Parcours+\"],\"articleSection\":[\"A la Une\",\"\u00c9ducation\",\"Saint-Di\u00e9-des-Vosges\"],\"inLanguage\":\"fr-FR\",\"potentialAction\":[{\"@type\":\"CommentAction\",\"name\":\"Comment\",\"target\":[\"https:\/\/vosgesinfo.fr\/saintdieinfo\/2026\/04\/worldskills-parcours-maxime-portera-les-couleurs-du-lycee-deodatien-la-providence-a-marseille\/#respond\"]}]},{\"@type\":\"WebPage\",\"@id\":\"https:\/\/vosgesinfo.fr\/saintdieinfo\/2026\/04\/worldskills-parcours-maxime-portera-les-couleurs-du-lycee-deodatien-la-providence-a-marseille\/\",\"url\":\"https:\/\/vosgesinfo.fr\/saintdieinfo\/2026\/04\/worldskills-parcours-maxime-portera-les-couleurs-du-lycee-deodatien-la-providence-a-marseille\/\",\"name\":\"WorldSkills Parcours+ : Maxime portera les couleurs du lyc\u00e9e d\u00e9odatien La Providence \u00e0 Marseille - Saint Die Info\",\"isPartOf\":{\"@id\":\"https:\/\/vosgesinfo.fr\/saintdieinfo\/#website\"},\"primaryImageOfPage\":{\"@id\":\"https:\/\/vosgesinfo.fr\/saintdieinfo\/2026\/04\/worldskills-parcours-maxime-portera-les-couleurs-du-lycee-deodatien-la-providence-a-marseille\/#primaryimage\"},\"image\":{\"@id\":\"https:\/\/vosgesinfo.fr\/saintdieinfo\/2026\/04\/worldskills-parcours-maxime-portera-les-couleurs-du-lycee-deodatien-la-providence-a-marseille\/#primaryimage\"},\"thumbnailUrl\":\"https:\/\/vosgesinfo.fr\/app\/uploads\/sites\/4\/2026\/04\/maxime-1ere-rpip-la-providence-worldskills.jpg\",\"datePublished\":\"2026-04-30T10:13:19+00:00\",\"dateModified\":\"2026-04-30T09:02:54+00:00\",\"breadcrumb\":{\"@id\":\"https:\/\/vosgesinfo.fr\/saintdieinfo\/2026\/04\/worldskills-parcours-maxime-portera-les-couleurs-du-lycee-deodatien-la-providence-a-marseille\/#breadcrumb\"},\"inLanguage\":\"fr-FR\",\"potentialAction\":[{\"@type\":\"ReadAction\",\"target\":[\"https:\/\/vosgesinfo.fr\/saintdieinfo\/2026\/04\/worldskills-parcours-maxime-portera-les-couleurs-du-lycee-deodatien-la-providence-a-marseille\/\"]}]},{\"@type\":\"ImageObject\",\"inLanguage\":\"fr-FR\",\"@id\":\"https:\/\/vosgesinfo.fr\/saintdieinfo\/2026\/04\/worldskills-parcours-maxime-portera-les-couleurs-du-lycee-deodatien-la-providence-a-marseille\/#primaryimage\",\"url\":\"https:\/\/vosgesinfo.fr\/app\/uploads\/sites\/4\/2026\/04\/maxime-1ere-rpip-la-providence-worldskills.jpg\",\"contentUrl\":\"https:\/\/vosgesinfo.fr\/app\/uploads\/sites\/4\/2026\/04\/maxime-1ere-rpip-la-providence-worldskills.jpg\",\"width\":1143,\"height\":858,\"caption\":\"(Photographie lyc\u00e9e Notre-Dame de La Providence\"},{\"@type\":\"BreadcrumbList\",\"@id\":\"https:\/\/vosgesinfo.fr\/saintdieinfo\/2026\/04\/worldskills-parcours-maxime-portera-les-couleurs-du-lycee-deodatien-la-providence-a-marseille\/#breadcrumb\",\"itemListElement\":[{\"@type\":\"ListItem\",\"position\":1,\"name\":\"Home\",\"item\":\"https:\/\/vosgesinfo.fr\/saintdieinfo\/\"},{\"@type\":\"ListItem\",\"position\":2,\"name\":\"WorldSkills Parcours+ : Maxime portera les couleurs du lyc\u00e9e d\u00e9odatien La Providence \u00e0 Marseille\"}]},{\"@type\":\"WebSite\",\"@id\":\"https:\/\/vosgesinfo.fr\/saintdieinfo\/#website\",\"url\":\"https:\/\/vosgesinfo.fr\/saintdieinfo\/\",\"name\":\"Saint Die Info\",\"description\":\"Toute l&#039;actualit\u00e9 de Saint-Di\u00e9-Des-Vosges\",\"publisher\":{\"@id\":\"https:\/\/vosgesinfo.fr\/saintdieinfo\/#organization\"},\"alternateName\":\"Toute l'actualit\u00e9 de Saint-Di\u00e9-Des-Vosges\",\"potentialAction\":[{\"@type\":\"SearchAction\",\"target\":{\"@type\":\"EntryPoint\",\"urlTemplate\":\"https:\/\/vosgesinfo.fr\/saintdieinfo\/?s={search_term_string}\"},\"query-input\":\"required name=search_term_string\"}],\"inLanguage\":\"fr-FR\"},{\"@type\":\"Organization\",\"@id\":\"https:\/\/vosgesinfo.fr\/saintdieinfo\/#organization\",\"name\":\"Saint Die Info\",\"url\":\"https:\/\/vosgesinfo.fr\/saintdieinfo\/\",\"logo\":{\"@type\":\"ImageObject\",\"inLanguage\":\"fr-FR\",\"@id\":\"https:\/\/vosgesinfo.fr\/saintdieinfo\/#\/schema\/logo\/image\/\",\"url\":\"https:\/\/vosgesinfo.fr\/app\/uploads\/sites\/4\/2024\/02\/logo-sdi.jpg\",\"contentUrl\":\"https:\/\/vosgesinfo.fr\/app\/uploads\/sites\/4\/2024\/02\/logo-sdi.jpg\",\"width\":600,\"height\":600,\"caption\":\"Saint Die Info\"},\"image\":{\"@id\":\"https:\/\/vosgesinfo.fr\/saintdieinfo\/#\/schema\/logo\/image\/\"},\"sameAs\":[\"https:\/\/www.facebook.com\/Saintdieinfofr\",\"https:\/\/x.com\/VosgesInfo88\",\"https:\/\/www.youtube.com\/@vosgesinfo\"]},{\"@type\":\"Person\",\"@id\":\"https:\/\/vosgesinfo.fr\/saintdieinfo\/#\/schema\/person\/fa73e9f726d67bb88f46d5b7943cb572\",\"name\":\"J.J.\",\"image\":{\"@type\":\"ImageObject\",\"inLanguage\":\"fr-FR\",\"@id\":\"https:\/\/vosgesinfo.fr\/saintdieinfo\/#\/schema\/person\/image\/\",\"url\":\"https:\/\/secure.gravatar.com\/avatar\/219e749e47ffbcca018a360ae4add7d4cdf1cdaaf8bc7676b27efade3fe65615?s=96&d=mm&r=g\",\"contentUrl\":\"https:\/\/secure.gravatar.com\/avatar\/219e749e47ffbcca018a360ae4add7d4cdf1cdaaf8bc7676b27efade3fe65615?s=96&d=mm&r=g\",\"caption\":\"J.J.\"},\"url\":\"https:\/\/vosgesinfo.fr\/saintdieinfo\/author\/j-j\/\"}]}<\/script>\n<!-- \/ Yoast SEO plugin. -->","yoast_head_json":{"title":"WorldSkills Parcours+ : Maxime portera les couleurs du lyc\u00e9e d\u00e9odatien La Providence \u00e0 Marseille - Saint Die Info","robots":{"index":"index","follow":"follow","max-snippet":"max-snippet:-1","max-image-preview":"max-image-preview:large","max-video-preview":"max-video-preview:-1"},"canonical":"https:\/\/vosgesinfo.fr\/saintdieinfo\/2026\/04\/worldskills-parcours-maxime-portera-les-couleurs-du-lycee-deodatien-la-providence-a-marseille\/","twitter_card":"summary_large_image","twitter_title":"WorldSkills Parcours+ : Maxime portera les couleurs du lyc\u00e9e d\u00e9odatien La Providence \u00e0 Marseille - Saint Die Info","twitter_description":"Maxime, \u00e9l\u00e8ve en 1re dans la section R\u00e9alisation de produits imprim\u00e9s et plurim\u00e9dia \u2013 RPIP \u2013 du lyc\u00e9e La Providence [&hellip;]","twitter_image":"https:\/\/vosgesinfo.fr\/app\/uploads\/sites\/4\/2026\/04\/maxime-1ere-rpip-la-providence-worldskills.jpg","twitter_creator":"@VosgesInfo88","twitter_site":"@VosgesInfo88","twitter_misc":{"\u00c9crit par":"J.J.","Dur\u00e9e de lecture estim\u00e9e":"2 minutes"},"schema":{"@context":"https:\/\/schema.org","@graph":[{"@type":"Article","@id":"https:\/\/vosgesinfo.fr\/saintdieinfo\/2026\/04\/worldskills-parcours-maxime-portera-les-couleurs-du-lycee-deodatien-la-providence-a-marseille\/#article","isPartOf":{"@id":"https:\/\/vosgesinfo.fr\/saintdieinfo\/2026\/04\/worldskills-parcours-maxime-portera-les-couleurs-du-lycee-deodatien-la-providence-a-marseille\/"},"author":{"name":"J.J.","@id":"https:\/\/vosgesinfo.fr\/saintdieinfo\/#\/schema\/person\/fa73e9f726d67bb88f46d5b7943cb572"},"headline":"WorldSkills Parcours+ : Maxime portera les couleurs du lyc\u00e9e d\u00e9odatien La Providence \u00e0 Marseille","datePublished":"2026-04-30T10:13:19+00:00","dateModified":"2026-04-30T09:02:54+00:00","mainEntityOfPage":{"@id":"https:\/\/vosgesinfo.fr\/saintdieinfo\/2026\/04\/worldskills-parcours-maxime-portera-les-couleurs-du-lycee-deodatien-la-providence-a-marseille\/"},"wordCount":231,"commentCount":0,"publisher":{"@id":"https:\/\/vosgesinfo.fr\/saintdieinfo\/#organization"},"image":{"@id":"https:\/\/vosgesinfo.fr\/saintdieinfo\/2026\/04\/worldskills-parcours-maxime-portera-les-couleurs-du-lycee-deodatien-la-providence-a-marseille\/#primaryimage"},"thumbnailUrl":"https:\/\/vosgesinfo.fr\/app\/uploads\/sites\/4\/2026\/04\/maxime-1ere-rpip-la-providence-worldskills.jpg","keywords":["conception d\u2019affiche","Grand Est","lyc\u00e9e La Providence","Marseille","Maxime","R\u00e9alisation de produits imprim\u00e9s et plurim\u00e9dia","RPIP","Saint-Di\u00e9-des-Vosges","WorldSkills France Parcours+"],"articleSection":["A la Une","\u00c9ducation","Saint-Di\u00e9-des-Vosges"],"inLanguage":"fr-FR","potentialAction":[{"@type":"CommentAction","name":"Comment","target":["https:\/\/vosgesinfo.fr\/saintdieinfo\/2026\/04\/worldskills-parcours-maxime-portera-les-couleurs-du-lycee-deodatien-la-providence-a-marseille\/#respond"]}]},{"@type":"WebPage","@id":"https:\/\/vosgesinfo.fr\/saintdieinfo\/2026\/04\/worldskills-parcours-maxime-portera-les-couleurs-du-lycee-deodatien-la-providence-a-marseille\/","url":"https:\/\/vosgesinfo.fr\/saintdieinfo\/2026\/04\/worldskills-parcours-maxime-portera-les-couleurs-du-lycee-deodatien-la-providence-a-marseille\/","name":"WorldSkills Parcours+ : Maxime portera les couleurs du lyc\u00e9e d\u00e9odatien La Providence \u00e0 Marseille - Saint Die Info","isPartOf":{"@id":"https:\/\/vosgesinfo.fr\/saintdieinfo\/#website"},"primaryImageOfPage":{"@id":"https:\/\/vosgesinfo.fr\/saintdieinfo\/2026\/04\/worldskills-parcours-maxime-portera-les-couleurs-du-lycee-deodatien-la-providence-a-marseille\/#primaryimage"},"image":{"@id":"https:\/\/vosgesinfo.fr\/saintdieinfo\/2026\/04\/worldskills-parcours-maxime-portera-les-couleurs-du-lycee-deodatien-la-providence-a-marseille\/#primaryimage"},"thumbnailUrl":"https:\/\/vosgesinfo.fr\/app\/uploads\/sites\/4\/2026\/04\/maxime-1ere-rpip-la-providence-worldskills.jpg","datePublished":"2026-04-30T10:13:19+00:00","dateModified":"2026-04-30T09:02:54+00:00","breadcrumb":{"@id":"https:\/\/vosgesinfo.fr\/saintdieinfo\/2026\/04\/worldskills-parcours-maxime-portera-les-couleurs-du-lycee-deodatien-la-providence-a-marseille\/#breadcrumb"},"inLanguage":"fr-FR","potentialAction":[{"@type":"ReadAction","target":["https:\/\/vosgesinfo.fr\/saintdieinfo\/2026\/04\/worldskills-parcours-maxime-portera-les-couleurs-du-lycee-deodatien-la-providence-a-marseille\/"]}]},{"@type":"ImageObject","inLanguage":"fr-FR","@id":"https:\/\/vosgesinfo.fr\/saintdieinfo\/2026\/04\/worldskills-parcours-maxime-portera-les-couleurs-du-lycee-deodatien-la-providence-a-marseille\/#primaryimage","url":"https:\/\/vosgesinfo.fr\/app\/uploads\/sites\/4\/2026\/04\/maxime-1ere-rpip-la-providence-worldskills.jpg","contentUrl":"https:\/\/vosgesinfo.fr\/app\/uploads\/sites\/4\/2026\/04\/maxime-1ere-rpip-la-providence-worldskills.jpg","width":1143,"height":858,"caption":"(Photographie lyc\u00e9e Notre-Dame de La Providence"},{"@type":"BreadcrumbList","@id":"https:\/\/vosgesinfo.fr\/saintdieinfo\/2026\/04\/worldskills-parcours-maxime-portera-les-couleurs-du-lycee-deodatien-la-providence-a-marseille\/#breadcrumb","itemListElement":[{"@type":"ListItem","position":1,"name":"Home","item":"https:\/\/vosgesinfo.fr\/saintdieinfo\/"},{"@type":"ListItem","position":2,"name":"WorldSkills Parcours+ : Maxime portera les couleurs du lyc\u00e9e d\u00e9odatien La Providence \u00e0 Marseille"}]},{"@type":"WebSite","@id":"https:\/\/vosgesinfo.fr\/saintdieinfo\/#website","url":"https:\/\/vosgesinfo.fr\/saintdieinfo\/","name":"Saint Die Info","description":"Toute l&#039;actualit\u00e9 de Saint-Di\u00e9-Des-Vosges","publisher":{"@id":"https:\/\/vosgesinfo.fr\/saintdieinfo\/#organization"},"alternateName":"Toute l'actualit\u00e9 de Saint-Di\u00e9-Des-Vosges","potentialAction":[{"@type":"SearchAction","target":{"@type":"EntryPoint","urlTemplate":"https:\/\/vosgesinfo.fr\/saintdieinfo\/?s={search_term_string}"},"query-input":"required name=search_term_string"}],"inLanguage":"fr-FR"},{"@type":"Organization","@id":"https:\/\/vosgesinfo.fr\/saintdieinfo\/#organization","name":"Saint Die Info","url":"https:\/\/vosgesinfo.fr\/saintdieinfo\/","logo":{"@type":"ImageObject","inLanguage":"fr-FR","@id":"https:\/\/vosgesinfo.fr\/saintdieinfo\/#\/schema\/logo\/image\/","url":"https:\/\/vosgesinfo.fr\/app\/uploads\/sites\/4\/2024\/02\/logo-sdi.jpg","contentUrl":"https:\/\/vosgesinfo.fr\/app\/uploads\/sites\/4\/2024\/02\/logo-sdi.jpg","width":600,"height":600,"caption":"Saint Die Info"},"image":{"@id":"https:\/\/vosgesinfo.fr\/saintdieinfo\/#\/schema\/logo\/image\/"},"sameAs":["https:\/\/www.facebook.com\/Saintdieinfofr","https:\/\/x.com\/VosgesInfo88","https:\/\/www.youtube.com\/@vosgesinfo"]},{"@type":"Person","@id":"https:\/\/vosgesinfo.fr\/saintdieinfo\/#\/schema\/person\/fa73e9f726d67bb88f46d5b7943cb572","name":"J.J.","image":{"@type":"ImageObject","inLanguage":"fr-FR","@id":"https:\/\/vosgesinfo.fr\/saintdieinfo\/#\/schema\/person\/image\/","url":"https:\/\/secure.gravatar.com\/avatar\/219e749e47ffbcca018a360ae4add7d4cdf1cdaaf8bc7676b27efade3fe65615?s=96&d=mm&r=g","contentUrl":"https:\/\/secure.gravatar.com\/avatar\/219e749e47ffbcca018a360ae4add7d4cdf1cdaaf8bc7676b27efade3fe65615?s=96&d=mm&r=g","caption":"J.J."},"url":"https:\/\/vosgesinfo.fr\/saintdieinfo\/author\/j-j\/"}]}},"_links":{"self":[{"href":"https:\/\/vosgesinfo.fr\/saintdieinfo\/wp-json\/wp\/v2\/posts\/90871","targetHints":{"allow":["GET"]}}],"collection":[{"href":"https:\/\/vosgesinfo.fr\/saintdieinfo\/wp-json\/wp\/v2\/posts"}],"about":[{"href":"https:\/\/vosgesinfo.fr\/saintdieinfo\/wp-json\/wp\/v2\/types\/post"}],"author":[{"embeddable":true,"href":"https:\/\/vosgesinfo.fr\/saintdieinfo\/wp-json\/wp\/v2\/users\/46"}],"replies":[{"embeddable":true,"href":"https:\/\/vosgesinfo.fr\/saintdieinfo\/wp-json\/wp\/v2\/comments?post=90871"}],"version-history":[{"count":2,"href":"https:\/\/vosgesinfo.fr\/saintdieinfo\/wp-json\/wp\/v2\/posts\/90871\/revisions"}],"predecessor-version":[{"id":90874,"href":"https:\/\/vosgesinfo.fr\/saintdieinfo\/wp-json\/wp\/v2\/posts\/90871\/revisions\/90874"}],"wp:featuredmedia":[{"embeddable":true,"href":"https:\/\/vosgesinfo.fr\/saintdieinfo\/wp-json\/wp\/v2\/media\/90872"}],"wp:attachment":[{"href":"https:\/\/vosgesinfo.fr\/saintdieinfo\/wp-json\/wp\/v2\/media?parent=90871"}],"wp:term":[{"taxonomy":"category","embeddable":true,"href":"https:\/\/vosgesinfo.fr\/saintdieinfo\/wp-json\/wp\/v2\/categories?post=90871"},{"taxonomy":"post_tag","embeddable":true,"href":"https:\/\/vosgesinfo.fr\/saintdieinfo\/wp-json\/wp\/v2\/tags?post=90871"}],"curies":[{"name":"wp","href":"https:\/\/api.w.org\/{rel}","templated":true}]}}